{"id":25228,"date":"2020-06-07T18:34:32","date_gmt":"2020-06-07T21:34:32","guid":{"rendered":"http:\/\/noticiasemdestaque.com\/cd\/?p=25228"},"modified":"2020-06-07T18:34:32","modified_gmt":"2020-06-07T21:34:32","slug":"pb-confirma-523-novos-casos-e-chega-a-20-310-infectados-por-coronavirus","status":"publish","type":"post","link":"https:\/\/noticiasemdestaque.com\/cd\/?p=25228","title":{"rendered":"PB confirma 523 novos casos e chega a 20.310 infectados por coronav\u00edrus"},"content":{"rendered":"<p><a href=\"https:\/\/noticiasemdestaque.com\/cd\/wp-content\/uploads\/2020\/06\/corona-5174671_1920-696x464.jpg\"><img fetchpriority=\"high\" decoding=\"async\" class=\"wp-image-25229 aligncenter\" src=\"https:\/\/noticiasemdestaque.com\/cd\/wp-content\/uploads\/2020\/06\/corona-5174671_1920-696x464.jpg\" alt=\"\" width=\"425\" height=\"283\" srcset=\"https:\/\/noticiasemdestaque.com\/cd\/wp-content\/uploads\/2020\/06\/corona-5174671_1920-696x464.jpg 696w, https:\/\/noticiasemdestaque.com\/cd\/wp-content\/uploads\/2020\/06\/corona-5174671_1920-696x464-300x200.jpg 300w, https:\/\/noticiasemdestaque.com\/cd\/wp-content\/uploads\/2020\/06\/corona-5174671_1920-696x464-480x320.jpg 480w\" sizes=\"(max-width: 425px) 100vw, 425px\" \/><\/a><\/p>\n<p>A Para\u00edba contabilizou, nas \u00faltimas 24 horas, mais 523 casos confirmados de Covid-19, totalizando 20.310. O n\u00famero de \u00f3bitos em decorr\u00eancia da infec\u00e7\u00e3o causada pelo novo coronav\u00edrus saltou de 467 para 484 entre esse s\u00e1bado (6) e domingo (7). Os dados foram divulgados pela Secretaria de Estado da Sa\u00fade (SES).<\/p>\n<p><strong>Resumo | \u00daltimas 24h na Para\u00edba<\/strong><\/p>\n<p>Confirmados: 20.310 (eram: 19.787)<br \/>\nDescartados: 20.341 (eram: 20.333)<br \/>\nCidades atingidas: 206 (sem altera\u00e7\u00e3o)<\/p>\n<p><strong>Dentre os casos confirmados:<\/strong><\/p>\n<p>Internados: 901 (eram: 528)<br \/>\nIsolados em casa: 14.689 (eram: 14.604)<br \/>\nRecuperados: 4.236 (eram 4.188)<br \/>\nMortos: 484 (eram: 467)<\/p>\n<p>Mortos<\/p>\n<p>Dos 17 \u00f3bitos confirmados neste domingo pela SES, quatro ocorreram nas \u00faltimas 24h. As v\u00edtimas tinha idade entre 41 e 87 anos. Seis delas n\u00e3o possu\u00edam, ou n\u00e3o informaram \u00e0s autoridades de sa\u00fade, comorbidades.<\/p>\n<p>Ocupa\u00e7\u00e3o de leitos<\/p>\n<p>A ocupa\u00e7\u00e3o de leitos de Unidade de Terapia Intensiva (UTI) adulto, pedi\u00e1trico e obst\u00e9trico em todo o estado \u00e9 de 69%. Se for feito um recorte apenas dos leitos de UTI para adultos na Regi\u00e3o Metropolitana de Jo\u00e3o Pessoa, 82% est\u00e3o ocupados. Em Campina Grande, est\u00e3o ocupados 68% de leitos de UTI adulto e, no Sert\u00e3o, 68%.<\/p>\n<p><strong><em>Not\u00edcias em Destaque<\/em><\/strong><\/p>\n<p>Com Portal Correio<\/p>\n","protected":false},"excerpt":{"rendered":"<p>A Para\u00edba contabilizou, nas \u00faltimas 24 horas, mais 523 casos confirmados de Covid-19, totalizando 20.310. O n\u00famero de \u00f3bitos em decorr\u00eancia da infec\u00e7\u00e3o causada pelo novo coronav\u00edrus saltou de 467 para 484 entre esse s\u00e1bado (6) e domingo (7). Os dados foram divulgados pela Secretaria de Estado da Sa\u00fade (SES). Resumo | \u00daltimas 24h na Para\u00edba Confirmados: 20.310 (eram: 19.787) Descartados: 20.341 (eram: 20.333) Cidades atingidas: 206 (sem altera\u00e7\u00e3o) Dentre os casos confirmados: Internados: 901 (eram: 528) Isolados em casa: 14.689 (eram: 14.604) Recuperados: 4.236 (eram 4.188) Mortos: 484 (eram: 467) Mortos Dos 17 \u00f3bitos confirmados neste domingo pela SES, quatro ocorreram nas \u00faltimas 24h. As v\u00edtimas tinha idade entre 41 e 87 anos. Seis delas n\u00e3o possu\u00edam, ou n\u00e3o informaram \u00e0s autoridades de sa\u00fade, comorbidades. Ocupa\u00e7\u00e3o de leitos A ocupa\u00e7\u00e3o de leitos de Unidade de Terapia Intensiva (UTI) adulto, pedi\u00e1trico e obst\u00e9trico em todo o estado \u00e9 de 69%. Se for feito um recorte apenas dos leitos de UTI para adultos na Regi\u00e3o Metropolitana de Jo\u00e3o Pessoa, 82% est\u00e3o ocupados. Em Campina Grande, est\u00e3o ocupados 68% de leitos de UTI adulto e, no Sert\u00e3o, 68%. Not\u00edcias em Destaque Com Portal Correio<\/p>\n","protected":false},"author":2,"featured_media":25229,"comment_status":"closed","ping_status":"open","sticky":false,"template":"","format":"standard","meta":{"_eb_attr":"","_jetpack_memberships_contains_paid_content":false,"footnotes":""},"categories":[8],"tags":[],"class_list":["post-25228","post","type-post","status-publish","format-standard","has-post-thumbnail","hentry","category-saude"],"yoast_head":"<!-- This site is optimized with the Yoast SEO plugin v26.5 - https:\/\/yoast.com\/wordpress\/plugins\/seo\/ -->\n<title>PB confirma 523 novos casos e chega a 20.310 infectados por coronav\u00edrus - Not&iacute;cias em Destaque<\/title>\n<meta name=\"robots\" content=\"index, follow, max-snippet:-1, max-image-preview:large, max-video-preview:-1\" \/>\n<link rel=\"canonical\" href=\"https:\/\/noticiasemdestaque.com\/cd\/?p=25228\" \/>\n<meta property=\"og:locale\" content=\"pt_BR\" \/>\n<meta property=\"og:type\" content=\"article\" \/>\n<meta property=\"og:title\" content=\"PB confirma 523 novos casos e chega a 20.310 infectados por coronav\u00edrus - Not&iacute;cias em Destaque\" \/>\n<meta property=\"og:description\" content=\"A Para\u00edba contabilizou, nas \u00faltimas 24 horas, mais 523 casos confirmados de Covid-19, totalizando 20.310. O n\u00famero de \u00f3bitos em decorr\u00eancia da infec\u00e7\u00e3o causada pelo novo coronav\u00edrus saltou de 467 para 484 entre esse s\u00e1bado (6) e domingo (7). Os dados foram divulgados pela Secretaria de Estado da Sa\u00fade (SES). Resumo | \u00daltimas 24h na Para\u00edba Confirmados: 20.310 (eram: 19.787) Descartados: 20.341 (eram: 20.333) Cidades atingidas: 206 (sem altera\u00e7\u00e3o) Dentre os casos confirmados: Internados: 901 (eram: 528) Isolados em casa: 14.689 (eram: 14.604) Recuperados: 4.236 (eram 4.188) Mortos: 484 (eram: 467) Mortos Dos 17 \u00f3bitos confirmados neste domingo pela SES, quatro ocorreram nas \u00faltimas 24h. As v\u00edtimas tinha idade entre 41 e 87 anos. Seis delas n\u00e3o possu\u00edam, ou n\u00e3o informaram \u00e0s autoridades de sa\u00fade, comorbidades. Ocupa\u00e7\u00e3o de leitos A ocupa\u00e7\u00e3o de leitos de Unidade de Terapia Intensiva (UTI) adulto, pedi\u00e1trico e obst\u00e9trico em todo o estado \u00e9 de 69%. Se for feito um recorte apenas dos leitos de UTI para adultos na Regi\u00e3o Metropolitana de Jo\u00e3o Pessoa, 82% est\u00e3o ocupados. Em Campina Grande, est\u00e3o ocupados 68% de leitos de UTI adulto e, no Sert\u00e3o, 68%. Not\u00edcias em Destaque Com Portal Correio\" \/>\n<meta property=\"og:url\" content=\"https:\/\/noticiasemdestaque.com\/cd\/?p=25228\" \/>\n<meta property=\"og:site_name\" content=\"Not&iacute;cias em Destaque\" \/>\n<meta property=\"article:published_time\" content=\"2020-06-07T21:34:32+00:00\" \/>\n<meta property=\"og:image\" content=\"https:\/\/noticiasemdestaque.com\/cd\/wp-content\/uploads\/2020\/06\/corona-5174671_1920-696x464.jpg\" \/>\n\t<meta property=\"og:image:width\" content=\"696\" \/>\n\t<meta property=\"og:image:height\" content=\"464\" \/>\n\t<meta property=\"og:image:type\" content=\"image\/jpeg\" \/>\n<meta name=\"author\" content=\"Not\u00edcias em Destaque\" \/>\n<meta name=\"twitter:card\" content=\"summary_large_image\" \/>\n<meta name=\"twitter:label1\" content=\"Escrito por\" \/>\n\t<meta name=\"twitter:data1\" content=\"Not\u00edcias em Destaque\" \/>\n\t<meta name=\"twitter:label2\" content=\"Est. tempo de leitura\" \/>\n\t<meta name=\"twitter:data2\" content=\"1 minuto\" \/>\n<script type=\"application\/ld+json\" class=\"yoast-schema-graph\">{\"@context\":\"https:\/\/schema.org\",\"@graph\":[{\"@type\":\"Article\",\"@id\":\"https:\/\/noticiasemdestaque.com\/cd\/?p=25228#article\",\"isPartOf\":{\"@id\":\"https:\/\/noticiasemdestaque.com\/cd\/?p=25228\"},\"author\":{\"name\":\"Not\u00edcias em Destaque\",\"@id\":\"https:\/\/noticiasemdestaque.com\/cd\/#\/schema\/person\/21320b03a7e8bb90128938dafc9b908a\"},\"headline\":\"PB confirma 523 novos casos e chega a 20.310 infectados por coronav\u00edrus\",\"datePublished\":\"2020-06-07T21:34:32+00:00\",\"mainEntityOfPage\":{\"@id\":\"https:\/\/noticiasemdestaque.com\/cd\/?p=25228\"},\"wordCount\":198,\"publisher\":{\"@id\":\"https:\/\/noticiasemdestaque.com\/cd\/#organization\"},\"image\":{\"@id\":\"https:\/\/noticiasemdestaque.com\/cd\/?p=25228#primaryimage\"},\"thumbnailUrl\":\"https:\/\/noticiasemdestaque.com\/cd\/wp-content\/uploads\/2020\/06\/corona-5174671_1920-696x464.jpg\",\"articleSection\":[\"Sa\u00fade\"],\"inLanguage\":\"pt-BR\"},{\"@type\":\"WebPage\",\"@id\":\"https:\/\/noticiasemdestaque.com\/cd\/?p=25228\",\"url\":\"https:\/\/noticiasemdestaque.com\/cd\/?p=25228\",\"name\":\"PB confirma 523 novos casos e chega a 20.310 infectados por coronav\u00edrus - Not&iacute;cias em Destaque\",\"isPartOf\":{\"@id\":\"https:\/\/noticiasemdestaque.com\/cd\/#website\"},\"primaryImageOfPage\":{\"@id\":\"https:\/\/noticiasemdestaque.com\/cd\/?p=25228#primaryimage\"},\"image\":{\"@id\":\"https:\/\/noticiasemdestaque.com\/cd\/?p=25228#primaryimage\"},\"thumbnailUrl\":\"https:\/\/noticiasemdestaque.com\/cd\/wp-content\/uploads\/2020\/06\/corona-5174671_1920-696x464.jpg\",\"datePublished\":\"2020-06-07T21:34:32+00:00\",\"breadcrumb\":{\"@id\":\"https:\/\/noticiasemdestaque.com\/cd\/?p=25228#breadcrumb\"},\"inLanguage\":\"pt-BR\",\"potentialAction\":[{\"@type\":\"ReadAction\",\"target\":[\"https:\/\/noticiasemdestaque.com\/cd\/?p=25228\"]}]},{\"@type\":\"ImageObject\",\"inLanguage\":\"pt-BR\",\"@id\":\"https:\/\/noticiasemdestaque.com\/cd\/?p=25228#primaryimage\",\"url\":\"https:\/\/noticiasemdestaque.com\/cd\/wp-content\/uploads\/2020\/06\/corona-5174671_1920-696x464.jpg\",\"contentUrl\":\"https:\/\/noticiasemdestaque.com\/cd\/wp-content\/uploads\/2020\/06\/corona-5174671_1920-696x464.jpg\",\"width\":696,\"height\":464},{\"@type\":\"BreadcrumbList\",\"@id\":\"https:\/\/noticiasemdestaque.com\/cd\/?p=25228#breadcrumb\",\"itemListElement\":[{\"@type\":\"ListItem\",\"position\":1,\"name\":\"In\u00edcio\",\"item\":\"https:\/\/noticiasemdestaque.com\/cd\/\"},{\"@type\":\"ListItem\",\"position\":2,\"name\":\"PB confirma 523 novos casos e chega a 20.310 infectados por coronav\u00edrus\"}]},{\"@type\":\"WebSite\",\"@id\":\"https:\/\/noticiasemdestaque.com\/cd\/#website\",\"url\":\"https:\/\/noticiasemdestaque.com\/cd\/\",\"name\":\"Not&iacute;cias em Destaque\",\"description\":\"\",\"publisher\":{\"@id\":\"https:\/\/noticiasemdestaque.com\/cd\/#organization\"},\"potentialAction\":[{\"@type\":\"SearchAction\",\"target\":{\"@type\":\"EntryPoint\",\"urlTemplate\":\"https:\/\/noticiasemdestaque.com\/cd\/?s={search_term_string}\"},\"query-input\":{\"@type\":\"PropertyValueSpecification\",\"valueRequired\":true,\"valueName\":\"search_term_string\"}}],\"inLanguage\":\"pt-BR\"},{\"@type\":\"Organization\",\"@id\":\"https:\/\/noticiasemdestaque.com\/cd\/#organization\",\"name\":\"Not\u00edcias em Destaque\",\"url\":\"https:\/\/noticiasemdestaque.com\/cd\/\",\"logo\":{\"@type\":\"ImageObject\",\"inLanguage\":\"pt-BR\",\"@id\":\"https:\/\/noticiasemdestaque.com\/cd\/#\/schema\/logo\/image\/\",\"url\":\"https:\/\/noticiasemdestaque.com\/cd\/wp-content\/uploads\/2022\/05\/imagem-base-noticiasemdestaque.png\",\"contentUrl\":\"https:\/\/noticiasemdestaque.com\/cd\/wp-content\/uploads\/2022\/05\/imagem-base-noticiasemdestaque.png\",\"width\":1200,\"height\":630,\"caption\":\"Not\u00edcias em Destaque\"},\"image\":{\"@id\":\"https:\/\/noticiasemdestaque.com\/cd\/#\/schema\/logo\/image\/\"}},{\"@type\":\"Person\",\"@id\":\"https:\/\/noticiasemdestaque.com\/cd\/#\/schema\/person\/21320b03a7e8bb90128938dafc9b908a\",\"name\":\"Not\u00edcias em Destaque\",\"url\":\"https:\/\/noticiasemdestaque.com\/cd\/?author=2\"}]}<\/script>\n<!-- \/ Yoast SEO plugin. -->","yoast_head_json":{"title":"PB confirma 523 novos casos e chega a 20.310 infectados por coronav\u00edrus - Not&iacute;cias em Destaque","robots":{"index":"index","follow":"follow","max-snippet":"max-snippet:-1","max-image-preview":"max-image-preview:large","max-video-preview":"max-video-preview:-1"},"canonical":"https:\/\/noticiasemdestaque.com\/cd\/?p=25228","og_locale":"pt_BR","og_type":"article","og_title":"PB confirma 523 novos casos e chega a 20.310 infectados por coronav\u00edrus - Not&iacute;cias em Destaque","og_description":"A Para\u00edba contabilizou, nas \u00faltimas 24 horas, mais 523 casos confirmados de Covid-19, totalizando 20.310. O n\u00famero de \u00f3bitos em decorr\u00eancia da infec\u00e7\u00e3o causada pelo novo coronav\u00edrus saltou de 467 para 484 entre esse s\u00e1bado (6) e domingo (7). Os dados foram divulgados pela Secretaria de Estado da Sa\u00fade (SES). Resumo | \u00daltimas 24h na Para\u00edba Confirmados: 20.310 (eram: 19.787) Descartados: 20.341 (eram: 20.333) Cidades atingidas: 206 (sem altera\u00e7\u00e3o) Dentre os casos confirmados: Internados: 901 (eram: 528) Isolados em casa: 14.689 (eram: 14.604) Recuperados: 4.236 (eram 4.188) Mortos: 484 (eram: 467) Mortos Dos 17 \u00f3bitos confirmados neste domingo pela SES, quatro ocorreram nas \u00faltimas 24h. As v\u00edtimas tinha idade entre 41 e 87 anos. Seis delas n\u00e3o possu\u00edam, ou n\u00e3o informaram \u00e0s autoridades de sa\u00fade, comorbidades. Ocupa\u00e7\u00e3o de leitos A ocupa\u00e7\u00e3o de leitos de Unidade de Terapia Intensiva (UTI) adulto, pedi\u00e1trico e obst\u00e9trico em todo o estado \u00e9 de 69%. Se for feito um recorte apenas dos leitos de UTI para adultos na Regi\u00e3o Metropolitana de Jo\u00e3o Pessoa, 82% est\u00e3o ocupados. Em Campina Grande, est\u00e3o ocupados 68% de leitos de UTI adulto e, no Sert\u00e3o, 68%. Not\u00edcias em Destaque Com Portal Correio","og_url":"https:\/\/noticiasemdestaque.com\/cd\/?p=25228","og_site_name":"Not&iacute;cias em Destaque","article_published_time":"2020-06-07T21:34:32+00:00","og_image":[{"width":696,"height":464,"url":"https:\/\/noticiasemdestaque.com\/cd\/wp-content\/uploads\/2020\/06\/corona-5174671_1920-696x464.jpg","type":"image\/jpeg"}],"author":"Not\u00edcias em Destaque","twitter_card":"summary_large_image","twitter_misc":{"Escrito por":"Not\u00edcias em Destaque","Est. tempo de leitura":"1 minuto"},"schema":{"@context":"https:\/\/schema.org","@graph":[{"@type":"Article","@id":"https:\/\/noticiasemdestaque.com\/cd\/?p=25228#article","isPartOf":{"@id":"https:\/\/noticiasemdestaque.com\/cd\/?p=25228"},"author":{"name":"Not\u00edcias em Destaque","@id":"https:\/\/noticiasemdestaque.com\/cd\/#\/schema\/person\/21320b03a7e8bb90128938dafc9b908a"},"headline":"PB confirma 523 novos casos e chega a 20.310 infectados por coronav\u00edrus","datePublished":"2020-06-07T21:34:32+00:00","mainEntityOfPage":{"@id":"https:\/\/noticiasemdestaque.com\/cd\/?p=25228"},"wordCount":198,"publisher":{"@id":"https:\/\/noticiasemdestaque.com\/cd\/#organization"},"image":{"@id":"https:\/\/noticiasemdestaque.com\/cd\/?p=25228#primaryimage"},"thumbnailUrl":"https:\/\/noticiasemdestaque.com\/cd\/wp-content\/uploads\/2020\/06\/corona-5174671_1920-696x464.jpg","articleSection":["Sa\u00fade"],"inLanguage":"pt-BR"},{"@type":"WebPage","@id":"https:\/\/noticiasemdestaque.com\/cd\/?p=25228","url":"https:\/\/noticiasemdestaque.com\/cd\/?p=25228","name":"PB confirma 523 novos casos e chega a 20.310 infectados por coronav\u00edrus - Not&iacute;cias em Destaque","isPartOf":{"@id":"https:\/\/noticiasemdestaque.com\/cd\/#website"},"primaryImageOfPage":{"@id":"https:\/\/noticiasemdestaque.com\/cd\/?p=25228#primaryimage"},"image":{"@id":"https:\/\/noticiasemdestaque.com\/cd\/?p=25228#primaryimage"},"thumbnailUrl":"https:\/\/noticiasemdestaque.com\/cd\/wp-content\/uploads\/2020\/06\/corona-5174671_1920-696x464.jpg","datePublished":"2020-06-07T21:34:32+00:00","breadcrumb":{"@id":"https:\/\/noticiasemdestaque.com\/cd\/?p=25228#breadcrumb"},"inLanguage":"pt-BR","potentialAction":[{"@type":"ReadAction","target":["https:\/\/noticiasemdestaque.com\/cd\/?p=25228"]}]},{"@type":"ImageObject","inLanguage":"pt-BR","@id":"https:\/\/noticiasemdestaque.com\/cd\/?p=25228#primaryimage","url":"https:\/\/noticiasemdestaque.com\/cd\/wp-content\/uploads\/2020\/06\/corona-5174671_1920-696x464.jpg","contentUrl":"https:\/\/noticiasemdestaque.com\/cd\/wp-content\/uploads\/2020\/06\/corona-5174671_1920-696x464.jpg","width":696,"height":464},{"@type":"BreadcrumbList","@id":"https:\/\/noticiasemdestaque.com\/cd\/?p=25228#breadcrumb","itemListElement":[{"@type":"ListItem","position":1,"name":"In\u00edcio","item":"https:\/\/noticiasemdestaque.com\/cd\/"},{"@type":"ListItem","position":2,"name":"PB confirma 523 novos casos e chega a 20.310 infectados por coronav\u00edrus"}]},{"@type":"WebSite","@id":"https:\/\/noticiasemdestaque.com\/cd\/#website","url":"https:\/\/noticiasemdestaque.com\/cd\/","name":"Not&iacute;cias em Destaque","description":"","publisher":{"@id":"https:\/\/noticiasemdestaque.com\/cd\/#organization"},"potentialAction":[{"@type":"SearchAction","target":{"@type":"EntryPoint","urlTemplate":"https:\/\/noticiasemdestaque.com\/cd\/?s={search_term_string}"},"query-input":{"@type":"PropertyValueSpecification","valueRequired":true,"valueName":"search_term_string"}}],"inLanguage":"pt-BR"},{"@type":"Organization","@id":"https:\/\/noticiasemdestaque.com\/cd\/#organization","name":"Not\u00edcias em Destaque","url":"https:\/\/noticiasemdestaque.com\/cd\/","logo":{"@type":"ImageObject","inLanguage":"pt-BR","@id":"https:\/\/noticiasemdestaque.com\/cd\/#\/schema\/logo\/image\/","url":"https:\/\/noticiasemdestaque.com\/cd\/wp-content\/uploads\/2022\/05\/imagem-base-noticiasemdestaque.png","contentUrl":"https:\/\/noticiasemdestaque.com\/cd\/wp-content\/uploads\/2022\/05\/imagem-base-noticiasemdestaque.png","width":1200,"height":630,"caption":"Not\u00edcias em Destaque"},"image":{"@id":"https:\/\/noticiasemdestaque.com\/cd\/#\/schema\/logo\/image\/"}},{"@type":"Person","@id":"https:\/\/noticiasemdestaque.com\/cd\/#\/schema\/person\/21320b03a7e8bb90128938dafc9b908a","name":"Not\u00edcias em Destaque","url":"https:\/\/noticiasemdestaque.com\/cd\/?author=2"}]}},"jetpack_featured_media_url":"https:\/\/noticiasemdestaque.com\/cd\/wp-content\/uploads\/2020\/06\/corona-5174671_1920-696x464.jpg","jetpack_sharing_enabled":true,"_links":{"self":[{"href":"https:\/\/noticiasemdestaque.com\/cd\/index.php?rest_route=\/wp\/v2\/posts\/25228","targetHints":{"allow":["GET"]}}],"collection":[{"href":"https:\/\/noticiasemdestaque.com\/cd\/index.php?rest_route=\/wp\/v2\/posts"}],"about":[{"href":"https:\/\/noticiasemdestaque.com\/cd\/index.php?rest_route=\/wp\/v2\/types\/post"}],"author":[{"embeddable":true,"href":"https:\/\/noticiasemdestaque.com\/cd\/index.php?rest_route=\/wp\/v2\/users\/2"}],"replies":[{"embeddable":true,"href":"https:\/\/noticiasemdestaque.com\/cd\/index.php?rest_route=%2Fwp%2Fv2%2Fcomments&post=25228"}],"version-history":[{"count":1,"href":"https:\/\/noticiasemdestaque.com\/cd\/index.php?rest_route=\/wp\/v2\/posts\/25228\/revisions"}],"predecessor-version":[{"id":25230,"href":"https:\/\/noticiasemdestaque.com\/cd\/index.php?rest_route=\/wp\/v2\/posts\/25228\/revisions\/25230"}],"wp:featuredmedia":[{"embeddable":true,"href":"https:\/\/noticiasemdestaque.com\/cd\/index.php?rest_route=\/wp\/v2\/media\/25229"}],"wp:attachment":[{"href":"https:\/\/noticiasemdestaque.com\/cd\/index.php?rest_route=%2Fwp%2Fv2%2Fmedia&parent=25228"}],"wp:term":[{"taxonomy":"category","embeddable":true,"href":"https:\/\/noticiasemdestaque.com\/cd\/index.php?rest_route=%2Fwp%2Fv2%2Fcategories&post=25228"},{"taxonomy":"post_tag","embeddable":true,"href":"https:\/\/noticiasemdestaque.com\/cd\/index.php?rest_route=%2Fwp%2Fv2%2Ftags&post=25228"}],"curies":[{"name":"wp","href":"https:\/\/api.w.org\/{rel}","templated":true}]}}