{"id":25218,"date":"2020-06-05T18:02:40","date_gmt":"2020-06-05T21:02:40","guid":{"rendered":"http:\/\/noticiasemdestaque.com\/cd\/?p=25218"},"modified":"2020-06-05T18:02:40","modified_gmt":"2020-06-05T21:02:40","slug":"executivo-de-sume-encaminha-projeto-de-lei-a-camara-que-suspende-pagamento-de-consignados-contraidos-pelos-servidores-publicos","status":"publish","type":"post","link":"https:\/\/noticiasemdestaque.com\/cd\/?p=25218","title":{"rendered":"Executivo de Sum\u00e9 encaminha Projeto de Lei \u00e0 C\u00e2mara que suspende pagamento de consignados contra\u00eddos pelos servidores p\u00fablicos"},"content":{"rendered":"<p><a href=\"https:\/\/noticiasemdestaque.com\/cd\/wp-content\/uploads\/2018\/05\/PREFEITURA-DE-SUM\u00c9-768x511.jpg\"><img fetchpriority=\"high\" decoding=\"async\" class=\"alignnone size-full wp-image-10226\" src=\"https:\/\/noticiasemdestaque.com\/cd\/wp-content\/uploads\/2018\/05\/PREFEITURA-DE-SUM\u00c9-768x511.jpg\" alt=\"\" width=\"768\" height=\"511\" srcset=\"https:\/\/noticiasemdestaque.com\/cd\/wp-content\/uploads\/2018\/05\/PREFEITURA-DE-SUM\u00c9-768x511.jpg 768w, https:\/\/noticiasemdestaque.com\/cd\/wp-content\/uploads\/2018\/05\/PREFEITURA-DE-SUM\u00c9-768x511-300x200.jpg 300w, https:\/\/noticiasemdestaque.com\/cd\/wp-content\/uploads\/2018\/05\/PREFEITURA-DE-SUM\u00c9-768x511-480x320.jpg 480w\" sizes=\"(max-width: 768px) 100vw, 768px\" \/><\/a><\/p>\n<p>A Prefeitura Municipal de Sum\u00e9 encaminhou nesta sexta-feira (05), o projeto de Lei 596\/2020 que suspende pelo per\u00edodo de 120 (cento e vinte dias), a cobran\u00e7a dos empr\u00e9stimos consignados contra\u00eddos pelos servidores p\u00fablicos, ativos e inativos, do Munic\u00edpio de Sum\u00e9, incluindo os servidores do Legislativo.<\/p>\n<p>O projeto de Lei busca trazer um m\u00ednimo de seguran\u00e7a financeira \u00e0 popula\u00e7\u00e3o benefici\u00e1ria, uma vez que toda a popula\u00e7\u00e3o passa por um momento de anormalidade, onde as pessoas, por recomenda\u00e7\u00e3o da Organiza\u00e7\u00e3o Mundial de Sa\u00fade \u2013 OMS, bem como das autoridades de sa\u00fade em \u00e2mbito federal e estadual, est\u00e3o cumprindo um per\u00edodo de quarentena, em isolamento social, fato que vem trazendo, inequivocamente, preju\u00edzos econ\u00f4micos e financeiros.<\/p>\n<p>O objetivo do projeto encaminhado pela Prefeitura Municipal \u00e9 que os servidores p\u00fablicos possam destinar a renda que estaria destinada inicialmente para o pagamento das parcelas de poss\u00edveis empr\u00e9stimos consignados existentes para o incremento das necessidades b\u00e1sicas primordiais que aumentaram exponencialmente nos dias atuais.<\/p>\n<p>As parcelas que ficarem em aberto durante este per\u00edodo, dever\u00e3o ser acrescidas ao final do contrato, sem a incid\u00eancia de juros ou multas.<\/p>\n<p>O Poder Executivo aguarda agora a aprecia\u00e7\u00e3o da C\u00e2mara para que, em caso de aprova\u00e7\u00e3o, o projeto possa ser sancionado.<\/p>\n<p>Ascom\/PMS<\/p>\n","protected":false},"excerpt":{"rendered":"<p>A Prefeitura Municipal de Sum\u00e9 encaminhou nesta sexta-feira (05), o projeto de Lei 596\/2020 que suspende pelo per\u00edodo de 120 (cento e vinte dias), a cobran\u00e7a dos empr\u00e9stimos consignados contra\u00eddos pelos servidores p\u00fablicos, ativos e inativos, do Munic\u00edpio de Sum\u00e9, incluindo os servidores do Legislativo. O projeto de Lei busca trazer um m\u00ednimo de seguran\u00e7a financeira \u00e0 popula\u00e7\u00e3o benefici\u00e1ria, uma vez que toda a popula\u00e7\u00e3o passa por um momento de anormalidade, onde as pessoas, por recomenda\u00e7\u00e3o da Organiza\u00e7\u00e3o Mundial de Sa\u00fade \u2013 OMS, bem como das autoridades de sa\u00fade em \u00e2mbito federal e estadual, est\u00e3o cumprindo um per\u00edodo de quarentena, em isolamento social, fato que vem trazendo, inequivocamente, preju\u00edzos econ\u00f4micos e financeiros. O objetivo do projeto encaminhado pela Prefeitura Municipal \u00e9 que os servidores p\u00fablicos possam destinar a renda que estaria destinada inicialmente para o pagamento das parcelas de poss\u00edveis empr\u00e9stimos consignados existentes para o incremento das necessidades b\u00e1sicas primordiais que aumentaram exponencialmente nos dias atuais. As parcelas que ficarem em aberto durante este per\u00edodo, dever\u00e3o ser acrescidas ao final do contrato, sem a incid\u00eancia de juros ou multas. O Poder Executivo aguarda agora a aprecia\u00e7\u00e3o da C\u00e2mara para que, em caso de aprova\u00e7\u00e3o, o projeto possa ser sancionado. Ascom\/PMS<\/p>\n","protected":false},"author":2,"featured_media":10226,"comment_status":"closed","ping_status":"open","sticky":false,"template":"","format":"standard","meta":{"_eb_attr":"","_jetpack_memberships_contains_paid_content":false,"footnotes":""},"categories":[4],"tags":[],"class_list":["post-25218","post","type-post","status-publish","format-standard","has-post-thumbnail","hentry","category-politica"],"yoast_head":"<!-- This site is optimized with the Yoast SEO plugin v26.5 - https:\/\/yoast.com\/wordpress\/plugins\/seo\/ -->\n<title>Executivo de Sum\u00e9 encaminha Projeto de Lei \u00e0 C\u00e2mara que suspende pagamento de consignados contra\u00eddos pelos servidores p\u00fablicos - Not&iacute;cias em Destaque<\/title>\n<meta name=\"robots\" content=\"index, follow, max-snippet:-1, max-image-preview:large, max-video-preview:-1\" \/>\n<link rel=\"canonical\" href=\"https:\/\/noticiasemdestaque.com\/cd\/?p=25218\" \/>\n<meta property=\"og:locale\" content=\"pt_BR\" \/>\n<meta property=\"og:type\" content=\"article\" \/>\n<meta property=\"og:title\" content=\"Executivo de Sum\u00e9 encaminha Projeto de Lei \u00e0 C\u00e2mara que suspende pagamento de consignados contra\u00eddos pelos servidores p\u00fablicos - Not&iacute;cias em Destaque\" \/>\n<meta property=\"og:description\" content=\"A Prefeitura Municipal de Sum\u00e9 encaminhou nesta sexta-feira (05), o projeto de Lei 596\/2020 que suspende pelo per\u00edodo de 120 (cento e vinte dias), a cobran\u00e7a dos empr\u00e9stimos consignados contra\u00eddos pelos servidores p\u00fablicos, ativos e inativos, do Munic\u00edpio de Sum\u00e9, incluindo os servidores do Legislativo. O projeto de Lei busca trazer um m\u00ednimo de seguran\u00e7a financeira \u00e0 popula\u00e7\u00e3o benefici\u00e1ria, uma vez que toda a popula\u00e7\u00e3o passa por um momento de anormalidade, onde as pessoas, por recomenda\u00e7\u00e3o da Organiza\u00e7\u00e3o Mundial de Sa\u00fade \u2013 OMS, bem como das autoridades de sa\u00fade em \u00e2mbito federal e estadual, est\u00e3o cumprindo um per\u00edodo de quarentena, em isolamento social, fato que vem trazendo, inequivocamente, preju\u00edzos econ\u00f4micos e financeiros. O objetivo do projeto encaminhado pela Prefeitura Municipal \u00e9 que os servidores p\u00fablicos possam destinar a renda que estaria destinada inicialmente para o pagamento das parcelas de poss\u00edveis empr\u00e9stimos consignados existentes para o incremento das necessidades b\u00e1sicas primordiais que aumentaram exponencialmente nos dias atuais. As parcelas que ficarem em aberto durante este per\u00edodo, dever\u00e3o ser acrescidas ao final do contrato, sem a incid\u00eancia de juros ou multas. O Poder Executivo aguarda agora a aprecia\u00e7\u00e3o da C\u00e2mara para que, em caso de aprova\u00e7\u00e3o, o projeto possa ser sancionado. Ascom\/PMS\" \/>\n<meta property=\"og:url\" content=\"https:\/\/noticiasemdestaque.com\/cd\/?p=25218\" \/>\n<meta property=\"og:site_name\" content=\"Not&iacute;cias em Destaque\" \/>\n<meta property=\"article:published_time\" content=\"2020-06-05T21:02:40+00:00\" \/>\n<meta property=\"og:image\" content=\"https:\/\/noticiasemdestaque.com\/cd\/wp-content\/uploads\/2018\/05\/PREFEITURA-DE-SUM\u00c9-768x511.jpg\" \/>\n\t<meta property=\"og:image:width\" content=\"768\" \/>\n\t<meta property=\"og:image:height\" content=\"511\" \/>\n\t<meta property=\"og:image:type\" content=\"image\/jpeg\" \/>\n<meta name=\"author\" content=\"Not\u00edcias em Destaque\" \/>\n<meta name=\"twitter:card\" content=\"summary_large_image\" \/>\n<meta name=\"twitter:label1\" content=\"Escrito por\" \/>\n\t<meta name=\"twitter:data1\" content=\"Not\u00edcias em Destaque\" \/>\n\t<meta name=\"twitter:label2\" content=\"Est. tempo de leitura\" \/>\n\t<meta name=\"twitter:data2\" content=\"1 minuto\" \/>\n<script type=\"application\/ld+json\" class=\"yoast-schema-graph\">{\"@context\":\"https:\/\/schema.org\",\"@graph\":[{\"@type\":\"Article\",\"@id\":\"https:\/\/noticiasemdestaque.com\/cd\/?p=25218#article\",\"isPartOf\":{\"@id\":\"https:\/\/noticiasemdestaque.com\/cd\/?p=25218\"},\"author\":{\"name\":\"Not\u00edcias em Destaque\",\"@id\":\"https:\/\/noticiasemdestaque.com\/cd\/#\/schema\/person\/21320b03a7e8bb90128938dafc9b908a\"},\"headline\":\"Executivo de Sum\u00e9 encaminha Projeto de Lei \u00e0 C\u00e2mara que suspende pagamento de consignados contra\u00eddos pelos servidores p\u00fablicos\",\"datePublished\":\"2020-06-05T21:02:40+00:00\",\"mainEntityOfPage\":{\"@id\":\"https:\/\/noticiasemdestaque.com\/cd\/?p=25218\"},\"wordCount\":244,\"publisher\":{\"@id\":\"https:\/\/noticiasemdestaque.com\/cd\/#organization\"},\"image\":{\"@id\":\"https:\/\/noticiasemdestaque.com\/cd\/?p=25218#primaryimage\"},\"thumbnailUrl\":\"https:\/\/noticiasemdestaque.com\/cd\/wp-content\/uploads\/2018\/05\/PREFEITURA-DE-SUM\u00c9-768x511.jpg\",\"articleSection\":[\"Pol\u00edtica\"],\"inLanguage\":\"pt-BR\"},{\"@type\":\"WebPage\",\"@id\":\"https:\/\/noticiasemdestaque.com\/cd\/?p=25218\",\"url\":\"https:\/\/noticiasemdestaque.com\/cd\/?p=25218\",\"name\":\"Executivo de Sum\u00e9 encaminha Projeto de Lei \u00e0 C\u00e2mara que suspende pagamento de consignados contra\u00eddos pelos servidores p\u00fablicos - Not&iacute;cias em Destaque\",\"isPartOf\":{\"@id\":\"https:\/\/noticiasemdestaque.com\/cd\/#website\"},\"primaryImageOfPage\":{\"@id\":\"https:\/\/noticiasemdestaque.com\/cd\/?p=25218#primaryimage\"},\"image\":{\"@id\":\"https:\/\/noticiasemdestaque.com\/cd\/?p=25218#primaryimage\"},\"thumbnailUrl\":\"https:\/\/noticiasemdestaque.com\/cd\/wp-content\/uploads\/2018\/05\/PREFEITURA-DE-SUM\u00c9-768x511.jpg\",\"datePublished\":\"2020-06-05T21:02:40+00:00\",\"breadcrumb\":{\"@id\":\"https:\/\/noticiasemdestaque.com\/cd\/?p=25218#breadcrumb\"},\"inLanguage\":\"pt-BR\",\"potentialAction\":[{\"@type\":\"ReadAction\",\"target\":[\"https:\/\/noticiasemdestaque.com\/cd\/?p=25218\"]}]},{\"@type\":\"ImageObject\",\"inLanguage\":\"pt-BR\",\"@id\":\"https:\/\/noticiasemdestaque.com\/cd\/?p=25218#primaryimage\",\"url\":\"https:\/\/noticiasemdestaque.com\/cd\/wp-content\/uploads\/2018\/05\/PREFEITURA-DE-SUM\u00c9-768x511.jpg\",\"contentUrl\":\"https:\/\/noticiasemdestaque.com\/cd\/wp-content\/uploads\/2018\/05\/PREFEITURA-DE-SUM\u00c9-768x511.jpg\",\"width\":768,\"height\":511},{\"@type\":\"BreadcrumbList\",\"@id\":\"https:\/\/noticiasemdestaque.com\/cd\/?p=25218#breadcrumb\",\"itemListElement\":[{\"@type\":\"ListItem\",\"position\":1,\"name\":\"In\u00edcio\",\"item\":\"https:\/\/noticiasemdestaque.com\/cd\/\"},{\"@type\":\"ListItem\",\"position\":2,\"name\":\"Executivo de Sum\u00e9 encaminha Projeto de Lei \u00e0 C\u00e2mara que suspende pagamento de consignados contra\u00eddos pelos servidores p\u00fablicos\"}]},{\"@type\":\"WebSite\",\"@id\":\"https:\/\/noticiasemdestaque.com\/cd\/#website\",\"url\":\"https:\/\/noticiasemdestaque.com\/cd\/\",\"name\":\"Not&iacute;cias em Destaque\",\"description\":\"\",\"publisher\":{\"@id\":\"https:\/\/noticiasemdestaque.com\/cd\/#organization\"},\"potentialAction\":[{\"@type\":\"SearchAction\",\"target\":{\"@type\":\"EntryPoint\",\"urlTemplate\":\"https:\/\/noticiasemdestaque.com\/cd\/?s={search_term_string}\"},\"query-input\":{\"@type\":\"PropertyValueSpecification\",\"valueRequired\":true,\"valueName\":\"search_term_string\"}}],\"inLanguage\":\"pt-BR\"},{\"@type\":\"Organization\",\"@id\":\"https:\/\/noticiasemdestaque.com\/cd\/#organization\",\"name\":\"Not\u00edcias em Destaque\",\"url\":\"https:\/\/noticiasemdestaque.com\/cd\/\",\"logo\":{\"@type\":\"ImageObject\",\"inLanguage\":\"pt-BR\",\"@id\":\"https:\/\/noticiasemdestaque.com\/cd\/#\/schema\/logo\/image\/\",\"url\":\"https:\/\/noticiasemdestaque.com\/cd\/wp-content\/uploads\/2022\/05\/imagem-base-noticiasemdestaque.png\",\"contentUrl\":\"https:\/\/noticiasemdestaque.com\/cd\/wp-content\/uploads\/2022\/05\/imagem-base-noticiasemdestaque.png\",\"width\":1200,\"height\":630,\"caption\":\"Not\u00edcias em Destaque\"},\"image\":{\"@id\":\"https:\/\/noticiasemdestaque.com\/cd\/#\/schema\/logo\/image\/\"}},{\"@type\":\"Person\",\"@id\":\"https:\/\/noticiasemdestaque.com\/cd\/#\/schema\/person\/21320b03a7e8bb90128938dafc9b908a\",\"name\":\"Not\u00edcias em Destaque\",\"url\":\"https:\/\/noticiasemdestaque.com\/cd\/?author=2\"}]}<\/script>\n<!-- \/ Yoast SEO plugin. -->","yoast_head_json":{"title":"Executivo de Sum\u00e9 encaminha Projeto de Lei \u00e0 C\u00e2mara que suspende pagamento de consignados contra\u00eddos pelos servidores p\u00fablicos - Not&iacute;cias em Destaque","robots":{"index":"index","follow":"follow","max-snippet":"max-snippet:-1","max-image-preview":"max-image-preview:large","max-video-preview":"max-video-preview:-1"},"canonical":"https:\/\/noticiasemdestaque.com\/cd\/?p=25218","og_locale":"pt_BR","og_type":"article","og_title":"Executivo de Sum\u00e9 encaminha Projeto de Lei \u00e0 C\u00e2mara que suspende pagamento de consignados contra\u00eddos pelos servidores p\u00fablicos - Not&iacute;cias em Destaque","og_description":"A Prefeitura Municipal de Sum\u00e9 encaminhou nesta sexta-feira (05), o projeto de Lei 596\/2020 que suspende pelo per\u00edodo de 120 (cento e vinte dias), a cobran\u00e7a dos empr\u00e9stimos consignados contra\u00eddos pelos servidores p\u00fablicos, ativos e inativos, do Munic\u00edpio de Sum\u00e9, incluindo os servidores do Legislativo. O projeto de Lei busca trazer um m\u00ednimo de seguran\u00e7a financeira \u00e0 popula\u00e7\u00e3o benefici\u00e1ria, uma vez que toda a popula\u00e7\u00e3o passa por um momento de anormalidade, onde as pessoas, por recomenda\u00e7\u00e3o da Organiza\u00e7\u00e3o Mundial de Sa\u00fade \u2013 OMS, bem como das autoridades de sa\u00fade em \u00e2mbito federal e estadual, est\u00e3o cumprindo um per\u00edodo de quarentena, em isolamento social, fato que vem trazendo, inequivocamente, preju\u00edzos econ\u00f4micos e financeiros. O objetivo do projeto encaminhado pela Prefeitura Municipal \u00e9 que os servidores p\u00fablicos possam destinar a renda que estaria destinada inicialmente para o pagamento das parcelas de poss\u00edveis empr\u00e9stimos consignados existentes para o incremento das necessidades b\u00e1sicas primordiais que aumentaram exponencialmente nos dias atuais. As parcelas que ficarem em aberto durante este per\u00edodo, dever\u00e3o ser acrescidas ao final do contrato, sem a incid\u00eancia de juros ou multas. O Poder Executivo aguarda agora a aprecia\u00e7\u00e3o da C\u00e2mara para que, em caso de aprova\u00e7\u00e3o, o projeto possa ser sancionado. Ascom\/PMS","og_url":"https:\/\/noticiasemdestaque.com\/cd\/?p=25218","og_site_name":"Not&iacute;cias em Destaque","article_published_time":"2020-06-05T21:02:40+00:00","og_image":[{"width":768,"height":511,"url":"https:\/\/noticiasemdestaque.com\/cd\/wp-content\/uploads\/2018\/05\/PREFEITURA-DE-SUM\u00c9-768x511.jpg","type":"image\/jpeg"}],"author":"Not\u00edcias em Destaque","twitter_card":"summary_large_image","twitter_misc":{"Escrito por":"Not\u00edcias em Destaque","Est. tempo de leitura":"1 minuto"},"schema":{"@context":"https:\/\/schema.org","@graph":[{"@type":"Article","@id":"https:\/\/noticiasemdestaque.com\/cd\/?p=25218#article","isPartOf":{"@id":"https:\/\/noticiasemdestaque.com\/cd\/?p=25218"},"author":{"name":"Not\u00edcias em Destaque","@id":"https:\/\/noticiasemdestaque.com\/cd\/#\/schema\/person\/21320b03a7e8bb90128938dafc9b908a"},"headline":"Executivo de Sum\u00e9 encaminha Projeto de Lei \u00e0 C\u00e2mara que suspende pagamento de consignados contra\u00eddos pelos servidores p\u00fablicos","datePublished":"2020-06-05T21:02:40+00:00","mainEntityOfPage":{"@id":"https:\/\/noticiasemdestaque.com\/cd\/?p=25218"},"wordCount":244,"publisher":{"@id":"https:\/\/noticiasemdestaque.com\/cd\/#organization"},"image":{"@id":"https:\/\/noticiasemdestaque.com\/cd\/?p=25218#primaryimage"},"thumbnailUrl":"https:\/\/noticiasemdestaque.com\/cd\/wp-content\/uploads\/2018\/05\/PREFEITURA-DE-SUM\u00c9-768x511.jpg","articleSection":["Pol\u00edtica"],"inLanguage":"pt-BR"},{"@type":"WebPage","@id":"https:\/\/noticiasemdestaque.com\/cd\/?p=25218","url":"https:\/\/noticiasemdestaque.com\/cd\/?p=25218","name":"Executivo de Sum\u00e9 encaminha Projeto de Lei \u00e0 C\u00e2mara que suspende pagamento de consignados contra\u00eddos pelos servidores p\u00fablicos - Not&iacute;cias em Destaque","isPartOf":{"@id":"https:\/\/noticiasemdestaque.com\/cd\/#website"},"primaryImageOfPage":{"@id":"https:\/\/noticiasemdestaque.com\/cd\/?p=25218#primaryimage"},"image":{"@id":"https:\/\/noticiasemdestaque.com\/cd\/?p=25218#primaryimage"},"thumbnailUrl":"https:\/\/noticiasemdestaque.com\/cd\/wp-content\/uploads\/2018\/05\/PREFEITURA-DE-SUM\u00c9-768x511.jpg","datePublished":"2020-06-05T21:02:40+00:00","breadcrumb":{"@id":"https:\/\/noticiasemdestaque.com\/cd\/?p=25218#breadcrumb"},"inLanguage":"pt-BR","potentialAction":[{"@type":"ReadAction","target":["https:\/\/noticiasemdestaque.com\/cd\/?p=25218"]}]},{"@type":"ImageObject","inLanguage":"pt-BR","@id":"https:\/\/noticiasemdestaque.com\/cd\/?p=25218#primaryimage","url":"https:\/\/noticiasemdestaque.com\/cd\/wp-content\/uploads\/2018\/05\/PREFEITURA-DE-SUM\u00c9-768x511.jpg","contentUrl":"https:\/\/noticiasemdestaque.com\/cd\/wp-content\/uploads\/2018\/05\/PREFEITURA-DE-SUM\u00c9-768x511.jpg","width":768,"height":511},{"@type":"BreadcrumbList","@id":"https:\/\/noticiasemdestaque.com\/cd\/?p=25218#breadcrumb","itemListElement":[{"@type":"ListItem","position":1,"name":"In\u00edcio","item":"https:\/\/noticiasemdestaque.com\/cd\/"},{"@type":"ListItem","position":2,"name":"Executivo de Sum\u00e9 encaminha Projeto de Lei \u00e0 C\u00e2mara que suspende pagamento de consignados contra\u00eddos pelos servidores p\u00fablicos"}]},{"@type":"WebSite","@id":"https:\/\/noticiasemdestaque.com\/cd\/#website","url":"https:\/\/noticiasemdestaque.com\/cd\/","name":"Not&iacute;cias em Destaque","description":"","publisher":{"@id":"https:\/\/noticiasemdestaque.com\/cd\/#organization"},"potentialAction":[{"@type":"SearchAction","target":{"@type":"EntryPoint","urlTemplate":"https:\/\/noticiasemdestaque.com\/cd\/?s={search_term_string}"},"query-input":{"@type":"PropertyValueSpecification","valueRequired":true,"valueName":"search_term_string"}}],"inLanguage":"pt-BR"},{"@type":"Organization","@id":"https:\/\/noticiasemdestaque.com\/cd\/#organization","name":"Not\u00edcias em Destaque","url":"https:\/\/noticiasemdestaque.com\/cd\/","logo":{"@type":"ImageObject","inLanguage":"pt-BR","@id":"https:\/\/noticiasemdestaque.com\/cd\/#\/schema\/logo\/image\/","url":"https:\/\/noticiasemdestaque.com\/cd\/wp-content\/uploads\/2022\/05\/imagem-base-noticiasemdestaque.png","contentUrl":"https:\/\/noticiasemdestaque.com\/cd\/wp-content\/uploads\/2022\/05\/imagem-base-noticiasemdestaque.png","width":1200,"height":630,"caption":"Not\u00edcias em Destaque"},"image":{"@id":"https:\/\/noticiasemdestaque.com\/cd\/#\/schema\/logo\/image\/"}},{"@type":"Person","@id":"https:\/\/noticiasemdestaque.com\/cd\/#\/schema\/person\/21320b03a7e8bb90128938dafc9b908a","name":"Not\u00edcias em Destaque","url":"https:\/\/noticiasemdestaque.com\/cd\/?author=2"}]}},"jetpack_featured_media_url":"https:\/\/noticiasemdestaque.com\/cd\/wp-content\/uploads\/2018\/05\/PREFEITURA-DE-SUM\u00c9-768x511.jpg","jetpack_sharing_enabled":true,"_links":{"self":[{"href":"https:\/\/noticiasemdestaque.com\/cd\/index.php?rest_route=\/wp\/v2\/posts\/25218","targetHints":{"allow":["GET"]}}],"collection":[{"href":"https:\/\/noticiasemdestaque.com\/cd\/index.php?rest_route=\/wp\/v2\/posts"}],"about":[{"href":"https:\/\/noticiasemdestaque.com\/cd\/index.php?rest_route=\/wp\/v2\/types\/post"}],"author":[{"embeddable":true,"href":"https:\/\/noticiasemdestaque.com\/cd\/index.php?rest_route=\/wp\/v2\/users\/2"}],"replies":[{"embeddable":true,"href":"https:\/\/noticiasemdestaque.com\/cd\/index.php?rest_route=%2Fwp%2Fv2%2Fcomments&post=25218"}],"version-history":[{"count":1,"href":"https:\/\/noticiasemdestaque.com\/cd\/index.php?rest_route=\/wp\/v2\/posts\/25218\/revisions"}],"predecessor-version":[{"id":25219,"href":"https:\/\/noticiasemdestaque.com\/cd\/index.php?rest_route=\/wp\/v2\/posts\/25218\/revisions\/25219"}],"wp:featuredmedia":[{"embeddable":true,"href":"https:\/\/noticiasemdestaque.com\/cd\/index.php?rest_route=\/wp\/v2\/media\/10226"}],"wp:attachment":[{"href":"https:\/\/noticiasemdestaque.com\/cd\/index.php?rest_route=%2Fwp%2Fv2%2Fmedia&parent=25218"}],"wp:term":[{"taxonomy":"category","embeddable":true,"href":"https:\/\/noticiasemdestaque.com\/cd\/index.php?rest_route=%2Fwp%2Fv2%2Fcategories&post=25218"},{"taxonomy":"post_tag","embeddable":true,"href":"https:\/\/noticiasemdestaque.com\/cd\/index.php?rest_route=%2Fwp%2Fv2%2Ftags&post=25218"}],"curies":[{"name":"wp","href":"https:\/\/api.w.org\/{rel}","templated":true}]}}