{"id":25213,"date":"2020-06-05T12:09:20","date_gmt":"2020-06-05T15:09:20","guid":{"rendered":"http:\/\/noticiasemdestaque.com\/cd\/?p=25213"},"modified":"2020-06-05T12:10:42","modified_gmt":"2020-06-05T15:10:42","slug":"em-ouro-velho-dr-augusto-parte-na-frente-em-1a-pesquisa-como-preferido-a-prefeito","status":"publish","type":"post","link":"https:\/\/noticiasemdestaque.com\/cd\/?p=25213","title":{"rendered":"Em Ouro Velho, Dr. Augusto parte na frente em 1\u00aa pesquisa como preferido a Prefeito"},"content":{"rendered":"<p><a href=\"https:\/\/noticiasemdestaque.com\/cd\/wp-content\/uploads\/2020\/06\/68a82301-3cb0-4a26-bb3c-e06f75645744.jpg\"><img fetchpriority=\"high\" decoding=\"async\" class=\"wp-image-25214 aligncenter\" src=\"https:\/\/noticiasemdestaque.com\/cd\/wp-content\/uploads\/2020\/06\/68a82301-3cb0-4a26-bb3c-e06f75645744-560x1024.jpg\" alt=\"\" width=\"404\" height=\"739\" srcset=\"https:\/\/noticiasemdestaque.com\/cd\/wp-content\/uploads\/2020\/06\/68a82301-3cb0-4a26-bb3c-e06f75645744-560x1024.jpg 560w, https:\/\/noticiasemdestaque.com\/cd\/wp-content\/uploads\/2020\/06\/68a82301-3cb0-4a26-bb3c-e06f75645744-164x300.jpg 164w, https:\/\/noticiasemdestaque.com\/cd\/wp-content\/uploads\/2020\/06\/68a82301-3cb0-4a26-bb3c-e06f75645744.jpg 700w\" sizes=\"(max-width: 404px) 100vw, 404px\" \/><\/a><\/p>\n<p>Em enquete realiza pelo site F5Paraiba, Dr. Augusto foi o escolhido pela popula\u00e7\u00e3o de Ouro Velho como poss\u00edvel pr\u00e9-candidato a Prefeito pelo grupo da Prefeita Nat\u00e1lia e o do seu esposo Dr. J\u00fanior.<\/p>\n<p>Na pesquisa, Dr. Augusto teria 65% dos votos e venceria a poss\u00edvel pr\u00e9-candidata da oposi\u00e7\u00e3o Laureni, com 8% dos votos.<\/p>\n<p>Em outra disputa interna, Dr. Augusto teria 65% dos votos e venceria o atual Vereador Paulo J\u00fanior, que teve apenas 28% das inten\u00e7\u00f5es.<\/p>\n<p>Nos \u00faltimos dias a referida pesquisa agitou os bastidores da cidade de Ouro Velho, batendo todos os recordes de acesso ao site e movimentando as apostas pol\u00edticas de quem seria o indicado pela Prefeita Nat\u00e1lia Lira e seu esposo Dr. J\u00fanior como seu candidato nas elei\u00e7\u00f5es de 2020.<\/p>\n<p>Segundo fontes, que nosso blog apurou, o atual vice-prefeito Ike, o vereador Paulo J\u00fanior e o advogado Dr. Augusto seria os nomes mais cotados pela indica\u00e7\u00e3o.<\/p>\n<p>Aguardaremos os pr\u00f3ximos cap\u00edtulos da elei\u00e7\u00e3o de Ouro Velho.<\/p>\n","protected":false},"excerpt":{"rendered":"<p>Em enquete realiza pelo site F5Paraiba, Dr. Augusto foi o escolhido pela popula\u00e7\u00e3o de Ouro Velho como poss\u00edvel pr\u00e9-candidato a Prefeito pelo grupo da Prefeita Nat\u00e1lia e o do seu esposo Dr. J\u00fanior. Na pesquisa, Dr. Augusto teria 65% dos votos e venceria a poss\u00edvel pr\u00e9-candidata da oposi\u00e7\u00e3o Laureni, com 8% dos votos. Em outra disputa interna, Dr. Augusto teria 65% dos votos e venceria o atual Vereador Paulo J\u00fanior, que teve apenas 28% das inten\u00e7\u00f5es. Nos \u00faltimos dias a referida pesquisa agitou os bastidores da cidade de Ouro Velho, batendo todos os recordes de acesso ao site e movimentando as apostas pol\u00edticas de quem seria o indicado pela Prefeita Nat\u00e1lia Lira e seu esposo Dr. J\u00fanior como seu candidato nas elei\u00e7\u00f5es de 2020. Segundo fontes, que nosso blog apurou, o atual vice-prefeito Ike, o vereador Paulo J\u00fanior e o advogado Dr. Augusto seria os nomes mais cotados pela indica\u00e7\u00e3o. Aguardaremos os pr\u00f3ximos cap\u00edtulos da elei\u00e7\u00e3o de Ouro Velho.<\/p>\n","protected":false},"author":2,"featured_media":25217,"comment_status":"closed","ping_status":"open","sticky":false,"template":"","format":"standard","meta":{"_eb_attr":"","_jetpack_memberships_contains_paid_content":false,"footnotes":""},"categories":[4],"tags":[],"class_list":["post-25213","post","type-post","status-publish","format-standard","has-post-thumbnail","hentry","category-politica"],"yoast_head":"<!-- This site is optimized with the Yoast SEO plugin v26.5 - https:\/\/yoast.com\/wordpress\/plugins\/seo\/ -->\n<title>Em Ouro Velho, Dr. Augusto parte na frente em 1\u00aa pesquisa como preferido a Prefeito - Not&iacute;cias em Destaque<\/title>\n<meta name=\"robots\" content=\"index, follow, max-snippet:-1, max-image-preview:large, max-video-preview:-1\" \/>\n<link rel=\"canonical\" href=\"https:\/\/noticiasemdestaque.com\/cd\/?p=25213\" \/>\n<meta property=\"og:locale\" content=\"pt_BR\" \/>\n<meta property=\"og:type\" content=\"article\" \/>\n<meta property=\"og:title\" content=\"Em Ouro Velho, Dr. Augusto parte na frente em 1\u00aa pesquisa como preferido a Prefeito - Not&iacute;cias em Destaque\" \/>\n<meta property=\"og:description\" content=\"Em enquete realiza pelo site F5Paraiba, Dr. Augusto foi o escolhido pela popula\u00e7\u00e3o de Ouro Velho como poss\u00edvel pr\u00e9-candidato a Prefeito pelo grupo da Prefeita Nat\u00e1lia e o do seu esposo Dr. J\u00fanior. Na pesquisa, Dr. Augusto teria 65% dos votos e venceria a poss\u00edvel pr\u00e9-candidata da oposi\u00e7\u00e3o Laureni, com 8% dos votos. Em outra disputa interna, Dr. Augusto teria 65% dos votos e venceria o atual Vereador Paulo J\u00fanior, que teve apenas 28% das inten\u00e7\u00f5es. Nos \u00faltimos dias a referida pesquisa agitou os bastidores da cidade de Ouro Velho, batendo todos os recordes de acesso ao site e movimentando as apostas pol\u00edticas de quem seria o indicado pela Prefeita Nat\u00e1lia Lira e seu esposo Dr. J\u00fanior como seu candidato nas elei\u00e7\u00f5es de 2020. Segundo fontes, que nosso blog apurou, o atual vice-prefeito Ike, o vereador Paulo J\u00fanior e o advogado Dr. Augusto seria os nomes mais cotados pela indica\u00e7\u00e3o. Aguardaremos os pr\u00f3ximos cap\u00edtulos da elei\u00e7\u00e3o de Ouro Velho.\" \/>\n<meta property=\"og:url\" content=\"https:\/\/noticiasemdestaque.com\/cd\/?p=25213\" \/>\n<meta property=\"og:site_name\" content=\"Not&iacute;cias em Destaque\" \/>\n<meta property=\"article:published_time\" content=\"2020-06-05T15:09:20+00:00\" \/>\n<meta property=\"article:modified_time\" content=\"2020-06-05T15:10:42+00:00\" \/>\n<meta property=\"og:image\" content=\"https:\/\/noticiasemdestaque.com\/cd\/wp-content\/uploads\/2020\/06\/68a82301-3cb0-4a26-bb3c-e06f75645744-2.jpg\" \/>\n\t<meta property=\"og:image:width\" content=\"694\" \/>\n\t<meta property=\"og:image:height\" content=\"701\" \/>\n\t<meta property=\"og:image:type\" content=\"image\/jpeg\" \/>\n<meta name=\"author\" content=\"Not\u00edcias em Destaque\" \/>\n<meta name=\"twitter:card\" content=\"summary_large_image\" \/>\n<meta name=\"twitter:label1\" content=\"Escrito por\" \/>\n\t<meta name=\"twitter:data1\" content=\"Not\u00edcias em Destaque\" \/>\n\t<meta name=\"twitter:label2\" content=\"Est. tempo de leitura\" \/>\n\t<meta name=\"twitter:data2\" content=\"1 minuto\" \/>\n<script type=\"application\/ld+json\" class=\"yoast-schema-graph\">{\"@context\":\"https:\/\/schema.org\",\"@graph\":[{\"@type\":\"Article\",\"@id\":\"https:\/\/noticiasemdestaque.com\/cd\/?p=25213#article\",\"isPartOf\":{\"@id\":\"https:\/\/noticiasemdestaque.com\/cd\/?p=25213\"},\"author\":{\"name\":\"Not\u00edcias em Destaque\",\"@id\":\"https:\/\/noticiasemdestaque.com\/cd\/#\/schema\/person\/21320b03a7e8bb90128938dafc9b908a\"},\"headline\":\"Em Ouro Velho, Dr. Augusto parte na frente em 1\u00aa pesquisa como preferido a Prefeito\",\"datePublished\":\"2020-06-05T15:09:20+00:00\",\"dateModified\":\"2020-06-05T15:10:42+00:00\",\"mainEntityOfPage\":{\"@id\":\"https:\/\/noticiasemdestaque.com\/cd\/?p=25213\"},\"wordCount\":188,\"publisher\":{\"@id\":\"https:\/\/noticiasemdestaque.com\/cd\/#organization\"},\"image\":{\"@id\":\"https:\/\/noticiasemdestaque.com\/cd\/?p=25213#primaryimage\"},\"thumbnailUrl\":\"https:\/\/noticiasemdestaque.com\/cd\/wp-content\/uploads\/2020\/06\/68a82301-3cb0-4a26-bb3c-e06f75645744-2.jpg\",\"articleSection\":[\"Pol\u00edtica\"],\"inLanguage\":\"pt-BR\"},{\"@type\":\"WebPage\",\"@id\":\"https:\/\/noticiasemdestaque.com\/cd\/?p=25213\",\"url\":\"https:\/\/noticiasemdestaque.com\/cd\/?p=25213\",\"name\":\"Em Ouro Velho, Dr. Augusto parte na frente em 1\u00aa pesquisa como preferido a Prefeito - Not&iacute;cias em Destaque\",\"isPartOf\":{\"@id\":\"https:\/\/noticiasemdestaque.com\/cd\/#website\"},\"primaryImageOfPage\":{\"@id\":\"https:\/\/noticiasemdestaque.com\/cd\/?p=25213#primaryimage\"},\"image\":{\"@id\":\"https:\/\/noticiasemdestaque.com\/cd\/?p=25213#primaryimage\"},\"thumbnailUrl\":\"https:\/\/noticiasemdestaque.com\/cd\/wp-content\/uploads\/2020\/06\/68a82301-3cb0-4a26-bb3c-e06f75645744-2.jpg\",\"datePublished\":\"2020-06-05T15:09:20+00:00\",\"dateModified\":\"2020-06-05T15:10:42+00:00\",\"breadcrumb\":{\"@id\":\"https:\/\/noticiasemdestaque.com\/cd\/?p=25213#breadcrumb\"},\"inLanguage\":\"pt-BR\",\"potentialAction\":[{\"@type\":\"ReadAction\",\"target\":[\"https:\/\/noticiasemdestaque.com\/cd\/?p=25213\"]}]},{\"@type\":\"ImageObject\",\"inLanguage\":\"pt-BR\",\"@id\":\"https:\/\/noticiasemdestaque.com\/cd\/?p=25213#primaryimage\",\"url\":\"https:\/\/noticiasemdestaque.com\/cd\/wp-content\/uploads\/2020\/06\/68a82301-3cb0-4a26-bb3c-e06f75645744-2.jpg\",\"contentUrl\":\"https:\/\/noticiasemdestaque.com\/cd\/wp-content\/uploads\/2020\/06\/68a82301-3cb0-4a26-bb3c-e06f75645744-2.jpg\",\"width\":694,\"height\":701},{\"@type\":\"BreadcrumbList\",\"@id\":\"https:\/\/noticiasemdestaque.com\/cd\/?p=25213#breadcrumb\",\"itemListElement\":[{\"@type\":\"ListItem\",\"position\":1,\"name\":\"In\u00edcio\",\"item\":\"https:\/\/noticiasemdestaque.com\/cd\/\"},{\"@type\":\"ListItem\",\"position\":2,\"name\":\"Em Ouro Velho, Dr. Augusto parte na frente em 1\u00aa pesquisa como preferido a Prefeito\"}]},{\"@type\":\"WebSite\",\"@id\":\"https:\/\/noticiasemdestaque.com\/cd\/#website\",\"url\":\"https:\/\/noticiasemdestaque.com\/cd\/\",\"name\":\"Not&iacute;cias em Destaque\",\"description\":\"\",\"publisher\":{\"@id\":\"https:\/\/noticiasemdestaque.com\/cd\/#organization\"},\"potentialAction\":[{\"@type\":\"SearchAction\",\"target\":{\"@type\":\"EntryPoint\",\"urlTemplate\":\"https:\/\/noticiasemdestaque.com\/cd\/?s={search_term_string}\"},\"query-input\":{\"@type\":\"PropertyValueSpecification\",\"valueRequired\":true,\"valueName\":\"search_term_string\"}}],\"inLanguage\":\"pt-BR\"},{\"@type\":\"Organization\",\"@id\":\"https:\/\/noticiasemdestaque.com\/cd\/#organization\",\"name\":\"Not\u00edcias em Destaque\",\"url\":\"https:\/\/noticiasemdestaque.com\/cd\/\",\"logo\":{\"@type\":\"ImageObject\",\"inLanguage\":\"pt-BR\",\"@id\":\"https:\/\/noticiasemdestaque.com\/cd\/#\/schema\/logo\/image\/\",\"url\":\"https:\/\/noticiasemdestaque.com\/cd\/wp-content\/uploads\/2022\/05\/imagem-base-noticiasemdestaque.png\",\"contentUrl\":\"https:\/\/noticiasemdestaque.com\/cd\/wp-content\/uploads\/2022\/05\/imagem-base-noticiasemdestaque.png\",\"width\":1200,\"height\":630,\"caption\":\"Not\u00edcias em Destaque\"},\"image\":{\"@id\":\"https:\/\/noticiasemdestaque.com\/cd\/#\/schema\/logo\/image\/\"}},{\"@type\":\"Person\",\"@id\":\"https:\/\/noticiasemdestaque.com\/cd\/#\/schema\/person\/21320b03a7e8bb90128938dafc9b908a\",\"name\":\"Not\u00edcias em Destaque\",\"url\":\"https:\/\/noticiasemdestaque.com\/cd\/?author=2\"}]}<\/script>\n<!-- \/ Yoast SEO plugin. -->","yoast_head_json":{"title":"Em Ouro Velho, Dr. Augusto parte na frente em 1\u00aa pesquisa como preferido a Prefeito - Not&iacute;cias em Destaque","robots":{"index":"index","follow":"follow","max-snippet":"max-snippet:-1","max-image-preview":"max-image-preview:large","max-video-preview":"max-video-preview:-1"},"canonical":"https:\/\/noticiasemdestaque.com\/cd\/?p=25213","og_locale":"pt_BR","og_type":"article","og_title":"Em Ouro Velho, Dr. Augusto parte na frente em 1\u00aa pesquisa como preferido a Prefeito - Not&iacute;cias em Destaque","og_description":"Em enquete realiza pelo site F5Paraiba, Dr. Augusto foi o escolhido pela popula\u00e7\u00e3o de Ouro Velho como poss\u00edvel pr\u00e9-candidato a Prefeito pelo grupo da Prefeita Nat\u00e1lia e o do seu esposo Dr. J\u00fanior. Na pesquisa, Dr. Augusto teria 65% dos votos e venceria a poss\u00edvel pr\u00e9-candidata da oposi\u00e7\u00e3o Laureni, com 8% dos votos. Em outra disputa interna, Dr. Augusto teria 65% dos votos e venceria o atual Vereador Paulo J\u00fanior, que teve apenas 28% das inten\u00e7\u00f5es. Nos \u00faltimos dias a referida pesquisa agitou os bastidores da cidade de Ouro Velho, batendo todos os recordes de acesso ao site e movimentando as apostas pol\u00edticas de quem seria o indicado pela Prefeita Nat\u00e1lia Lira e seu esposo Dr. J\u00fanior como seu candidato nas elei\u00e7\u00f5es de 2020. Segundo fontes, que nosso blog apurou, o atual vice-prefeito Ike, o vereador Paulo J\u00fanior e o advogado Dr. Augusto seria os nomes mais cotados pela indica\u00e7\u00e3o. Aguardaremos os pr\u00f3ximos cap\u00edtulos da elei\u00e7\u00e3o de Ouro Velho.","og_url":"https:\/\/noticiasemdestaque.com\/cd\/?p=25213","og_site_name":"Not&iacute;cias em Destaque","article_published_time":"2020-06-05T15:09:20+00:00","article_modified_time":"2020-06-05T15:10:42+00:00","og_image":[{"width":694,"height":701,"url":"https:\/\/noticiasemdestaque.com\/cd\/wp-content\/uploads\/2020\/06\/68a82301-3cb0-4a26-bb3c-e06f75645744-2.jpg","type":"image\/jpeg"}],"author":"Not\u00edcias em Destaque","twitter_card":"summary_large_image","twitter_misc":{"Escrito por":"Not\u00edcias em Destaque","Est. tempo de leitura":"1 minuto"},"schema":{"@context":"https:\/\/schema.org","@graph":[{"@type":"Article","@id":"https:\/\/noticiasemdestaque.com\/cd\/?p=25213#article","isPartOf":{"@id":"https:\/\/noticiasemdestaque.com\/cd\/?p=25213"},"author":{"name":"Not\u00edcias em Destaque","@id":"https:\/\/noticiasemdestaque.com\/cd\/#\/schema\/person\/21320b03a7e8bb90128938dafc9b908a"},"headline":"Em Ouro Velho, Dr. Augusto parte na frente em 1\u00aa pesquisa como preferido a Prefeito","datePublished":"2020-06-05T15:09:20+00:00","dateModified":"2020-06-05T15:10:42+00:00","mainEntityOfPage":{"@id":"https:\/\/noticiasemdestaque.com\/cd\/?p=25213"},"wordCount":188,"publisher":{"@id":"https:\/\/noticiasemdestaque.com\/cd\/#organization"},"image":{"@id":"https:\/\/noticiasemdestaque.com\/cd\/?p=25213#primaryimage"},"thumbnailUrl":"https:\/\/noticiasemdestaque.com\/cd\/wp-content\/uploads\/2020\/06\/68a82301-3cb0-4a26-bb3c-e06f75645744-2.jpg","articleSection":["Pol\u00edtica"],"inLanguage":"pt-BR"},{"@type":"WebPage","@id":"https:\/\/noticiasemdestaque.com\/cd\/?p=25213","url":"https:\/\/noticiasemdestaque.com\/cd\/?p=25213","name":"Em Ouro Velho, Dr. Augusto parte na frente em 1\u00aa pesquisa como preferido a Prefeito - Not&iacute;cias em Destaque","isPartOf":{"@id":"https:\/\/noticiasemdestaque.com\/cd\/#website"},"primaryImageOfPage":{"@id":"https:\/\/noticiasemdestaque.com\/cd\/?p=25213#primaryimage"},"image":{"@id":"https:\/\/noticiasemdestaque.com\/cd\/?p=25213#primaryimage"},"thumbnailUrl":"https:\/\/noticiasemdestaque.com\/cd\/wp-content\/uploads\/2020\/06\/68a82301-3cb0-4a26-bb3c-e06f75645744-2.jpg","datePublished":"2020-06-05T15:09:20+00:00","dateModified":"2020-06-05T15:10:42+00:00","breadcrumb":{"@id":"https:\/\/noticiasemdestaque.com\/cd\/?p=25213#breadcrumb"},"inLanguage":"pt-BR","potentialAction":[{"@type":"ReadAction","target":["https:\/\/noticiasemdestaque.com\/cd\/?p=25213"]}]},{"@type":"ImageObject","inLanguage":"pt-BR","@id":"https:\/\/noticiasemdestaque.com\/cd\/?p=25213#primaryimage","url":"https:\/\/noticiasemdestaque.com\/cd\/wp-content\/uploads\/2020\/06\/68a82301-3cb0-4a26-bb3c-e06f75645744-2.jpg","contentUrl":"https:\/\/noticiasemdestaque.com\/cd\/wp-content\/uploads\/2020\/06\/68a82301-3cb0-4a26-bb3c-e06f75645744-2.jpg","width":694,"height":701},{"@type":"BreadcrumbList","@id":"https:\/\/noticiasemdestaque.com\/cd\/?p=25213#breadcrumb","itemListElement":[{"@type":"ListItem","position":1,"name":"In\u00edcio","item":"https:\/\/noticiasemdestaque.com\/cd\/"},{"@type":"ListItem","position":2,"name":"Em Ouro Velho, Dr. Augusto parte na frente em 1\u00aa pesquisa como preferido a Prefeito"}]},{"@type":"WebSite","@id":"https:\/\/noticiasemdestaque.com\/cd\/#website","url":"https:\/\/noticiasemdestaque.com\/cd\/","name":"Not&iacute;cias em Destaque","description":"","publisher":{"@id":"https:\/\/noticiasemdestaque.com\/cd\/#organization"},"potentialAction":[{"@type":"SearchAction","target":{"@type":"EntryPoint","urlTemplate":"https:\/\/noticiasemdestaque.com\/cd\/?s={search_term_string}"},"query-input":{"@type":"PropertyValueSpecification","valueRequired":true,"valueName":"search_term_string"}}],"inLanguage":"pt-BR"},{"@type":"Organization","@id":"https:\/\/noticiasemdestaque.com\/cd\/#organization","name":"Not\u00edcias em Destaque","url":"https:\/\/noticiasemdestaque.com\/cd\/","logo":{"@type":"ImageObject","inLanguage":"pt-BR","@id":"https:\/\/noticiasemdestaque.com\/cd\/#\/schema\/logo\/image\/","url":"https:\/\/noticiasemdestaque.com\/cd\/wp-content\/uploads\/2022\/05\/imagem-base-noticiasemdestaque.png","contentUrl":"https:\/\/noticiasemdestaque.com\/cd\/wp-content\/uploads\/2022\/05\/imagem-base-noticiasemdestaque.png","width":1200,"height":630,"caption":"Not\u00edcias em Destaque"},"image":{"@id":"https:\/\/noticiasemdestaque.com\/cd\/#\/schema\/logo\/image\/"}},{"@type":"Person","@id":"https:\/\/noticiasemdestaque.com\/cd\/#\/schema\/person\/21320b03a7e8bb90128938dafc9b908a","name":"Not\u00edcias em Destaque","url":"https:\/\/noticiasemdestaque.com\/cd\/?author=2"}]}},"jetpack_featured_media_url":"https:\/\/noticiasemdestaque.com\/cd\/wp-content\/uploads\/2020\/06\/68a82301-3cb0-4a26-bb3c-e06f75645744-2.jpg","jetpack_sharing_enabled":true,"_links":{"self":[{"href":"https:\/\/noticiasemdestaque.com\/cd\/index.php?rest_route=\/wp\/v2\/posts\/25213","targetHints":{"allow":["GET"]}}],"collection":[{"href":"https:\/\/noticiasemdestaque.com\/cd\/index.php?rest_route=\/wp\/v2\/posts"}],"about":[{"href":"https:\/\/noticiasemdestaque.com\/cd\/index.php?rest_route=\/wp\/v2\/types\/post"}],"author":[{"embeddable":true,"href":"https:\/\/noticiasemdestaque.com\/cd\/index.php?rest_route=\/wp\/v2\/users\/2"}],"replies":[{"embeddable":true,"href":"https:\/\/noticiasemdestaque.com\/cd\/index.php?rest_route=%2Fwp%2Fv2%2Fcomments&post=25213"}],"version-history":[{"count":1,"href":"https:\/\/noticiasemdestaque.com\/cd\/index.php?rest_route=\/wp\/v2\/posts\/25213\/revisions"}],"predecessor-version":[{"id":25215,"href":"https:\/\/noticiasemdestaque.com\/cd\/index.php?rest_route=\/wp\/v2\/posts\/25213\/revisions\/25215"}],"wp:featuredmedia":[{"embeddable":true,"href":"https:\/\/noticiasemdestaque.com\/cd\/index.php?rest_route=\/wp\/v2\/media\/25217"}],"wp:attachment":[{"href":"https:\/\/noticiasemdestaque.com\/cd\/index.php?rest_route=%2Fwp%2Fv2%2Fmedia&parent=25213"}],"wp:term":[{"taxonomy":"category","embeddable":true,"href":"https:\/\/noticiasemdestaque.com\/cd\/index.php?rest_route=%2Fwp%2Fv2%2Fcategories&post=25213"},{"taxonomy":"post_tag","embeddable":true,"href":"https:\/\/noticiasemdestaque.com\/cd\/index.php?rest_route=%2Fwp%2Fv2%2Ftags&post=25213"}],"curies":[{"name":"wp","href":"https:\/\/api.w.org\/{rel}","templated":true}]}}