{"id":25200,"date":"2020-06-05T07:28:20","date_gmt":"2020-06-05T10:28:20","guid":{"rendered":"http:\/\/noticiasemdestaque.com\/cd\/?p=25200"},"modified":"2020-06-05T07:28:40","modified_gmt":"2020-06-05T10:28:40","slug":"bolsonaro-confirma-mais-duas-parcelas-do-auxilio-emergencial","status":"publish","type":"post","link":"https:\/\/noticiasemdestaque.com\/cd\/?p=25200","title":{"rendered":"Bolsonaro confirma mais duas parcelas do aux\u00edlio emergencial"},"content":{"rendered":"<p><a href=\"https:\/\/noticiasemdestaque.com\/cd\/wp-content\/uploads\/2018\/12\/vac_abr_1012188650.jpg\"><img fetchpriority=\"high\" decoding=\"async\" class=\"wp-image-14607 aligncenter\" src=\"https:\/\/noticiasemdestaque.com\/cd\/wp-content\/uploads\/2018\/12\/vac_abr_1012188650-1024x683.jpg\" alt=\"\" width=\"484\" height=\"323\" srcset=\"https:\/\/noticiasemdestaque.com\/cd\/wp-content\/uploads\/2018\/12\/vac_abr_1012188650-1024x683.jpg 1024w, https:\/\/noticiasemdestaque.com\/cd\/wp-content\/uploads\/2018\/12\/vac_abr_1012188650-300x200.jpg 300w, https:\/\/noticiasemdestaque.com\/cd\/wp-content\/uploads\/2018\/12\/vac_abr_1012188650-768x512.jpg 768w, https:\/\/noticiasemdestaque.com\/cd\/wp-content\/uploads\/2018\/12\/vac_abr_1012188650-480x320.jpg 480w, https:\/\/noticiasemdestaque.com\/cd\/wp-content\/uploads\/2018\/12\/vac_abr_1012188650.jpg 1140w\" sizes=\"(max-width: 484px) 100vw, 484px\" \/><\/a><\/p>\n<p>O presidente Jair Bolsonaro afirmou nesta quinta-feira (4) que foi acertado o pagamento de mais duas parcelas do aux\u00edlio emergencial, mas com valor inferior aos atuais R$ 600. A informa\u00e7\u00e3o foi dada pelo presidente durante sua live semanal, transmitida pelas redes sociais.<\/p>\n<p>&#8220;Vai ter, tamb\u00e9m acertado com o [ministro da Economia] Paulo Guedes, a quarta e a quinta parcela do aux\u00edlio emergencial. Vai ser menor do que os R$ 600, para ir partindo exatamete para um fim, porque cada vez que n\u00f3s pagamos esse aux\u00edlio emergencial, d\u00e1 quase R$ 40 bilh\u00f5es. \u00c9 mais do que os 13 meses do Bolsa Fam\u00edlia. O Estado n\u00e3o aguenta. O Estado n\u00e3o, o contribuinte brasileiro n\u00e3o aguenta. Ent\u00e3o, vai deixar de existir. A gente espera que o com\u00e9rcio volte a funcionar, os informais voltem a trabalhar, bem como outros tamb\u00e9m que perderam emprego&#8221;, disse.<\/p>\n<p>O aux\u00edlio emergencial foi aprovado pelo Congresso Nacional em abril e prev\u00ea o pagamento de tr\u00eas parcelas de R$ 600 para trabalhadores informais, integrantes do Bolsa Fam\u00edlia e pessoas de baixa renda. Mais de 59 milh\u00f5es tiveram o benef\u00edcio aprovado. O novo valor ainda n\u00e3o foi anunciado pelo governo.<\/p>\n<p>O presidente tamb\u00e9m antecipou um poss\u00edvel aumento no valor do benef\u00edcio do Bolsa Fam\u00edlia, pago a cerca de 14 milh\u00f5es de fam\u00edlias em situa\u00e7\u00e3o de pobreza e pobreza extrema. O valor do eventual aumento ainda ser\u00e1 anunciado, garantiu o presidente, sem especificar uma data.<\/p>\n<p>&#8220;Acho que o pessoal do Bolsa Fam\u00edlia vai ter uma boa surpresa, n\u00e3o vai demorar. S\u00e3o pessoas que necessitam desse aux\u00edlio, que parece que est\u00e1 um pouquinho baixo. Ent\u00e3o, se Deus quiser, a gente vai ter uma novidade no tocante a isso a\u00ed&#8221;, afirmou.<\/p>\n<p><em><strong>Not\u00edcias em Destaque<\/strong><\/em><\/p>\n<p>Com EBC<\/p>\n","protected":false},"excerpt":{"rendered":"<p>O presidente Jair Bolsonaro afirmou nesta quinta-feira (4) que foi acertado o pagamento de mais duas parcelas do aux\u00edlio emergencial, mas com valor inferior aos atuais R$ 600. A informa\u00e7\u00e3o foi dada pelo presidente durante sua live semanal, transmitida pelas redes sociais. &#8220;Vai ter, tamb\u00e9m acertado com o [ministro da Economia] Paulo Guedes, a quarta e a quinta parcela do aux\u00edlio emergencial. Vai ser menor do que os R$ 600, para ir partindo exatamete para um fim, porque cada vez que n\u00f3s pagamos esse aux\u00edlio emergencial, d\u00e1 quase R$ 40 bilh\u00f5es. \u00c9 mais do que os 13 meses do Bolsa Fam\u00edlia. O Estado n\u00e3o aguenta. O Estado n\u00e3o, o contribuinte brasileiro n\u00e3o aguenta. Ent\u00e3o, vai deixar de existir. A gente espera que o com\u00e9rcio volte a funcionar, os informais voltem a trabalhar, bem como outros tamb\u00e9m que perderam emprego&#8221;, disse. O aux\u00edlio emergencial foi aprovado pelo Congresso Nacional em abril e prev\u00ea o pagamento de tr\u00eas parcelas de R$ 600 para trabalhadores informais, integrantes do Bolsa Fam\u00edlia e pessoas de baixa renda. Mais de 59 milh\u00f5es tiveram o benef\u00edcio aprovado. O novo valor ainda n\u00e3o foi anunciado pelo governo. O presidente tamb\u00e9m antecipou um poss\u00edvel aumento no valor do benef\u00edcio do Bolsa Fam\u00edlia, pago a cerca de 14 milh\u00f5es de fam\u00edlias em situa\u00e7\u00e3o de pobreza e pobreza extrema. O valor do eventual aumento ainda ser\u00e1 anunciado, garantiu o presidente, sem especificar uma data. &#8220;Acho que o pessoal do Bolsa Fam\u00edlia vai ter uma boa surpresa, n\u00e3o vai demorar. S\u00e3o pessoas que necessitam desse aux\u00edlio, que parece que est\u00e1 um pouquinho baixo. Ent\u00e3o, se Deus quiser, a gente vai ter uma novidade no tocante a isso a\u00ed&#8221;, afirmou. Not\u00edcias em Destaque Com EBC<\/p>\n","protected":false},"author":2,"featured_media":14735,"comment_status":"closed","ping_status":"open","sticky":false,"template":"","format":"standard","meta":{"_eb_attr":"","_jetpack_memberships_contains_paid_content":false,"footnotes":""},"categories":[4],"tags":[],"class_list":["post-25200","post","type-post","status-publish","format-standard","has-post-thumbnail","hentry","category-politica"],"yoast_head":"<!-- This site is optimized with the Yoast SEO plugin v26.5 - https:\/\/yoast.com\/wordpress\/plugins\/seo\/ -->\n<title>Bolsonaro confirma mais duas parcelas do aux\u00edlio emergencial - Not&iacute;cias em Destaque<\/title>\n<meta name=\"robots\" content=\"index, follow, max-snippet:-1, max-image-preview:large, max-video-preview:-1\" \/>\n<link rel=\"canonical\" href=\"https:\/\/noticiasemdestaque.com\/cd\/?p=25200\" \/>\n<meta property=\"og:locale\" content=\"pt_BR\" \/>\n<meta property=\"og:type\" content=\"article\" \/>\n<meta property=\"og:title\" content=\"Bolsonaro confirma mais duas parcelas do aux\u00edlio emergencial - Not&iacute;cias em Destaque\" \/>\n<meta property=\"og:description\" content=\"O presidente Jair Bolsonaro afirmou nesta quinta-feira (4) que foi acertado o pagamento de mais duas parcelas do aux\u00edlio emergencial, mas com valor inferior aos atuais R$ 600. A informa\u00e7\u00e3o foi dada pelo presidente durante sua live semanal, transmitida pelas redes sociais. &#8220;Vai ter, tamb\u00e9m acertado com o [ministro da Economia] Paulo Guedes, a quarta e a quinta parcela do aux\u00edlio emergencial. Vai ser menor do que os R$ 600, para ir partindo exatamete para um fim, porque cada vez que n\u00f3s pagamos esse aux\u00edlio emergencial, d\u00e1 quase R$ 40 bilh\u00f5es. \u00c9 mais do que os 13 meses do Bolsa Fam\u00edlia. O Estado n\u00e3o aguenta. O Estado n\u00e3o, o contribuinte brasileiro n\u00e3o aguenta. Ent\u00e3o, vai deixar de existir. A gente espera que o com\u00e9rcio volte a funcionar, os informais voltem a trabalhar, bem como outros tamb\u00e9m que perderam emprego&#8221;, disse. O aux\u00edlio emergencial foi aprovado pelo Congresso Nacional em abril e prev\u00ea o pagamento de tr\u00eas parcelas de R$ 600 para trabalhadores informais, integrantes do Bolsa Fam\u00edlia e pessoas de baixa renda. Mais de 59 milh\u00f5es tiveram o benef\u00edcio aprovado. O novo valor ainda n\u00e3o foi anunciado pelo governo. O presidente tamb\u00e9m antecipou um poss\u00edvel aumento no valor do benef\u00edcio do Bolsa Fam\u00edlia, pago a cerca de 14 milh\u00f5es de fam\u00edlias em situa\u00e7\u00e3o de pobreza e pobreza extrema. O valor do eventual aumento ainda ser\u00e1 anunciado, garantiu o presidente, sem especificar uma data. &#8220;Acho que o pessoal do Bolsa Fam\u00edlia vai ter uma boa surpresa, n\u00e3o vai demorar. S\u00e3o pessoas que necessitam desse aux\u00edlio, que parece que est\u00e1 um pouquinho baixo. Ent\u00e3o, se Deus quiser, a gente vai ter uma novidade no tocante a isso a\u00ed&#8221;, afirmou. Not\u00edcias em Destaque Com EBC\" \/>\n<meta property=\"og:url\" content=\"https:\/\/noticiasemdestaque.com\/cd\/?p=25200\" \/>\n<meta property=\"og:site_name\" content=\"Not&iacute;cias em Destaque\" \/>\n<meta property=\"article:published_time\" content=\"2020-06-05T10:28:20+00:00\" \/>\n<meta property=\"article:modified_time\" content=\"2020-06-05T10:28:40+00:00\" \/>\n<meta property=\"og:image\" content=\"https:\/\/noticiasemdestaque.com\/cd\/wp-content\/uploads\/2019\/01\/bolsonaro-sbt.jpg\" \/>\n\t<meta property=\"og:image:width\" content=\"1000\" \/>\n\t<meta property=\"og:image:height\" content=\"664\" \/>\n\t<meta property=\"og:image:type\" content=\"image\/jpeg\" \/>\n<meta name=\"author\" content=\"Not\u00edcias em Destaque\" \/>\n<meta name=\"twitter:card\" content=\"summary_large_image\" \/>\n<meta name=\"twitter:label1\" content=\"Escrito por\" \/>\n\t<meta name=\"twitter:data1\" content=\"Not\u00edcias em Destaque\" \/>\n\t<meta name=\"twitter:label2\" content=\"Est. tempo de leitura\" \/>\n\t<meta name=\"twitter:data2\" content=\"2 minutos\" \/>\n<script type=\"application\/ld+json\" class=\"yoast-schema-graph\">{\"@context\":\"https:\/\/schema.org\",\"@graph\":[{\"@type\":\"Article\",\"@id\":\"https:\/\/noticiasemdestaque.com\/cd\/?p=25200#article\",\"isPartOf\":{\"@id\":\"https:\/\/noticiasemdestaque.com\/cd\/?p=25200\"},\"author\":{\"name\":\"Not\u00edcias em Destaque\",\"@id\":\"https:\/\/noticiasemdestaque.com\/cd\/#\/schema\/person\/21320b03a7e8bb90128938dafc9b908a\"},\"headline\":\"Bolsonaro confirma mais duas parcelas do aux\u00edlio emergencial\",\"datePublished\":\"2020-06-05T10:28:20+00:00\",\"dateModified\":\"2020-06-05T10:28:40+00:00\",\"mainEntityOfPage\":{\"@id\":\"https:\/\/noticiasemdestaque.com\/cd\/?p=25200\"},\"wordCount\":315,\"publisher\":{\"@id\":\"https:\/\/noticiasemdestaque.com\/cd\/#organization\"},\"image\":{\"@id\":\"https:\/\/noticiasemdestaque.com\/cd\/?p=25200#primaryimage\"},\"thumbnailUrl\":\"https:\/\/noticiasemdestaque.com\/cd\/wp-content\/uploads\/2019\/01\/bolsonaro-sbt.jpg\",\"articleSection\":[\"Pol\u00edtica\"],\"inLanguage\":\"pt-BR\"},{\"@type\":\"WebPage\",\"@id\":\"https:\/\/noticiasemdestaque.com\/cd\/?p=25200\",\"url\":\"https:\/\/noticiasemdestaque.com\/cd\/?p=25200\",\"name\":\"Bolsonaro confirma mais duas parcelas do aux\u00edlio emergencial - Not&iacute;cias em Destaque\",\"isPartOf\":{\"@id\":\"https:\/\/noticiasemdestaque.com\/cd\/#website\"},\"primaryImageOfPage\":{\"@id\":\"https:\/\/noticiasemdestaque.com\/cd\/?p=25200#primaryimage\"},\"image\":{\"@id\":\"https:\/\/noticiasemdestaque.com\/cd\/?p=25200#primaryimage\"},\"thumbnailUrl\":\"https:\/\/noticiasemdestaque.com\/cd\/wp-content\/uploads\/2019\/01\/bolsonaro-sbt.jpg\",\"datePublished\":\"2020-06-05T10:28:20+00:00\",\"dateModified\":\"2020-06-05T10:28:40+00:00\",\"breadcrumb\":{\"@id\":\"https:\/\/noticiasemdestaque.com\/cd\/?p=25200#breadcrumb\"},\"inLanguage\":\"pt-BR\",\"potentialAction\":[{\"@type\":\"ReadAction\",\"target\":[\"https:\/\/noticiasemdestaque.com\/cd\/?p=25200\"]}]},{\"@type\":\"ImageObject\",\"inLanguage\":\"pt-BR\",\"@id\":\"https:\/\/noticiasemdestaque.com\/cd\/?p=25200#primaryimage\",\"url\":\"https:\/\/noticiasemdestaque.com\/cd\/wp-content\/uploads\/2019\/01\/bolsonaro-sbt.jpg\",\"contentUrl\":\"https:\/\/noticiasemdestaque.com\/cd\/wp-content\/uploads\/2019\/01\/bolsonaro-sbt.jpg\",\"width\":1000,\"height\":664},{\"@type\":\"BreadcrumbList\",\"@id\":\"https:\/\/noticiasemdestaque.com\/cd\/?p=25200#breadcrumb\",\"itemListElement\":[{\"@type\":\"ListItem\",\"position\":1,\"name\":\"In\u00edcio\",\"item\":\"https:\/\/noticiasemdestaque.com\/cd\/\"},{\"@type\":\"ListItem\",\"position\":2,\"name\":\"Bolsonaro confirma mais duas parcelas do aux\u00edlio emergencial\"}]},{\"@type\":\"WebSite\",\"@id\":\"https:\/\/noticiasemdestaque.com\/cd\/#website\",\"url\":\"https:\/\/noticiasemdestaque.com\/cd\/\",\"name\":\"Not&iacute;cias em Destaque\",\"description\":\"\",\"publisher\":{\"@id\":\"https:\/\/noticiasemdestaque.com\/cd\/#organization\"},\"potentialAction\":[{\"@type\":\"SearchAction\",\"target\":{\"@type\":\"EntryPoint\",\"urlTemplate\":\"https:\/\/noticiasemdestaque.com\/cd\/?s={search_term_string}\"},\"query-input\":{\"@type\":\"PropertyValueSpecification\",\"valueRequired\":true,\"valueName\":\"search_term_string\"}}],\"inLanguage\":\"pt-BR\"},{\"@type\":\"Organization\",\"@id\":\"https:\/\/noticiasemdestaque.com\/cd\/#organization\",\"name\":\"Not\u00edcias em Destaque\",\"url\":\"https:\/\/noticiasemdestaque.com\/cd\/\",\"logo\":{\"@type\":\"ImageObject\",\"inLanguage\":\"pt-BR\",\"@id\":\"https:\/\/noticiasemdestaque.com\/cd\/#\/schema\/logo\/image\/\",\"url\":\"https:\/\/noticiasemdestaque.com\/cd\/wp-content\/uploads\/2022\/05\/imagem-base-noticiasemdestaque.png\",\"contentUrl\":\"https:\/\/noticiasemdestaque.com\/cd\/wp-content\/uploads\/2022\/05\/imagem-base-noticiasemdestaque.png\",\"width\":1200,\"height\":630,\"caption\":\"Not\u00edcias em Destaque\"},\"image\":{\"@id\":\"https:\/\/noticiasemdestaque.com\/cd\/#\/schema\/logo\/image\/\"}},{\"@type\":\"Person\",\"@id\":\"https:\/\/noticiasemdestaque.com\/cd\/#\/schema\/person\/21320b03a7e8bb90128938dafc9b908a\",\"name\":\"Not\u00edcias em Destaque\",\"url\":\"https:\/\/noticiasemdestaque.com\/cd\/?author=2\"}]}<\/script>\n<!-- \/ Yoast SEO plugin. -->","yoast_head_json":{"title":"Bolsonaro confirma mais duas parcelas do aux\u00edlio emergencial - Not&iacute;cias em Destaque","robots":{"index":"index","follow":"follow","max-snippet":"max-snippet:-1","max-image-preview":"max-image-preview:large","max-video-preview":"max-video-preview:-1"},"canonical":"https:\/\/noticiasemdestaque.com\/cd\/?p=25200","og_locale":"pt_BR","og_type":"article","og_title":"Bolsonaro confirma mais duas parcelas do aux\u00edlio emergencial - Not&iacute;cias em Destaque","og_description":"O presidente Jair Bolsonaro afirmou nesta quinta-feira (4) que foi acertado o pagamento de mais duas parcelas do aux\u00edlio emergencial, mas com valor inferior aos atuais R$ 600. A informa\u00e7\u00e3o foi dada pelo presidente durante sua live semanal, transmitida pelas redes sociais. &#8220;Vai ter, tamb\u00e9m acertado com o [ministro da Economia] Paulo Guedes, a quarta e a quinta parcela do aux\u00edlio emergencial. Vai ser menor do que os R$ 600, para ir partindo exatamete para um fim, porque cada vez que n\u00f3s pagamos esse aux\u00edlio emergencial, d\u00e1 quase R$ 40 bilh\u00f5es. \u00c9 mais do que os 13 meses do Bolsa Fam\u00edlia. O Estado n\u00e3o aguenta. O Estado n\u00e3o, o contribuinte brasileiro n\u00e3o aguenta. Ent\u00e3o, vai deixar de existir. A gente espera que o com\u00e9rcio volte a funcionar, os informais voltem a trabalhar, bem como outros tamb\u00e9m que perderam emprego&#8221;, disse. O aux\u00edlio emergencial foi aprovado pelo Congresso Nacional em abril e prev\u00ea o pagamento de tr\u00eas parcelas de R$ 600 para trabalhadores informais, integrantes do Bolsa Fam\u00edlia e pessoas de baixa renda. Mais de 59 milh\u00f5es tiveram o benef\u00edcio aprovado. O novo valor ainda n\u00e3o foi anunciado pelo governo. O presidente tamb\u00e9m antecipou um poss\u00edvel aumento no valor do benef\u00edcio do Bolsa Fam\u00edlia, pago a cerca de 14 milh\u00f5es de fam\u00edlias em situa\u00e7\u00e3o de pobreza e pobreza extrema. O valor do eventual aumento ainda ser\u00e1 anunciado, garantiu o presidente, sem especificar uma data. &#8220;Acho que o pessoal do Bolsa Fam\u00edlia vai ter uma boa surpresa, n\u00e3o vai demorar. S\u00e3o pessoas que necessitam desse aux\u00edlio, que parece que est\u00e1 um pouquinho baixo. Ent\u00e3o, se Deus quiser, a gente vai ter uma novidade no tocante a isso a\u00ed&#8221;, afirmou. Not\u00edcias em Destaque Com EBC","og_url":"https:\/\/noticiasemdestaque.com\/cd\/?p=25200","og_site_name":"Not&iacute;cias em Destaque","article_published_time":"2020-06-05T10:28:20+00:00","article_modified_time":"2020-06-05T10:28:40+00:00","og_image":[{"width":1000,"height":664,"url":"https:\/\/noticiasemdestaque.com\/cd\/wp-content\/uploads\/2019\/01\/bolsonaro-sbt.jpg","type":"image\/jpeg"}],"author":"Not\u00edcias em Destaque","twitter_card":"summary_large_image","twitter_misc":{"Escrito por":"Not\u00edcias em Destaque","Est. tempo de leitura":"2 minutos"},"schema":{"@context":"https:\/\/schema.org","@graph":[{"@type":"Article","@id":"https:\/\/noticiasemdestaque.com\/cd\/?p=25200#article","isPartOf":{"@id":"https:\/\/noticiasemdestaque.com\/cd\/?p=25200"},"author":{"name":"Not\u00edcias em Destaque","@id":"https:\/\/noticiasemdestaque.com\/cd\/#\/schema\/person\/21320b03a7e8bb90128938dafc9b908a"},"headline":"Bolsonaro confirma mais duas parcelas do aux\u00edlio emergencial","datePublished":"2020-06-05T10:28:20+00:00","dateModified":"2020-06-05T10:28:40+00:00","mainEntityOfPage":{"@id":"https:\/\/noticiasemdestaque.com\/cd\/?p=25200"},"wordCount":315,"publisher":{"@id":"https:\/\/noticiasemdestaque.com\/cd\/#organization"},"image":{"@id":"https:\/\/noticiasemdestaque.com\/cd\/?p=25200#primaryimage"},"thumbnailUrl":"https:\/\/noticiasemdestaque.com\/cd\/wp-content\/uploads\/2019\/01\/bolsonaro-sbt.jpg","articleSection":["Pol\u00edtica"],"inLanguage":"pt-BR"},{"@type":"WebPage","@id":"https:\/\/noticiasemdestaque.com\/cd\/?p=25200","url":"https:\/\/noticiasemdestaque.com\/cd\/?p=25200","name":"Bolsonaro confirma mais duas parcelas do aux\u00edlio emergencial - Not&iacute;cias em Destaque","isPartOf":{"@id":"https:\/\/noticiasemdestaque.com\/cd\/#website"},"primaryImageOfPage":{"@id":"https:\/\/noticiasemdestaque.com\/cd\/?p=25200#primaryimage"},"image":{"@id":"https:\/\/noticiasemdestaque.com\/cd\/?p=25200#primaryimage"},"thumbnailUrl":"https:\/\/noticiasemdestaque.com\/cd\/wp-content\/uploads\/2019\/01\/bolsonaro-sbt.jpg","datePublished":"2020-06-05T10:28:20+00:00","dateModified":"2020-06-05T10:28:40+00:00","breadcrumb":{"@id":"https:\/\/noticiasemdestaque.com\/cd\/?p=25200#breadcrumb"},"inLanguage":"pt-BR","potentialAction":[{"@type":"ReadAction","target":["https:\/\/noticiasemdestaque.com\/cd\/?p=25200"]}]},{"@type":"ImageObject","inLanguage":"pt-BR","@id":"https:\/\/noticiasemdestaque.com\/cd\/?p=25200#primaryimage","url":"https:\/\/noticiasemdestaque.com\/cd\/wp-content\/uploads\/2019\/01\/bolsonaro-sbt.jpg","contentUrl":"https:\/\/noticiasemdestaque.com\/cd\/wp-content\/uploads\/2019\/01\/bolsonaro-sbt.jpg","width":1000,"height":664},{"@type":"BreadcrumbList","@id":"https:\/\/noticiasemdestaque.com\/cd\/?p=25200#breadcrumb","itemListElement":[{"@type":"ListItem","position":1,"name":"In\u00edcio","item":"https:\/\/noticiasemdestaque.com\/cd\/"},{"@type":"ListItem","position":2,"name":"Bolsonaro confirma mais duas parcelas do aux\u00edlio emergencial"}]},{"@type":"WebSite","@id":"https:\/\/noticiasemdestaque.com\/cd\/#website","url":"https:\/\/noticiasemdestaque.com\/cd\/","name":"Not&iacute;cias em Destaque","description":"","publisher":{"@id":"https:\/\/noticiasemdestaque.com\/cd\/#organization"},"potentialAction":[{"@type":"SearchAction","target":{"@type":"EntryPoint","urlTemplate":"https:\/\/noticiasemdestaque.com\/cd\/?s={search_term_string}"},"query-input":{"@type":"PropertyValueSpecification","valueRequired":true,"valueName":"search_term_string"}}],"inLanguage":"pt-BR"},{"@type":"Organization","@id":"https:\/\/noticiasemdestaque.com\/cd\/#organization","name":"Not\u00edcias em Destaque","url":"https:\/\/noticiasemdestaque.com\/cd\/","logo":{"@type":"ImageObject","inLanguage":"pt-BR","@id":"https:\/\/noticiasemdestaque.com\/cd\/#\/schema\/logo\/image\/","url":"https:\/\/noticiasemdestaque.com\/cd\/wp-content\/uploads\/2022\/05\/imagem-base-noticiasemdestaque.png","contentUrl":"https:\/\/noticiasemdestaque.com\/cd\/wp-content\/uploads\/2022\/05\/imagem-base-noticiasemdestaque.png","width":1200,"height":630,"caption":"Not\u00edcias em Destaque"},"image":{"@id":"https:\/\/noticiasemdestaque.com\/cd\/#\/schema\/logo\/image\/"}},{"@type":"Person","@id":"https:\/\/noticiasemdestaque.com\/cd\/#\/schema\/person\/21320b03a7e8bb90128938dafc9b908a","name":"Not\u00edcias em Destaque","url":"https:\/\/noticiasemdestaque.com\/cd\/?author=2"}]}},"jetpack_featured_media_url":"https:\/\/noticiasemdestaque.com\/cd\/wp-content\/uploads\/2019\/01\/bolsonaro-sbt.jpg","jetpack_sharing_enabled":true,"_links":{"self":[{"href":"https:\/\/noticiasemdestaque.com\/cd\/index.php?rest_route=\/wp\/v2\/posts\/25200","targetHints":{"allow":["GET"]}}],"collection":[{"href":"https:\/\/noticiasemdestaque.com\/cd\/index.php?rest_route=\/wp\/v2\/posts"}],"about":[{"href":"https:\/\/noticiasemdestaque.com\/cd\/index.php?rest_route=\/wp\/v2\/types\/post"}],"author":[{"embeddable":true,"href":"https:\/\/noticiasemdestaque.com\/cd\/index.php?rest_route=\/wp\/v2\/users\/2"}],"replies":[{"embeddable":true,"href":"https:\/\/noticiasemdestaque.com\/cd\/index.php?rest_route=%2Fwp%2Fv2%2Fcomments&post=25200"}],"version-history":[{"count":2,"href":"https:\/\/noticiasemdestaque.com\/cd\/index.php?rest_route=\/wp\/v2\/posts\/25200\/revisions"}],"predecessor-version":[{"id":25202,"href":"https:\/\/noticiasemdestaque.com\/cd\/index.php?rest_route=\/wp\/v2\/posts\/25200\/revisions\/25202"}],"wp:featuredmedia":[{"embeddable":true,"href":"https:\/\/noticiasemdestaque.com\/cd\/index.php?rest_route=\/wp\/v2\/media\/14735"}],"wp:attachment":[{"href":"https:\/\/noticiasemdestaque.com\/cd\/index.php?rest_route=%2Fwp%2Fv2%2Fmedia&parent=25200"}],"wp:term":[{"taxonomy":"category","embeddable":true,"href":"https:\/\/noticiasemdestaque.com\/cd\/index.php?rest_route=%2Fwp%2Fv2%2Fcategories&post=25200"},{"taxonomy":"post_tag","embeddable":true,"href":"https:\/\/noticiasemdestaque.com\/cd\/index.php?rest_route=%2Fwp%2Fv2%2Ftags&post=25200"}],"curies":[{"name":"wp","href":"https:\/\/api.w.org\/{rel}","templated":true}]}}