{"id":25192,"date":"2020-06-04T17:18:00","date_gmt":"2020-06-04T20:18:00","guid":{"rendered":"http:\/\/noticiasemdestaque.com\/cd\/?p=25192"},"modified":"2020-06-04T17:18:00","modified_gmt":"2020-06-04T20:18:00","slug":"monteiro-confirma-mais-um-caso-e-registra-60-dos-casos-recuperados","status":"publish","type":"post","link":"https:\/\/noticiasemdestaque.com\/cd\/?p=25192","title":{"rendered":"Monteiro confirma mais um caso e registra 60% dos casos recuperados"},"content":{"rendered":"<p><a href=\"https:\/\/noticiasemdestaque.com\/cd\/wp-content\/uploads\/2020\/06\/d9114b9a-a909-4873-a118-b93bc1631c7a.jpg\"><img fetchpriority=\"high\" decoding=\"async\" class=\"wp-image-25193 aligncenter\" src=\"https:\/\/noticiasemdestaque.com\/cd\/wp-content\/uploads\/2020\/06\/d9114b9a-a909-4873-a118-b93bc1631c7a-1024x1024.jpg\" alt=\"\" width=\"538\" height=\"538\" srcset=\"https:\/\/noticiasemdestaque.com\/cd\/wp-content\/uploads\/2020\/06\/d9114b9a-a909-4873-a118-b93bc1631c7a-1024x1024.jpg 1024w, https:\/\/noticiasemdestaque.com\/cd\/wp-content\/uploads\/2020\/06\/d9114b9a-a909-4873-a118-b93bc1631c7a-150x150.jpg 150w, https:\/\/noticiasemdestaque.com\/cd\/wp-content\/uploads\/2020\/06\/d9114b9a-a909-4873-a118-b93bc1631c7a-300x300.jpg 300w, https:\/\/noticiasemdestaque.com\/cd\/wp-content\/uploads\/2020\/06\/d9114b9a-a909-4873-a118-b93bc1631c7a-768x768.jpg 768w, https:\/\/noticiasemdestaque.com\/cd\/wp-content\/uploads\/2020\/06\/d9114b9a-a909-4873-a118-b93bc1631c7a.jpg 1080w\" sizes=\"(max-width: 538px) 100vw, 538px\" \/><\/a><\/p>\n<p>A Prefeitura de Monteiro, atrav\u00e9s da Secret\u00e1ria de Sa\u00fade, divulgou no final da tarde desta quinta-feira, 4, mais um boletim epidemiol\u00f3gico do COVID \u2013 19, confirmando um \u00fanico caso nas \u00faltimas 24 horas.<\/p>\n<div class=\"text_exposed_show\">\n<p>Trata-se de uma jovem, 19 anos, sexo feminino que est\u00e1 em isolamento domiciliar e com acompanhamento da equipe de sa\u00fade, inclusive de psic\u00f3logos para o paciente, e familiares.<\/p>\n<p>A Secret\u00e1ria de Sa\u00fade tamb\u00e9m registrou que nesta quinta-feira mais tr\u00eas pacientes, que anteriormente testaram positivo, foram atestados como RECUPERADOS, e, neste caso, apenas 13 pacientes continuam com a s\u00edndrome do coronav\u00edrus, representando mais de 60% dos casos recuperados.<\/p>\n<p>A prefeita Anna Lorena ao comentar os novos n\u00fameros refor\u00e7ou a import\u00e2ncia de toda popula\u00e7\u00e3o seguir as orienta\u00e7\u00f5es do distanciamento social, o uso de m\u00e1scaras, a higieniza\u00e7\u00e3o das m\u00e3os com \u00e1lcool 70% e demais medidas apresentadas pela Secretaria de Sa\u00fade<\/p>\n<\/div>\n","protected":false},"excerpt":{"rendered":"<p>A Prefeitura de Monteiro, atrav\u00e9s da Secret\u00e1ria de Sa\u00fade, divulgou no final da tarde desta quinta-feira, 4, mais um boletim epidemiol\u00f3gico do COVID \u2013 19, confirmando um \u00fanico caso nas \u00faltimas 24 horas. Trata-se de uma jovem, 19 anos, sexo feminino que est\u00e1 em isolamento domiciliar e com acompanhamento da equipe de sa\u00fade, inclusive de psic\u00f3logos para o paciente, e familiares. A Secret\u00e1ria de Sa\u00fade tamb\u00e9m registrou que nesta quinta-feira mais tr\u00eas pacientes, que anteriormente testaram positivo, foram atestados como RECUPERADOS, e, neste caso, apenas 13 pacientes continuam com a s\u00edndrome do coronav\u00edrus, representando mais de 60% dos casos recuperados. A prefeita Anna Lorena ao comentar os novos n\u00fameros refor\u00e7ou a import\u00e2ncia de toda popula\u00e7\u00e3o seguir as orienta\u00e7\u00f5es do distanciamento social, o uso de m\u00e1scaras, a higieniza\u00e7\u00e3o das m\u00e3os com \u00e1lcool 70% e demais medidas apresentadas pela Secretaria de Sa\u00fade<\/p>\n","protected":false},"author":2,"featured_media":25193,"comment_status":"closed","ping_status":"open","sticky":false,"template":"","format":"standard","meta":{"_eb_attr":"","_jetpack_memberships_contains_paid_content":false,"footnotes":""},"categories":[8],"tags":[],"class_list":["post-25192","post","type-post","status-publish","format-standard","has-post-thumbnail","hentry","category-saude"],"yoast_head":"<!-- This site is optimized with the Yoast SEO plugin v26.5 - https:\/\/yoast.com\/wordpress\/plugins\/seo\/ -->\n<title>Monteiro confirma mais um caso e registra 60% dos casos recuperados - Not&iacute;cias em Destaque<\/title>\n<meta name=\"robots\" content=\"index, follow, max-snippet:-1, max-image-preview:large, max-video-preview:-1\" \/>\n<link rel=\"canonical\" href=\"https:\/\/noticiasemdestaque.com\/cd\/?p=25192\" \/>\n<meta property=\"og:locale\" content=\"pt_BR\" \/>\n<meta property=\"og:type\" content=\"article\" \/>\n<meta property=\"og:title\" content=\"Monteiro confirma mais um caso e registra 60% dos casos recuperados - Not&iacute;cias em Destaque\" \/>\n<meta property=\"og:description\" content=\"A Prefeitura de Monteiro, atrav\u00e9s da Secret\u00e1ria de Sa\u00fade, divulgou no final da tarde desta quinta-feira, 4, mais um boletim epidemiol\u00f3gico do COVID \u2013 19, confirmando um \u00fanico caso nas \u00faltimas 24 horas. Trata-se de uma jovem, 19 anos, sexo feminino que est\u00e1 em isolamento domiciliar e com acompanhamento da equipe de sa\u00fade, inclusive de psic\u00f3logos para o paciente, e familiares. A Secret\u00e1ria de Sa\u00fade tamb\u00e9m registrou que nesta quinta-feira mais tr\u00eas pacientes, que anteriormente testaram positivo, foram atestados como RECUPERADOS, e, neste caso, apenas 13 pacientes continuam com a s\u00edndrome do coronav\u00edrus, representando mais de 60% dos casos recuperados. A prefeita Anna Lorena ao comentar os novos n\u00fameros refor\u00e7ou a import\u00e2ncia de toda popula\u00e7\u00e3o seguir as orienta\u00e7\u00f5es do distanciamento social, o uso de m\u00e1scaras, a higieniza\u00e7\u00e3o das m\u00e3os com \u00e1lcool 70% e demais medidas apresentadas pela Secretaria de Sa\u00fade\" \/>\n<meta property=\"og:url\" content=\"https:\/\/noticiasemdestaque.com\/cd\/?p=25192\" \/>\n<meta property=\"og:site_name\" content=\"Not&iacute;cias em Destaque\" \/>\n<meta property=\"article:published_time\" content=\"2020-06-04T20:18:00+00:00\" \/>\n<meta property=\"og:image\" content=\"https:\/\/noticiasemdestaque.com\/cd\/wp-content\/uploads\/2020\/06\/d9114b9a-a909-4873-a118-b93bc1631c7a.jpg\" \/>\n\t<meta property=\"og:image:width\" content=\"1080\" \/>\n\t<meta property=\"og:image:height\" content=\"1080\" \/>\n\t<meta property=\"og:image:type\" content=\"image\/jpeg\" \/>\n<meta name=\"author\" content=\"Not\u00edcias em Destaque\" \/>\n<meta name=\"twitter:card\" content=\"summary_large_image\" \/>\n<meta name=\"twitter:label1\" content=\"Escrito por\" \/>\n\t<meta name=\"twitter:data1\" content=\"Not\u00edcias em Destaque\" \/>\n\t<meta name=\"twitter:label2\" content=\"Est. tempo de leitura\" \/>\n\t<meta name=\"twitter:data2\" content=\"1 minuto\" \/>\n<script type=\"application\/ld+json\" class=\"yoast-schema-graph\">{\"@context\":\"https:\/\/schema.org\",\"@graph\":[{\"@type\":\"Article\",\"@id\":\"https:\/\/noticiasemdestaque.com\/cd\/?p=25192#article\",\"isPartOf\":{\"@id\":\"https:\/\/noticiasemdestaque.com\/cd\/?p=25192\"},\"author\":{\"name\":\"Not\u00edcias em Destaque\",\"@id\":\"https:\/\/noticiasemdestaque.com\/cd\/#\/schema\/person\/21320b03a7e8bb90128938dafc9b908a\"},\"headline\":\"Monteiro confirma mais um caso e registra 60% dos casos recuperados\",\"datePublished\":\"2020-06-04T20:18:00+00:00\",\"mainEntityOfPage\":{\"@id\":\"https:\/\/noticiasemdestaque.com\/cd\/?p=25192\"},\"wordCount\":163,\"publisher\":{\"@id\":\"https:\/\/noticiasemdestaque.com\/cd\/#organization\"},\"image\":{\"@id\":\"https:\/\/noticiasemdestaque.com\/cd\/?p=25192#primaryimage\"},\"thumbnailUrl\":\"https:\/\/noticiasemdestaque.com\/cd\/wp-content\/uploads\/2020\/06\/d9114b9a-a909-4873-a118-b93bc1631c7a.jpg\",\"articleSection\":[\"Sa\u00fade\"],\"inLanguage\":\"pt-BR\"},{\"@type\":\"WebPage\",\"@id\":\"https:\/\/noticiasemdestaque.com\/cd\/?p=25192\",\"url\":\"https:\/\/noticiasemdestaque.com\/cd\/?p=25192\",\"name\":\"Monteiro confirma mais um caso e registra 60% dos casos recuperados - Not&iacute;cias em Destaque\",\"isPartOf\":{\"@id\":\"https:\/\/noticiasemdestaque.com\/cd\/#website\"},\"primaryImageOfPage\":{\"@id\":\"https:\/\/noticiasemdestaque.com\/cd\/?p=25192#primaryimage\"},\"image\":{\"@id\":\"https:\/\/noticiasemdestaque.com\/cd\/?p=25192#primaryimage\"},\"thumbnailUrl\":\"https:\/\/noticiasemdestaque.com\/cd\/wp-content\/uploads\/2020\/06\/d9114b9a-a909-4873-a118-b93bc1631c7a.jpg\",\"datePublished\":\"2020-06-04T20:18:00+00:00\",\"breadcrumb\":{\"@id\":\"https:\/\/noticiasemdestaque.com\/cd\/?p=25192#breadcrumb\"},\"inLanguage\":\"pt-BR\",\"potentialAction\":[{\"@type\":\"ReadAction\",\"target\":[\"https:\/\/noticiasemdestaque.com\/cd\/?p=25192\"]}]},{\"@type\":\"ImageObject\",\"inLanguage\":\"pt-BR\",\"@id\":\"https:\/\/noticiasemdestaque.com\/cd\/?p=25192#primaryimage\",\"url\":\"https:\/\/noticiasemdestaque.com\/cd\/wp-content\/uploads\/2020\/06\/d9114b9a-a909-4873-a118-b93bc1631c7a.jpg\",\"contentUrl\":\"https:\/\/noticiasemdestaque.com\/cd\/wp-content\/uploads\/2020\/06\/d9114b9a-a909-4873-a118-b93bc1631c7a.jpg\",\"width\":1080,\"height\":1080},{\"@type\":\"BreadcrumbList\",\"@id\":\"https:\/\/noticiasemdestaque.com\/cd\/?p=25192#breadcrumb\",\"itemListElement\":[{\"@type\":\"ListItem\",\"position\":1,\"name\":\"In\u00edcio\",\"item\":\"https:\/\/noticiasemdestaque.com\/cd\/\"},{\"@type\":\"ListItem\",\"position\":2,\"name\":\"Monteiro confirma mais um caso e registra 60% dos casos recuperados\"}]},{\"@type\":\"WebSite\",\"@id\":\"https:\/\/noticiasemdestaque.com\/cd\/#website\",\"url\":\"https:\/\/noticiasemdestaque.com\/cd\/\",\"name\":\"Not&iacute;cias em Destaque\",\"description\":\"\",\"publisher\":{\"@id\":\"https:\/\/noticiasemdestaque.com\/cd\/#organization\"},\"potentialAction\":[{\"@type\":\"SearchAction\",\"target\":{\"@type\":\"EntryPoint\",\"urlTemplate\":\"https:\/\/noticiasemdestaque.com\/cd\/?s={search_term_string}\"},\"query-input\":{\"@type\":\"PropertyValueSpecification\",\"valueRequired\":true,\"valueName\":\"search_term_string\"}}],\"inLanguage\":\"pt-BR\"},{\"@type\":\"Organization\",\"@id\":\"https:\/\/noticiasemdestaque.com\/cd\/#organization\",\"name\":\"Not\u00edcias em Destaque\",\"url\":\"https:\/\/noticiasemdestaque.com\/cd\/\",\"logo\":{\"@type\":\"ImageObject\",\"inLanguage\":\"pt-BR\",\"@id\":\"https:\/\/noticiasemdestaque.com\/cd\/#\/schema\/logo\/image\/\",\"url\":\"https:\/\/noticiasemdestaque.com\/cd\/wp-content\/uploads\/2022\/05\/imagem-base-noticiasemdestaque.png\",\"contentUrl\":\"https:\/\/noticiasemdestaque.com\/cd\/wp-content\/uploads\/2022\/05\/imagem-base-noticiasemdestaque.png\",\"width\":1200,\"height\":630,\"caption\":\"Not\u00edcias em Destaque\"},\"image\":{\"@id\":\"https:\/\/noticiasemdestaque.com\/cd\/#\/schema\/logo\/image\/\"}},{\"@type\":\"Person\",\"@id\":\"https:\/\/noticiasemdestaque.com\/cd\/#\/schema\/person\/21320b03a7e8bb90128938dafc9b908a\",\"name\":\"Not\u00edcias em Destaque\",\"url\":\"https:\/\/noticiasemdestaque.com\/cd\/?author=2\"}]}<\/script>\n<!-- \/ Yoast SEO plugin. -->","yoast_head_json":{"title":"Monteiro confirma mais um caso e registra 60% dos casos recuperados - Not&iacute;cias em Destaque","robots":{"index":"index","follow":"follow","max-snippet":"max-snippet:-1","max-image-preview":"max-image-preview:large","max-video-preview":"max-video-preview:-1"},"canonical":"https:\/\/noticiasemdestaque.com\/cd\/?p=25192","og_locale":"pt_BR","og_type":"article","og_title":"Monteiro confirma mais um caso e registra 60% dos casos recuperados - Not&iacute;cias em Destaque","og_description":"A Prefeitura de Monteiro, atrav\u00e9s da Secret\u00e1ria de Sa\u00fade, divulgou no final da tarde desta quinta-feira, 4, mais um boletim epidemiol\u00f3gico do COVID \u2013 19, confirmando um \u00fanico caso nas \u00faltimas 24 horas. Trata-se de uma jovem, 19 anos, sexo feminino que est\u00e1 em isolamento domiciliar e com acompanhamento da equipe de sa\u00fade, inclusive de psic\u00f3logos para o paciente, e familiares. A Secret\u00e1ria de Sa\u00fade tamb\u00e9m registrou que nesta quinta-feira mais tr\u00eas pacientes, que anteriormente testaram positivo, foram atestados como RECUPERADOS, e, neste caso, apenas 13 pacientes continuam com a s\u00edndrome do coronav\u00edrus, representando mais de 60% dos casos recuperados. A prefeita Anna Lorena ao comentar os novos n\u00fameros refor\u00e7ou a import\u00e2ncia de toda popula\u00e7\u00e3o seguir as orienta\u00e7\u00f5es do distanciamento social, o uso de m\u00e1scaras, a higieniza\u00e7\u00e3o das m\u00e3os com \u00e1lcool 70% e demais medidas apresentadas pela Secretaria de Sa\u00fade","og_url":"https:\/\/noticiasemdestaque.com\/cd\/?p=25192","og_site_name":"Not&iacute;cias em Destaque","article_published_time":"2020-06-04T20:18:00+00:00","og_image":[{"width":1080,"height":1080,"url":"https:\/\/noticiasemdestaque.com\/cd\/wp-content\/uploads\/2020\/06\/d9114b9a-a909-4873-a118-b93bc1631c7a.jpg","type":"image\/jpeg"}],"author":"Not\u00edcias em Destaque","twitter_card":"summary_large_image","twitter_misc":{"Escrito por":"Not\u00edcias em Destaque","Est. tempo de leitura":"1 minuto"},"schema":{"@context":"https:\/\/schema.org","@graph":[{"@type":"Article","@id":"https:\/\/noticiasemdestaque.com\/cd\/?p=25192#article","isPartOf":{"@id":"https:\/\/noticiasemdestaque.com\/cd\/?p=25192"},"author":{"name":"Not\u00edcias em Destaque","@id":"https:\/\/noticiasemdestaque.com\/cd\/#\/schema\/person\/21320b03a7e8bb90128938dafc9b908a"},"headline":"Monteiro confirma mais um caso e registra 60% dos casos recuperados","datePublished":"2020-06-04T20:18:00+00:00","mainEntityOfPage":{"@id":"https:\/\/noticiasemdestaque.com\/cd\/?p=25192"},"wordCount":163,"publisher":{"@id":"https:\/\/noticiasemdestaque.com\/cd\/#organization"},"image":{"@id":"https:\/\/noticiasemdestaque.com\/cd\/?p=25192#primaryimage"},"thumbnailUrl":"https:\/\/noticiasemdestaque.com\/cd\/wp-content\/uploads\/2020\/06\/d9114b9a-a909-4873-a118-b93bc1631c7a.jpg","articleSection":["Sa\u00fade"],"inLanguage":"pt-BR"},{"@type":"WebPage","@id":"https:\/\/noticiasemdestaque.com\/cd\/?p=25192","url":"https:\/\/noticiasemdestaque.com\/cd\/?p=25192","name":"Monteiro confirma mais um caso e registra 60% dos casos recuperados - Not&iacute;cias em Destaque","isPartOf":{"@id":"https:\/\/noticiasemdestaque.com\/cd\/#website"},"primaryImageOfPage":{"@id":"https:\/\/noticiasemdestaque.com\/cd\/?p=25192#primaryimage"},"image":{"@id":"https:\/\/noticiasemdestaque.com\/cd\/?p=25192#primaryimage"},"thumbnailUrl":"https:\/\/noticiasemdestaque.com\/cd\/wp-content\/uploads\/2020\/06\/d9114b9a-a909-4873-a118-b93bc1631c7a.jpg","datePublished":"2020-06-04T20:18:00+00:00","breadcrumb":{"@id":"https:\/\/noticiasemdestaque.com\/cd\/?p=25192#breadcrumb"},"inLanguage":"pt-BR","potentialAction":[{"@type":"ReadAction","target":["https:\/\/noticiasemdestaque.com\/cd\/?p=25192"]}]},{"@type":"ImageObject","inLanguage":"pt-BR","@id":"https:\/\/noticiasemdestaque.com\/cd\/?p=25192#primaryimage","url":"https:\/\/noticiasemdestaque.com\/cd\/wp-content\/uploads\/2020\/06\/d9114b9a-a909-4873-a118-b93bc1631c7a.jpg","contentUrl":"https:\/\/noticiasemdestaque.com\/cd\/wp-content\/uploads\/2020\/06\/d9114b9a-a909-4873-a118-b93bc1631c7a.jpg","width":1080,"height":1080},{"@type":"BreadcrumbList","@id":"https:\/\/noticiasemdestaque.com\/cd\/?p=25192#breadcrumb","itemListElement":[{"@type":"ListItem","position":1,"name":"In\u00edcio","item":"https:\/\/noticiasemdestaque.com\/cd\/"},{"@type":"ListItem","position":2,"name":"Monteiro confirma mais um caso e registra 60% dos casos recuperados"}]},{"@type":"WebSite","@id":"https:\/\/noticiasemdestaque.com\/cd\/#website","url":"https:\/\/noticiasemdestaque.com\/cd\/","name":"Not&iacute;cias em Destaque","description":"","publisher":{"@id":"https:\/\/noticiasemdestaque.com\/cd\/#organization"},"potentialAction":[{"@type":"SearchAction","target":{"@type":"EntryPoint","urlTemplate":"https:\/\/noticiasemdestaque.com\/cd\/?s={search_term_string}"},"query-input":{"@type":"PropertyValueSpecification","valueRequired":true,"valueName":"search_term_string"}}],"inLanguage":"pt-BR"},{"@type":"Organization","@id":"https:\/\/noticiasemdestaque.com\/cd\/#organization","name":"Not\u00edcias em Destaque","url":"https:\/\/noticiasemdestaque.com\/cd\/","logo":{"@type":"ImageObject","inLanguage":"pt-BR","@id":"https:\/\/noticiasemdestaque.com\/cd\/#\/schema\/logo\/image\/","url":"https:\/\/noticiasemdestaque.com\/cd\/wp-content\/uploads\/2022\/05\/imagem-base-noticiasemdestaque.png","contentUrl":"https:\/\/noticiasemdestaque.com\/cd\/wp-content\/uploads\/2022\/05\/imagem-base-noticiasemdestaque.png","width":1200,"height":630,"caption":"Not\u00edcias em Destaque"},"image":{"@id":"https:\/\/noticiasemdestaque.com\/cd\/#\/schema\/logo\/image\/"}},{"@type":"Person","@id":"https:\/\/noticiasemdestaque.com\/cd\/#\/schema\/person\/21320b03a7e8bb90128938dafc9b908a","name":"Not\u00edcias em Destaque","url":"https:\/\/noticiasemdestaque.com\/cd\/?author=2"}]}},"jetpack_featured_media_url":"https:\/\/noticiasemdestaque.com\/cd\/wp-content\/uploads\/2020\/06\/d9114b9a-a909-4873-a118-b93bc1631c7a.jpg","jetpack_sharing_enabled":true,"_links":{"self":[{"href":"https:\/\/noticiasemdestaque.com\/cd\/index.php?rest_route=\/wp\/v2\/posts\/25192","targetHints":{"allow":["GET"]}}],"collection":[{"href":"https:\/\/noticiasemdestaque.com\/cd\/index.php?rest_route=\/wp\/v2\/posts"}],"about":[{"href":"https:\/\/noticiasemdestaque.com\/cd\/index.php?rest_route=\/wp\/v2\/types\/post"}],"author":[{"embeddable":true,"href":"https:\/\/noticiasemdestaque.com\/cd\/index.php?rest_route=\/wp\/v2\/users\/2"}],"replies":[{"embeddable":true,"href":"https:\/\/noticiasemdestaque.com\/cd\/index.php?rest_route=%2Fwp%2Fv2%2Fcomments&post=25192"}],"version-history":[{"count":1,"href":"https:\/\/noticiasemdestaque.com\/cd\/index.php?rest_route=\/wp\/v2\/posts\/25192\/revisions"}],"predecessor-version":[{"id":25194,"href":"https:\/\/noticiasemdestaque.com\/cd\/index.php?rest_route=\/wp\/v2\/posts\/25192\/revisions\/25194"}],"wp:featuredmedia":[{"embeddable":true,"href":"https:\/\/noticiasemdestaque.com\/cd\/index.php?rest_route=\/wp\/v2\/media\/25193"}],"wp:attachment":[{"href":"https:\/\/noticiasemdestaque.com\/cd\/index.php?rest_route=%2Fwp%2Fv2%2Fmedia&parent=25192"}],"wp:term":[{"taxonomy":"category","embeddable":true,"href":"https:\/\/noticiasemdestaque.com\/cd\/index.php?rest_route=%2Fwp%2Fv2%2Fcategories&post=25192"},{"taxonomy":"post_tag","embeddable":true,"href":"https:\/\/noticiasemdestaque.com\/cd\/index.php?rest_route=%2Fwp%2Fv2%2Ftags&post=25192"}],"curies":[{"name":"wp","href":"https:\/\/api.w.org\/{rel}","templated":true}]}}