{"id":25187,"date":"2020-06-05T07:00:29","date_gmt":"2020-06-05T10:00:29","guid":{"rendered":"http:\/\/noticiasemdestaque.com\/cd\/?p=25187"},"modified":"2020-06-05T07:33:34","modified_gmt":"2020-06-05T10:33:34","slug":"prefeitura-de-sume-anuncia-unidade-basica-de-saude-para-mais-uma-comunidade-da-zona-rural","status":"publish","type":"post","link":"https:\/\/noticiasemdestaque.com\/cd\/?p=25187","title":{"rendered":"Prefeitura de Sum\u00e9 anuncia unidade b\u00e1sica de sa\u00fade para mais uma comunidade da zona rural"},"content":{"rendered":"<p><a href=\"https:\/\/noticiasemdestaque.com\/cd\/wp-content\/uploads\/2020\/06\/foto-unidade-de-sa\u00fade-1.png\"><img fetchpriority=\"high\" decoding=\"async\" class=\"wp-image-25190 aligncenter\" src=\"https:\/\/noticiasemdestaque.com\/cd\/wp-content\/uploads\/2020\/06\/foto-unidade-de-sa\u00fade-1.png\" alt=\"\" width=\"378\" height=\"283\" srcset=\"https:\/\/noticiasemdestaque.com\/cd\/wp-content\/uploads\/2020\/06\/foto-unidade-de-sa\u00fade-1.png 800w, https:\/\/noticiasemdestaque.com\/cd\/wp-content\/uploads\/2020\/06\/foto-unidade-de-sa\u00fade-1-300x225.png 300w, https:\/\/noticiasemdestaque.com\/cd\/wp-content\/uploads\/2020\/06\/foto-unidade-de-sa\u00fade-1-768x576.png 768w, https:\/\/noticiasemdestaque.com\/cd\/wp-content\/uploads\/2020\/06\/foto-unidade-de-sa\u00fade-1-640x480.png 640w\" sizes=\"(max-width: 378px) 100vw, 378px\" \/><\/a><\/p>\n<p>Depois do S\u00edtio Carna\u00faba receber uma nova unidade de sa\u00fade, chegou a vez da comunidade de Terra Vermelha ser contemplada com uma UBS.<\/p>\n<p>A obra a ser constru\u00edda faz parte dos altos investimentos que a gest\u00e3o do prefeito \u00c9den vem realizando na rede de aten\u00e7\u00e3o prim\u00e1ria em sa\u00fade, que contempla reforma, constru\u00e7\u00e3o e moderniza\u00e7\u00e3o das unidades que s\u00e3o a principal porta de entrada nos atendimentos em sa\u00fade do munic\u00edpio. Al\u00e9m disso, atende tamb\u00e9m demanda apresentada pelos moradores da regi\u00e3o durante as plen\u00e1rias do Or\u00e7amento Democr\u00e1tico Municipal, ocorridas no ano passado.<\/p>\n<p>A unidade de sa\u00fade de Terra Vermelha ir\u00e1 beneficiar 147 fam\u00edlias, aproximando ainda mais a popula\u00e7\u00e3o dos atendimentos com uma melhor assist\u00eancia e com mais rapidez. A unidade vai atender: Terra Vermelha, os s\u00edtios: Tigre, Chor\u00e3o, Pedra D\u2019\u00e1gua, Greg\u00f3rio, Concei\u00e7\u00e3o de Cima, parte do s\u00edtio abertas, Riach\u00e3o de Cima, Po\u00e7o da Pedra e Po\u00e7o do Quinca.<\/p>\n<p>O pr\u00e9dio ter\u00e1 uma \u00e1rea de 110 m\u00b2, estrutura acolhedora tanto para os usu\u00e1rios quanto para os profissionais que precisam de um ambiente adequado para o exerc\u00edcio de suas fun\u00e7\u00f5es, sendo composto por consult\u00f3rios m\u00e9dico, de enfermagem e odontol\u00f3gico, recep\u00e7\u00e3o, sala de vacina, copa e banheiros.<\/p>\n<p>A obra ser\u00e1 executada com recursos pr\u00f3prios da Prefeitura de Sum\u00e9, no valor de R$ 146 mil. A abertura de licita\u00e7\u00e3o para contrata\u00e7\u00e3o de empresa a executar a obra j\u00e1 foi autorizada, devendo acontecer no pr\u00f3ximo dia 18.<\/p>\n<p>\u201cEstamos avan\u00e7ando na expans\u00e3o da aten\u00e7\u00e3o prim\u00e1ria \u00e0 sa\u00fade para elevar a cobertura da Estrat\u00e9gia Sa\u00fade da Fam\u00edlia. Al\u00e9m de adequar as estruturas dos pr\u00e9dios, tamb\u00e9m investimentos na informatiza\u00e7\u00e3o e em equipamentos para as unidades do munic\u00edpio\u201d, destacou o prefeito \u00c9den.<\/p>\n<p><a href=\"https:\/\/noticiasemdestaque.com\/cd\/wp-content\/uploads\/2020\/06\/WhatsApp-Image-2020-06-03-at-15.48.24.jpeg\"><img decoding=\"async\" class=\"wp-image-25189 aligncenter\" src=\"https:\/\/noticiasemdestaque.com\/cd\/wp-content\/uploads\/2020\/06\/WhatsApp-Image-2020-06-03-at-15.48.24-1024x678.jpeg\" alt=\"\" width=\"461\" height=\"305\" srcset=\"https:\/\/noticiasemdestaque.com\/cd\/wp-content\/uploads\/2020\/06\/WhatsApp-Image-2020-06-03-at-15.48.24-1024x678.jpeg 1024w, https:\/\/noticiasemdestaque.com\/cd\/wp-content\/uploads\/2020\/06\/WhatsApp-Image-2020-06-03-at-15.48.24-300x199.jpeg 300w, https:\/\/noticiasemdestaque.com\/cd\/wp-content\/uploads\/2020\/06\/WhatsApp-Image-2020-06-03-at-15.48.24-768x508.jpeg 768w, https:\/\/noticiasemdestaque.com\/cd\/wp-content\/uploads\/2020\/06\/WhatsApp-Image-2020-06-03-at-15.48.24.jpeg 1280w\" sizes=\"(max-width: 461px) 100vw, 461px\" \/><\/a><\/p>\n<p>Cicero Jos\u00e9, conselheiro do Or\u00e7amento Democr\u00e1tico Municipal e morador de Terra Vermelha, destacou a import\u00e2ncia da ferramenta do Or\u00e7amento Democr\u00e1tico como instrumento de participa\u00e7\u00e3o popular. \u201cNa plen\u00e1ria do ODM da regi\u00e3o solicitamos uma unidade de sa\u00fade como sendo prioridade entre os moradores e agora estamos felizes, porque em breve essa obra ser\u00e1 conclu\u00edda para o bem estar da nossa comunidade\u201d, disse.<\/p>\n<p>Cicero ainda destacou a import\u00e2ncia da nova UBS na comunidade \u201c\u00c9 muito dif\u00edcil o deslocamento at\u00e9 a sede do munic\u00edpio para ter acesso aos servi\u00e7os de sa\u00fade, a realiza\u00e7\u00e3o deste projeto proporciona que a popula\u00e7\u00e3o tenha perto de casa a possibilidade de ter servi\u00e7os t\u00e3o essenciais\u201d, declarou.<\/p>\n<p>Ascom PMS<\/p>\n","protected":false},"excerpt":{"rendered":"<p>Depois do S\u00edtio Carna\u00faba receber uma nova unidade de sa\u00fade, chegou a vez da comunidade de Terra Vermelha ser contemplada com uma UBS. A obra a ser constru\u00edda faz parte dos altos investimentos que a gest\u00e3o do prefeito \u00c9den vem realizando na rede de aten\u00e7\u00e3o prim\u00e1ria em sa\u00fade, que contempla reforma, constru\u00e7\u00e3o e moderniza\u00e7\u00e3o das unidades que s\u00e3o a principal porta de entrada nos atendimentos em sa\u00fade do munic\u00edpio. Al\u00e9m disso, atende tamb\u00e9m demanda apresentada pelos moradores da regi\u00e3o durante as plen\u00e1rias do Or\u00e7amento Democr\u00e1tico Municipal, ocorridas no ano passado. A unidade de sa\u00fade de Terra Vermelha ir\u00e1 beneficiar 147 fam\u00edlias, aproximando ainda mais a popula\u00e7\u00e3o dos atendimentos com uma melhor assist\u00eancia e com mais rapidez. A unidade vai atender: Terra Vermelha, os s\u00edtios: Tigre, Chor\u00e3o, Pedra D\u2019\u00e1gua, Greg\u00f3rio, Concei\u00e7\u00e3o de Cima, parte do s\u00edtio abertas, Riach\u00e3o de Cima, Po\u00e7o da Pedra e Po\u00e7o do Quinca. O pr\u00e9dio ter\u00e1 uma \u00e1rea de 110 m\u00b2, estrutura acolhedora tanto para os usu\u00e1rios quanto para os profissionais que precisam de um ambiente adequado para o exerc\u00edcio de suas fun\u00e7\u00f5es, sendo composto por consult\u00f3rios m\u00e9dico, de enfermagem e odontol\u00f3gico, recep\u00e7\u00e3o, sala de vacina, copa e banheiros. A obra ser\u00e1 executada com recursos pr\u00f3prios da Prefeitura de Sum\u00e9, no valor de R$ 146 mil. A abertura de licita\u00e7\u00e3o para contrata\u00e7\u00e3o de empresa a executar a obra j\u00e1 foi autorizada, devendo acontecer no pr\u00f3ximo dia 18. \u201cEstamos avan\u00e7ando na expans\u00e3o da aten\u00e7\u00e3o prim\u00e1ria \u00e0 sa\u00fade para elevar a cobertura da Estrat\u00e9gia Sa\u00fade da Fam\u00edlia. Al\u00e9m de adequar as estruturas dos pr\u00e9dios, tamb\u00e9m investimentos na informatiza\u00e7\u00e3o e em equipamentos para as unidades do munic\u00edpio\u201d, destacou o prefeito \u00c9den. Cicero Jos\u00e9, conselheiro do Or\u00e7amento Democr\u00e1tico Municipal e morador de Terra Vermelha, destacou a import\u00e2ncia da ferramenta do Or\u00e7amento Democr\u00e1tico como instrumento de participa\u00e7\u00e3o popular. \u201cNa plen\u00e1ria do ODM da regi\u00e3o solicitamos uma unidade de sa\u00fade como sendo prioridade entre os moradores e agora estamos felizes, porque em breve essa obra ser\u00e1 conclu\u00edda para o bem estar da nossa comunidade\u201d, disse. Cicero ainda destacou a import\u00e2ncia da nova UBS na comunidade \u201c\u00c9 muito dif\u00edcil o deslocamento at\u00e9 a sede do munic\u00edpio para ter acesso aos servi\u00e7os de sa\u00fade, a realiza\u00e7\u00e3o deste projeto proporciona que a popula\u00e7\u00e3o tenha perto de casa a possibilidade de ter servi\u00e7os t\u00e3o essenciais\u201d, declarou. Ascom PMS<\/p>\n","protected":false},"author":2,"featured_media":25190,"comment_status":"closed","ping_status":"open","sticky":false,"template":"","format":"standard","meta":{"_eb_attr":"","_jetpack_memberships_contains_paid_content":false,"footnotes":""},"categories":[4],"tags":[],"class_list":["post-25187","post","type-post","status-publish","format-standard","has-post-thumbnail","hentry","category-politica"],"yoast_head":"<!-- This site is optimized with the Yoast SEO plugin v26.5 - https:\/\/yoast.com\/wordpress\/plugins\/seo\/ -->\n<title>Prefeitura de Sum\u00e9 anuncia unidade b\u00e1sica de sa\u00fade para mais uma comunidade da zona rural - Not&iacute;cias em Destaque<\/title>\n<meta name=\"robots\" content=\"index, follow, max-snippet:-1, max-image-preview:large, max-video-preview:-1\" \/>\n<link rel=\"canonical\" href=\"https:\/\/noticiasemdestaque.com\/cd\/?p=25187\" \/>\n<meta property=\"og:locale\" content=\"pt_BR\" \/>\n<meta property=\"og:type\" content=\"article\" \/>\n<meta property=\"og:title\" content=\"Prefeitura de Sum\u00e9 anuncia unidade b\u00e1sica de sa\u00fade para mais uma comunidade da zona rural - Not&iacute;cias em Destaque\" \/>\n<meta property=\"og:description\" content=\"Depois do S\u00edtio Carna\u00faba receber uma nova unidade de sa\u00fade, chegou a vez da comunidade de Terra Vermelha ser contemplada com uma UBS. A obra a ser constru\u00edda faz parte dos altos investimentos que a gest\u00e3o do prefeito \u00c9den vem realizando na rede de aten\u00e7\u00e3o prim\u00e1ria em sa\u00fade, que contempla reforma, constru\u00e7\u00e3o e moderniza\u00e7\u00e3o das unidades que s\u00e3o a principal porta de entrada nos atendimentos em sa\u00fade do munic\u00edpio. Al\u00e9m disso, atende tamb\u00e9m demanda apresentada pelos moradores da regi\u00e3o durante as plen\u00e1rias do Or\u00e7amento Democr\u00e1tico Municipal, ocorridas no ano passado. A unidade de sa\u00fade de Terra Vermelha ir\u00e1 beneficiar 147 fam\u00edlias, aproximando ainda mais a popula\u00e7\u00e3o dos atendimentos com uma melhor assist\u00eancia e com mais rapidez. A unidade vai atender: Terra Vermelha, os s\u00edtios: Tigre, Chor\u00e3o, Pedra D\u2019\u00e1gua, Greg\u00f3rio, Concei\u00e7\u00e3o de Cima, parte do s\u00edtio abertas, Riach\u00e3o de Cima, Po\u00e7o da Pedra e Po\u00e7o do Quinca. O pr\u00e9dio ter\u00e1 uma \u00e1rea de 110 m\u00b2, estrutura acolhedora tanto para os usu\u00e1rios quanto para os profissionais que precisam de um ambiente adequado para o exerc\u00edcio de suas fun\u00e7\u00f5es, sendo composto por consult\u00f3rios m\u00e9dico, de enfermagem e odontol\u00f3gico, recep\u00e7\u00e3o, sala de vacina, copa e banheiros. A obra ser\u00e1 executada com recursos pr\u00f3prios da Prefeitura de Sum\u00e9, no valor de R$ 146 mil. A abertura de licita\u00e7\u00e3o para contrata\u00e7\u00e3o de empresa a executar a obra j\u00e1 foi autorizada, devendo acontecer no pr\u00f3ximo dia 18. \u201cEstamos avan\u00e7ando na expans\u00e3o da aten\u00e7\u00e3o prim\u00e1ria \u00e0 sa\u00fade para elevar a cobertura da Estrat\u00e9gia Sa\u00fade da Fam\u00edlia. Al\u00e9m de adequar as estruturas dos pr\u00e9dios, tamb\u00e9m investimentos na informatiza\u00e7\u00e3o e em equipamentos para as unidades do munic\u00edpio\u201d, destacou o prefeito \u00c9den. Cicero Jos\u00e9, conselheiro do Or\u00e7amento Democr\u00e1tico Municipal e morador de Terra Vermelha, destacou a import\u00e2ncia da ferramenta do Or\u00e7amento Democr\u00e1tico como instrumento de participa\u00e7\u00e3o popular. \u201cNa plen\u00e1ria do ODM da regi\u00e3o solicitamos uma unidade de sa\u00fade como sendo prioridade entre os moradores e agora estamos felizes, porque em breve essa obra ser\u00e1 conclu\u00edda para o bem estar da nossa comunidade\u201d, disse. Cicero ainda destacou a import\u00e2ncia da nova UBS na comunidade \u201c\u00c9 muito dif\u00edcil o deslocamento at\u00e9 a sede do munic\u00edpio para ter acesso aos servi\u00e7os de sa\u00fade, a realiza\u00e7\u00e3o deste projeto proporciona que a popula\u00e7\u00e3o tenha perto de casa a possibilidade de ter servi\u00e7os t\u00e3o essenciais\u201d, declarou. Ascom PMS\" \/>\n<meta property=\"og:url\" content=\"https:\/\/noticiasemdestaque.com\/cd\/?p=25187\" \/>\n<meta property=\"og:site_name\" content=\"Not&iacute;cias em Destaque\" \/>\n<meta property=\"article:published_time\" content=\"2020-06-05T10:00:29+00:00\" \/>\n<meta property=\"article:modified_time\" content=\"2020-06-05T10:33:34+00:00\" \/>\n<meta property=\"og:image\" content=\"https:\/\/noticiasemdestaque.com\/cd\/wp-content\/uploads\/2020\/06\/foto-unidade-de-sa\u00fade-1.png\" \/>\n\t<meta property=\"og:image:width\" content=\"800\" \/>\n\t<meta property=\"og:image:height\" content=\"600\" \/>\n\t<meta property=\"og:image:type\" content=\"image\/png\" \/>\n<meta name=\"author\" content=\"Not\u00edcias em Destaque\" \/>\n<meta name=\"twitter:card\" content=\"summary_large_image\" \/>\n<meta name=\"twitter:label1\" content=\"Escrito por\" \/>\n\t<meta name=\"twitter:data1\" content=\"Not\u00edcias em Destaque\" \/>\n\t<meta name=\"twitter:label2\" content=\"Est. tempo de leitura\" \/>\n\t<meta name=\"twitter:data2\" content=\"2 minutos\" \/>\n<script type=\"application\/ld+json\" class=\"yoast-schema-graph\">{\"@context\":\"https:\/\/schema.org\",\"@graph\":[{\"@type\":\"Article\",\"@id\":\"https:\/\/noticiasemdestaque.com\/cd\/?p=25187#article\",\"isPartOf\":{\"@id\":\"https:\/\/noticiasemdestaque.com\/cd\/?p=25187\"},\"author\":{\"name\":\"Not\u00edcias em Destaque\",\"@id\":\"https:\/\/noticiasemdestaque.com\/cd\/#\/schema\/person\/21320b03a7e8bb90128938dafc9b908a\"},\"headline\":\"Prefeitura de Sum\u00e9 anuncia unidade b\u00e1sica de sa\u00fade para mais uma comunidade da zona rural\",\"datePublished\":\"2020-06-05T10:00:29+00:00\",\"dateModified\":\"2020-06-05T10:33:34+00:00\",\"mainEntityOfPage\":{\"@id\":\"https:\/\/noticiasemdestaque.com\/cd\/?p=25187\"},\"wordCount\":468,\"publisher\":{\"@id\":\"https:\/\/noticiasemdestaque.com\/cd\/#organization\"},\"image\":{\"@id\":\"https:\/\/noticiasemdestaque.com\/cd\/?p=25187#primaryimage\"},\"thumbnailUrl\":\"https:\/\/noticiasemdestaque.com\/cd\/wp-content\/uploads\/2020\/06\/foto-unidade-de-sa\u00fade-1.png\",\"articleSection\":[\"Pol\u00edtica\"],\"inLanguage\":\"pt-BR\"},{\"@type\":\"WebPage\",\"@id\":\"https:\/\/noticiasemdestaque.com\/cd\/?p=25187\",\"url\":\"https:\/\/noticiasemdestaque.com\/cd\/?p=25187\",\"name\":\"Prefeitura de Sum\u00e9 anuncia unidade b\u00e1sica de sa\u00fade para mais uma comunidade da zona rural - Not&iacute;cias em Destaque\",\"isPartOf\":{\"@id\":\"https:\/\/noticiasemdestaque.com\/cd\/#website\"},\"primaryImageOfPage\":{\"@id\":\"https:\/\/noticiasemdestaque.com\/cd\/?p=25187#primaryimage\"},\"image\":{\"@id\":\"https:\/\/noticiasemdestaque.com\/cd\/?p=25187#primaryimage\"},\"thumbnailUrl\":\"https:\/\/noticiasemdestaque.com\/cd\/wp-content\/uploads\/2020\/06\/foto-unidade-de-sa\u00fade-1.png\",\"datePublished\":\"2020-06-05T10:00:29+00:00\",\"dateModified\":\"2020-06-05T10:33:34+00:00\",\"breadcrumb\":{\"@id\":\"https:\/\/noticiasemdestaque.com\/cd\/?p=25187#breadcrumb\"},\"inLanguage\":\"pt-BR\",\"potentialAction\":[{\"@type\":\"ReadAction\",\"target\":[\"https:\/\/noticiasemdestaque.com\/cd\/?p=25187\"]}]},{\"@type\":\"ImageObject\",\"inLanguage\":\"pt-BR\",\"@id\":\"https:\/\/noticiasemdestaque.com\/cd\/?p=25187#primaryimage\",\"url\":\"https:\/\/noticiasemdestaque.com\/cd\/wp-content\/uploads\/2020\/06\/foto-unidade-de-sa\u00fade-1.png\",\"contentUrl\":\"https:\/\/noticiasemdestaque.com\/cd\/wp-content\/uploads\/2020\/06\/foto-unidade-de-sa\u00fade-1.png\",\"width\":800,\"height\":600},{\"@type\":\"BreadcrumbList\",\"@id\":\"https:\/\/noticiasemdestaque.com\/cd\/?p=25187#breadcrumb\",\"itemListElement\":[{\"@type\":\"ListItem\",\"position\":1,\"name\":\"In\u00edcio\",\"item\":\"https:\/\/noticiasemdestaque.com\/cd\/\"},{\"@type\":\"ListItem\",\"position\":2,\"name\":\"Prefeitura de Sum\u00e9 anuncia unidade b\u00e1sica de sa\u00fade para mais uma comunidade da zona rural\"}]},{\"@type\":\"WebSite\",\"@id\":\"https:\/\/noticiasemdestaque.com\/cd\/#website\",\"url\":\"https:\/\/noticiasemdestaque.com\/cd\/\",\"name\":\"Not&iacute;cias em Destaque\",\"description\":\"\",\"publisher\":{\"@id\":\"https:\/\/noticiasemdestaque.com\/cd\/#organization\"},\"potentialAction\":[{\"@type\":\"SearchAction\",\"target\":{\"@type\":\"EntryPoint\",\"urlTemplate\":\"https:\/\/noticiasemdestaque.com\/cd\/?s={search_term_string}\"},\"query-input\":{\"@type\":\"PropertyValueSpecification\",\"valueRequired\":true,\"valueName\":\"search_term_string\"}}],\"inLanguage\":\"pt-BR\"},{\"@type\":\"Organization\",\"@id\":\"https:\/\/noticiasemdestaque.com\/cd\/#organization\",\"name\":\"Not\u00edcias em Destaque\",\"url\":\"https:\/\/noticiasemdestaque.com\/cd\/\",\"logo\":{\"@type\":\"ImageObject\",\"inLanguage\":\"pt-BR\",\"@id\":\"https:\/\/noticiasemdestaque.com\/cd\/#\/schema\/logo\/image\/\",\"url\":\"https:\/\/noticiasemdestaque.com\/cd\/wp-content\/uploads\/2022\/05\/imagem-base-noticiasemdestaque.png\",\"contentUrl\":\"https:\/\/noticiasemdestaque.com\/cd\/wp-content\/uploads\/2022\/05\/imagem-base-noticiasemdestaque.png\",\"width\":1200,\"height\":630,\"caption\":\"Not\u00edcias em Destaque\"},\"image\":{\"@id\":\"https:\/\/noticiasemdestaque.com\/cd\/#\/schema\/logo\/image\/\"}},{\"@type\":\"Person\",\"@id\":\"https:\/\/noticiasemdestaque.com\/cd\/#\/schema\/person\/21320b03a7e8bb90128938dafc9b908a\",\"name\":\"Not\u00edcias em Destaque\",\"url\":\"https:\/\/noticiasemdestaque.com\/cd\/?author=2\"}]}<\/script>\n<!-- \/ Yoast SEO plugin. -->","yoast_head_json":{"title":"Prefeitura de Sum\u00e9 anuncia unidade b\u00e1sica de sa\u00fade para mais uma comunidade da zona rural - Not&iacute;cias em Destaque","robots":{"index":"index","follow":"follow","max-snippet":"max-snippet:-1","max-image-preview":"max-image-preview:large","max-video-preview":"max-video-preview:-1"},"canonical":"https:\/\/noticiasemdestaque.com\/cd\/?p=25187","og_locale":"pt_BR","og_type":"article","og_title":"Prefeitura de Sum\u00e9 anuncia unidade b\u00e1sica de sa\u00fade para mais uma comunidade da zona rural - Not&iacute;cias em Destaque","og_description":"Depois do S\u00edtio Carna\u00faba receber uma nova unidade de sa\u00fade, chegou a vez da comunidade de Terra Vermelha ser contemplada com uma UBS. A obra a ser constru\u00edda faz parte dos altos investimentos que a gest\u00e3o do prefeito \u00c9den vem realizando na rede de aten\u00e7\u00e3o prim\u00e1ria em sa\u00fade, que contempla reforma, constru\u00e7\u00e3o e moderniza\u00e7\u00e3o das unidades que s\u00e3o a principal porta de entrada nos atendimentos em sa\u00fade do munic\u00edpio. Al\u00e9m disso, atende tamb\u00e9m demanda apresentada pelos moradores da regi\u00e3o durante as plen\u00e1rias do Or\u00e7amento Democr\u00e1tico Municipal, ocorridas no ano passado. A unidade de sa\u00fade de Terra Vermelha ir\u00e1 beneficiar 147 fam\u00edlias, aproximando ainda mais a popula\u00e7\u00e3o dos atendimentos com uma melhor assist\u00eancia e com mais rapidez. A unidade vai atender: Terra Vermelha, os s\u00edtios: Tigre, Chor\u00e3o, Pedra D\u2019\u00e1gua, Greg\u00f3rio, Concei\u00e7\u00e3o de Cima, parte do s\u00edtio abertas, Riach\u00e3o de Cima, Po\u00e7o da Pedra e Po\u00e7o do Quinca. O pr\u00e9dio ter\u00e1 uma \u00e1rea de 110 m\u00b2, estrutura acolhedora tanto para os usu\u00e1rios quanto para os profissionais que precisam de um ambiente adequado para o exerc\u00edcio de suas fun\u00e7\u00f5es, sendo composto por consult\u00f3rios m\u00e9dico, de enfermagem e odontol\u00f3gico, recep\u00e7\u00e3o, sala de vacina, copa e banheiros. A obra ser\u00e1 executada com recursos pr\u00f3prios da Prefeitura de Sum\u00e9, no valor de R$ 146 mil. A abertura de licita\u00e7\u00e3o para contrata\u00e7\u00e3o de empresa a executar a obra j\u00e1 foi autorizada, devendo acontecer no pr\u00f3ximo dia 18. \u201cEstamos avan\u00e7ando na expans\u00e3o da aten\u00e7\u00e3o prim\u00e1ria \u00e0 sa\u00fade para elevar a cobertura da Estrat\u00e9gia Sa\u00fade da Fam\u00edlia. Al\u00e9m de adequar as estruturas dos pr\u00e9dios, tamb\u00e9m investimentos na informatiza\u00e7\u00e3o e em equipamentos para as unidades do munic\u00edpio\u201d, destacou o prefeito \u00c9den. Cicero Jos\u00e9, conselheiro do Or\u00e7amento Democr\u00e1tico Municipal e morador de Terra Vermelha, destacou a import\u00e2ncia da ferramenta do Or\u00e7amento Democr\u00e1tico como instrumento de participa\u00e7\u00e3o popular. \u201cNa plen\u00e1ria do ODM da regi\u00e3o solicitamos uma unidade de sa\u00fade como sendo prioridade entre os moradores e agora estamos felizes, porque em breve essa obra ser\u00e1 conclu\u00edda para o bem estar da nossa comunidade\u201d, disse. Cicero ainda destacou a import\u00e2ncia da nova UBS na comunidade \u201c\u00c9 muito dif\u00edcil o deslocamento at\u00e9 a sede do munic\u00edpio para ter acesso aos servi\u00e7os de sa\u00fade, a realiza\u00e7\u00e3o deste projeto proporciona que a popula\u00e7\u00e3o tenha perto de casa a possibilidade de ter servi\u00e7os t\u00e3o essenciais\u201d, declarou. Ascom PMS","og_url":"https:\/\/noticiasemdestaque.com\/cd\/?p=25187","og_site_name":"Not&iacute;cias em Destaque","article_published_time":"2020-06-05T10:00:29+00:00","article_modified_time":"2020-06-05T10:33:34+00:00","og_image":[{"width":800,"height":600,"url":"https:\/\/noticiasemdestaque.com\/cd\/wp-content\/uploads\/2020\/06\/foto-unidade-de-sa\u00fade-1.png","type":"image\/png"}],"author":"Not\u00edcias em Destaque","twitter_card":"summary_large_image","twitter_misc":{"Escrito por":"Not\u00edcias em Destaque","Est. tempo de leitura":"2 minutos"},"schema":{"@context":"https:\/\/schema.org","@graph":[{"@type":"Article","@id":"https:\/\/noticiasemdestaque.com\/cd\/?p=25187#article","isPartOf":{"@id":"https:\/\/noticiasemdestaque.com\/cd\/?p=25187"},"author":{"name":"Not\u00edcias em Destaque","@id":"https:\/\/noticiasemdestaque.com\/cd\/#\/schema\/person\/21320b03a7e8bb90128938dafc9b908a"},"headline":"Prefeitura de Sum\u00e9 anuncia unidade b\u00e1sica de sa\u00fade para mais uma comunidade da zona rural","datePublished":"2020-06-05T10:00:29+00:00","dateModified":"2020-06-05T10:33:34+00:00","mainEntityOfPage":{"@id":"https:\/\/noticiasemdestaque.com\/cd\/?p=25187"},"wordCount":468,"publisher":{"@id":"https:\/\/noticiasemdestaque.com\/cd\/#organization"},"image":{"@id":"https:\/\/noticiasemdestaque.com\/cd\/?p=25187#primaryimage"},"thumbnailUrl":"https:\/\/noticiasemdestaque.com\/cd\/wp-content\/uploads\/2020\/06\/foto-unidade-de-sa\u00fade-1.png","articleSection":["Pol\u00edtica"],"inLanguage":"pt-BR"},{"@type":"WebPage","@id":"https:\/\/noticiasemdestaque.com\/cd\/?p=25187","url":"https:\/\/noticiasemdestaque.com\/cd\/?p=25187","name":"Prefeitura de Sum\u00e9 anuncia unidade b\u00e1sica de sa\u00fade para mais uma comunidade da zona rural - Not&iacute;cias em Destaque","isPartOf":{"@id":"https:\/\/noticiasemdestaque.com\/cd\/#website"},"primaryImageOfPage":{"@id":"https:\/\/noticiasemdestaque.com\/cd\/?p=25187#primaryimage"},"image":{"@id":"https:\/\/noticiasemdestaque.com\/cd\/?p=25187#primaryimage"},"thumbnailUrl":"https:\/\/noticiasemdestaque.com\/cd\/wp-content\/uploads\/2020\/06\/foto-unidade-de-sa\u00fade-1.png","datePublished":"2020-06-05T10:00:29+00:00","dateModified":"2020-06-05T10:33:34+00:00","breadcrumb":{"@id":"https:\/\/noticiasemdestaque.com\/cd\/?p=25187#breadcrumb"},"inLanguage":"pt-BR","potentialAction":[{"@type":"ReadAction","target":["https:\/\/noticiasemdestaque.com\/cd\/?p=25187"]}]},{"@type":"ImageObject","inLanguage":"pt-BR","@id":"https:\/\/noticiasemdestaque.com\/cd\/?p=25187#primaryimage","url":"https:\/\/noticiasemdestaque.com\/cd\/wp-content\/uploads\/2020\/06\/foto-unidade-de-sa\u00fade-1.png","contentUrl":"https:\/\/noticiasemdestaque.com\/cd\/wp-content\/uploads\/2020\/06\/foto-unidade-de-sa\u00fade-1.png","width":800,"height":600},{"@type":"BreadcrumbList","@id":"https:\/\/noticiasemdestaque.com\/cd\/?p=25187#breadcrumb","itemListElement":[{"@type":"ListItem","position":1,"name":"In\u00edcio","item":"https:\/\/noticiasemdestaque.com\/cd\/"},{"@type":"ListItem","position":2,"name":"Prefeitura de Sum\u00e9 anuncia unidade b\u00e1sica de sa\u00fade para mais uma comunidade da zona rural"}]},{"@type":"WebSite","@id":"https:\/\/noticiasemdestaque.com\/cd\/#website","url":"https:\/\/noticiasemdestaque.com\/cd\/","name":"Not&iacute;cias em Destaque","description":"","publisher":{"@id":"https:\/\/noticiasemdestaque.com\/cd\/#organization"},"potentialAction":[{"@type":"SearchAction","target":{"@type":"EntryPoint","urlTemplate":"https:\/\/noticiasemdestaque.com\/cd\/?s={search_term_string}"},"query-input":{"@type":"PropertyValueSpecification","valueRequired":true,"valueName":"search_term_string"}}],"inLanguage":"pt-BR"},{"@type":"Organization","@id":"https:\/\/noticiasemdestaque.com\/cd\/#organization","name":"Not\u00edcias em Destaque","url":"https:\/\/noticiasemdestaque.com\/cd\/","logo":{"@type":"ImageObject","inLanguage":"pt-BR","@id":"https:\/\/noticiasemdestaque.com\/cd\/#\/schema\/logo\/image\/","url":"https:\/\/noticiasemdestaque.com\/cd\/wp-content\/uploads\/2022\/05\/imagem-base-noticiasemdestaque.png","contentUrl":"https:\/\/noticiasemdestaque.com\/cd\/wp-content\/uploads\/2022\/05\/imagem-base-noticiasemdestaque.png","width":1200,"height":630,"caption":"Not\u00edcias em Destaque"},"image":{"@id":"https:\/\/noticiasemdestaque.com\/cd\/#\/schema\/logo\/image\/"}},{"@type":"Person","@id":"https:\/\/noticiasemdestaque.com\/cd\/#\/schema\/person\/21320b03a7e8bb90128938dafc9b908a","name":"Not\u00edcias em Destaque","url":"https:\/\/noticiasemdestaque.com\/cd\/?author=2"}]}},"jetpack_featured_media_url":"https:\/\/noticiasemdestaque.com\/cd\/wp-content\/uploads\/2020\/06\/foto-unidade-de-sa\u00fade-1.png","jetpack_sharing_enabled":true,"_links":{"self":[{"href":"https:\/\/noticiasemdestaque.com\/cd\/index.php?rest_route=\/wp\/v2\/posts\/25187","targetHints":{"allow":["GET"]}}],"collection":[{"href":"https:\/\/noticiasemdestaque.com\/cd\/index.php?rest_route=\/wp\/v2\/posts"}],"about":[{"href":"https:\/\/noticiasemdestaque.com\/cd\/index.php?rest_route=\/wp\/v2\/types\/post"}],"author":[{"embeddable":true,"href":"https:\/\/noticiasemdestaque.com\/cd\/index.php?rest_route=\/wp\/v2\/users\/2"}],"replies":[{"embeddable":true,"href":"https:\/\/noticiasemdestaque.com\/cd\/index.php?rest_route=%2Fwp%2Fv2%2Fcomments&post=25187"}],"version-history":[{"count":2,"href":"https:\/\/noticiasemdestaque.com\/cd\/index.php?rest_route=\/wp\/v2\/posts\/25187\/revisions"}],"predecessor-version":[{"id":25196,"href":"https:\/\/noticiasemdestaque.com\/cd\/index.php?rest_route=\/wp\/v2\/posts\/25187\/revisions\/25196"}],"wp:featuredmedia":[{"embeddable":true,"href":"https:\/\/noticiasemdestaque.com\/cd\/index.php?rest_route=\/wp\/v2\/media\/25190"}],"wp:attachment":[{"href":"https:\/\/noticiasemdestaque.com\/cd\/index.php?rest_route=%2Fwp%2Fv2%2Fmedia&parent=25187"}],"wp:term":[{"taxonomy":"category","embeddable":true,"href":"https:\/\/noticiasemdestaque.com\/cd\/index.php?rest_route=%2Fwp%2Fv2%2Fcategories&post=25187"},{"taxonomy":"post_tag","embeddable":true,"href":"https:\/\/noticiasemdestaque.com\/cd\/index.php?rest_route=%2Fwp%2Fv2%2Ftags&post=25187"}],"curies":[{"name":"wp","href":"https:\/\/api.w.org\/{rel}","templated":true}]}}