{"id":25163,"date":"2020-06-03T17:53:59","date_gmt":"2020-06-03T20:53:59","guid":{"rendered":"http:\/\/noticiasemdestaque.com\/cd\/?p=25163"},"modified":"2020-06-03T17:53:59","modified_gmt":"2020-06-03T20:53:59","slug":"deputados-aprovam-projeto-de-lei-que-proibe-apreensao-de-veiculos-com-ipva-atrasado-na-paraiba","status":"publish","type":"post","link":"https:\/\/noticiasemdestaque.com\/cd\/?p=25163","title":{"rendered":"Deputados aprovam projeto de lei que pro\u00edbe apreens\u00e3o de ve\u00edculos com IPVA atrasado na Para\u00edba"},"content":{"rendered":"<p><a href=\"https:\/\/noticiasemdestaque.com\/cd\/wp-content\/uploads\/2020\/06\/motos_e_carros_apreendidos_walla_santos_33.jpg\"><img fetchpriority=\"high\" decoding=\"async\" class=\"wp-image-25164 aligncenter\" src=\"https:\/\/noticiasemdestaque.com\/cd\/wp-content\/uploads\/2020\/06\/motos_e_carros_apreendidos_walla_santos_33.jpg\" alt=\"\" width=\"495\" height=\"331\" srcset=\"https:\/\/noticiasemdestaque.com\/cd\/wp-content\/uploads\/2020\/06\/motos_e_carros_apreendidos_walla_santos_33.jpg 696w, https:\/\/noticiasemdestaque.com\/cd\/wp-content\/uploads\/2020\/06\/motos_e_carros_apreendidos_walla_santos_33-300x200.jpg 300w, https:\/\/noticiasemdestaque.com\/cd\/wp-content\/uploads\/2020\/06\/motos_e_carros_apreendidos_walla_santos_33-480x320.jpg 480w\" sizes=\"(max-width: 495px) 100vw, 495px\" \/><\/a><\/p>\n<p>Os deputados da Assembleia Legislativa da Para\u00edba aprovaram por unanimidade, nesta quarta-feira (3), Projeto de Lei que pro\u00edbe a apreens\u00e3o de ve\u00edculos por falta de pagamento do IPVA e licenciamento, que tenham vencimento a partir do dia 20 de mar\u00e7o at\u00e9 31 de dezembro. O texto agora segue para san\u00e7\u00e3o do governador Jo\u00e3o Azev\u00eado.<\/p>\n<div class=\"pp-box-adunit pp-ad-loading pp-type-outstream\">\n<div class=\"pp-adunit\">\n<div class=\"pp-ad\">\n<div id=\"P_PB_HOJE_OUTSTREAM_0\" data-premium=\"\" data-adunit=\"PB_HOJE_OUTSTREAM\" data-sizes-mobile=\"[[336,280],[300,250]] \" data-sizes-desktop=\"[[336,280],[300,250]]\" data-type=\"outstream\" data-premium-load=\"\" data-fetch=\"true\" data-google-query-id=\"COuD2I3D5ukCFXnnhgod6FkPJg\">\n<p>O Projeto de Lei j\u00e1 havia sido aprovado na Comiss\u00e3o de Constitui\u00e7\u00e3o e Justi\u00e7a (CCJ), nessa ter\u00e7a-feira (2).<\/p>\n<p>De acordo com o autor, o deputado Jo\u00e3o Henrique (PSDB), a medida leva em conta a pandemia do novo coronav\u00edrus. A proposta inclui motocicletas, autom\u00f3veis, micro-\u00f4nibus, caminhonetes, \u00f4nibus e caminh\u00f5es.<\/p>\n<p>\u201cDurante a grave pandemia viral ocorrida no planeta pela covid-19, torna-se um ato insens\u00edvel a cobran\u00e7a desse tributo, al\u00e9m de suas penalidades pelo n\u00e3o pagamento, em que in\u00fameras cidades de todos os continente foram paralisadas total ou parcialmente em raz\u00e3o das medidas de isolamento compuls\u00f3rio em um cen\u00e1rio de guerra, marcado pela presen\u00e7a de uma \u00fanica advers\u00e1ria: a pandemia\u201d, explicou<\/p>\n<p>Com Para\u00edba Hoje<\/p>\n<\/div>\n<\/div>\n<\/div>\n<\/div>\n","protected":false},"excerpt":{"rendered":"<p>Os deputados da Assembleia Legislativa da Para\u00edba aprovaram por unanimidade, nesta quarta-feira (3), Projeto de Lei que pro\u00edbe a apreens\u00e3o de ve\u00edculos por falta de pagamento do IPVA e licenciamento, que tenham vencimento a partir do dia 20 de mar\u00e7o at\u00e9 31 de dezembro. O texto agora segue para san\u00e7\u00e3o do governador Jo\u00e3o Azev\u00eado. O Projeto de Lei j\u00e1 havia sido aprovado na Comiss\u00e3o de Constitui\u00e7\u00e3o e Justi\u00e7a (CCJ), nessa ter\u00e7a-feira (2). De acordo com o autor, o deputado Jo\u00e3o Henrique (PSDB), a medida leva em conta a pandemia do novo coronav\u00edrus. A proposta inclui motocicletas, autom\u00f3veis, micro-\u00f4nibus, caminhonetes, \u00f4nibus e caminh\u00f5es. \u201cDurante a grave pandemia viral ocorrida no planeta pela covid-19, torna-se um ato insens\u00edvel a cobran\u00e7a desse tributo, al\u00e9m de suas penalidades pelo n\u00e3o pagamento, em que in\u00fameras cidades de todos os continente foram paralisadas total ou parcialmente em raz\u00e3o das medidas de isolamento compuls\u00f3rio em um cen\u00e1rio de guerra, marcado pela presen\u00e7a de uma \u00fanica advers\u00e1ria: a pandemia\u201d, explicou Com Para\u00edba Hoje<\/p>\n","protected":false},"author":2,"featured_media":25164,"comment_status":"closed","ping_status":"open","sticky":false,"template":"","format":"standard","meta":{"_eb_attr":"","_jetpack_memberships_contains_paid_content":false,"footnotes":""},"categories":[4],"tags":[],"class_list":["post-25163","post","type-post","status-publish","format-standard","has-post-thumbnail","hentry","category-politica"],"yoast_head":"<!-- This site is optimized with the Yoast SEO plugin v26.5 - https:\/\/yoast.com\/wordpress\/plugins\/seo\/ -->\n<title>Deputados aprovam projeto de lei que pro\u00edbe apreens\u00e3o de ve\u00edculos com IPVA atrasado na Para\u00edba - Not&iacute;cias em Destaque<\/title>\n<meta name=\"robots\" content=\"index, follow, max-snippet:-1, max-image-preview:large, max-video-preview:-1\" \/>\n<link rel=\"canonical\" href=\"https:\/\/noticiasemdestaque.com\/cd\/?p=25163\" \/>\n<meta property=\"og:locale\" content=\"pt_BR\" \/>\n<meta property=\"og:type\" content=\"article\" \/>\n<meta property=\"og:title\" content=\"Deputados aprovam projeto de lei que pro\u00edbe apreens\u00e3o de ve\u00edculos com IPVA atrasado na Para\u00edba - Not&iacute;cias em Destaque\" \/>\n<meta property=\"og:description\" content=\"Os deputados da Assembleia Legislativa da Para\u00edba aprovaram por unanimidade, nesta quarta-feira (3), Projeto de Lei que pro\u00edbe a apreens\u00e3o de ve\u00edculos por falta de pagamento do IPVA e licenciamento, que tenham vencimento a partir do dia 20 de mar\u00e7o at\u00e9 31 de dezembro. O texto agora segue para san\u00e7\u00e3o do governador Jo\u00e3o Azev\u00eado. O Projeto de Lei j\u00e1 havia sido aprovado na Comiss\u00e3o de Constitui\u00e7\u00e3o e Justi\u00e7a (CCJ), nessa ter\u00e7a-feira (2). De acordo com o autor, o deputado Jo\u00e3o Henrique (PSDB), a medida leva em conta a pandemia do novo coronav\u00edrus. A proposta inclui motocicletas, autom\u00f3veis, micro-\u00f4nibus, caminhonetes, \u00f4nibus e caminh\u00f5es. \u201cDurante a grave pandemia viral ocorrida no planeta pela covid-19, torna-se um ato insens\u00edvel a cobran\u00e7a desse tributo, al\u00e9m de suas penalidades pelo n\u00e3o pagamento, em que in\u00fameras cidades de todos os continente foram paralisadas total ou parcialmente em raz\u00e3o das medidas de isolamento compuls\u00f3rio em um cen\u00e1rio de guerra, marcado pela presen\u00e7a de uma \u00fanica advers\u00e1ria: a pandemia\u201d, explicou Com Para\u00edba Hoje\" \/>\n<meta property=\"og:url\" content=\"https:\/\/noticiasemdestaque.com\/cd\/?p=25163\" \/>\n<meta property=\"og:site_name\" content=\"Not&iacute;cias em Destaque\" \/>\n<meta property=\"article:published_time\" content=\"2020-06-03T20:53:59+00:00\" \/>\n<meta property=\"og:image\" content=\"https:\/\/noticiasemdestaque.com\/cd\/wp-content\/uploads\/2020\/06\/motos_e_carros_apreendidos_walla_santos_33.jpg\" \/>\n\t<meta property=\"og:image:width\" content=\"696\" \/>\n\t<meta property=\"og:image:height\" content=\"465\" \/>\n\t<meta property=\"og:image:type\" content=\"image\/jpeg\" \/>\n<meta name=\"author\" content=\"Not\u00edcias em Destaque\" \/>\n<meta name=\"twitter:card\" content=\"summary_large_image\" \/>\n<meta name=\"twitter:label1\" content=\"Escrito por\" \/>\n\t<meta name=\"twitter:data1\" content=\"Not\u00edcias em Destaque\" \/>\n\t<meta name=\"twitter:label2\" content=\"Est. tempo de leitura\" \/>\n\t<meta name=\"twitter:data2\" content=\"1 minuto\" \/>\n<script type=\"application\/ld+json\" class=\"yoast-schema-graph\">{\"@context\":\"https:\/\/schema.org\",\"@graph\":[{\"@type\":\"Article\",\"@id\":\"https:\/\/noticiasemdestaque.com\/cd\/?p=25163#article\",\"isPartOf\":{\"@id\":\"https:\/\/noticiasemdestaque.com\/cd\/?p=25163\"},\"author\":{\"name\":\"Not\u00edcias em Destaque\",\"@id\":\"https:\/\/noticiasemdestaque.com\/cd\/#\/schema\/person\/21320b03a7e8bb90128938dafc9b908a\"},\"headline\":\"Deputados aprovam projeto de lei que pro\u00edbe apreens\u00e3o de ve\u00edculos com IPVA atrasado na Para\u00edba\",\"datePublished\":\"2020-06-03T20:53:59+00:00\",\"mainEntityOfPage\":{\"@id\":\"https:\/\/noticiasemdestaque.com\/cd\/?p=25163\"},\"wordCount\":208,\"publisher\":{\"@id\":\"https:\/\/noticiasemdestaque.com\/cd\/#organization\"},\"image\":{\"@id\":\"https:\/\/noticiasemdestaque.com\/cd\/?p=25163#primaryimage\"},\"thumbnailUrl\":\"https:\/\/noticiasemdestaque.com\/cd\/wp-content\/uploads\/2020\/06\/motos_e_carros_apreendidos_walla_santos_33.jpg\",\"articleSection\":[\"Pol\u00edtica\"],\"inLanguage\":\"pt-BR\"},{\"@type\":\"WebPage\",\"@id\":\"https:\/\/noticiasemdestaque.com\/cd\/?p=25163\",\"url\":\"https:\/\/noticiasemdestaque.com\/cd\/?p=25163\",\"name\":\"Deputados aprovam projeto de lei que pro\u00edbe apreens\u00e3o de ve\u00edculos com IPVA atrasado na Para\u00edba - Not&iacute;cias em Destaque\",\"isPartOf\":{\"@id\":\"https:\/\/noticiasemdestaque.com\/cd\/#website\"},\"primaryImageOfPage\":{\"@id\":\"https:\/\/noticiasemdestaque.com\/cd\/?p=25163#primaryimage\"},\"image\":{\"@id\":\"https:\/\/noticiasemdestaque.com\/cd\/?p=25163#primaryimage\"},\"thumbnailUrl\":\"https:\/\/noticiasemdestaque.com\/cd\/wp-content\/uploads\/2020\/06\/motos_e_carros_apreendidos_walla_santos_33.jpg\",\"datePublished\":\"2020-06-03T20:53:59+00:00\",\"breadcrumb\":{\"@id\":\"https:\/\/noticiasemdestaque.com\/cd\/?p=25163#breadcrumb\"},\"inLanguage\":\"pt-BR\",\"potentialAction\":[{\"@type\":\"ReadAction\",\"target\":[\"https:\/\/noticiasemdestaque.com\/cd\/?p=25163\"]}]},{\"@type\":\"ImageObject\",\"inLanguage\":\"pt-BR\",\"@id\":\"https:\/\/noticiasemdestaque.com\/cd\/?p=25163#primaryimage\",\"url\":\"https:\/\/noticiasemdestaque.com\/cd\/wp-content\/uploads\/2020\/06\/motos_e_carros_apreendidos_walla_santos_33.jpg\",\"contentUrl\":\"https:\/\/noticiasemdestaque.com\/cd\/wp-content\/uploads\/2020\/06\/motos_e_carros_apreendidos_walla_santos_33.jpg\",\"width\":696,\"height\":465},{\"@type\":\"BreadcrumbList\",\"@id\":\"https:\/\/noticiasemdestaque.com\/cd\/?p=25163#breadcrumb\",\"itemListElement\":[{\"@type\":\"ListItem\",\"position\":1,\"name\":\"In\u00edcio\",\"item\":\"https:\/\/noticiasemdestaque.com\/cd\/\"},{\"@type\":\"ListItem\",\"position\":2,\"name\":\"Deputados aprovam projeto de lei que pro\u00edbe apreens\u00e3o de ve\u00edculos com IPVA atrasado na Para\u00edba\"}]},{\"@type\":\"WebSite\",\"@id\":\"https:\/\/noticiasemdestaque.com\/cd\/#website\",\"url\":\"https:\/\/noticiasemdestaque.com\/cd\/\",\"name\":\"Not&iacute;cias em Destaque\",\"description\":\"\",\"publisher\":{\"@id\":\"https:\/\/noticiasemdestaque.com\/cd\/#organization\"},\"potentialAction\":[{\"@type\":\"SearchAction\",\"target\":{\"@type\":\"EntryPoint\",\"urlTemplate\":\"https:\/\/noticiasemdestaque.com\/cd\/?s={search_term_string}\"},\"query-input\":{\"@type\":\"PropertyValueSpecification\",\"valueRequired\":true,\"valueName\":\"search_term_string\"}}],\"inLanguage\":\"pt-BR\"},{\"@type\":\"Organization\",\"@id\":\"https:\/\/noticiasemdestaque.com\/cd\/#organization\",\"name\":\"Not\u00edcias em Destaque\",\"url\":\"https:\/\/noticiasemdestaque.com\/cd\/\",\"logo\":{\"@type\":\"ImageObject\",\"inLanguage\":\"pt-BR\",\"@id\":\"https:\/\/noticiasemdestaque.com\/cd\/#\/schema\/logo\/image\/\",\"url\":\"https:\/\/noticiasemdestaque.com\/cd\/wp-content\/uploads\/2022\/05\/imagem-base-noticiasemdestaque.png\",\"contentUrl\":\"https:\/\/noticiasemdestaque.com\/cd\/wp-content\/uploads\/2022\/05\/imagem-base-noticiasemdestaque.png\",\"width\":1200,\"height\":630,\"caption\":\"Not\u00edcias em Destaque\"},\"image\":{\"@id\":\"https:\/\/noticiasemdestaque.com\/cd\/#\/schema\/logo\/image\/\"}},{\"@type\":\"Person\",\"@id\":\"https:\/\/noticiasemdestaque.com\/cd\/#\/schema\/person\/21320b03a7e8bb90128938dafc9b908a\",\"name\":\"Not\u00edcias em Destaque\",\"url\":\"https:\/\/noticiasemdestaque.com\/cd\/?author=2\"}]}<\/script>\n<!-- \/ Yoast SEO plugin. -->","yoast_head_json":{"title":"Deputados aprovam projeto de lei que pro\u00edbe apreens\u00e3o de ve\u00edculos com IPVA atrasado na Para\u00edba - Not&iacute;cias em Destaque","robots":{"index":"index","follow":"follow","max-snippet":"max-snippet:-1","max-image-preview":"max-image-preview:large","max-video-preview":"max-video-preview:-1"},"canonical":"https:\/\/noticiasemdestaque.com\/cd\/?p=25163","og_locale":"pt_BR","og_type":"article","og_title":"Deputados aprovam projeto de lei que pro\u00edbe apreens\u00e3o de ve\u00edculos com IPVA atrasado na Para\u00edba - Not&iacute;cias em Destaque","og_description":"Os deputados da Assembleia Legislativa da Para\u00edba aprovaram por unanimidade, nesta quarta-feira (3), Projeto de Lei que pro\u00edbe a apreens\u00e3o de ve\u00edculos por falta de pagamento do IPVA e licenciamento, que tenham vencimento a partir do dia 20 de mar\u00e7o at\u00e9 31 de dezembro. O texto agora segue para san\u00e7\u00e3o do governador Jo\u00e3o Azev\u00eado. O Projeto de Lei j\u00e1 havia sido aprovado na Comiss\u00e3o de Constitui\u00e7\u00e3o e Justi\u00e7a (CCJ), nessa ter\u00e7a-feira (2). De acordo com o autor, o deputado Jo\u00e3o Henrique (PSDB), a medida leva em conta a pandemia do novo coronav\u00edrus. A proposta inclui motocicletas, autom\u00f3veis, micro-\u00f4nibus, caminhonetes, \u00f4nibus e caminh\u00f5es. \u201cDurante a grave pandemia viral ocorrida no planeta pela covid-19, torna-se um ato insens\u00edvel a cobran\u00e7a desse tributo, al\u00e9m de suas penalidades pelo n\u00e3o pagamento, em que in\u00fameras cidades de todos os continente foram paralisadas total ou parcialmente em raz\u00e3o das medidas de isolamento compuls\u00f3rio em um cen\u00e1rio de guerra, marcado pela presen\u00e7a de uma \u00fanica advers\u00e1ria: a pandemia\u201d, explicou Com Para\u00edba Hoje","og_url":"https:\/\/noticiasemdestaque.com\/cd\/?p=25163","og_site_name":"Not&iacute;cias em Destaque","article_published_time":"2020-06-03T20:53:59+00:00","og_image":[{"width":696,"height":465,"url":"https:\/\/noticiasemdestaque.com\/cd\/wp-content\/uploads\/2020\/06\/motos_e_carros_apreendidos_walla_santos_33.jpg","type":"image\/jpeg"}],"author":"Not\u00edcias em Destaque","twitter_card":"summary_large_image","twitter_misc":{"Escrito por":"Not\u00edcias em Destaque","Est. tempo de leitura":"1 minuto"},"schema":{"@context":"https:\/\/schema.org","@graph":[{"@type":"Article","@id":"https:\/\/noticiasemdestaque.com\/cd\/?p=25163#article","isPartOf":{"@id":"https:\/\/noticiasemdestaque.com\/cd\/?p=25163"},"author":{"name":"Not\u00edcias em Destaque","@id":"https:\/\/noticiasemdestaque.com\/cd\/#\/schema\/person\/21320b03a7e8bb90128938dafc9b908a"},"headline":"Deputados aprovam projeto de lei que pro\u00edbe apreens\u00e3o de ve\u00edculos com IPVA atrasado na Para\u00edba","datePublished":"2020-06-03T20:53:59+00:00","mainEntityOfPage":{"@id":"https:\/\/noticiasemdestaque.com\/cd\/?p=25163"},"wordCount":208,"publisher":{"@id":"https:\/\/noticiasemdestaque.com\/cd\/#organization"},"image":{"@id":"https:\/\/noticiasemdestaque.com\/cd\/?p=25163#primaryimage"},"thumbnailUrl":"https:\/\/noticiasemdestaque.com\/cd\/wp-content\/uploads\/2020\/06\/motos_e_carros_apreendidos_walla_santos_33.jpg","articleSection":["Pol\u00edtica"],"inLanguage":"pt-BR"},{"@type":"WebPage","@id":"https:\/\/noticiasemdestaque.com\/cd\/?p=25163","url":"https:\/\/noticiasemdestaque.com\/cd\/?p=25163","name":"Deputados aprovam projeto de lei que pro\u00edbe apreens\u00e3o de ve\u00edculos com IPVA atrasado na Para\u00edba - Not&iacute;cias em Destaque","isPartOf":{"@id":"https:\/\/noticiasemdestaque.com\/cd\/#website"},"primaryImageOfPage":{"@id":"https:\/\/noticiasemdestaque.com\/cd\/?p=25163#primaryimage"},"image":{"@id":"https:\/\/noticiasemdestaque.com\/cd\/?p=25163#primaryimage"},"thumbnailUrl":"https:\/\/noticiasemdestaque.com\/cd\/wp-content\/uploads\/2020\/06\/motos_e_carros_apreendidos_walla_santos_33.jpg","datePublished":"2020-06-03T20:53:59+00:00","breadcrumb":{"@id":"https:\/\/noticiasemdestaque.com\/cd\/?p=25163#breadcrumb"},"inLanguage":"pt-BR","potentialAction":[{"@type":"ReadAction","target":["https:\/\/noticiasemdestaque.com\/cd\/?p=25163"]}]},{"@type":"ImageObject","inLanguage":"pt-BR","@id":"https:\/\/noticiasemdestaque.com\/cd\/?p=25163#primaryimage","url":"https:\/\/noticiasemdestaque.com\/cd\/wp-content\/uploads\/2020\/06\/motos_e_carros_apreendidos_walla_santos_33.jpg","contentUrl":"https:\/\/noticiasemdestaque.com\/cd\/wp-content\/uploads\/2020\/06\/motos_e_carros_apreendidos_walla_santos_33.jpg","width":696,"height":465},{"@type":"BreadcrumbList","@id":"https:\/\/noticiasemdestaque.com\/cd\/?p=25163#breadcrumb","itemListElement":[{"@type":"ListItem","position":1,"name":"In\u00edcio","item":"https:\/\/noticiasemdestaque.com\/cd\/"},{"@type":"ListItem","position":2,"name":"Deputados aprovam projeto de lei que pro\u00edbe apreens\u00e3o de ve\u00edculos com IPVA atrasado na Para\u00edba"}]},{"@type":"WebSite","@id":"https:\/\/noticiasemdestaque.com\/cd\/#website","url":"https:\/\/noticiasemdestaque.com\/cd\/","name":"Not&iacute;cias em Destaque","description":"","publisher":{"@id":"https:\/\/noticiasemdestaque.com\/cd\/#organization"},"potentialAction":[{"@type":"SearchAction","target":{"@type":"EntryPoint","urlTemplate":"https:\/\/noticiasemdestaque.com\/cd\/?s={search_term_string}"},"query-input":{"@type":"PropertyValueSpecification","valueRequired":true,"valueName":"search_term_string"}}],"inLanguage":"pt-BR"},{"@type":"Organization","@id":"https:\/\/noticiasemdestaque.com\/cd\/#organization","name":"Not\u00edcias em Destaque","url":"https:\/\/noticiasemdestaque.com\/cd\/","logo":{"@type":"ImageObject","inLanguage":"pt-BR","@id":"https:\/\/noticiasemdestaque.com\/cd\/#\/schema\/logo\/image\/","url":"https:\/\/noticiasemdestaque.com\/cd\/wp-content\/uploads\/2022\/05\/imagem-base-noticiasemdestaque.png","contentUrl":"https:\/\/noticiasemdestaque.com\/cd\/wp-content\/uploads\/2022\/05\/imagem-base-noticiasemdestaque.png","width":1200,"height":630,"caption":"Not\u00edcias em Destaque"},"image":{"@id":"https:\/\/noticiasemdestaque.com\/cd\/#\/schema\/logo\/image\/"}},{"@type":"Person","@id":"https:\/\/noticiasemdestaque.com\/cd\/#\/schema\/person\/21320b03a7e8bb90128938dafc9b908a","name":"Not\u00edcias em Destaque","url":"https:\/\/noticiasemdestaque.com\/cd\/?author=2"}]}},"jetpack_featured_media_url":"https:\/\/noticiasemdestaque.com\/cd\/wp-content\/uploads\/2020\/06\/motos_e_carros_apreendidos_walla_santos_33.jpg","jetpack_sharing_enabled":true,"_links":{"self":[{"href":"https:\/\/noticiasemdestaque.com\/cd\/index.php?rest_route=\/wp\/v2\/posts\/25163","targetHints":{"allow":["GET"]}}],"collection":[{"href":"https:\/\/noticiasemdestaque.com\/cd\/index.php?rest_route=\/wp\/v2\/posts"}],"about":[{"href":"https:\/\/noticiasemdestaque.com\/cd\/index.php?rest_route=\/wp\/v2\/types\/post"}],"author":[{"embeddable":true,"href":"https:\/\/noticiasemdestaque.com\/cd\/index.php?rest_route=\/wp\/v2\/users\/2"}],"replies":[{"embeddable":true,"href":"https:\/\/noticiasemdestaque.com\/cd\/index.php?rest_route=%2Fwp%2Fv2%2Fcomments&post=25163"}],"version-history":[{"count":1,"href":"https:\/\/noticiasemdestaque.com\/cd\/index.php?rest_route=\/wp\/v2\/posts\/25163\/revisions"}],"predecessor-version":[{"id":25165,"href":"https:\/\/noticiasemdestaque.com\/cd\/index.php?rest_route=\/wp\/v2\/posts\/25163\/revisions\/25165"}],"wp:featuredmedia":[{"embeddable":true,"href":"https:\/\/noticiasemdestaque.com\/cd\/index.php?rest_route=\/wp\/v2\/media\/25164"}],"wp:attachment":[{"href":"https:\/\/noticiasemdestaque.com\/cd\/index.php?rest_route=%2Fwp%2Fv2%2Fmedia&parent=25163"}],"wp:term":[{"taxonomy":"category","embeddable":true,"href":"https:\/\/noticiasemdestaque.com\/cd\/index.php?rest_route=%2Fwp%2Fv2%2Fcategories&post=25163"},{"taxonomy":"post_tag","embeddable":true,"href":"https:\/\/noticiasemdestaque.com\/cd\/index.php?rest_route=%2Fwp%2Fv2%2Ftags&post=25163"}],"curies":[{"name":"wp","href":"https:\/\/api.w.org\/{rel}","templated":true}]}}