{"id":25160,"date":"2020-06-03T17:50:57","date_gmt":"2020-06-03T20:50:57","guid":{"rendered":"http:\/\/noticiasemdestaque.com\/cd\/?p=25160"},"modified":"2020-06-03T17:51:12","modified_gmt":"2020-06-03T20:51:12","slug":"ifpb-nao-ira-aderir-ao-sisu-como-forma-de-selecao-no-segundo-semestre-de-2020","status":"publish","type":"post","link":"https:\/\/noticiasemdestaque.com\/cd\/?p=25160","title":{"rendered":"IFPB n\u00e3o ir\u00e1 aderir ao Sisu como forma de sele\u00e7\u00e3o no segundo semestre de 2020"},"content":{"rendered":"<div class=\"mc-column content-text active-extra-styles\" data-block-type=\"unstyled\" data-block-weight=\"42\" data-block-id=\"2\">\n<p data-track-category=\"Link no Texto\" data-track-links=\"\"><a href=\"https:\/\/noticiasemdestaque.com\/cd\/wp-content\/uploads\/2020\/06\/ifpb-e1516392191176.jpg\"><img fetchpriority=\"high\" decoding=\"async\" class=\"wp-image-25161 aligncenter\" src=\"https:\/\/noticiasemdestaque.com\/cd\/wp-content\/uploads\/2020\/06\/ifpb-e1516392191176.jpg\" alt=\"\" width=\"485\" height=\"273\" srcset=\"https:\/\/noticiasemdestaque.com\/cd\/wp-content\/uploads\/2020\/06\/ifpb-e1516392191176.jpg 696w, https:\/\/noticiasemdestaque.com\/cd\/wp-content\/uploads\/2020\/06\/ifpb-e1516392191176-300x169.jpg 300w\" sizes=\"(max-width: 485px) 100vw, 485px\" \/><\/a><\/p>\n<p class=\"content-text__container\" data-track-category=\"Link no Texto\" data-track-links=\"\">O Instituto Federal da Para\u00edba (IFPB) anunciou nesta quarta-feira (3) que n\u00e3o vai aderir ao Sistema de Sele\u00e7\u00e3o Unificada (Sisu) para preencher as vagas em cursos de gradua\u00e7\u00e3o no segundo semestre de 2020. Um processo seletivo institucional ser\u00e1 feito virtualmente pela institui\u00e7\u00e3o.<\/p>\n<\/div>\n<div class=\"wall protected-content\">\n<div class=\"mc-column content-text active-extra-styles\" data-block-type=\"unstyled\" data-block-weight=\"35\" data-block-id=\"3\">\n<p class=\"content-text__container\" data-track-category=\"Link no Texto\" data-track-links=\"\">De acordo com o IFPB, a decis\u00e3o leva em considera\u00e7\u00e3o a situa\u00e7\u00e3o de emerg\u00eancia provocada pelo coronav\u00edrus, as dificuldades de gerenciamento do processo de matr\u00edcula por meio do Sisu e cumprimento do cronograma de execu\u00e7\u00e3o.<\/p>\n<div class=\"mc-column content-text active-extra-styles\" data-block-type=\"unstyled\" data-block-weight=\"36\" data-block-id=\"4\">\n<p class=\"content-text__container\" data-track-category=\"Link no Texto\" data-track-links=\"\">A institui\u00e7\u00e3o informou que h\u00e1 mais de mil vagas dispon\u00edveis para o segundo semestre de 2020 mas ser\u00e3o preenchidas por meio de um processo seletivo institucional. Ainda n\u00e3o h\u00e1 data de publica\u00e7\u00e3o do edital deste processo.<\/p>\n<\/div>\n<div class=\"mc-column content-text active-extra-styles\" data-block-type=\"unstyled\" data-block-weight=\"53\" data-block-id=\"5\">\n<p class=\"content-text__container\" data-track-category=\"Link no Texto\" data-track-links=\"\">De acordo com o Diretor de Educa\u00e7\u00e3o Superior, Ge\u00edsio Vieira, uma sele\u00e7\u00e3o pr\u00f3pria se faz necess\u00e1ria nesse momento de pandemia em que os servidores t\u00e9cnico-administrativos est\u00e3o trabalhando de forma remota e os estudantes n\u00e3o podem se deslocar at\u00e9 a institui\u00e7\u00e3o para a entrega f\u00edsica dos documentos exigidos para a matr\u00edcula do Sisu.<\/p>\n<\/div>\n<div class=\"mc-column content-text active-extra-styles\" data-block-type=\"unstyled\" data-block-weight=\"47\" data-block-id=\"6\">\n<p class=\"content-text__container\" data-track-category=\"Link no Texto\" data-track-links=\"\">Ge\u00edsio tamb\u00e9m informou que o processo de sele\u00e7\u00e3o se dar\u00e1 de forma virtual, por meio de um sistema produzido pela Diretoria Geral de Tecnologia da Informa\u00e7\u00e3o do IFPB, e que os candidatos poder\u00e3o concorrer com as notas dos tr\u00eas \u00faltimos Enem, beneficiando um maior n\u00famero de alunos.<\/p>\n<\/div>\n<div class=\"mc-column content-text active-extra-styles\" data-block-type=\"unstyled\" data-block-weight=\"21\" data-block-id=\"8\">\n<p class=\"content-text__container\" data-track-category=\"Link no Texto\" data-track-links=\"\">Ainda segundo Ge\u00edsio Vieira, a entrega f\u00edsica de documentos para valida\u00e7\u00e3o s\u00f3 ser\u00e1 necess\u00e1ria quando as atividades da institui\u00e7\u00e3o retomarem presencialmente.<\/p>\n<\/div>\n<\/div>\n<\/div>\n","protected":false},"excerpt":{"rendered":"<p>O Instituto Federal da Para\u00edba (IFPB) anunciou nesta quarta-feira (3) que n\u00e3o vai aderir ao Sistema de Sele\u00e7\u00e3o Unificada (Sisu) para preencher as vagas em cursos de gradua\u00e7\u00e3o no segundo semestre de 2020. Um processo seletivo institucional ser\u00e1 feito virtualmente pela institui\u00e7\u00e3o. De acordo com o IFPB, a decis\u00e3o leva em considera\u00e7\u00e3o a situa\u00e7\u00e3o de emerg\u00eancia provocada pelo coronav\u00edrus, as dificuldades de gerenciamento do processo de matr\u00edcula por meio do Sisu e cumprimento do cronograma de execu\u00e7\u00e3o. A institui\u00e7\u00e3o informou que h\u00e1 mais de mil vagas dispon\u00edveis para o segundo semestre de 2020 mas ser\u00e3o preenchidas por meio de um processo seletivo institucional. Ainda n\u00e3o h\u00e1 data de publica\u00e7\u00e3o do edital deste processo. De acordo com o Diretor de Educa\u00e7\u00e3o Superior, Ge\u00edsio Vieira, uma sele\u00e7\u00e3o pr\u00f3pria se faz necess\u00e1ria nesse momento de pandemia em que os servidores t\u00e9cnico-administrativos est\u00e3o trabalhando de forma remota e os estudantes n\u00e3o podem se deslocar at\u00e9 a institui\u00e7\u00e3o para a entrega f\u00edsica dos documentos exigidos para a matr\u00edcula do Sisu. Ge\u00edsio tamb\u00e9m informou que o processo de sele\u00e7\u00e3o se dar\u00e1 de forma virtual, por meio de um sistema produzido pela Diretoria Geral de Tecnologia da Informa\u00e7\u00e3o do IFPB, e que os candidatos poder\u00e3o concorrer com as notas dos tr\u00eas \u00faltimos Enem, beneficiando um maior n\u00famero de alunos. Ainda segundo Ge\u00edsio Vieira, a entrega f\u00edsica de documentos para valida\u00e7\u00e3o s\u00f3 ser\u00e1 necess\u00e1ria quando as atividades da institui\u00e7\u00e3o retomarem presencialmente.<\/p>\n","protected":false},"author":2,"featured_media":25161,"comment_status":"closed","ping_status":"open","sticky":false,"template":"","format":"standard","meta":{"_eb_attr":"","_jetpack_memberships_contains_paid_content":false,"footnotes":""},"categories":[12],"tags":[],"class_list":["post-25160","post","type-post","status-publish","format-standard","has-post-thumbnail","hentry","category-geral"],"yoast_head":"<!-- This site is optimized with the Yoast SEO plugin v26.5 - https:\/\/yoast.com\/wordpress\/plugins\/seo\/ -->\n<title>IFPB n\u00e3o ir\u00e1 aderir ao Sisu como forma de sele\u00e7\u00e3o no segundo semestre de 2020 - Not&iacute;cias em Destaque<\/title>\n<meta name=\"robots\" content=\"index, follow, max-snippet:-1, max-image-preview:large, max-video-preview:-1\" \/>\n<link rel=\"canonical\" href=\"https:\/\/noticiasemdestaque.com\/cd\/?p=25160\" \/>\n<meta property=\"og:locale\" content=\"pt_BR\" \/>\n<meta property=\"og:type\" content=\"article\" \/>\n<meta property=\"og:title\" content=\"IFPB n\u00e3o ir\u00e1 aderir ao Sisu como forma de sele\u00e7\u00e3o no segundo semestre de 2020 - Not&iacute;cias em Destaque\" \/>\n<meta property=\"og:description\" content=\"O Instituto Federal da Para\u00edba (IFPB) anunciou nesta quarta-feira (3) que n\u00e3o vai aderir ao Sistema de Sele\u00e7\u00e3o Unificada (Sisu) para preencher as vagas em cursos de gradua\u00e7\u00e3o no segundo semestre de 2020. Um processo seletivo institucional ser\u00e1 feito virtualmente pela institui\u00e7\u00e3o. De acordo com o IFPB, a decis\u00e3o leva em considera\u00e7\u00e3o a situa\u00e7\u00e3o de emerg\u00eancia provocada pelo coronav\u00edrus, as dificuldades de gerenciamento do processo de matr\u00edcula por meio do Sisu e cumprimento do cronograma de execu\u00e7\u00e3o. A institui\u00e7\u00e3o informou que h\u00e1 mais de mil vagas dispon\u00edveis para o segundo semestre de 2020 mas ser\u00e3o preenchidas por meio de um processo seletivo institucional. Ainda n\u00e3o h\u00e1 data de publica\u00e7\u00e3o do edital deste processo. De acordo com o Diretor de Educa\u00e7\u00e3o Superior, Ge\u00edsio Vieira, uma sele\u00e7\u00e3o pr\u00f3pria se faz necess\u00e1ria nesse momento de pandemia em que os servidores t\u00e9cnico-administrativos est\u00e3o trabalhando de forma remota e os estudantes n\u00e3o podem se deslocar at\u00e9 a institui\u00e7\u00e3o para a entrega f\u00edsica dos documentos exigidos para a matr\u00edcula do Sisu. Ge\u00edsio tamb\u00e9m informou que o processo de sele\u00e7\u00e3o se dar\u00e1 de forma virtual, por meio de um sistema produzido pela Diretoria Geral de Tecnologia da Informa\u00e7\u00e3o do IFPB, e que os candidatos poder\u00e3o concorrer com as notas dos tr\u00eas \u00faltimos Enem, beneficiando um maior n\u00famero de alunos. Ainda segundo Ge\u00edsio Vieira, a entrega f\u00edsica de documentos para valida\u00e7\u00e3o s\u00f3 ser\u00e1 necess\u00e1ria quando as atividades da institui\u00e7\u00e3o retomarem presencialmente.\" \/>\n<meta property=\"og:url\" content=\"https:\/\/noticiasemdestaque.com\/cd\/?p=25160\" \/>\n<meta property=\"og:site_name\" content=\"Not&iacute;cias em Destaque\" \/>\n<meta property=\"article:published_time\" content=\"2020-06-03T20:50:57+00:00\" \/>\n<meta property=\"article:modified_time\" content=\"2020-06-03T20:51:12+00:00\" \/>\n<meta property=\"og:image\" content=\"https:\/\/noticiasemdestaque.com\/cd\/wp-content\/uploads\/2020\/06\/ifpb-e1516392191176.jpg\" \/>\n\t<meta property=\"og:image:width\" content=\"696\" \/>\n\t<meta property=\"og:image:height\" content=\"392\" \/>\n\t<meta property=\"og:image:type\" content=\"image\/jpeg\" \/>\n<meta name=\"author\" content=\"Not\u00edcias em Destaque\" \/>\n<meta name=\"twitter:card\" content=\"summary_large_image\" \/>\n<meta name=\"twitter:label1\" content=\"Escrito por\" \/>\n\t<meta name=\"twitter:data1\" content=\"Not\u00edcias em Destaque\" \/>\n\t<meta name=\"twitter:label2\" content=\"Est. tempo de leitura\" \/>\n\t<meta name=\"twitter:data2\" content=\"1 minuto\" \/>\n<script type=\"application\/ld+json\" class=\"yoast-schema-graph\">{\"@context\":\"https:\/\/schema.org\",\"@graph\":[{\"@type\":\"Article\",\"@id\":\"https:\/\/noticiasemdestaque.com\/cd\/?p=25160#article\",\"isPartOf\":{\"@id\":\"https:\/\/noticiasemdestaque.com\/cd\/?p=25160\"},\"author\":{\"name\":\"Not\u00edcias em Destaque\",\"@id\":\"https:\/\/noticiasemdestaque.com\/cd\/#\/schema\/person\/21320b03a7e8bb90128938dafc9b908a\"},\"headline\":\"IFPB n\u00e3o ir\u00e1 aderir ao Sisu como forma de sele\u00e7\u00e3o no segundo semestre de 2020\",\"datePublished\":\"2020-06-03T20:50:57+00:00\",\"dateModified\":\"2020-06-03T20:51:12+00:00\",\"mainEntityOfPage\":{\"@id\":\"https:\/\/noticiasemdestaque.com\/cd\/?p=25160\"},\"wordCount\":286,\"publisher\":{\"@id\":\"https:\/\/noticiasemdestaque.com\/cd\/#organization\"},\"image\":{\"@id\":\"https:\/\/noticiasemdestaque.com\/cd\/?p=25160#primaryimage\"},\"thumbnailUrl\":\"https:\/\/noticiasemdestaque.com\/cd\/wp-content\/uploads\/2020\/06\/ifpb-e1516392191176.jpg\",\"articleSection\":[\"Geral\"],\"inLanguage\":\"pt-BR\"},{\"@type\":\"WebPage\",\"@id\":\"https:\/\/noticiasemdestaque.com\/cd\/?p=25160\",\"url\":\"https:\/\/noticiasemdestaque.com\/cd\/?p=25160\",\"name\":\"IFPB n\u00e3o ir\u00e1 aderir ao Sisu como forma de sele\u00e7\u00e3o no segundo semestre de 2020 - Not&iacute;cias em Destaque\",\"isPartOf\":{\"@id\":\"https:\/\/noticiasemdestaque.com\/cd\/#website\"},\"primaryImageOfPage\":{\"@id\":\"https:\/\/noticiasemdestaque.com\/cd\/?p=25160#primaryimage\"},\"image\":{\"@id\":\"https:\/\/noticiasemdestaque.com\/cd\/?p=25160#primaryimage\"},\"thumbnailUrl\":\"https:\/\/noticiasemdestaque.com\/cd\/wp-content\/uploads\/2020\/06\/ifpb-e1516392191176.jpg\",\"datePublished\":\"2020-06-03T20:50:57+00:00\",\"dateModified\":\"2020-06-03T20:51:12+00:00\",\"breadcrumb\":{\"@id\":\"https:\/\/noticiasemdestaque.com\/cd\/?p=25160#breadcrumb\"},\"inLanguage\":\"pt-BR\",\"potentialAction\":[{\"@type\":\"ReadAction\",\"target\":[\"https:\/\/noticiasemdestaque.com\/cd\/?p=25160\"]}]},{\"@type\":\"ImageObject\",\"inLanguage\":\"pt-BR\",\"@id\":\"https:\/\/noticiasemdestaque.com\/cd\/?p=25160#primaryimage\",\"url\":\"https:\/\/noticiasemdestaque.com\/cd\/wp-content\/uploads\/2020\/06\/ifpb-e1516392191176.jpg\",\"contentUrl\":\"https:\/\/noticiasemdestaque.com\/cd\/wp-content\/uploads\/2020\/06\/ifpb-e1516392191176.jpg\",\"width\":696,\"height\":392},{\"@type\":\"BreadcrumbList\",\"@id\":\"https:\/\/noticiasemdestaque.com\/cd\/?p=25160#breadcrumb\",\"itemListElement\":[{\"@type\":\"ListItem\",\"position\":1,\"name\":\"In\u00edcio\",\"item\":\"https:\/\/noticiasemdestaque.com\/cd\/\"},{\"@type\":\"ListItem\",\"position\":2,\"name\":\"IFPB n\u00e3o ir\u00e1 aderir ao Sisu como forma de sele\u00e7\u00e3o no segundo semestre de 2020\"}]},{\"@type\":\"WebSite\",\"@id\":\"https:\/\/noticiasemdestaque.com\/cd\/#website\",\"url\":\"https:\/\/noticiasemdestaque.com\/cd\/\",\"name\":\"Not&iacute;cias em Destaque\",\"description\":\"\",\"publisher\":{\"@id\":\"https:\/\/noticiasemdestaque.com\/cd\/#organization\"},\"potentialAction\":[{\"@type\":\"SearchAction\",\"target\":{\"@type\":\"EntryPoint\",\"urlTemplate\":\"https:\/\/noticiasemdestaque.com\/cd\/?s={search_term_string}\"},\"query-input\":{\"@type\":\"PropertyValueSpecification\",\"valueRequired\":true,\"valueName\":\"search_term_string\"}}],\"inLanguage\":\"pt-BR\"},{\"@type\":\"Organization\",\"@id\":\"https:\/\/noticiasemdestaque.com\/cd\/#organization\",\"name\":\"Not\u00edcias em Destaque\",\"url\":\"https:\/\/noticiasemdestaque.com\/cd\/\",\"logo\":{\"@type\":\"ImageObject\",\"inLanguage\":\"pt-BR\",\"@id\":\"https:\/\/noticiasemdestaque.com\/cd\/#\/schema\/logo\/image\/\",\"url\":\"https:\/\/noticiasemdestaque.com\/cd\/wp-content\/uploads\/2022\/05\/imagem-base-noticiasemdestaque.png\",\"contentUrl\":\"https:\/\/noticiasemdestaque.com\/cd\/wp-content\/uploads\/2022\/05\/imagem-base-noticiasemdestaque.png\",\"width\":1200,\"height\":630,\"caption\":\"Not\u00edcias em Destaque\"},\"image\":{\"@id\":\"https:\/\/noticiasemdestaque.com\/cd\/#\/schema\/logo\/image\/\"}},{\"@type\":\"Person\",\"@id\":\"https:\/\/noticiasemdestaque.com\/cd\/#\/schema\/person\/21320b03a7e8bb90128938dafc9b908a\",\"name\":\"Not\u00edcias em Destaque\",\"url\":\"https:\/\/noticiasemdestaque.com\/cd\/?author=2\"}]}<\/script>\n<!-- \/ Yoast SEO plugin. -->","yoast_head_json":{"title":"IFPB n\u00e3o ir\u00e1 aderir ao Sisu como forma de sele\u00e7\u00e3o no segundo semestre de 2020 - Not&iacute;cias em Destaque","robots":{"index":"index","follow":"follow","max-snippet":"max-snippet:-1","max-image-preview":"max-image-preview:large","max-video-preview":"max-video-preview:-1"},"canonical":"https:\/\/noticiasemdestaque.com\/cd\/?p=25160","og_locale":"pt_BR","og_type":"article","og_title":"IFPB n\u00e3o ir\u00e1 aderir ao Sisu como forma de sele\u00e7\u00e3o no segundo semestre de 2020 - Not&iacute;cias em Destaque","og_description":"O Instituto Federal da Para\u00edba (IFPB) anunciou nesta quarta-feira (3) que n\u00e3o vai aderir ao Sistema de Sele\u00e7\u00e3o Unificada (Sisu) para preencher as vagas em cursos de gradua\u00e7\u00e3o no segundo semestre de 2020. Um processo seletivo institucional ser\u00e1 feito virtualmente pela institui\u00e7\u00e3o. De acordo com o IFPB, a decis\u00e3o leva em considera\u00e7\u00e3o a situa\u00e7\u00e3o de emerg\u00eancia provocada pelo coronav\u00edrus, as dificuldades de gerenciamento do processo de matr\u00edcula por meio do Sisu e cumprimento do cronograma de execu\u00e7\u00e3o. A institui\u00e7\u00e3o informou que h\u00e1 mais de mil vagas dispon\u00edveis para o segundo semestre de 2020 mas ser\u00e3o preenchidas por meio de um processo seletivo institucional. Ainda n\u00e3o h\u00e1 data de publica\u00e7\u00e3o do edital deste processo. De acordo com o Diretor de Educa\u00e7\u00e3o Superior, Ge\u00edsio Vieira, uma sele\u00e7\u00e3o pr\u00f3pria se faz necess\u00e1ria nesse momento de pandemia em que os servidores t\u00e9cnico-administrativos est\u00e3o trabalhando de forma remota e os estudantes n\u00e3o podem se deslocar at\u00e9 a institui\u00e7\u00e3o para a entrega f\u00edsica dos documentos exigidos para a matr\u00edcula do Sisu. Ge\u00edsio tamb\u00e9m informou que o processo de sele\u00e7\u00e3o se dar\u00e1 de forma virtual, por meio de um sistema produzido pela Diretoria Geral de Tecnologia da Informa\u00e7\u00e3o do IFPB, e que os candidatos poder\u00e3o concorrer com as notas dos tr\u00eas \u00faltimos Enem, beneficiando um maior n\u00famero de alunos. Ainda segundo Ge\u00edsio Vieira, a entrega f\u00edsica de documentos para valida\u00e7\u00e3o s\u00f3 ser\u00e1 necess\u00e1ria quando as atividades da institui\u00e7\u00e3o retomarem presencialmente.","og_url":"https:\/\/noticiasemdestaque.com\/cd\/?p=25160","og_site_name":"Not&iacute;cias em Destaque","article_published_time":"2020-06-03T20:50:57+00:00","article_modified_time":"2020-06-03T20:51:12+00:00","og_image":[{"width":696,"height":392,"url":"https:\/\/noticiasemdestaque.com\/cd\/wp-content\/uploads\/2020\/06\/ifpb-e1516392191176.jpg","type":"image\/jpeg"}],"author":"Not\u00edcias em Destaque","twitter_card":"summary_large_image","twitter_misc":{"Escrito por":"Not\u00edcias em Destaque","Est. tempo de leitura":"1 minuto"},"schema":{"@context":"https:\/\/schema.org","@graph":[{"@type":"Article","@id":"https:\/\/noticiasemdestaque.com\/cd\/?p=25160#article","isPartOf":{"@id":"https:\/\/noticiasemdestaque.com\/cd\/?p=25160"},"author":{"name":"Not\u00edcias em Destaque","@id":"https:\/\/noticiasemdestaque.com\/cd\/#\/schema\/person\/21320b03a7e8bb90128938dafc9b908a"},"headline":"IFPB n\u00e3o ir\u00e1 aderir ao Sisu como forma de sele\u00e7\u00e3o no segundo semestre de 2020","datePublished":"2020-06-03T20:50:57+00:00","dateModified":"2020-06-03T20:51:12+00:00","mainEntityOfPage":{"@id":"https:\/\/noticiasemdestaque.com\/cd\/?p=25160"},"wordCount":286,"publisher":{"@id":"https:\/\/noticiasemdestaque.com\/cd\/#organization"},"image":{"@id":"https:\/\/noticiasemdestaque.com\/cd\/?p=25160#primaryimage"},"thumbnailUrl":"https:\/\/noticiasemdestaque.com\/cd\/wp-content\/uploads\/2020\/06\/ifpb-e1516392191176.jpg","articleSection":["Geral"],"inLanguage":"pt-BR"},{"@type":"WebPage","@id":"https:\/\/noticiasemdestaque.com\/cd\/?p=25160","url":"https:\/\/noticiasemdestaque.com\/cd\/?p=25160","name":"IFPB n\u00e3o ir\u00e1 aderir ao Sisu como forma de sele\u00e7\u00e3o no segundo semestre de 2020 - Not&iacute;cias em Destaque","isPartOf":{"@id":"https:\/\/noticiasemdestaque.com\/cd\/#website"},"primaryImageOfPage":{"@id":"https:\/\/noticiasemdestaque.com\/cd\/?p=25160#primaryimage"},"image":{"@id":"https:\/\/noticiasemdestaque.com\/cd\/?p=25160#primaryimage"},"thumbnailUrl":"https:\/\/noticiasemdestaque.com\/cd\/wp-content\/uploads\/2020\/06\/ifpb-e1516392191176.jpg","datePublished":"2020-06-03T20:50:57+00:00","dateModified":"2020-06-03T20:51:12+00:00","breadcrumb":{"@id":"https:\/\/noticiasemdestaque.com\/cd\/?p=25160#breadcrumb"},"inLanguage":"pt-BR","potentialAction":[{"@type":"ReadAction","target":["https:\/\/noticiasemdestaque.com\/cd\/?p=25160"]}]},{"@type":"ImageObject","inLanguage":"pt-BR","@id":"https:\/\/noticiasemdestaque.com\/cd\/?p=25160#primaryimage","url":"https:\/\/noticiasemdestaque.com\/cd\/wp-content\/uploads\/2020\/06\/ifpb-e1516392191176.jpg","contentUrl":"https:\/\/noticiasemdestaque.com\/cd\/wp-content\/uploads\/2020\/06\/ifpb-e1516392191176.jpg","width":696,"height":392},{"@type":"BreadcrumbList","@id":"https:\/\/noticiasemdestaque.com\/cd\/?p=25160#breadcrumb","itemListElement":[{"@type":"ListItem","position":1,"name":"In\u00edcio","item":"https:\/\/noticiasemdestaque.com\/cd\/"},{"@type":"ListItem","position":2,"name":"IFPB n\u00e3o ir\u00e1 aderir ao Sisu como forma de sele\u00e7\u00e3o no segundo semestre de 2020"}]},{"@type":"WebSite","@id":"https:\/\/noticiasemdestaque.com\/cd\/#website","url":"https:\/\/noticiasemdestaque.com\/cd\/","name":"Not&iacute;cias em Destaque","description":"","publisher":{"@id":"https:\/\/noticiasemdestaque.com\/cd\/#organization"},"potentialAction":[{"@type":"SearchAction","target":{"@type":"EntryPoint","urlTemplate":"https:\/\/noticiasemdestaque.com\/cd\/?s={search_term_string}"},"query-input":{"@type":"PropertyValueSpecification","valueRequired":true,"valueName":"search_term_string"}}],"inLanguage":"pt-BR"},{"@type":"Organization","@id":"https:\/\/noticiasemdestaque.com\/cd\/#organization","name":"Not\u00edcias em Destaque","url":"https:\/\/noticiasemdestaque.com\/cd\/","logo":{"@type":"ImageObject","inLanguage":"pt-BR","@id":"https:\/\/noticiasemdestaque.com\/cd\/#\/schema\/logo\/image\/","url":"https:\/\/noticiasemdestaque.com\/cd\/wp-content\/uploads\/2022\/05\/imagem-base-noticiasemdestaque.png","contentUrl":"https:\/\/noticiasemdestaque.com\/cd\/wp-content\/uploads\/2022\/05\/imagem-base-noticiasemdestaque.png","width":1200,"height":630,"caption":"Not\u00edcias em Destaque"},"image":{"@id":"https:\/\/noticiasemdestaque.com\/cd\/#\/schema\/logo\/image\/"}},{"@type":"Person","@id":"https:\/\/noticiasemdestaque.com\/cd\/#\/schema\/person\/21320b03a7e8bb90128938dafc9b908a","name":"Not\u00edcias em Destaque","url":"https:\/\/noticiasemdestaque.com\/cd\/?author=2"}]}},"jetpack_featured_media_url":"https:\/\/noticiasemdestaque.com\/cd\/wp-content\/uploads\/2020\/06\/ifpb-e1516392191176.jpg","jetpack_sharing_enabled":true,"_links":{"self":[{"href":"https:\/\/noticiasemdestaque.com\/cd\/index.php?rest_route=\/wp\/v2\/posts\/25160","targetHints":{"allow":["GET"]}}],"collection":[{"href":"https:\/\/noticiasemdestaque.com\/cd\/index.php?rest_route=\/wp\/v2\/posts"}],"about":[{"href":"https:\/\/noticiasemdestaque.com\/cd\/index.php?rest_route=\/wp\/v2\/types\/post"}],"author":[{"embeddable":true,"href":"https:\/\/noticiasemdestaque.com\/cd\/index.php?rest_route=\/wp\/v2\/users\/2"}],"replies":[{"embeddable":true,"href":"https:\/\/noticiasemdestaque.com\/cd\/index.php?rest_route=%2Fwp%2Fv2%2Fcomments&post=25160"}],"version-history":[{"count":1,"href":"https:\/\/noticiasemdestaque.com\/cd\/index.php?rest_route=\/wp\/v2\/posts\/25160\/revisions"}],"predecessor-version":[{"id":25162,"href":"https:\/\/noticiasemdestaque.com\/cd\/index.php?rest_route=\/wp\/v2\/posts\/25160\/revisions\/25162"}],"wp:featuredmedia":[{"embeddable":true,"href":"https:\/\/noticiasemdestaque.com\/cd\/index.php?rest_route=\/wp\/v2\/media\/25161"}],"wp:attachment":[{"href":"https:\/\/noticiasemdestaque.com\/cd\/index.php?rest_route=%2Fwp%2Fv2%2Fmedia&parent=25160"}],"wp:term":[{"taxonomy":"category","embeddable":true,"href":"https:\/\/noticiasemdestaque.com\/cd\/index.php?rest_route=%2Fwp%2Fv2%2Fcategories&post=25160"},{"taxonomy":"post_tag","embeddable":true,"href":"https:\/\/noticiasemdestaque.com\/cd\/index.php?rest_route=%2Fwp%2Fv2%2Ftags&post=25160"}],"curies":[{"name":"wp","href":"https:\/\/api.w.org\/{rel}","templated":true}]}}