{"id":25152,"date":"2020-06-02T07:35:56","date_gmt":"2020-06-02T10:35:56","guid":{"rendered":"http:\/\/noticiasemdestaque.com\/cd\/?p=25152"},"modified":"2020-06-02T07:35:56","modified_gmt":"2020-06-02T10:35:56","slug":"paraiba-registra-mais-de-500-casos-de-covid-19-e-10-obitos-em-24-horas","status":"publish","type":"post","link":"https:\/\/noticiasemdestaque.com\/cd\/?p=25152","title":{"rendered":"Para\u00edba registra mais de 500 casos de Covid-19 e 10 \u00f3bitos em 24 horas"},"content":{"rendered":"<p><a href=\"https:\/\/noticiasemdestaque.com\/cd\/wp-content\/uploads\/2020\/04\/teste-coronavirus-2603200044-1024x707.jpg\"><img fetchpriority=\"high\" decoding=\"async\" class=\"wp-image-24584 aligncenter\" src=\"https:\/\/noticiasemdestaque.com\/cd\/wp-content\/uploads\/2020\/04\/teste-coronavirus-2603200044-1024x707-1024x707.jpg\" alt=\"\" width=\"525\" height=\"362\" srcset=\"https:\/\/noticiasemdestaque.com\/cd\/wp-content\/uploads\/2020\/04\/teste-coronavirus-2603200044-1024x707.jpg 1024w, https:\/\/noticiasemdestaque.com\/cd\/wp-content\/uploads\/2020\/04\/teste-coronavirus-2603200044-1024x707-300x207.jpg 300w, https:\/\/noticiasemdestaque.com\/cd\/wp-content\/uploads\/2020\/04\/teste-coronavirus-2603200044-1024x707-768x530.jpg 768w\" sizes=\"(max-width: 525px) 100vw, 525px\" \/><\/a><\/p>\n<p>Nesta segunda, 01 de junho, a Para\u00edba registrou 533 novos casos de Covid-19 e 10 \u00f3bitos confirmados desde a ultima atualiza\u00e7\u00e3o.<\/p>\n<p>Conforme a Secretaria de Estado da Sa\u00fade (SES), s\u00e3o 13.695 paraibanos que j\u00e1 contra\u00edram a doen\u00e7a, 2.637 pessoas que j\u00e1 se recuperaram e 370 faleceram.<\/p>\n<p>Jo\u00e3o Pessoa continua liderando em n\u00famero de casos, registrando 4.151 infectados, seguida por Campina Grande, com 1.578.<\/p>\n<p>A diminui\u00e7\u00e3o do n\u00famero de notifica\u00e7\u00f5es no fim de semana n\u00e3o caracteriza a diminui\u00e7\u00e3o do n\u00famero de casos.<\/p>\n<p>Todos os sistemas de vigil\u00e2ncia dependem da operacionaliza\u00e7\u00e3o dos profissionais da Aten\u00e7\u00e3o Prim\u00e1ria, das Secretarias Municipais de Sa\u00fade, das Unidades de Pronto Atendimento e dos Hospitais, e alguns n\u00e3o trabalham no fim de semana.<\/p>\n<p>A ocupa\u00e7\u00e3o de leitos de UTI em todo o Estado \u00e9 de 73%. Se fizermos um recorte apenas dos leitos de UTI para adultos na Regi\u00e3o Metropolitana de Jo\u00e3o Pessoa, 87% est\u00e3o ocupados.<\/p>\n<p>Em Campina Grande, est\u00e3o ocupados 83% de leitos de UTI adulto. No sert\u00e3o, 59% dos leitos de UTI est\u00e3o ocupados.<\/p>\n<p>Apenas, 50,3% da popula\u00e7\u00e3o seguiu a recomenda\u00e7\u00e3o de isolamento social.<\/p>\n<article id=\"post-172422\" class=\"post-172422 post type-post status-publish format-standard has-post-thumbnail hentry category-geral\">\n<div class=\"entry-content\">\n<p>Os 10 \u00f3bitos confirmados foram:<\/p>\n<p>Homem, 32 anos, sem comorbidade, residente em Sap\u00e9. Inicio dos sintomas 18\/05, interno em hospital p\u00fablico, veio a \u00f3bito no dia 27\/05.<\/p>\n<p>Mulher, 69 anos, hipertensa, Dpoc,card\u00edaca, residente em Campina Grande. In\u00edcio dos sintomas 13\/05, interna em hospital p\u00fablico, veio a \u00f3bito no dia 18\/05.<\/p>\n<p>Mulher, 76 anos sem informa\u00e7\u00e3o de comorbidade, residente em Campina Grande. In\u00edcio dos sintomas 20\/05, interna em hospital p\u00fablico, veio a \u00f3bito no dia 21\/05.<\/p>\n<p>Homem, 72 anos, hipertenso, residente em Campina Grande. In\u00edcio dos sintomas 10\/05, interno em hospital p\u00fablico, veio a \u00f3bito no dia 19\/05.<\/p>\n<p>Mulher, 82 anos, diab\u00e9tica, residente em Patos. Inicio dos sintomas 14\/05, interna em hospital p\u00fablico, veio a \u00f3bito no dia 28\/05.<\/p>\n<p>Homem, 72 anos, cardiopata, pneumopata, residente em Jo\u00e3o Pessoa. In\u00edcio dos sintomas 24\/04, interno em hospital p\u00fablico, veio a \u00f3bito no dia 25\/05.<\/p>\n<p>Mulher, 42 anos, sem informa\u00e7\u00f5es de comorbidade, residente em Campina Grande. In\u00edcio dos sintomas 11\/05, interna em hospital p\u00fablico, veio a \u00f3bito no dia 25\/05.<\/p>\n<p>Homem, 72 anos,diab\u00e9tico, hipertenso, residente em Bayeux. In\u00edcio dos sintomas 19\/05, interno em hospital p\u00fablico, veio a \u00f3bito no dia 30\/05.<\/p>\n<p>Mulher, 91, hipertensa, residente em Guarabira. In\u00edcio dos sintomas 19\/05, veio a \u00f3bito na Unidade de Pronto Atendimento no dia 01\/06.<\/p>\n<p>Mulher, 41 anos, sem informa\u00e7\u00e3o de comorbidade, residente em Bayeux. In\u00edcio dos sintomas 01\/05, interna em hospital p\u00fablico, veio a \u00f3bito no dia 19\/05.<\/p>\n<p>Os dados epidemiol\u00f3gicos e de ocupa\u00e7\u00e3o de leitos podem ser acompanhados em\u00a0<a href=\"http:\/\/www.paraiba.pb.gov.br\/coronavirus\" target=\"_blank\" rel=\"noreferrer noopener\">paraiba.pb.gov.br\/coronavirus<\/a><\/p>\n<\/div>\n<\/article>\n<nav class=\"navigation post-navigation\" role=\"navigation\" aria-label=\"Posts\">\n<h2 class=\"screen-reader-text\"><\/h2>\n<div class=\"nav-links\"><\/div>\n<\/nav>\n","protected":false},"excerpt":{"rendered":"<p>Nesta segunda, 01 de junho, a Para\u00edba registrou 533 novos casos de Covid-19 e 10 \u00f3bitos confirmados desde a ultima atualiza\u00e7\u00e3o. Conforme a Secretaria de Estado da Sa\u00fade (SES), s\u00e3o 13.695 paraibanos que j\u00e1 contra\u00edram a doen\u00e7a, 2.637 pessoas que j\u00e1 se recuperaram e 370 faleceram. Jo\u00e3o Pessoa continua liderando em n\u00famero de casos, registrando 4.151 infectados, seguida por Campina Grande, com 1.578. A diminui\u00e7\u00e3o do n\u00famero de notifica\u00e7\u00f5es no fim de semana n\u00e3o caracteriza a diminui\u00e7\u00e3o do n\u00famero de casos. Todos os sistemas de vigil\u00e2ncia dependem da operacionaliza\u00e7\u00e3o dos profissionais da Aten\u00e7\u00e3o Prim\u00e1ria, das Secretarias Municipais de Sa\u00fade, das Unidades de Pronto Atendimento e dos Hospitais, e alguns n\u00e3o trabalham no fim de semana. A ocupa\u00e7\u00e3o de leitos de UTI em todo o Estado \u00e9 de 73%. Se fizermos um recorte apenas dos leitos de UTI para adultos na Regi\u00e3o Metropolitana de Jo\u00e3o Pessoa, 87% est\u00e3o ocupados. Em Campina Grande, est\u00e3o ocupados 83% de leitos de UTI adulto. No sert\u00e3o, 59% dos leitos de UTI est\u00e3o ocupados. Apenas, 50,3% da popula\u00e7\u00e3o seguiu a recomenda\u00e7\u00e3o de isolamento social. Os 10 \u00f3bitos confirmados foram: Homem, 32 anos, sem comorbidade, residente em Sap\u00e9. Inicio dos sintomas 18\/05, interno em hospital p\u00fablico, veio a \u00f3bito no dia 27\/05. Mulher, 69 anos, hipertensa, Dpoc,card\u00edaca, residente em Campina Grande. In\u00edcio dos sintomas 13\/05, interna em hospital p\u00fablico, veio a \u00f3bito no dia 18\/05. Mulher, 76 anos sem informa\u00e7\u00e3o de comorbidade, residente em Campina Grande. In\u00edcio dos sintomas 20\/05, interna em hospital p\u00fablico, veio a \u00f3bito no dia 21\/05. Homem, 72 anos, hipertenso, residente em Campina Grande. In\u00edcio dos sintomas 10\/05, interno em hospital p\u00fablico, veio a \u00f3bito no dia 19\/05. Mulher, 82 anos, diab\u00e9tica, residente em Patos. Inicio dos sintomas 14\/05, interna em hospital p\u00fablico, veio a \u00f3bito no dia 28\/05. Homem, 72 anos, cardiopata, pneumopata, residente em Jo\u00e3o Pessoa. In\u00edcio dos sintomas 24\/04, interno em hospital p\u00fablico, veio a \u00f3bito no dia 25\/05. Mulher, 42 anos, sem informa\u00e7\u00f5es de comorbidade, residente em Campina Grande. In\u00edcio dos sintomas 11\/05, interna em hospital p\u00fablico, veio a \u00f3bito no dia 25\/05. Homem, 72 anos,diab\u00e9tico, hipertenso, residente em Bayeux. In\u00edcio dos sintomas 19\/05, interno em hospital p\u00fablico, veio a \u00f3bito no dia 30\/05. Mulher, 91, hipertensa, residente em Guarabira. In\u00edcio dos sintomas 19\/05, veio a \u00f3bito na Unidade de Pronto Atendimento no dia 01\/06. Mulher, 41 anos, sem informa\u00e7\u00e3o de comorbidade, residente em Bayeux. In\u00edcio dos sintomas 01\/05, interna em hospital p\u00fablico, veio a \u00f3bito no dia 19\/05. Os dados epidemiol\u00f3gicos e de ocupa\u00e7\u00e3o de leitos podem ser acompanhados em\u00a0paraiba.pb.gov.br\/coronavirus<\/p>\n","protected":false},"author":2,"featured_media":24069,"comment_status":"closed","ping_status":"open","sticky":false,"template":"","format":"standard","meta":{"_eb_attr":"","_jetpack_memberships_contains_paid_content":false,"footnotes":""},"categories":[8],"tags":[],"class_list":["post-25152","post","type-post","status-publish","format-standard","has-post-thumbnail","hentry","category-saude"],"yoast_head":"<!-- This site is optimized with the Yoast SEO plugin v26.5 - https:\/\/yoast.com\/wordpress\/plugins\/seo\/ -->\n<title>Para\u00edba registra mais de 500 casos de Covid-19 e 10 \u00f3bitos em 24 horas - Not&iacute;cias em Destaque<\/title>\n<meta name=\"robots\" content=\"index, follow, max-snippet:-1, max-image-preview:large, max-video-preview:-1\" \/>\n<link rel=\"canonical\" href=\"https:\/\/noticiasemdestaque.com\/cd\/?p=25152\" \/>\n<meta property=\"og:locale\" content=\"pt_BR\" \/>\n<meta property=\"og:type\" content=\"article\" \/>\n<meta property=\"og:title\" content=\"Para\u00edba registra mais de 500 casos de Covid-19 e 10 \u00f3bitos em 24 horas - Not&iacute;cias em Destaque\" \/>\n<meta property=\"og:description\" content=\"Nesta segunda, 01 de junho, a Para\u00edba registrou 533 novos casos de Covid-19 e 10 \u00f3bitos confirmados desde a ultima atualiza\u00e7\u00e3o. Conforme a Secretaria de Estado da Sa\u00fade (SES), s\u00e3o 13.695 paraibanos que j\u00e1 contra\u00edram a doen\u00e7a, 2.637 pessoas que j\u00e1 se recuperaram e 370 faleceram. Jo\u00e3o Pessoa continua liderando em n\u00famero de casos, registrando 4.151 infectados, seguida por Campina Grande, com 1.578. A diminui\u00e7\u00e3o do n\u00famero de notifica\u00e7\u00f5es no fim de semana n\u00e3o caracteriza a diminui\u00e7\u00e3o do n\u00famero de casos. Todos os sistemas de vigil\u00e2ncia dependem da operacionaliza\u00e7\u00e3o dos profissionais da Aten\u00e7\u00e3o Prim\u00e1ria, das Secretarias Municipais de Sa\u00fade, das Unidades de Pronto Atendimento e dos Hospitais, e alguns n\u00e3o trabalham no fim de semana. A ocupa\u00e7\u00e3o de leitos de UTI em todo o Estado \u00e9 de 73%. Se fizermos um recorte apenas dos leitos de UTI para adultos na Regi\u00e3o Metropolitana de Jo\u00e3o Pessoa, 87% est\u00e3o ocupados. Em Campina Grande, est\u00e3o ocupados 83% de leitos de UTI adulto. No sert\u00e3o, 59% dos leitos de UTI est\u00e3o ocupados. Apenas, 50,3% da popula\u00e7\u00e3o seguiu a recomenda\u00e7\u00e3o de isolamento social. Os 10 \u00f3bitos confirmados foram: Homem, 32 anos, sem comorbidade, residente em Sap\u00e9. Inicio dos sintomas 18\/05, interno em hospital p\u00fablico, veio a \u00f3bito no dia 27\/05. Mulher, 69 anos, hipertensa, Dpoc,card\u00edaca, residente em Campina Grande. In\u00edcio dos sintomas 13\/05, interna em hospital p\u00fablico, veio a \u00f3bito no dia 18\/05. Mulher, 76 anos sem informa\u00e7\u00e3o de comorbidade, residente em Campina Grande. In\u00edcio dos sintomas 20\/05, interna em hospital p\u00fablico, veio a \u00f3bito no dia 21\/05. Homem, 72 anos, hipertenso, residente em Campina Grande. In\u00edcio dos sintomas 10\/05, interno em hospital p\u00fablico, veio a \u00f3bito no dia 19\/05. Mulher, 82 anos, diab\u00e9tica, residente em Patos. Inicio dos sintomas 14\/05, interna em hospital p\u00fablico, veio a \u00f3bito no dia 28\/05. Homem, 72 anos, cardiopata, pneumopata, residente em Jo\u00e3o Pessoa. In\u00edcio dos sintomas 24\/04, interno em hospital p\u00fablico, veio a \u00f3bito no dia 25\/05. Mulher, 42 anos, sem informa\u00e7\u00f5es de comorbidade, residente em Campina Grande. In\u00edcio dos sintomas 11\/05, interna em hospital p\u00fablico, veio a \u00f3bito no dia 25\/05. Homem, 72 anos,diab\u00e9tico, hipertenso, residente em Bayeux. In\u00edcio dos sintomas 19\/05, interno em hospital p\u00fablico, veio a \u00f3bito no dia 30\/05. Mulher, 91, hipertensa, residente em Guarabira. In\u00edcio dos sintomas 19\/05, veio a \u00f3bito na Unidade de Pronto Atendimento no dia 01\/06. Mulher, 41 anos, sem informa\u00e7\u00e3o de comorbidade, residente em Bayeux. In\u00edcio dos sintomas 01\/05, interna em hospital p\u00fablico, veio a \u00f3bito no dia 19\/05. Os dados epidemiol\u00f3gicos e de ocupa\u00e7\u00e3o de leitos podem ser acompanhados em\u00a0paraiba.pb.gov.br\/coronavirus\" \/>\n<meta property=\"og:url\" content=\"https:\/\/noticiasemdestaque.com\/cd\/?p=25152\" \/>\n<meta property=\"og:site_name\" content=\"Not&iacute;cias em Destaque\" \/>\n<meta property=\"article:published_time\" content=\"2020-06-02T10:35:56+00:00\" \/>\n<meta property=\"og:image\" content=\"https:\/\/noticiasemdestaque.com\/cd\/wp-content\/uploads\/2020\/04\/teste_coronavirus2603200043.jpg\" \/>\n\t<meta property=\"og:image:width\" content=\"1170\" \/>\n\t<meta property=\"og:image:height\" content=\"700\" \/>\n\t<meta property=\"og:image:type\" content=\"image\/jpeg\" \/>\n<meta name=\"author\" content=\"Not\u00edcias em Destaque\" \/>\n<meta name=\"twitter:card\" content=\"summary_large_image\" \/>\n<meta name=\"twitter:label1\" content=\"Escrito por\" \/>\n\t<meta name=\"twitter:data1\" content=\"Not\u00edcias em Destaque\" \/>\n\t<meta name=\"twitter:label2\" content=\"Est. tempo de leitura\" \/>\n\t<meta name=\"twitter:data2\" content=\"2 minutos\" \/>\n<script type=\"application\/ld+json\" class=\"yoast-schema-graph\">{\"@context\":\"https:\/\/schema.org\",\"@graph\":[{\"@type\":\"Article\",\"@id\":\"https:\/\/noticiasemdestaque.com\/cd\/?p=25152#article\",\"isPartOf\":{\"@id\":\"https:\/\/noticiasemdestaque.com\/cd\/?p=25152\"},\"author\":{\"name\":\"Not\u00edcias em Destaque\",\"@id\":\"https:\/\/noticiasemdestaque.com\/cd\/#\/schema\/person\/47f7d4f55eec17c6b2ca036c5500f6ce\"},\"headline\":\"Para\u00edba registra mais de 500 casos de Covid-19 e 10 \u00f3bitos em 24 horas\",\"datePublished\":\"2020-06-02T10:35:56+00:00\",\"mainEntityOfPage\":{\"@id\":\"https:\/\/noticiasemdestaque.com\/cd\/?p=25152\"},\"wordCount\":451,\"publisher\":{\"@id\":\"https:\/\/noticiasemdestaque.com\/cd\/#organization\"},\"image\":{\"@id\":\"https:\/\/noticiasemdestaque.com\/cd\/?p=25152#primaryimage\"},\"thumbnailUrl\":\"https:\/\/noticiasemdestaque.com\/cd\/wp-content\/uploads\/2020\/04\/teste_coronavirus2603200043.jpg\",\"articleSection\":[\"Sa\u00fade\"],\"inLanguage\":\"pt-BR\"},{\"@type\":\"WebPage\",\"@id\":\"https:\/\/noticiasemdestaque.com\/cd\/?p=25152\",\"url\":\"https:\/\/noticiasemdestaque.com\/cd\/?p=25152\",\"name\":\"Para\u00edba registra mais de 500 casos de Covid-19 e 10 \u00f3bitos em 24 horas - Not&iacute;cias em Destaque\",\"isPartOf\":{\"@id\":\"https:\/\/noticiasemdestaque.com\/cd\/#website\"},\"primaryImageOfPage\":{\"@id\":\"https:\/\/noticiasemdestaque.com\/cd\/?p=25152#primaryimage\"},\"image\":{\"@id\":\"https:\/\/noticiasemdestaque.com\/cd\/?p=25152#primaryimage\"},\"thumbnailUrl\":\"https:\/\/noticiasemdestaque.com\/cd\/wp-content\/uploads\/2020\/04\/teste_coronavirus2603200043.jpg\",\"datePublished\":\"2020-06-02T10:35:56+00:00\",\"breadcrumb\":{\"@id\":\"https:\/\/noticiasemdestaque.com\/cd\/?p=25152#breadcrumb\"},\"inLanguage\":\"pt-BR\",\"potentialAction\":[{\"@type\":\"ReadAction\",\"target\":[\"https:\/\/noticiasemdestaque.com\/cd\/?p=25152\"]}]},{\"@type\":\"ImageObject\",\"inLanguage\":\"pt-BR\",\"@id\":\"https:\/\/noticiasemdestaque.com\/cd\/?p=25152#primaryimage\",\"url\":\"https:\/\/noticiasemdestaque.com\/cd\/wp-content\/uploads\/2020\/04\/teste_coronavirus2603200043.jpg\",\"contentUrl\":\"https:\/\/noticiasemdestaque.com\/cd\/wp-content\/uploads\/2020\/04\/teste_coronavirus2603200043.jpg\",\"width\":1170,\"height\":700,\"caption\":\"Um profissional de sa\u00fade realiza um teste finalizado em um local de testes de coronav\u00edrus fora dos Servi\u00e7os Comunit\u00e1rios de Sa\u00fade Internacionais no Distrito Internacional de Chinatown durante o surto de doen\u00e7a por coronav\u00edrus (COVID-19) em Seattle, Washington, EUA, em 26 de mar\u00e7o de 2020. REUTERS \/ Lindsey Wasson\"},{\"@type\":\"BreadcrumbList\",\"@id\":\"https:\/\/noticiasemdestaque.com\/cd\/?p=25152#breadcrumb\",\"itemListElement\":[{\"@type\":\"ListItem\",\"position\":1,\"name\":\"In\u00edcio\",\"item\":\"https:\/\/noticiasemdestaque.com\/cd\/\"},{\"@type\":\"ListItem\",\"position\":2,\"name\":\"Para\u00edba registra mais de 500 casos de Covid-19 e 10 \u00f3bitos em 24 horas\"}]},{\"@type\":\"WebSite\",\"@id\":\"https:\/\/noticiasemdestaque.com\/cd\/#website\",\"url\":\"https:\/\/noticiasemdestaque.com\/cd\/\",\"name\":\"Not&iacute;cias em Destaque\",\"description\":\"\",\"publisher\":{\"@id\":\"https:\/\/noticiasemdestaque.com\/cd\/#organization\"},\"potentialAction\":[{\"@type\":\"SearchAction\",\"target\":{\"@type\":\"EntryPoint\",\"urlTemplate\":\"https:\/\/noticiasemdestaque.com\/cd\/?s={search_term_string}\"},\"query-input\":{\"@type\":\"PropertyValueSpecification\",\"valueRequired\":true,\"valueName\":\"search_term_string\"}}],\"inLanguage\":\"pt-BR\"},{\"@type\":\"Organization\",\"@id\":\"https:\/\/noticiasemdestaque.com\/cd\/#organization\",\"name\":\"Not\u00edcias em Destaque\",\"url\":\"https:\/\/noticiasemdestaque.com\/cd\/\",\"logo\":{\"@type\":\"ImageObject\",\"inLanguage\":\"pt-BR\",\"@id\":\"https:\/\/noticiasemdestaque.com\/cd\/#\/schema\/logo\/image\/\",\"url\":\"https:\/\/noticiasemdestaque.com\/cd\/wp-content\/uploads\/2022\/05\/imagem-base-noticiasemdestaque.png\",\"contentUrl\":\"https:\/\/noticiasemdestaque.com\/cd\/wp-content\/uploads\/2022\/05\/imagem-base-noticiasemdestaque.png\",\"width\":1200,\"height\":630,\"caption\":\"Not\u00edcias em Destaque\"},\"image\":{\"@id\":\"https:\/\/noticiasemdestaque.com\/cd\/#\/schema\/logo\/image\/\"}},{\"@type\":\"Person\",\"@id\":\"https:\/\/noticiasemdestaque.com\/cd\/#\/schema\/person\/47f7d4f55eec17c6b2ca036c5500f6ce\",\"name\":\"Not\u00edcias em Destaque\",\"url\":\"https:\/\/noticiasemdestaque.com\/cd\/?author=2\"}]}<\/script>\n<!-- \/ Yoast SEO plugin. -->","yoast_head_json":{"title":"Para\u00edba registra mais de 500 casos de Covid-19 e 10 \u00f3bitos em 24 horas - Not&iacute;cias em Destaque","robots":{"index":"index","follow":"follow","max-snippet":"max-snippet:-1","max-image-preview":"max-image-preview:large","max-video-preview":"max-video-preview:-1"},"canonical":"https:\/\/noticiasemdestaque.com\/cd\/?p=25152","og_locale":"pt_BR","og_type":"article","og_title":"Para\u00edba registra mais de 500 casos de Covid-19 e 10 \u00f3bitos em 24 horas - Not&iacute;cias em Destaque","og_description":"Nesta segunda, 01 de junho, a Para\u00edba registrou 533 novos casos de Covid-19 e 10 \u00f3bitos confirmados desde a ultima atualiza\u00e7\u00e3o. Conforme a Secretaria de Estado da Sa\u00fade (SES), s\u00e3o 13.695 paraibanos que j\u00e1 contra\u00edram a doen\u00e7a, 2.637 pessoas que j\u00e1 se recuperaram e 370 faleceram. Jo\u00e3o Pessoa continua liderando em n\u00famero de casos, registrando 4.151 infectados, seguida por Campina Grande, com 1.578. A diminui\u00e7\u00e3o do n\u00famero de notifica\u00e7\u00f5es no fim de semana n\u00e3o caracteriza a diminui\u00e7\u00e3o do n\u00famero de casos. Todos os sistemas de vigil\u00e2ncia dependem da operacionaliza\u00e7\u00e3o dos profissionais da Aten\u00e7\u00e3o Prim\u00e1ria, das Secretarias Municipais de Sa\u00fade, das Unidades de Pronto Atendimento e dos Hospitais, e alguns n\u00e3o trabalham no fim de semana. A ocupa\u00e7\u00e3o de leitos de UTI em todo o Estado \u00e9 de 73%. Se fizermos um recorte apenas dos leitos de UTI para adultos na Regi\u00e3o Metropolitana de Jo\u00e3o Pessoa, 87% est\u00e3o ocupados. Em Campina Grande, est\u00e3o ocupados 83% de leitos de UTI adulto. No sert\u00e3o, 59% dos leitos de UTI est\u00e3o ocupados. Apenas, 50,3% da popula\u00e7\u00e3o seguiu a recomenda\u00e7\u00e3o de isolamento social. Os 10 \u00f3bitos confirmados foram: Homem, 32 anos, sem comorbidade, residente em Sap\u00e9. Inicio dos sintomas 18\/05, interno em hospital p\u00fablico, veio a \u00f3bito no dia 27\/05. Mulher, 69 anos, hipertensa, Dpoc,card\u00edaca, residente em Campina Grande. In\u00edcio dos sintomas 13\/05, interna em hospital p\u00fablico, veio a \u00f3bito no dia 18\/05. Mulher, 76 anos sem informa\u00e7\u00e3o de comorbidade, residente em Campina Grande. In\u00edcio dos sintomas 20\/05, interna em hospital p\u00fablico, veio a \u00f3bito no dia 21\/05. Homem, 72 anos, hipertenso, residente em Campina Grande. In\u00edcio dos sintomas 10\/05, interno em hospital p\u00fablico, veio a \u00f3bito no dia 19\/05. Mulher, 82 anos, diab\u00e9tica, residente em Patos. Inicio dos sintomas 14\/05, interna em hospital p\u00fablico, veio a \u00f3bito no dia 28\/05. Homem, 72 anos, cardiopata, pneumopata, residente em Jo\u00e3o Pessoa. In\u00edcio dos sintomas 24\/04, interno em hospital p\u00fablico, veio a \u00f3bito no dia 25\/05. Mulher, 42 anos, sem informa\u00e7\u00f5es de comorbidade, residente em Campina Grande. In\u00edcio dos sintomas 11\/05, interna em hospital p\u00fablico, veio a \u00f3bito no dia 25\/05. Homem, 72 anos,diab\u00e9tico, hipertenso, residente em Bayeux. In\u00edcio dos sintomas 19\/05, interno em hospital p\u00fablico, veio a \u00f3bito no dia 30\/05. Mulher, 91, hipertensa, residente em Guarabira. In\u00edcio dos sintomas 19\/05, veio a \u00f3bito na Unidade de Pronto Atendimento no dia 01\/06. Mulher, 41 anos, sem informa\u00e7\u00e3o de comorbidade, residente em Bayeux. In\u00edcio dos sintomas 01\/05, interna em hospital p\u00fablico, veio a \u00f3bito no dia 19\/05. Os dados epidemiol\u00f3gicos e de ocupa\u00e7\u00e3o de leitos podem ser acompanhados em\u00a0paraiba.pb.gov.br\/coronavirus","og_url":"https:\/\/noticiasemdestaque.com\/cd\/?p=25152","og_site_name":"Not&iacute;cias em Destaque","article_published_time":"2020-06-02T10:35:56+00:00","og_image":[{"width":1170,"height":700,"url":"https:\/\/noticiasemdestaque.com\/cd\/wp-content\/uploads\/2020\/04\/teste_coronavirus2603200043.jpg","type":"image\/jpeg"}],"author":"Not\u00edcias em Destaque","twitter_card":"summary_large_image","twitter_misc":{"Escrito por":"Not\u00edcias em Destaque","Est. tempo de leitura":"2 minutos"},"schema":{"@context":"https:\/\/schema.org","@graph":[{"@type":"Article","@id":"https:\/\/noticiasemdestaque.com\/cd\/?p=25152#article","isPartOf":{"@id":"https:\/\/noticiasemdestaque.com\/cd\/?p=25152"},"author":{"name":"Not\u00edcias em Destaque","@id":"https:\/\/noticiasemdestaque.com\/cd\/#\/schema\/person\/47f7d4f55eec17c6b2ca036c5500f6ce"},"headline":"Para\u00edba registra mais de 500 casos de Covid-19 e 10 \u00f3bitos em 24 horas","datePublished":"2020-06-02T10:35:56+00:00","mainEntityOfPage":{"@id":"https:\/\/noticiasemdestaque.com\/cd\/?p=25152"},"wordCount":451,"publisher":{"@id":"https:\/\/noticiasemdestaque.com\/cd\/#organization"},"image":{"@id":"https:\/\/noticiasemdestaque.com\/cd\/?p=25152#primaryimage"},"thumbnailUrl":"https:\/\/noticiasemdestaque.com\/cd\/wp-content\/uploads\/2020\/04\/teste_coronavirus2603200043.jpg","articleSection":["Sa\u00fade"],"inLanguage":"pt-BR"},{"@type":"WebPage","@id":"https:\/\/noticiasemdestaque.com\/cd\/?p=25152","url":"https:\/\/noticiasemdestaque.com\/cd\/?p=25152","name":"Para\u00edba registra mais de 500 casos de Covid-19 e 10 \u00f3bitos em 24 horas - Not&iacute;cias em Destaque","isPartOf":{"@id":"https:\/\/noticiasemdestaque.com\/cd\/#website"},"primaryImageOfPage":{"@id":"https:\/\/noticiasemdestaque.com\/cd\/?p=25152#primaryimage"},"image":{"@id":"https:\/\/noticiasemdestaque.com\/cd\/?p=25152#primaryimage"},"thumbnailUrl":"https:\/\/noticiasemdestaque.com\/cd\/wp-content\/uploads\/2020\/04\/teste_coronavirus2603200043.jpg","datePublished":"2020-06-02T10:35:56+00:00","breadcrumb":{"@id":"https:\/\/noticiasemdestaque.com\/cd\/?p=25152#breadcrumb"},"inLanguage":"pt-BR","potentialAction":[{"@type":"ReadAction","target":["https:\/\/noticiasemdestaque.com\/cd\/?p=25152"]}]},{"@type":"ImageObject","inLanguage":"pt-BR","@id":"https:\/\/noticiasemdestaque.com\/cd\/?p=25152#primaryimage","url":"https:\/\/noticiasemdestaque.com\/cd\/wp-content\/uploads\/2020\/04\/teste_coronavirus2603200043.jpg","contentUrl":"https:\/\/noticiasemdestaque.com\/cd\/wp-content\/uploads\/2020\/04\/teste_coronavirus2603200043.jpg","width":1170,"height":700,"caption":"Um profissional de sa\u00fade realiza um teste finalizado em um local de testes de coronav\u00edrus fora dos Servi\u00e7os Comunit\u00e1rios de Sa\u00fade Internacionais no Distrito Internacional de Chinatown durante o surto de doen\u00e7a por coronav\u00edrus (COVID-19) em Seattle, Washington, EUA, em 26 de mar\u00e7o de 2020. REUTERS \/ Lindsey Wasson"},{"@type":"BreadcrumbList","@id":"https:\/\/noticiasemdestaque.com\/cd\/?p=25152#breadcrumb","itemListElement":[{"@type":"ListItem","position":1,"name":"In\u00edcio","item":"https:\/\/noticiasemdestaque.com\/cd\/"},{"@type":"ListItem","position":2,"name":"Para\u00edba registra mais de 500 casos de Covid-19 e 10 \u00f3bitos em 24 horas"}]},{"@type":"WebSite","@id":"https:\/\/noticiasemdestaque.com\/cd\/#website","url":"https:\/\/noticiasemdestaque.com\/cd\/","name":"Not&iacute;cias em Destaque","description":"","publisher":{"@id":"https:\/\/noticiasemdestaque.com\/cd\/#organization"},"potentialAction":[{"@type":"SearchAction","target":{"@type":"EntryPoint","urlTemplate":"https:\/\/noticiasemdestaque.com\/cd\/?s={search_term_string}"},"query-input":{"@type":"PropertyValueSpecification","valueRequired":true,"valueName":"search_term_string"}}],"inLanguage":"pt-BR"},{"@type":"Organization","@id":"https:\/\/noticiasemdestaque.com\/cd\/#organization","name":"Not\u00edcias em Destaque","url":"https:\/\/noticiasemdestaque.com\/cd\/","logo":{"@type":"ImageObject","inLanguage":"pt-BR","@id":"https:\/\/noticiasemdestaque.com\/cd\/#\/schema\/logo\/image\/","url":"https:\/\/noticiasemdestaque.com\/cd\/wp-content\/uploads\/2022\/05\/imagem-base-noticiasemdestaque.png","contentUrl":"https:\/\/noticiasemdestaque.com\/cd\/wp-content\/uploads\/2022\/05\/imagem-base-noticiasemdestaque.png","width":1200,"height":630,"caption":"Not\u00edcias em Destaque"},"image":{"@id":"https:\/\/noticiasemdestaque.com\/cd\/#\/schema\/logo\/image\/"}},{"@type":"Person","@id":"https:\/\/noticiasemdestaque.com\/cd\/#\/schema\/person\/47f7d4f55eec17c6b2ca036c5500f6ce","name":"Not\u00edcias em Destaque","url":"https:\/\/noticiasemdestaque.com\/cd\/?author=2"}]}},"jetpack_featured_media_url":"https:\/\/noticiasemdestaque.com\/cd\/wp-content\/uploads\/2020\/04\/teste_coronavirus2603200043.jpg","jetpack_sharing_enabled":true,"_links":{"self":[{"href":"https:\/\/noticiasemdestaque.com\/cd\/index.php?rest_route=\/wp\/v2\/posts\/25152","targetHints":{"allow":["GET"]}}],"collection":[{"href":"https:\/\/noticiasemdestaque.com\/cd\/index.php?rest_route=\/wp\/v2\/posts"}],"about":[{"href":"https:\/\/noticiasemdestaque.com\/cd\/index.php?rest_route=\/wp\/v2\/types\/post"}],"author":[{"embeddable":true,"href":"https:\/\/noticiasemdestaque.com\/cd\/index.php?rest_route=\/wp\/v2\/users\/2"}],"replies":[{"embeddable":true,"href":"https:\/\/noticiasemdestaque.com\/cd\/index.php?rest_route=%2Fwp%2Fv2%2Fcomments&post=25152"}],"version-history":[{"count":1,"href":"https:\/\/noticiasemdestaque.com\/cd\/index.php?rest_route=\/wp\/v2\/posts\/25152\/revisions"}],"predecessor-version":[{"id":25153,"href":"https:\/\/noticiasemdestaque.com\/cd\/index.php?rest_route=\/wp\/v2\/posts\/25152\/revisions\/25153"}],"wp:featuredmedia":[{"embeddable":true,"href":"https:\/\/noticiasemdestaque.com\/cd\/index.php?rest_route=\/wp\/v2\/media\/24069"}],"wp:attachment":[{"href":"https:\/\/noticiasemdestaque.com\/cd\/index.php?rest_route=%2Fwp%2Fv2%2Fmedia&parent=25152"}],"wp:term":[{"taxonomy":"category","embeddable":true,"href":"https:\/\/noticiasemdestaque.com\/cd\/index.php?rest_route=%2Fwp%2Fv2%2Fcategories&post=25152"},{"taxonomy":"post_tag","embeddable":true,"href":"https:\/\/noticiasemdestaque.com\/cd\/index.php?rest_route=%2Fwp%2Fv2%2Ftags&post=25152"}],"curies":[{"name":"wp","href":"https:\/\/api.w.org\/{rel}","templated":true}]}}