{"id":25149,"date":"2020-06-02T07:30:39","date_gmt":"2020-06-02T10:30:39","guid":{"rendered":"http:\/\/noticiasemdestaque.com\/cd\/?p=25149"},"modified":"2020-06-02T07:30:39","modified_gmt":"2020-06-02T10:30:39","slug":"uniao-historica-oposicao-de-sao-joao-do-tigre-se-une-e-confirma-ygor-queiroz-e-paulo-da-carreta-como-pre-candidatos-a-prefeito-e-vice","status":"publish","type":"post","link":"https:\/\/noticiasemdestaque.com\/cd\/?p=25149","title":{"rendered":"Uni\u00e3o hist\u00f3rica: Oposi\u00e7\u00e3o de S\u00e3o Jo\u00e3o do Tigre se une e confirma Ygor Queiroz e Paulo da Carreta como pr\u00e9-candidatos a prefeito e vice"},"content":{"rendered":"<article>\n<div id=\"post-body-8040449388401821615\" class=\"post-body entry-content\">\n<div><a href=\"https:\/\/noticiasemdestaque.com\/cd\/wp-content\/uploads\/2020\/06\/foto.png\"><img fetchpriority=\"high\" decoding=\"async\" class=\"size-full wp-image-25150 aligncenter\" src=\"https:\/\/noticiasemdestaque.com\/cd\/wp-content\/uploads\/2020\/06\/foto.png\" alt=\"\" width=\"512\" height=\"253\" srcset=\"https:\/\/noticiasemdestaque.com\/cd\/wp-content\/uploads\/2020\/06\/foto.png 512w, https:\/\/noticiasemdestaque.com\/cd\/wp-content\/uploads\/2020\/06\/foto-300x148.png 300w\" sizes=\"(max-width: 512px) 100vw, 512px\" \/><\/a><\/div>\n<div><\/div>\n<div><span style=\"font-family: georgia; font-size: large;\">A oposi\u00e7\u00e3o de S\u00e3o Jo\u00e3o do Tigre confirmou, na tarde deste s\u00e1bado (30), uma uni\u00e3o hist\u00f3rica entre os nomes de Ygor Queiroz (PSD) e Paulo de Carreta (SOLIDARIEDADE) como pr\u00e9-candidatos a prefeito e vice.<\/p>\n<p>De acordo com informa\u00e7\u00f5es do grupo oposicionista, a expectativa cresce diariamente, oferecendo aos Tigrenses um projeto alternativo, seguro e respeitoso. \u201cTemos uma rela\u00e7\u00e3o de lealdade absoluta e respeito. Nosso grupo est\u00e1 cada vez mais unido e fortalecido\u201d, disse Ygor Queiroz.<\/p>\n<p>O pr\u00e9-candidato disse que nunca foi t\u00e3o \u201cabra\u00e7ado\u201d como est\u00e1 sendo nos \u00faltimos meses, ap\u00f3s ter batido o martelo no seu posicionamento pol\u00edtico. \u201cO que estamos vivenciando \u00e9, na verdade, a vontade popular em torno de um projeto que nasceu do povo, o desejo de mudan\u00e7a \u00e9 visto nos quatro cantos do munic\u00edpio. Tenho certeza absoluta que a mudan\u00e7a deve acontecer naturalmente\u201d, comentou Paulo da Carreta.<\/p>\n<p>A oposi\u00e7\u00e3o de S\u00e3o Jo\u00e3o do Tigre \u00e9 vista hoje como a mais forte de todos os tempos, mostrando assim o desejo de resgatar a alegria e o desenvolvimento dos seus mun\u00edcipes.<a href=\"http:\/\/ofgogoatan.com\/afu.php?zoneid=2489715\" target=\"_blank\" rel=\"noopener noreferrer\"><img decoding=\"async\" src=\"https:\/\/img.hotempreendedor.com.br\/selo-loja1.gif\" border=\"0\" \/><\/a>\u00a0<\/span><\/p>\n<div><span style=\"font-family: georgia; font-size: large;\">\u00a0<\/span><\/div>\n<div><span style=\"font-family: georgia; font-size: large;\">Fonte: Folha do Cariri<\/span><\/div>\n<\/div>\n<\/div>\n<\/article>\n<div><\/div>\n<div class=\"post-footer\">\n<div><\/div>\n<div class=\"ad-post-footer\">\n<div id=\"post-ads-footer\" class=\"section\">\n<div id=\"HTML9\" class=\"widget HTML\" data-version=\"1\"><\/div>\n<\/div>\n<\/div>\n<\/div>\n","protected":false},"excerpt":{"rendered":"<p>A oposi\u00e7\u00e3o de S\u00e3o Jo\u00e3o do Tigre confirmou, na tarde deste s\u00e1bado (30), uma uni\u00e3o hist\u00f3rica entre os nomes de Ygor Queiroz (PSD) e Paulo de Carreta (SOLIDARIEDADE) como pr\u00e9-candidatos a prefeito e vice. De acordo com informa\u00e7\u00f5es do grupo oposicionista, a expectativa cresce diariamente, oferecendo aos Tigrenses um projeto alternativo, seguro e respeitoso. \u201cTemos uma rela\u00e7\u00e3o de lealdade absoluta e respeito. Nosso grupo est\u00e1 cada vez mais unido e fortalecido\u201d, disse Ygor Queiroz. O pr\u00e9-candidato disse que nunca foi t\u00e3o \u201cabra\u00e7ado\u201d como est\u00e1 sendo nos \u00faltimos meses, ap\u00f3s ter batido o martelo no seu posicionamento pol\u00edtico. \u201cO que estamos vivenciando \u00e9, na verdade, a vontade popular em torno de um projeto que nasceu do povo, o desejo de mudan\u00e7a \u00e9 visto nos quatro cantos do munic\u00edpio. Tenho certeza absoluta que a mudan\u00e7a deve acontecer naturalmente\u201d, comentou Paulo da Carreta. A oposi\u00e7\u00e3o de S\u00e3o Jo\u00e3o do Tigre \u00e9 vista hoje como a mais forte de todos os tempos, mostrando assim o desejo de resgatar a alegria e o desenvolvimento dos seus mun\u00edcipes.\u00a0 \u00a0 Fonte: Folha do Cariri<\/p>\n","protected":false},"author":2,"featured_media":25150,"comment_status":"closed","ping_status":"open","sticky":false,"template":"","format":"standard","meta":{"_eb_attr":"","_jetpack_memberships_contains_paid_content":false,"footnotes":""},"categories":[4],"tags":[],"class_list":["post-25149","post","type-post","status-publish","format-standard","has-post-thumbnail","hentry","category-politica"],"yoast_head":"<!-- This site is optimized with the Yoast SEO plugin v26.5 - https:\/\/yoast.com\/wordpress\/plugins\/seo\/ -->\n<title>Uni\u00e3o hist\u00f3rica: Oposi\u00e7\u00e3o de S\u00e3o Jo\u00e3o do Tigre se une e confirma Ygor Queiroz e Paulo da Carreta como pr\u00e9-candidatos a prefeito e vice - Not&iacute;cias em Destaque<\/title>\n<meta name=\"robots\" content=\"index, follow, max-snippet:-1, max-image-preview:large, max-video-preview:-1\" \/>\n<link rel=\"canonical\" href=\"https:\/\/noticiasemdestaque.com\/cd\/?p=25149\" \/>\n<meta property=\"og:locale\" content=\"pt_BR\" \/>\n<meta property=\"og:type\" content=\"article\" \/>\n<meta property=\"og:title\" content=\"Uni\u00e3o hist\u00f3rica: Oposi\u00e7\u00e3o de S\u00e3o Jo\u00e3o do Tigre se une e confirma Ygor Queiroz e Paulo da Carreta como pr\u00e9-candidatos a prefeito e vice - Not&iacute;cias em Destaque\" \/>\n<meta property=\"og:description\" content=\"A oposi\u00e7\u00e3o de S\u00e3o Jo\u00e3o do Tigre confirmou, na tarde deste s\u00e1bado (30), uma uni\u00e3o hist\u00f3rica entre os nomes de Ygor Queiroz (PSD) e Paulo de Carreta (SOLIDARIEDADE) como pr\u00e9-candidatos a prefeito e vice. De acordo com informa\u00e7\u00f5es do grupo oposicionista, a expectativa cresce diariamente, oferecendo aos Tigrenses um projeto alternativo, seguro e respeitoso. \u201cTemos uma rela\u00e7\u00e3o de lealdade absoluta e respeito. Nosso grupo est\u00e1 cada vez mais unido e fortalecido\u201d, disse Ygor Queiroz. O pr\u00e9-candidato disse que nunca foi t\u00e3o \u201cabra\u00e7ado\u201d como est\u00e1 sendo nos \u00faltimos meses, ap\u00f3s ter batido o martelo no seu posicionamento pol\u00edtico. \u201cO que estamos vivenciando \u00e9, na verdade, a vontade popular em torno de um projeto que nasceu do povo, o desejo de mudan\u00e7a \u00e9 visto nos quatro cantos do munic\u00edpio. Tenho certeza absoluta que a mudan\u00e7a deve acontecer naturalmente\u201d, comentou Paulo da Carreta. A oposi\u00e7\u00e3o de S\u00e3o Jo\u00e3o do Tigre \u00e9 vista hoje como a mais forte de todos os tempos, mostrando assim o desejo de resgatar a alegria e o desenvolvimento dos seus mun\u00edcipes.\u00a0 \u00a0 Fonte: Folha do Cariri\" \/>\n<meta property=\"og:url\" content=\"https:\/\/noticiasemdestaque.com\/cd\/?p=25149\" \/>\n<meta property=\"og:site_name\" content=\"Not&iacute;cias em Destaque\" \/>\n<meta property=\"article:published_time\" content=\"2020-06-02T10:30:39+00:00\" \/>\n<meta property=\"og:image\" content=\"https:\/\/noticiasemdestaque.com\/cd\/wp-content\/uploads\/2020\/06\/foto.png\" \/>\n\t<meta property=\"og:image:width\" content=\"512\" \/>\n\t<meta property=\"og:image:height\" content=\"253\" \/>\n\t<meta property=\"og:image:type\" content=\"image\/png\" \/>\n<meta name=\"author\" content=\"Not\u00edcias em Destaque\" \/>\n<meta name=\"twitter:card\" content=\"summary_large_image\" \/>\n<meta name=\"twitter:label1\" content=\"Escrito por\" \/>\n\t<meta name=\"twitter:data1\" content=\"Not\u00edcias em Destaque\" \/>\n\t<meta name=\"twitter:label2\" content=\"Est. tempo de leitura\" \/>\n\t<meta name=\"twitter:data2\" content=\"1 minuto\" \/>\n<script type=\"application\/ld+json\" class=\"yoast-schema-graph\">{\"@context\":\"https:\/\/schema.org\",\"@graph\":[{\"@type\":\"Article\",\"@id\":\"https:\/\/noticiasemdestaque.com\/cd\/?p=25149#article\",\"isPartOf\":{\"@id\":\"https:\/\/noticiasemdestaque.com\/cd\/?p=25149\"},\"author\":{\"name\":\"Not\u00edcias em Destaque\",\"@id\":\"https:\/\/noticiasemdestaque.com\/cd\/#\/schema\/person\/47f7d4f55eec17c6b2ca036c5500f6ce\"},\"headline\":\"Uni\u00e3o hist\u00f3rica: Oposi\u00e7\u00e3o de S\u00e3o Jo\u00e3o do Tigre se une e confirma Ygor Queiroz e Paulo da Carreta como pr\u00e9-candidatos a prefeito e vice\",\"datePublished\":\"2020-06-02T10:30:39+00:00\",\"mainEntityOfPage\":{\"@id\":\"https:\/\/noticiasemdestaque.com\/cd\/?p=25149\"},\"wordCount\":223,\"publisher\":{\"@id\":\"https:\/\/noticiasemdestaque.com\/cd\/#organization\"},\"image\":{\"@id\":\"https:\/\/noticiasemdestaque.com\/cd\/?p=25149#primaryimage\"},\"thumbnailUrl\":\"https:\/\/noticiasemdestaque.com\/cd\/wp-content\/uploads\/2020\/06\/foto.png\",\"articleSection\":[\"Pol\u00edtica\"],\"inLanguage\":\"pt-BR\"},{\"@type\":\"WebPage\",\"@id\":\"https:\/\/noticiasemdestaque.com\/cd\/?p=25149\",\"url\":\"https:\/\/noticiasemdestaque.com\/cd\/?p=25149\",\"name\":\"Uni\u00e3o hist\u00f3rica: Oposi\u00e7\u00e3o de S\u00e3o Jo\u00e3o do Tigre se une e confirma Ygor Queiroz e Paulo da Carreta como pr\u00e9-candidatos a prefeito e vice - Not&iacute;cias em Destaque\",\"isPartOf\":{\"@id\":\"https:\/\/noticiasemdestaque.com\/cd\/#website\"},\"primaryImageOfPage\":{\"@id\":\"https:\/\/noticiasemdestaque.com\/cd\/?p=25149#primaryimage\"},\"image\":{\"@id\":\"https:\/\/noticiasemdestaque.com\/cd\/?p=25149#primaryimage\"},\"thumbnailUrl\":\"https:\/\/noticiasemdestaque.com\/cd\/wp-content\/uploads\/2020\/06\/foto.png\",\"datePublished\":\"2020-06-02T10:30:39+00:00\",\"breadcrumb\":{\"@id\":\"https:\/\/noticiasemdestaque.com\/cd\/?p=25149#breadcrumb\"},\"inLanguage\":\"pt-BR\",\"potentialAction\":[{\"@type\":\"ReadAction\",\"target\":[\"https:\/\/noticiasemdestaque.com\/cd\/?p=25149\"]}]},{\"@type\":\"ImageObject\",\"inLanguage\":\"pt-BR\",\"@id\":\"https:\/\/noticiasemdestaque.com\/cd\/?p=25149#primaryimage\",\"url\":\"https:\/\/noticiasemdestaque.com\/cd\/wp-content\/uploads\/2020\/06\/foto.png\",\"contentUrl\":\"https:\/\/noticiasemdestaque.com\/cd\/wp-content\/uploads\/2020\/06\/foto.png\",\"width\":512,\"height\":253},{\"@type\":\"BreadcrumbList\",\"@id\":\"https:\/\/noticiasemdestaque.com\/cd\/?p=25149#breadcrumb\",\"itemListElement\":[{\"@type\":\"ListItem\",\"position\":1,\"name\":\"In\u00edcio\",\"item\":\"https:\/\/noticiasemdestaque.com\/cd\/\"},{\"@type\":\"ListItem\",\"position\":2,\"name\":\"Uni\u00e3o hist\u00f3rica: Oposi\u00e7\u00e3o de S\u00e3o Jo\u00e3o do Tigre se une e confirma Ygor Queiroz e Paulo da Carreta como pr\u00e9-candidatos a prefeito e vice\"}]},{\"@type\":\"WebSite\",\"@id\":\"https:\/\/noticiasemdestaque.com\/cd\/#website\",\"url\":\"https:\/\/noticiasemdestaque.com\/cd\/\",\"name\":\"Not&iacute;cias em Destaque\",\"description\":\"\",\"publisher\":{\"@id\":\"https:\/\/noticiasemdestaque.com\/cd\/#organization\"},\"potentialAction\":[{\"@type\":\"SearchAction\",\"target\":{\"@type\":\"EntryPoint\",\"urlTemplate\":\"https:\/\/noticiasemdestaque.com\/cd\/?s={search_term_string}\"},\"query-input\":{\"@type\":\"PropertyValueSpecification\",\"valueRequired\":true,\"valueName\":\"search_term_string\"}}],\"inLanguage\":\"pt-BR\"},{\"@type\":\"Organization\",\"@id\":\"https:\/\/noticiasemdestaque.com\/cd\/#organization\",\"name\":\"Not\u00edcias em Destaque\",\"url\":\"https:\/\/noticiasemdestaque.com\/cd\/\",\"logo\":{\"@type\":\"ImageObject\",\"inLanguage\":\"pt-BR\",\"@id\":\"https:\/\/noticiasemdestaque.com\/cd\/#\/schema\/logo\/image\/\",\"url\":\"https:\/\/noticiasemdestaque.com\/cd\/wp-content\/uploads\/2022\/05\/imagem-base-noticiasemdestaque.png\",\"contentUrl\":\"https:\/\/noticiasemdestaque.com\/cd\/wp-content\/uploads\/2022\/05\/imagem-base-noticiasemdestaque.png\",\"width\":1200,\"height\":630,\"caption\":\"Not\u00edcias em Destaque\"},\"image\":{\"@id\":\"https:\/\/noticiasemdestaque.com\/cd\/#\/schema\/logo\/image\/\"}},{\"@type\":\"Person\",\"@id\":\"https:\/\/noticiasemdestaque.com\/cd\/#\/schema\/person\/47f7d4f55eec17c6b2ca036c5500f6ce\",\"name\":\"Not\u00edcias em Destaque\",\"url\":\"https:\/\/noticiasemdestaque.com\/cd\/?author=2\"}]}<\/script>\n<!-- \/ Yoast SEO plugin. -->","yoast_head_json":{"title":"Uni\u00e3o hist\u00f3rica: Oposi\u00e7\u00e3o de S\u00e3o Jo\u00e3o do Tigre se une e confirma Ygor Queiroz e Paulo da Carreta como pr\u00e9-candidatos a prefeito e vice - Not&iacute;cias em Destaque","robots":{"index":"index","follow":"follow","max-snippet":"max-snippet:-1","max-image-preview":"max-image-preview:large","max-video-preview":"max-video-preview:-1"},"canonical":"https:\/\/noticiasemdestaque.com\/cd\/?p=25149","og_locale":"pt_BR","og_type":"article","og_title":"Uni\u00e3o hist\u00f3rica: Oposi\u00e7\u00e3o de S\u00e3o Jo\u00e3o do Tigre se une e confirma Ygor Queiroz e Paulo da Carreta como pr\u00e9-candidatos a prefeito e vice - Not&iacute;cias em Destaque","og_description":"A oposi\u00e7\u00e3o de S\u00e3o Jo\u00e3o do Tigre confirmou, na tarde deste s\u00e1bado (30), uma uni\u00e3o hist\u00f3rica entre os nomes de Ygor Queiroz (PSD) e Paulo de Carreta (SOLIDARIEDADE) como pr\u00e9-candidatos a prefeito e vice. De acordo com informa\u00e7\u00f5es do grupo oposicionista, a expectativa cresce diariamente, oferecendo aos Tigrenses um projeto alternativo, seguro e respeitoso. \u201cTemos uma rela\u00e7\u00e3o de lealdade absoluta e respeito. Nosso grupo est\u00e1 cada vez mais unido e fortalecido\u201d, disse Ygor Queiroz. O pr\u00e9-candidato disse que nunca foi t\u00e3o \u201cabra\u00e7ado\u201d como est\u00e1 sendo nos \u00faltimos meses, ap\u00f3s ter batido o martelo no seu posicionamento pol\u00edtico. \u201cO que estamos vivenciando \u00e9, na verdade, a vontade popular em torno de um projeto que nasceu do povo, o desejo de mudan\u00e7a \u00e9 visto nos quatro cantos do munic\u00edpio. Tenho certeza absoluta que a mudan\u00e7a deve acontecer naturalmente\u201d, comentou Paulo da Carreta. A oposi\u00e7\u00e3o de S\u00e3o Jo\u00e3o do Tigre \u00e9 vista hoje como a mais forte de todos os tempos, mostrando assim o desejo de resgatar a alegria e o desenvolvimento dos seus mun\u00edcipes.\u00a0 \u00a0 Fonte: Folha do Cariri","og_url":"https:\/\/noticiasemdestaque.com\/cd\/?p=25149","og_site_name":"Not&iacute;cias em Destaque","article_published_time":"2020-06-02T10:30:39+00:00","og_image":[{"width":512,"height":253,"url":"https:\/\/noticiasemdestaque.com\/cd\/wp-content\/uploads\/2020\/06\/foto.png","type":"image\/png"}],"author":"Not\u00edcias em Destaque","twitter_card":"summary_large_image","twitter_misc":{"Escrito por":"Not\u00edcias em Destaque","Est. tempo de leitura":"1 minuto"},"schema":{"@context":"https:\/\/schema.org","@graph":[{"@type":"Article","@id":"https:\/\/noticiasemdestaque.com\/cd\/?p=25149#article","isPartOf":{"@id":"https:\/\/noticiasemdestaque.com\/cd\/?p=25149"},"author":{"name":"Not\u00edcias em Destaque","@id":"https:\/\/noticiasemdestaque.com\/cd\/#\/schema\/person\/47f7d4f55eec17c6b2ca036c5500f6ce"},"headline":"Uni\u00e3o hist\u00f3rica: Oposi\u00e7\u00e3o de S\u00e3o Jo\u00e3o do Tigre se une e confirma Ygor Queiroz e Paulo da Carreta como pr\u00e9-candidatos a prefeito e vice","datePublished":"2020-06-02T10:30:39+00:00","mainEntityOfPage":{"@id":"https:\/\/noticiasemdestaque.com\/cd\/?p=25149"},"wordCount":223,"publisher":{"@id":"https:\/\/noticiasemdestaque.com\/cd\/#organization"},"image":{"@id":"https:\/\/noticiasemdestaque.com\/cd\/?p=25149#primaryimage"},"thumbnailUrl":"https:\/\/noticiasemdestaque.com\/cd\/wp-content\/uploads\/2020\/06\/foto.png","articleSection":["Pol\u00edtica"],"inLanguage":"pt-BR"},{"@type":"WebPage","@id":"https:\/\/noticiasemdestaque.com\/cd\/?p=25149","url":"https:\/\/noticiasemdestaque.com\/cd\/?p=25149","name":"Uni\u00e3o hist\u00f3rica: Oposi\u00e7\u00e3o de S\u00e3o Jo\u00e3o do Tigre se une e confirma Ygor Queiroz e Paulo da Carreta como pr\u00e9-candidatos a prefeito e vice - Not&iacute;cias em Destaque","isPartOf":{"@id":"https:\/\/noticiasemdestaque.com\/cd\/#website"},"primaryImageOfPage":{"@id":"https:\/\/noticiasemdestaque.com\/cd\/?p=25149#primaryimage"},"image":{"@id":"https:\/\/noticiasemdestaque.com\/cd\/?p=25149#primaryimage"},"thumbnailUrl":"https:\/\/noticiasemdestaque.com\/cd\/wp-content\/uploads\/2020\/06\/foto.png","datePublished":"2020-06-02T10:30:39+00:00","breadcrumb":{"@id":"https:\/\/noticiasemdestaque.com\/cd\/?p=25149#breadcrumb"},"inLanguage":"pt-BR","potentialAction":[{"@type":"ReadAction","target":["https:\/\/noticiasemdestaque.com\/cd\/?p=25149"]}]},{"@type":"ImageObject","inLanguage":"pt-BR","@id":"https:\/\/noticiasemdestaque.com\/cd\/?p=25149#primaryimage","url":"https:\/\/noticiasemdestaque.com\/cd\/wp-content\/uploads\/2020\/06\/foto.png","contentUrl":"https:\/\/noticiasemdestaque.com\/cd\/wp-content\/uploads\/2020\/06\/foto.png","width":512,"height":253},{"@type":"BreadcrumbList","@id":"https:\/\/noticiasemdestaque.com\/cd\/?p=25149#breadcrumb","itemListElement":[{"@type":"ListItem","position":1,"name":"In\u00edcio","item":"https:\/\/noticiasemdestaque.com\/cd\/"},{"@type":"ListItem","position":2,"name":"Uni\u00e3o hist\u00f3rica: Oposi\u00e7\u00e3o de S\u00e3o Jo\u00e3o do Tigre se une e confirma Ygor Queiroz e Paulo da Carreta como pr\u00e9-candidatos a prefeito e vice"}]},{"@type":"WebSite","@id":"https:\/\/noticiasemdestaque.com\/cd\/#website","url":"https:\/\/noticiasemdestaque.com\/cd\/","name":"Not&iacute;cias em Destaque","description":"","publisher":{"@id":"https:\/\/noticiasemdestaque.com\/cd\/#organization"},"potentialAction":[{"@type":"SearchAction","target":{"@type":"EntryPoint","urlTemplate":"https:\/\/noticiasemdestaque.com\/cd\/?s={search_term_string}"},"query-input":{"@type":"PropertyValueSpecification","valueRequired":true,"valueName":"search_term_string"}}],"inLanguage":"pt-BR"},{"@type":"Organization","@id":"https:\/\/noticiasemdestaque.com\/cd\/#organization","name":"Not\u00edcias em Destaque","url":"https:\/\/noticiasemdestaque.com\/cd\/","logo":{"@type":"ImageObject","inLanguage":"pt-BR","@id":"https:\/\/noticiasemdestaque.com\/cd\/#\/schema\/logo\/image\/","url":"https:\/\/noticiasemdestaque.com\/cd\/wp-content\/uploads\/2022\/05\/imagem-base-noticiasemdestaque.png","contentUrl":"https:\/\/noticiasemdestaque.com\/cd\/wp-content\/uploads\/2022\/05\/imagem-base-noticiasemdestaque.png","width":1200,"height":630,"caption":"Not\u00edcias em Destaque"},"image":{"@id":"https:\/\/noticiasemdestaque.com\/cd\/#\/schema\/logo\/image\/"}},{"@type":"Person","@id":"https:\/\/noticiasemdestaque.com\/cd\/#\/schema\/person\/47f7d4f55eec17c6b2ca036c5500f6ce","name":"Not\u00edcias em Destaque","url":"https:\/\/noticiasemdestaque.com\/cd\/?author=2"}]}},"jetpack_featured_media_url":"https:\/\/noticiasemdestaque.com\/cd\/wp-content\/uploads\/2020\/06\/foto.png","jetpack_sharing_enabled":true,"_links":{"self":[{"href":"https:\/\/noticiasemdestaque.com\/cd\/index.php?rest_route=\/wp\/v2\/posts\/25149","targetHints":{"allow":["GET"]}}],"collection":[{"href":"https:\/\/noticiasemdestaque.com\/cd\/index.php?rest_route=\/wp\/v2\/posts"}],"about":[{"href":"https:\/\/noticiasemdestaque.com\/cd\/index.php?rest_route=\/wp\/v2\/types\/post"}],"author":[{"embeddable":true,"href":"https:\/\/noticiasemdestaque.com\/cd\/index.php?rest_route=\/wp\/v2\/users\/2"}],"replies":[{"embeddable":true,"href":"https:\/\/noticiasemdestaque.com\/cd\/index.php?rest_route=%2Fwp%2Fv2%2Fcomments&post=25149"}],"version-history":[{"count":1,"href":"https:\/\/noticiasemdestaque.com\/cd\/index.php?rest_route=\/wp\/v2\/posts\/25149\/revisions"}],"predecessor-version":[{"id":25151,"href":"https:\/\/noticiasemdestaque.com\/cd\/index.php?rest_route=\/wp\/v2\/posts\/25149\/revisions\/25151"}],"wp:featuredmedia":[{"embeddable":true,"href":"https:\/\/noticiasemdestaque.com\/cd\/index.php?rest_route=\/wp\/v2\/media\/25150"}],"wp:attachment":[{"href":"https:\/\/noticiasemdestaque.com\/cd\/index.php?rest_route=%2Fwp%2Fv2%2Fmedia&parent=25149"}],"wp:term":[{"taxonomy":"category","embeddable":true,"href":"https:\/\/noticiasemdestaque.com\/cd\/index.php?rest_route=%2Fwp%2Fv2%2Fcategories&post=25149"},{"taxonomy":"post_tag","embeddable":true,"href":"https:\/\/noticiasemdestaque.com\/cd\/index.php?rest_route=%2Fwp%2Fv2%2Ftags&post=25149"}],"curies":[{"name":"wp","href":"https:\/\/api.w.org\/{rel}","templated":true}]}}