{"id":25145,"date":"2020-06-01T19:20:31","date_gmt":"2020-06-01T22:20:31","guid":{"rendered":"http:\/\/noticiasemdestaque.com\/cd\/?p=25145"},"modified":"2020-06-01T19:20:31","modified_gmt":"2020-06-01T22:20:31","slug":"caixa-concede-r-63-bi-de-credito-para-microempresas-na-pandemia","status":"publish","type":"post","link":"https:\/\/noticiasemdestaque.com\/cd\/?p=25145","title":{"rendered":"Caixa concede R$ 6,3 bi de cr\u00e9dito para microempresas na pandemia"},"content":{"rendered":"<p><a href=\"https:\/\/noticiasemdestaque.com\/cd\/wp-content\/uploads\/2018\/06\/1072440-cefa82t2382.jpg\"><img fetchpriority=\"high\" decoding=\"async\" class=\" wp-image-10803\" src=\"https:\/\/noticiasemdestaque.com\/cd\/wp-content\/uploads\/2018\/06\/1072440-cefa82t2382.jpg\" alt=\"\" width=\"489\" height=\"326\" srcset=\"https:\/\/noticiasemdestaque.com\/cd\/wp-content\/uploads\/2018\/06\/1072440-cefa82t2382.jpg 754w, https:\/\/noticiasemdestaque.com\/cd\/wp-content\/uploads\/2018\/06\/1072440-cefa82t2382-300x200.jpg 300w, https:\/\/noticiasemdestaque.com\/cd\/wp-content\/uploads\/2018\/06\/1072440-cefa82t2382-480x320.jpg 480w\" sizes=\"(max-width: 489px) 100vw, 489px\" \/><\/a><\/p>\n<p>O volume de cr\u00e9dito concedido pela Caixa Econ\u00f4mica Federal a microempresas somou R$ 6,3 bilh\u00f5es durante a pandemia do novo coronav\u00edrus, disse hoje (1\u00ba) o presidente do banco, Pedro Guimar\u00e3es. Apenas em maio, o volume emprestado ao segmento mais do que dobrou em rela\u00e7\u00e3o ao mesmo m\u00eas de 2019.<\/p>\n<p>No m\u00eas passado, a Caixa emprestou R$ 2,464 bilh\u00f5es a microempresas, crescimento de 111% em rela\u00e7\u00e3o ao R$ 1,164 milh\u00e3o emprestado em maio do ano passado.<\/p>\n<p>Em rela\u00e7\u00e3o \u00e0 distribui\u00e7\u00e3o das linhas de cr\u00e9dito, 54,1 mil microempresas contra\u00edram empr\u00e9stimos da Caixa desde o in\u00edcio da pandemia. O cr\u00e9dito com aux\u00edlio do Servi\u00e7o Brasileiro de Apoio \u00e0s Micro e Pequenas Empresas (Sebrae) somou R$ 780,1 milh\u00f5es para 9,9 mil neg\u00f3cios. O cr\u00e9dito de aux\u00edlio \u00e0 folha de pagamento (em troca da n\u00e3o demiss\u00e3o de empregados) totalizou R$ 145,2 milh\u00f5es para 5,4 mil empresas.<\/p>\n<p>A maior parte do cr\u00e9dito para os microempres\u00e1rios veio das linhas tradicionais de cr\u00e9dito da Caixa. Os empr\u00e9stimos somaram R$ 5,1 bilh\u00f5es para 38,8 mil neg\u00f3cios de pequeno porte.<\/p>\n<p><em><strong>Not\u00edcias em Destaque<\/strong><\/em><\/p>\n<p>Com EBC<\/p>\n","protected":false},"excerpt":{"rendered":"<p>O volume de cr\u00e9dito concedido pela Caixa Econ\u00f4mica Federal a microempresas somou R$ 6,3 bilh\u00f5es durante a pandemia do novo coronav\u00edrus, disse hoje (1\u00ba) o presidente do banco, Pedro Guimar\u00e3es. Apenas em maio, o volume emprestado ao segmento mais do que dobrou em rela\u00e7\u00e3o ao mesmo m\u00eas de 2019. No m\u00eas passado, a Caixa emprestou R$ 2,464 bilh\u00f5es a microempresas, crescimento de 111% em rela\u00e7\u00e3o ao R$ 1,164 milh\u00e3o emprestado em maio do ano passado. Em rela\u00e7\u00e3o \u00e0 distribui\u00e7\u00e3o das linhas de cr\u00e9dito, 54,1 mil microempresas contra\u00edram empr\u00e9stimos da Caixa desde o in\u00edcio da pandemia. O cr\u00e9dito com aux\u00edlio do Servi\u00e7o Brasileiro de Apoio \u00e0s Micro e Pequenas Empresas (Sebrae) somou R$ 780,1 milh\u00f5es para 9,9 mil neg\u00f3cios. O cr\u00e9dito de aux\u00edlio \u00e0 folha de pagamento (em troca da n\u00e3o demiss\u00e3o de empregados) totalizou R$ 145,2 milh\u00f5es para 5,4 mil empresas. A maior parte do cr\u00e9dito para os microempres\u00e1rios veio das linhas tradicionais de cr\u00e9dito da Caixa. Os empr\u00e9stimos somaram R$ 5,1 bilh\u00f5es para 38,8 mil neg\u00f3cios de pequeno porte. Not\u00edcias em Destaque Com EBC<\/p>\n","protected":false},"author":2,"featured_media":15635,"comment_status":"closed","ping_status":"open","sticky":false,"template":"","format":"standard","meta":{"_eb_attr":"","_jetpack_memberships_contains_paid_content":false,"footnotes":""},"categories":[12],"tags":[],"class_list":["post-25145","post","type-post","status-publish","format-standard","has-post-thumbnail","hentry","category-geral"],"yoast_head":"<!-- This site is optimized with the Yoast SEO plugin v26.5 - https:\/\/yoast.com\/wordpress\/plugins\/seo\/ -->\n<title>Caixa concede R$ 6,3 bi de cr\u00e9dito para microempresas na pandemia - Not&iacute;cias em Destaque<\/title>\n<meta name=\"robots\" content=\"index, follow, max-snippet:-1, max-image-preview:large, max-video-preview:-1\" \/>\n<link rel=\"canonical\" href=\"https:\/\/noticiasemdestaque.com\/cd\/?p=25145\" \/>\n<meta property=\"og:locale\" content=\"pt_BR\" \/>\n<meta property=\"og:type\" content=\"article\" \/>\n<meta property=\"og:title\" content=\"Caixa concede R$ 6,3 bi de cr\u00e9dito para microempresas na pandemia - Not&iacute;cias em Destaque\" \/>\n<meta property=\"og:description\" content=\"O volume de cr\u00e9dito concedido pela Caixa Econ\u00f4mica Federal a microempresas somou R$ 6,3 bilh\u00f5es durante a pandemia do novo coronav\u00edrus, disse hoje (1\u00ba) o presidente do banco, Pedro Guimar\u00e3es. Apenas em maio, o volume emprestado ao segmento mais do que dobrou em rela\u00e7\u00e3o ao mesmo m\u00eas de 2019. No m\u00eas passado, a Caixa emprestou R$ 2,464 bilh\u00f5es a microempresas, crescimento de 111% em rela\u00e7\u00e3o ao R$ 1,164 milh\u00e3o emprestado em maio do ano passado. Em rela\u00e7\u00e3o \u00e0 distribui\u00e7\u00e3o das linhas de cr\u00e9dito, 54,1 mil microempresas contra\u00edram empr\u00e9stimos da Caixa desde o in\u00edcio da pandemia. O cr\u00e9dito com aux\u00edlio do Servi\u00e7o Brasileiro de Apoio \u00e0s Micro e Pequenas Empresas (Sebrae) somou R$ 780,1 milh\u00f5es para 9,9 mil neg\u00f3cios. O cr\u00e9dito de aux\u00edlio \u00e0 folha de pagamento (em troca da n\u00e3o demiss\u00e3o de empregados) totalizou R$ 145,2 milh\u00f5es para 5,4 mil empresas. A maior parte do cr\u00e9dito para os microempres\u00e1rios veio das linhas tradicionais de cr\u00e9dito da Caixa. Os empr\u00e9stimos somaram R$ 5,1 bilh\u00f5es para 38,8 mil neg\u00f3cios de pequeno porte. Not\u00edcias em Destaque Com EBC\" \/>\n<meta property=\"og:url\" content=\"https:\/\/noticiasemdestaque.com\/cd\/?p=25145\" \/>\n<meta property=\"og:site_name\" content=\"Not&iacute;cias em Destaque\" \/>\n<meta property=\"article:published_time\" content=\"2020-06-01T22:20:31+00:00\" \/>\n<meta property=\"og:image\" content=\"https:\/\/noticiasemdestaque.com\/cd\/wp-content\/uploads\/2019\/02\/1072439-cefa82t2400.jpg\" \/>\n\t<meta property=\"og:image:width\" content=\"754\" \/>\n\t<meta property=\"og:image:height\" content=\"503\" \/>\n\t<meta property=\"og:image:type\" content=\"image\/jpeg\" \/>\n<meta name=\"author\" content=\"Not\u00edcias em Destaque\" \/>\n<meta name=\"twitter:card\" content=\"summary_large_image\" \/>\n<meta name=\"twitter:label1\" content=\"Escrito por\" \/>\n\t<meta name=\"twitter:data1\" content=\"Not\u00edcias em Destaque\" \/>\n\t<meta name=\"twitter:label2\" content=\"Est. tempo de leitura\" \/>\n\t<meta name=\"twitter:data2\" content=\"1 minuto\" \/>\n<script type=\"application\/ld+json\" class=\"yoast-schema-graph\">{\"@context\":\"https:\/\/schema.org\",\"@graph\":[{\"@type\":\"Article\",\"@id\":\"https:\/\/noticiasemdestaque.com\/cd\/?p=25145#article\",\"isPartOf\":{\"@id\":\"https:\/\/noticiasemdestaque.com\/cd\/?p=25145\"},\"author\":{\"name\":\"Not\u00edcias em Destaque\",\"@id\":\"https:\/\/noticiasemdestaque.com\/cd\/#\/schema\/person\/47f7d4f55eec17c6b2ca036c5500f6ce\"},\"headline\":\"Caixa concede R$ 6,3 bi de cr\u00e9dito para microempresas na pandemia\",\"datePublished\":\"2020-06-01T22:20:31+00:00\",\"mainEntityOfPage\":{\"@id\":\"https:\/\/noticiasemdestaque.com\/cd\/?p=25145\"},\"wordCount\":205,\"publisher\":{\"@id\":\"https:\/\/noticiasemdestaque.com\/cd\/#organization\"},\"image\":{\"@id\":\"https:\/\/noticiasemdestaque.com\/cd\/?p=25145#primaryimage\"},\"thumbnailUrl\":\"https:\/\/noticiasemdestaque.com\/cd\/wp-content\/uploads\/2019\/02\/1072439-cefa82t2400.jpg\",\"articleSection\":[\"Geral\"],\"inLanguage\":\"pt-BR\"},{\"@type\":\"WebPage\",\"@id\":\"https:\/\/noticiasemdestaque.com\/cd\/?p=25145\",\"url\":\"https:\/\/noticiasemdestaque.com\/cd\/?p=25145\",\"name\":\"Caixa concede R$ 6,3 bi de cr\u00e9dito para microempresas na pandemia - Not&iacute;cias em Destaque\",\"isPartOf\":{\"@id\":\"https:\/\/noticiasemdestaque.com\/cd\/#website\"},\"primaryImageOfPage\":{\"@id\":\"https:\/\/noticiasemdestaque.com\/cd\/?p=25145#primaryimage\"},\"image\":{\"@id\":\"https:\/\/noticiasemdestaque.com\/cd\/?p=25145#primaryimage\"},\"thumbnailUrl\":\"https:\/\/noticiasemdestaque.com\/cd\/wp-content\/uploads\/2019\/02\/1072439-cefa82t2400.jpg\",\"datePublished\":\"2020-06-01T22:20:31+00:00\",\"breadcrumb\":{\"@id\":\"https:\/\/noticiasemdestaque.com\/cd\/?p=25145#breadcrumb\"},\"inLanguage\":\"pt-BR\",\"potentialAction\":[{\"@type\":\"ReadAction\",\"target\":[\"https:\/\/noticiasemdestaque.com\/cd\/?p=25145\"]}]},{\"@type\":\"ImageObject\",\"inLanguage\":\"pt-BR\",\"@id\":\"https:\/\/noticiasemdestaque.com\/cd\/?p=25145#primaryimage\",\"url\":\"https:\/\/noticiasemdestaque.com\/cd\/wp-content\/uploads\/2019\/02\/1072439-cefa82t2400.jpg\",\"contentUrl\":\"https:\/\/noticiasemdestaque.com\/cd\/wp-content\/uploads\/2019\/02\/1072439-cefa82t2400.jpg\",\"width\":754,\"height\":503,\"caption\":\"Bras\u00edlia - Brasileiros aproveitam o s\u00e1bado para sacar o FGTS inativo durante a segunda etapa do libera\u00e7\u00e3o do FGTS nas ag\u00eancias da Caixa Econ\u00f4mica (Jos\u00e9 Cruz\/Ag\u00eancia Brasil)\"},{\"@type\":\"BreadcrumbList\",\"@id\":\"https:\/\/noticiasemdestaque.com\/cd\/?p=25145#breadcrumb\",\"itemListElement\":[{\"@type\":\"ListItem\",\"position\":1,\"name\":\"In\u00edcio\",\"item\":\"https:\/\/noticiasemdestaque.com\/cd\/\"},{\"@type\":\"ListItem\",\"position\":2,\"name\":\"Caixa concede R$ 6,3 bi de cr\u00e9dito para microempresas na pandemia\"}]},{\"@type\":\"WebSite\",\"@id\":\"https:\/\/noticiasemdestaque.com\/cd\/#website\",\"url\":\"https:\/\/noticiasemdestaque.com\/cd\/\",\"name\":\"Not&iacute;cias em Destaque\",\"description\":\"\",\"publisher\":{\"@id\":\"https:\/\/noticiasemdestaque.com\/cd\/#organization\"},\"potentialAction\":[{\"@type\":\"SearchAction\",\"target\":{\"@type\":\"EntryPoint\",\"urlTemplate\":\"https:\/\/noticiasemdestaque.com\/cd\/?s={search_term_string}\"},\"query-input\":{\"@type\":\"PropertyValueSpecification\",\"valueRequired\":true,\"valueName\":\"search_term_string\"}}],\"inLanguage\":\"pt-BR\"},{\"@type\":\"Organization\",\"@id\":\"https:\/\/noticiasemdestaque.com\/cd\/#organization\",\"name\":\"Not\u00edcias em Destaque\",\"url\":\"https:\/\/noticiasemdestaque.com\/cd\/\",\"logo\":{\"@type\":\"ImageObject\",\"inLanguage\":\"pt-BR\",\"@id\":\"https:\/\/noticiasemdestaque.com\/cd\/#\/schema\/logo\/image\/\",\"url\":\"https:\/\/noticiasemdestaque.com\/cd\/wp-content\/uploads\/2022\/05\/imagem-base-noticiasemdestaque.png\",\"contentUrl\":\"https:\/\/noticiasemdestaque.com\/cd\/wp-content\/uploads\/2022\/05\/imagem-base-noticiasemdestaque.png\",\"width\":1200,\"height\":630,\"caption\":\"Not\u00edcias em Destaque\"},\"image\":{\"@id\":\"https:\/\/noticiasemdestaque.com\/cd\/#\/schema\/logo\/image\/\"}},{\"@type\":\"Person\",\"@id\":\"https:\/\/noticiasemdestaque.com\/cd\/#\/schema\/person\/47f7d4f55eec17c6b2ca036c5500f6ce\",\"name\":\"Not\u00edcias em Destaque\",\"url\":\"https:\/\/noticiasemdestaque.com\/cd\/?author=2\"}]}<\/script>\n<!-- \/ Yoast SEO plugin. -->","yoast_head_json":{"title":"Caixa concede R$ 6,3 bi de cr\u00e9dito para microempresas na pandemia - Not&iacute;cias em Destaque","robots":{"index":"index","follow":"follow","max-snippet":"max-snippet:-1","max-image-preview":"max-image-preview:large","max-video-preview":"max-video-preview:-1"},"canonical":"https:\/\/noticiasemdestaque.com\/cd\/?p=25145","og_locale":"pt_BR","og_type":"article","og_title":"Caixa concede R$ 6,3 bi de cr\u00e9dito para microempresas na pandemia - Not&iacute;cias em Destaque","og_description":"O volume de cr\u00e9dito concedido pela Caixa Econ\u00f4mica Federal a microempresas somou R$ 6,3 bilh\u00f5es durante a pandemia do novo coronav\u00edrus, disse hoje (1\u00ba) o presidente do banco, Pedro Guimar\u00e3es. Apenas em maio, o volume emprestado ao segmento mais do que dobrou em rela\u00e7\u00e3o ao mesmo m\u00eas de 2019. No m\u00eas passado, a Caixa emprestou R$ 2,464 bilh\u00f5es a microempresas, crescimento de 111% em rela\u00e7\u00e3o ao R$ 1,164 milh\u00e3o emprestado em maio do ano passado. Em rela\u00e7\u00e3o \u00e0 distribui\u00e7\u00e3o das linhas de cr\u00e9dito, 54,1 mil microempresas contra\u00edram empr\u00e9stimos da Caixa desde o in\u00edcio da pandemia. O cr\u00e9dito com aux\u00edlio do Servi\u00e7o Brasileiro de Apoio \u00e0s Micro e Pequenas Empresas (Sebrae) somou R$ 780,1 milh\u00f5es para 9,9 mil neg\u00f3cios. O cr\u00e9dito de aux\u00edlio \u00e0 folha de pagamento (em troca da n\u00e3o demiss\u00e3o de empregados) totalizou R$ 145,2 milh\u00f5es para 5,4 mil empresas. A maior parte do cr\u00e9dito para os microempres\u00e1rios veio das linhas tradicionais de cr\u00e9dito da Caixa. Os empr\u00e9stimos somaram R$ 5,1 bilh\u00f5es para 38,8 mil neg\u00f3cios de pequeno porte. Not\u00edcias em Destaque Com EBC","og_url":"https:\/\/noticiasemdestaque.com\/cd\/?p=25145","og_site_name":"Not&iacute;cias em Destaque","article_published_time":"2020-06-01T22:20:31+00:00","og_image":[{"width":754,"height":503,"url":"https:\/\/noticiasemdestaque.com\/cd\/wp-content\/uploads\/2019\/02\/1072439-cefa82t2400.jpg","type":"image\/jpeg"}],"author":"Not\u00edcias em Destaque","twitter_card":"summary_large_image","twitter_misc":{"Escrito por":"Not\u00edcias em Destaque","Est. tempo de leitura":"1 minuto"},"schema":{"@context":"https:\/\/schema.org","@graph":[{"@type":"Article","@id":"https:\/\/noticiasemdestaque.com\/cd\/?p=25145#article","isPartOf":{"@id":"https:\/\/noticiasemdestaque.com\/cd\/?p=25145"},"author":{"name":"Not\u00edcias em Destaque","@id":"https:\/\/noticiasemdestaque.com\/cd\/#\/schema\/person\/47f7d4f55eec17c6b2ca036c5500f6ce"},"headline":"Caixa concede R$ 6,3 bi de cr\u00e9dito para microempresas na pandemia","datePublished":"2020-06-01T22:20:31+00:00","mainEntityOfPage":{"@id":"https:\/\/noticiasemdestaque.com\/cd\/?p=25145"},"wordCount":205,"publisher":{"@id":"https:\/\/noticiasemdestaque.com\/cd\/#organization"},"image":{"@id":"https:\/\/noticiasemdestaque.com\/cd\/?p=25145#primaryimage"},"thumbnailUrl":"https:\/\/noticiasemdestaque.com\/cd\/wp-content\/uploads\/2019\/02\/1072439-cefa82t2400.jpg","articleSection":["Geral"],"inLanguage":"pt-BR"},{"@type":"WebPage","@id":"https:\/\/noticiasemdestaque.com\/cd\/?p=25145","url":"https:\/\/noticiasemdestaque.com\/cd\/?p=25145","name":"Caixa concede R$ 6,3 bi de cr\u00e9dito para microempresas na pandemia - Not&iacute;cias em Destaque","isPartOf":{"@id":"https:\/\/noticiasemdestaque.com\/cd\/#website"},"primaryImageOfPage":{"@id":"https:\/\/noticiasemdestaque.com\/cd\/?p=25145#primaryimage"},"image":{"@id":"https:\/\/noticiasemdestaque.com\/cd\/?p=25145#primaryimage"},"thumbnailUrl":"https:\/\/noticiasemdestaque.com\/cd\/wp-content\/uploads\/2019\/02\/1072439-cefa82t2400.jpg","datePublished":"2020-06-01T22:20:31+00:00","breadcrumb":{"@id":"https:\/\/noticiasemdestaque.com\/cd\/?p=25145#breadcrumb"},"inLanguage":"pt-BR","potentialAction":[{"@type":"ReadAction","target":["https:\/\/noticiasemdestaque.com\/cd\/?p=25145"]}]},{"@type":"ImageObject","inLanguage":"pt-BR","@id":"https:\/\/noticiasemdestaque.com\/cd\/?p=25145#primaryimage","url":"https:\/\/noticiasemdestaque.com\/cd\/wp-content\/uploads\/2019\/02\/1072439-cefa82t2400.jpg","contentUrl":"https:\/\/noticiasemdestaque.com\/cd\/wp-content\/uploads\/2019\/02\/1072439-cefa82t2400.jpg","width":754,"height":503,"caption":"Bras\u00edlia - Brasileiros aproveitam o s\u00e1bado para sacar o FGTS inativo durante a segunda etapa do libera\u00e7\u00e3o do FGTS nas ag\u00eancias da Caixa Econ\u00f4mica (Jos\u00e9 Cruz\/Ag\u00eancia Brasil)"},{"@type":"BreadcrumbList","@id":"https:\/\/noticiasemdestaque.com\/cd\/?p=25145#breadcrumb","itemListElement":[{"@type":"ListItem","position":1,"name":"In\u00edcio","item":"https:\/\/noticiasemdestaque.com\/cd\/"},{"@type":"ListItem","position":2,"name":"Caixa concede R$ 6,3 bi de cr\u00e9dito para microempresas na pandemia"}]},{"@type":"WebSite","@id":"https:\/\/noticiasemdestaque.com\/cd\/#website","url":"https:\/\/noticiasemdestaque.com\/cd\/","name":"Not&iacute;cias em Destaque","description":"","publisher":{"@id":"https:\/\/noticiasemdestaque.com\/cd\/#organization"},"potentialAction":[{"@type":"SearchAction","target":{"@type":"EntryPoint","urlTemplate":"https:\/\/noticiasemdestaque.com\/cd\/?s={search_term_string}"},"query-input":{"@type":"PropertyValueSpecification","valueRequired":true,"valueName":"search_term_string"}}],"inLanguage":"pt-BR"},{"@type":"Organization","@id":"https:\/\/noticiasemdestaque.com\/cd\/#organization","name":"Not\u00edcias em Destaque","url":"https:\/\/noticiasemdestaque.com\/cd\/","logo":{"@type":"ImageObject","inLanguage":"pt-BR","@id":"https:\/\/noticiasemdestaque.com\/cd\/#\/schema\/logo\/image\/","url":"https:\/\/noticiasemdestaque.com\/cd\/wp-content\/uploads\/2022\/05\/imagem-base-noticiasemdestaque.png","contentUrl":"https:\/\/noticiasemdestaque.com\/cd\/wp-content\/uploads\/2022\/05\/imagem-base-noticiasemdestaque.png","width":1200,"height":630,"caption":"Not\u00edcias em Destaque"},"image":{"@id":"https:\/\/noticiasemdestaque.com\/cd\/#\/schema\/logo\/image\/"}},{"@type":"Person","@id":"https:\/\/noticiasemdestaque.com\/cd\/#\/schema\/person\/47f7d4f55eec17c6b2ca036c5500f6ce","name":"Not\u00edcias em Destaque","url":"https:\/\/noticiasemdestaque.com\/cd\/?author=2"}]}},"jetpack_featured_media_url":"https:\/\/noticiasemdestaque.com\/cd\/wp-content\/uploads\/2019\/02\/1072439-cefa82t2400.jpg","jetpack_sharing_enabled":true,"_links":{"self":[{"href":"https:\/\/noticiasemdestaque.com\/cd\/index.php?rest_route=\/wp\/v2\/posts\/25145","targetHints":{"allow":["GET"]}}],"collection":[{"href":"https:\/\/noticiasemdestaque.com\/cd\/index.php?rest_route=\/wp\/v2\/posts"}],"about":[{"href":"https:\/\/noticiasemdestaque.com\/cd\/index.php?rest_route=\/wp\/v2\/types\/post"}],"author":[{"embeddable":true,"href":"https:\/\/noticiasemdestaque.com\/cd\/index.php?rest_route=\/wp\/v2\/users\/2"}],"replies":[{"embeddable":true,"href":"https:\/\/noticiasemdestaque.com\/cd\/index.php?rest_route=%2Fwp%2Fv2%2Fcomments&post=25145"}],"version-history":[{"count":1,"href":"https:\/\/noticiasemdestaque.com\/cd\/index.php?rest_route=\/wp\/v2\/posts\/25145\/revisions"}],"predecessor-version":[{"id":25146,"href":"https:\/\/noticiasemdestaque.com\/cd\/index.php?rest_route=\/wp\/v2\/posts\/25145\/revisions\/25146"}],"wp:featuredmedia":[{"embeddable":true,"href":"https:\/\/noticiasemdestaque.com\/cd\/index.php?rest_route=\/wp\/v2\/media\/15635"}],"wp:attachment":[{"href":"https:\/\/noticiasemdestaque.com\/cd\/index.php?rest_route=%2Fwp%2Fv2%2Fmedia&parent=25145"}],"wp:term":[{"taxonomy":"category","embeddable":true,"href":"https:\/\/noticiasemdestaque.com\/cd\/index.php?rest_route=%2Fwp%2Fv2%2Fcategories&post=25145"},{"taxonomy":"post_tag","embeddable":true,"href":"https:\/\/noticiasemdestaque.com\/cd\/index.php?rest_route=%2Fwp%2Fv2%2Ftags&post=25145"}],"curies":[{"name":"wp","href":"https:\/\/api.w.org\/{rel}","templated":true}]}}