{"id":25142,"date":"2020-06-01T19:03:54","date_gmt":"2020-06-01T22:03:54","guid":{"rendered":"http:\/\/noticiasemdestaque.com\/cd\/?p=25142"},"modified":"2020-06-01T19:03:54","modified_gmt":"2020-06-01T22:03:54","slug":"prefeitura-de-amparo-prorroga-sistema-de-barreira-sanitaria","status":"publish","type":"post","link":"https:\/\/noticiasemdestaque.com\/cd\/?p=25142","title":{"rendered":"Prefeitura de Amparo prorroga sistema de barreira sanit\u00e1ria"},"content":{"rendered":"<p><a href=\"https:\/\/noticiasemdestaque.com\/cd\/wp-content\/uploads\/2020\/06\/cats.jpg\"><img fetchpriority=\"high\" decoding=\"async\" class=\"wp-image-25143 aligncenter\" src=\"https:\/\/noticiasemdestaque.com\/cd\/wp-content\/uploads\/2020\/06\/cats.jpg\" alt=\"\" width=\"496\" height=\"495\" srcset=\"https:\/\/noticiasemdestaque.com\/cd\/wp-content\/uploads\/2020\/06\/cats.jpg 546w, https:\/\/noticiasemdestaque.com\/cd\/wp-content\/uploads\/2020\/06\/cats-150x150.jpg 150w, https:\/\/noticiasemdestaque.com\/cd\/wp-content\/uploads\/2020\/06\/cats-300x300.jpg 300w\" sizes=\"(max-width: 496px) 100vw, 496px\" \/><\/a><\/p>\n<p>Prefeitura Municipal de Amparo atrav\u00e9s da Secretaria Municipal de Sa\u00fade prorroga por mais 15 dias o sistema de barreira sanit\u00e1ria implantada para levar orienta\u00e7\u00f5es aos moradores e visitantes que frequentam o munic\u00edpio durante o per\u00edodo da Pandemia Covid-19.<\/p>\n<p>Neste domingo (31), o prefeito In\u00e1cio N\u00f3brega esteve acompanhado da secret\u00e1ria Veronica Rafael e da sub-secret\u00e1ria Fabr\u00edcia Mizael, realizando\u00a0 uma visita \u00e0s barreiras com o objetivo de levar o seu apoio irrestrito \u00e0 todos que de forma volunt\u00e1ria tem dedicado parte do seu tempo a cuidar do bem estar da sa\u00fade p\u00fablica dos mun\u00edcipes. E que de domingo a domingo est\u00e3o divididos por turmas e turnos, enfrentando as intemp\u00e9ries do tempo, mas que n\u00e3o abrem m\u00e3o de est\u00e1 servindo \u00e0 popula\u00e7\u00e3o amparense.<\/p>\n<p>Estamos agindo de acordo com o que manda os decretos em n\u00edvel de Estado e Munic\u00edpio, para levarmos maior seguran\u00e7a e comodidade aos nossos mun\u00edcipes. Nossa gest\u00e3o sempre esteve e estar\u00e1 \u00e0 disposi\u00e7\u00e3o dos \u00f3rg\u00e3os de sa\u00fade p\u00fablica para atender todas as demandas voltadas para o combate e enfrentamento ao Covid19. Afirmou o prefeito In\u00e1cio N\u00f3brega.<\/p>\n<p><strong><em>Not\u00edcias em Destaque<\/em><\/strong><\/p>\n<p>Com Ascom<\/p>\n","protected":false},"excerpt":{"rendered":"<p>Prefeitura Municipal de Amparo atrav\u00e9s da Secretaria Municipal de Sa\u00fade prorroga por mais 15 dias o sistema de barreira sanit\u00e1ria implantada para levar orienta\u00e7\u00f5es aos moradores e visitantes que frequentam o munic\u00edpio durante o per\u00edodo da Pandemia Covid-19. Neste domingo (31), o prefeito In\u00e1cio N\u00f3brega esteve acompanhado da secret\u00e1ria Veronica Rafael e da sub-secret\u00e1ria Fabr\u00edcia Mizael, realizando\u00a0 uma visita \u00e0s barreiras com o objetivo de levar o seu apoio irrestrito \u00e0 todos que de forma volunt\u00e1ria tem dedicado parte do seu tempo a cuidar do bem estar da sa\u00fade p\u00fablica dos mun\u00edcipes. E que de domingo a domingo est\u00e3o divididos por turmas e turnos, enfrentando as intemp\u00e9ries do tempo, mas que n\u00e3o abrem m\u00e3o de est\u00e1 servindo \u00e0 popula\u00e7\u00e3o amparense. Estamos agindo de acordo com o que manda os decretos em n\u00edvel de Estado e Munic\u00edpio, para levarmos maior seguran\u00e7a e comodidade aos nossos mun\u00edcipes. Nossa gest\u00e3o sempre esteve e estar\u00e1 \u00e0 disposi\u00e7\u00e3o dos \u00f3rg\u00e3os de sa\u00fade p\u00fablica para atender todas as demandas voltadas para o combate e enfrentamento ao Covid19. Afirmou o prefeito In\u00e1cio N\u00f3brega. Not\u00edcias em Destaque Com Ascom<\/p>\n","protected":false},"author":2,"featured_media":25143,"comment_status":"closed","ping_status":"open","sticky":false,"template":"","format":"standard","meta":{"_eb_attr":"","_jetpack_memberships_contains_paid_content":false,"footnotes":""},"categories":[4],"tags":[],"class_list":["post-25142","post","type-post","status-publish","format-standard","has-post-thumbnail","hentry","category-politica"],"yoast_head":"<!-- This site is optimized with the Yoast SEO plugin v26.5 - https:\/\/yoast.com\/wordpress\/plugins\/seo\/ -->\n<title>Prefeitura de Amparo prorroga sistema de barreira sanit\u00e1ria - Not&iacute;cias em Destaque<\/title>\n<meta name=\"robots\" content=\"index, follow, max-snippet:-1, max-image-preview:large, max-video-preview:-1\" \/>\n<link rel=\"canonical\" href=\"https:\/\/noticiasemdestaque.com\/cd\/?p=25142\" \/>\n<meta property=\"og:locale\" content=\"pt_BR\" \/>\n<meta property=\"og:type\" content=\"article\" \/>\n<meta property=\"og:title\" content=\"Prefeitura de Amparo prorroga sistema de barreira sanit\u00e1ria - Not&iacute;cias em Destaque\" \/>\n<meta property=\"og:description\" content=\"Prefeitura Municipal de Amparo atrav\u00e9s da Secretaria Municipal de Sa\u00fade prorroga por mais 15 dias o sistema de barreira sanit\u00e1ria implantada para levar orienta\u00e7\u00f5es aos moradores e visitantes que frequentam o munic\u00edpio durante o per\u00edodo da Pandemia Covid-19. Neste domingo (31), o prefeito In\u00e1cio N\u00f3brega esteve acompanhado da secret\u00e1ria Veronica Rafael e da sub-secret\u00e1ria Fabr\u00edcia Mizael, realizando\u00a0 uma visita \u00e0s barreiras com o objetivo de levar o seu apoio irrestrito \u00e0 todos que de forma volunt\u00e1ria tem dedicado parte do seu tempo a cuidar do bem estar da sa\u00fade p\u00fablica dos mun\u00edcipes. E que de domingo a domingo est\u00e3o divididos por turmas e turnos, enfrentando as intemp\u00e9ries do tempo, mas que n\u00e3o abrem m\u00e3o de est\u00e1 servindo \u00e0 popula\u00e7\u00e3o amparense. Estamos agindo de acordo com o que manda os decretos em n\u00edvel de Estado e Munic\u00edpio, para levarmos maior seguran\u00e7a e comodidade aos nossos mun\u00edcipes. Nossa gest\u00e3o sempre esteve e estar\u00e1 \u00e0 disposi\u00e7\u00e3o dos \u00f3rg\u00e3os de sa\u00fade p\u00fablica para atender todas as demandas voltadas para o combate e enfrentamento ao Covid19. Afirmou o prefeito In\u00e1cio N\u00f3brega. Not\u00edcias em Destaque Com Ascom\" \/>\n<meta property=\"og:url\" content=\"https:\/\/noticiasemdestaque.com\/cd\/?p=25142\" \/>\n<meta property=\"og:site_name\" content=\"Not&iacute;cias em Destaque\" \/>\n<meta property=\"article:published_time\" content=\"2020-06-01T22:03:54+00:00\" \/>\n<meta property=\"og:image\" content=\"https:\/\/noticiasemdestaque.com\/cd\/wp-content\/uploads\/2020\/06\/cats.jpg\" \/>\n\t<meta property=\"og:image:width\" content=\"546\" \/>\n\t<meta property=\"og:image:height\" content=\"545\" \/>\n\t<meta property=\"og:image:type\" content=\"image\/jpeg\" \/>\n<meta name=\"author\" content=\"Not\u00edcias em Destaque\" \/>\n<meta name=\"twitter:card\" content=\"summary_large_image\" \/>\n<meta name=\"twitter:label1\" content=\"Escrito por\" \/>\n\t<meta name=\"twitter:data1\" content=\"Not\u00edcias em Destaque\" \/>\n\t<meta name=\"twitter:label2\" content=\"Est. tempo de leitura\" \/>\n\t<meta name=\"twitter:data2\" content=\"1 minuto\" \/>\n<script type=\"application\/ld+json\" class=\"yoast-schema-graph\">{\"@context\":\"https:\/\/schema.org\",\"@graph\":[{\"@type\":\"Article\",\"@id\":\"https:\/\/noticiasemdestaque.com\/cd\/?p=25142#article\",\"isPartOf\":{\"@id\":\"https:\/\/noticiasemdestaque.com\/cd\/?p=25142\"},\"author\":{\"name\":\"Not\u00edcias em Destaque\",\"@id\":\"https:\/\/noticiasemdestaque.com\/cd\/#\/schema\/person\/47f7d4f55eec17c6b2ca036c5500f6ce\"},\"headline\":\"Prefeitura de Amparo prorroga sistema de barreira sanit\u00e1ria\",\"datePublished\":\"2020-06-01T22:03:54+00:00\",\"mainEntityOfPage\":{\"@id\":\"https:\/\/noticiasemdestaque.com\/cd\/?p=25142\"},\"wordCount\":217,\"publisher\":{\"@id\":\"https:\/\/noticiasemdestaque.com\/cd\/#organization\"},\"image\":{\"@id\":\"https:\/\/noticiasemdestaque.com\/cd\/?p=25142#primaryimage\"},\"thumbnailUrl\":\"https:\/\/noticiasemdestaque.com\/cd\/wp-content\/uploads\/2020\/06\/cats.jpg\",\"articleSection\":[\"Pol\u00edtica\"],\"inLanguage\":\"pt-BR\"},{\"@type\":\"WebPage\",\"@id\":\"https:\/\/noticiasemdestaque.com\/cd\/?p=25142\",\"url\":\"https:\/\/noticiasemdestaque.com\/cd\/?p=25142\",\"name\":\"Prefeitura de Amparo prorroga sistema de barreira sanit\u00e1ria - Not&iacute;cias em Destaque\",\"isPartOf\":{\"@id\":\"https:\/\/noticiasemdestaque.com\/cd\/#website\"},\"primaryImageOfPage\":{\"@id\":\"https:\/\/noticiasemdestaque.com\/cd\/?p=25142#primaryimage\"},\"image\":{\"@id\":\"https:\/\/noticiasemdestaque.com\/cd\/?p=25142#primaryimage\"},\"thumbnailUrl\":\"https:\/\/noticiasemdestaque.com\/cd\/wp-content\/uploads\/2020\/06\/cats.jpg\",\"datePublished\":\"2020-06-01T22:03:54+00:00\",\"breadcrumb\":{\"@id\":\"https:\/\/noticiasemdestaque.com\/cd\/?p=25142#breadcrumb\"},\"inLanguage\":\"pt-BR\",\"potentialAction\":[{\"@type\":\"ReadAction\",\"target\":[\"https:\/\/noticiasemdestaque.com\/cd\/?p=25142\"]}]},{\"@type\":\"ImageObject\",\"inLanguage\":\"pt-BR\",\"@id\":\"https:\/\/noticiasemdestaque.com\/cd\/?p=25142#primaryimage\",\"url\":\"https:\/\/noticiasemdestaque.com\/cd\/wp-content\/uploads\/2020\/06\/cats.jpg\",\"contentUrl\":\"https:\/\/noticiasemdestaque.com\/cd\/wp-content\/uploads\/2020\/06\/cats.jpg\",\"width\":546,\"height\":545},{\"@type\":\"BreadcrumbList\",\"@id\":\"https:\/\/noticiasemdestaque.com\/cd\/?p=25142#breadcrumb\",\"itemListElement\":[{\"@type\":\"ListItem\",\"position\":1,\"name\":\"In\u00edcio\",\"item\":\"https:\/\/noticiasemdestaque.com\/cd\/\"},{\"@type\":\"ListItem\",\"position\":2,\"name\":\"Prefeitura de Amparo prorroga sistema de barreira sanit\u00e1ria\"}]},{\"@type\":\"WebSite\",\"@id\":\"https:\/\/noticiasemdestaque.com\/cd\/#website\",\"url\":\"https:\/\/noticiasemdestaque.com\/cd\/\",\"name\":\"Not&iacute;cias em Destaque\",\"description\":\"\",\"publisher\":{\"@id\":\"https:\/\/noticiasemdestaque.com\/cd\/#organization\"},\"potentialAction\":[{\"@type\":\"SearchAction\",\"target\":{\"@type\":\"EntryPoint\",\"urlTemplate\":\"https:\/\/noticiasemdestaque.com\/cd\/?s={search_term_string}\"},\"query-input\":{\"@type\":\"PropertyValueSpecification\",\"valueRequired\":true,\"valueName\":\"search_term_string\"}}],\"inLanguage\":\"pt-BR\"},{\"@type\":\"Organization\",\"@id\":\"https:\/\/noticiasemdestaque.com\/cd\/#organization\",\"name\":\"Not\u00edcias em Destaque\",\"url\":\"https:\/\/noticiasemdestaque.com\/cd\/\",\"logo\":{\"@type\":\"ImageObject\",\"inLanguage\":\"pt-BR\",\"@id\":\"https:\/\/noticiasemdestaque.com\/cd\/#\/schema\/logo\/image\/\",\"url\":\"https:\/\/noticiasemdestaque.com\/cd\/wp-content\/uploads\/2022\/05\/imagem-base-noticiasemdestaque.png\",\"contentUrl\":\"https:\/\/noticiasemdestaque.com\/cd\/wp-content\/uploads\/2022\/05\/imagem-base-noticiasemdestaque.png\",\"width\":1200,\"height\":630,\"caption\":\"Not\u00edcias em Destaque\"},\"image\":{\"@id\":\"https:\/\/noticiasemdestaque.com\/cd\/#\/schema\/logo\/image\/\"}},{\"@type\":\"Person\",\"@id\":\"https:\/\/noticiasemdestaque.com\/cd\/#\/schema\/person\/47f7d4f55eec17c6b2ca036c5500f6ce\",\"name\":\"Not\u00edcias em Destaque\",\"url\":\"https:\/\/noticiasemdestaque.com\/cd\/?author=2\"}]}<\/script>\n<!-- \/ Yoast SEO plugin. -->","yoast_head_json":{"title":"Prefeitura de Amparo prorroga sistema de barreira sanit\u00e1ria - Not&iacute;cias em Destaque","robots":{"index":"index","follow":"follow","max-snippet":"max-snippet:-1","max-image-preview":"max-image-preview:large","max-video-preview":"max-video-preview:-1"},"canonical":"https:\/\/noticiasemdestaque.com\/cd\/?p=25142","og_locale":"pt_BR","og_type":"article","og_title":"Prefeitura de Amparo prorroga sistema de barreira sanit\u00e1ria - Not&iacute;cias em Destaque","og_description":"Prefeitura Municipal de Amparo atrav\u00e9s da Secretaria Municipal de Sa\u00fade prorroga por mais 15 dias o sistema de barreira sanit\u00e1ria implantada para levar orienta\u00e7\u00f5es aos moradores e visitantes que frequentam o munic\u00edpio durante o per\u00edodo da Pandemia Covid-19. Neste domingo (31), o prefeito In\u00e1cio N\u00f3brega esteve acompanhado da secret\u00e1ria Veronica Rafael e da sub-secret\u00e1ria Fabr\u00edcia Mizael, realizando\u00a0 uma visita \u00e0s barreiras com o objetivo de levar o seu apoio irrestrito \u00e0 todos que de forma volunt\u00e1ria tem dedicado parte do seu tempo a cuidar do bem estar da sa\u00fade p\u00fablica dos mun\u00edcipes. E que de domingo a domingo est\u00e3o divididos por turmas e turnos, enfrentando as intemp\u00e9ries do tempo, mas que n\u00e3o abrem m\u00e3o de est\u00e1 servindo \u00e0 popula\u00e7\u00e3o amparense. Estamos agindo de acordo com o que manda os decretos em n\u00edvel de Estado e Munic\u00edpio, para levarmos maior seguran\u00e7a e comodidade aos nossos mun\u00edcipes. Nossa gest\u00e3o sempre esteve e estar\u00e1 \u00e0 disposi\u00e7\u00e3o dos \u00f3rg\u00e3os de sa\u00fade p\u00fablica para atender todas as demandas voltadas para o combate e enfrentamento ao Covid19. Afirmou o prefeito In\u00e1cio N\u00f3brega. Not\u00edcias em Destaque Com Ascom","og_url":"https:\/\/noticiasemdestaque.com\/cd\/?p=25142","og_site_name":"Not&iacute;cias em Destaque","article_published_time":"2020-06-01T22:03:54+00:00","og_image":[{"width":546,"height":545,"url":"https:\/\/noticiasemdestaque.com\/cd\/wp-content\/uploads\/2020\/06\/cats.jpg","type":"image\/jpeg"}],"author":"Not\u00edcias em Destaque","twitter_card":"summary_large_image","twitter_misc":{"Escrito por":"Not\u00edcias em Destaque","Est. tempo de leitura":"1 minuto"},"schema":{"@context":"https:\/\/schema.org","@graph":[{"@type":"Article","@id":"https:\/\/noticiasemdestaque.com\/cd\/?p=25142#article","isPartOf":{"@id":"https:\/\/noticiasemdestaque.com\/cd\/?p=25142"},"author":{"name":"Not\u00edcias em Destaque","@id":"https:\/\/noticiasemdestaque.com\/cd\/#\/schema\/person\/47f7d4f55eec17c6b2ca036c5500f6ce"},"headline":"Prefeitura de Amparo prorroga sistema de barreira sanit\u00e1ria","datePublished":"2020-06-01T22:03:54+00:00","mainEntityOfPage":{"@id":"https:\/\/noticiasemdestaque.com\/cd\/?p=25142"},"wordCount":217,"publisher":{"@id":"https:\/\/noticiasemdestaque.com\/cd\/#organization"},"image":{"@id":"https:\/\/noticiasemdestaque.com\/cd\/?p=25142#primaryimage"},"thumbnailUrl":"https:\/\/noticiasemdestaque.com\/cd\/wp-content\/uploads\/2020\/06\/cats.jpg","articleSection":["Pol\u00edtica"],"inLanguage":"pt-BR"},{"@type":"WebPage","@id":"https:\/\/noticiasemdestaque.com\/cd\/?p=25142","url":"https:\/\/noticiasemdestaque.com\/cd\/?p=25142","name":"Prefeitura de Amparo prorroga sistema de barreira sanit\u00e1ria - Not&iacute;cias em Destaque","isPartOf":{"@id":"https:\/\/noticiasemdestaque.com\/cd\/#website"},"primaryImageOfPage":{"@id":"https:\/\/noticiasemdestaque.com\/cd\/?p=25142#primaryimage"},"image":{"@id":"https:\/\/noticiasemdestaque.com\/cd\/?p=25142#primaryimage"},"thumbnailUrl":"https:\/\/noticiasemdestaque.com\/cd\/wp-content\/uploads\/2020\/06\/cats.jpg","datePublished":"2020-06-01T22:03:54+00:00","breadcrumb":{"@id":"https:\/\/noticiasemdestaque.com\/cd\/?p=25142#breadcrumb"},"inLanguage":"pt-BR","potentialAction":[{"@type":"ReadAction","target":["https:\/\/noticiasemdestaque.com\/cd\/?p=25142"]}]},{"@type":"ImageObject","inLanguage":"pt-BR","@id":"https:\/\/noticiasemdestaque.com\/cd\/?p=25142#primaryimage","url":"https:\/\/noticiasemdestaque.com\/cd\/wp-content\/uploads\/2020\/06\/cats.jpg","contentUrl":"https:\/\/noticiasemdestaque.com\/cd\/wp-content\/uploads\/2020\/06\/cats.jpg","width":546,"height":545},{"@type":"BreadcrumbList","@id":"https:\/\/noticiasemdestaque.com\/cd\/?p=25142#breadcrumb","itemListElement":[{"@type":"ListItem","position":1,"name":"In\u00edcio","item":"https:\/\/noticiasemdestaque.com\/cd\/"},{"@type":"ListItem","position":2,"name":"Prefeitura de Amparo prorroga sistema de barreira sanit\u00e1ria"}]},{"@type":"WebSite","@id":"https:\/\/noticiasemdestaque.com\/cd\/#website","url":"https:\/\/noticiasemdestaque.com\/cd\/","name":"Not&iacute;cias em Destaque","description":"","publisher":{"@id":"https:\/\/noticiasemdestaque.com\/cd\/#organization"},"potentialAction":[{"@type":"SearchAction","target":{"@type":"EntryPoint","urlTemplate":"https:\/\/noticiasemdestaque.com\/cd\/?s={search_term_string}"},"query-input":{"@type":"PropertyValueSpecification","valueRequired":true,"valueName":"search_term_string"}}],"inLanguage":"pt-BR"},{"@type":"Organization","@id":"https:\/\/noticiasemdestaque.com\/cd\/#organization","name":"Not\u00edcias em Destaque","url":"https:\/\/noticiasemdestaque.com\/cd\/","logo":{"@type":"ImageObject","inLanguage":"pt-BR","@id":"https:\/\/noticiasemdestaque.com\/cd\/#\/schema\/logo\/image\/","url":"https:\/\/noticiasemdestaque.com\/cd\/wp-content\/uploads\/2022\/05\/imagem-base-noticiasemdestaque.png","contentUrl":"https:\/\/noticiasemdestaque.com\/cd\/wp-content\/uploads\/2022\/05\/imagem-base-noticiasemdestaque.png","width":1200,"height":630,"caption":"Not\u00edcias em Destaque"},"image":{"@id":"https:\/\/noticiasemdestaque.com\/cd\/#\/schema\/logo\/image\/"}},{"@type":"Person","@id":"https:\/\/noticiasemdestaque.com\/cd\/#\/schema\/person\/47f7d4f55eec17c6b2ca036c5500f6ce","name":"Not\u00edcias em Destaque","url":"https:\/\/noticiasemdestaque.com\/cd\/?author=2"}]}},"jetpack_featured_media_url":"https:\/\/noticiasemdestaque.com\/cd\/wp-content\/uploads\/2020\/06\/cats.jpg","jetpack_sharing_enabled":true,"_links":{"self":[{"href":"https:\/\/noticiasemdestaque.com\/cd\/index.php?rest_route=\/wp\/v2\/posts\/25142","targetHints":{"allow":["GET"]}}],"collection":[{"href":"https:\/\/noticiasemdestaque.com\/cd\/index.php?rest_route=\/wp\/v2\/posts"}],"about":[{"href":"https:\/\/noticiasemdestaque.com\/cd\/index.php?rest_route=\/wp\/v2\/types\/post"}],"author":[{"embeddable":true,"href":"https:\/\/noticiasemdestaque.com\/cd\/index.php?rest_route=\/wp\/v2\/users\/2"}],"replies":[{"embeddable":true,"href":"https:\/\/noticiasemdestaque.com\/cd\/index.php?rest_route=%2Fwp%2Fv2%2Fcomments&post=25142"}],"version-history":[{"count":1,"href":"https:\/\/noticiasemdestaque.com\/cd\/index.php?rest_route=\/wp\/v2\/posts\/25142\/revisions"}],"predecessor-version":[{"id":25144,"href":"https:\/\/noticiasemdestaque.com\/cd\/index.php?rest_route=\/wp\/v2\/posts\/25142\/revisions\/25144"}],"wp:featuredmedia":[{"embeddable":true,"href":"https:\/\/noticiasemdestaque.com\/cd\/index.php?rest_route=\/wp\/v2\/media\/25143"}],"wp:attachment":[{"href":"https:\/\/noticiasemdestaque.com\/cd\/index.php?rest_route=%2Fwp%2Fv2%2Fmedia&parent=25142"}],"wp:term":[{"taxonomy":"category","embeddable":true,"href":"https:\/\/noticiasemdestaque.com\/cd\/index.php?rest_route=%2Fwp%2Fv2%2Fcategories&post=25142"},{"taxonomy":"post_tag","embeddable":true,"href":"https:\/\/noticiasemdestaque.com\/cd\/index.php?rest_route=%2Fwp%2Fv2%2Ftags&post=25142"}],"curies":[{"name":"wp","href":"https:\/\/api.w.org\/{rel}","templated":true}]}}