{"id":25139,"date":"2020-06-01T18:59:28","date_gmt":"2020-06-01T21:59:28","guid":{"rendered":"http:\/\/noticiasemdestaque.com\/cd\/?p=25139"},"modified":"2020-06-01T18:59:28","modified_gmt":"2020-06-01T21:59:28","slug":"prf-nao-autoriza-prefeitura-de-sume-a-realizar-barreiras-sanitarias-na-br-412","status":"publish","type":"post","link":"https:\/\/noticiasemdestaque.com\/cd\/?p=25139","title":{"rendered":"PRF n\u00e3o autoriza Prefeitura de Sum\u00e9 a realizar barreiras sanit\u00e1rias na BR 412"},"content":{"rendered":"<p><a href=\"https:\/\/noticiasemdestaque.com\/cd\/wp-content\/uploads\/2020\/06\/Of\u00edcio-PRF.png\"><img fetchpriority=\"high\" decoding=\"async\" class=\"wp-image-25140 aligncenter\" src=\"https:\/\/noticiasemdestaque.com\/cd\/wp-content\/uploads\/2020\/06\/Of\u00edcio-PRF.png\" alt=\"\" width=\"491\" height=\"368\" srcset=\"https:\/\/noticiasemdestaque.com\/cd\/wp-content\/uploads\/2020\/06\/Of\u00edcio-PRF.png 800w, https:\/\/noticiasemdestaque.com\/cd\/wp-content\/uploads\/2020\/06\/Of\u00edcio-PRF-300x225.png 300w, https:\/\/noticiasemdestaque.com\/cd\/wp-content\/uploads\/2020\/06\/Of\u00edcio-PRF-768x576.png 768w, https:\/\/noticiasemdestaque.com\/cd\/wp-content\/uploads\/2020\/06\/Of\u00edcio-PRF-640x480.png 640w\" sizes=\"(max-width: 491px) 100vw, 491px\" \/><\/a><\/p>\n<p>A Pol\u00edcia Rodovi\u00e1ria Federal, atrav\u00e9s da Superintend\u00eancia Regional, comunicou neste domingo (31) \u00e0 Prefeitura de Sum\u00e9, a impossibilidade do munic\u00edpio realizar barreiras sanit\u00e1rias na BR 412.<\/p>\n<p>A PRF declarou que entende a import\u00e2ncia do munic\u00edpio em somar esfor\u00e7os para enfrentamento \u00e0 Covid-19, mas n\u00e3o recomenda tais barreiras na BR. Para a realiza\u00e7\u00e3o das barreiras seria necess\u00e1ria a presen\u00e7a da PRF, considerando que o munic\u00edpio de Sum\u00e9 \u00e9 cortado pela Rodovia Federal 412.<\/p>\n<p>A PRF informou que no momento, h\u00e1 em execu\u00e7\u00e3o, 8 barreiras sanit\u00e1rias nos limites com os Estados do Rio Grande do Norte, Pernambuco e Cear\u00e1, onde policiais rodovi\u00e1rios se fazem presentes. Somadas \u00e0s demais atribui\u00e7\u00f5es que s\u00e3o executadas cotidianamente pela PRF, como os atendimentos aos acidentes, enfrentamento aos crimes e as fiscaliza\u00e7\u00f5es de normas de tr\u00e2nsito, n\u00e3o h\u00e1 equipe suficiente na Pol\u00edcia que possa atender a demanda do munic\u00edpio de Sum\u00e9.<\/p>\n<p>Outro ponto destacado pela Pol\u00edcia Rodovi\u00e1ria Federal se trata da seguran\u00e7a no tr\u00e2nsito, \u00e9 importante preservar a integridade f\u00edsica dos profissionais que est\u00e3o nas barreiras, estas que muitas vezes s\u00e3o interpretadas como bloqueios policiais por criminosos que trafegam pelas rodovias.<\/p>\n<p>A PRF tamb\u00e9m justificou que o transporte rodovi\u00e1rio de cargas pode ser prejudicado, causando lentid\u00e3o no fluxo de ve\u00edculos, considerando as diversas barreiras sanit\u00e1rias j\u00e1 existentes nas rodovias do pa\u00eds, o que pode vir a prejudicar o escoamento de alimentos, medicamentos e equipamentos hospitalares.<\/p>\n<p>Com a impossibilidade de realizar as barreiras sanit\u00e1rias na BR-412, a Prefeitura de Sum\u00e9 deslocar\u00e1 as equipes da Vigil\u00e2ncia Epidemiol\u00f3gica a atuarem na PB-214\/sa\u00edda para o Congo e na sa\u00edda para o munic\u00edpio de Amparo.<\/p>\n<p>Ascom PMS<\/p>\n","protected":false},"excerpt":{"rendered":"<p>A Pol\u00edcia Rodovi\u00e1ria Federal, atrav\u00e9s da Superintend\u00eancia Regional, comunicou neste domingo (31) \u00e0 Prefeitura de Sum\u00e9, a impossibilidade do munic\u00edpio realizar barreiras sanit\u00e1rias na BR 412. A PRF declarou que entende a import\u00e2ncia do munic\u00edpio em somar esfor\u00e7os para enfrentamento \u00e0 Covid-19, mas n\u00e3o recomenda tais barreiras na BR. Para a realiza\u00e7\u00e3o das barreiras seria necess\u00e1ria a presen\u00e7a da PRF, considerando que o munic\u00edpio de Sum\u00e9 \u00e9 cortado pela Rodovia Federal 412. A PRF informou que no momento, h\u00e1 em execu\u00e7\u00e3o, 8 barreiras sanit\u00e1rias nos limites com os Estados do Rio Grande do Norte, Pernambuco e Cear\u00e1, onde policiais rodovi\u00e1rios se fazem presentes. Somadas \u00e0s demais atribui\u00e7\u00f5es que s\u00e3o executadas cotidianamente pela PRF, como os atendimentos aos acidentes, enfrentamento aos crimes e as fiscaliza\u00e7\u00f5es de normas de tr\u00e2nsito, n\u00e3o h\u00e1 equipe suficiente na Pol\u00edcia que possa atender a demanda do munic\u00edpio de Sum\u00e9. Outro ponto destacado pela Pol\u00edcia Rodovi\u00e1ria Federal se trata da seguran\u00e7a no tr\u00e2nsito, \u00e9 importante preservar a integridade f\u00edsica dos profissionais que est\u00e3o nas barreiras, estas que muitas vezes s\u00e3o interpretadas como bloqueios policiais por criminosos que trafegam pelas rodovias. A PRF tamb\u00e9m justificou que o transporte rodovi\u00e1rio de cargas pode ser prejudicado, causando lentid\u00e3o no fluxo de ve\u00edculos, considerando as diversas barreiras sanit\u00e1rias j\u00e1 existentes nas rodovias do pa\u00eds, o que pode vir a prejudicar o escoamento de alimentos, medicamentos e equipamentos hospitalares. Com a impossibilidade de realizar as barreiras sanit\u00e1rias na BR-412, a Prefeitura de Sum\u00e9 deslocar\u00e1 as equipes da Vigil\u00e2ncia Epidemiol\u00f3gica a atuarem na PB-214\/sa\u00edda para o Congo e na sa\u00edda para o munic\u00edpio de Amparo. Ascom PMS<\/p>\n","protected":false},"author":2,"featured_media":25140,"comment_status":"closed","ping_status":"open","sticky":false,"template":"","format":"standard","meta":{"_eb_attr":"","_jetpack_memberships_contains_paid_content":false,"footnotes":""},"categories":[4],"tags":[],"class_list":["post-25139","post","type-post","status-publish","format-standard","has-post-thumbnail","hentry","category-politica"],"yoast_head":"<!-- This site is optimized with the Yoast SEO plugin v26.5 - https:\/\/yoast.com\/wordpress\/plugins\/seo\/ -->\n<title>PRF n\u00e3o autoriza Prefeitura de Sum\u00e9 a realizar barreiras sanit\u00e1rias na BR 412 - Not&iacute;cias em Destaque<\/title>\n<meta name=\"robots\" content=\"index, follow, max-snippet:-1, max-image-preview:large, max-video-preview:-1\" \/>\n<link rel=\"canonical\" href=\"https:\/\/noticiasemdestaque.com\/cd\/?p=25139\" \/>\n<meta property=\"og:locale\" content=\"pt_BR\" \/>\n<meta property=\"og:type\" content=\"article\" \/>\n<meta property=\"og:title\" content=\"PRF n\u00e3o autoriza Prefeitura de Sum\u00e9 a realizar barreiras sanit\u00e1rias na BR 412 - Not&iacute;cias em Destaque\" \/>\n<meta property=\"og:description\" content=\"A Pol\u00edcia Rodovi\u00e1ria Federal, atrav\u00e9s da Superintend\u00eancia Regional, comunicou neste domingo (31) \u00e0 Prefeitura de Sum\u00e9, a impossibilidade do munic\u00edpio realizar barreiras sanit\u00e1rias na BR 412. A PRF declarou que entende a import\u00e2ncia do munic\u00edpio em somar esfor\u00e7os para enfrentamento \u00e0 Covid-19, mas n\u00e3o recomenda tais barreiras na BR. Para a realiza\u00e7\u00e3o das barreiras seria necess\u00e1ria a presen\u00e7a da PRF, considerando que o munic\u00edpio de Sum\u00e9 \u00e9 cortado pela Rodovia Federal 412. A PRF informou que no momento, h\u00e1 em execu\u00e7\u00e3o, 8 barreiras sanit\u00e1rias nos limites com os Estados do Rio Grande do Norte, Pernambuco e Cear\u00e1, onde policiais rodovi\u00e1rios se fazem presentes. Somadas \u00e0s demais atribui\u00e7\u00f5es que s\u00e3o executadas cotidianamente pela PRF, como os atendimentos aos acidentes, enfrentamento aos crimes e as fiscaliza\u00e7\u00f5es de normas de tr\u00e2nsito, n\u00e3o h\u00e1 equipe suficiente na Pol\u00edcia que possa atender a demanda do munic\u00edpio de Sum\u00e9. Outro ponto destacado pela Pol\u00edcia Rodovi\u00e1ria Federal se trata da seguran\u00e7a no tr\u00e2nsito, \u00e9 importante preservar a integridade f\u00edsica dos profissionais que est\u00e3o nas barreiras, estas que muitas vezes s\u00e3o interpretadas como bloqueios policiais por criminosos que trafegam pelas rodovias. A PRF tamb\u00e9m justificou que o transporte rodovi\u00e1rio de cargas pode ser prejudicado, causando lentid\u00e3o no fluxo de ve\u00edculos, considerando as diversas barreiras sanit\u00e1rias j\u00e1 existentes nas rodovias do pa\u00eds, o que pode vir a prejudicar o escoamento de alimentos, medicamentos e equipamentos hospitalares. Com a impossibilidade de realizar as barreiras sanit\u00e1rias na BR-412, a Prefeitura de Sum\u00e9 deslocar\u00e1 as equipes da Vigil\u00e2ncia Epidemiol\u00f3gica a atuarem na PB-214\/sa\u00edda para o Congo e na sa\u00edda para o munic\u00edpio de Amparo. Ascom PMS\" \/>\n<meta property=\"og:url\" content=\"https:\/\/noticiasemdestaque.com\/cd\/?p=25139\" \/>\n<meta property=\"og:site_name\" content=\"Not&iacute;cias em Destaque\" \/>\n<meta property=\"article:published_time\" content=\"2020-06-01T21:59:28+00:00\" \/>\n<meta property=\"og:image\" content=\"https:\/\/noticiasemdestaque.com\/cd\/wp-content\/uploads\/2020\/06\/Of\u00edcio-PRF.png\" \/>\n\t<meta property=\"og:image:width\" content=\"800\" \/>\n\t<meta property=\"og:image:height\" content=\"600\" \/>\n\t<meta property=\"og:image:type\" content=\"image\/png\" \/>\n<meta name=\"author\" content=\"Not\u00edcias em Destaque\" \/>\n<meta name=\"twitter:card\" content=\"summary_large_image\" \/>\n<meta name=\"twitter:label1\" content=\"Escrito por\" \/>\n\t<meta name=\"twitter:data1\" content=\"Not\u00edcias em Destaque\" \/>\n\t<meta name=\"twitter:label2\" content=\"Est. tempo de leitura\" \/>\n\t<meta name=\"twitter:data2\" content=\"2 minutos\" \/>\n<script type=\"application\/ld+json\" class=\"yoast-schema-graph\">{\"@context\":\"https:\/\/schema.org\",\"@graph\":[{\"@type\":\"Article\",\"@id\":\"https:\/\/noticiasemdestaque.com\/cd\/?p=25139#article\",\"isPartOf\":{\"@id\":\"https:\/\/noticiasemdestaque.com\/cd\/?p=25139\"},\"author\":{\"name\":\"Not\u00edcias em Destaque\",\"@id\":\"https:\/\/noticiasemdestaque.com\/cd\/#\/schema\/person\/4a81fb71f77579d059c3045891fa1786\"},\"headline\":\"PRF n\u00e3o autoriza Prefeitura de Sum\u00e9 a realizar barreiras sanit\u00e1rias na BR 412\",\"datePublished\":\"2020-06-01T21:59:28+00:00\",\"mainEntityOfPage\":{\"@id\":\"https:\/\/noticiasemdestaque.com\/cd\/?p=25139\"},\"wordCount\":314,\"publisher\":{\"@id\":\"https:\/\/noticiasemdestaque.com\/cd\/#organization\"},\"image\":{\"@id\":\"https:\/\/noticiasemdestaque.com\/cd\/?p=25139#primaryimage\"},\"thumbnailUrl\":\"https:\/\/noticiasemdestaque.com\/cd\/wp-content\/uploads\/2020\/06\/Of\u00edcio-PRF.png\",\"articleSection\":[\"Pol\u00edtica\"],\"inLanguage\":\"pt-BR\"},{\"@type\":\"WebPage\",\"@id\":\"https:\/\/noticiasemdestaque.com\/cd\/?p=25139\",\"url\":\"https:\/\/noticiasemdestaque.com\/cd\/?p=25139\",\"name\":\"PRF n\u00e3o autoriza Prefeitura de Sum\u00e9 a realizar barreiras sanit\u00e1rias na BR 412 - Not&iacute;cias em Destaque\",\"isPartOf\":{\"@id\":\"https:\/\/noticiasemdestaque.com\/cd\/#website\"},\"primaryImageOfPage\":{\"@id\":\"https:\/\/noticiasemdestaque.com\/cd\/?p=25139#primaryimage\"},\"image\":{\"@id\":\"https:\/\/noticiasemdestaque.com\/cd\/?p=25139#primaryimage\"},\"thumbnailUrl\":\"https:\/\/noticiasemdestaque.com\/cd\/wp-content\/uploads\/2020\/06\/Of\u00edcio-PRF.png\",\"datePublished\":\"2020-06-01T21:59:28+00:00\",\"breadcrumb\":{\"@id\":\"https:\/\/noticiasemdestaque.com\/cd\/?p=25139#breadcrumb\"},\"inLanguage\":\"pt-BR\",\"potentialAction\":[{\"@type\":\"ReadAction\",\"target\":[\"https:\/\/noticiasemdestaque.com\/cd\/?p=25139\"]}]},{\"@type\":\"ImageObject\",\"inLanguage\":\"pt-BR\",\"@id\":\"https:\/\/noticiasemdestaque.com\/cd\/?p=25139#primaryimage\",\"url\":\"https:\/\/noticiasemdestaque.com\/cd\/wp-content\/uploads\/2020\/06\/Of\u00edcio-PRF.png\",\"contentUrl\":\"https:\/\/noticiasemdestaque.com\/cd\/wp-content\/uploads\/2020\/06\/Of\u00edcio-PRF.png\",\"width\":800,\"height\":600},{\"@type\":\"BreadcrumbList\",\"@id\":\"https:\/\/noticiasemdestaque.com\/cd\/?p=25139#breadcrumb\",\"itemListElement\":[{\"@type\":\"ListItem\",\"position\":1,\"name\":\"In\u00edcio\",\"item\":\"https:\/\/noticiasemdestaque.com\/cd\/\"},{\"@type\":\"ListItem\",\"position\":2,\"name\":\"PRF n\u00e3o autoriza Prefeitura de Sum\u00e9 a realizar barreiras sanit\u00e1rias na BR 412\"}]},{\"@type\":\"WebSite\",\"@id\":\"https:\/\/noticiasemdestaque.com\/cd\/#website\",\"url\":\"https:\/\/noticiasemdestaque.com\/cd\/\",\"name\":\"Not&iacute;cias em Destaque\",\"description\":\"\",\"publisher\":{\"@id\":\"https:\/\/noticiasemdestaque.com\/cd\/#organization\"},\"potentialAction\":[{\"@type\":\"SearchAction\",\"target\":{\"@type\":\"EntryPoint\",\"urlTemplate\":\"https:\/\/noticiasemdestaque.com\/cd\/?s={search_term_string}\"},\"query-input\":{\"@type\":\"PropertyValueSpecification\",\"valueRequired\":true,\"valueName\":\"search_term_string\"}}],\"inLanguage\":\"pt-BR\"},{\"@type\":\"Organization\",\"@id\":\"https:\/\/noticiasemdestaque.com\/cd\/#organization\",\"name\":\"Not\u00edcias em Destaque\",\"url\":\"https:\/\/noticiasemdestaque.com\/cd\/\",\"logo\":{\"@type\":\"ImageObject\",\"inLanguage\":\"pt-BR\",\"@id\":\"https:\/\/noticiasemdestaque.com\/cd\/#\/schema\/logo\/image\/\",\"url\":\"https:\/\/noticiasemdestaque.com\/cd\/wp-content\/uploads\/2022\/05\/imagem-base-noticiasemdestaque.png\",\"contentUrl\":\"https:\/\/noticiasemdestaque.com\/cd\/wp-content\/uploads\/2022\/05\/imagem-base-noticiasemdestaque.png\",\"width\":1200,\"height\":630,\"caption\":\"Not\u00edcias em Destaque\"},\"image\":{\"@id\":\"https:\/\/noticiasemdestaque.com\/cd\/#\/schema\/logo\/image\/\"}},{\"@type\":\"Person\",\"@id\":\"https:\/\/noticiasemdestaque.com\/cd\/#\/schema\/person\/4a81fb71f77579d059c3045891fa1786\",\"name\":\"Not\u00edcias em Destaque\",\"url\":\"https:\/\/noticiasemdestaque.com\/cd\/?author=2\"}]}<\/script>\n<!-- \/ Yoast SEO plugin. -->","yoast_head_json":{"title":"PRF n\u00e3o autoriza Prefeitura de Sum\u00e9 a realizar barreiras sanit\u00e1rias na BR 412 - Not&iacute;cias em Destaque","robots":{"index":"index","follow":"follow","max-snippet":"max-snippet:-1","max-image-preview":"max-image-preview:large","max-video-preview":"max-video-preview:-1"},"canonical":"https:\/\/noticiasemdestaque.com\/cd\/?p=25139","og_locale":"pt_BR","og_type":"article","og_title":"PRF n\u00e3o autoriza Prefeitura de Sum\u00e9 a realizar barreiras sanit\u00e1rias na BR 412 - Not&iacute;cias em Destaque","og_description":"A Pol\u00edcia Rodovi\u00e1ria Federal, atrav\u00e9s da Superintend\u00eancia Regional, comunicou neste domingo (31) \u00e0 Prefeitura de Sum\u00e9, a impossibilidade do munic\u00edpio realizar barreiras sanit\u00e1rias na BR 412. A PRF declarou que entende a import\u00e2ncia do munic\u00edpio em somar esfor\u00e7os para enfrentamento \u00e0 Covid-19, mas n\u00e3o recomenda tais barreiras na BR. Para a realiza\u00e7\u00e3o das barreiras seria necess\u00e1ria a presen\u00e7a da PRF, considerando que o munic\u00edpio de Sum\u00e9 \u00e9 cortado pela Rodovia Federal 412. A PRF informou que no momento, h\u00e1 em execu\u00e7\u00e3o, 8 barreiras sanit\u00e1rias nos limites com os Estados do Rio Grande do Norte, Pernambuco e Cear\u00e1, onde policiais rodovi\u00e1rios se fazem presentes. Somadas \u00e0s demais atribui\u00e7\u00f5es que s\u00e3o executadas cotidianamente pela PRF, como os atendimentos aos acidentes, enfrentamento aos crimes e as fiscaliza\u00e7\u00f5es de normas de tr\u00e2nsito, n\u00e3o h\u00e1 equipe suficiente na Pol\u00edcia que possa atender a demanda do munic\u00edpio de Sum\u00e9. Outro ponto destacado pela Pol\u00edcia Rodovi\u00e1ria Federal se trata da seguran\u00e7a no tr\u00e2nsito, \u00e9 importante preservar a integridade f\u00edsica dos profissionais que est\u00e3o nas barreiras, estas que muitas vezes s\u00e3o interpretadas como bloqueios policiais por criminosos que trafegam pelas rodovias. A PRF tamb\u00e9m justificou que o transporte rodovi\u00e1rio de cargas pode ser prejudicado, causando lentid\u00e3o no fluxo de ve\u00edculos, considerando as diversas barreiras sanit\u00e1rias j\u00e1 existentes nas rodovias do pa\u00eds, o que pode vir a prejudicar o escoamento de alimentos, medicamentos e equipamentos hospitalares. Com a impossibilidade de realizar as barreiras sanit\u00e1rias na BR-412, a Prefeitura de Sum\u00e9 deslocar\u00e1 as equipes da Vigil\u00e2ncia Epidemiol\u00f3gica a atuarem na PB-214\/sa\u00edda para o Congo e na sa\u00edda para o munic\u00edpio de Amparo. Ascom PMS","og_url":"https:\/\/noticiasemdestaque.com\/cd\/?p=25139","og_site_name":"Not&iacute;cias em Destaque","article_published_time":"2020-06-01T21:59:28+00:00","og_image":[{"width":800,"height":600,"url":"https:\/\/noticiasemdestaque.com\/cd\/wp-content\/uploads\/2020\/06\/Of\u00edcio-PRF.png","type":"image\/png"}],"author":"Not\u00edcias em Destaque","twitter_card":"summary_large_image","twitter_misc":{"Escrito por":"Not\u00edcias em Destaque","Est. tempo de leitura":"2 minutos"},"schema":{"@context":"https:\/\/schema.org","@graph":[{"@type":"Article","@id":"https:\/\/noticiasemdestaque.com\/cd\/?p=25139#article","isPartOf":{"@id":"https:\/\/noticiasemdestaque.com\/cd\/?p=25139"},"author":{"name":"Not\u00edcias em Destaque","@id":"https:\/\/noticiasemdestaque.com\/cd\/#\/schema\/person\/4a81fb71f77579d059c3045891fa1786"},"headline":"PRF n\u00e3o autoriza Prefeitura de Sum\u00e9 a realizar barreiras sanit\u00e1rias na BR 412","datePublished":"2020-06-01T21:59:28+00:00","mainEntityOfPage":{"@id":"https:\/\/noticiasemdestaque.com\/cd\/?p=25139"},"wordCount":314,"publisher":{"@id":"https:\/\/noticiasemdestaque.com\/cd\/#organization"},"image":{"@id":"https:\/\/noticiasemdestaque.com\/cd\/?p=25139#primaryimage"},"thumbnailUrl":"https:\/\/noticiasemdestaque.com\/cd\/wp-content\/uploads\/2020\/06\/Of\u00edcio-PRF.png","articleSection":["Pol\u00edtica"],"inLanguage":"pt-BR"},{"@type":"WebPage","@id":"https:\/\/noticiasemdestaque.com\/cd\/?p=25139","url":"https:\/\/noticiasemdestaque.com\/cd\/?p=25139","name":"PRF n\u00e3o autoriza Prefeitura de Sum\u00e9 a realizar barreiras sanit\u00e1rias na BR 412 - Not&iacute;cias em Destaque","isPartOf":{"@id":"https:\/\/noticiasemdestaque.com\/cd\/#website"},"primaryImageOfPage":{"@id":"https:\/\/noticiasemdestaque.com\/cd\/?p=25139#primaryimage"},"image":{"@id":"https:\/\/noticiasemdestaque.com\/cd\/?p=25139#primaryimage"},"thumbnailUrl":"https:\/\/noticiasemdestaque.com\/cd\/wp-content\/uploads\/2020\/06\/Of\u00edcio-PRF.png","datePublished":"2020-06-01T21:59:28+00:00","breadcrumb":{"@id":"https:\/\/noticiasemdestaque.com\/cd\/?p=25139#breadcrumb"},"inLanguage":"pt-BR","potentialAction":[{"@type":"ReadAction","target":["https:\/\/noticiasemdestaque.com\/cd\/?p=25139"]}]},{"@type":"ImageObject","inLanguage":"pt-BR","@id":"https:\/\/noticiasemdestaque.com\/cd\/?p=25139#primaryimage","url":"https:\/\/noticiasemdestaque.com\/cd\/wp-content\/uploads\/2020\/06\/Of\u00edcio-PRF.png","contentUrl":"https:\/\/noticiasemdestaque.com\/cd\/wp-content\/uploads\/2020\/06\/Of\u00edcio-PRF.png","width":800,"height":600},{"@type":"BreadcrumbList","@id":"https:\/\/noticiasemdestaque.com\/cd\/?p=25139#breadcrumb","itemListElement":[{"@type":"ListItem","position":1,"name":"In\u00edcio","item":"https:\/\/noticiasemdestaque.com\/cd\/"},{"@type":"ListItem","position":2,"name":"PRF n\u00e3o autoriza Prefeitura de Sum\u00e9 a realizar barreiras sanit\u00e1rias na BR 412"}]},{"@type":"WebSite","@id":"https:\/\/noticiasemdestaque.com\/cd\/#website","url":"https:\/\/noticiasemdestaque.com\/cd\/","name":"Not&iacute;cias em Destaque","description":"","publisher":{"@id":"https:\/\/noticiasemdestaque.com\/cd\/#organization"},"potentialAction":[{"@type":"SearchAction","target":{"@type":"EntryPoint","urlTemplate":"https:\/\/noticiasemdestaque.com\/cd\/?s={search_term_string}"},"query-input":{"@type":"PropertyValueSpecification","valueRequired":true,"valueName":"search_term_string"}}],"inLanguage":"pt-BR"},{"@type":"Organization","@id":"https:\/\/noticiasemdestaque.com\/cd\/#organization","name":"Not\u00edcias em Destaque","url":"https:\/\/noticiasemdestaque.com\/cd\/","logo":{"@type":"ImageObject","inLanguage":"pt-BR","@id":"https:\/\/noticiasemdestaque.com\/cd\/#\/schema\/logo\/image\/","url":"https:\/\/noticiasemdestaque.com\/cd\/wp-content\/uploads\/2022\/05\/imagem-base-noticiasemdestaque.png","contentUrl":"https:\/\/noticiasemdestaque.com\/cd\/wp-content\/uploads\/2022\/05\/imagem-base-noticiasemdestaque.png","width":1200,"height":630,"caption":"Not\u00edcias em Destaque"},"image":{"@id":"https:\/\/noticiasemdestaque.com\/cd\/#\/schema\/logo\/image\/"}},{"@type":"Person","@id":"https:\/\/noticiasemdestaque.com\/cd\/#\/schema\/person\/4a81fb71f77579d059c3045891fa1786","name":"Not\u00edcias em Destaque","url":"https:\/\/noticiasemdestaque.com\/cd\/?author=2"}]}},"jetpack_featured_media_url":"https:\/\/noticiasemdestaque.com\/cd\/wp-content\/uploads\/2020\/06\/Of\u00edcio-PRF.png","jetpack_sharing_enabled":true,"_links":{"self":[{"href":"https:\/\/noticiasemdestaque.com\/cd\/index.php?rest_route=\/wp\/v2\/posts\/25139","targetHints":{"allow":["GET"]}}],"collection":[{"href":"https:\/\/noticiasemdestaque.com\/cd\/index.php?rest_route=\/wp\/v2\/posts"}],"about":[{"href":"https:\/\/noticiasemdestaque.com\/cd\/index.php?rest_route=\/wp\/v2\/types\/post"}],"author":[{"embeddable":true,"href":"https:\/\/noticiasemdestaque.com\/cd\/index.php?rest_route=\/wp\/v2\/users\/2"}],"replies":[{"embeddable":true,"href":"https:\/\/noticiasemdestaque.com\/cd\/index.php?rest_route=%2Fwp%2Fv2%2Fcomments&post=25139"}],"version-history":[{"count":1,"href":"https:\/\/noticiasemdestaque.com\/cd\/index.php?rest_route=\/wp\/v2\/posts\/25139\/revisions"}],"predecessor-version":[{"id":25141,"href":"https:\/\/noticiasemdestaque.com\/cd\/index.php?rest_route=\/wp\/v2\/posts\/25139\/revisions\/25141"}],"wp:featuredmedia":[{"embeddable":true,"href":"https:\/\/noticiasemdestaque.com\/cd\/index.php?rest_route=\/wp\/v2\/media\/25140"}],"wp:attachment":[{"href":"https:\/\/noticiasemdestaque.com\/cd\/index.php?rest_route=%2Fwp%2Fv2%2Fmedia&parent=25139"}],"wp:term":[{"taxonomy":"category","embeddable":true,"href":"https:\/\/noticiasemdestaque.com\/cd\/index.php?rest_route=%2Fwp%2Fv2%2Fcategories&post=25139"},{"taxonomy":"post_tag","embeddable":true,"href":"https:\/\/noticiasemdestaque.com\/cd\/index.php?rest_route=%2Fwp%2Fv2%2Ftags&post=25139"}],"curies":[{"name":"wp","href":"https:\/\/api.w.org\/{rel}","templated":true}]}}