{"id":25119,"date":"2020-05-28T20:40:03","date_gmt":"2020-05-28T23:40:03","guid":{"rendered":"http:\/\/noticiasemdestaque.com\/cd\/?p=25119"},"modified":"2020-05-28T20:40:03","modified_gmt":"2020-05-28T23:40:03","slug":"secretaria-de-saude-do-congo-esta-curada-da-covid-19","status":"publish","type":"post","link":"https:\/\/noticiasemdestaque.com\/cd\/?p=25119","title":{"rendered":"Secret\u00e1ria de Sa\u00fade do Congo est\u00e1 curada da Covid-19"},"content":{"rendered":"<p><a href=\"https:\/\/noticiasemdestaque.com\/cd\/wp-content\/uploads\/2020\/05\/img_202005282025Db8j.jpeg\"><img fetchpriority=\"high\" decoding=\"async\" class=\"wp-image-25120 aligncenter\" src=\"https:\/\/noticiasemdestaque.com\/cd\/wp-content\/uploads\/2020\/05\/img_202005282025Db8j-768x1024.jpeg\" alt=\"\" width=\"471\" height=\"628\" srcset=\"https:\/\/noticiasemdestaque.com\/cd\/wp-content\/uploads\/2020\/05\/img_202005282025Db8j-768x1024.jpeg 768w, https:\/\/noticiasemdestaque.com\/cd\/wp-content\/uploads\/2020\/05\/img_202005282025Db8j-225x300.jpeg 225w, https:\/\/noticiasemdestaque.com\/cd\/wp-content\/uploads\/2020\/05\/img_202005282025Db8j.jpeg 780w\" sizes=\"(max-width: 471px) 100vw, 471px\" \/><\/a><\/p>\n<p>Depois de 14 dias de isolamento domiciliar por ter sido diagnosticada com Convid-19 ap\u00f3s testagem positiva, a secret\u00e1ria de sa\u00fade do Congo Leandra de Moura Cal\u00fa est\u00e1 curada e volta \u00e0s atividades na secretaria, para liderar sua equipe no combate ao coronav\u00edrus.<\/p>\n<p>Leandra foi recebida com entusiasmo pela equipe da secretaria e logo cedo iniciou os despachos e a dar vas\u00e3o \u00e0s demandas da sua pasta. Mesmo isolada pelos \u00faltimos 14 dias, a secret\u00e1ria seguiu trabalhando de modo home office. A partir de hoje volta ao trabalho presencial.<\/p>\n<p>O paciente diagnosticado com Covid-19 que ap\u00f3s 14 dias n\u00e3o apresenta mais sintomas da doen\u00e7a, est\u00e1 recuperado\/curado, conforme o protocolo do Minist\u00e9rio da Sa\u00fade.<\/p>\n<p>O munic\u00edpio do Congo registra at\u00e9 o momento 11 casos confirmados da Covid-19. Desses, 9 est\u00e3o recuperados e houve tamb\u00e9m 1 \u00f3bito. 1 dos confirmados ainda cumpre isolamento domiciliar.<\/p>\n<p><em><strong>Not\u00edcias em Destaque<\/strong><\/em><\/p>\n<p>Com Ascom<\/p>\n","protected":false},"excerpt":{"rendered":"<p>Depois de 14 dias de isolamento domiciliar por ter sido diagnosticada com Convid-19 ap\u00f3s testagem positiva, a secret\u00e1ria de sa\u00fade do Congo Leandra de Moura Cal\u00fa est\u00e1 curada e volta \u00e0s atividades na secretaria, para liderar sua equipe no combate ao coronav\u00edrus. Leandra foi recebida com entusiasmo pela equipe da secretaria e logo cedo iniciou os despachos e a dar vas\u00e3o \u00e0s demandas da sua pasta. Mesmo isolada pelos \u00faltimos 14 dias, a secret\u00e1ria seguiu trabalhando de modo home office. A partir de hoje volta ao trabalho presencial. O paciente diagnosticado com Covid-19 que ap\u00f3s 14 dias n\u00e3o apresenta mais sintomas da doen\u00e7a, est\u00e1 recuperado\/curado, conforme o protocolo do Minist\u00e9rio da Sa\u00fade. O munic\u00edpio do Congo registra at\u00e9 o momento 11 casos confirmados da Covid-19. Desses, 9 est\u00e3o recuperados e houve tamb\u00e9m 1 \u00f3bito. 1 dos confirmados ainda cumpre isolamento domiciliar. Not\u00edcias em Destaque Com Ascom<\/p>\n","protected":false},"author":2,"featured_media":25120,"comment_status":"closed","ping_status":"open","sticky":false,"template":"","format":"standard","meta":{"_eb_attr":"","_jetpack_memberships_contains_paid_content":false,"footnotes":""},"categories":[4],"tags":[],"class_list":["post-25119","post","type-post","status-publish","format-standard","has-post-thumbnail","hentry","category-politica"],"yoast_head":"<!-- This site is optimized with the Yoast SEO plugin v26.5 - https:\/\/yoast.com\/wordpress\/plugins\/seo\/ -->\n<title>Secret\u00e1ria de Sa\u00fade do Congo est\u00e1 curada da Covid-19 - Not&iacute;cias em Destaque<\/title>\n<meta name=\"robots\" content=\"index, follow, max-snippet:-1, max-image-preview:large, max-video-preview:-1\" \/>\n<link rel=\"canonical\" href=\"https:\/\/noticiasemdestaque.com\/cd\/?p=25119\" \/>\n<meta property=\"og:locale\" content=\"pt_BR\" \/>\n<meta property=\"og:type\" content=\"article\" \/>\n<meta property=\"og:title\" content=\"Secret\u00e1ria de Sa\u00fade do Congo est\u00e1 curada da Covid-19 - Not&iacute;cias em Destaque\" \/>\n<meta property=\"og:description\" content=\"Depois de 14 dias de isolamento domiciliar por ter sido diagnosticada com Convid-19 ap\u00f3s testagem positiva, a secret\u00e1ria de sa\u00fade do Congo Leandra de Moura Cal\u00fa est\u00e1 curada e volta \u00e0s atividades na secretaria, para liderar sua equipe no combate ao coronav\u00edrus. Leandra foi recebida com entusiasmo pela equipe da secretaria e logo cedo iniciou os despachos e a dar vas\u00e3o \u00e0s demandas da sua pasta. Mesmo isolada pelos \u00faltimos 14 dias, a secret\u00e1ria seguiu trabalhando de modo home office. A partir de hoje volta ao trabalho presencial. O paciente diagnosticado com Covid-19 que ap\u00f3s 14 dias n\u00e3o apresenta mais sintomas da doen\u00e7a, est\u00e1 recuperado\/curado, conforme o protocolo do Minist\u00e9rio da Sa\u00fade. O munic\u00edpio do Congo registra at\u00e9 o momento 11 casos confirmados da Covid-19. Desses, 9 est\u00e3o recuperados e houve tamb\u00e9m 1 \u00f3bito. 1 dos confirmados ainda cumpre isolamento domiciliar. Not\u00edcias em Destaque Com Ascom\" \/>\n<meta property=\"og:url\" content=\"https:\/\/noticiasemdestaque.com\/cd\/?p=25119\" \/>\n<meta property=\"og:site_name\" content=\"Not&iacute;cias em Destaque\" \/>\n<meta property=\"article:published_time\" content=\"2020-05-28T23:40:03+00:00\" \/>\n<meta property=\"og:image\" content=\"https:\/\/noticiasemdestaque.com\/cd\/wp-content\/uploads\/2020\/05\/img_202005282025Db8j.jpeg\" \/>\n\t<meta property=\"og:image:width\" content=\"780\" \/>\n\t<meta property=\"og:image:height\" content=\"1040\" \/>\n\t<meta property=\"og:image:type\" content=\"image\/jpeg\" \/>\n<meta name=\"author\" content=\"Not\u00edcias em Destaque\" \/>\n<meta name=\"twitter:card\" content=\"summary_large_image\" \/>\n<meta name=\"twitter:label1\" content=\"Escrito por\" \/>\n\t<meta name=\"twitter:data1\" content=\"Not\u00edcias em Destaque\" \/>\n\t<meta name=\"twitter:label2\" content=\"Est. tempo de leitura\" \/>\n\t<meta name=\"twitter:data2\" content=\"1 minuto\" \/>\n<script type=\"application\/ld+json\" class=\"yoast-schema-graph\">{\"@context\":\"https:\/\/schema.org\",\"@graph\":[{\"@type\":\"Article\",\"@id\":\"https:\/\/noticiasemdestaque.com\/cd\/?p=25119#article\",\"isPartOf\":{\"@id\":\"https:\/\/noticiasemdestaque.com\/cd\/?p=25119\"},\"author\":{\"name\":\"Not\u00edcias em Destaque\",\"@id\":\"https:\/\/noticiasemdestaque.com\/cd\/#\/schema\/person\/4a81fb71f77579d059c3045891fa1786\"},\"headline\":\"Secret\u00e1ria de Sa\u00fade do Congo est\u00e1 curada da Covid-19\",\"datePublished\":\"2020-05-28T23:40:03+00:00\",\"mainEntityOfPage\":{\"@id\":\"https:\/\/noticiasemdestaque.com\/cd\/?p=25119\"},\"wordCount\":166,\"publisher\":{\"@id\":\"https:\/\/noticiasemdestaque.com\/cd\/#organization\"},\"image\":{\"@id\":\"https:\/\/noticiasemdestaque.com\/cd\/?p=25119#primaryimage\"},\"thumbnailUrl\":\"https:\/\/noticiasemdestaque.com\/cd\/wp-content\/uploads\/2020\/05\/img_202005282025Db8j.jpeg\",\"articleSection\":[\"Pol\u00edtica\"],\"inLanguage\":\"pt-BR\"},{\"@type\":\"WebPage\",\"@id\":\"https:\/\/noticiasemdestaque.com\/cd\/?p=25119\",\"url\":\"https:\/\/noticiasemdestaque.com\/cd\/?p=25119\",\"name\":\"Secret\u00e1ria de Sa\u00fade do Congo est\u00e1 curada da Covid-19 - Not&iacute;cias em Destaque\",\"isPartOf\":{\"@id\":\"https:\/\/noticiasemdestaque.com\/cd\/#website\"},\"primaryImageOfPage\":{\"@id\":\"https:\/\/noticiasemdestaque.com\/cd\/?p=25119#primaryimage\"},\"image\":{\"@id\":\"https:\/\/noticiasemdestaque.com\/cd\/?p=25119#primaryimage\"},\"thumbnailUrl\":\"https:\/\/noticiasemdestaque.com\/cd\/wp-content\/uploads\/2020\/05\/img_202005282025Db8j.jpeg\",\"datePublished\":\"2020-05-28T23:40:03+00:00\",\"breadcrumb\":{\"@id\":\"https:\/\/noticiasemdestaque.com\/cd\/?p=25119#breadcrumb\"},\"inLanguage\":\"pt-BR\",\"potentialAction\":[{\"@type\":\"ReadAction\",\"target\":[\"https:\/\/noticiasemdestaque.com\/cd\/?p=25119\"]}]},{\"@type\":\"ImageObject\",\"inLanguage\":\"pt-BR\",\"@id\":\"https:\/\/noticiasemdestaque.com\/cd\/?p=25119#primaryimage\",\"url\":\"https:\/\/noticiasemdestaque.com\/cd\/wp-content\/uploads\/2020\/05\/img_202005282025Db8j.jpeg\",\"contentUrl\":\"https:\/\/noticiasemdestaque.com\/cd\/wp-content\/uploads\/2020\/05\/img_202005282025Db8j.jpeg\",\"width\":780,\"height\":1040},{\"@type\":\"BreadcrumbList\",\"@id\":\"https:\/\/noticiasemdestaque.com\/cd\/?p=25119#breadcrumb\",\"itemListElement\":[{\"@type\":\"ListItem\",\"position\":1,\"name\":\"In\u00edcio\",\"item\":\"https:\/\/noticiasemdestaque.com\/cd\/\"},{\"@type\":\"ListItem\",\"position\":2,\"name\":\"Secret\u00e1ria de Sa\u00fade do Congo est\u00e1 curada da Covid-19\"}]},{\"@type\":\"WebSite\",\"@id\":\"https:\/\/noticiasemdestaque.com\/cd\/#website\",\"url\":\"https:\/\/noticiasemdestaque.com\/cd\/\",\"name\":\"Not&iacute;cias em Destaque\",\"description\":\"\",\"publisher\":{\"@id\":\"https:\/\/noticiasemdestaque.com\/cd\/#organization\"},\"potentialAction\":[{\"@type\":\"SearchAction\",\"target\":{\"@type\":\"EntryPoint\",\"urlTemplate\":\"https:\/\/noticiasemdestaque.com\/cd\/?s={search_term_string}\"},\"query-input\":{\"@type\":\"PropertyValueSpecification\",\"valueRequired\":true,\"valueName\":\"search_term_string\"}}],\"inLanguage\":\"pt-BR\"},{\"@type\":\"Organization\",\"@id\":\"https:\/\/noticiasemdestaque.com\/cd\/#organization\",\"name\":\"Not\u00edcias em Destaque\",\"url\":\"https:\/\/noticiasemdestaque.com\/cd\/\",\"logo\":{\"@type\":\"ImageObject\",\"inLanguage\":\"pt-BR\",\"@id\":\"https:\/\/noticiasemdestaque.com\/cd\/#\/schema\/logo\/image\/\",\"url\":\"https:\/\/noticiasemdestaque.com\/cd\/wp-content\/uploads\/2022\/05\/imagem-base-noticiasemdestaque.png\",\"contentUrl\":\"https:\/\/noticiasemdestaque.com\/cd\/wp-content\/uploads\/2022\/05\/imagem-base-noticiasemdestaque.png\",\"width\":1200,\"height\":630,\"caption\":\"Not\u00edcias em Destaque\"},\"image\":{\"@id\":\"https:\/\/noticiasemdestaque.com\/cd\/#\/schema\/logo\/image\/\"}},{\"@type\":\"Person\",\"@id\":\"https:\/\/noticiasemdestaque.com\/cd\/#\/schema\/person\/4a81fb71f77579d059c3045891fa1786\",\"name\":\"Not\u00edcias em Destaque\",\"url\":\"https:\/\/noticiasemdestaque.com\/cd\/?author=2\"}]}<\/script>\n<!-- \/ Yoast SEO plugin. -->","yoast_head_json":{"title":"Secret\u00e1ria de Sa\u00fade do Congo est\u00e1 curada da Covid-19 - Not&iacute;cias em Destaque","robots":{"index":"index","follow":"follow","max-snippet":"max-snippet:-1","max-image-preview":"max-image-preview:large","max-video-preview":"max-video-preview:-1"},"canonical":"https:\/\/noticiasemdestaque.com\/cd\/?p=25119","og_locale":"pt_BR","og_type":"article","og_title":"Secret\u00e1ria de Sa\u00fade do Congo est\u00e1 curada da Covid-19 - Not&iacute;cias em Destaque","og_description":"Depois de 14 dias de isolamento domiciliar por ter sido diagnosticada com Convid-19 ap\u00f3s testagem positiva, a secret\u00e1ria de sa\u00fade do Congo Leandra de Moura Cal\u00fa est\u00e1 curada e volta \u00e0s atividades na secretaria, para liderar sua equipe no combate ao coronav\u00edrus. Leandra foi recebida com entusiasmo pela equipe da secretaria e logo cedo iniciou os despachos e a dar vas\u00e3o \u00e0s demandas da sua pasta. Mesmo isolada pelos \u00faltimos 14 dias, a secret\u00e1ria seguiu trabalhando de modo home office. A partir de hoje volta ao trabalho presencial. O paciente diagnosticado com Covid-19 que ap\u00f3s 14 dias n\u00e3o apresenta mais sintomas da doen\u00e7a, est\u00e1 recuperado\/curado, conforme o protocolo do Minist\u00e9rio da Sa\u00fade. O munic\u00edpio do Congo registra at\u00e9 o momento 11 casos confirmados da Covid-19. Desses, 9 est\u00e3o recuperados e houve tamb\u00e9m 1 \u00f3bito. 1 dos confirmados ainda cumpre isolamento domiciliar. Not\u00edcias em Destaque Com Ascom","og_url":"https:\/\/noticiasemdestaque.com\/cd\/?p=25119","og_site_name":"Not&iacute;cias em Destaque","article_published_time":"2020-05-28T23:40:03+00:00","og_image":[{"width":780,"height":1040,"url":"https:\/\/noticiasemdestaque.com\/cd\/wp-content\/uploads\/2020\/05\/img_202005282025Db8j.jpeg","type":"image\/jpeg"}],"author":"Not\u00edcias em Destaque","twitter_card":"summary_large_image","twitter_misc":{"Escrito por":"Not\u00edcias em Destaque","Est. tempo de leitura":"1 minuto"},"schema":{"@context":"https:\/\/schema.org","@graph":[{"@type":"Article","@id":"https:\/\/noticiasemdestaque.com\/cd\/?p=25119#article","isPartOf":{"@id":"https:\/\/noticiasemdestaque.com\/cd\/?p=25119"},"author":{"name":"Not\u00edcias em Destaque","@id":"https:\/\/noticiasemdestaque.com\/cd\/#\/schema\/person\/4a81fb71f77579d059c3045891fa1786"},"headline":"Secret\u00e1ria de Sa\u00fade do Congo est\u00e1 curada da Covid-19","datePublished":"2020-05-28T23:40:03+00:00","mainEntityOfPage":{"@id":"https:\/\/noticiasemdestaque.com\/cd\/?p=25119"},"wordCount":166,"publisher":{"@id":"https:\/\/noticiasemdestaque.com\/cd\/#organization"},"image":{"@id":"https:\/\/noticiasemdestaque.com\/cd\/?p=25119#primaryimage"},"thumbnailUrl":"https:\/\/noticiasemdestaque.com\/cd\/wp-content\/uploads\/2020\/05\/img_202005282025Db8j.jpeg","articleSection":["Pol\u00edtica"],"inLanguage":"pt-BR"},{"@type":"WebPage","@id":"https:\/\/noticiasemdestaque.com\/cd\/?p=25119","url":"https:\/\/noticiasemdestaque.com\/cd\/?p=25119","name":"Secret\u00e1ria de Sa\u00fade do Congo est\u00e1 curada da Covid-19 - Not&iacute;cias em Destaque","isPartOf":{"@id":"https:\/\/noticiasemdestaque.com\/cd\/#website"},"primaryImageOfPage":{"@id":"https:\/\/noticiasemdestaque.com\/cd\/?p=25119#primaryimage"},"image":{"@id":"https:\/\/noticiasemdestaque.com\/cd\/?p=25119#primaryimage"},"thumbnailUrl":"https:\/\/noticiasemdestaque.com\/cd\/wp-content\/uploads\/2020\/05\/img_202005282025Db8j.jpeg","datePublished":"2020-05-28T23:40:03+00:00","breadcrumb":{"@id":"https:\/\/noticiasemdestaque.com\/cd\/?p=25119#breadcrumb"},"inLanguage":"pt-BR","potentialAction":[{"@type":"ReadAction","target":["https:\/\/noticiasemdestaque.com\/cd\/?p=25119"]}]},{"@type":"ImageObject","inLanguage":"pt-BR","@id":"https:\/\/noticiasemdestaque.com\/cd\/?p=25119#primaryimage","url":"https:\/\/noticiasemdestaque.com\/cd\/wp-content\/uploads\/2020\/05\/img_202005282025Db8j.jpeg","contentUrl":"https:\/\/noticiasemdestaque.com\/cd\/wp-content\/uploads\/2020\/05\/img_202005282025Db8j.jpeg","width":780,"height":1040},{"@type":"BreadcrumbList","@id":"https:\/\/noticiasemdestaque.com\/cd\/?p=25119#breadcrumb","itemListElement":[{"@type":"ListItem","position":1,"name":"In\u00edcio","item":"https:\/\/noticiasemdestaque.com\/cd\/"},{"@type":"ListItem","position":2,"name":"Secret\u00e1ria de Sa\u00fade do Congo est\u00e1 curada da Covid-19"}]},{"@type":"WebSite","@id":"https:\/\/noticiasemdestaque.com\/cd\/#website","url":"https:\/\/noticiasemdestaque.com\/cd\/","name":"Not&iacute;cias em Destaque","description":"","publisher":{"@id":"https:\/\/noticiasemdestaque.com\/cd\/#organization"},"potentialAction":[{"@type":"SearchAction","target":{"@type":"EntryPoint","urlTemplate":"https:\/\/noticiasemdestaque.com\/cd\/?s={search_term_string}"},"query-input":{"@type":"PropertyValueSpecification","valueRequired":true,"valueName":"search_term_string"}}],"inLanguage":"pt-BR"},{"@type":"Organization","@id":"https:\/\/noticiasemdestaque.com\/cd\/#organization","name":"Not\u00edcias em Destaque","url":"https:\/\/noticiasemdestaque.com\/cd\/","logo":{"@type":"ImageObject","inLanguage":"pt-BR","@id":"https:\/\/noticiasemdestaque.com\/cd\/#\/schema\/logo\/image\/","url":"https:\/\/noticiasemdestaque.com\/cd\/wp-content\/uploads\/2022\/05\/imagem-base-noticiasemdestaque.png","contentUrl":"https:\/\/noticiasemdestaque.com\/cd\/wp-content\/uploads\/2022\/05\/imagem-base-noticiasemdestaque.png","width":1200,"height":630,"caption":"Not\u00edcias em Destaque"},"image":{"@id":"https:\/\/noticiasemdestaque.com\/cd\/#\/schema\/logo\/image\/"}},{"@type":"Person","@id":"https:\/\/noticiasemdestaque.com\/cd\/#\/schema\/person\/4a81fb71f77579d059c3045891fa1786","name":"Not\u00edcias em Destaque","url":"https:\/\/noticiasemdestaque.com\/cd\/?author=2"}]}},"jetpack_featured_media_url":"https:\/\/noticiasemdestaque.com\/cd\/wp-content\/uploads\/2020\/05\/img_202005282025Db8j.jpeg","jetpack_sharing_enabled":true,"_links":{"self":[{"href":"https:\/\/noticiasemdestaque.com\/cd\/index.php?rest_route=\/wp\/v2\/posts\/25119","targetHints":{"allow":["GET"]}}],"collection":[{"href":"https:\/\/noticiasemdestaque.com\/cd\/index.php?rest_route=\/wp\/v2\/posts"}],"about":[{"href":"https:\/\/noticiasemdestaque.com\/cd\/index.php?rest_route=\/wp\/v2\/types\/post"}],"author":[{"embeddable":true,"href":"https:\/\/noticiasemdestaque.com\/cd\/index.php?rest_route=\/wp\/v2\/users\/2"}],"replies":[{"embeddable":true,"href":"https:\/\/noticiasemdestaque.com\/cd\/index.php?rest_route=%2Fwp%2Fv2%2Fcomments&post=25119"}],"version-history":[{"count":1,"href":"https:\/\/noticiasemdestaque.com\/cd\/index.php?rest_route=\/wp\/v2\/posts\/25119\/revisions"}],"predecessor-version":[{"id":25121,"href":"https:\/\/noticiasemdestaque.com\/cd\/index.php?rest_route=\/wp\/v2\/posts\/25119\/revisions\/25121"}],"wp:featuredmedia":[{"embeddable":true,"href":"https:\/\/noticiasemdestaque.com\/cd\/index.php?rest_route=\/wp\/v2\/media\/25120"}],"wp:attachment":[{"href":"https:\/\/noticiasemdestaque.com\/cd\/index.php?rest_route=%2Fwp%2Fv2%2Fmedia&parent=25119"}],"wp:term":[{"taxonomy":"category","embeddable":true,"href":"https:\/\/noticiasemdestaque.com\/cd\/index.php?rest_route=%2Fwp%2Fv2%2Fcategories&post=25119"},{"taxonomy":"post_tag","embeddable":true,"href":"https:\/\/noticiasemdestaque.com\/cd\/index.php?rest_route=%2Fwp%2Fv2%2Ftags&post=25119"}],"curies":[{"name":"wp","href":"https:\/\/api.w.org\/{rel}","templated":true}]}}