{"id":25113,"date":"2020-05-28T18:46:20","date_gmt":"2020-05-28T21:46:20","guid":{"rendered":"http:\/\/noticiasemdestaque.com\/cd\/?p=25113"},"modified":"2020-05-28T18:46:20","modified_gmt":"2020-05-28T21:46:20","slug":"saude-de-sume-aplica-testes-de-covid-19-em-caminhoneiros-e-motoristas-de-transportes-alternativos","status":"publish","type":"post","link":"https:\/\/noticiasemdestaque.com\/cd\/?p=25113","title":{"rendered":"Sa\u00fade de Sum\u00e9 aplica testes de covid-19 em caminhoneiros e motoristas de transportes alternativos"},"content":{"rendered":"<p><a href=\"https:\/\/noticiasemdestaque.com\/cd\/wp-content\/uploads\/2020\/05\/banner-teste-covid-1536x862-1-735x450.png\"><img fetchpriority=\"high\" decoding=\"async\" class=\"wp-image-25114 aligncenter\" src=\"https:\/\/noticiasemdestaque.com\/cd\/wp-content\/uploads\/2020\/05\/banner-teste-covid-1536x862-1-735x450.png\" alt=\"\" width=\"546\" height=\"334\" srcset=\"https:\/\/noticiasemdestaque.com\/cd\/wp-content\/uploads\/2020\/05\/banner-teste-covid-1536x862-1-735x450.png 735w, https:\/\/noticiasemdestaque.com\/cd\/wp-content\/uploads\/2020\/05\/banner-teste-covid-1536x862-1-735x450-300x184.png 300w\" sizes=\"(max-width: 546px) 100vw, 546px\" \/><\/a><\/p>\n<p>A Secretaria de Sa\u00fade de Sum\u00e9-PB, come\u00e7ou nesta semana a realizar testes r\u00e1pidos de Covid-19 em caminhoneiros e motoristas de transportes alternativos<strong>.\u00a0<\/strong>O intuito \u00e9 detectar nestas pessoas, que fazem rotas para outras cidades diariamente, uma poss\u00edvel contamina\u00e7\u00e3o por coronav\u00edrus, considerando que a doen\u00e7a se apresenta assintom\u00e1tica em muitas pessoas. Com esta a\u00e7\u00e3o, a Sa\u00fade de Sum\u00e9 evita a propaga\u00e7\u00e3o do v\u00edrus no munic\u00edpio e nas outras cidades.<\/p>\n<p>Para os motoristas que ainda n\u00e3o fizeram o teste r\u00e1pido, a Secretaria de Sa\u00fade pede a estas pessoas que se dirijam \u00e0 unidade b\u00e1sica de sa\u00fade de origem e comuniquem \u00e0 equipe do PSF, que ser\u00e3o devidamente encaminhados para o teste.<\/p>\n<p>Os testes que est\u00e3o sendo aplicados nos motoristas de transportes alternativos e caminhoneiros foram adquiridos pela Prefeitura de Sum\u00e9.<\/p>\n<p>Ascom PMS<\/p>\n","protected":false},"excerpt":{"rendered":"<p>A Secretaria de Sa\u00fade de Sum\u00e9-PB, come\u00e7ou nesta semana a realizar testes r\u00e1pidos de Covid-19 em caminhoneiros e motoristas de transportes alternativos.\u00a0O intuito \u00e9 detectar nestas pessoas, que fazem rotas para outras cidades diariamente, uma poss\u00edvel contamina\u00e7\u00e3o por coronav\u00edrus, considerando que a doen\u00e7a se apresenta assintom\u00e1tica em muitas pessoas. Com esta a\u00e7\u00e3o, a Sa\u00fade de Sum\u00e9 evita a propaga\u00e7\u00e3o do v\u00edrus no munic\u00edpio e nas outras cidades. Para os motoristas que ainda n\u00e3o fizeram o teste r\u00e1pido, a Secretaria de Sa\u00fade pede a estas pessoas que se dirijam \u00e0 unidade b\u00e1sica de sa\u00fade de origem e comuniquem \u00e0 equipe do PSF, que ser\u00e3o devidamente encaminhados para o teste. Os testes que est\u00e3o sendo aplicados nos motoristas de transportes alternativos e caminhoneiros foram adquiridos pela Prefeitura de Sum\u00e9. Ascom PMS<\/p>\n","protected":false},"author":2,"featured_media":25114,"comment_status":"closed","ping_status":"open","sticky":false,"template":"","format":"standard","meta":{"_eb_attr":"","_jetpack_memberships_contains_paid_content":false,"footnotes":""},"categories":[8],"tags":[],"class_list":["post-25113","post","type-post","status-publish","format-standard","has-post-thumbnail","hentry","category-saude"],"yoast_head":"<!-- This site is optimized with the Yoast SEO plugin v26.5 - https:\/\/yoast.com\/wordpress\/plugins\/seo\/ -->\n<title>Sa\u00fade de Sum\u00e9 aplica testes de covid-19 em caminhoneiros e motoristas de transportes alternativos - Not&iacute;cias em Destaque<\/title>\n<meta name=\"robots\" content=\"index, follow, max-snippet:-1, max-image-preview:large, max-video-preview:-1\" \/>\n<link rel=\"canonical\" href=\"https:\/\/noticiasemdestaque.com\/cd\/?p=25113\" \/>\n<meta property=\"og:locale\" content=\"pt_BR\" \/>\n<meta property=\"og:type\" content=\"article\" \/>\n<meta property=\"og:title\" content=\"Sa\u00fade de Sum\u00e9 aplica testes de covid-19 em caminhoneiros e motoristas de transportes alternativos - Not&iacute;cias em Destaque\" \/>\n<meta property=\"og:description\" content=\"A Secretaria de Sa\u00fade de Sum\u00e9-PB, come\u00e7ou nesta semana a realizar testes r\u00e1pidos de Covid-19 em caminhoneiros e motoristas de transportes alternativos.\u00a0O intuito \u00e9 detectar nestas pessoas, que fazem rotas para outras cidades diariamente, uma poss\u00edvel contamina\u00e7\u00e3o por coronav\u00edrus, considerando que a doen\u00e7a se apresenta assintom\u00e1tica em muitas pessoas. Com esta a\u00e7\u00e3o, a Sa\u00fade de Sum\u00e9 evita a propaga\u00e7\u00e3o do v\u00edrus no munic\u00edpio e nas outras cidades. Para os motoristas que ainda n\u00e3o fizeram o teste r\u00e1pido, a Secretaria de Sa\u00fade pede a estas pessoas que se dirijam \u00e0 unidade b\u00e1sica de sa\u00fade de origem e comuniquem \u00e0 equipe do PSF, que ser\u00e3o devidamente encaminhados para o teste. Os testes que est\u00e3o sendo aplicados nos motoristas de transportes alternativos e caminhoneiros foram adquiridos pela Prefeitura de Sum\u00e9. Ascom PMS\" \/>\n<meta property=\"og:url\" content=\"https:\/\/noticiasemdestaque.com\/cd\/?p=25113\" \/>\n<meta property=\"og:site_name\" content=\"Not&iacute;cias em Destaque\" \/>\n<meta property=\"article:published_time\" content=\"2020-05-28T21:46:20+00:00\" \/>\n<meta property=\"og:image\" content=\"https:\/\/noticiasemdestaque.com\/cd\/wp-content\/uploads\/2020\/05\/banner-teste-covid-1536x862-1-735x450.png\" \/>\n\t<meta property=\"og:image:width\" content=\"735\" \/>\n\t<meta property=\"og:image:height\" content=\"450\" \/>\n\t<meta property=\"og:image:type\" content=\"image\/png\" \/>\n<meta name=\"author\" content=\"Not\u00edcias em Destaque\" \/>\n<meta name=\"twitter:card\" content=\"summary_large_image\" \/>\n<meta name=\"twitter:label1\" content=\"Escrito por\" \/>\n\t<meta name=\"twitter:data1\" content=\"Not\u00edcias em Destaque\" \/>\n\t<meta name=\"twitter:label2\" content=\"Est. tempo de leitura\" \/>\n\t<meta name=\"twitter:data2\" content=\"1 minuto\" \/>\n<script type=\"application\/ld+json\" class=\"yoast-schema-graph\">{\"@context\":\"https:\/\/schema.org\",\"@graph\":[{\"@type\":\"Article\",\"@id\":\"https:\/\/noticiasemdestaque.com\/cd\/?p=25113#article\",\"isPartOf\":{\"@id\":\"https:\/\/noticiasemdestaque.com\/cd\/?p=25113\"},\"author\":{\"name\":\"Not\u00edcias em Destaque\",\"@id\":\"https:\/\/noticiasemdestaque.com\/cd\/#\/schema\/person\/21320b03a7e8bb90128938dafc9b908a\"},\"headline\":\"Sa\u00fade de Sum\u00e9 aplica testes de covid-19 em caminhoneiros e motoristas de transportes alternativos\",\"datePublished\":\"2020-05-28T21:46:20+00:00\",\"mainEntityOfPage\":{\"@id\":\"https:\/\/noticiasemdestaque.com\/cd\/?p=25113\"},\"wordCount\":163,\"publisher\":{\"@id\":\"https:\/\/noticiasemdestaque.com\/cd\/#organization\"},\"image\":{\"@id\":\"https:\/\/noticiasemdestaque.com\/cd\/?p=25113#primaryimage\"},\"thumbnailUrl\":\"https:\/\/noticiasemdestaque.com\/cd\/wp-content\/uploads\/2020\/05\/banner-teste-covid-1536x862-1-735x450.png\",\"articleSection\":[\"Sa\u00fade\"],\"inLanguage\":\"pt-BR\"},{\"@type\":\"WebPage\",\"@id\":\"https:\/\/noticiasemdestaque.com\/cd\/?p=25113\",\"url\":\"https:\/\/noticiasemdestaque.com\/cd\/?p=25113\",\"name\":\"Sa\u00fade de Sum\u00e9 aplica testes de covid-19 em caminhoneiros e motoristas de transportes alternativos - Not&iacute;cias em Destaque\",\"isPartOf\":{\"@id\":\"https:\/\/noticiasemdestaque.com\/cd\/#website\"},\"primaryImageOfPage\":{\"@id\":\"https:\/\/noticiasemdestaque.com\/cd\/?p=25113#primaryimage\"},\"image\":{\"@id\":\"https:\/\/noticiasemdestaque.com\/cd\/?p=25113#primaryimage\"},\"thumbnailUrl\":\"https:\/\/noticiasemdestaque.com\/cd\/wp-content\/uploads\/2020\/05\/banner-teste-covid-1536x862-1-735x450.png\",\"datePublished\":\"2020-05-28T21:46:20+00:00\",\"breadcrumb\":{\"@id\":\"https:\/\/noticiasemdestaque.com\/cd\/?p=25113#breadcrumb\"},\"inLanguage\":\"pt-BR\",\"potentialAction\":[{\"@type\":\"ReadAction\",\"target\":[\"https:\/\/noticiasemdestaque.com\/cd\/?p=25113\"]}]},{\"@type\":\"ImageObject\",\"inLanguage\":\"pt-BR\",\"@id\":\"https:\/\/noticiasemdestaque.com\/cd\/?p=25113#primaryimage\",\"url\":\"https:\/\/noticiasemdestaque.com\/cd\/wp-content\/uploads\/2020\/05\/banner-teste-covid-1536x862-1-735x450.png\",\"contentUrl\":\"https:\/\/noticiasemdestaque.com\/cd\/wp-content\/uploads\/2020\/05\/banner-teste-covid-1536x862-1-735x450.png\",\"width\":735,\"height\":450},{\"@type\":\"BreadcrumbList\",\"@id\":\"https:\/\/noticiasemdestaque.com\/cd\/?p=25113#breadcrumb\",\"itemListElement\":[{\"@type\":\"ListItem\",\"position\":1,\"name\":\"In\u00edcio\",\"item\":\"https:\/\/noticiasemdestaque.com\/cd\/\"},{\"@type\":\"ListItem\",\"position\":2,\"name\":\"Sa\u00fade de Sum\u00e9 aplica testes de covid-19 em caminhoneiros e motoristas de transportes alternativos\"}]},{\"@type\":\"WebSite\",\"@id\":\"https:\/\/noticiasemdestaque.com\/cd\/#website\",\"url\":\"https:\/\/noticiasemdestaque.com\/cd\/\",\"name\":\"Not&iacute;cias em Destaque\",\"description\":\"\",\"publisher\":{\"@id\":\"https:\/\/noticiasemdestaque.com\/cd\/#organization\"},\"potentialAction\":[{\"@type\":\"SearchAction\",\"target\":{\"@type\":\"EntryPoint\",\"urlTemplate\":\"https:\/\/noticiasemdestaque.com\/cd\/?s={search_term_string}\"},\"query-input\":{\"@type\":\"PropertyValueSpecification\",\"valueRequired\":true,\"valueName\":\"search_term_string\"}}],\"inLanguage\":\"pt-BR\"},{\"@type\":\"Organization\",\"@id\":\"https:\/\/noticiasemdestaque.com\/cd\/#organization\",\"name\":\"Not\u00edcias em Destaque\",\"url\":\"https:\/\/noticiasemdestaque.com\/cd\/\",\"logo\":{\"@type\":\"ImageObject\",\"inLanguage\":\"pt-BR\",\"@id\":\"https:\/\/noticiasemdestaque.com\/cd\/#\/schema\/logo\/image\/\",\"url\":\"https:\/\/noticiasemdestaque.com\/cd\/wp-content\/uploads\/2022\/05\/imagem-base-noticiasemdestaque.png\",\"contentUrl\":\"https:\/\/noticiasemdestaque.com\/cd\/wp-content\/uploads\/2022\/05\/imagem-base-noticiasemdestaque.png\",\"width\":1200,\"height\":630,\"caption\":\"Not\u00edcias em Destaque\"},\"image\":{\"@id\":\"https:\/\/noticiasemdestaque.com\/cd\/#\/schema\/logo\/image\/\"}},{\"@type\":\"Person\",\"@id\":\"https:\/\/noticiasemdestaque.com\/cd\/#\/schema\/person\/21320b03a7e8bb90128938dafc9b908a\",\"name\":\"Not\u00edcias em Destaque\",\"url\":\"https:\/\/noticiasemdestaque.com\/cd\/?author=2\"}]}<\/script>\n<!-- \/ Yoast SEO plugin. -->","yoast_head_json":{"title":"Sa\u00fade de Sum\u00e9 aplica testes de covid-19 em caminhoneiros e motoristas de transportes alternativos - Not&iacute;cias em Destaque","robots":{"index":"index","follow":"follow","max-snippet":"max-snippet:-1","max-image-preview":"max-image-preview:large","max-video-preview":"max-video-preview:-1"},"canonical":"https:\/\/noticiasemdestaque.com\/cd\/?p=25113","og_locale":"pt_BR","og_type":"article","og_title":"Sa\u00fade de Sum\u00e9 aplica testes de covid-19 em caminhoneiros e motoristas de transportes alternativos - Not&iacute;cias em Destaque","og_description":"A Secretaria de Sa\u00fade de Sum\u00e9-PB, come\u00e7ou nesta semana a realizar testes r\u00e1pidos de Covid-19 em caminhoneiros e motoristas de transportes alternativos.\u00a0O intuito \u00e9 detectar nestas pessoas, que fazem rotas para outras cidades diariamente, uma poss\u00edvel contamina\u00e7\u00e3o por coronav\u00edrus, considerando que a doen\u00e7a se apresenta assintom\u00e1tica em muitas pessoas. Com esta a\u00e7\u00e3o, a Sa\u00fade de Sum\u00e9 evita a propaga\u00e7\u00e3o do v\u00edrus no munic\u00edpio e nas outras cidades. Para os motoristas que ainda n\u00e3o fizeram o teste r\u00e1pido, a Secretaria de Sa\u00fade pede a estas pessoas que se dirijam \u00e0 unidade b\u00e1sica de sa\u00fade de origem e comuniquem \u00e0 equipe do PSF, que ser\u00e3o devidamente encaminhados para o teste. Os testes que est\u00e3o sendo aplicados nos motoristas de transportes alternativos e caminhoneiros foram adquiridos pela Prefeitura de Sum\u00e9. Ascom PMS","og_url":"https:\/\/noticiasemdestaque.com\/cd\/?p=25113","og_site_name":"Not&iacute;cias em Destaque","article_published_time":"2020-05-28T21:46:20+00:00","og_image":[{"width":735,"height":450,"url":"https:\/\/noticiasemdestaque.com\/cd\/wp-content\/uploads\/2020\/05\/banner-teste-covid-1536x862-1-735x450.png","type":"image\/png"}],"author":"Not\u00edcias em Destaque","twitter_card":"summary_large_image","twitter_misc":{"Escrito por":"Not\u00edcias em Destaque","Est. tempo de leitura":"1 minuto"},"schema":{"@context":"https:\/\/schema.org","@graph":[{"@type":"Article","@id":"https:\/\/noticiasemdestaque.com\/cd\/?p=25113#article","isPartOf":{"@id":"https:\/\/noticiasemdestaque.com\/cd\/?p=25113"},"author":{"name":"Not\u00edcias em Destaque","@id":"https:\/\/noticiasemdestaque.com\/cd\/#\/schema\/person\/21320b03a7e8bb90128938dafc9b908a"},"headline":"Sa\u00fade de Sum\u00e9 aplica testes de covid-19 em caminhoneiros e motoristas de transportes alternativos","datePublished":"2020-05-28T21:46:20+00:00","mainEntityOfPage":{"@id":"https:\/\/noticiasemdestaque.com\/cd\/?p=25113"},"wordCount":163,"publisher":{"@id":"https:\/\/noticiasemdestaque.com\/cd\/#organization"},"image":{"@id":"https:\/\/noticiasemdestaque.com\/cd\/?p=25113#primaryimage"},"thumbnailUrl":"https:\/\/noticiasemdestaque.com\/cd\/wp-content\/uploads\/2020\/05\/banner-teste-covid-1536x862-1-735x450.png","articleSection":["Sa\u00fade"],"inLanguage":"pt-BR"},{"@type":"WebPage","@id":"https:\/\/noticiasemdestaque.com\/cd\/?p=25113","url":"https:\/\/noticiasemdestaque.com\/cd\/?p=25113","name":"Sa\u00fade de Sum\u00e9 aplica testes de covid-19 em caminhoneiros e motoristas de transportes alternativos - Not&iacute;cias em Destaque","isPartOf":{"@id":"https:\/\/noticiasemdestaque.com\/cd\/#website"},"primaryImageOfPage":{"@id":"https:\/\/noticiasemdestaque.com\/cd\/?p=25113#primaryimage"},"image":{"@id":"https:\/\/noticiasemdestaque.com\/cd\/?p=25113#primaryimage"},"thumbnailUrl":"https:\/\/noticiasemdestaque.com\/cd\/wp-content\/uploads\/2020\/05\/banner-teste-covid-1536x862-1-735x450.png","datePublished":"2020-05-28T21:46:20+00:00","breadcrumb":{"@id":"https:\/\/noticiasemdestaque.com\/cd\/?p=25113#breadcrumb"},"inLanguage":"pt-BR","potentialAction":[{"@type":"ReadAction","target":["https:\/\/noticiasemdestaque.com\/cd\/?p=25113"]}]},{"@type":"ImageObject","inLanguage":"pt-BR","@id":"https:\/\/noticiasemdestaque.com\/cd\/?p=25113#primaryimage","url":"https:\/\/noticiasemdestaque.com\/cd\/wp-content\/uploads\/2020\/05\/banner-teste-covid-1536x862-1-735x450.png","contentUrl":"https:\/\/noticiasemdestaque.com\/cd\/wp-content\/uploads\/2020\/05\/banner-teste-covid-1536x862-1-735x450.png","width":735,"height":450},{"@type":"BreadcrumbList","@id":"https:\/\/noticiasemdestaque.com\/cd\/?p=25113#breadcrumb","itemListElement":[{"@type":"ListItem","position":1,"name":"In\u00edcio","item":"https:\/\/noticiasemdestaque.com\/cd\/"},{"@type":"ListItem","position":2,"name":"Sa\u00fade de Sum\u00e9 aplica testes de covid-19 em caminhoneiros e motoristas de transportes alternativos"}]},{"@type":"WebSite","@id":"https:\/\/noticiasemdestaque.com\/cd\/#website","url":"https:\/\/noticiasemdestaque.com\/cd\/","name":"Not&iacute;cias em Destaque","description":"","publisher":{"@id":"https:\/\/noticiasemdestaque.com\/cd\/#organization"},"potentialAction":[{"@type":"SearchAction","target":{"@type":"EntryPoint","urlTemplate":"https:\/\/noticiasemdestaque.com\/cd\/?s={search_term_string}"},"query-input":{"@type":"PropertyValueSpecification","valueRequired":true,"valueName":"search_term_string"}}],"inLanguage":"pt-BR"},{"@type":"Organization","@id":"https:\/\/noticiasemdestaque.com\/cd\/#organization","name":"Not\u00edcias em Destaque","url":"https:\/\/noticiasemdestaque.com\/cd\/","logo":{"@type":"ImageObject","inLanguage":"pt-BR","@id":"https:\/\/noticiasemdestaque.com\/cd\/#\/schema\/logo\/image\/","url":"https:\/\/noticiasemdestaque.com\/cd\/wp-content\/uploads\/2022\/05\/imagem-base-noticiasemdestaque.png","contentUrl":"https:\/\/noticiasemdestaque.com\/cd\/wp-content\/uploads\/2022\/05\/imagem-base-noticiasemdestaque.png","width":1200,"height":630,"caption":"Not\u00edcias em Destaque"},"image":{"@id":"https:\/\/noticiasemdestaque.com\/cd\/#\/schema\/logo\/image\/"}},{"@type":"Person","@id":"https:\/\/noticiasemdestaque.com\/cd\/#\/schema\/person\/21320b03a7e8bb90128938dafc9b908a","name":"Not\u00edcias em Destaque","url":"https:\/\/noticiasemdestaque.com\/cd\/?author=2"}]}},"jetpack_featured_media_url":"https:\/\/noticiasemdestaque.com\/cd\/wp-content\/uploads\/2020\/05\/banner-teste-covid-1536x862-1-735x450.png","jetpack_sharing_enabled":true,"_links":{"self":[{"href":"https:\/\/noticiasemdestaque.com\/cd\/index.php?rest_route=\/wp\/v2\/posts\/25113","targetHints":{"allow":["GET"]}}],"collection":[{"href":"https:\/\/noticiasemdestaque.com\/cd\/index.php?rest_route=\/wp\/v2\/posts"}],"about":[{"href":"https:\/\/noticiasemdestaque.com\/cd\/index.php?rest_route=\/wp\/v2\/types\/post"}],"author":[{"embeddable":true,"href":"https:\/\/noticiasemdestaque.com\/cd\/index.php?rest_route=\/wp\/v2\/users\/2"}],"replies":[{"embeddable":true,"href":"https:\/\/noticiasemdestaque.com\/cd\/index.php?rest_route=%2Fwp%2Fv2%2Fcomments&post=25113"}],"version-history":[{"count":1,"href":"https:\/\/noticiasemdestaque.com\/cd\/index.php?rest_route=\/wp\/v2\/posts\/25113\/revisions"}],"predecessor-version":[{"id":25115,"href":"https:\/\/noticiasemdestaque.com\/cd\/index.php?rest_route=\/wp\/v2\/posts\/25113\/revisions\/25115"}],"wp:featuredmedia":[{"embeddable":true,"href":"https:\/\/noticiasemdestaque.com\/cd\/index.php?rest_route=\/wp\/v2\/media\/25114"}],"wp:attachment":[{"href":"https:\/\/noticiasemdestaque.com\/cd\/index.php?rest_route=%2Fwp%2Fv2%2Fmedia&parent=25113"}],"wp:term":[{"taxonomy":"category","embeddable":true,"href":"https:\/\/noticiasemdestaque.com\/cd\/index.php?rest_route=%2Fwp%2Fv2%2Fcategories&post=25113"},{"taxonomy":"post_tag","embeddable":true,"href":"https:\/\/noticiasemdestaque.com\/cd\/index.php?rest_route=%2Fwp%2Fv2%2Ftags&post=25113"}],"curies":[{"name":"wp","href":"https:\/\/api.w.org\/{rel}","templated":true}]}}