{"id":25105,"date":"2020-05-28T18:14:39","date_gmt":"2020-05-28T21:14:39","guid":{"rendered":"http:\/\/noticiasemdestaque.com\/cd\/?p=25105"},"modified":"2020-05-28T18:14:39","modified_gmt":"2020-05-28T21:14:39","slug":"auxilio-emergencial-prorrogado-seria-de-r-200-diz-secretario-da-fazenda","status":"publish","type":"post","link":"https:\/\/noticiasemdestaque.com\/cd\/?p=25105","title":{"rendered":"Aux\u00edlio emergencial prorrogado seria de R$ 200, diz secret\u00e1rio da Fazenda"},"content":{"rendered":"<p><a href=\"https:\/\/noticiasemdestaque.com\/cd\/wp-content\/uploads\/2020\/05\/5791_2FEC1BE02C133629.jpg\"><img fetchpriority=\"high\" decoding=\"async\" class=\"wp-image-25106 aligncenter\" src=\"https:\/\/noticiasemdestaque.com\/cd\/wp-content\/uploads\/2020\/05\/5791_2FEC1BE02C133629-1024x768.jpg\" alt=\"\" width=\"586\" height=\"440\" srcset=\"https:\/\/noticiasemdestaque.com\/cd\/wp-content\/uploads\/2020\/05\/5791_2FEC1BE02C133629.jpg 1024w, https:\/\/noticiasemdestaque.com\/cd\/wp-content\/uploads\/2020\/05\/5791_2FEC1BE02C133629-300x225.jpg 300w, https:\/\/noticiasemdestaque.com\/cd\/wp-content\/uploads\/2020\/05\/5791_2FEC1BE02C133629-768x576.jpg 768w, https:\/\/noticiasemdestaque.com\/cd\/wp-content\/uploads\/2020\/05\/5791_2FEC1BE02C133629-640x480.jpg 640w\" sizes=\"(max-width: 586px) 100vw, 586px\" \/><\/a><\/p>\n<p>O secret\u00e1rio especial de Fazenda do Minist\u00e9rio da Economia, Waldery Rodrigues, afirmou nesta quinta-feira (28) que \u00e9 prov\u00e1vel que o aux\u00edlio emergencial a trabalhadores informais e intermitentes seja prorrogado para al\u00e9m dos tr\u00eas meses previstos inicialmente, mas que o valor deve ser reduzido de R$ 600 para R$ 200, porque \u00e9 um \u201cprograma caro\u201d.<\/p>\n<p>\u201cO aux\u00edlio emergencial ser\u00e1 prolongado? Muito provavelmente sim, mas com outro perfil, com outro formato. \u00c9 um programa valios\u00edssimo, de alta efetividade, mas tamb\u00e9m \u00e9 um programa caro. Custa, em m\u00e9dia, nesses tr\u00eas meses, algo como R$ 51,5 bilh\u00f5es, que, portanto, \u00e9 um valor muito alto. N\u00e3o cabe uma extens\u00e3o muito prolongada nas nossas contas\u201d, disse o secret\u00e1rio durante audi\u00eancia na comiss\u00e3o mista do Congresso para acompanhamento das a\u00e7\u00f5es de enfrentamento \u00e0 pandemia de Covid-19.<\/p>\n<p>Segundo Rodrigues, uma prorroga\u00e7\u00e3o de R$ 200 ter\u00e1 um custo mensal de cerca de R$ 17 bilh\u00f5es. \u201cPortanto, n\u00f3s estamos com aten\u00e7\u00e3o e queremos, com a cada movimento, dar prioridade \u00e0s camadas mais vulner\u00e1veis, aos segmentos mais vulner\u00e1veis da popula\u00e7\u00e3o\u201d.<\/p>\n<p><em><strong>Not\u00edcias em Destaque<\/strong><\/em><\/p>\n<p>Com CNN<\/p>\n","protected":false},"excerpt":{"rendered":"<p>O secret\u00e1rio especial de Fazenda do Minist\u00e9rio da Economia, Waldery Rodrigues, afirmou nesta quinta-feira (28) que \u00e9 prov\u00e1vel que o aux\u00edlio emergencial a trabalhadores informais e intermitentes seja prorrogado para al\u00e9m dos tr\u00eas meses previstos inicialmente, mas que o valor deve ser reduzido de R$ 600 para R$ 200, porque \u00e9 um \u201cprograma caro\u201d. \u201cO aux\u00edlio emergencial ser\u00e1 prolongado? Muito provavelmente sim, mas com outro perfil, com outro formato. \u00c9 um programa valios\u00edssimo, de alta efetividade, mas tamb\u00e9m \u00e9 um programa caro. Custa, em m\u00e9dia, nesses tr\u00eas meses, algo como R$ 51,5 bilh\u00f5es, que, portanto, \u00e9 um valor muito alto. N\u00e3o cabe uma extens\u00e3o muito prolongada nas nossas contas\u201d, disse o secret\u00e1rio durante audi\u00eancia na comiss\u00e3o mista do Congresso para acompanhamento das a\u00e7\u00f5es de enfrentamento \u00e0 pandemia de Covid-19. Segundo Rodrigues, uma prorroga\u00e7\u00e3o de R$ 200 ter\u00e1 um custo mensal de cerca de R$ 17 bilh\u00f5es. \u201cPortanto, n\u00f3s estamos com aten\u00e7\u00e3o e queremos, com a cada movimento, dar prioridade \u00e0s camadas mais vulner\u00e1veis, aos segmentos mais vulner\u00e1veis da popula\u00e7\u00e3o\u201d. Not\u00edcias em Destaque Com CNN<\/p>\n","protected":false},"author":2,"featured_media":25106,"comment_status":"closed","ping_status":"open","sticky":false,"template":"","format":"standard","meta":{"_eb_attr":"","_jetpack_memberships_contains_paid_content":false,"footnotes":""},"categories":[12],"tags":[],"class_list":["post-25105","post","type-post","status-publish","format-standard","has-post-thumbnail","hentry","category-geral"],"yoast_head":"<!-- This site is optimized with the Yoast SEO plugin v26.5 - https:\/\/yoast.com\/wordpress\/plugins\/seo\/ -->\n<title>Aux\u00edlio emergencial prorrogado seria de R$ 200, diz secret\u00e1rio da Fazenda - Not&iacute;cias em Destaque<\/title>\n<meta name=\"robots\" content=\"index, follow, max-snippet:-1, max-image-preview:large, max-video-preview:-1\" \/>\n<link rel=\"canonical\" href=\"https:\/\/noticiasemdestaque.com\/cd\/?p=25105\" \/>\n<meta property=\"og:locale\" content=\"pt_BR\" \/>\n<meta property=\"og:type\" content=\"article\" \/>\n<meta property=\"og:title\" content=\"Aux\u00edlio emergencial prorrogado seria de R$ 200, diz secret\u00e1rio da Fazenda - Not&iacute;cias em Destaque\" \/>\n<meta property=\"og:description\" content=\"O secret\u00e1rio especial de Fazenda do Minist\u00e9rio da Economia, Waldery Rodrigues, afirmou nesta quinta-feira (28) que \u00e9 prov\u00e1vel que o aux\u00edlio emergencial a trabalhadores informais e intermitentes seja prorrogado para al\u00e9m dos tr\u00eas meses previstos inicialmente, mas que o valor deve ser reduzido de R$ 600 para R$ 200, porque \u00e9 um \u201cprograma caro\u201d. \u201cO aux\u00edlio emergencial ser\u00e1 prolongado? Muito provavelmente sim, mas com outro perfil, com outro formato. \u00c9 um programa valios\u00edssimo, de alta efetividade, mas tamb\u00e9m \u00e9 um programa caro. Custa, em m\u00e9dia, nesses tr\u00eas meses, algo como R$ 51,5 bilh\u00f5es, que, portanto, \u00e9 um valor muito alto. N\u00e3o cabe uma extens\u00e3o muito prolongada nas nossas contas\u201d, disse o secret\u00e1rio durante audi\u00eancia na comiss\u00e3o mista do Congresso para acompanhamento das a\u00e7\u00f5es de enfrentamento \u00e0 pandemia de Covid-19. Segundo Rodrigues, uma prorroga\u00e7\u00e3o de R$ 200 ter\u00e1 um custo mensal de cerca de R$ 17 bilh\u00f5es. \u201cPortanto, n\u00f3s estamos com aten\u00e7\u00e3o e queremos, com a cada movimento, dar prioridade \u00e0s camadas mais vulner\u00e1veis, aos segmentos mais vulner\u00e1veis da popula\u00e7\u00e3o\u201d. Not\u00edcias em Destaque Com CNN\" \/>\n<meta property=\"og:url\" content=\"https:\/\/noticiasemdestaque.com\/cd\/?p=25105\" \/>\n<meta property=\"og:site_name\" content=\"Not&iacute;cias em Destaque\" \/>\n<meta property=\"article:published_time\" content=\"2020-05-28T21:14:39+00:00\" \/>\n<meta property=\"og:image\" content=\"https:\/\/noticiasemdestaque.com\/cd\/wp-content\/uploads\/2020\/05\/5791_2FEC1BE02C133629.jpg\" \/>\n\t<meta property=\"og:image:width\" content=\"1024\" \/>\n\t<meta property=\"og:image:height\" content=\"768\" \/>\n\t<meta property=\"og:image:type\" content=\"image\/jpeg\" \/>\n<meta name=\"author\" content=\"Not\u00edcias em Destaque\" \/>\n<meta name=\"twitter:card\" content=\"summary_large_image\" \/>\n<meta name=\"twitter:label1\" content=\"Escrito por\" \/>\n\t<meta name=\"twitter:data1\" content=\"Not\u00edcias em Destaque\" \/>\n\t<meta name=\"twitter:label2\" content=\"Est. tempo de leitura\" \/>\n\t<meta name=\"twitter:data2\" content=\"1 minuto\" \/>\n<script type=\"application\/ld+json\" class=\"yoast-schema-graph\">{\"@context\":\"https:\/\/schema.org\",\"@graph\":[{\"@type\":\"Article\",\"@id\":\"https:\/\/noticiasemdestaque.com\/cd\/?p=25105#article\",\"isPartOf\":{\"@id\":\"https:\/\/noticiasemdestaque.com\/cd\/?p=25105\"},\"author\":{\"name\":\"Not\u00edcias em Destaque\",\"@id\":\"https:\/\/noticiasemdestaque.com\/cd\/#\/schema\/person\/21320b03a7e8bb90128938dafc9b908a\"},\"headline\":\"Aux\u00edlio emergencial prorrogado seria de R$ 200, diz secret\u00e1rio da Fazenda\",\"datePublished\":\"2020-05-28T21:14:39+00:00\",\"mainEntityOfPage\":{\"@id\":\"https:\/\/noticiasemdestaque.com\/cd\/?p=25105\"},\"wordCount\":200,\"publisher\":{\"@id\":\"https:\/\/noticiasemdestaque.com\/cd\/#organization\"},\"image\":{\"@id\":\"https:\/\/noticiasemdestaque.com\/cd\/?p=25105#primaryimage\"},\"thumbnailUrl\":\"https:\/\/noticiasemdestaque.com\/cd\/wp-content\/uploads\/2020\/05\/5791_2FEC1BE02C133629.jpg\",\"articleSection\":[\"Geral\"],\"inLanguage\":\"pt-BR\"},{\"@type\":\"WebPage\",\"@id\":\"https:\/\/noticiasemdestaque.com\/cd\/?p=25105\",\"url\":\"https:\/\/noticiasemdestaque.com\/cd\/?p=25105\",\"name\":\"Aux\u00edlio emergencial prorrogado seria de R$ 200, diz secret\u00e1rio da Fazenda - Not&iacute;cias em Destaque\",\"isPartOf\":{\"@id\":\"https:\/\/noticiasemdestaque.com\/cd\/#website\"},\"primaryImageOfPage\":{\"@id\":\"https:\/\/noticiasemdestaque.com\/cd\/?p=25105#primaryimage\"},\"image\":{\"@id\":\"https:\/\/noticiasemdestaque.com\/cd\/?p=25105#primaryimage\"},\"thumbnailUrl\":\"https:\/\/noticiasemdestaque.com\/cd\/wp-content\/uploads\/2020\/05\/5791_2FEC1BE02C133629.jpg\",\"datePublished\":\"2020-05-28T21:14:39+00:00\",\"breadcrumb\":{\"@id\":\"https:\/\/noticiasemdestaque.com\/cd\/?p=25105#breadcrumb\"},\"inLanguage\":\"pt-BR\",\"potentialAction\":[{\"@type\":\"ReadAction\",\"target\":[\"https:\/\/noticiasemdestaque.com\/cd\/?p=25105\"]}]},{\"@type\":\"ImageObject\",\"inLanguage\":\"pt-BR\",\"@id\":\"https:\/\/noticiasemdestaque.com\/cd\/?p=25105#primaryimage\",\"url\":\"https:\/\/noticiasemdestaque.com\/cd\/wp-content\/uploads\/2020\/05\/5791_2FEC1BE02C133629.jpg\",\"contentUrl\":\"https:\/\/noticiasemdestaque.com\/cd\/wp-content\/uploads\/2020\/05\/5791_2FEC1BE02C133629.jpg\",\"width\":1024,\"height\":768},{\"@type\":\"BreadcrumbList\",\"@id\":\"https:\/\/noticiasemdestaque.com\/cd\/?p=25105#breadcrumb\",\"itemListElement\":[{\"@type\":\"ListItem\",\"position\":1,\"name\":\"In\u00edcio\",\"item\":\"https:\/\/noticiasemdestaque.com\/cd\/\"},{\"@type\":\"ListItem\",\"position\":2,\"name\":\"Aux\u00edlio emergencial prorrogado seria de R$ 200, diz secret\u00e1rio da Fazenda\"}]},{\"@type\":\"WebSite\",\"@id\":\"https:\/\/noticiasemdestaque.com\/cd\/#website\",\"url\":\"https:\/\/noticiasemdestaque.com\/cd\/\",\"name\":\"Not&iacute;cias em Destaque\",\"description\":\"\",\"publisher\":{\"@id\":\"https:\/\/noticiasemdestaque.com\/cd\/#organization\"},\"potentialAction\":[{\"@type\":\"SearchAction\",\"target\":{\"@type\":\"EntryPoint\",\"urlTemplate\":\"https:\/\/noticiasemdestaque.com\/cd\/?s={search_term_string}\"},\"query-input\":{\"@type\":\"PropertyValueSpecification\",\"valueRequired\":true,\"valueName\":\"search_term_string\"}}],\"inLanguage\":\"pt-BR\"},{\"@type\":\"Organization\",\"@id\":\"https:\/\/noticiasemdestaque.com\/cd\/#organization\",\"name\":\"Not\u00edcias em Destaque\",\"url\":\"https:\/\/noticiasemdestaque.com\/cd\/\",\"logo\":{\"@type\":\"ImageObject\",\"inLanguage\":\"pt-BR\",\"@id\":\"https:\/\/noticiasemdestaque.com\/cd\/#\/schema\/logo\/image\/\",\"url\":\"https:\/\/noticiasemdestaque.com\/cd\/wp-content\/uploads\/2022\/05\/imagem-base-noticiasemdestaque.png\",\"contentUrl\":\"https:\/\/noticiasemdestaque.com\/cd\/wp-content\/uploads\/2022\/05\/imagem-base-noticiasemdestaque.png\",\"width\":1200,\"height\":630,\"caption\":\"Not\u00edcias em Destaque\"},\"image\":{\"@id\":\"https:\/\/noticiasemdestaque.com\/cd\/#\/schema\/logo\/image\/\"}},{\"@type\":\"Person\",\"@id\":\"https:\/\/noticiasemdestaque.com\/cd\/#\/schema\/person\/21320b03a7e8bb90128938dafc9b908a\",\"name\":\"Not\u00edcias em Destaque\",\"url\":\"https:\/\/noticiasemdestaque.com\/cd\/?author=2\"}]}<\/script>\n<!-- \/ Yoast SEO plugin. -->","yoast_head_json":{"title":"Aux\u00edlio emergencial prorrogado seria de R$ 200, diz secret\u00e1rio da Fazenda - Not&iacute;cias em Destaque","robots":{"index":"index","follow":"follow","max-snippet":"max-snippet:-1","max-image-preview":"max-image-preview:large","max-video-preview":"max-video-preview:-1"},"canonical":"https:\/\/noticiasemdestaque.com\/cd\/?p=25105","og_locale":"pt_BR","og_type":"article","og_title":"Aux\u00edlio emergencial prorrogado seria de R$ 200, diz secret\u00e1rio da Fazenda - Not&iacute;cias em Destaque","og_description":"O secret\u00e1rio especial de Fazenda do Minist\u00e9rio da Economia, Waldery Rodrigues, afirmou nesta quinta-feira (28) que \u00e9 prov\u00e1vel que o aux\u00edlio emergencial a trabalhadores informais e intermitentes seja prorrogado para al\u00e9m dos tr\u00eas meses previstos inicialmente, mas que o valor deve ser reduzido de R$ 600 para R$ 200, porque \u00e9 um \u201cprograma caro\u201d. \u201cO aux\u00edlio emergencial ser\u00e1 prolongado? Muito provavelmente sim, mas com outro perfil, com outro formato. \u00c9 um programa valios\u00edssimo, de alta efetividade, mas tamb\u00e9m \u00e9 um programa caro. Custa, em m\u00e9dia, nesses tr\u00eas meses, algo como R$ 51,5 bilh\u00f5es, que, portanto, \u00e9 um valor muito alto. N\u00e3o cabe uma extens\u00e3o muito prolongada nas nossas contas\u201d, disse o secret\u00e1rio durante audi\u00eancia na comiss\u00e3o mista do Congresso para acompanhamento das a\u00e7\u00f5es de enfrentamento \u00e0 pandemia de Covid-19. Segundo Rodrigues, uma prorroga\u00e7\u00e3o de R$ 200 ter\u00e1 um custo mensal de cerca de R$ 17 bilh\u00f5es. \u201cPortanto, n\u00f3s estamos com aten\u00e7\u00e3o e queremos, com a cada movimento, dar prioridade \u00e0s camadas mais vulner\u00e1veis, aos segmentos mais vulner\u00e1veis da popula\u00e7\u00e3o\u201d. Not\u00edcias em Destaque Com CNN","og_url":"https:\/\/noticiasemdestaque.com\/cd\/?p=25105","og_site_name":"Not&iacute;cias em Destaque","article_published_time":"2020-05-28T21:14:39+00:00","og_image":[{"width":1024,"height":768,"url":"https:\/\/noticiasemdestaque.com\/cd\/wp-content\/uploads\/2020\/05\/5791_2FEC1BE02C133629.jpg","type":"image\/jpeg"}],"author":"Not\u00edcias em Destaque","twitter_card":"summary_large_image","twitter_misc":{"Escrito por":"Not\u00edcias em Destaque","Est. tempo de leitura":"1 minuto"},"schema":{"@context":"https:\/\/schema.org","@graph":[{"@type":"Article","@id":"https:\/\/noticiasemdestaque.com\/cd\/?p=25105#article","isPartOf":{"@id":"https:\/\/noticiasemdestaque.com\/cd\/?p=25105"},"author":{"name":"Not\u00edcias em Destaque","@id":"https:\/\/noticiasemdestaque.com\/cd\/#\/schema\/person\/21320b03a7e8bb90128938dafc9b908a"},"headline":"Aux\u00edlio emergencial prorrogado seria de R$ 200, diz secret\u00e1rio da Fazenda","datePublished":"2020-05-28T21:14:39+00:00","mainEntityOfPage":{"@id":"https:\/\/noticiasemdestaque.com\/cd\/?p=25105"},"wordCount":200,"publisher":{"@id":"https:\/\/noticiasemdestaque.com\/cd\/#organization"},"image":{"@id":"https:\/\/noticiasemdestaque.com\/cd\/?p=25105#primaryimage"},"thumbnailUrl":"https:\/\/noticiasemdestaque.com\/cd\/wp-content\/uploads\/2020\/05\/5791_2FEC1BE02C133629.jpg","articleSection":["Geral"],"inLanguage":"pt-BR"},{"@type":"WebPage","@id":"https:\/\/noticiasemdestaque.com\/cd\/?p=25105","url":"https:\/\/noticiasemdestaque.com\/cd\/?p=25105","name":"Aux\u00edlio emergencial prorrogado seria de R$ 200, diz secret\u00e1rio da Fazenda - Not&iacute;cias em Destaque","isPartOf":{"@id":"https:\/\/noticiasemdestaque.com\/cd\/#website"},"primaryImageOfPage":{"@id":"https:\/\/noticiasemdestaque.com\/cd\/?p=25105#primaryimage"},"image":{"@id":"https:\/\/noticiasemdestaque.com\/cd\/?p=25105#primaryimage"},"thumbnailUrl":"https:\/\/noticiasemdestaque.com\/cd\/wp-content\/uploads\/2020\/05\/5791_2FEC1BE02C133629.jpg","datePublished":"2020-05-28T21:14:39+00:00","breadcrumb":{"@id":"https:\/\/noticiasemdestaque.com\/cd\/?p=25105#breadcrumb"},"inLanguage":"pt-BR","potentialAction":[{"@type":"ReadAction","target":["https:\/\/noticiasemdestaque.com\/cd\/?p=25105"]}]},{"@type":"ImageObject","inLanguage":"pt-BR","@id":"https:\/\/noticiasemdestaque.com\/cd\/?p=25105#primaryimage","url":"https:\/\/noticiasemdestaque.com\/cd\/wp-content\/uploads\/2020\/05\/5791_2FEC1BE02C133629.jpg","contentUrl":"https:\/\/noticiasemdestaque.com\/cd\/wp-content\/uploads\/2020\/05\/5791_2FEC1BE02C133629.jpg","width":1024,"height":768},{"@type":"BreadcrumbList","@id":"https:\/\/noticiasemdestaque.com\/cd\/?p=25105#breadcrumb","itemListElement":[{"@type":"ListItem","position":1,"name":"In\u00edcio","item":"https:\/\/noticiasemdestaque.com\/cd\/"},{"@type":"ListItem","position":2,"name":"Aux\u00edlio emergencial prorrogado seria de R$ 200, diz secret\u00e1rio da Fazenda"}]},{"@type":"WebSite","@id":"https:\/\/noticiasemdestaque.com\/cd\/#website","url":"https:\/\/noticiasemdestaque.com\/cd\/","name":"Not&iacute;cias em Destaque","description":"","publisher":{"@id":"https:\/\/noticiasemdestaque.com\/cd\/#organization"},"potentialAction":[{"@type":"SearchAction","target":{"@type":"EntryPoint","urlTemplate":"https:\/\/noticiasemdestaque.com\/cd\/?s={search_term_string}"},"query-input":{"@type":"PropertyValueSpecification","valueRequired":true,"valueName":"search_term_string"}}],"inLanguage":"pt-BR"},{"@type":"Organization","@id":"https:\/\/noticiasemdestaque.com\/cd\/#organization","name":"Not\u00edcias em Destaque","url":"https:\/\/noticiasemdestaque.com\/cd\/","logo":{"@type":"ImageObject","inLanguage":"pt-BR","@id":"https:\/\/noticiasemdestaque.com\/cd\/#\/schema\/logo\/image\/","url":"https:\/\/noticiasemdestaque.com\/cd\/wp-content\/uploads\/2022\/05\/imagem-base-noticiasemdestaque.png","contentUrl":"https:\/\/noticiasemdestaque.com\/cd\/wp-content\/uploads\/2022\/05\/imagem-base-noticiasemdestaque.png","width":1200,"height":630,"caption":"Not\u00edcias em Destaque"},"image":{"@id":"https:\/\/noticiasemdestaque.com\/cd\/#\/schema\/logo\/image\/"}},{"@type":"Person","@id":"https:\/\/noticiasemdestaque.com\/cd\/#\/schema\/person\/21320b03a7e8bb90128938dafc9b908a","name":"Not\u00edcias em Destaque","url":"https:\/\/noticiasemdestaque.com\/cd\/?author=2"}]}},"jetpack_featured_media_url":"https:\/\/noticiasemdestaque.com\/cd\/wp-content\/uploads\/2020\/05\/5791_2FEC1BE02C133629.jpg","jetpack_sharing_enabled":true,"_links":{"self":[{"href":"https:\/\/noticiasemdestaque.com\/cd\/index.php?rest_route=\/wp\/v2\/posts\/25105","targetHints":{"allow":["GET"]}}],"collection":[{"href":"https:\/\/noticiasemdestaque.com\/cd\/index.php?rest_route=\/wp\/v2\/posts"}],"about":[{"href":"https:\/\/noticiasemdestaque.com\/cd\/index.php?rest_route=\/wp\/v2\/types\/post"}],"author":[{"embeddable":true,"href":"https:\/\/noticiasemdestaque.com\/cd\/index.php?rest_route=\/wp\/v2\/users\/2"}],"replies":[{"embeddable":true,"href":"https:\/\/noticiasemdestaque.com\/cd\/index.php?rest_route=%2Fwp%2Fv2%2Fcomments&post=25105"}],"version-history":[{"count":1,"href":"https:\/\/noticiasemdestaque.com\/cd\/index.php?rest_route=\/wp\/v2\/posts\/25105\/revisions"}],"predecessor-version":[{"id":25107,"href":"https:\/\/noticiasemdestaque.com\/cd\/index.php?rest_route=\/wp\/v2\/posts\/25105\/revisions\/25107"}],"wp:featuredmedia":[{"embeddable":true,"href":"https:\/\/noticiasemdestaque.com\/cd\/index.php?rest_route=\/wp\/v2\/media\/25106"}],"wp:attachment":[{"href":"https:\/\/noticiasemdestaque.com\/cd\/index.php?rest_route=%2Fwp%2Fv2%2Fmedia&parent=25105"}],"wp:term":[{"taxonomy":"category","embeddable":true,"href":"https:\/\/noticiasemdestaque.com\/cd\/index.php?rest_route=%2Fwp%2Fv2%2Fcategories&post=25105"},{"taxonomy":"post_tag","embeddable":true,"href":"https:\/\/noticiasemdestaque.com\/cd\/index.php?rest_route=%2Fwp%2Fv2%2Ftags&post=25105"}],"curies":[{"name":"wp","href":"https:\/\/api.w.org\/{rel}","templated":true}]}}