{"id":25102,"date":"2020-05-28T17:49:58","date_gmt":"2020-05-28T20:49:58","guid":{"rendered":"http:\/\/noticiasemdestaque.com\/cd\/?p=25102"},"modified":"2020-05-28T18:30:15","modified_gmt":"2020-05-28T21:30:15","slug":"monteiro-registra-mais-tres-casos-do-coronavirus","status":"publish","type":"post","link":"https:\/\/noticiasemdestaque.com\/cd\/?p=25102","title":{"rendered":"Monteiro registra mais tr\u00eas casos do coronav\u00edrus"},"content":{"rendered":"<p><a href=\"https:\/\/noticiasemdestaque.com\/cd\/wp-content\/uploads\/2020\/05\/99136727_2961052240676489_623987009270054912_o.png\"><img fetchpriority=\"high\" decoding=\"async\" class=\"wp-image-25103 aligncenter\" src=\"https:\/\/noticiasemdestaque.com\/cd\/wp-content\/uploads\/2020\/05\/99136727_2961052240676489_623987009270054912_o.png\" alt=\"\" width=\"504\" height=\"504\" srcset=\"https:\/\/noticiasemdestaque.com\/cd\/wp-content\/uploads\/2020\/05\/99136727_2961052240676489_623987009270054912_o.png 960w, https:\/\/noticiasemdestaque.com\/cd\/wp-content\/uploads\/2020\/05\/99136727_2961052240676489_623987009270054912_o-150x150.png 150w, https:\/\/noticiasemdestaque.com\/cd\/wp-content\/uploads\/2020\/05\/99136727_2961052240676489_623987009270054912_o-300x300.png 300w, https:\/\/noticiasemdestaque.com\/cd\/wp-content\/uploads\/2020\/05\/99136727_2961052240676489_623987009270054912_o-768x768.png 768w\" sizes=\"(max-width: 504px) 100vw, 504px\" \/><\/a><\/p>\n<p>A Secretaria Municipal de Sa\u00fade de Monteiro informa que nesta quinta-feira, 28, foram confirmados mais 03 novos casos POSITIVOS para o COVID &#8211; 19.<\/p>\n<p>Trata-se de dois pacientes do sexo masculino, 64 e 17 anos, e uma paciente do sexo feminino, 63 anos.Todos est\u00e3o sendo acompanhados pelas equipes de vigil\u00e2ncia e permanecem em isolamento domiciliar.<span class=\"text_exposed_show\"><br \/>\n<\/span><\/p>\n<p><span class=\"text_exposed_show\">Desta forma, totalizando at\u00e9 a presente data, 22 casos CONFIRMADOS DE COVID 19, e n\u00e3o 27 casos, como divulgado no Boletim do Estado do dia 27\/05\/20. Tal inconformidade dos dados j\u00e1 est\u00e1 sendo solucionada pela equipe t\u00e9cnica da sa\u00fade do Governo do Estado.<br \/>\n<\/span><\/p>\n<p><span class=\"text_exposed_show\">Hoje tivemos mais um caso de COVID 19 RECUPERADO. Contabilizando at\u00e9 esta data 13 pacientes recuperados. Estes pacientes estavam cumprindo a quarentena em isolamento domiciliar com acompanhamento dos \u00f3rg\u00e3os de sa\u00fade municipal.<\/span><\/p>\n<p><span class=\"text_exposed_show\">Refor\u00e7amos a import\u00e2ncia de toda popula\u00e7\u00e3o seguir as orienta\u00e7\u00f5es do distanciamento social, o uso de m\u00e1scaras, a higieniza\u00e7\u00e3o das m\u00e3os com \u00e1lcool 70% e demais medidas apresentadas pela Secretaria de Sa\u00fade.<\/span><\/p>\n","protected":false},"excerpt":{"rendered":"<p>A Secretaria Municipal de Sa\u00fade de Monteiro informa que nesta quinta-feira, 28, foram confirmados mais 03 novos casos POSITIVOS para o COVID &#8211; 19. Trata-se de dois pacientes do sexo masculino, 64 e 17 anos, e uma paciente do sexo feminino, 63 anos.Todos est\u00e3o sendo acompanhados pelas equipes de vigil\u00e2ncia e permanecem em isolamento domiciliar. Desta forma, totalizando at\u00e9 a presente data, 22 casos CONFIRMADOS DE COVID 19, e n\u00e3o 27 casos, como divulgado no Boletim do Estado do dia 27\/05\/20. Tal inconformidade dos dados j\u00e1 est\u00e1 sendo solucionada pela equipe t\u00e9cnica da sa\u00fade do Governo do Estado. Hoje tivemos mais um caso de COVID 19 RECUPERADO. Contabilizando at\u00e9 esta data 13 pacientes recuperados. Estes pacientes estavam cumprindo a quarentena em isolamento domiciliar com acompanhamento dos \u00f3rg\u00e3os de sa\u00fade municipal. Refor\u00e7amos a import\u00e2ncia de toda popula\u00e7\u00e3o seguir as orienta\u00e7\u00f5es do distanciamento social, o uso de m\u00e1scaras, a higieniza\u00e7\u00e3o das m\u00e3os com \u00e1lcool 70% e demais medidas apresentadas pela Secretaria de Sa\u00fade.<\/p>\n","protected":false},"author":2,"featured_media":25103,"comment_status":"closed","ping_status":"open","sticky":false,"template":"","format":"standard","meta":{"_eb_attr":"","_jetpack_memberships_contains_paid_content":false,"footnotes":""},"categories":[12],"tags":[],"class_list":["post-25102","post","type-post","status-publish","format-standard","has-post-thumbnail","hentry","category-geral"],"yoast_head":"<!-- This site is optimized with the Yoast SEO plugin v26.5 - https:\/\/yoast.com\/wordpress\/plugins\/seo\/ -->\n<title>Monteiro registra mais tr\u00eas casos do coronav\u00edrus - Not&iacute;cias em Destaque<\/title>\n<meta name=\"robots\" content=\"index, follow, max-snippet:-1, max-image-preview:large, max-video-preview:-1\" \/>\n<link rel=\"canonical\" href=\"https:\/\/noticiasemdestaque.com\/cd\/?p=25102\" \/>\n<meta property=\"og:locale\" content=\"pt_BR\" \/>\n<meta property=\"og:type\" content=\"article\" \/>\n<meta property=\"og:title\" content=\"Monteiro registra mais tr\u00eas casos do coronav\u00edrus - Not&iacute;cias em Destaque\" \/>\n<meta property=\"og:description\" content=\"A Secretaria Municipal de Sa\u00fade de Monteiro informa que nesta quinta-feira, 28, foram confirmados mais 03 novos casos POSITIVOS para o COVID &#8211; 19. Trata-se de dois pacientes do sexo masculino, 64 e 17 anos, e uma paciente do sexo feminino, 63 anos.Todos est\u00e3o sendo acompanhados pelas equipes de vigil\u00e2ncia e permanecem em isolamento domiciliar. Desta forma, totalizando at\u00e9 a presente data, 22 casos CONFIRMADOS DE COVID 19, e n\u00e3o 27 casos, como divulgado no Boletim do Estado do dia 27\/05\/20. Tal inconformidade dos dados j\u00e1 est\u00e1 sendo solucionada pela equipe t\u00e9cnica da sa\u00fade do Governo do Estado. Hoje tivemos mais um caso de COVID 19 RECUPERADO. Contabilizando at\u00e9 esta data 13 pacientes recuperados. Estes pacientes estavam cumprindo a quarentena em isolamento domiciliar com acompanhamento dos \u00f3rg\u00e3os de sa\u00fade municipal. Refor\u00e7amos a import\u00e2ncia de toda popula\u00e7\u00e3o seguir as orienta\u00e7\u00f5es do distanciamento social, o uso de m\u00e1scaras, a higieniza\u00e7\u00e3o das m\u00e3os com \u00e1lcool 70% e demais medidas apresentadas pela Secretaria de Sa\u00fade.\" \/>\n<meta property=\"og:url\" content=\"https:\/\/noticiasemdestaque.com\/cd\/?p=25102\" \/>\n<meta property=\"og:site_name\" content=\"Not&iacute;cias em Destaque\" \/>\n<meta property=\"article:published_time\" content=\"2020-05-28T20:49:58+00:00\" \/>\n<meta property=\"article:modified_time\" content=\"2020-05-28T21:30:15+00:00\" \/>\n<meta property=\"og:image\" content=\"https:\/\/noticiasemdestaque.com\/cd\/wp-content\/uploads\/2020\/05\/99136727_2961052240676489_623987009270054912_o.png\" \/>\n\t<meta property=\"og:image:width\" content=\"960\" \/>\n\t<meta property=\"og:image:height\" content=\"960\" \/>\n\t<meta property=\"og:image:type\" content=\"image\/png\" \/>\n<meta name=\"author\" content=\"Not\u00edcias em Destaque\" \/>\n<meta name=\"twitter:card\" content=\"summary_large_image\" \/>\n<meta name=\"twitter:label1\" content=\"Escrito por\" \/>\n\t<meta name=\"twitter:data1\" content=\"Not\u00edcias em Destaque\" \/>\n\t<meta name=\"twitter:label2\" content=\"Est. tempo de leitura\" \/>\n\t<meta name=\"twitter:data2\" content=\"1 minuto\" \/>\n<script type=\"application\/ld+json\" class=\"yoast-schema-graph\">{\"@context\":\"https:\/\/schema.org\",\"@graph\":[{\"@type\":\"Article\",\"@id\":\"https:\/\/noticiasemdestaque.com\/cd\/?p=25102#article\",\"isPartOf\":{\"@id\":\"https:\/\/noticiasemdestaque.com\/cd\/?p=25102\"},\"author\":{\"name\":\"Not\u00edcias em Destaque\",\"@id\":\"https:\/\/noticiasemdestaque.com\/cd\/#\/schema\/person\/21320b03a7e8bb90128938dafc9b908a\"},\"headline\":\"Monteiro registra mais tr\u00eas casos do coronav\u00edrus\",\"datePublished\":\"2020-05-28T20:49:58+00:00\",\"dateModified\":\"2020-05-28T21:30:15+00:00\",\"mainEntityOfPage\":{\"@id\":\"https:\/\/noticiasemdestaque.com\/cd\/?p=25102\"},\"wordCount\":174,\"publisher\":{\"@id\":\"https:\/\/noticiasemdestaque.com\/cd\/#organization\"},\"image\":{\"@id\":\"https:\/\/noticiasemdestaque.com\/cd\/?p=25102#primaryimage\"},\"thumbnailUrl\":\"https:\/\/noticiasemdestaque.com\/cd\/wp-content\/uploads\/2020\/05\/99136727_2961052240676489_623987009270054912_o.png\",\"articleSection\":[\"Geral\"],\"inLanguage\":\"pt-BR\"},{\"@type\":\"WebPage\",\"@id\":\"https:\/\/noticiasemdestaque.com\/cd\/?p=25102\",\"url\":\"https:\/\/noticiasemdestaque.com\/cd\/?p=25102\",\"name\":\"Monteiro registra mais tr\u00eas casos do coronav\u00edrus - Not&iacute;cias em Destaque\",\"isPartOf\":{\"@id\":\"https:\/\/noticiasemdestaque.com\/cd\/#website\"},\"primaryImageOfPage\":{\"@id\":\"https:\/\/noticiasemdestaque.com\/cd\/?p=25102#primaryimage\"},\"image\":{\"@id\":\"https:\/\/noticiasemdestaque.com\/cd\/?p=25102#primaryimage\"},\"thumbnailUrl\":\"https:\/\/noticiasemdestaque.com\/cd\/wp-content\/uploads\/2020\/05\/99136727_2961052240676489_623987009270054912_o.png\",\"datePublished\":\"2020-05-28T20:49:58+00:00\",\"dateModified\":\"2020-05-28T21:30:15+00:00\",\"breadcrumb\":{\"@id\":\"https:\/\/noticiasemdestaque.com\/cd\/?p=25102#breadcrumb\"},\"inLanguage\":\"pt-BR\",\"potentialAction\":[{\"@type\":\"ReadAction\",\"target\":[\"https:\/\/noticiasemdestaque.com\/cd\/?p=25102\"]}]},{\"@type\":\"ImageObject\",\"inLanguage\":\"pt-BR\",\"@id\":\"https:\/\/noticiasemdestaque.com\/cd\/?p=25102#primaryimage\",\"url\":\"https:\/\/noticiasemdestaque.com\/cd\/wp-content\/uploads\/2020\/05\/99136727_2961052240676489_623987009270054912_o.png\",\"contentUrl\":\"https:\/\/noticiasemdestaque.com\/cd\/wp-content\/uploads\/2020\/05\/99136727_2961052240676489_623987009270054912_o.png\",\"width\":960,\"height\":960},{\"@type\":\"BreadcrumbList\",\"@id\":\"https:\/\/noticiasemdestaque.com\/cd\/?p=25102#breadcrumb\",\"itemListElement\":[{\"@type\":\"ListItem\",\"position\":1,\"name\":\"In\u00edcio\",\"item\":\"https:\/\/noticiasemdestaque.com\/cd\/\"},{\"@type\":\"ListItem\",\"position\":2,\"name\":\"Monteiro registra mais tr\u00eas casos do coronav\u00edrus\"}]},{\"@type\":\"WebSite\",\"@id\":\"https:\/\/noticiasemdestaque.com\/cd\/#website\",\"url\":\"https:\/\/noticiasemdestaque.com\/cd\/\",\"name\":\"Not&iacute;cias em Destaque\",\"description\":\"\",\"publisher\":{\"@id\":\"https:\/\/noticiasemdestaque.com\/cd\/#organization\"},\"potentialAction\":[{\"@type\":\"SearchAction\",\"target\":{\"@type\":\"EntryPoint\",\"urlTemplate\":\"https:\/\/noticiasemdestaque.com\/cd\/?s={search_term_string}\"},\"query-input\":{\"@type\":\"PropertyValueSpecification\",\"valueRequired\":true,\"valueName\":\"search_term_string\"}}],\"inLanguage\":\"pt-BR\"},{\"@type\":\"Organization\",\"@id\":\"https:\/\/noticiasemdestaque.com\/cd\/#organization\",\"name\":\"Not\u00edcias em Destaque\",\"url\":\"https:\/\/noticiasemdestaque.com\/cd\/\",\"logo\":{\"@type\":\"ImageObject\",\"inLanguage\":\"pt-BR\",\"@id\":\"https:\/\/noticiasemdestaque.com\/cd\/#\/schema\/logo\/image\/\",\"url\":\"https:\/\/noticiasemdestaque.com\/cd\/wp-content\/uploads\/2022\/05\/imagem-base-noticiasemdestaque.png\",\"contentUrl\":\"https:\/\/noticiasemdestaque.com\/cd\/wp-content\/uploads\/2022\/05\/imagem-base-noticiasemdestaque.png\",\"width\":1200,\"height\":630,\"caption\":\"Not\u00edcias em Destaque\"},\"image\":{\"@id\":\"https:\/\/noticiasemdestaque.com\/cd\/#\/schema\/logo\/image\/\"}},{\"@type\":\"Person\",\"@id\":\"https:\/\/noticiasemdestaque.com\/cd\/#\/schema\/person\/21320b03a7e8bb90128938dafc9b908a\",\"name\":\"Not\u00edcias em Destaque\",\"url\":\"https:\/\/noticiasemdestaque.com\/cd\/?author=2\"}]}<\/script>\n<!-- \/ Yoast SEO plugin. -->","yoast_head_json":{"title":"Monteiro registra mais tr\u00eas casos do coronav\u00edrus - Not&iacute;cias em Destaque","robots":{"index":"index","follow":"follow","max-snippet":"max-snippet:-1","max-image-preview":"max-image-preview:large","max-video-preview":"max-video-preview:-1"},"canonical":"https:\/\/noticiasemdestaque.com\/cd\/?p=25102","og_locale":"pt_BR","og_type":"article","og_title":"Monteiro registra mais tr\u00eas casos do coronav\u00edrus - Not&iacute;cias em Destaque","og_description":"A Secretaria Municipal de Sa\u00fade de Monteiro informa que nesta quinta-feira, 28, foram confirmados mais 03 novos casos POSITIVOS para o COVID &#8211; 19. Trata-se de dois pacientes do sexo masculino, 64 e 17 anos, e uma paciente do sexo feminino, 63 anos.Todos est\u00e3o sendo acompanhados pelas equipes de vigil\u00e2ncia e permanecem em isolamento domiciliar. Desta forma, totalizando at\u00e9 a presente data, 22 casos CONFIRMADOS DE COVID 19, e n\u00e3o 27 casos, como divulgado no Boletim do Estado do dia 27\/05\/20. Tal inconformidade dos dados j\u00e1 est\u00e1 sendo solucionada pela equipe t\u00e9cnica da sa\u00fade do Governo do Estado. Hoje tivemos mais um caso de COVID 19 RECUPERADO. Contabilizando at\u00e9 esta data 13 pacientes recuperados. Estes pacientes estavam cumprindo a quarentena em isolamento domiciliar com acompanhamento dos \u00f3rg\u00e3os de sa\u00fade municipal. Refor\u00e7amos a import\u00e2ncia de toda popula\u00e7\u00e3o seguir as orienta\u00e7\u00f5es do distanciamento social, o uso de m\u00e1scaras, a higieniza\u00e7\u00e3o das m\u00e3os com \u00e1lcool 70% e demais medidas apresentadas pela Secretaria de Sa\u00fade.","og_url":"https:\/\/noticiasemdestaque.com\/cd\/?p=25102","og_site_name":"Not&iacute;cias em Destaque","article_published_time":"2020-05-28T20:49:58+00:00","article_modified_time":"2020-05-28T21:30:15+00:00","og_image":[{"width":960,"height":960,"url":"https:\/\/noticiasemdestaque.com\/cd\/wp-content\/uploads\/2020\/05\/99136727_2961052240676489_623987009270054912_o.png","type":"image\/png"}],"author":"Not\u00edcias em Destaque","twitter_card":"summary_large_image","twitter_misc":{"Escrito por":"Not\u00edcias em Destaque","Est. tempo de leitura":"1 minuto"},"schema":{"@context":"https:\/\/schema.org","@graph":[{"@type":"Article","@id":"https:\/\/noticiasemdestaque.com\/cd\/?p=25102#article","isPartOf":{"@id":"https:\/\/noticiasemdestaque.com\/cd\/?p=25102"},"author":{"name":"Not\u00edcias em Destaque","@id":"https:\/\/noticiasemdestaque.com\/cd\/#\/schema\/person\/21320b03a7e8bb90128938dafc9b908a"},"headline":"Monteiro registra mais tr\u00eas casos do coronav\u00edrus","datePublished":"2020-05-28T20:49:58+00:00","dateModified":"2020-05-28T21:30:15+00:00","mainEntityOfPage":{"@id":"https:\/\/noticiasemdestaque.com\/cd\/?p=25102"},"wordCount":174,"publisher":{"@id":"https:\/\/noticiasemdestaque.com\/cd\/#organization"},"image":{"@id":"https:\/\/noticiasemdestaque.com\/cd\/?p=25102#primaryimage"},"thumbnailUrl":"https:\/\/noticiasemdestaque.com\/cd\/wp-content\/uploads\/2020\/05\/99136727_2961052240676489_623987009270054912_o.png","articleSection":["Geral"],"inLanguage":"pt-BR"},{"@type":"WebPage","@id":"https:\/\/noticiasemdestaque.com\/cd\/?p=25102","url":"https:\/\/noticiasemdestaque.com\/cd\/?p=25102","name":"Monteiro registra mais tr\u00eas casos do coronav\u00edrus - Not&iacute;cias em Destaque","isPartOf":{"@id":"https:\/\/noticiasemdestaque.com\/cd\/#website"},"primaryImageOfPage":{"@id":"https:\/\/noticiasemdestaque.com\/cd\/?p=25102#primaryimage"},"image":{"@id":"https:\/\/noticiasemdestaque.com\/cd\/?p=25102#primaryimage"},"thumbnailUrl":"https:\/\/noticiasemdestaque.com\/cd\/wp-content\/uploads\/2020\/05\/99136727_2961052240676489_623987009270054912_o.png","datePublished":"2020-05-28T20:49:58+00:00","dateModified":"2020-05-28T21:30:15+00:00","breadcrumb":{"@id":"https:\/\/noticiasemdestaque.com\/cd\/?p=25102#breadcrumb"},"inLanguage":"pt-BR","potentialAction":[{"@type":"ReadAction","target":["https:\/\/noticiasemdestaque.com\/cd\/?p=25102"]}]},{"@type":"ImageObject","inLanguage":"pt-BR","@id":"https:\/\/noticiasemdestaque.com\/cd\/?p=25102#primaryimage","url":"https:\/\/noticiasemdestaque.com\/cd\/wp-content\/uploads\/2020\/05\/99136727_2961052240676489_623987009270054912_o.png","contentUrl":"https:\/\/noticiasemdestaque.com\/cd\/wp-content\/uploads\/2020\/05\/99136727_2961052240676489_623987009270054912_o.png","width":960,"height":960},{"@type":"BreadcrumbList","@id":"https:\/\/noticiasemdestaque.com\/cd\/?p=25102#breadcrumb","itemListElement":[{"@type":"ListItem","position":1,"name":"In\u00edcio","item":"https:\/\/noticiasemdestaque.com\/cd\/"},{"@type":"ListItem","position":2,"name":"Monteiro registra mais tr\u00eas casos do coronav\u00edrus"}]},{"@type":"WebSite","@id":"https:\/\/noticiasemdestaque.com\/cd\/#website","url":"https:\/\/noticiasemdestaque.com\/cd\/","name":"Not&iacute;cias em Destaque","description":"","publisher":{"@id":"https:\/\/noticiasemdestaque.com\/cd\/#organization"},"potentialAction":[{"@type":"SearchAction","target":{"@type":"EntryPoint","urlTemplate":"https:\/\/noticiasemdestaque.com\/cd\/?s={search_term_string}"},"query-input":{"@type":"PropertyValueSpecification","valueRequired":true,"valueName":"search_term_string"}}],"inLanguage":"pt-BR"},{"@type":"Organization","@id":"https:\/\/noticiasemdestaque.com\/cd\/#organization","name":"Not\u00edcias em Destaque","url":"https:\/\/noticiasemdestaque.com\/cd\/","logo":{"@type":"ImageObject","inLanguage":"pt-BR","@id":"https:\/\/noticiasemdestaque.com\/cd\/#\/schema\/logo\/image\/","url":"https:\/\/noticiasemdestaque.com\/cd\/wp-content\/uploads\/2022\/05\/imagem-base-noticiasemdestaque.png","contentUrl":"https:\/\/noticiasemdestaque.com\/cd\/wp-content\/uploads\/2022\/05\/imagem-base-noticiasemdestaque.png","width":1200,"height":630,"caption":"Not\u00edcias em Destaque"},"image":{"@id":"https:\/\/noticiasemdestaque.com\/cd\/#\/schema\/logo\/image\/"}},{"@type":"Person","@id":"https:\/\/noticiasemdestaque.com\/cd\/#\/schema\/person\/21320b03a7e8bb90128938dafc9b908a","name":"Not\u00edcias em Destaque","url":"https:\/\/noticiasemdestaque.com\/cd\/?author=2"}]}},"jetpack_featured_media_url":"https:\/\/noticiasemdestaque.com\/cd\/wp-content\/uploads\/2020\/05\/99136727_2961052240676489_623987009270054912_o.png","jetpack_sharing_enabled":true,"_links":{"self":[{"href":"https:\/\/noticiasemdestaque.com\/cd\/index.php?rest_route=\/wp\/v2\/posts\/25102","targetHints":{"allow":["GET"]}}],"collection":[{"href":"https:\/\/noticiasemdestaque.com\/cd\/index.php?rest_route=\/wp\/v2\/posts"}],"about":[{"href":"https:\/\/noticiasemdestaque.com\/cd\/index.php?rest_route=\/wp\/v2\/types\/post"}],"author":[{"embeddable":true,"href":"https:\/\/noticiasemdestaque.com\/cd\/index.php?rest_route=\/wp\/v2\/users\/2"}],"replies":[{"embeddable":true,"href":"https:\/\/noticiasemdestaque.com\/cd\/index.php?rest_route=%2Fwp%2Fv2%2Fcomments&post=25102"}],"version-history":[{"count":2,"href":"https:\/\/noticiasemdestaque.com\/cd\/index.php?rest_route=\/wp\/v2\/posts\/25102\/revisions"}],"predecessor-version":[{"id":25108,"href":"https:\/\/noticiasemdestaque.com\/cd\/index.php?rest_route=\/wp\/v2\/posts\/25102\/revisions\/25108"}],"wp:featuredmedia":[{"embeddable":true,"href":"https:\/\/noticiasemdestaque.com\/cd\/index.php?rest_route=\/wp\/v2\/media\/25103"}],"wp:attachment":[{"href":"https:\/\/noticiasemdestaque.com\/cd\/index.php?rest_route=%2Fwp%2Fv2%2Fmedia&parent=25102"}],"wp:term":[{"taxonomy":"category","embeddable":true,"href":"https:\/\/noticiasemdestaque.com\/cd\/index.php?rest_route=%2Fwp%2Fv2%2Fcategories&post=25102"},{"taxonomy":"post_tag","embeddable":true,"href":"https:\/\/noticiasemdestaque.com\/cd\/index.php?rest_route=%2Fwp%2Fv2%2Ftags&post=25102"}],"curies":[{"name":"wp","href":"https:\/\/api.w.org\/{rel}","templated":true}]}}