{"id":25079,"date":"2020-05-27T07:42:56","date_gmt":"2020-05-27T10:42:56","guid":{"rendered":"http:\/\/noticiasemdestaque.com\/cd\/?p=25079"},"modified":"2020-05-27T07:42:56","modified_gmt":"2020-05-27T10:42:56","slug":"prefeitura-de-sume-inicia-barreiras-sanitarias-nas-entradas-de-acesso-ao-municipio","status":"publish","type":"post","link":"https:\/\/noticiasemdestaque.com\/cd\/?p=25079","title":{"rendered":"Prefeitura de Sum\u00e9 inicia barreiras sanit\u00e1rias nas entradas de acesso ao munic\u00edpio"},"content":{"rendered":"<p><a href=\"https:\/\/noticiasemdestaque.com\/cd\/wp-content\/uploads\/2020\/05\/WhatsApp-Image-2020-05-26-at-11.37.22-2.jpeg\"><img fetchpriority=\"high\" decoding=\"async\" class=\"wp-image-25080 aligncenter\" src=\"https:\/\/noticiasemdestaque.com\/cd\/wp-content\/uploads\/2020\/05\/WhatsApp-Image-2020-05-26-at-11.37.22-2-1024x768.jpeg\" alt=\"\" width=\"482\" height=\"361\" srcset=\"https:\/\/noticiasemdestaque.com\/cd\/wp-content\/uploads\/2020\/05\/WhatsApp-Image-2020-05-26-at-11.37.22-2-1024x768.jpeg 1024w, https:\/\/noticiasemdestaque.com\/cd\/wp-content\/uploads\/2020\/05\/WhatsApp-Image-2020-05-26-at-11.37.22-2-300x225.jpeg 300w, https:\/\/noticiasemdestaque.com\/cd\/wp-content\/uploads\/2020\/05\/WhatsApp-Image-2020-05-26-at-11.37.22-2-768x576.jpeg 768w, https:\/\/noticiasemdestaque.com\/cd\/wp-content\/uploads\/2020\/05\/WhatsApp-Image-2020-05-26-at-11.37.22-2-640x480.jpeg 640w, https:\/\/noticiasemdestaque.com\/cd\/wp-content\/uploads\/2020\/05\/WhatsApp-Image-2020-05-26-at-11.37.22-2.jpeg 1040w\" sizes=\"(max-width: 482px) 100vw, 482px\" \/><\/a><\/p>\n<p>A Prefeitura de Sum\u00e9 iniciou as barreiras sanit\u00e1rias nas entradas de acesso do munic\u00edpio. A medida est\u00e1 sendo tomada para combater a dissemina\u00e7\u00e3o do coronav\u00edrus e est\u00e3o acontecendo em tr\u00eas pontos: dois na BR-412 sa\u00eddas para Monteiro, Congo e Campina Grande e na sa\u00edda para Amparo.<\/p>\n<p>As barreiras s\u00e3o compostas por profissionais da sa\u00fade, bombeiro civil, seguran\u00e7a e apoio da Policia Militar. Na abordagem s\u00e3o realizadas aferi\u00e7\u00f5es \u00a0de temperatura, repassadas informa\u00e7\u00f5es sobre a preven\u00e7\u00e3o do coronav\u00edrus, e identifica\u00e7\u00e3o de pessoas que ir\u00e3o se instalar no munic\u00edpio de Sum\u00e9.<\/p>\n<p>A partir de agora as barreiras estar\u00e3o de forma permanente nos pontos estrat\u00e9gicos do munic\u00edpio, uma a\u00e7\u00e3o especifica que ter\u00e1 seus servi\u00e7os ampliados no decorrer dos dias.<\/p>\n<p>De acordo com o coordenador da Vigil\u00e2ncia Sanit\u00e1ria do munic\u00edpio, Ricardo Morato, as barreiras s\u00e3o fundamentais, principalmente para identificar pessoas que v\u00eam de outros estados. \u201cPodemos identificar pessoas que estavam se descolocando para fazer neg\u00f3cios em Sum\u00e9, vindas de localidades que apresentam maior n\u00famero de casos de coronav\u00edrus\u201d, informou.<\/p>\n<p>Outras a\u00e7\u00f5es de combate ao coronav\u00edrus est\u00e3o sendo planejadas pela Prefeitura de Sum\u00e9 para somar \u00e0s medias j\u00e1 existentes que o munic\u00edpio tem adotado na preven\u00e7\u00e3o contra a dissemina\u00e7\u00e3o da doen\u00e7a.<\/p>\n<p>Ascom\/PMS<\/p>\n","protected":false},"excerpt":{"rendered":"<p>A Prefeitura de Sum\u00e9 iniciou as barreiras sanit\u00e1rias nas entradas de acesso do munic\u00edpio. A medida est\u00e1 sendo tomada para combater a dissemina\u00e7\u00e3o do coronav\u00edrus e est\u00e3o acontecendo em tr\u00eas pontos: dois na BR-412 sa\u00eddas para Monteiro, Congo e Campina Grande e na sa\u00edda para Amparo. As barreiras s\u00e3o compostas por profissionais da sa\u00fade, bombeiro civil, seguran\u00e7a e apoio da Policia Militar. Na abordagem s\u00e3o realizadas aferi\u00e7\u00f5es \u00a0de temperatura, repassadas informa\u00e7\u00f5es sobre a preven\u00e7\u00e3o do coronav\u00edrus, e identifica\u00e7\u00e3o de pessoas que ir\u00e3o se instalar no munic\u00edpio de Sum\u00e9. A partir de agora as barreiras estar\u00e3o de forma permanente nos pontos estrat\u00e9gicos do munic\u00edpio, uma a\u00e7\u00e3o especifica que ter\u00e1 seus servi\u00e7os ampliados no decorrer dos dias. De acordo com o coordenador da Vigil\u00e2ncia Sanit\u00e1ria do munic\u00edpio, Ricardo Morato, as barreiras s\u00e3o fundamentais, principalmente para identificar pessoas que v\u00eam de outros estados. \u201cPodemos identificar pessoas que estavam se descolocando para fazer neg\u00f3cios em Sum\u00e9, vindas de localidades que apresentam maior n\u00famero de casos de coronav\u00edrus\u201d, informou. Outras a\u00e7\u00f5es de combate ao coronav\u00edrus est\u00e3o sendo planejadas pela Prefeitura de Sum\u00e9 para somar \u00e0s medias j\u00e1 existentes que o munic\u00edpio tem adotado na preven\u00e7\u00e3o contra a dissemina\u00e7\u00e3o da doen\u00e7a. Ascom\/PMS<\/p>\n","protected":false},"author":2,"featured_media":25080,"comment_status":"closed","ping_status":"open","sticky":false,"template":"","format":"standard","meta":{"_eb_attr":"","_jetpack_memberships_contains_paid_content":false,"footnotes":""},"categories":[3],"tags":[],"class_list":["post-25079","post","type-post","status-publish","format-standard","has-post-thumbnail","hentry","category-cidades"],"yoast_head":"<!-- This site is optimized with the Yoast SEO plugin v26.5 - https:\/\/yoast.com\/wordpress\/plugins\/seo\/ -->\n<title>Prefeitura de Sum\u00e9 inicia barreiras sanit\u00e1rias nas entradas de acesso ao munic\u00edpio - Not&iacute;cias em Destaque<\/title>\n<meta name=\"robots\" content=\"index, follow, max-snippet:-1, max-image-preview:large, max-video-preview:-1\" \/>\n<link rel=\"canonical\" href=\"https:\/\/noticiasemdestaque.com\/cd\/?p=25079\" \/>\n<meta property=\"og:locale\" content=\"pt_BR\" \/>\n<meta property=\"og:type\" content=\"article\" \/>\n<meta property=\"og:title\" content=\"Prefeitura de Sum\u00e9 inicia barreiras sanit\u00e1rias nas entradas de acesso ao munic\u00edpio - Not&iacute;cias em Destaque\" \/>\n<meta property=\"og:description\" content=\"A Prefeitura de Sum\u00e9 iniciou as barreiras sanit\u00e1rias nas entradas de acesso do munic\u00edpio. A medida est\u00e1 sendo tomada para combater a dissemina\u00e7\u00e3o do coronav\u00edrus e est\u00e3o acontecendo em tr\u00eas pontos: dois na BR-412 sa\u00eddas para Monteiro, Congo e Campina Grande e na sa\u00edda para Amparo. As barreiras s\u00e3o compostas por profissionais da sa\u00fade, bombeiro civil, seguran\u00e7a e apoio da Policia Militar. Na abordagem s\u00e3o realizadas aferi\u00e7\u00f5es \u00a0de temperatura, repassadas informa\u00e7\u00f5es sobre a preven\u00e7\u00e3o do coronav\u00edrus, e identifica\u00e7\u00e3o de pessoas que ir\u00e3o se instalar no munic\u00edpio de Sum\u00e9. A partir de agora as barreiras estar\u00e3o de forma permanente nos pontos estrat\u00e9gicos do munic\u00edpio, uma a\u00e7\u00e3o especifica que ter\u00e1 seus servi\u00e7os ampliados no decorrer dos dias. De acordo com o coordenador da Vigil\u00e2ncia Sanit\u00e1ria do munic\u00edpio, Ricardo Morato, as barreiras s\u00e3o fundamentais, principalmente para identificar pessoas que v\u00eam de outros estados. \u201cPodemos identificar pessoas que estavam se descolocando para fazer neg\u00f3cios em Sum\u00e9, vindas de localidades que apresentam maior n\u00famero de casos de coronav\u00edrus\u201d, informou. Outras a\u00e7\u00f5es de combate ao coronav\u00edrus est\u00e3o sendo planejadas pela Prefeitura de Sum\u00e9 para somar \u00e0s medias j\u00e1 existentes que o munic\u00edpio tem adotado na preven\u00e7\u00e3o contra a dissemina\u00e7\u00e3o da doen\u00e7a. Ascom\/PMS\" \/>\n<meta property=\"og:url\" content=\"https:\/\/noticiasemdestaque.com\/cd\/?p=25079\" \/>\n<meta property=\"og:site_name\" content=\"Not&iacute;cias em Destaque\" \/>\n<meta property=\"article:published_time\" content=\"2020-05-27T10:42:56+00:00\" \/>\n<meta property=\"og:image\" content=\"https:\/\/noticiasemdestaque.com\/cd\/wp-content\/uploads\/2020\/05\/WhatsApp-Image-2020-05-26-at-11.37.22-2.jpeg\" \/>\n\t<meta property=\"og:image:width\" content=\"1040\" \/>\n\t<meta property=\"og:image:height\" content=\"780\" \/>\n\t<meta property=\"og:image:type\" content=\"image\/jpeg\" \/>\n<meta name=\"author\" content=\"Not\u00edcias em Destaque\" \/>\n<meta name=\"twitter:card\" content=\"summary_large_image\" \/>\n<meta name=\"twitter:label1\" content=\"Escrito por\" \/>\n\t<meta name=\"twitter:data1\" content=\"Not\u00edcias em Destaque\" \/>\n\t<meta name=\"twitter:label2\" content=\"Est. tempo de leitura\" \/>\n\t<meta name=\"twitter:data2\" content=\"1 minuto\" \/>\n<script type=\"application\/ld+json\" class=\"yoast-schema-graph\">{\"@context\":\"https:\/\/schema.org\",\"@graph\":[{\"@type\":\"Article\",\"@id\":\"https:\/\/noticiasemdestaque.com\/cd\/?p=25079#article\",\"isPartOf\":{\"@id\":\"https:\/\/noticiasemdestaque.com\/cd\/?p=25079\"},\"author\":{\"name\":\"Not\u00edcias em Destaque\",\"@id\":\"https:\/\/noticiasemdestaque.com\/cd\/#\/schema\/person\/21320b03a7e8bb90128938dafc9b908a\"},\"headline\":\"Prefeitura de Sum\u00e9 inicia barreiras sanit\u00e1rias nas entradas de acesso ao munic\u00edpio\",\"datePublished\":\"2020-05-27T10:42:56+00:00\",\"mainEntityOfPage\":{\"@id\":\"https:\/\/noticiasemdestaque.com\/cd\/?p=25079\"},\"wordCount\":250,\"publisher\":{\"@id\":\"https:\/\/noticiasemdestaque.com\/cd\/#organization\"},\"image\":{\"@id\":\"https:\/\/noticiasemdestaque.com\/cd\/?p=25079#primaryimage\"},\"thumbnailUrl\":\"https:\/\/noticiasemdestaque.com\/cd\/wp-content\/uploads\/2020\/05\/WhatsApp-Image-2020-05-26-at-11.37.22-2.jpeg\",\"articleSection\":[\"Cidades\"],\"inLanguage\":\"pt-BR\"},{\"@type\":\"WebPage\",\"@id\":\"https:\/\/noticiasemdestaque.com\/cd\/?p=25079\",\"url\":\"https:\/\/noticiasemdestaque.com\/cd\/?p=25079\",\"name\":\"Prefeitura de Sum\u00e9 inicia barreiras sanit\u00e1rias nas entradas de acesso ao munic\u00edpio - Not&iacute;cias em Destaque\",\"isPartOf\":{\"@id\":\"https:\/\/noticiasemdestaque.com\/cd\/#website\"},\"primaryImageOfPage\":{\"@id\":\"https:\/\/noticiasemdestaque.com\/cd\/?p=25079#primaryimage\"},\"image\":{\"@id\":\"https:\/\/noticiasemdestaque.com\/cd\/?p=25079#primaryimage\"},\"thumbnailUrl\":\"https:\/\/noticiasemdestaque.com\/cd\/wp-content\/uploads\/2020\/05\/WhatsApp-Image-2020-05-26-at-11.37.22-2.jpeg\",\"datePublished\":\"2020-05-27T10:42:56+00:00\",\"breadcrumb\":{\"@id\":\"https:\/\/noticiasemdestaque.com\/cd\/?p=25079#breadcrumb\"},\"inLanguage\":\"pt-BR\",\"potentialAction\":[{\"@type\":\"ReadAction\",\"target\":[\"https:\/\/noticiasemdestaque.com\/cd\/?p=25079\"]}]},{\"@type\":\"ImageObject\",\"inLanguage\":\"pt-BR\",\"@id\":\"https:\/\/noticiasemdestaque.com\/cd\/?p=25079#primaryimage\",\"url\":\"https:\/\/noticiasemdestaque.com\/cd\/wp-content\/uploads\/2020\/05\/WhatsApp-Image-2020-05-26-at-11.37.22-2.jpeg\",\"contentUrl\":\"https:\/\/noticiasemdestaque.com\/cd\/wp-content\/uploads\/2020\/05\/WhatsApp-Image-2020-05-26-at-11.37.22-2.jpeg\",\"width\":1040,\"height\":780},{\"@type\":\"BreadcrumbList\",\"@id\":\"https:\/\/noticiasemdestaque.com\/cd\/?p=25079#breadcrumb\",\"itemListElement\":[{\"@type\":\"ListItem\",\"position\":1,\"name\":\"In\u00edcio\",\"item\":\"https:\/\/noticiasemdestaque.com\/cd\/\"},{\"@type\":\"ListItem\",\"position\":2,\"name\":\"Prefeitura de Sum\u00e9 inicia barreiras sanit\u00e1rias nas entradas de acesso ao munic\u00edpio\"}]},{\"@type\":\"WebSite\",\"@id\":\"https:\/\/noticiasemdestaque.com\/cd\/#website\",\"url\":\"https:\/\/noticiasemdestaque.com\/cd\/\",\"name\":\"Not&iacute;cias em Destaque\",\"description\":\"\",\"publisher\":{\"@id\":\"https:\/\/noticiasemdestaque.com\/cd\/#organization\"},\"potentialAction\":[{\"@type\":\"SearchAction\",\"target\":{\"@type\":\"EntryPoint\",\"urlTemplate\":\"https:\/\/noticiasemdestaque.com\/cd\/?s={search_term_string}\"},\"query-input\":{\"@type\":\"PropertyValueSpecification\",\"valueRequired\":true,\"valueName\":\"search_term_string\"}}],\"inLanguage\":\"pt-BR\"},{\"@type\":\"Organization\",\"@id\":\"https:\/\/noticiasemdestaque.com\/cd\/#organization\",\"name\":\"Not\u00edcias em Destaque\",\"url\":\"https:\/\/noticiasemdestaque.com\/cd\/\",\"logo\":{\"@type\":\"ImageObject\",\"inLanguage\":\"pt-BR\",\"@id\":\"https:\/\/noticiasemdestaque.com\/cd\/#\/schema\/logo\/image\/\",\"url\":\"https:\/\/noticiasemdestaque.com\/cd\/wp-content\/uploads\/2022\/05\/imagem-base-noticiasemdestaque.png\",\"contentUrl\":\"https:\/\/noticiasemdestaque.com\/cd\/wp-content\/uploads\/2022\/05\/imagem-base-noticiasemdestaque.png\",\"width\":1200,\"height\":630,\"caption\":\"Not\u00edcias em Destaque\"},\"image\":{\"@id\":\"https:\/\/noticiasemdestaque.com\/cd\/#\/schema\/logo\/image\/\"}},{\"@type\":\"Person\",\"@id\":\"https:\/\/noticiasemdestaque.com\/cd\/#\/schema\/person\/21320b03a7e8bb90128938dafc9b908a\",\"name\":\"Not\u00edcias em Destaque\",\"url\":\"https:\/\/noticiasemdestaque.com\/cd\/?author=2\"}]}<\/script>\n<!-- \/ Yoast SEO plugin. -->","yoast_head_json":{"title":"Prefeitura de Sum\u00e9 inicia barreiras sanit\u00e1rias nas entradas de acesso ao munic\u00edpio - Not&iacute;cias em Destaque","robots":{"index":"index","follow":"follow","max-snippet":"max-snippet:-1","max-image-preview":"max-image-preview:large","max-video-preview":"max-video-preview:-1"},"canonical":"https:\/\/noticiasemdestaque.com\/cd\/?p=25079","og_locale":"pt_BR","og_type":"article","og_title":"Prefeitura de Sum\u00e9 inicia barreiras sanit\u00e1rias nas entradas de acesso ao munic\u00edpio - Not&iacute;cias em Destaque","og_description":"A Prefeitura de Sum\u00e9 iniciou as barreiras sanit\u00e1rias nas entradas de acesso do munic\u00edpio. A medida est\u00e1 sendo tomada para combater a dissemina\u00e7\u00e3o do coronav\u00edrus e est\u00e3o acontecendo em tr\u00eas pontos: dois na BR-412 sa\u00eddas para Monteiro, Congo e Campina Grande e na sa\u00edda para Amparo. As barreiras s\u00e3o compostas por profissionais da sa\u00fade, bombeiro civil, seguran\u00e7a e apoio da Policia Militar. Na abordagem s\u00e3o realizadas aferi\u00e7\u00f5es \u00a0de temperatura, repassadas informa\u00e7\u00f5es sobre a preven\u00e7\u00e3o do coronav\u00edrus, e identifica\u00e7\u00e3o de pessoas que ir\u00e3o se instalar no munic\u00edpio de Sum\u00e9. A partir de agora as barreiras estar\u00e3o de forma permanente nos pontos estrat\u00e9gicos do munic\u00edpio, uma a\u00e7\u00e3o especifica que ter\u00e1 seus servi\u00e7os ampliados no decorrer dos dias. De acordo com o coordenador da Vigil\u00e2ncia Sanit\u00e1ria do munic\u00edpio, Ricardo Morato, as barreiras s\u00e3o fundamentais, principalmente para identificar pessoas que v\u00eam de outros estados. \u201cPodemos identificar pessoas que estavam se descolocando para fazer neg\u00f3cios em Sum\u00e9, vindas de localidades que apresentam maior n\u00famero de casos de coronav\u00edrus\u201d, informou. Outras a\u00e7\u00f5es de combate ao coronav\u00edrus est\u00e3o sendo planejadas pela Prefeitura de Sum\u00e9 para somar \u00e0s medias j\u00e1 existentes que o munic\u00edpio tem adotado na preven\u00e7\u00e3o contra a dissemina\u00e7\u00e3o da doen\u00e7a. Ascom\/PMS","og_url":"https:\/\/noticiasemdestaque.com\/cd\/?p=25079","og_site_name":"Not&iacute;cias em Destaque","article_published_time":"2020-05-27T10:42:56+00:00","og_image":[{"width":1040,"height":780,"url":"https:\/\/noticiasemdestaque.com\/cd\/wp-content\/uploads\/2020\/05\/WhatsApp-Image-2020-05-26-at-11.37.22-2.jpeg","type":"image\/jpeg"}],"author":"Not\u00edcias em Destaque","twitter_card":"summary_large_image","twitter_misc":{"Escrito por":"Not\u00edcias em Destaque","Est. tempo de leitura":"1 minuto"},"schema":{"@context":"https:\/\/schema.org","@graph":[{"@type":"Article","@id":"https:\/\/noticiasemdestaque.com\/cd\/?p=25079#article","isPartOf":{"@id":"https:\/\/noticiasemdestaque.com\/cd\/?p=25079"},"author":{"name":"Not\u00edcias em Destaque","@id":"https:\/\/noticiasemdestaque.com\/cd\/#\/schema\/person\/21320b03a7e8bb90128938dafc9b908a"},"headline":"Prefeitura de Sum\u00e9 inicia barreiras sanit\u00e1rias nas entradas de acesso ao munic\u00edpio","datePublished":"2020-05-27T10:42:56+00:00","mainEntityOfPage":{"@id":"https:\/\/noticiasemdestaque.com\/cd\/?p=25079"},"wordCount":250,"publisher":{"@id":"https:\/\/noticiasemdestaque.com\/cd\/#organization"},"image":{"@id":"https:\/\/noticiasemdestaque.com\/cd\/?p=25079#primaryimage"},"thumbnailUrl":"https:\/\/noticiasemdestaque.com\/cd\/wp-content\/uploads\/2020\/05\/WhatsApp-Image-2020-05-26-at-11.37.22-2.jpeg","articleSection":["Cidades"],"inLanguage":"pt-BR"},{"@type":"WebPage","@id":"https:\/\/noticiasemdestaque.com\/cd\/?p=25079","url":"https:\/\/noticiasemdestaque.com\/cd\/?p=25079","name":"Prefeitura de Sum\u00e9 inicia barreiras sanit\u00e1rias nas entradas de acesso ao munic\u00edpio - Not&iacute;cias em Destaque","isPartOf":{"@id":"https:\/\/noticiasemdestaque.com\/cd\/#website"},"primaryImageOfPage":{"@id":"https:\/\/noticiasemdestaque.com\/cd\/?p=25079#primaryimage"},"image":{"@id":"https:\/\/noticiasemdestaque.com\/cd\/?p=25079#primaryimage"},"thumbnailUrl":"https:\/\/noticiasemdestaque.com\/cd\/wp-content\/uploads\/2020\/05\/WhatsApp-Image-2020-05-26-at-11.37.22-2.jpeg","datePublished":"2020-05-27T10:42:56+00:00","breadcrumb":{"@id":"https:\/\/noticiasemdestaque.com\/cd\/?p=25079#breadcrumb"},"inLanguage":"pt-BR","potentialAction":[{"@type":"ReadAction","target":["https:\/\/noticiasemdestaque.com\/cd\/?p=25079"]}]},{"@type":"ImageObject","inLanguage":"pt-BR","@id":"https:\/\/noticiasemdestaque.com\/cd\/?p=25079#primaryimage","url":"https:\/\/noticiasemdestaque.com\/cd\/wp-content\/uploads\/2020\/05\/WhatsApp-Image-2020-05-26-at-11.37.22-2.jpeg","contentUrl":"https:\/\/noticiasemdestaque.com\/cd\/wp-content\/uploads\/2020\/05\/WhatsApp-Image-2020-05-26-at-11.37.22-2.jpeg","width":1040,"height":780},{"@type":"BreadcrumbList","@id":"https:\/\/noticiasemdestaque.com\/cd\/?p=25079#breadcrumb","itemListElement":[{"@type":"ListItem","position":1,"name":"In\u00edcio","item":"https:\/\/noticiasemdestaque.com\/cd\/"},{"@type":"ListItem","position":2,"name":"Prefeitura de Sum\u00e9 inicia barreiras sanit\u00e1rias nas entradas de acesso ao munic\u00edpio"}]},{"@type":"WebSite","@id":"https:\/\/noticiasemdestaque.com\/cd\/#website","url":"https:\/\/noticiasemdestaque.com\/cd\/","name":"Not&iacute;cias em Destaque","description":"","publisher":{"@id":"https:\/\/noticiasemdestaque.com\/cd\/#organization"},"potentialAction":[{"@type":"SearchAction","target":{"@type":"EntryPoint","urlTemplate":"https:\/\/noticiasemdestaque.com\/cd\/?s={search_term_string}"},"query-input":{"@type":"PropertyValueSpecification","valueRequired":true,"valueName":"search_term_string"}}],"inLanguage":"pt-BR"},{"@type":"Organization","@id":"https:\/\/noticiasemdestaque.com\/cd\/#organization","name":"Not\u00edcias em Destaque","url":"https:\/\/noticiasemdestaque.com\/cd\/","logo":{"@type":"ImageObject","inLanguage":"pt-BR","@id":"https:\/\/noticiasemdestaque.com\/cd\/#\/schema\/logo\/image\/","url":"https:\/\/noticiasemdestaque.com\/cd\/wp-content\/uploads\/2022\/05\/imagem-base-noticiasemdestaque.png","contentUrl":"https:\/\/noticiasemdestaque.com\/cd\/wp-content\/uploads\/2022\/05\/imagem-base-noticiasemdestaque.png","width":1200,"height":630,"caption":"Not\u00edcias em Destaque"},"image":{"@id":"https:\/\/noticiasemdestaque.com\/cd\/#\/schema\/logo\/image\/"}},{"@type":"Person","@id":"https:\/\/noticiasemdestaque.com\/cd\/#\/schema\/person\/21320b03a7e8bb90128938dafc9b908a","name":"Not\u00edcias em Destaque","url":"https:\/\/noticiasemdestaque.com\/cd\/?author=2"}]}},"jetpack_featured_media_url":"https:\/\/noticiasemdestaque.com\/cd\/wp-content\/uploads\/2020\/05\/WhatsApp-Image-2020-05-26-at-11.37.22-2.jpeg","jetpack_sharing_enabled":true,"_links":{"self":[{"href":"https:\/\/noticiasemdestaque.com\/cd\/index.php?rest_route=\/wp\/v2\/posts\/25079","targetHints":{"allow":["GET"]}}],"collection":[{"href":"https:\/\/noticiasemdestaque.com\/cd\/index.php?rest_route=\/wp\/v2\/posts"}],"about":[{"href":"https:\/\/noticiasemdestaque.com\/cd\/index.php?rest_route=\/wp\/v2\/types\/post"}],"author":[{"embeddable":true,"href":"https:\/\/noticiasemdestaque.com\/cd\/index.php?rest_route=\/wp\/v2\/users\/2"}],"replies":[{"embeddable":true,"href":"https:\/\/noticiasemdestaque.com\/cd\/index.php?rest_route=%2Fwp%2Fv2%2Fcomments&post=25079"}],"version-history":[{"count":1,"href":"https:\/\/noticiasemdestaque.com\/cd\/index.php?rest_route=\/wp\/v2\/posts\/25079\/revisions"}],"predecessor-version":[{"id":25081,"href":"https:\/\/noticiasemdestaque.com\/cd\/index.php?rest_route=\/wp\/v2\/posts\/25079\/revisions\/25081"}],"wp:featuredmedia":[{"embeddable":true,"href":"https:\/\/noticiasemdestaque.com\/cd\/index.php?rest_route=\/wp\/v2\/media\/25080"}],"wp:attachment":[{"href":"https:\/\/noticiasemdestaque.com\/cd\/index.php?rest_route=%2Fwp%2Fv2%2Fmedia&parent=25079"}],"wp:term":[{"taxonomy":"category","embeddable":true,"href":"https:\/\/noticiasemdestaque.com\/cd\/index.php?rest_route=%2Fwp%2Fv2%2Fcategories&post=25079"},{"taxonomy":"post_tag","embeddable":true,"href":"https:\/\/noticiasemdestaque.com\/cd\/index.php?rest_route=%2Fwp%2Fv2%2Ftags&post=25079"}],"curies":[{"name":"wp","href":"https:\/\/api.w.org\/{rel}","templated":true}]}}