{"id":25073,"date":"2020-05-27T07:35:51","date_gmt":"2020-05-27T10:35:51","guid":{"rendered":"http:\/\/noticiasemdestaque.com\/cd\/?p=25073"},"modified":"2020-05-27T07:35:51","modified_gmt":"2020-05-27T10:35:51","slug":"ifpb-prorroga-suspensao-das-atividades-presenciais-para-ate-30-de-junho","status":"publish","type":"post","link":"https:\/\/noticiasemdestaque.com\/cd\/?p=25073","title":{"rendered":"IFPB prorroga suspens\u00e3o das atividades presenciais para at\u00e9 30 de junho"},"content":{"rendered":"<div>\n<p><a href=\"https:\/\/noticiasemdestaque.com\/cd\/wp-content\/uploads\/2017\/10\/IFPB_JO\u00c3O-PESSOA.jpg\"><img fetchpriority=\"high\" decoding=\"async\" class=\"size-full wp-image-4851 alignleft\" src=\"https:\/\/noticiasemdestaque.com\/cd\/wp-content\/uploads\/2017\/10\/IFPB_JO\u00c3O-PESSOA.jpg\" alt=\"\" width=\"400\" height=\"267\" srcset=\"https:\/\/noticiasemdestaque.com\/cd\/wp-content\/uploads\/2017\/10\/IFPB_JO\u00c3O-PESSOA.jpg 400w, https:\/\/noticiasemdestaque.com\/cd\/wp-content\/uploads\/2017\/10\/IFPB_JO\u00c3O-PESSOA-300x200.jpg 300w\" sizes=\"(max-width: 400px) 100vw, 400px\" \/><\/a><\/p>\n<p>O Instituto Federal da Para\u00edba preocupado com o agravamento da situa\u00e7\u00e3o da pandemia provocada pelo novo coronav\u00edrus, decidiu prorrogar a suspens\u00e3o das atividades presenciais em todas as unidades do IFPB para at\u00e9 o dia 30 de junho.<\/p>\n<\/div>\n<div><\/div>\n<div>A decis\u00e3o foi referendada em reuni\u00e3o realizada nesta segunda-feira (25) atrav\u00e9s de v\u00eddeoconfer\u00eancia pelo Conselho Superior, ap\u00f3s uma recomenda\u00e7\u00e3o do Comit\u00ea do IFPB respons\u00e1vel pelo enfrentamento da dissemina\u00e7\u00e3o e combate ao cononav\u00edrus para o Col\u00e9gio de Dirigentes da institui\u00e7\u00e3o (formado pelo Reitor, Pr\u00f3-reitores e Diretores Gerais dos campi).<\/div>\n<div><\/div>\n<div>Segundo o reitor Nic\u00e1cio Lopes a decis\u00e3o da nova prorroga\u00e7\u00e3o da suspens\u00e3o das atividades did\u00e1tico-pedag\u00f3gicas, se deu em fun\u00e7\u00e3o da escalada progressiva de transmiss\u00e3o de novos casos e de \u00f3bitos provocados pela covid-19 no estado. \u201cDe acordo com especialistas n\u00f3s ainda n\u00e3o chegamos ao pico da doen\u00e7a, ent\u00e3o para que haja um decl\u00ednio destes indicadores, essa medida nossa \u00e9 preventiva. Precisamos intensificar o procedimento de distanciamento social para proteger a nossa comunidade\u201d disse.<\/div>\n<div><\/div>\n<div>\u201cN\u00f3s estamos trabalhando intensamente na perspectiva de preparar a institui\u00e7\u00e3o para o retorno das atividades, n\u00e3o temos ainda perspectiva para esse retorno porque dependemos da evolu\u00e7\u00e3o do cen\u00e1rio desta conjuntura, mas reafirmamos nosso compromisso com a vida humana, a seguran\u00e7a e a sa\u00fade p\u00fablica. N\u00f3s s\u00f3 retornaremos as atividades, quando tivermos certeza de que a nossa comunidade estar\u00e1 devidamente protegida\u201d concluiu o reitor.<\/div>\n<div><\/div>\n<div>O prazo anterior da prorroga\u00e7\u00e3o da suspens\u00e3o das atividades presenciais acabava nesta sexta-feira (29).<\/div>\n","protected":false},"excerpt":{"rendered":"<p>O Instituto Federal da Para\u00edba preocupado com o agravamento da situa\u00e7\u00e3o da pandemia provocada pelo novo coronav\u00edrus, decidiu prorrogar a suspens\u00e3o das atividades presenciais em todas as unidades do IFPB para at\u00e9 o dia 30 de junho. A decis\u00e3o foi referendada em reuni\u00e3o realizada nesta segunda-feira (25) atrav\u00e9s de v\u00eddeoconfer\u00eancia pelo Conselho Superior, ap\u00f3s uma recomenda\u00e7\u00e3o do Comit\u00ea do IFPB respons\u00e1vel pelo enfrentamento da dissemina\u00e7\u00e3o e combate ao cononav\u00edrus para o Col\u00e9gio de Dirigentes da institui\u00e7\u00e3o (formado pelo Reitor, Pr\u00f3-reitores e Diretores Gerais dos campi). Segundo o reitor Nic\u00e1cio Lopes a decis\u00e3o da nova prorroga\u00e7\u00e3o da suspens\u00e3o das atividades did\u00e1tico-pedag\u00f3gicas, se deu em fun\u00e7\u00e3o da escalada progressiva de transmiss\u00e3o de novos casos e de \u00f3bitos provocados pela covid-19 no estado. \u201cDe acordo com especialistas n\u00f3s ainda n\u00e3o chegamos ao pico da doen\u00e7a, ent\u00e3o para que haja um decl\u00ednio destes indicadores, essa medida nossa \u00e9 preventiva. Precisamos intensificar o procedimento de distanciamento social para proteger a nossa comunidade\u201d disse. \u201cN\u00f3s estamos trabalhando intensamente na perspectiva de preparar a institui\u00e7\u00e3o para o retorno das atividades, n\u00e3o temos ainda perspectiva para esse retorno porque dependemos da evolu\u00e7\u00e3o do cen\u00e1rio desta conjuntura, mas reafirmamos nosso compromisso com a vida humana, a seguran\u00e7a e a sa\u00fade p\u00fablica. N\u00f3s s\u00f3 retornaremos as atividades, quando tivermos certeza de que a nossa comunidade estar\u00e1 devidamente protegida\u201d concluiu o reitor. O prazo anterior da prorroga\u00e7\u00e3o da suspens\u00e3o das atividades presenciais acabava nesta sexta-feira (29).<\/p>\n","protected":false},"author":2,"featured_media":4851,"comment_status":"closed","ping_status":"open","sticky":false,"template":"","format":"standard","meta":{"_eb_attr":"","_jetpack_memberships_contains_paid_content":false,"footnotes":""},"categories":[6],"tags":[],"class_list":["post-25073","post","type-post","status-publish","format-standard","has-post-thumbnail","hentry","category-educacao"],"yoast_head":"<!-- This site is optimized with the Yoast SEO plugin v26.5 - https:\/\/yoast.com\/wordpress\/plugins\/seo\/ -->\n<title>IFPB prorroga suspens\u00e3o das atividades presenciais para at\u00e9 30 de junho - Not&iacute;cias em Destaque<\/title>\n<meta name=\"robots\" content=\"index, follow, max-snippet:-1, max-image-preview:large, max-video-preview:-1\" \/>\n<link rel=\"canonical\" href=\"https:\/\/noticiasemdestaque.com\/cd\/?p=25073\" \/>\n<meta property=\"og:locale\" content=\"pt_BR\" \/>\n<meta property=\"og:type\" content=\"article\" \/>\n<meta property=\"og:title\" content=\"IFPB prorroga suspens\u00e3o das atividades presenciais para at\u00e9 30 de junho - Not&iacute;cias em Destaque\" \/>\n<meta property=\"og:description\" content=\"O Instituto Federal da Para\u00edba preocupado com o agravamento da situa\u00e7\u00e3o da pandemia provocada pelo novo coronav\u00edrus, decidiu prorrogar a suspens\u00e3o das atividades presenciais em todas as unidades do IFPB para at\u00e9 o dia 30 de junho. A decis\u00e3o foi referendada em reuni\u00e3o realizada nesta segunda-feira (25) atrav\u00e9s de v\u00eddeoconfer\u00eancia pelo Conselho Superior, ap\u00f3s uma recomenda\u00e7\u00e3o do Comit\u00ea do IFPB respons\u00e1vel pelo enfrentamento da dissemina\u00e7\u00e3o e combate ao cononav\u00edrus para o Col\u00e9gio de Dirigentes da institui\u00e7\u00e3o (formado pelo Reitor, Pr\u00f3-reitores e Diretores Gerais dos campi). Segundo o reitor Nic\u00e1cio Lopes a decis\u00e3o da nova prorroga\u00e7\u00e3o da suspens\u00e3o das atividades did\u00e1tico-pedag\u00f3gicas, se deu em fun\u00e7\u00e3o da escalada progressiva de transmiss\u00e3o de novos casos e de \u00f3bitos provocados pela covid-19 no estado. \u201cDe acordo com especialistas n\u00f3s ainda n\u00e3o chegamos ao pico da doen\u00e7a, ent\u00e3o para que haja um decl\u00ednio destes indicadores, essa medida nossa \u00e9 preventiva. Precisamos intensificar o procedimento de distanciamento social para proteger a nossa comunidade\u201d disse. \u201cN\u00f3s estamos trabalhando intensamente na perspectiva de preparar a institui\u00e7\u00e3o para o retorno das atividades, n\u00e3o temos ainda perspectiva para esse retorno porque dependemos da evolu\u00e7\u00e3o do cen\u00e1rio desta conjuntura, mas reafirmamos nosso compromisso com a vida humana, a seguran\u00e7a e a sa\u00fade p\u00fablica. N\u00f3s s\u00f3 retornaremos as atividades, quando tivermos certeza de que a nossa comunidade estar\u00e1 devidamente protegida\u201d concluiu o reitor. O prazo anterior da prorroga\u00e7\u00e3o da suspens\u00e3o das atividades presenciais acabava nesta sexta-feira (29).\" \/>\n<meta property=\"og:url\" content=\"https:\/\/noticiasemdestaque.com\/cd\/?p=25073\" \/>\n<meta property=\"og:site_name\" content=\"Not&iacute;cias em Destaque\" \/>\n<meta property=\"article:published_time\" content=\"2020-05-27T10:35:51+00:00\" \/>\n<meta property=\"og:image\" content=\"https:\/\/noticiasemdestaque.com\/cd\/wp-content\/uploads\/2017\/10\/IFPB_JO\u00c3O-PESSOA.jpg\" \/>\n\t<meta property=\"og:image:width\" content=\"400\" \/>\n\t<meta property=\"og:image:height\" content=\"267\" \/>\n\t<meta property=\"og:image:type\" content=\"image\/jpeg\" \/>\n<meta name=\"author\" content=\"Not\u00edcias em Destaque\" \/>\n<meta name=\"twitter:card\" content=\"summary_large_image\" \/>\n<meta name=\"twitter:label1\" content=\"Escrito por\" \/>\n\t<meta name=\"twitter:data1\" content=\"Not\u00edcias em Destaque\" \/>\n\t<meta name=\"twitter:label2\" content=\"Est. tempo de leitura\" \/>\n\t<meta name=\"twitter:data2\" content=\"1 minuto\" \/>\n<script type=\"application\/ld+json\" class=\"yoast-schema-graph\">{\"@context\":\"https:\/\/schema.org\",\"@graph\":[{\"@type\":\"Article\",\"@id\":\"https:\/\/noticiasemdestaque.com\/cd\/?p=25073#article\",\"isPartOf\":{\"@id\":\"https:\/\/noticiasemdestaque.com\/cd\/?p=25073\"},\"author\":{\"name\":\"Not\u00edcias em Destaque\",\"@id\":\"https:\/\/noticiasemdestaque.com\/cd\/#\/schema\/person\/21320b03a7e8bb90128938dafc9b908a\"},\"headline\":\"IFPB prorroga suspens\u00e3o das atividades presenciais para at\u00e9 30 de junho\",\"datePublished\":\"2020-05-27T10:35:51+00:00\",\"mainEntityOfPage\":{\"@id\":\"https:\/\/noticiasemdestaque.com\/cd\/?p=25073\"},\"wordCount\":283,\"publisher\":{\"@id\":\"https:\/\/noticiasemdestaque.com\/cd\/#organization\"},\"image\":{\"@id\":\"https:\/\/noticiasemdestaque.com\/cd\/?p=25073#primaryimage\"},\"thumbnailUrl\":\"https:\/\/noticiasemdestaque.com\/cd\/wp-content\/uploads\/2017\/10\/IFPB_JO\u00c3O-PESSOA.jpg\",\"articleSection\":[\"Educa\u00e7\u00e3o\"],\"inLanguage\":\"pt-BR\"},{\"@type\":\"WebPage\",\"@id\":\"https:\/\/noticiasemdestaque.com\/cd\/?p=25073\",\"url\":\"https:\/\/noticiasemdestaque.com\/cd\/?p=25073\",\"name\":\"IFPB prorroga suspens\u00e3o das atividades presenciais para at\u00e9 30 de junho - Not&iacute;cias em Destaque\",\"isPartOf\":{\"@id\":\"https:\/\/noticiasemdestaque.com\/cd\/#website\"},\"primaryImageOfPage\":{\"@id\":\"https:\/\/noticiasemdestaque.com\/cd\/?p=25073#primaryimage\"},\"image\":{\"@id\":\"https:\/\/noticiasemdestaque.com\/cd\/?p=25073#primaryimage\"},\"thumbnailUrl\":\"https:\/\/noticiasemdestaque.com\/cd\/wp-content\/uploads\/2017\/10\/IFPB_JO\u00c3O-PESSOA.jpg\",\"datePublished\":\"2020-05-27T10:35:51+00:00\",\"breadcrumb\":{\"@id\":\"https:\/\/noticiasemdestaque.com\/cd\/?p=25073#breadcrumb\"},\"inLanguage\":\"pt-BR\",\"potentialAction\":[{\"@type\":\"ReadAction\",\"target\":[\"https:\/\/noticiasemdestaque.com\/cd\/?p=25073\"]}]},{\"@type\":\"ImageObject\",\"inLanguage\":\"pt-BR\",\"@id\":\"https:\/\/noticiasemdestaque.com\/cd\/?p=25073#primaryimage\",\"url\":\"https:\/\/noticiasemdestaque.com\/cd\/wp-content\/uploads\/2017\/10\/IFPB_JO\u00c3O-PESSOA.jpg\",\"contentUrl\":\"https:\/\/noticiasemdestaque.com\/cd\/wp-content\/uploads\/2017\/10\/IFPB_JO\u00c3O-PESSOA.jpg\",\"width\":400,\"height\":267},{\"@type\":\"BreadcrumbList\",\"@id\":\"https:\/\/noticiasemdestaque.com\/cd\/?p=25073#breadcrumb\",\"itemListElement\":[{\"@type\":\"ListItem\",\"position\":1,\"name\":\"In\u00edcio\",\"item\":\"https:\/\/noticiasemdestaque.com\/cd\/\"},{\"@type\":\"ListItem\",\"position\":2,\"name\":\"IFPB prorroga suspens\u00e3o das atividades presenciais para at\u00e9 30 de junho\"}]},{\"@type\":\"WebSite\",\"@id\":\"https:\/\/noticiasemdestaque.com\/cd\/#website\",\"url\":\"https:\/\/noticiasemdestaque.com\/cd\/\",\"name\":\"Not&iacute;cias em Destaque\",\"description\":\"\",\"publisher\":{\"@id\":\"https:\/\/noticiasemdestaque.com\/cd\/#organization\"},\"potentialAction\":[{\"@type\":\"SearchAction\",\"target\":{\"@type\":\"EntryPoint\",\"urlTemplate\":\"https:\/\/noticiasemdestaque.com\/cd\/?s={search_term_string}\"},\"query-input\":{\"@type\":\"PropertyValueSpecification\",\"valueRequired\":true,\"valueName\":\"search_term_string\"}}],\"inLanguage\":\"pt-BR\"},{\"@type\":\"Organization\",\"@id\":\"https:\/\/noticiasemdestaque.com\/cd\/#organization\",\"name\":\"Not\u00edcias em Destaque\",\"url\":\"https:\/\/noticiasemdestaque.com\/cd\/\",\"logo\":{\"@type\":\"ImageObject\",\"inLanguage\":\"pt-BR\",\"@id\":\"https:\/\/noticiasemdestaque.com\/cd\/#\/schema\/logo\/image\/\",\"url\":\"https:\/\/noticiasemdestaque.com\/cd\/wp-content\/uploads\/2022\/05\/imagem-base-noticiasemdestaque.png\",\"contentUrl\":\"https:\/\/noticiasemdestaque.com\/cd\/wp-content\/uploads\/2022\/05\/imagem-base-noticiasemdestaque.png\",\"width\":1200,\"height\":630,\"caption\":\"Not\u00edcias em Destaque\"},\"image\":{\"@id\":\"https:\/\/noticiasemdestaque.com\/cd\/#\/schema\/logo\/image\/\"}},{\"@type\":\"Person\",\"@id\":\"https:\/\/noticiasemdestaque.com\/cd\/#\/schema\/person\/21320b03a7e8bb90128938dafc9b908a\",\"name\":\"Not\u00edcias em Destaque\",\"url\":\"https:\/\/noticiasemdestaque.com\/cd\/?author=2\"}]}<\/script>\n<!-- \/ Yoast SEO plugin. -->","yoast_head_json":{"title":"IFPB prorroga suspens\u00e3o das atividades presenciais para at\u00e9 30 de junho - Not&iacute;cias em Destaque","robots":{"index":"index","follow":"follow","max-snippet":"max-snippet:-1","max-image-preview":"max-image-preview:large","max-video-preview":"max-video-preview:-1"},"canonical":"https:\/\/noticiasemdestaque.com\/cd\/?p=25073","og_locale":"pt_BR","og_type":"article","og_title":"IFPB prorroga suspens\u00e3o das atividades presenciais para at\u00e9 30 de junho - Not&iacute;cias em Destaque","og_description":"O Instituto Federal da Para\u00edba preocupado com o agravamento da situa\u00e7\u00e3o da pandemia provocada pelo novo coronav\u00edrus, decidiu prorrogar a suspens\u00e3o das atividades presenciais em todas as unidades do IFPB para at\u00e9 o dia 30 de junho. A decis\u00e3o foi referendada em reuni\u00e3o realizada nesta segunda-feira (25) atrav\u00e9s de v\u00eddeoconfer\u00eancia pelo Conselho Superior, ap\u00f3s uma recomenda\u00e7\u00e3o do Comit\u00ea do IFPB respons\u00e1vel pelo enfrentamento da dissemina\u00e7\u00e3o e combate ao cononav\u00edrus para o Col\u00e9gio de Dirigentes da institui\u00e7\u00e3o (formado pelo Reitor, Pr\u00f3-reitores e Diretores Gerais dos campi). Segundo o reitor Nic\u00e1cio Lopes a decis\u00e3o da nova prorroga\u00e7\u00e3o da suspens\u00e3o das atividades did\u00e1tico-pedag\u00f3gicas, se deu em fun\u00e7\u00e3o da escalada progressiva de transmiss\u00e3o de novos casos e de \u00f3bitos provocados pela covid-19 no estado. \u201cDe acordo com especialistas n\u00f3s ainda n\u00e3o chegamos ao pico da doen\u00e7a, ent\u00e3o para que haja um decl\u00ednio destes indicadores, essa medida nossa \u00e9 preventiva. Precisamos intensificar o procedimento de distanciamento social para proteger a nossa comunidade\u201d disse. \u201cN\u00f3s estamos trabalhando intensamente na perspectiva de preparar a institui\u00e7\u00e3o para o retorno das atividades, n\u00e3o temos ainda perspectiva para esse retorno porque dependemos da evolu\u00e7\u00e3o do cen\u00e1rio desta conjuntura, mas reafirmamos nosso compromisso com a vida humana, a seguran\u00e7a e a sa\u00fade p\u00fablica. N\u00f3s s\u00f3 retornaremos as atividades, quando tivermos certeza de que a nossa comunidade estar\u00e1 devidamente protegida\u201d concluiu o reitor. O prazo anterior da prorroga\u00e7\u00e3o da suspens\u00e3o das atividades presenciais acabava nesta sexta-feira (29).","og_url":"https:\/\/noticiasemdestaque.com\/cd\/?p=25073","og_site_name":"Not&iacute;cias em Destaque","article_published_time":"2020-05-27T10:35:51+00:00","og_image":[{"width":400,"height":267,"url":"https:\/\/noticiasemdestaque.com\/cd\/wp-content\/uploads\/2017\/10\/IFPB_JO\u00c3O-PESSOA.jpg","type":"image\/jpeg"}],"author":"Not\u00edcias em Destaque","twitter_card":"summary_large_image","twitter_misc":{"Escrito por":"Not\u00edcias em Destaque","Est. tempo de leitura":"1 minuto"},"schema":{"@context":"https:\/\/schema.org","@graph":[{"@type":"Article","@id":"https:\/\/noticiasemdestaque.com\/cd\/?p=25073#article","isPartOf":{"@id":"https:\/\/noticiasemdestaque.com\/cd\/?p=25073"},"author":{"name":"Not\u00edcias em Destaque","@id":"https:\/\/noticiasemdestaque.com\/cd\/#\/schema\/person\/21320b03a7e8bb90128938dafc9b908a"},"headline":"IFPB prorroga suspens\u00e3o das atividades presenciais para at\u00e9 30 de junho","datePublished":"2020-05-27T10:35:51+00:00","mainEntityOfPage":{"@id":"https:\/\/noticiasemdestaque.com\/cd\/?p=25073"},"wordCount":283,"publisher":{"@id":"https:\/\/noticiasemdestaque.com\/cd\/#organization"},"image":{"@id":"https:\/\/noticiasemdestaque.com\/cd\/?p=25073#primaryimage"},"thumbnailUrl":"https:\/\/noticiasemdestaque.com\/cd\/wp-content\/uploads\/2017\/10\/IFPB_JO\u00c3O-PESSOA.jpg","articleSection":["Educa\u00e7\u00e3o"],"inLanguage":"pt-BR"},{"@type":"WebPage","@id":"https:\/\/noticiasemdestaque.com\/cd\/?p=25073","url":"https:\/\/noticiasemdestaque.com\/cd\/?p=25073","name":"IFPB prorroga suspens\u00e3o das atividades presenciais para at\u00e9 30 de junho - Not&iacute;cias em Destaque","isPartOf":{"@id":"https:\/\/noticiasemdestaque.com\/cd\/#website"},"primaryImageOfPage":{"@id":"https:\/\/noticiasemdestaque.com\/cd\/?p=25073#primaryimage"},"image":{"@id":"https:\/\/noticiasemdestaque.com\/cd\/?p=25073#primaryimage"},"thumbnailUrl":"https:\/\/noticiasemdestaque.com\/cd\/wp-content\/uploads\/2017\/10\/IFPB_JO\u00c3O-PESSOA.jpg","datePublished":"2020-05-27T10:35:51+00:00","breadcrumb":{"@id":"https:\/\/noticiasemdestaque.com\/cd\/?p=25073#breadcrumb"},"inLanguage":"pt-BR","potentialAction":[{"@type":"ReadAction","target":["https:\/\/noticiasemdestaque.com\/cd\/?p=25073"]}]},{"@type":"ImageObject","inLanguage":"pt-BR","@id":"https:\/\/noticiasemdestaque.com\/cd\/?p=25073#primaryimage","url":"https:\/\/noticiasemdestaque.com\/cd\/wp-content\/uploads\/2017\/10\/IFPB_JO\u00c3O-PESSOA.jpg","contentUrl":"https:\/\/noticiasemdestaque.com\/cd\/wp-content\/uploads\/2017\/10\/IFPB_JO\u00c3O-PESSOA.jpg","width":400,"height":267},{"@type":"BreadcrumbList","@id":"https:\/\/noticiasemdestaque.com\/cd\/?p=25073#breadcrumb","itemListElement":[{"@type":"ListItem","position":1,"name":"In\u00edcio","item":"https:\/\/noticiasemdestaque.com\/cd\/"},{"@type":"ListItem","position":2,"name":"IFPB prorroga suspens\u00e3o das atividades presenciais para at\u00e9 30 de junho"}]},{"@type":"WebSite","@id":"https:\/\/noticiasemdestaque.com\/cd\/#website","url":"https:\/\/noticiasemdestaque.com\/cd\/","name":"Not&iacute;cias em Destaque","description":"","publisher":{"@id":"https:\/\/noticiasemdestaque.com\/cd\/#organization"},"potentialAction":[{"@type":"SearchAction","target":{"@type":"EntryPoint","urlTemplate":"https:\/\/noticiasemdestaque.com\/cd\/?s={search_term_string}"},"query-input":{"@type":"PropertyValueSpecification","valueRequired":true,"valueName":"search_term_string"}}],"inLanguage":"pt-BR"},{"@type":"Organization","@id":"https:\/\/noticiasemdestaque.com\/cd\/#organization","name":"Not\u00edcias em Destaque","url":"https:\/\/noticiasemdestaque.com\/cd\/","logo":{"@type":"ImageObject","inLanguage":"pt-BR","@id":"https:\/\/noticiasemdestaque.com\/cd\/#\/schema\/logo\/image\/","url":"https:\/\/noticiasemdestaque.com\/cd\/wp-content\/uploads\/2022\/05\/imagem-base-noticiasemdestaque.png","contentUrl":"https:\/\/noticiasemdestaque.com\/cd\/wp-content\/uploads\/2022\/05\/imagem-base-noticiasemdestaque.png","width":1200,"height":630,"caption":"Not\u00edcias em Destaque"},"image":{"@id":"https:\/\/noticiasemdestaque.com\/cd\/#\/schema\/logo\/image\/"}},{"@type":"Person","@id":"https:\/\/noticiasemdestaque.com\/cd\/#\/schema\/person\/21320b03a7e8bb90128938dafc9b908a","name":"Not\u00edcias em Destaque","url":"https:\/\/noticiasemdestaque.com\/cd\/?author=2"}]}},"jetpack_featured_media_url":"https:\/\/noticiasemdestaque.com\/cd\/wp-content\/uploads\/2017\/10\/IFPB_JO\u00c3O-PESSOA.jpg","jetpack_sharing_enabled":true,"_links":{"self":[{"href":"https:\/\/noticiasemdestaque.com\/cd\/index.php?rest_route=\/wp\/v2\/posts\/25073","targetHints":{"allow":["GET"]}}],"collection":[{"href":"https:\/\/noticiasemdestaque.com\/cd\/index.php?rest_route=\/wp\/v2\/posts"}],"about":[{"href":"https:\/\/noticiasemdestaque.com\/cd\/index.php?rest_route=\/wp\/v2\/types\/post"}],"author":[{"embeddable":true,"href":"https:\/\/noticiasemdestaque.com\/cd\/index.php?rest_route=\/wp\/v2\/users\/2"}],"replies":[{"embeddable":true,"href":"https:\/\/noticiasemdestaque.com\/cd\/index.php?rest_route=%2Fwp%2Fv2%2Fcomments&post=25073"}],"version-history":[{"count":1,"href":"https:\/\/noticiasemdestaque.com\/cd\/index.php?rest_route=\/wp\/v2\/posts\/25073\/revisions"}],"predecessor-version":[{"id":25074,"href":"https:\/\/noticiasemdestaque.com\/cd\/index.php?rest_route=\/wp\/v2\/posts\/25073\/revisions\/25074"}],"wp:featuredmedia":[{"embeddable":true,"href":"https:\/\/noticiasemdestaque.com\/cd\/index.php?rest_route=\/wp\/v2\/media\/4851"}],"wp:attachment":[{"href":"https:\/\/noticiasemdestaque.com\/cd\/index.php?rest_route=%2Fwp%2Fv2%2Fmedia&parent=25073"}],"wp:term":[{"taxonomy":"category","embeddable":true,"href":"https:\/\/noticiasemdestaque.com\/cd\/index.php?rest_route=%2Fwp%2Fv2%2Fcategories&post=25073"},{"taxonomy":"post_tag","embeddable":true,"href":"https:\/\/noticiasemdestaque.com\/cd\/index.php?rest_route=%2Fwp%2Fv2%2Ftags&post=25073"}],"curies":[{"name":"wp","href":"https:\/\/api.w.org\/{rel}","templated":true}]}}