{"id":25066,"date":"2020-05-26T07:41:02","date_gmt":"2020-05-26T10:41:02","guid":{"rendered":"http:\/\/noticiasemdestaque.com\/cd\/?p=25066"},"modified":"2020-05-26T07:41:02","modified_gmt":"2020-05-26T10:41:02","slug":"obesidade-entre-os-grandes-fatores-de-risco-para-o-agravamento-da-covid-19","status":"publish","type":"post","link":"https:\/\/noticiasemdestaque.com\/cd\/?p=25066","title":{"rendered":"Obesidade entre os grandes fatores de risco para o agravamento da Covid-19"},"content":{"rendered":"<p><a href=\"https:\/\/noticiasemdestaque.com\/cd\/wp-content\/uploads\/2020\/05\/obesidade-1.jpg\"><img fetchpriority=\"high\" decoding=\"async\" class=\"size-full wp-image-25067 aligncenter\" src=\"https:\/\/noticiasemdestaque.com\/cd\/wp-content\/uploads\/2020\/05\/obesidade-1.jpg\" alt=\"\" width=\"680\" height=\"453\" srcset=\"https:\/\/noticiasemdestaque.com\/cd\/wp-content\/uploads\/2020\/05\/obesidade-1.jpg 680w, https:\/\/noticiasemdestaque.com\/cd\/wp-content\/uploads\/2020\/05\/obesidade-1-300x200.jpg 300w, https:\/\/noticiasemdestaque.com\/cd\/wp-content\/uploads\/2020\/05\/obesidade-1-480x320.jpg 480w\" sizes=\"(max-width: 680px) 100vw, 680px\" \/><\/a><\/p>\n<p>Dois novos estudos, um\u00a0<a href=\"https:\/\/pubmed.ncbi.nlm.nih.gov\/32271993\/\" target=\"_blank\" rel=\"noopener noreferrer\">realizado na Fran\u00e7a<\/a>\u00a0e outro\u00a0<a href=\"https:\/\/www.medrxiv.org\/content\/10.1101\/2020.04.08.20057794v1\" target=\"_blank\" rel=\"noopener noreferrer\">nos Estados Unidos<\/a>, revelam que a\u00a0<a href=\"https:\/\/saude.abril.com.br\/tudo-sobre\/obesidade\/\" target=\"_blank\" rel=\"noopener noreferrer\"><strong>obesidade<\/strong><\/a>\u00a0\u00e9 a condi\u00e7\u00e3o cr\u00f4nica que mais leva pessoas a serem hospitalizadas pelo\u00a0<a href=\"https:\/\/saude.abril.com.br\/tudo-sobre\/coronavirus\/\" target=\"_blank\" rel=\"noopener noreferrer\">novo coronav\u00edrus (Sars-Cov-2)<\/a>. A inflama\u00e7\u00e3o gerada pelo excesso de peso seria a grande respons\u00e1vel pelas complica\u00e7\u00f5es nesses indiv\u00edduos.<\/p>\n<p>At\u00e9 agora, ningu\u00e9m havia investigado a fundo a rela\u00e7\u00e3o entre obesidade e Covid-19, a doen\u00e7a causada pelo novo coronav\u00edrus. Sabia-se apenas que boa parte dos\u00a0<a href=\"https:\/\/saude.abril.com.br\/tudo-sobre\/diabetes\/\" target=\"_blank\" rel=\"noopener noreferrer\">diab\u00e9ticos<\/a>\u00a0e\u00a0<a href=\"https:\/\/saude.abril.com.br\/tudo-sobre\/hipertensao\/\" target=\"_blank\" rel=\"noopener noreferrer\">hipertensos<\/a>\u00a0infectados \u2013 turma que \u00e9 considerada grupo de risco \u2013 tamb\u00e9m \u00e9 obesa, j\u00e1 que essas condi\u00e7\u00f5es t\u00eam uma forte conex\u00e3o.<\/p>\n<p>Foi ent\u00e3o que pesquisadores franceses, do\u00a0<a href=\"https:\/\/www.pasteur-lille.fr\/\" target=\"_blank\" rel=\"noopener noreferrer\">Instituto Lille Pasteur<\/a>, decidiram dar o primeiro passo. Eles examinaram 124 pessoas internadas por conta do Sars-Cov-2 de 27 de fevereiro a 5 de abril de 2020.<\/p>\n<p>Os resultados mostraram que 47,6% eram obesas (ou seja, apresentavam \u00edndice de massa corporal, o IMC, maior que 30) e 28,2% tinham obesidade grave (IMC maior que 35). Os cientistas notaram ainda que 85 pacientes (68,6% do total) utilizaram ventila\u00e7\u00e3o mec\u00e2nica, sendo que a propor\u00e7\u00e3o foi maior entre os obesos graves (85,7%).<\/p>\n<p><em><strong>Not\u00edcias em Destaque<\/strong><\/em><\/p>\n<p>Com Veja<\/p>\n","protected":false},"excerpt":{"rendered":"<p>Dois novos estudos, um\u00a0realizado na Fran\u00e7a\u00a0e outro\u00a0nos Estados Unidos, revelam que a\u00a0obesidade\u00a0\u00e9 a condi\u00e7\u00e3o cr\u00f4nica que mais leva pessoas a serem hospitalizadas pelo\u00a0novo coronav\u00edrus (Sars-Cov-2). A inflama\u00e7\u00e3o gerada pelo excesso de peso seria a grande respons\u00e1vel pelas complica\u00e7\u00f5es nesses indiv\u00edduos. At\u00e9 agora, ningu\u00e9m havia investigado a fundo a rela\u00e7\u00e3o entre obesidade e Covid-19, a doen\u00e7a causada pelo novo coronav\u00edrus. Sabia-se apenas que boa parte dos\u00a0diab\u00e9ticos\u00a0e\u00a0hipertensos\u00a0infectados \u2013 turma que \u00e9 considerada grupo de risco \u2013 tamb\u00e9m \u00e9 obesa, j\u00e1 que essas condi\u00e7\u00f5es t\u00eam uma forte conex\u00e3o. Foi ent\u00e3o que pesquisadores franceses, do\u00a0Instituto Lille Pasteur, decidiram dar o primeiro passo. Eles examinaram 124 pessoas internadas por conta do Sars-Cov-2 de 27 de fevereiro a 5 de abril de 2020. Os resultados mostraram que 47,6% eram obesas (ou seja, apresentavam \u00edndice de massa corporal, o IMC, maior que 30) e 28,2% tinham obesidade grave (IMC maior que 35). Os cientistas notaram ainda que 85 pacientes (68,6% do total) utilizaram ventila\u00e7\u00e3o mec\u00e2nica, sendo que a propor\u00e7\u00e3o foi maior entre os obesos graves (85,7%). Not\u00edcias em Destaque Com Veja<\/p>\n","protected":false},"author":2,"featured_media":25067,"comment_status":"closed","ping_status":"open","sticky":false,"template":"","format":"standard","meta":{"_eb_attr":"","_jetpack_memberships_contains_paid_content":false,"footnotes":""},"categories":[8],"tags":[],"class_list":["post-25066","post","type-post","status-publish","format-standard","has-post-thumbnail","hentry","category-saude"],"yoast_head":"<!-- This site is optimized with the Yoast SEO plugin v26.5 - https:\/\/yoast.com\/wordpress\/plugins\/seo\/ -->\n<title>Obesidade entre os grandes fatores de risco para o agravamento da Covid-19 - Not&iacute;cias em Destaque<\/title>\n<meta name=\"robots\" content=\"index, follow, max-snippet:-1, max-image-preview:large, max-video-preview:-1\" \/>\n<link rel=\"canonical\" href=\"https:\/\/noticiasemdestaque.com\/cd\/?p=25066\" \/>\n<meta property=\"og:locale\" content=\"pt_BR\" \/>\n<meta property=\"og:type\" content=\"article\" \/>\n<meta property=\"og:title\" content=\"Obesidade entre os grandes fatores de risco para o agravamento da Covid-19 - Not&iacute;cias em Destaque\" \/>\n<meta property=\"og:description\" content=\"Dois novos estudos, um\u00a0realizado na Fran\u00e7a\u00a0e outro\u00a0nos Estados Unidos, revelam que a\u00a0obesidade\u00a0\u00e9 a condi\u00e7\u00e3o cr\u00f4nica que mais leva pessoas a serem hospitalizadas pelo\u00a0novo coronav\u00edrus (Sars-Cov-2). A inflama\u00e7\u00e3o gerada pelo excesso de peso seria a grande respons\u00e1vel pelas complica\u00e7\u00f5es nesses indiv\u00edduos. At\u00e9 agora, ningu\u00e9m havia investigado a fundo a rela\u00e7\u00e3o entre obesidade e Covid-19, a doen\u00e7a causada pelo novo coronav\u00edrus. Sabia-se apenas que boa parte dos\u00a0diab\u00e9ticos\u00a0e\u00a0hipertensos\u00a0infectados \u2013 turma que \u00e9 considerada grupo de risco \u2013 tamb\u00e9m \u00e9 obesa, j\u00e1 que essas condi\u00e7\u00f5es t\u00eam uma forte conex\u00e3o. Foi ent\u00e3o que pesquisadores franceses, do\u00a0Instituto Lille Pasteur, decidiram dar o primeiro passo. Eles examinaram 124 pessoas internadas por conta do Sars-Cov-2 de 27 de fevereiro a 5 de abril de 2020. Os resultados mostraram que 47,6% eram obesas (ou seja, apresentavam \u00edndice de massa corporal, o IMC, maior que 30) e 28,2% tinham obesidade grave (IMC maior que 35). Os cientistas notaram ainda que 85 pacientes (68,6% do total) utilizaram ventila\u00e7\u00e3o mec\u00e2nica, sendo que a propor\u00e7\u00e3o foi maior entre os obesos graves (85,7%). Not\u00edcias em Destaque Com Veja\" \/>\n<meta property=\"og:url\" content=\"https:\/\/noticiasemdestaque.com\/cd\/?p=25066\" \/>\n<meta property=\"og:site_name\" content=\"Not&iacute;cias em Destaque\" \/>\n<meta property=\"article:published_time\" content=\"2020-05-26T10:41:02+00:00\" \/>\n<meta property=\"og:image\" content=\"https:\/\/noticiasemdestaque.com\/cd\/wp-content\/uploads\/2020\/05\/obesidade-1.jpg\" \/>\n\t<meta property=\"og:image:width\" content=\"680\" \/>\n\t<meta property=\"og:image:height\" content=\"453\" \/>\n\t<meta property=\"og:image:type\" content=\"image\/jpeg\" \/>\n<meta name=\"author\" content=\"Not\u00edcias em Destaque\" \/>\n<meta name=\"twitter:card\" content=\"summary_large_image\" \/>\n<meta name=\"twitter:label1\" content=\"Escrito por\" \/>\n\t<meta name=\"twitter:data1\" content=\"Not\u00edcias em Destaque\" \/>\n\t<meta name=\"twitter:label2\" content=\"Est. tempo de leitura\" \/>\n\t<meta name=\"twitter:data2\" content=\"1 minuto\" \/>\n<script type=\"application\/ld+json\" class=\"yoast-schema-graph\">{\"@context\":\"https:\/\/schema.org\",\"@graph\":[{\"@type\":\"Article\",\"@id\":\"https:\/\/noticiasemdestaque.com\/cd\/?p=25066#article\",\"isPartOf\":{\"@id\":\"https:\/\/noticiasemdestaque.com\/cd\/?p=25066\"},\"author\":{\"name\":\"Not\u00edcias em Destaque\",\"@id\":\"https:\/\/noticiasemdestaque.com\/cd\/#\/schema\/person\/21320b03a7e8bb90128938dafc9b908a\"},\"headline\":\"Obesidade entre os grandes fatores de risco para o agravamento da Covid-19\",\"datePublished\":\"2020-05-26T10:41:02+00:00\",\"mainEntityOfPage\":{\"@id\":\"https:\/\/noticiasemdestaque.com\/cd\/?p=25066\"},\"wordCount\":203,\"publisher\":{\"@id\":\"https:\/\/noticiasemdestaque.com\/cd\/#organization\"},\"image\":{\"@id\":\"https:\/\/noticiasemdestaque.com\/cd\/?p=25066#primaryimage\"},\"thumbnailUrl\":\"https:\/\/noticiasemdestaque.com\/cd\/wp-content\/uploads\/2020\/05\/obesidade-1.jpg\",\"articleSection\":[\"Sa\u00fade\"],\"inLanguage\":\"pt-BR\"},{\"@type\":\"WebPage\",\"@id\":\"https:\/\/noticiasemdestaque.com\/cd\/?p=25066\",\"url\":\"https:\/\/noticiasemdestaque.com\/cd\/?p=25066\",\"name\":\"Obesidade entre os grandes fatores de risco para o agravamento da Covid-19 - Not&iacute;cias em Destaque\",\"isPartOf\":{\"@id\":\"https:\/\/noticiasemdestaque.com\/cd\/#website\"},\"primaryImageOfPage\":{\"@id\":\"https:\/\/noticiasemdestaque.com\/cd\/?p=25066#primaryimage\"},\"image\":{\"@id\":\"https:\/\/noticiasemdestaque.com\/cd\/?p=25066#primaryimage\"},\"thumbnailUrl\":\"https:\/\/noticiasemdestaque.com\/cd\/wp-content\/uploads\/2020\/05\/obesidade-1.jpg\",\"datePublished\":\"2020-05-26T10:41:02+00:00\",\"breadcrumb\":{\"@id\":\"https:\/\/noticiasemdestaque.com\/cd\/?p=25066#breadcrumb\"},\"inLanguage\":\"pt-BR\",\"potentialAction\":[{\"@type\":\"ReadAction\",\"target\":[\"https:\/\/noticiasemdestaque.com\/cd\/?p=25066\"]}]},{\"@type\":\"ImageObject\",\"inLanguage\":\"pt-BR\",\"@id\":\"https:\/\/noticiasemdestaque.com\/cd\/?p=25066#primaryimage\",\"url\":\"https:\/\/noticiasemdestaque.com\/cd\/wp-content\/uploads\/2020\/05\/obesidade-1.jpg\",\"contentUrl\":\"https:\/\/noticiasemdestaque.com\/cd\/wp-content\/uploads\/2020\/05\/obesidade-1.jpg\",\"width\":680,\"height\":453},{\"@type\":\"BreadcrumbList\",\"@id\":\"https:\/\/noticiasemdestaque.com\/cd\/?p=25066#breadcrumb\",\"itemListElement\":[{\"@type\":\"ListItem\",\"position\":1,\"name\":\"In\u00edcio\",\"item\":\"https:\/\/noticiasemdestaque.com\/cd\/\"},{\"@type\":\"ListItem\",\"position\":2,\"name\":\"Obesidade entre os grandes fatores de risco para o agravamento da Covid-19\"}]},{\"@type\":\"WebSite\",\"@id\":\"https:\/\/noticiasemdestaque.com\/cd\/#website\",\"url\":\"https:\/\/noticiasemdestaque.com\/cd\/\",\"name\":\"Not&iacute;cias em Destaque\",\"description\":\"\",\"publisher\":{\"@id\":\"https:\/\/noticiasemdestaque.com\/cd\/#organization\"},\"potentialAction\":[{\"@type\":\"SearchAction\",\"target\":{\"@type\":\"EntryPoint\",\"urlTemplate\":\"https:\/\/noticiasemdestaque.com\/cd\/?s={search_term_string}\"},\"query-input\":{\"@type\":\"PropertyValueSpecification\",\"valueRequired\":true,\"valueName\":\"search_term_string\"}}],\"inLanguage\":\"pt-BR\"},{\"@type\":\"Organization\",\"@id\":\"https:\/\/noticiasemdestaque.com\/cd\/#organization\",\"name\":\"Not\u00edcias em Destaque\",\"url\":\"https:\/\/noticiasemdestaque.com\/cd\/\",\"logo\":{\"@type\":\"ImageObject\",\"inLanguage\":\"pt-BR\",\"@id\":\"https:\/\/noticiasemdestaque.com\/cd\/#\/schema\/logo\/image\/\",\"url\":\"https:\/\/noticiasemdestaque.com\/cd\/wp-content\/uploads\/2022\/05\/imagem-base-noticiasemdestaque.png\",\"contentUrl\":\"https:\/\/noticiasemdestaque.com\/cd\/wp-content\/uploads\/2022\/05\/imagem-base-noticiasemdestaque.png\",\"width\":1200,\"height\":630,\"caption\":\"Not\u00edcias em Destaque\"},\"image\":{\"@id\":\"https:\/\/noticiasemdestaque.com\/cd\/#\/schema\/logo\/image\/\"}},{\"@type\":\"Person\",\"@id\":\"https:\/\/noticiasemdestaque.com\/cd\/#\/schema\/person\/21320b03a7e8bb90128938dafc9b908a\",\"name\":\"Not\u00edcias em Destaque\",\"url\":\"https:\/\/noticiasemdestaque.com\/cd\/?author=2\"}]}<\/script>\n<!-- \/ Yoast SEO plugin. -->","yoast_head_json":{"title":"Obesidade entre os grandes fatores de risco para o agravamento da Covid-19 - Not&iacute;cias em Destaque","robots":{"index":"index","follow":"follow","max-snippet":"max-snippet:-1","max-image-preview":"max-image-preview:large","max-video-preview":"max-video-preview:-1"},"canonical":"https:\/\/noticiasemdestaque.com\/cd\/?p=25066","og_locale":"pt_BR","og_type":"article","og_title":"Obesidade entre os grandes fatores de risco para o agravamento da Covid-19 - Not&iacute;cias em Destaque","og_description":"Dois novos estudos, um\u00a0realizado na Fran\u00e7a\u00a0e outro\u00a0nos Estados Unidos, revelam que a\u00a0obesidade\u00a0\u00e9 a condi\u00e7\u00e3o cr\u00f4nica que mais leva pessoas a serem hospitalizadas pelo\u00a0novo coronav\u00edrus (Sars-Cov-2). A inflama\u00e7\u00e3o gerada pelo excesso de peso seria a grande respons\u00e1vel pelas complica\u00e7\u00f5es nesses indiv\u00edduos. At\u00e9 agora, ningu\u00e9m havia investigado a fundo a rela\u00e7\u00e3o entre obesidade e Covid-19, a doen\u00e7a causada pelo novo coronav\u00edrus. Sabia-se apenas que boa parte dos\u00a0diab\u00e9ticos\u00a0e\u00a0hipertensos\u00a0infectados \u2013 turma que \u00e9 considerada grupo de risco \u2013 tamb\u00e9m \u00e9 obesa, j\u00e1 que essas condi\u00e7\u00f5es t\u00eam uma forte conex\u00e3o. Foi ent\u00e3o que pesquisadores franceses, do\u00a0Instituto Lille Pasteur, decidiram dar o primeiro passo. Eles examinaram 124 pessoas internadas por conta do Sars-Cov-2 de 27 de fevereiro a 5 de abril de 2020. Os resultados mostraram que 47,6% eram obesas (ou seja, apresentavam \u00edndice de massa corporal, o IMC, maior que 30) e 28,2% tinham obesidade grave (IMC maior que 35). Os cientistas notaram ainda que 85 pacientes (68,6% do total) utilizaram ventila\u00e7\u00e3o mec\u00e2nica, sendo que a propor\u00e7\u00e3o foi maior entre os obesos graves (85,7%). Not\u00edcias em Destaque Com Veja","og_url":"https:\/\/noticiasemdestaque.com\/cd\/?p=25066","og_site_name":"Not&iacute;cias em Destaque","article_published_time":"2020-05-26T10:41:02+00:00","og_image":[{"width":680,"height":453,"url":"https:\/\/noticiasemdestaque.com\/cd\/wp-content\/uploads\/2020\/05\/obesidade-1.jpg","type":"image\/jpeg"}],"author":"Not\u00edcias em Destaque","twitter_card":"summary_large_image","twitter_misc":{"Escrito por":"Not\u00edcias em Destaque","Est. tempo de leitura":"1 minuto"},"schema":{"@context":"https:\/\/schema.org","@graph":[{"@type":"Article","@id":"https:\/\/noticiasemdestaque.com\/cd\/?p=25066#article","isPartOf":{"@id":"https:\/\/noticiasemdestaque.com\/cd\/?p=25066"},"author":{"name":"Not\u00edcias em Destaque","@id":"https:\/\/noticiasemdestaque.com\/cd\/#\/schema\/person\/21320b03a7e8bb90128938dafc9b908a"},"headline":"Obesidade entre os grandes fatores de risco para o agravamento da Covid-19","datePublished":"2020-05-26T10:41:02+00:00","mainEntityOfPage":{"@id":"https:\/\/noticiasemdestaque.com\/cd\/?p=25066"},"wordCount":203,"publisher":{"@id":"https:\/\/noticiasemdestaque.com\/cd\/#organization"},"image":{"@id":"https:\/\/noticiasemdestaque.com\/cd\/?p=25066#primaryimage"},"thumbnailUrl":"https:\/\/noticiasemdestaque.com\/cd\/wp-content\/uploads\/2020\/05\/obesidade-1.jpg","articleSection":["Sa\u00fade"],"inLanguage":"pt-BR"},{"@type":"WebPage","@id":"https:\/\/noticiasemdestaque.com\/cd\/?p=25066","url":"https:\/\/noticiasemdestaque.com\/cd\/?p=25066","name":"Obesidade entre os grandes fatores de risco para o agravamento da Covid-19 - Not&iacute;cias em Destaque","isPartOf":{"@id":"https:\/\/noticiasemdestaque.com\/cd\/#website"},"primaryImageOfPage":{"@id":"https:\/\/noticiasemdestaque.com\/cd\/?p=25066#primaryimage"},"image":{"@id":"https:\/\/noticiasemdestaque.com\/cd\/?p=25066#primaryimage"},"thumbnailUrl":"https:\/\/noticiasemdestaque.com\/cd\/wp-content\/uploads\/2020\/05\/obesidade-1.jpg","datePublished":"2020-05-26T10:41:02+00:00","breadcrumb":{"@id":"https:\/\/noticiasemdestaque.com\/cd\/?p=25066#breadcrumb"},"inLanguage":"pt-BR","potentialAction":[{"@type":"ReadAction","target":["https:\/\/noticiasemdestaque.com\/cd\/?p=25066"]}]},{"@type":"ImageObject","inLanguage":"pt-BR","@id":"https:\/\/noticiasemdestaque.com\/cd\/?p=25066#primaryimage","url":"https:\/\/noticiasemdestaque.com\/cd\/wp-content\/uploads\/2020\/05\/obesidade-1.jpg","contentUrl":"https:\/\/noticiasemdestaque.com\/cd\/wp-content\/uploads\/2020\/05\/obesidade-1.jpg","width":680,"height":453},{"@type":"BreadcrumbList","@id":"https:\/\/noticiasemdestaque.com\/cd\/?p=25066#breadcrumb","itemListElement":[{"@type":"ListItem","position":1,"name":"In\u00edcio","item":"https:\/\/noticiasemdestaque.com\/cd\/"},{"@type":"ListItem","position":2,"name":"Obesidade entre os grandes fatores de risco para o agravamento da Covid-19"}]},{"@type":"WebSite","@id":"https:\/\/noticiasemdestaque.com\/cd\/#website","url":"https:\/\/noticiasemdestaque.com\/cd\/","name":"Not&iacute;cias em Destaque","description":"","publisher":{"@id":"https:\/\/noticiasemdestaque.com\/cd\/#organization"},"potentialAction":[{"@type":"SearchAction","target":{"@type":"EntryPoint","urlTemplate":"https:\/\/noticiasemdestaque.com\/cd\/?s={search_term_string}"},"query-input":{"@type":"PropertyValueSpecification","valueRequired":true,"valueName":"search_term_string"}}],"inLanguage":"pt-BR"},{"@type":"Organization","@id":"https:\/\/noticiasemdestaque.com\/cd\/#organization","name":"Not\u00edcias em Destaque","url":"https:\/\/noticiasemdestaque.com\/cd\/","logo":{"@type":"ImageObject","inLanguage":"pt-BR","@id":"https:\/\/noticiasemdestaque.com\/cd\/#\/schema\/logo\/image\/","url":"https:\/\/noticiasemdestaque.com\/cd\/wp-content\/uploads\/2022\/05\/imagem-base-noticiasemdestaque.png","contentUrl":"https:\/\/noticiasemdestaque.com\/cd\/wp-content\/uploads\/2022\/05\/imagem-base-noticiasemdestaque.png","width":1200,"height":630,"caption":"Not\u00edcias em Destaque"},"image":{"@id":"https:\/\/noticiasemdestaque.com\/cd\/#\/schema\/logo\/image\/"}},{"@type":"Person","@id":"https:\/\/noticiasemdestaque.com\/cd\/#\/schema\/person\/21320b03a7e8bb90128938dafc9b908a","name":"Not\u00edcias em Destaque","url":"https:\/\/noticiasemdestaque.com\/cd\/?author=2"}]}},"jetpack_featured_media_url":"https:\/\/noticiasemdestaque.com\/cd\/wp-content\/uploads\/2020\/05\/obesidade-1.jpg","jetpack_sharing_enabled":true,"_links":{"self":[{"href":"https:\/\/noticiasemdestaque.com\/cd\/index.php?rest_route=\/wp\/v2\/posts\/25066","targetHints":{"allow":["GET"]}}],"collection":[{"href":"https:\/\/noticiasemdestaque.com\/cd\/index.php?rest_route=\/wp\/v2\/posts"}],"about":[{"href":"https:\/\/noticiasemdestaque.com\/cd\/index.php?rest_route=\/wp\/v2\/types\/post"}],"author":[{"embeddable":true,"href":"https:\/\/noticiasemdestaque.com\/cd\/index.php?rest_route=\/wp\/v2\/users\/2"}],"replies":[{"embeddable":true,"href":"https:\/\/noticiasemdestaque.com\/cd\/index.php?rest_route=%2Fwp%2Fv2%2Fcomments&post=25066"}],"version-history":[{"count":1,"href":"https:\/\/noticiasemdestaque.com\/cd\/index.php?rest_route=\/wp\/v2\/posts\/25066\/revisions"}],"predecessor-version":[{"id":25068,"href":"https:\/\/noticiasemdestaque.com\/cd\/index.php?rest_route=\/wp\/v2\/posts\/25066\/revisions\/25068"}],"wp:featuredmedia":[{"embeddable":true,"href":"https:\/\/noticiasemdestaque.com\/cd\/index.php?rest_route=\/wp\/v2\/media\/25067"}],"wp:attachment":[{"href":"https:\/\/noticiasemdestaque.com\/cd\/index.php?rest_route=%2Fwp%2Fv2%2Fmedia&parent=25066"}],"wp:term":[{"taxonomy":"category","embeddable":true,"href":"https:\/\/noticiasemdestaque.com\/cd\/index.php?rest_route=%2Fwp%2Fv2%2Fcategories&post=25066"},{"taxonomy":"post_tag","embeddable":true,"href":"https:\/\/noticiasemdestaque.com\/cd\/index.php?rest_route=%2Fwp%2Fv2%2Ftags&post=25066"}],"curies":[{"name":"wp","href":"https:\/\/api.w.org\/{rel}","templated":true}]}}