{"id":25058,"date":"2020-05-24T20:22:22","date_gmt":"2020-05-24T23:22:22","guid":{"rendered":"http:\/\/noticiasemdestaque.com\/cd\/?p=25058"},"modified":"2020-05-24T21:22:37","modified_gmt":"2020-05-25T00:22:37","slug":"saude-de-sume-divulga-boletim-do-covid-19-deste-domingo-e-esclarece-caso-apresentado-pelo-governo-do-estado","status":"publish","type":"post","link":"https:\/\/noticiasemdestaque.com\/cd\/?p=25058","title":{"rendered":"Sa\u00fade de Sum\u00e9 divulga boletim do Covid-19 deste domingo e esclarece caso apresentado pelo Governo do Estado"},"content":{"rendered":"<p><a href=\"https:\/\/noticiasemdestaque.com\/cd\/wp-content\/uploads\/2020\/05\/7a16adcd-bfaa-44a8-9a1c-61d755e7d672.jpg\"><img fetchpriority=\"high\" decoding=\"async\" class=\"wp-image-25059 aligncenter\" src=\"https:\/\/noticiasemdestaque.com\/cd\/wp-content\/uploads\/2020\/05\/7a16adcd-bfaa-44a8-9a1c-61d755e7d672-1022x1024.jpg\" alt=\"\" width=\"465\" height=\"466\" srcset=\"https:\/\/noticiasemdestaque.com\/cd\/wp-content\/uploads\/2020\/05\/7a16adcd-bfaa-44a8-9a1c-61d755e7d672-1022x1024.jpg 1022w, https:\/\/noticiasemdestaque.com\/cd\/wp-content\/uploads\/2020\/05\/7a16adcd-bfaa-44a8-9a1c-61d755e7d672-150x150.jpg 150w, https:\/\/noticiasemdestaque.com\/cd\/wp-content\/uploads\/2020\/05\/7a16adcd-bfaa-44a8-9a1c-61d755e7d672-300x300.jpg 300w, https:\/\/noticiasemdestaque.com\/cd\/wp-content\/uploads\/2020\/05\/7a16adcd-bfaa-44a8-9a1c-61d755e7d672-768x769.jpg 768w, https:\/\/noticiasemdestaque.com\/cd\/wp-content\/uploads\/2020\/05\/7a16adcd-bfaa-44a8-9a1c-61d755e7d672.jpg 1198w\" sizes=\"(max-width: 465px) 100vw, 465px\" \/><\/a><\/p>\n<p>A Prefeitura de Sum\u00e9 esclarece que em rela\u00e7\u00e3o \u00e0 divulga\u00e7\u00e3o do boletim epidemiol\u00f3gico do Governo do Estado do \u00faltimo s\u00e1bado, em que o munic\u00edpio aparece com seis casos confirmados, esse paciente (a), n\u00e3o reside no munic\u00edpio de Sum\u00e9.<\/p>\n<p>As diretrizes de notifica\u00e7\u00e3o do governo do estado tem uma metodologia de valida\u00e7\u00e3o de acordo com o munic\u00edpio de origem do paciente, ou seja, onde ele fez o cadastro do cart\u00e3o do SUS.<\/p>\n<p>O cart\u00e3o do SUS permanecendo com endere\u00e7o do munic\u00edpio de origem onde foi realizado o cadastrado, automaticamente os dados s\u00e3o contabilizados para este endere\u00e7o. O caso ainda est\u00e1 sendo averiguado pela Secretaria de Sa\u00fade do Estado, para saber de onde partiu o teste e em breve estar\u00e1 repassando maiores informa\u00e7\u00f5es para o munic\u00edpio de Sum\u00e9.<\/p>\n<p>De acordo com os dados confirmados pela Secretaria Municipal de Sa\u00fade de Sum\u00e9, neste domingo, Sum\u00e9 continua com cinco casos diagnosticados da doen\u00e7a, sem novos registros, sendo que quatro pacientes est\u00e3o em isolamento domiciliar.<\/p>\n<p><strong>Boa Not\u00edcia:<\/strong> Uma mulher de 79 anos de idade com hist\u00f3rico de diabetes e hipertens\u00e3o que deu entrada na \u00faltima sexta-feira no Hospital e Maternidade Alice de Almeida e testou positivo para o coronav\u00edrus, sendo transferida para Campina Grande, recebeu alta neste domingo.<\/p>\n<p>Ascom\/PMS<\/p>\n","protected":false},"excerpt":{"rendered":"<p>A Prefeitura de Sum\u00e9 esclarece que em rela\u00e7\u00e3o \u00e0 divulga\u00e7\u00e3o do boletim epidemiol\u00f3gico do Governo do Estado do \u00faltimo s\u00e1bado, em que o munic\u00edpio aparece com seis casos confirmados, esse paciente (a), n\u00e3o reside no munic\u00edpio de Sum\u00e9. As diretrizes de notifica\u00e7\u00e3o do governo do estado tem uma metodologia de valida\u00e7\u00e3o de acordo com o munic\u00edpio de origem do paciente, ou seja, onde ele fez o cadastro do cart\u00e3o do SUS. O cart\u00e3o do SUS permanecendo com endere\u00e7o do munic\u00edpio de origem onde foi realizado o cadastrado, automaticamente os dados s\u00e3o contabilizados para este endere\u00e7o. O caso ainda est\u00e1 sendo averiguado pela Secretaria de Sa\u00fade do Estado, para saber de onde partiu o teste e em breve estar\u00e1 repassando maiores informa\u00e7\u00f5es para o munic\u00edpio de Sum\u00e9. De acordo com os dados confirmados pela Secretaria Municipal de Sa\u00fade de Sum\u00e9, neste domingo, Sum\u00e9 continua com cinco casos diagnosticados da doen\u00e7a, sem novos registros, sendo que quatro pacientes est\u00e3o em isolamento domiciliar. Boa Not\u00edcia: Uma mulher de 79 anos de idade com hist\u00f3rico de diabetes e hipertens\u00e3o que deu entrada na \u00faltima sexta-feira no Hospital e Maternidade Alice de Almeida e testou positivo para o coronav\u00edrus, sendo transferida para Campina Grande, recebeu alta neste domingo. Ascom\/PMS<\/p>\n","protected":false},"author":2,"featured_media":25059,"comment_status":"closed","ping_status":"open","sticky":false,"template":"","format":"standard","meta":{"_eb_attr":"","_jetpack_memberships_contains_paid_content":false,"footnotes":""},"categories":[8],"tags":[],"class_list":["post-25058","post","type-post","status-publish","format-standard","has-post-thumbnail","hentry","category-saude"],"yoast_head":"<!-- This site is optimized with the Yoast SEO plugin v26.5 - https:\/\/yoast.com\/wordpress\/plugins\/seo\/ -->\n<title>Sa\u00fade de Sum\u00e9 divulga boletim do Covid-19 deste domingo e esclarece caso apresentado pelo Governo do Estado - Not&iacute;cias em Destaque<\/title>\n<meta name=\"robots\" content=\"index, follow, max-snippet:-1, max-image-preview:large, max-video-preview:-1\" \/>\n<link rel=\"canonical\" href=\"https:\/\/noticiasemdestaque.com\/cd\/?p=25058\" \/>\n<meta property=\"og:locale\" content=\"pt_BR\" \/>\n<meta property=\"og:type\" content=\"article\" \/>\n<meta property=\"og:title\" content=\"Sa\u00fade de Sum\u00e9 divulga boletim do Covid-19 deste domingo e esclarece caso apresentado pelo Governo do Estado - Not&iacute;cias em Destaque\" \/>\n<meta property=\"og:description\" content=\"A Prefeitura de Sum\u00e9 esclarece que em rela\u00e7\u00e3o \u00e0 divulga\u00e7\u00e3o do boletim epidemiol\u00f3gico do Governo do Estado do \u00faltimo s\u00e1bado, em que o munic\u00edpio aparece com seis casos confirmados, esse paciente (a), n\u00e3o reside no munic\u00edpio de Sum\u00e9. As diretrizes de notifica\u00e7\u00e3o do governo do estado tem uma metodologia de valida\u00e7\u00e3o de acordo com o munic\u00edpio de origem do paciente, ou seja, onde ele fez o cadastro do cart\u00e3o do SUS. O cart\u00e3o do SUS permanecendo com endere\u00e7o do munic\u00edpio de origem onde foi realizado o cadastrado, automaticamente os dados s\u00e3o contabilizados para este endere\u00e7o. O caso ainda est\u00e1 sendo averiguado pela Secretaria de Sa\u00fade do Estado, para saber de onde partiu o teste e em breve estar\u00e1 repassando maiores informa\u00e7\u00f5es para o munic\u00edpio de Sum\u00e9. De acordo com os dados confirmados pela Secretaria Municipal de Sa\u00fade de Sum\u00e9, neste domingo, Sum\u00e9 continua com cinco casos diagnosticados da doen\u00e7a, sem novos registros, sendo que quatro pacientes est\u00e3o em isolamento domiciliar. Boa Not\u00edcia: Uma mulher de 79 anos de idade com hist\u00f3rico de diabetes e hipertens\u00e3o que deu entrada na \u00faltima sexta-feira no Hospital e Maternidade Alice de Almeida e testou positivo para o coronav\u00edrus, sendo transferida para Campina Grande, recebeu alta neste domingo. Ascom\/PMS\" \/>\n<meta property=\"og:url\" content=\"https:\/\/noticiasemdestaque.com\/cd\/?p=25058\" \/>\n<meta property=\"og:site_name\" content=\"Not&iacute;cias em Destaque\" \/>\n<meta property=\"article:published_time\" content=\"2020-05-24T23:22:22+00:00\" \/>\n<meta property=\"article:modified_time\" content=\"2020-05-25T00:22:37+00:00\" \/>\n<meta property=\"og:image\" content=\"https:\/\/noticiasemdestaque.com\/cd\/wp-content\/uploads\/2020\/05\/7a16adcd-bfaa-44a8-9a1c-61d755e7d672.jpg\" \/>\n\t<meta property=\"og:image:width\" content=\"1198\" \/>\n\t<meta property=\"og:image:height\" content=\"1200\" \/>\n\t<meta property=\"og:image:type\" content=\"image\/jpeg\" \/>\n<meta name=\"author\" content=\"Not\u00edcias em Destaque\" \/>\n<meta name=\"twitter:card\" content=\"summary_large_image\" \/>\n<meta name=\"twitter:label1\" content=\"Escrito por\" \/>\n\t<meta name=\"twitter:data1\" content=\"Not\u00edcias em Destaque\" \/>\n\t<meta name=\"twitter:label2\" content=\"Est. tempo de leitura\" \/>\n\t<meta name=\"twitter:data2\" content=\"1 minuto\" \/>\n<script type=\"application\/ld+json\" class=\"yoast-schema-graph\">{\"@context\":\"https:\/\/schema.org\",\"@graph\":[{\"@type\":\"Article\",\"@id\":\"https:\/\/noticiasemdestaque.com\/cd\/?p=25058#article\",\"isPartOf\":{\"@id\":\"https:\/\/noticiasemdestaque.com\/cd\/?p=25058\"},\"author\":{\"name\":\"Not\u00edcias em Destaque\",\"@id\":\"https:\/\/noticiasemdestaque.com\/cd\/#\/schema\/person\/21320b03a7e8bb90128938dafc9b908a\"},\"headline\":\"Sa\u00fade de Sum\u00e9 divulga boletim do Covid-19 deste domingo e esclarece caso apresentado pelo Governo do Estado\",\"datePublished\":\"2020-05-24T23:22:22+00:00\",\"dateModified\":\"2020-05-25T00:22:37+00:00\",\"mainEntityOfPage\":{\"@id\":\"https:\/\/noticiasemdestaque.com\/cd\/?p=25058\"},\"wordCount\":247,\"publisher\":{\"@id\":\"https:\/\/noticiasemdestaque.com\/cd\/#organization\"},\"image\":{\"@id\":\"https:\/\/noticiasemdestaque.com\/cd\/?p=25058#primaryimage\"},\"thumbnailUrl\":\"https:\/\/noticiasemdestaque.com\/cd\/wp-content\/uploads\/2020\/05\/7a16adcd-bfaa-44a8-9a1c-61d755e7d672.jpg\",\"articleSection\":[\"Sa\u00fade\"],\"inLanguage\":\"pt-BR\"},{\"@type\":\"WebPage\",\"@id\":\"https:\/\/noticiasemdestaque.com\/cd\/?p=25058\",\"url\":\"https:\/\/noticiasemdestaque.com\/cd\/?p=25058\",\"name\":\"Sa\u00fade de Sum\u00e9 divulga boletim do Covid-19 deste domingo e esclarece caso apresentado pelo Governo do Estado - Not&iacute;cias em Destaque\",\"isPartOf\":{\"@id\":\"https:\/\/noticiasemdestaque.com\/cd\/#website\"},\"primaryImageOfPage\":{\"@id\":\"https:\/\/noticiasemdestaque.com\/cd\/?p=25058#primaryimage\"},\"image\":{\"@id\":\"https:\/\/noticiasemdestaque.com\/cd\/?p=25058#primaryimage\"},\"thumbnailUrl\":\"https:\/\/noticiasemdestaque.com\/cd\/wp-content\/uploads\/2020\/05\/7a16adcd-bfaa-44a8-9a1c-61d755e7d672.jpg\",\"datePublished\":\"2020-05-24T23:22:22+00:00\",\"dateModified\":\"2020-05-25T00:22:37+00:00\",\"breadcrumb\":{\"@id\":\"https:\/\/noticiasemdestaque.com\/cd\/?p=25058#breadcrumb\"},\"inLanguage\":\"pt-BR\",\"potentialAction\":[{\"@type\":\"ReadAction\",\"target\":[\"https:\/\/noticiasemdestaque.com\/cd\/?p=25058\"]}]},{\"@type\":\"ImageObject\",\"inLanguage\":\"pt-BR\",\"@id\":\"https:\/\/noticiasemdestaque.com\/cd\/?p=25058#primaryimage\",\"url\":\"https:\/\/noticiasemdestaque.com\/cd\/wp-content\/uploads\/2020\/05\/7a16adcd-bfaa-44a8-9a1c-61d755e7d672.jpg\",\"contentUrl\":\"https:\/\/noticiasemdestaque.com\/cd\/wp-content\/uploads\/2020\/05\/7a16adcd-bfaa-44a8-9a1c-61d755e7d672.jpg\",\"width\":1198,\"height\":1200},{\"@type\":\"BreadcrumbList\",\"@id\":\"https:\/\/noticiasemdestaque.com\/cd\/?p=25058#breadcrumb\",\"itemListElement\":[{\"@type\":\"ListItem\",\"position\":1,\"name\":\"In\u00edcio\",\"item\":\"https:\/\/noticiasemdestaque.com\/cd\/\"},{\"@type\":\"ListItem\",\"position\":2,\"name\":\"Sa\u00fade de Sum\u00e9 divulga boletim do Covid-19 deste domingo e esclarece caso apresentado pelo Governo do Estado\"}]},{\"@type\":\"WebSite\",\"@id\":\"https:\/\/noticiasemdestaque.com\/cd\/#website\",\"url\":\"https:\/\/noticiasemdestaque.com\/cd\/\",\"name\":\"Not&iacute;cias em Destaque\",\"description\":\"\",\"publisher\":{\"@id\":\"https:\/\/noticiasemdestaque.com\/cd\/#organization\"},\"potentialAction\":[{\"@type\":\"SearchAction\",\"target\":{\"@type\":\"EntryPoint\",\"urlTemplate\":\"https:\/\/noticiasemdestaque.com\/cd\/?s={search_term_string}\"},\"query-input\":{\"@type\":\"PropertyValueSpecification\",\"valueRequired\":true,\"valueName\":\"search_term_string\"}}],\"inLanguage\":\"pt-BR\"},{\"@type\":\"Organization\",\"@id\":\"https:\/\/noticiasemdestaque.com\/cd\/#organization\",\"name\":\"Not\u00edcias em Destaque\",\"url\":\"https:\/\/noticiasemdestaque.com\/cd\/\",\"logo\":{\"@type\":\"ImageObject\",\"inLanguage\":\"pt-BR\",\"@id\":\"https:\/\/noticiasemdestaque.com\/cd\/#\/schema\/logo\/image\/\",\"url\":\"https:\/\/noticiasemdestaque.com\/cd\/wp-content\/uploads\/2022\/05\/imagem-base-noticiasemdestaque.png\",\"contentUrl\":\"https:\/\/noticiasemdestaque.com\/cd\/wp-content\/uploads\/2022\/05\/imagem-base-noticiasemdestaque.png\",\"width\":1200,\"height\":630,\"caption\":\"Not\u00edcias em Destaque\"},\"image\":{\"@id\":\"https:\/\/noticiasemdestaque.com\/cd\/#\/schema\/logo\/image\/\"}},{\"@type\":\"Person\",\"@id\":\"https:\/\/noticiasemdestaque.com\/cd\/#\/schema\/person\/21320b03a7e8bb90128938dafc9b908a\",\"name\":\"Not\u00edcias em Destaque\",\"url\":\"https:\/\/noticiasemdestaque.com\/cd\/?author=2\"}]}<\/script>\n<!-- \/ Yoast SEO plugin. -->","yoast_head_json":{"title":"Sa\u00fade de Sum\u00e9 divulga boletim do Covid-19 deste domingo e esclarece caso apresentado pelo Governo do Estado - Not&iacute;cias em Destaque","robots":{"index":"index","follow":"follow","max-snippet":"max-snippet:-1","max-image-preview":"max-image-preview:large","max-video-preview":"max-video-preview:-1"},"canonical":"https:\/\/noticiasemdestaque.com\/cd\/?p=25058","og_locale":"pt_BR","og_type":"article","og_title":"Sa\u00fade de Sum\u00e9 divulga boletim do Covid-19 deste domingo e esclarece caso apresentado pelo Governo do Estado - Not&iacute;cias em Destaque","og_description":"A Prefeitura de Sum\u00e9 esclarece que em rela\u00e7\u00e3o \u00e0 divulga\u00e7\u00e3o do boletim epidemiol\u00f3gico do Governo do Estado do \u00faltimo s\u00e1bado, em que o munic\u00edpio aparece com seis casos confirmados, esse paciente (a), n\u00e3o reside no munic\u00edpio de Sum\u00e9. As diretrizes de notifica\u00e7\u00e3o do governo do estado tem uma metodologia de valida\u00e7\u00e3o de acordo com o munic\u00edpio de origem do paciente, ou seja, onde ele fez o cadastro do cart\u00e3o do SUS. O cart\u00e3o do SUS permanecendo com endere\u00e7o do munic\u00edpio de origem onde foi realizado o cadastrado, automaticamente os dados s\u00e3o contabilizados para este endere\u00e7o. O caso ainda est\u00e1 sendo averiguado pela Secretaria de Sa\u00fade do Estado, para saber de onde partiu o teste e em breve estar\u00e1 repassando maiores informa\u00e7\u00f5es para o munic\u00edpio de Sum\u00e9. De acordo com os dados confirmados pela Secretaria Municipal de Sa\u00fade de Sum\u00e9, neste domingo, Sum\u00e9 continua com cinco casos diagnosticados da doen\u00e7a, sem novos registros, sendo que quatro pacientes est\u00e3o em isolamento domiciliar. Boa Not\u00edcia: Uma mulher de 79 anos de idade com hist\u00f3rico de diabetes e hipertens\u00e3o que deu entrada na \u00faltima sexta-feira no Hospital e Maternidade Alice de Almeida e testou positivo para o coronav\u00edrus, sendo transferida para Campina Grande, recebeu alta neste domingo. Ascom\/PMS","og_url":"https:\/\/noticiasemdestaque.com\/cd\/?p=25058","og_site_name":"Not&iacute;cias em Destaque","article_published_time":"2020-05-24T23:22:22+00:00","article_modified_time":"2020-05-25T00:22:37+00:00","og_image":[{"width":1198,"height":1200,"url":"https:\/\/noticiasemdestaque.com\/cd\/wp-content\/uploads\/2020\/05\/7a16adcd-bfaa-44a8-9a1c-61d755e7d672.jpg","type":"image\/jpeg"}],"author":"Not\u00edcias em Destaque","twitter_card":"summary_large_image","twitter_misc":{"Escrito por":"Not\u00edcias em Destaque","Est. tempo de leitura":"1 minuto"},"schema":{"@context":"https:\/\/schema.org","@graph":[{"@type":"Article","@id":"https:\/\/noticiasemdestaque.com\/cd\/?p=25058#article","isPartOf":{"@id":"https:\/\/noticiasemdestaque.com\/cd\/?p=25058"},"author":{"name":"Not\u00edcias em Destaque","@id":"https:\/\/noticiasemdestaque.com\/cd\/#\/schema\/person\/21320b03a7e8bb90128938dafc9b908a"},"headline":"Sa\u00fade de Sum\u00e9 divulga boletim do Covid-19 deste domingo e esclarece caso apresentado pelo Governo do Estado","datePublished":"2020-05-24T23:22:22+00:00","dateModified":"2020-05-25T00:22:37+00:00","mainEntityOfPage":{"@id":"https:\/\/noticiasemdestaque.com\/cd\/?p=25058"},"wordCount":247,"publisher":{"@id":"https:\/\/noticiasemdestaque.com\/cd\/#organization"},"image":{"@id":"https:\/\/noticiasemdestaque.com\/cd\/?p=25058#primaryimage"},"thumbnailUrl":"https:\/\/noticiasemdestaque.com\/cd\/wp-content\/uploads\/2020\/05\/7a16adcd-bfaa-44a8-9a1c-61d755e7d672.jpg","articleSection":["Sa\u00fade"],"inLanguage":"pt-BR"},{"@type":"WebPage","@id":"https:\/\/noticiasemdestaque.com\/cd\/?p=25058","url":"https:\/\/noticiasemdestaque.com\/cd\/?p=25058","name":"Sa\u00fade de Sum\u00e9 divulga boletim do Covid-19 deste domingo e esclarece caso apresentado pelo Governo do Estado - Not&iacute;cias em Destaque","isPartOf":{"@id":"https:\/\/noticiasemdestaque.com\/cd\/#website"},"primaryImageOfPage":{"@id":"https:\/\/noticiasemdestaque.com\/cd\/?p=25058#primaryimage"},"image":{"@id":"https:\/\/noticiasemdestaque.com\/cd\/?p=25058#primaryimage"},"thumbnailUrl":"https:\/\/noticiasemdestaque.com\/cd\/wp-content\/uploads\/2020\/05\/7a16adcd-bfaa-44a8-9a1c-61d755e7d672.jpg","datePublished":"2020-05-24T23:22:22+00:00","dateModified":"2020-05-25T00:22:37+00:00","breadcrumb":{"@id":"https:\/\/noticiasemdestaque.com\/cd\/?p=25058#breadcrumb"},"inLanguage":"pt-BR","potentialAction":[{"@type":"ReadAction","target":["https:\/\/noticiasemdestaque.com\/cd\/?p=25058"]}]},{"@type":"ImageObject","inLanguage":"pt-BR","@id":"https:\/\/noticiasemdestaque.com\/cd\/?p=25058#primaryimage","url":"https:\/\/noticiasemdestaque.com\/cd\/wp-content\/uploads\/2020\/05\/7a16adcd-bfaa-44a8-9a1c-61d755e7d672.jpg","contentUrl":"https:\/\/noticiasemdestaque.com\/cd\/wp-content\/uploads\/2020\/05\/7a16adcd-bfaa-44a8-9a1c-61d755e7d672.jpg","width":1198,"height":1200},{"@type":"BreadcrumbList","@id":"https:\/\/noticiasemdestaque.com\/cd\/?p=25058#breadcrumb","itemListElement":[{"@type":"ListItem","position":1,"name":"In\u00edcio","item":"https:\/\/noticiasemdestaque.com\/cd\/"},{"@type":"ListItem","position":2,"name":"Sa\u00fade de Sum\u00e9 divulga boletim do Covid-19 deste domingo e esclarece caso apresentado pelo Governo do Estado"}]},{"@type":"WebSite","@id":"https:\/\/noticiasemdestaque.com\/cd\/#website","url":"https:\/\/noticiasemdestaque.com\/cd\/","name":"Not&iacute;cias em Destaque","description":"","publisher":{"@id":"https:\/\/noticiasemdestaque.com\/cd\/#organization"},"potentialAction":[{"@type":"SearchAction","target":{"@type":"EntryPoint","urlTemplate":"https:\/\/noticiasemdestaque.com\/cd\/?s={search_term_string}"},"query-input":{"@type":"PropertyValueSpecification","valueRequired":true,"valueName":"search_term_string"}}],"inLanguage":"pt-BR"},{"@type":"Organization","@id":"https:\/\/noticiasemdestaque.com\/cd\/#organization","name":"Not\u00edcias em Destaque","url":"https:\/\/noticiasemdestaque.com\/cd\/","logo":{"@type":"ImageObject","inLanguage":"pt-BR","@id":"https:\/\/noticiasemdestaque.com\/cd\/#\/schema\/logo\/image\/","url":"https:\/\/noticiasemdestaque.com\/cd\/wp-content\/uploads\/2022\/05\/imagem-base-noticiasemdestaque.png","contentUrl":"https:\/\/noticiasemdestaque.com\/cd\/wp-content\/uploads\/2022\/05\/imagem-base-noticiasemdestaque.png","width":1200,"height":630,"caption":"Not\u00edcias em Destaque"},"image":{"@id":"https:\/\/noticiasemdestaque.com\/cd\/#\/schema\/logo\/image\/"}},{"@type":"Person","@id":"https:\/\/noticiasemdestaque.com\/cd\/#\/schema\/person\/21320b03a7e8bb90128938dafc9b908a","name":"Not\u00edcias em Destaque","url":"https:\/\/noticiasemdestaque.com\/cd\/?author=2"}]}},"jetpack_featured_media_url":"https:\/\/noticiasemdestaque.com\/cd\/wp-content\/uploads\/2020\/05\/7a16adcd-bfaa-44a8-9a1c-61d755e7d672.jpg","jetpack_sharing_enabled":true,"_links":{"self":[{"href":"https:\/\/noticiasemdestaque.com\/cd\/index.php?rest_route=\/wp\/v2\/posts\/25058","targetHints":{"allow":["GET"]}}],"collection":[{"href":"https:\/\/noticiasemdestaque.com\/cd\/index.php?rest_route=\/wp\/v2\/posts"}],"about":[{"href":"https:\/\/noticiasemdestaque.com\/cd\/index.php?rest_route=\/wp\/v2\/types\/post"}],"author":[{"embeddable":true,"href":"https:\/\/noticiasemdestaque.com\/cd\/index.php?rest_route=\/wp\/v2\/users\/2"}],"replies":[{"embeddable":true,"href":"https:\/\/noticiasemdestaque.com\/cd\/index.php?rest_route=%2Fwp%2Fv2%2Fcomments&post=25058"}],"version-history":[{"count":5,"href":"https:\/\/noticiasemdestaque.com\/cd\/index.php?rest_route=\/wp\/v2\/posts\/25058\/revisions"}],"predecessor-version":[{"id":25064,"href":"https:\/\/noticiasemdestaque.com\/cd\/index.php?rest_route=\/wp\/v2\/posts\/25058\/revisions\/25064"}],"wp:featuredmedia":[{"embeddable":true,"href":"https:\/\/noticiasemdestaque.com\/cd\/index.php?rest_route=\/wp\/v2\/media\/25059"}],"wp:attachment":[{"href":"https:\/\/noticiasemdestaque.com\/cd\/index.php?rest_route=%2Fwp%2Fv2%2Fmedia&parent=25058"}],"wp:term":[{"taxonomy":"category","embeddable":true,"href":"https:\/\/noticiasemdestaque.com\/cd\/index.php?rest_route=%2Fwp%2Fv2%2Fcategories&post=25058"},{"taxonomy":"post_tag","embeddable":true,"href":"https:\/\/noticiasemdestaque.com\/cd\/index.php?rest_route=%2Fwp%2Fv2%2Ftags&post=25058"}],"curies":[{"name":"wp","href":"https:\/\/api.w.org\/{rel}","templated":true}]}}