{"id":25046,"date":"2020-05-24T16:47:10","date_gmt":"2020-05-24T19:47:10","guid":{"rendered":"http:\/\/noticiasemdestaque.com\/cd\/?p=25046"},"modified":"2020-05-24T16:49:07","modified_gmt":"2020-05-24T19:49:07","slug":"correios-serao-opcao-para-fazer-cadastro-para-auxilio-emergencial","status":"publish","type":"post","link":"https:\/\/noticiasemdestaque.com\/cd\/?p=25046","title":{"rendered":"Correios ser\u00e3o op\u00e7\u00e3o para fazer cadastro para aux\u00edlio emergencial"},"content":{"rendered":"<p><a href=\"https:\/\/noticiasemdestaque.com\/cd\/wp-content\/uploads\/2020\/02\/correios.jpg\"><img fetchpriority=\"high\" decoding=\"async\" class=\"wp-image-22623 aligncenter\" src=\"https:\/\/noticiasemdestaque.com\/cd\/wp-content\/uploads\/2020\/02\/correios.jpg\" alt=\"\" width=\"503\" height=\"292\" srcset=\"https:\/\/noticiasemdestaque.com\/cd\/wp-content\/uploads\/2020\/02\/correios.jpg 600w, https:\/\/noticiasemdestaque.com\/cd\/wp-content\/uploads\/2020\/02\/correios-300x174.jpg 300w\" sizes=\"(max-width: 503px) 100vw, 503px\" \/><\/a><\/p>\n<p>A partir de junho, as ag\u00eancias dos Correios ser\u00e3o uma op\u00e7\u00e3o para quem quer fazer o cadastro para receber o\u00a0<a href=\"https:\/\/agenciabrasil.ebc.com.br\/geral\/noticia\/2020-04\/confira-como-pedir-renda-basica-emergencial-de-r-600]\" target=\"_blank\" rel=\"noopener noreferrer\">aux\u00edlio emergencial do governo<\/a>, benef\u00edcio de\u00a0R$ 600 mensais (R$ 1,2 mil para m\u00e3es solteiras) pago a trabalhadores informais, microempreendedores individuais, aut\u00f4nomos e desempregados\u00a0para amenizar os impactos do isolamento social adotado devido \u00e0 pandemia do novo coronav\u00edrus.<\/p>\n<p>At\u00e9 este s\u00e1bado (23), a\u00a0Caixa Econ\u00f4mica Federal\u00a0<a href=\"https:\/\/agenciabrasil.ebc.com.br\/economia\/noticia\/2020-05\/caixa-pagou-ate-este-sabado-r-60-bilhoes-em-auxilio-emergencial\" target=\"_blank\" rel=\"noopener noreferrer\">pagou R$ 60 bilh\u00f5es\u00a0<\/a>de aux\u00edlio emergencial, somadas as primeiras e segunda parcelas. No total, 55,1 milh\u00f5es de pessoas receberam a primeira parcela, enquanto a segunda parcela alcan\u00e7ou 30,4 milh\u00f5es.<\/p>\n<p>Nota divulgada pelos Correios esclarece que o\u00a0in\u00edcio da presta\u00e7\u00e3o de apoio das ag\u00eancias postais neste\u00a0cadastramento ser\u00e1 em junho, mas ainda n\u00e3o tem data definida.<\/p>\n<p>Conforme a nota, \u201cas ag\u00eancias est\u00e3o, nesse momento, em processo de adapta\u00e7\u00e3o dos sistemas para realiza\u00e7\u00e3o do servi\u00e7o.\u201d A estatal promete que \u201ca data de in\u00edcio do atendimento, as formas de acesso da popula\u00e7\u00e3o e demais procedimentos ser\u00e3o amplamente divulgados pelos canais oficiais da empresa.\u201d<\/p>\n<p><em><strong>Not\u00edcias em Destaque<\/strong><\/em><\/p>\n<p>Com Ag\u00eancia Brasil<\/p>\n","protected":false},"excerpt":{"rendered":"<p>A partir de junho, as ag\u00eancias dos Correios ser\u00e3o uma op\u00e7\u00e3o para quem quer fazer o cadastro para receber o\u00a0aux\u00edlio emergencial do governo, benef\u00edcio de\u00a0R$ 600 mensais (R$ 1,2 mil para m\u00e3es solteiras) pago a trabalhadores informais, microempreendedores individuais, aut\u00f4nomos e desempregados\u00a0para amenizar os impactos do isolamento social adotado devido \u00e0 pandemia do novo coronav\u00edrus. At\u00e9 este s\u00e1bado (23), a\u00a0Caixa Econ\u00f4mica Federal\u00a0pagou R$ 60 bilh\u00f5es\u00a0de aux\u00edlio emergencial, somadas as primeiras e segunda parcelas. No total, 55,1 milh\u00f5es de pessoas receberam a primeira parcela, enquanto a segunda parcela alcan\u00e7ou 30,4 milh\u00f5es. Nota divulgada pelos Correios esclarece que o\u00a0in\u00edcio da presta\u00e7\u00e3o de apoio das ag\u00eancias postais neste\u00a0cadastramento ser\u00e1 em junho, mas ainda n\u00e3o tem data definida. Conforme a nota, \u201cas ag\u00eancias est\u00e3o, nesse momento, em processo de adapta\u00e7\u00e3o dos sistemas para realiza\u00e7\u00e3o do servi\u00e7o.\u201d A estatal promete que \u201ca data de in\u00edcio do atendimento, as formas de acesso da popula\u00e7\u00e3o e demais procedimentos ser\u00e3o amplamente divulgados pelos canais oficiais da empresa.\u201d Not\u00edcias em Destaque Com Ag\u00eancia Brasil<\/p>\n","protected":false},"author":2,"featured_media":22623,"comment_status":"closed","ping_status":"open","sticky":false,"template":"","format":"standard","meta":{"_eb_attr":"","_jetpack_memberships_contains_paid_content":false,"footnotes":""},"categories":[12],"tags":[],"class_list":["post-25046","post","type-post","status-publish","format-standard","has-post-thumbnail","hentry","category-geral"],"yoast_head":"<!-- This site is optimized with the Yoast SEO plugin v26.5 - https:\/\/yoast.com\/wordpress\/plugins\/seo\/ -->\n<title>Correios ser\u00e3o op\u00e7\u00e3o para fazer cadastro para aux\u00edlio emergencial - Not&iacute;cias em Destaque<\/title>\n<meta name=\"robots\" content=\"index, follow, max-snippet:-1, max-image-preview:large, max-video-preview:-1\" \/>\n<link rel=\"canonical\" href=\"https:\/\/noticiasemdestaque.com\/cd\/?p=25046\" \/>\n<meta property=\"og:locale\" content=\"pt_BR\" \/>\n<meta property=\"og:type\" content=\"article\" \/>\n<meta property=\"og:title\" content=\"Correios ser\u00e3o op\u00e7\u00e3o para fazer cadastro para aux\u00edlio emergencial - Not&iacute;cias em Destaque\" \/>\n<meta property=\"og:description\" content=\"A partir de junho, as ag\u00eancias dos Correios ser\u00e3o uma op\u00e7\u00e3o para quem quer fazer o cadastro para receber o\u00a0aux\u00edlio emergencial do governo, benef\u00edcio de\u00a0R$ 600 mensais (R$ 1,2 mil para m\u00e3es solteiras) pago a trabalhadores informais, microempreendedores individuais, aut\u00f4nomos e desempregados\u00a0para amenizar os impactos do isolamento social adotado devido \u00e0 pandemia do novo coronav\u00edrus. At\u00e9 este s\u00e1bado (23), a\u00a0Caixa Econ\u00f4mica Federal\u00a0pagou R$ 60 bilh\u00f5es\u00a0de aux\u00edlio emergencial, somadas as primeiras e segunda parcelas. No total, 55,1 milh\u00f5es de pessoas receberam a primeira parcela, enquanto a segunda parcela alcan\u00e7ou 30,4 milh\u00f5es. Nota divulgada pelos Correios esclarece que o\u00a0in\u00edcio da presta\u00e7\u00e3o de apoio das ag\u00eancias postais neste\u00a0cadastramento ser\u00e1 em junho, mas ainda n\u00e3o tem data definida. Conforme a nota, \u201cas ag\u00eancias est\u00e3o, nesse momento, em processo de adapta\u00e7\u00e3o dos sistemas para realiza\u00e7\u00e3o do servi\u00e7o.\u201d A estatal promete que \u201ca data de in\u00edcio do atendimento, as formas de acesso da popula\u00e7\u00e3o e demais procedimentos ser\u00e3o amplamente divulgados pelos canais oficiais da empresa.\u201d Not\u00edcias em Destaque Com Ag\u00eancia Brasil\" \/>\n<meta property=\"og:url\" content=\"https:\/\/noticiasemdestaque.com\/cd\/?p=25046\" \/>\n<meta property=\"og:site_name\" content=\"Not&iacute;cias em Destaque\" \/>\n<meta property=\"article:published_time\" content=\"2020-05-24T19:47:10+00:00\" \/>\n<meta property=\"article:modified_time\" content=\"2020-05-24T19:49:07+00:00\" \/>\n<meta property=\"og:image\" content=\"https:\/\/noticiasemdestaque.com\/cd\/wp-content\/uploads\/2020\/02\/correios.jpg\" \/>\n\t<meta property=\"og:image:width\" content=\"600\" \/>\n\t<meta property=\"og:image:height\" content=\"348\" \/>\n\t<meta property=\"og:image:type\" content=\"image\/jpeg\" \/>\n<meta name=\"author\" content=\"Not\u00edcias em Destaque\" \/>\n<meta name=\"twitter:card\" content=\"summary_large_image\" \/>\n<meta name=\"twitter:label1\" content=\"Escrito por\" \/>\n\t<meta name=\"twitter:data1\" content=\"Not\u00edcias em Destaque\" \/>\n\t<meta name=\"twitter:label2\" content=\"Est. tempo de leitura\" \/>\n\t<meta name=\"twitter:data2\" content=\"1 minuto\" \/>\n<script type=\"application\/ld+json\" class=\"yoast-schema-graph\">{\"@context\":\"https:\/\/schema.org\",\"@graph\":[{\"@type\":\"Article\",\"@id\":\"https:\/\/noticiasemdestaque.com\/cd\/?p=25046#article\",\"isPartOf\":{\"@id\":\"https:\/\/noticiasemdestaque.com\/cd\/?p=25046\"},\"author\":{\"name\":\"Not\u00edcias em Destaque\",\"@id\":\"https:\/\/noticiasemdestaque.com\/cd\/#\/schema\/person\/21320b03a7e8bb90128938dafc9b908a\"},\"headline\":\"Correios ser\u00e3o op\u00e7\u00e3o para fazer cadastro para aux\u00edlio emergencial\",\"datePublished\":\"2020-05-24T19:47:10+00:00\",\"dateModified\":\"2020-05-24T19:49:07+00:00\",\"mainEntityOfPage\":{\"@id\":\"https:\/\/noticiasemdestaque.com\/cd\/?p=25046\"},\"wordCount\":207,\"publisher\":{\"@id\":\"https:\/\/noticiasemdestaque.com\/cd\/#organization\"},\"image\":{\"@id\":\"https:\/\/noticiasemdestaque.com\/cd\/?p=25046#primaryimage\"},\"thumbnailUrl\":\"https:\/\/noticiasemdestaque.com\/cd\/wp-content\/uploads\/2020\/02\/correios.jpg\",\"articleSection\":[\"Geral\"],\"inLanguage\":\"pt-BR\"},{\"@type\":\"WebPage\",\"@id\":\"https:\/\/noticiasemdestaque.com\/cd\/?p=25046\",\"url\":\"https:\/\/noticiasemdestaque.com\/cd\/?p=25046\",\"name\":\"Correios ser\u00e3o op\u00e7\u00e3o para fazer cadastro para aux\u00edlio emergencial - Not&iacute;cias em Destaque\",\"isPartOf\":{\"@id\":\"https:\/\/noticiasemdestaque.com\/cd\/#website\"},\"primaryImageOfPage\":{\"@id\":\"https:\/\/noticiasemdestaque.com\/cd\/?p=25046#primaryimage\"},\"image\":{\"@id\":\"https:\/\/noticiasemdestaque.com\/cd\/?p=25046#primaryimage\"},\"thumbnailUrl\":\"https:\/\/noticiasemdestaque.com\/cd\/wp-content\/uploads\/2020\/02\/correios.jpg\",\"datePublished\":\"2020-05-24T19:47:10+00:00\",\"dateModified\":\"2020-05-24T19:49:07+00:00\",\"breadcrumb\":{\"@id\":\"https:\/\/noticiasemdestaque.com\/cd\/?p=25046#breadcrumb\"},\"inLanguage\":\"pt-BR\",\"potentialAction\":[{\"@type\":\"ReadAction\",\"target\":[\"https:\/\/noticiasemdestaque.com\/cd\/?p=25046\"]}]},{\"@type\":\"ImageObject\",\"inLanguage\":\"pt-BR\",\"@id\":\"https:\/\/noticiasemdestaque.com\/cd\/?p=25046#primaryimage\",\"url\":\"https:\/\/noticiasemdestaque.com\/cd\/wp-content\/uploads\/2020\/02\/correios.jpg\",\"contentUrl\":\"https:\/\/noticiasemdestaque.com\/cd\/wp-content\/uploads\/2020\/02\/correios.jpg\",\"width\":600,\"height\":348,\"caption\":\"Ag\u00eancia dos Correios no campus sede da UFPB, em Jo\u00e3o Pessoa \u2014 Foto: TV Cabo Branco\/Reprodu\u00e7\u00e3o\"},{\"@type\":\"BreadcrumbList\",\"@id\":\"https:\/\/noticiasemdestaque.com\/cd\/?p=25046#breadcrumb\",\"itemListElement\":[{\"@type\":\"ListItem\",\"position\":1,\"name\":\"In\u00edcio\",\"item\":\"https:\/\/noticiasemdestaque.com\/cd\/\"},{\"@type\":\"ListItem\",\"position\":2,\"name\":\"Correios ser\u00e3o op\u00e7\u00e3o para fazer cadastro para aux\u00edlio emergencial\"}]},{\"@type\":\"WebSite\",\"@id\":\"https:\/\/noticiasemdestaque.com\/cd\/#website\",\"url\":\"https:\/\/noticiasemdestaque.com\/cd\/\",\"name\":\"Not&iacute;cias em Destaque\",\"description\":\"\",\"publisher\":{\"@id\":\"https:\/\/noticiasemdestaque.com\/cd\/#organization\"},\"potentialAction\":[{\"@type\":\"SearchAction\",\"target\":{\"@type\":\"EntryPoint\",\"urlTemplate\":\"https:\/\/noticiasemdestaque.com\/cd\/?s={search_term_string}\"},\"query-input\":{\"@type\":\"PropertyValueSpecification\",\"valueRequired\":true,\"valueName\":\"search_term_string\"}}],\"inLanguage\":\"pt-BR\"},{\"@type\":\"Organization\",\"@id\":\"https:\/\/noticiasemdestaque.com\/cd\/#organization\",\"name\":\"Not\u00edcias em Destaque\",\"url\":\"https:\/\/noticiasemdestaque.com\/cd\/\",\"logo\":{\"@type\":\"ImageObject\",\"inLanguage\":\"pt-BR\",\"@id\":\"https:\/\/noticiasemdestaque.com\/cd\/#\/schema\/logo\/image\/\",\"url\":\"https:\/\/noticiasemdestaque.com\/cd\/wp-content\/uploads\/2022\/05\/imagem-base-noticiasemdestaque.png\",\"contentUrl\":\"https:\/\/noticiasemdestaque.com\/cd\/wp-content\/uploads\/2022\/05\/imagem-base-noticiasemdestaque.png\",\"width\":1200,\"height\":630,\"caption\":\"Not\u00edcias em Destaque\"},\"image\":{\"@id\":\"https:\/\/noticiasemdestaque.com\/cd\/#\/schema\/logo\/image\/\"}},{\"@type\":\"Person\",\"@id\":\"https:\/\/noticiasemdestaque.com\/cd\/#\/schema\/person\/21320b03a7e8bb90128938dafc9b908a\",\"name\":\"Not\u00edcias em Destaque\",\"url\":\"https:\/\/noticiasemdestaque.com\/cd\/?author=2\"}]}<\/script>\n<!-- \/ Yoast SEO plugin. -->","yoast_head_json":{"title":"Correios ser\u00e3o op\u00e7\u00e3o para fazer cadastro para aux\u00edlio emergencial - Not&iacute;cias em Destaque","robots":{"index":"index","follow":"follow","max-snippet":"max-snippet:-1","max-image-preview":"max-image-preview:large","max-video-preview":"max-video-preview:-1"},"canonical":"https:\/\/noticiasemdestaque.com\/cd\/?p=25046","og_locale":"pt_BR","og_type":"article","og_title":"Correios ser\u00e3o op\u00e7\u00e3o para fazer cadastro para aux\u00edlio emergencial - Not&iacute;cias em Destaque","og_description":"A partir de junho, as ag\u00eancias dos Correios ser\u00e3o uma op\u00e7\u00e3o para quem quer fazer o cadastro para receber o\u00a0aux\u00edlio emergencial do governo, benef\u00edcio de\u00a0R$ 600 mensais (R$ 1,2 mil para m\u00e3es solteiras) pago a trabalhadores informais, microempreendedores individuais, aut\u00f4nomos e desempregados\u00a0para amenizar os impactos do isolamento social adotado devido \u00e0 pandemia do novo coronav\u00edrus. At\u00e9 este s\u00e1bado (23), a\u00a0Caixa Econ\u00f4mica Federal\u00a0pagou R$ 60 bilh\u00f5es\u00a0de aux\u00edlio emergencial, somadas as primeiras e segunda parcelas. No total, 55,1 milh\u00f5es de pessoas receberam a primeira parcela, enquanto a segunda parcela alcan\u00e7ou 30,4 milh\u00f5es. Nota divulgada pelos Correios esclarece que o\u00a0in\u00edcio da presta\u00e7\u00e3o de apoio das ag\u00eancias postais neste\u00a0cadastramento ser\u00e1 em junho, mas ainda n\u00e3o tem data definida. Conforme a nota, \u201cas ag\u00eancias est\u00e3o, nesse momento, em processo de adapta\u00e7\u00e3o dos sistemas para realiza\u00e7\u00e3o do servi\u00e7o.\u201d A estatal promete que \u201ca data de in\u00edcio do atendimento, as formas de acesso da popula\u00e7\u00e3o e demais procedimentos ser\u00e3o amplamente divulgados pelos canais oficiais da empresa.\u201d Not\u00edcias em Destaque Com Ag\u00eancia Brasil","og_url":"https:\/\/noticiasemdestaque.com\/cd\/?p=25046","og_site_name":"Not&iacute;cias em Destaque","article_published_time":"2020-05-24T19:47:10+00:00","article_modified_time":"2020-05-24T19:49:07+00:00","og_image":[{"width":600,"height":348,"url":"https:\/\/noticiasemdestaque.com\/cd\/wp-content\/uploads\/2020\/02\/correios.jpg","type":"image\/jpeg"}],"author":"Not\u00edcias em Destaque","twitter_card":"summary_large_image","twitter_misc":{"Escrito por":"Not\u00edcias em Destaque","Est. tempo de leitura":"1 minuto"},"schema":{"@context":"https:\/\/schema.org","@graph":[{"@type":"Article","@id":"https:\/\/noticiasemdestaque.com\/cd\/?p=25046#article","isPartOf":{"@id":"https:\/\/noticiasemdestaque.com\/cd\/?p=25046"},"author":{"name":"Not\u00edcias em Destaque","@id":"https:\/\/noticiasemdestaque.com\/cd\/#\/schema\/person\/21320b03a7e8bb90128938dafc9b908a"},"headline":"Correios ser\u00e3o op\u00e7\u00e3o para fazer cadastro para aux\u00edlio emergencial","datePublished":"2020-05-24T19:47:10+00:00","dateModified":"2020-05-24T19:49:07+00:00","mainEntityOfPage":{"@id":"https:\/\/noticiasemdestaque.com\/cd\/?p=25046"},"wordCount":207,"publisher":{"@id":"https:\/\/noticiasemdestaque.com\/cd\/#organization"},"image":{"@id":"https:\/\/noticiasemdestaque.com\/cd\/?p=25046#primaryimage"},"thumbnailUrl":"https:\/\/noticiasemdestaque.com\/cd\/wp-content\/uploads\/2020\/02\/correios.jpg","articleSection":["Geral"],"inLanguage":"pt-BR"},{"@type":"WebPage","@id":"https:\/\/noticiasemdestaque.com\/cd\/?p=25046","url":"https:\/\/noticiasemdestaque.com\/cd\/?p=25046","name":"Correios ser\u00e3o op\u00e7\u00e3o para fazer cadastro para aux\u00edlio emergencial - Not&iacute;cias em Destaque","isPartOf":{"@id":"https:\/\/noticiasemdestaque.com\/cd\/#website"},"primaryImageOfPage":{"@id":"https:\/\/noticiasemdestaque.com\/cd\/?p=25046#primaryimage"},"image":{"@id":"https:\/\/noticiasemdestaque.com\/cd\/?p=25046#primaryimage"},"thumbnailUrl":"https:\/\/noticiasemdestaque.com\/cd\/wp-content\/uploads\/2020\/02\/correios.jpg","datePublished":"2020-05-24T19:47:10+00:00","dateModified":"2020-05-24T19:49:07+00:00","breadcrumb":{"@id":"https:\/\/noticiasemdestaque.com\/cd\/?p=25046#breadcrumb"},"inLanguage":"pt-BR","potentialAction":[{"@type":"ReadAction","target":["https:\/\/noticiasemdestaque.com\/cd\/?p=25046"]}]},{"@type":"ImageObject","inLanguage":"pt-BR","@id":"https:\/\/noticiasemdestaque.com\/cd\/?p=25046#primaryimage","url":"https:\/\/noticiasemdestaque.com\/cd\/wp-content\/uploads\/2020\/02\/correios.jpg","contentUrl":"https:\/\/noticiasemdestaque.com\/cd\/wp-content\/uploads\/2020\/02\/correios.jpg","width":600,"height":348,"caption":"Ag\u00eancia dos Correios no campus sede da UFPB, em Jo\u00e3o Pessoa \u2014 Foto: TV Cabo Branco\/Reprodu\u00e7\u00e3o"},{"@type":"BreadcrumbList","@id":"https:\/\/noticiasemdestaque.com\/cd\/?p=25046#breadcrumb","itemListElement":[{"@type":"ListItem","position":1,"name":"In\u00edcio","item":"https:\/\/noticiasemdestaque.com\/cd\/"},{"@type":"ListItem","position":2,"name":"Correios ser\u00e3o op\u00e7\u00e3o para fazer cadastro para aux\u00edlio emergencial"}]},{"@type":"WebSite","@id":"https:\/\/noticiasemdestaque.com\/cd\/#website","url":"https:\/\/noticiasemdestaque.com\/cd\/","name":"Not&iacute;cias em Destaque","description":"","publisher":{"@id":"https:\/\/noticiasemdestaque.com\/cd\/#organization"},"potentialAction":[{"@type":"SearchAction","target":{"@type":"EntryPoint","urlTemplate":"https:\/\/noticiasemdestaque.com\/cd\/?s={search_term_string}"},"query-input":{"@type":"PropertyValueSpecification","valueRequired":true,"valueName":"search_term_string"}}],"inLanguage":"pt-BR"},{"@type":"Organization","@id":"https:\/\/noticiasemdestaque.com\/cd\/#organization","name":"Not\u00edcias em Destaque","url":"https:\/\/noticiasemdestaque.com\/cd\/","logo":{"@type":"ImageObject","inLanguage":"pt-BR","@id":"https:\/\/noticiasemdestaque.com\/cd\/#\/schema\/logo\/image\/","url":"https:\/\/noticiasemdestaque.com\/cd\/wp-content\/uploads\/2022\/05\/imagem-base-noticiasemdestaque.png","contentUrl":"https:\/\/noticiasemdestaque.com\/cd\/wp-content\/uploads\/2022\/05\/imagem-base-noticiasemdestaque.png","width":1200,"height":630,"caption":"Not\u00edcias em Destaque"},"image":{"@id":"https:\/\/noticiasemdestaque.com\/cd\/#\/schema\/logo\/image\/"}},{"@type":"Person","@id":"https:\/\/noticiasemdestaque.com\/cd\/#\/schema\/person\/21320b03a7e8bb90128938dafc9b908a","name":"Not\u00edcias em Destaque","url":"https:\/\/noticiasemdestaque.com\/cd\/?author=2"}]}},"jetpack_featured_media_url":"https:\/\/noticiasemdestaque.com\/cd\/wp-content\/uploads\/2020\/02\/correios.jpg","jetpack_sharing_enabled":true,"_links":{"self":[{"href":"https:\/\/noticiasemdestaque.com\/cd\/index.php?rest_route=\/wp\/v2\/posts\/25046","targetHints":{"allow":["GET"]}}],"collection":[{"href":"https:\/\/noticiasemdestaque.com\/cd\/index.php?rest_route=\/wp\/v2\/posts"}],"about":[{"href":"https:\/\/noticiasemdestaque.com\/cd\/index.php?rest_route=\/wp\/v2\/types\/post"}],"author":[{"embeddable":true,"href":"https:\/\/noticiasemdestaque.com\/cd\/index.php?rest_route=\/wp\/v2\/users\/2"}],"replies":[{"embeddable":true,"href":"https:\/\/noticiasemdestaque.com\/cd\/index.php?rest_route=%2Fwp%2Fv2%2Fcomments&post=25046"}],"version-history":[{"count":2,"href":"https:\/\/noticiasemdestaque.com\/cd\/index.php?rest_route=\/wp\/v2\/posts\/25046\/revisions"}],"predecessor-version":[{"id":25048,"href":"https:\/\/noticiasemdestaque.com\/cd\/index.php?rest_route=\/wp\/v2\/posts\/25046\/revisions\/25048"}],"wp:featuredmedia":[{"embeddable":true,"href":"https:\/\/noticiasemdestaque.com\/cd\/index.php?rest_route=\/wp\/v2\/media\/22623"}],"wp:attachment":[{"href":"https:\/\/noticiasemdestaque.com\/cd\/index.php?rest_route=%2Fwp%2Fv2%2Fmedia&parent=25046"}],"wp:term":[{"taxonomy":"category","embeddable":true,"href":"https:\/\/noticiasemdestaque.com\/cd\/index.php?rest_route=%2Fwp%2Fv2%2Fcategories&post=25046"},{"taxonomy":"post_tag","embeddable":true,"href":"https:\/\/noticiasemdestaque.com\/cd\/index.php?rest_route=%2Fwp%2Fv2%2Ftags&post=25046"}],"curies":[{"name":"wp","href":"https:\/\/api.w.org\/{rel}","templated":true}]}}