{"id":25038,"date":"2020-05-24T16:30:53","date_gmt":"2020-05-24T19:30:53","guid":{"rendered":"http:\/\/noticiasemdestaque.com\/cd\/?p=25038"},"modified":"2020-05-24T16:38:30","modified_gmt":"2020-05-24T19:38:30","slug":"prefeitura-de-amparo-da-inicio-a-programa-de-distribuicao-de-cestas-basicas-para-familias-em-vulnerabilidade-social","status":"publish","type":"post","link":"https:\/\/noticiasemdestaque.com\/cd\/?p=25038","title":{"rendered":"Prefeitura de Amparo da in\u00edcio a programa de Distribui\u00e7\u00e3o de Cestas B\u00e1sicas para fam\u00edlias em vulnerabilidade social"},"content":{"rendered":"<div><a href=\"https:\/\/noticiasemdestaque.com\/cd\/wp-content\/uploads\/2020\/05\/CESTAS-BASICAS-13.jpeg\"><img fetchpriority=\"high\" decoding=\"async\" class=\"wp-image-25040 aligncenter\" src=\"https:\/\/noticiasemdestaque.com\/cd\/wp-content\/uploads\/2020\/05\/CESTAS-BASICAS-13.jpeg\" alt=\"\" width=\"429\" height=\"572\" srcset=\"https:\/\/noticiasemdestaque.com\/cd\/wp-content\/uploads\/2020\/05\/CESTAS-BASICAS-13.jpeg 480w, https:\/\/noticiasemdestaque.com\/cd\/wp-content\/uploads\/2020\/05\/CESTAS-BASICAS-13-225x300.jpeg 225w\" sizes=\"(max-width: 429px) 100vw, 429px\" \/><\/a><\/div>\n<div><\/div>\n<div>A Prefeitura Municipal de Amparo atrav\u00e9s da Secretaria Municipal de Assist\u00eancia Social deu in\u00edcio na \u00faltima quinta-feira (21), o Programa de Distribui\u00e7\u00e3o de Cestas B\u00e1sicas para as fam\u00edlias do Programa Bolsa Fam\u00edlia cadastradas no CAD \u00danico.<\/div>\n<div><\/div>\n<div><a href=\"https:\/\/noticiasemdestaque.com\/cd\/wp-content\/uploads\/2020\/05\/CESTAS-BASICAS-15.jpeg\"><img decoding=\"async\" class=\"wp-image-25039 aligncenter\" src=\"https:\/\/noticiasemdestaque.com\/cd\/wp-content\/uploads\/2020\/05\/CESTAS-BASICAS-15.jpeg\" alt=\"\" width=\"516\" height=\"290\" srcset=\"https:\/\/noticiasemdestaque.com\/cd\/wp-content\/uploads\/2020\/05\/CESTAS-BASICAS-15.jpeg 640w, https:\/\/noticiasemdestaque.com\/cd\/wp-content\/uploads\/2020\/05\/CESTAS-BASICAS-15-300x169.jpeg 300w\" sizes=\"(max-width: 516px) 100vw, 516px\" \/><\/a><\/div>\n<div>\n<p>O cronograma de distribui\u00e7\u00e3o se deu pela zona rural onde j\u00e1 foram contempladas\u00a0\u00a0pouco mais de 180 fam\u00edlias nas seguintes comunidades: Jatob\u00e1, Olho d&#8217;\u00e1gua dos caboclos, Riacho do Cariri, Pau Leite, Pelel\u00ea, Ros\u00e1rio, Mata, Serrote Agudo e Salgadinho. O cronograma de distribui\u00e7\u00e3o na zona rural ter\u00e1 continuidade nesta segunda e ter\u00e7a-feira, para que se tenha in\u00edcio o processo de distribui\u00e7\u00e3o na zona urbana. Ao todo ser\u00e3o contempladas cerca mais de 450 fam\u00edlias.<\/p>\n<p>A Prefeitura de Amparo tamb\u00e9m autorizou a distribui\u00e7\u00e3o entre as fam\u00edlias em situa\u00e7\u00e3o de vulnerabilidade social e que ainda n\u00e3o est\u00e3o inseridas no CAD \u00danico e sem nenhuma renda familiar.<\/p>\n<p><em><strong>Not\u00edcias em Destaque<\/strong><\/em><\/p>\n<p>Com Ascom e Fotos: Amparo Ligado<\/p>\n<\/div>\n","protected":false},"excerpt":{"rendered":"<p>A Prefeitura Municipal de Amparo atrav\u00e9s da Secretaria Municipal de Assist\u00eancia Social deu in\u00edcio na \u00faltima quinta-feira (21), o Programa de Distribui\u00e7\u00e3o de Cestas B\u00e1sicas para as fam\u00edlias do Programa Bolsa Fam\u00edlia cadastradas no CAD \u00danico. O cronograma de distribui\u00e7\u00e3o se deu pela zona rural onde j\u00e1 foram contempladas\u00a0\u00a0pouco mais de 180 fam\u00edlias nas seguintes comunidades: Jatob\u00e1, Olho d&#8217;\u00e1gua dos caboclos, Riacho do Cariri, Pau Leite, Pelel\u00ea, Ros\u00e1rio, Mata, Serrote Agudo e Salgadinho. O cronograma de distribui\u00e7\u00e3o na zona rural ter\u00e1 continuidade nesta segunda e ter\u00e7a-feira, para que se tenha in\u00edcio o processo de distribui\u00e7\u00e3o na zona urbana. Ao todo ser\u00e3o contempladas cerca mais de 450 fam\u00edlias. A Prefeitura de Amparo tamb\u00e9m autorizou a distribui\u00e7\u00e3o entre as fam\u00edlias em situa\u00e7\u00e3o de vulnerabilidade social e que ainda n\u00e3o est\u00e3o inseridas no CAD \u00danico e sem nenhuma renda familiar. Not\u00edcias em Destaque Com Ascom e Fotos: Amparo Ligado<\/p>\n","protected":false},"author":2,"featured_media":25040,"comment_status":"closed","ping_status":"open","sticky":false,"template":"","format":"standard","meta":{"_eb_attr":"","_jetpack_memberships_contains_paid_content":false,"footnotes":""},"categories":[3],"tags":[],"class_list":["post-25038","post","type-post","status-publish","format-standard","has-post-thumbnail","hentry","category-cidades"],"yoast_head":"<!-- This site is optimized with the Yoast SEO plugin v26.5 - https:\/\/yoast.com\/wordpress\/plugins\/seo\/ -->\n<title>Prefeitura de Amparo da in\u00edcio a programa de Distribui\u00e7\u00e3o de Cestas B\u00e1sicas para fam\u00edlias em vulnerabilidade social - Not&iacute;cias em Destaque<\/title>\n<meta name=\"robots\" content=\"index, follow, max-snippet:-1, max-image-preview:large, max-video-preview:-1\" \/>\n<link rel=\"canonical\" href=\"https:\/\/noticiasemdestaque.com\/cd\/?p=25038\" \/>\n<meta property=\"og:locale\" content=\"pt_BR\" \/>\n<meta property=\"og:type\" content=\"article\" \/>\n<meta property=\"og:title\" content=\"Prefeitura de Amparo da in\u00edcio a programa de Distribui\u00e7\u00e3o de Cestas B\u00e1sicas para fam\u00edlias em vulnerabilidade social - Not&iacute;cias em Destaque\" \/>\n<meta property=\"og:description\" content=\"A Prefeitura Municipal de Amparo atrav\u00e9s da Secretaria Municipal de Assist\u00eancia Social deu in\u00edcio na \u00faltima quinta-feira (21), o Programa de Distribui\u00e7\u00e3o de Cestas B\u00e1sicas para as fam\u00edlias do Programa Bolsa Fam\u00edlia cadastradas no CAD \u00danico. O cronograma de distribui\u00e7\u00e3o se deu pela zona rural onde j\u00e1 foram contempladas\u00a0\u00a0pouco mais de 180 fam\u00edlias nas seguintes comunidades: Jatob\u00e1, Olho d&#8217;\u00e1gua dos caboclos, Riacho do Cariri, Pau Leite, Pelel\u00ea, Ros\u00e1rio, Mata, Serrote Agudo e Salgadinho. O cronograma de distribui\u00e7\u00e3o na zona rural ter\u00e1 continuidade nesta segunda e ter\u00e7a-feira, para que se tenha in\u00edcio o processo de distribui\u00e7\u00e3o na zona urbana. Ao todo ser\u00e3o contempladas cerca mais de 450 fam\u00edlias. A Prefeitura de Amparo tamb\u00e9m autorizou a distribui\u00e7\u00e3o entre as fam\u00edlias em situa\u00e7\u00e3o de vulnerabilidade social e que ainda n\u00e3o est\u00e3o inseridas no CAD \u00danico e sem nenhuma renda familiar. Not\u00edcias em Destaque Com Ascom e Fotos: Amparo Ligado\" \/>\n<meta property=\"og:url\" content=\"https:\/\/noticiasemdestaque.com\/cd\/?p=25038\" \/>\n<meta property=\"og:site_name\" content=\"Not&iacute;cias em Destaque\" \/>\n<meta property=\"article:published_time\" content=\"2020-05-24T19:30:53+00:00\" \/>\n<meta property=\"article:modified_time\" content=\"2020-05-24T19:38:30+00:00\" \/>\n<meta property=\"og:image\" content=\"https:\/\/noticiasemdestaque.com\/cd\/wp-content\/uploads\/2020\/05\/CESTAS-BASICAS-13.jpeg\" \/>\n\t<meta property=\"og:image:width\" content=\"480\" \/>\n\t<meta property=\"og:image:height\" content=\"640\" \/>\n\t<meta property=\"og:image:type\" content=\"image\/jpeg\" \/>\n<meta name=\"author\" content=\"Not\u00edcias em Destaque\" \/>\n<meta name=\"twitter:card\" content=\"summary_large_image\" \/>\n<meta name=\"twitter:label1\" content=\"Escrito por\" \/>\n\t<meta name=\"twitter:data1\" content=\"Not\u00edcias em Destaque\" \/>\n\t<meta name=\"twitter:label2\" content=\"Est. tempo de leitura\" \/>\n\t<meta name=\"twitter:data2\" content=\"1 minuto\" \/>\n<script type=\"application\/ld+json\" class=\"yoast-schema-graph\">{\"@context\":\"https:\/\/schema.org\",\"@graph\":[{\"@type\":\"Article\",\"@id\":\"https:\/\/noticiasemdestaque.com\/cd\/?p=25038#article\",\"isPartOf\":{\"@id\":\"https:\/\/noticiasemdestaque.com\/cd\/?p=25038\"},\"author\":{\"name\":\"Not\u00edcias em Destaque\",\"@id\":\"https:\/\/noticiasemdestaque.com\/cd\/#\/schema\/person\/21320b03a7e8bb90128938dafc9b908a\"},\"headline\":\"Prefeitura de Amparo da in\u00edcio a programa de Distribui\u00e7\u00e3o de Cestas B\u00e1sicas para fam\u00edlias em vulnerabilidade social\",\"datePublished\":\"2020-05-24T19:30:53+00:00\",\"dateModified\":\"2020-05-24T19:38:30+00:00\",\"mainEntityOfPage\":{\"@id\":\"https:\/\/noticiasemdestaque.com\/cd\/?p=25038\"},\"wordCount\":189,\"publisher\":{\"@id\":\"https:\/\/noticiasemdestaque.com\/cd\/#organization\"},\"image\":{\"@id\":\"https:\/\/noticiasemdestaque.com\/cd\/?p=25038#primaryimage\"},\"thumbnailUrl\":\"https:\/\/noticiasemdestaque.com\/cd\/wp-content\/uploads\/2020\/05\/CESTAS-BASICAS-13.jpeg\",\"articleSection\":[\"Cidades\"],\"inLanguage\":\"pt-BR\"},{\"@type\":\"WebPage\",\"@id\":\"https:\/\/noticiasemdestaque.com\/cd\/?p=25038\",\"url\":\"https:\/\/noticiasemdestaque.com\/cd\/?p=25038\",\"name\":\"Prefeitura de Amparo da in\u00edcio a programa de Distribui\u00e7\u00e3o de Cestas B\u00e1sicas para fam\u00edlias em vulnerabilidade social - Not&iacute;cias em Destaque\",\"isPartOf\":{\"@id\":\"https:\/\/noticiasemdestaque.com\/cd\/#website\"},\"primaryImageOfPage\":{\"@id\":\"https:\/\/noticiasemdestaque.com\/cd\/?p=25038#primaryimage\"},\"image\":{\"@id\":\"https:\/\/noticiasemdestaque.com\/cd\/?p=25038#primaryimage\"},\"thumbnailUrl\":\"https:\/\/noticiasemdestaque.com\/cd\/wp-content\/uploads\/2020\/05\/CESTAS-BASICAS-13.jpeg\",\"datePublished\":\"2020-05-24T19:30:53+00:00\",\"dateModified\":\"2020-05-24T19:38:30+00:00\",\"breadcrumb\":{\"@id\":\"https:\/\/noticiasemdestaque.com\/cd\/?p=25038#breadcrumb\"},\"inLanguage\":\"pt-BR\",\"potentialAction\":[{\"@type\":\"ReadAction\",\"target\":[\"https:\/\/noticiasemdestaque.com\/cd\/?p=25038\"]}]},{\"@type\":\"ImageObject\",\"inLanguage\":\"pt-BR\",\"@id\":\"https:\/\/noticiasemdestaque.com\/cd\/?p=25038#primaryimage\",\"url\":\"https:\/\/noticiasemdestaque.com\/cd\/wp-content\/uploads\/2020\/05\/CESTAS-BASICAS-13.jpeg\",\"contentUrl\":\"https:\/\/noticiasemdestaque.com\/cd\/wp-content\/uploads\/2020\/05\/CESTAS-BASICAS-13.jpeg\",\"width\":480,\"height\":640},{\"@type\":\"BreadcrumbList\",\"@id\":\"https:\/\/noticiasemdestaque.com\/cd\/?p=25038#breadcrumb\",\"itemListElement\":[{\"@type\":\"ListItem\",\"position\":1,\"name\":\"In\u00edcio\",\"item\":\"https:\/\/noticiasemdestaque.com\/cd\/\"},{\"@type\":\"ListItem\",\"position\":2,\"name\":\"Prefeitura de Amparo da in\u00edcio a programa de Distribui\u00e7\u00e3o de Cestas B\u00e1sicas para fam\u00edlias em vulnerabilidade social\"}]},{\"@type\":\"WebSite\",\"@id\":\"https:\/\/noticiasemdestaque.com\/cd\/#website\",\"url\":\"https:\/\/noticiasemdestaque.com\/cd\/\",\"name\":\"Not&iacute;cias em Destaque\",\"description\":\"\",\"publisher\":{\"@id\":\"https:\/\/noticiasemdestaque.com\/cd\/#organization\"},\"potentialAction\":[{\"@type\":\"SearchAction\",\"target\":{\"@type\":\"EntryPoint\",\"urlTemplate\":\"https:\/\/noticiasemdestaque.com\/cd\/?s={search_term_string}\"},\"query-input\":{\"@type\":\"PropertyValueSpecification\",\"valueRequired\":true,\"valueName\":\"search_term_string\"}}],\"inLanguage\":\"pt-BR\"},{\"@type\":\"Organization\",\"@id\":\"https:\/\/noticiasemdestaque.com\/cd\/#organization\",\"name\":\"Not\u00edcias em Destaque\",\"url\":\"https:\/\/noticiasemdestaque.com\/cd\/\",\"logo\":{\"@type\":\"ImageObject\",\"inLanguage\":\"pt-BR\",\"@id\":\"https:\/\/noticiasemdestaque.com\/cd\/#\/schema\/logo\/image\/\",\"url\":\"https:\/\/noticiasemdestaque.com\/cd\/wp-content\/uploads\/2022\/05\/imagem-base-noticiasemdestaque.png\",\"contentUrl\":\"https:\/\/noticiasemdestaque.com\/cd\/wp-content\/uploads\/2022\/05\/imagem-base-noticiasemdestaque.png\",\"width\":1200,\"height\":630,\"caption\":\"Not\u00edcias em Destaque\"},\"image\":{\"@id\":\"https:\/\/noticiasemdestaque.com\/cd\/#\/schema\/logo\/image\/\"}},{\"@type\":\"Person\",\"@id\":\"https:\/\/noticiasemdestaque.com\/cd\/#\/schema\/person\/21320b03a7e8bb90128938dafc9b908a\",\"name\":\"Not\u00edcias em Destaque\",\"url\":\"https:\/\/noticiasemdestaque.com\/cd\/?author=2\"}]}<\/script>\n<!-- \/ Yoast SEO plugin. -->","yoast_head_json":{"title":"Prefeitura de Amparo da in\u00edcio a programa de Distribui\u00e7\u00e3o de Cestas B\u00e1sicas para fam\u00edlias em vulnerabilidade social - Not&iacute;cias em Destaque","robots":{"index":"index","follow":"follow","max-snippet":"max-snippet:-1","max-image-preview":"max-image-preview:large","max-video-preview":"max-video-preview:-1"},"canonical":"https:\/\/noticiasemdestaque.com\/cd\/?p=25038","og_locale":"pt_BR","og_type":"article","og_title":"Prefeitura de Amparo da in\u00edcio a programa de Distribui\u00e7\u00e3o de Cestas B\u00e1sicas para fam\u00edlias em vulnerabilidade social - Not&iacute;cias em Destaque","og_description":"A Prefeitura Municipal de Amparo atrav\u00e9s da Secretaria Municipal de Assist\u00eancia Social deu in\u00edcio na \u00faltima quinta-feira (21), o Programa de Distribui\u00e7\u00e3o de Cestas B\u00e1sicas para as fam\u00edlias do Programa Bolsa Fam\u00edlia cadastradas no CAD \u00danico. O cronograma de distribui\u00e7\u00e3o se deu pela zona rural onde j\u00e1 foram contempladas\u00a0\u00a0pouco mais de 180 fam\u00edlias nas seguintes comunidades: Jatob\u00e1, Olho d&#8217;\u00e1gua dos caboclos, Riacho do Cariri, Pau Leite, Pelel\u00ea, Ros\u00e1rio, Mata, Serrote Agudo e Salgadinho. O cronograma de distribui\u00e7\u00e3o na zona rural ter\u00e1 continuidade nesta segunda e ter\u00e7a-feira, para que se tenha in\u00edcio o processo de distribui\u00e7\u00e3o na zona urbana. Ao todo ser\u00e3o contempladas cerca mais de 450 fam\u00edlias. A Prefeitura de Amparo tamb\u00e9m autorizou a distribui\u00e7\u00e3o entre as fam\u00edlias em situa\u00e7\u00e3o de vulnerabilidade social e que ainda n\u00e3o est\u00e3o inseridas no CAD \u00danico e sem nenhuma renda familiar. Not\u00edcias em Destaque Com Ascom e Fotos: Amparo Ligado","og_url":"https:\/\/noticiasemdestaque.com\/cd\/?p=25038","og_site_name":"Not&iacute;cias em Destaque","article_published_time":"2020-05-24T19:30:53+00:00","article_modified_time":"2020-05-24T19:38:30+00:00","og_image":[{"width":480,"height":640,"url":"https:\/\/noticiasemdestaque.com\/cd\/wp-content\/uploads\/2020\/05\/CESTAS-BASICAS-13.jpeg","type":"image\/jpeg"}],"author":"Not\u00edcias em Destaque","twitter_card":"summary_large_image","twitter_misc":{"Escrito por":"Not\u00edcias em Destaque","Est. tempo de leitura":"1 minuto"},"schema":{"@context":"https:\/\/schema.org","@graph":[{"@type":"Article","@id":"https:\/\/noticiasemdestaque.com\/cd\/?p=25038#article","isPartOf":{"@id":"https:\/\/noticiasemdestaque.com\/cd\/?p=25038"},"author":{"name":"Not\u00edcias em Destaque","@id":"https:\/\/noticiasemdestaque.com\/cd\/#\/schema\/person\/21320b03a7e8bb90128938dafc9b908a"},"headline":"Prefeitura de Amparo da in\u00edcio a programa de Distribui\u00e7\u00e3o de Cestas B\u00e1sicas para fam\u00edlias em vulnerabilidade social","datePublished":"2020-05-24T19:30:53+00:00","dateModified":"2020-05-24T19:38:30+00:00","mainEntityOfPage":{"@id":"https:\/\/noticiasemdestaque.com\/cd\/?p=25038"},"wordCount":189,"publisher":{"@id":"https:\/\/noticiasemdestaque.com\/cd\/#organization"},"image":{"@id":"https:\/\/noticiasemdestaque.com\/cd\/?p=25038#primaryimage"},"thumbnailUrl":"https:\/\/noticiasemdestaque.com\/cd\/wp-content\/uploads\/2020\/05\/CESTAS-BASICAS-13.jpeg","articleSection":["Cidades"],"inLanguage":"pt-BR"},{"@type":"WebPage","@id":"https:\/\/noticiasemdestaque.com\/cd\/?p=25038","url":"https:\/\/noticiasemdestaque.com\/cd\/?p=25038","name":"Prefeitura de Amparo da in\u00edcio a programa de Distribui\u00e7\u00e3o de Cestas B\u00e1sicas para fam\u00edlias em vulnerabilidade social - Not&iacute;cias em Destaque","isPartOf":{"@id":"https:\/\/noticiasemdestaque.com\/cd\/#website"},"primaryImageOfPage":{"@id":"https:\/\/noticiasemdestaque.com\/cd\/?p=25038#primaryimage"},"image":{"@id":"https:\/\/noticiasemdestaque.com\/cd\/?p=25038#primaryimage"},"thumbnailUrl":"https:\/\/noticiasemdestaque.com\/cd\/wp-content\/uploads\/2020\/05\/CESTAS-BASICAS-13.jpeg","datePublished":"2020-05-24T19:30:53+00:00","dateModified":"2020-05-24T19:38:30+00:00","breadcrumb":{"@id":"https:\/\/noticiasemdestaque.com\/cd\/?p=25038#breadcrumb"},"inLanguage":"pt-BR","potentialAction":[{"@type":"ReadAction","target":["https:\/\/noticiasemdestaque.com\/cd\/?p=25038"]}]},{"@type":"ImageObject","inLanguage":"pt-BR","@id":"https:\/\/noticiasemdestaque.com\/cd\/?p=25038#primaryimage","url":"https:\/\/noticiasemdestaque.com\/cd\/wp-content\/uploads\/2020\/05\/CESTAS-BASICAS-13.jpeg","contentUrl":"https:\/\/noticiasemdestaque.com\/cd\/wp-content\/uploads\/2020\/05\/CESTAS-BASICAS-13.jpeg","width":480,"height":640},{"@type":"BreadcrumbList","@id":"https:\/\/noticiasemdestaque.com\/cd\/?p=25038#breadcrumb","itemListElement":[{"@type":"ListItem","position":1,"name":"In\u00edcio","item":"https:\/\/noticiasemdestaque.com\/cd\/"},{"@type":"ListItem","position":2,"name":"Prefeitura de Amparo da in\u00edcio a programa de Distribui\u00e7\u00e3o de Cestas B\u00e1sicas para fam\u00edlias em vulnerabilidade social"}]},{"@type":"WebSite","@id":"https:\/\/noticiasemdestaque.com\/cd\/#website","url":"https:\/\/noticiasemdestaque.com\/cd\/","name":"Not&iacute;cias em Destaque","description":"","publisher":{"@id":"https:\/\/noticiasemdestaque.com\/cd\/#organization"},"potentialAction":[{"@type":"SearchAction","target":{"@type":"EntryPoint","urlTemplate":"https:\/\/noticiasemdestaque.com\/cd\/?s={search_term_string}"},"query-input":{"@type":"PropertyValueSpecification","valueRequired":true,"valueName":"search_term_string"}}],"inLanguage":"pt-BR"},{"@type":"Organization","@id":"https:\/\/noticiasemdestaque.com\/cd\/#organization","name":"Not\u00edcias em Destaque","url":"https:\/\/noticiasemdestaque.com\/cd\/","logo":{"@type":"ImageObject","inLanguage":"pt-BR","@id":"https:\/\/noticiasemdestaque.com\/cd\/#\/schema\/logo\/image\/","url":"https:\/\/noticiasemdestaque.com\/cd\/wp-content\/uploads\/2022\/05\/imagem-base-noticiasemdestaque.png","contentUrl":"https:\/\/noticiasemdestaque.com\/cd\/wp-content\/uploads\/2022\/05\/imagem-base-noticiasemdestaque.png","width":1200,"height":630,"caption":"Not\u00edcias em Destaque"},"image":{"@id":"https:\/\/noticiasemdestaque.com\/cd\/#\/schema\/logo\/image\/"}},{"@type":"Person","@id":"https:\/\/noticiasemdestaque.com\/cd\/#\/schema\/person\/21320b03a7e8bb90128938dafc9b908a","name":"Not\u00edcias em Destaque","url":"https:\/\/noticiasemdestaque.com\/cd\/?author=2"}]}},"jetpack_featured_media_url":"https:\/\/noticiasemdestaque.com\/cd\/wp-content\/uploads\/2020\/05\/CESTAS-BASICAS-13.jpeg","jetpack_sharing_enabled":true,"_links":{"self":[{"href":"https:\/\/noticiasemdestaque.com\/cd\/index.php?rest_route=\/wp\/v2\/posts\/25038","targetHints":{"allow":["GET"]}}],"collection":[{"href":"https:\/\/noticiasemdestaque.com\/cd\/index.php?rest_route=\/wp\/v2\/posts"}],"about":[{"href":"https:\/\/noticiasemdestaque.com\/cd\/index.php?rest_route=\/wp\/v2\/types\/post"}],"author":[{"embeddable":true,"href":"https:\/\/noticiasemdestaque.com\/cd\/index.php?rest_route=\/wp\/v2\/users\/2"}],"replies":[{"embeddable":true,"href":"https:\/\/noticiasemdestaque.com\/cd\/index.php?rest_route=%2Fwp%2Fv2%2Fcomments&post=25038"}],"version-history":[{"count":3,"href":"https:\/\/noticiasemdestaque.com\/cd\/index.php?rest_route=\/wp\/v2\/posts\/25038\/revisions"}],"predecessor-version":[{"id":25043,"href":"https:\/\/noticiasemdestaque.com\/cd\/index.php?rest_route=\/wp\/v2\/posts\/25038\/revisions\/25043"}],"wp:featuredmedia":[{"embeddable":true,"href":"https:\/\/noticiasemdestaque.com\/cd\/index.php?rest_route=\/wp\/v2\/media\/25040"}],"wp:attachment":[{"href":"https:\/\/noticiasemdestaque.com\/cd\/index.php?rest_route=%2Fwp%2Fv2%2Fmedia&parent=25038"}],"wp:term":[{"taxonomy":"category","embeddable":true,"href":"https:\/\/noticiasemdestaque.com\/cd\/index.php?rest_route=%2Fwp%2Fv2%2Fcategories&post=25038"},{"taxonomy":"post_tag","embeddable":true,"href":"https:\/\/noticiasemdestaque.com\/cd\/index.php?rest_route=%2Fwp%2Fv2%2Ftags&post=25038"}],"curies":[{"name":"wp","href":"https:\/\/api.w.org\/{rel}","templated":true}]}}