{"id":25035,"date":"2020-05-24T16:04:41","date_gmt":"2020-05-24T19:04:41","guid":{"rendered":"http:\/\/noticiasemdestaque.com\/cd\/?p=25035"},"modified":"2020-05-24T16:04:41","modified_gmt":"2020-05-24T19:04:41","slug":"corpo-de-ex-prefeito-de-patos-dinaldo-wanderley-e-cremado-em-joao-pessoa","status":"publish","type":"post","link":"https:\/\/noticiasemdestaque.com\/cd\/?p=25035","title":{"rendered":"Corpo de ex-prefeito de Patos, Dinaldo Wanderley, \u00e9 cremado em Jo\u00e3o Pessoa"},"content":{"rendered":"<p><a href=\"https:\/\/noticiasemdestaque.com\/cd\/wp-content\/uploads\/2020\/05\/dinaldo.jpg\"><img fetchpriority=\"high\" decoding=\"async\" class=\"wp-image-25036 aligncenter\" src=\"https:\/\/noticiasemdestaque.com\/cd\/wp-content\/uploads\/2020\/05\/dinaldo-1024x678.jpg\" alt=\"\" width=\"564\" height=\"373\" srcset=\"https:\/\/noticiasemdestaque.com\/cd\/wp-content\/uploads\/2020\/05\/dinaldo.jpg 1024w, https:\/\/noticiasemdestaque.com\/cd\/wp-content\/uploads\/2020\/05\/dinaldo-300x199.jpg 300w, https:\/\/noticiasemdestaque.com\/cd\/wp-content\/uploads\/2020\/05\/dinaldo-768x509.jpg 768w\" sizes=\"(max-width: 564px) 100vw, 564px\" \/><\/a><\/p>\n<p>Foi cremado na tarde deste domingo (24), o corpo do ex-prefeito da cidade de Patos, no Sert\u00e3o paraibano, Dinaldo Wanderley.<\/p>\n<p>A cerim\u00f4nia foi restrita \u00e0 fam\u00edlia e aconteceu em Jo\u00e3o Pessoa.\u00a0O pol\u00edtico morreu aos 69 anos v\u00edtima da Covid-19.\u00a0<a href=\"https:\/\/www.portalt5.com.br\/noticias\/paraiba\/2020\/5\/332233-morre-ex-prefeito-de-patos-dinaldo-wanderley\">Ele estava internado em um hospital privado de Jo\u00e3o Pessoa e morreu na madrugada deste domingo.<\/a><\/p>\n<p>Dinaldo Wanderley nasceu em Patos, no dia\u00a020 de junho\u00a0de 1950. Foi advogado, economista, empres\u00e1rio, ex-futebolista e pol\u00edtico.<\/p>\n<p>Assumiu dois mandatos consecutivos na cidade onde nasceu, sendo o primeiro prefeito reeleito. Ele deixa a\u00a0esposa, Edna, e os filhos Dinaldinho, Gustavo, Bruno e Ana.<\/p>\n<p><em><strong>Not\u00edcias em Destaque<\/strong><\/em><\/p>\n<p>Com T5<\/p>\n","protected":false},"excerpt":{"rendered":"<p>Foi cremado na tarde deste domingo (24), o corpo do ex-prefeito da cidade de Patos, no Sert\u00e3o paraibano, Dinaldo Wanderley. A cerim\u00f4nia foi restrita \u00e0 fam\u00edlia e aconteceu em Jo\u00e3o Pessoa.\u00a0O pol\u00edtico morreu aos 69 anos v\u00edtima da Covid-19.\u00a0Ele estava internado em um hospital privado de Jo\u00e3o Pessoa e morreu na madrugada deste domingo. Dinaldo Wanderley nasceu em Patos, no dia\u00a020 de junho\u00a0de 1950. Foi advogado, economista, empres\u00e1rio, ex-futebolista e pol\u00edtico. Assumiu dois mandatos consecutivos na cidade onde nasceu, sendo o primeiro prefeito reeleito. Ele deixa a\u00a0esposa, Edna, e os filhos Dinaldinho, Gustavo, Bruno e Ana. Not\u00edcias em Destaque Com T5<\/p>\n","protected":false},"author":2,"featured_media":25036,"comment_status":"closed","ping_status":"open","sticky":false,"template":"","format":"standard","meta":{"_eb_attr":"","_jetpack_memberships_contains_paid_content":false,"footnotes":""},"categories":[4],"tags":[],"class_list":["post-25035","post","type-post","status-publish","format-standard","has-post-thumbnail","hentry","category-politica"],"yoast_head":"<!-- This site is optimized with the Yoast SEO plugin v26.5 - https:\/\/yoast.com\/wordpress\/plugins\/seo\/ -->\n<title>Corpo de ex-prefeito de Patos, Dinaldo Wanderley, \u00e9 cremado em Jo\u00e3o Pessoa - Not&iacute;cias em Destaque<\/title>\n<meta name=\"robots\" content=\"index, follow, max-snippet:-1, max-image-preview:large, max-video-preview:-1\" \/>\n<link rel=\"canonical\" href=\"https:\/\/noticiasemdestaque.com\/cd\/?p=25035\" \/>\n<meta property=\"og:locale\" content=\"pt_BR\" \/>\n<meta property=\"og:type\" content=\"article\" \/>\n<meta property=\"og:title\" content=\"Corpo de ex-prefeito de Patos, Dinaldo Wanderley, \u00e9 cremado em Jo\u00e3o Pessoa - Not&iacute;cias em Destaque\" \/>\n<meta property=\"og:description\" content=\"Foi cremado na tarde deste domingo (24), o corpo do ex-prefeito da cidade de Patos, no Sert\u00e3o paraibano, Dinaldo Wanderley. A cerim\u00f4nia foi restrita \u00e0 fam\u00edlia e aconteceu em Jo\u00e3o Pessoa.\u00a0O pol\u00edtico morreu aos 69 anos v\u00edtima da Covid-19.\u00a0Ele estava internado em um hospital privado de Jo\u00e3o Pessoa e morreu na madrugada deste domingo. Dinaldo Wanderley nasceu em Patos, no dia\u00a020 de junho\u00a0de 1950. Foi advogado, economista, empres\u00e1rio, ex-futebolista e pol\u00edtico. Assumiu dois mandatos consecutivos na cidade onde nasceu, sendo o primeiro prefeito reeleito. Ele deixa a\u00a0esposa, Edna, e os filhos Dinaldinho, Gustavo, Bruno e Ana. Not\u00edcias em Destaque Com T5\" \/>\n<meta property=\"og:url\" content=\"https:\/\/noticiasemdestaque.com\/cd\/?p=25035\" \/>\n<meta property=\"og:site_name\" content=\"Not&iacute;cias em Destaque\" \/>\n<meta property=\"article:published_time\" content=\"2020-05-24T19:04:41+00:00\" \/>\n<meta property=\"og:image\" content=\"https:\/\/noticiasemdestaque.com\/cd\/wp-content\/uploads\/2020\/05\/dinaldo.jpg\" \/>\n\t<meta property=\"og:image:width\" content=\"1024\" \/>\n\t<meta property=\"og:image:height\" content=\"678\" \/>\n\t<meta property=\"og:image:type\" content=\"image\/jpeg\" \/>\n<meta name=\"author\" content=\"Not\u00edcias em Destaque\" \/>\n<meta name=\"twitter:card\" content=\"summary_large_image\" \/>\n<meta name=\"twitter:label1\" content=\"Escrito por\" \/>\n\t<meta name=\"twitter:data1\" content=\"Not\u00edcias em Destaque\" \/>\n\t<meta name=\"twitter:label2\" content=\"Est. tempo de leitura\" \/>\n\t<meta name=\"twitter:data2\" content=\"1 minuto\" \/>\n<script type=\"application\/ld+json\" class=\"yoast-schema-graph\">{\"@context\":\"https:\/\/schema.org\",\"@graph\":[{\"@type\":\"Article\",\"@id\":\"https:\/\/noticiasemdestaque.com\/cd\/?p=25035#article\",\"isPartOf\":{\"@id\":\"https:\/\/noticiasemdestaque.com\/cd\/?p=25035\"},\"author\":{\"name\":\"Not\u00edcias em Destaque\",\"@id\":\"https:\/\/noticiasemdestaque.com\/cd\/#\/schema\/person\/21320b03a7e8bb90128938dafc9b908a\"},\"headline\":\"Corpo de ex-prefeito de Patos, Dinaldo Wanderley, \u00e9 cremado em Jo\u00e3o Pessoa\",\"datePublished\":\"2020-05-24T19:04:41+00:00\",\"mainEntityOfPage\":{\"@id\":\"https:\/\/noticiasemdestaque.com\/cd\/?p=25035\"},\"wordCount\":123,\"publisher\":{\"@id\":\"https:\/\/noticiasemdestaque.com\/cd\/#organization\"},\"image\":{\"@id\":\"https:\/\/noticiasemdestaque.com\/cd\/?p=25035#primaryimage\"},\"thumbnailUrl\":\"https:\/\/noticiasemdestaque.com\/cd\/wp-content\/uploads\/2020\/05\/dinaldo.jpg\",\"articleSection\":[\"Pol\u00edtica\"],\"inLanguage\":\"pt-BR\"},{\"@type\":\"WebPage\",\"@id\":\"https:\/\/noticiasemdestaque.com\/cd\/?p=25035\",\"url\":\"https:\/\/noticiasemdestaque.com\/cd\/?p=25035\",\"name\":\"Corpo de ex-prefeito de Patos, Dinaldo Wanderley, \u00e9 cremado em Jo\u00e3o Pessoa - Not&iacute;cias em Destaque\",\"isPartOf\":{\"@id\":\"https:\/\/noticiasemdestaque.com\/cd\/#website\"},\"primaryImageOfPage\":{\"@id\":\"https:\/\/noticiasemdestaque.com\/cd\/?p=25035#primaryimage\"},\"image\":{\"@id\":\"https:\/\/noticiasemdestaque.com\/cd\/?p=25035#primaryimage\"},\"thumbnailUrl\":\"https:\/\/noticiasemdestaque.com\/cd\/wp-content\/uploads\/2020\/05\/dinaldo.jpg\",\"datePublished\":\"2020-05-24T19:04:41+00:00\",\"breadcrumb\":{\"@id\":\"https:\/\/noticiasemdestaque.com\/cd\/?p=25035#breadcrumb\"},\"inLanguage\":\"pt-BR\",\"potentialAction\":[{\"@type\":\"ReadAction\",\"target\":[\"https:\/\/noticiasemdestaque.com\/cd\/?p=25035\"]}]},{\"@type\":\"ImageObject\",\"inLanguage\":\"pt-BR\",\"@id\":\"https:\/\/noticiasemdestaque.com\/cd\/?p=25035#primaryimage\",\"url\":\"https:\/\/noticiasemdestaque.com\/cd\/wp-content\/uploads\/2020\/05\/dinaldo.jpg\",\"contentUrl\":\"https:\/\/noticiasemdestaque.com\/cd\/wp-content\/uploads\/2020\/05\/dinaldo.jpg\",\"width\":1024,\"height\":678},{\"@type\":\"BreadcrumbList\",\"@id\":\"https:\/\/noticiasemdestaque.com\/cd\/?p=25035#breadcrumb\",\"itemListElement\":[{\"@type\":\"ListItem\",\"position\":1,\"name\":\"In\u00edcio\",\"item\":\"https:\/\/noticiasemdestaque.com\/cd\/\"},{\"@type\":\"ListItem\",\"position\":2,\"name\":\"Corpo de ex-prefeito de Patos, Dinaldo Wanderley, \u00e9 cremado em Jo\u00e3o Pessoa\"}]},{\"@type\":\"WebSite\",\"@id\":\"https:\/\/noticiasemdestaque.com\/cd\/#website\",\"url\":\"https:\/\/noticiasemdestaque.com\/cd\/\",\"name\":\"Not&iacute;cias em Destaque\",\"description\":\"\",\"publisher\":{\"@id\":\"https:\/\/noticiasemdestaque.com\/cd\/#organization\"},\"potentialAction\":[{\"@type\":\"SearchAction\",\"target\":{\"@type\":\"EntryPoint\",\"urlTemplate\":\"https:\/\/noticiasemdestaque.com\/cd\/?s={search_term_string}\"},\"query-input\":{\"@type\":\"PropertyValueSpecification\",\"valueRequired\":true,\"valueName\":\"search_term_string\"}}],\"inLanguage\":\"pt-BR\"},{\"@type\":\"Organization\",\"@id\":\"https:\/\/noticiasemdestaque.com\/cd\/#organization\",\"name\":\"Not\u00edcias em Destaque\",\"url\":\"https:\/\/noticiasemdestaque.com\/cd\/\",\"logo\":{\"@type\":\"ImageObject\",\"inLanguage\":\"pt-BR\",\"@id\":\"https:\/\/noticiasemdestaque.com\/cd\/#\/schema\/logo\/image\/\",\"url\":\"https:\/\/noticiasemdestaque.com\/cd\/wp-content\/uploads\/2022\/05\/imagem-base-noticiasemdestaque.png\",\"contentUrl\":\"https:\/\/noticiasemdestaque.com\/cd\/wp-content\/uploads\/2022\/05\/imagem-base-noticiasemdestaque.png\",\"width\":1200,\"height\":630,\"caption\":\"Not\u00edcias em Destaque\"},\"image\":{\"@id\":\"https:\/\/noticiasemdestaque.com\/cd\/#\/schema\/logo\/image\/\"}},{\"@type\":\"Person\",\"@id\":\"https:\/\/noticiasemdestaque.com\/cd\/#\/schema\/person\/21320b03a7e8bb90128938dafc9b908a\",\"name\":\"Not\u00edcias em Destaque\",\"url\":\"https:\/\/noticiasemdestaque.com\/cd\/?author=2\"}]}<\/script>\n<!-- \/ Yoast SEO plugin. -->","yoast_head_json":{"title":"Corpo de ex-prefeito de Patos, Dinaldo Wanderley, \u00e9 cremado em Jo\u00e3o Pessoa - Not&iacute;cias em Destaque","robots":{"index":"index","follow":"follow","max-snippet":"max-snippet:-1","max-image-preview":"max-image-preview:large","max-video-preview":"max-video-preview:-1"},"canonical":"https:\/\/noticiasemdestaque.com\/cd\/?p=25035","og_locale":"pt_BR","og_type":"article","og_title":"Corpo de ex-prefeito de Patos, Dinaldo Wanderley, \u00e9 cremado em Jo\u00e3o Pessoa - Not&iacute;cias em Destaque","og_description":"Foi cremado na tarde deste domingo (24), o corpo do ex-prefeito da cidade de Patos, no Sert\u00e3o paraibano, Dinaldo Wanderley. A cerim\u00f4nia foi restrita \u00e0 fam\u00edlia e aconteceu em Jo\u00e3o Pessoa.\u00a0O pol\u00edtico morreu aos 69 anos v\u00edtima da Covid-19.\u00a0Ele estava internado em um hospital privado de Jo\u00e3o Pessoa e morreu na madrugada deste domingo. Dinaldo Wanderley nasceu em Patos, no dia\u00a020 de junho\u00a0de 1950. Foi advogado, economista, empres\u00e1rio, ex-futebolista e pol\u00edtico. Assumiu dois mandatos consecutivos na cidade onde nasceu, sendo o primeiro prefeito reeleito. Ele deixa a\u00a0esposa, Edna, e os filhos Dinaldinho, Gustavo, Bruno e Ana. Not\u00edcias em Destaque Com T5","og_url":"https:\/\/noticiasemdestaque.com\/cd\/?p=25035","og_site_name":"Not&iacute;cias em Destaque","article_published_time":"2020-05-24T19:04:41+00:00","og_image":[{"width":1024,"height":678,"url":"https:\/\/noticiasemdestaque.com\/cd\/wp-content\/uploads\/2020\/05\/dinaldo.jpg","type":"image\/jpeg"}],"author":"Not\u00edcias em Destaque","twitter_card":"summary_large_image","twitter_misc":{"Escrito por":"Not\u00edcias em Destaque","Est. tempo de leitura":"1 minuto"},"schema":{"@context":"https:\/\/schema.org","@graph":[{"@type":"Article","@id":"https:\/\/noticiasemdestaque.com\/cd\/?p=25035#article","isPartOf":{"@id":"https:\/\/noticiasemdestaque.com\/cd\/?p=25035"},"author":{"name":"Not\u00edcias em Destaque","@id":"https:\/\/noticiasemdestaque.com\/cd\/#\/schema\/person\/21320b03a7e8bb90128938dafc9b908a"},"headline":"Corpo de ex-prefeito de Patos, Dinaldo Wanderley, \u00e9 cremado em Jo\u00e3o Pessoa","datePublished":"2020-05-24T19:04:41+00:00","mainEntityOfPage":{"@id":"https:\/\/noticiasemdestaque.com\/cd\/?p=25035"},"wordCount":123,"publisher":{"@id":"https:\/\/noticiasemdestaque.com\/cd\/#organization"},"image":{"@id":"https:\/\/noticiasemdestaque.com\/cd\/?p=25035#primaryimage"},"thumbnailUrl":"https:\/\/noticiasemdestaque.com\/cd\/wp-content\/uploads\/2020\/05\/dinaldo.jpg","articleSection":["Pol\u00edtica"],"inLanguage":"pt-BR"},{"@type":"WebPage","@id":"https:\/\/noticiasemdestaque.com\/cd\/?p=25035","url":"https:\/\/noticiasemdestaque.com\/cd\/?p=25035","name":"Corpo de ex-prefeito de Patos, Dinaldo Wanderley, \u00e9 cremado em Jo\u00e3o Pessoa - Not&iacute;cias em Destaque","isPartOf":{"@id":"https:\/\/noticiasemdestaque.com\/cd\/#website"},"primaryImageOfPage":{"@id":"https:\/\/noticiasemdestaque.com\/cd\/?p=25035#primaryimage"},"image":{"@id":"https:\/\/noticiasemdestaque.com\/cd\/?p=25035#primaryimage"},"thumbnailUrl":"https:\/\/noticiasemdestaque.com\/cd\/wp-content\/uploads\/2020\/05\/dinaldo.jpg","datePublished":"2020-05-24T19:04:41+00:00","breadcrumb":{"@id":"https:\/\/noticiasemdestaque.com\/cd\/?p=25035#breadcrumb"},"inLanguage":"pt-BR","potentialAction":[{"@type":"ReadAction","target":["https:\/\/noticiasemdestaque.com\/cd\/?p=25035"]}]},{"@type":"ImageObject","inLanguage":"pt-BR","@id":"https:\/\/noticiasemdestaque.com\/cd\/?p=25035#primaryimage","url":"https:\/\/noticiasemdestaque.com\/cd\/wp-content\/uploads\/2020\/05\/dinaldo.jpg","contentUrl":"https:\/\/noticiasemdestaque.com\/cd\/wp-content\/uploads\/2020\/05\/dinaldo.jpg","width":1024,"height":678},{"@type":"BreadcrumbList","@id":"https:\/\/noticiasemdestaque.com\/cd\/?p=25035#breadcrumb","itemListElement":[{"@type":"ListItem","position":1,"name":"In\u00edcio","item":"https:\/\/noticiasemdestaque.com\/cd\/"},{"@type":"ListItem","position":2,"name":"Corpo de ex-prefeito de Patos, Dinaldo Wanderley, \u00e9 cremado em Jo\u00e3o Pessoa"}]},{"@type":"WebSite","@id":"https:\/\/noticiasemdestaque.com\/cd\/#website","url":"https:\/\/noticiasemdestaque.com\/cd\/","name":"Not&iacute;cias em Destaque","description":"","publisher":{"@id":"https:\/\/noticiasemdestaque.com\/cd\/#organization"},"potentialAction":[{"@type":"SearchAction","target":{"@type":"EntryPoint","urlTemplate":"https:\/\/noticiasemdestaque.com\/cd\/?s={search_term_string}"},"query-input":{"@type":"PropertyValueSpecification","valueRequired":true,"valueName":"search_term_string"}}],"inLanguage":"pt-BR"},{"@type":"Organization","@id":"https:\/\/noticiasemdestaque.com\/cd\/#organization","name":"Not\u00edcias em Destaque","url":"https:\/\/noticiasemdestaque.com\/cd\/","logo":{"@type":"ImageObject","inLanguage":"pt-BR","@id":"https:\/\/noticiasemdestaque.com\/cd\/#\/schema\/logo\/image\/","url":"https:\/\/noticiasemdestaque.com\/cd\/wp-content\/uploads\/2022\/05\/imagem-base-noticiasemdestaque.png","contentUrl":"https:\/\/noticiasemdestaque.com\/cd\/wp-content\/uploads\/2022\/05\/imagem-base-noticiasemdestaque.png","width":1200,"height":630,"caption":"Not\u00edcias em Destaque"},"image":{"@id":"https:\/\/noticiasemdestaque.com\/cd\/#\/schema\/logo\/image\/"}},{"@type":"Person","@id":"https:\/\/noticiasemdestaque.com\/cd\/#\/schema\/person\/21320b03a7e8bb90128938dafc9b908a","name":"Not\u00edcias em Destaque","url":"https:\/\/noticiasemdestaque.com\/cd\/?author=2"}]}},"jetpack_featured_media_url":"https:\/\/noticiasemdestaque.com\/cd\/wp-content\/uploads\/2020\/05\/dinaldo.jpg","jetpack_sharing_enabled":true,"_links":{"self":[{"href":"https:\/\/noticiasemdestaque.com\/cd\/index.php?rest_route=\/wp\/v2\/posts\/25035","targetHints":{"allow":["GET"]}}],"collection":[{"href":"https:\/\/noticiasemdestaque.com\/cd\/index.php?rest_route=\/wp\/v2\/posts"}],"about":[{"href":"https:\/\/noticiasemdestaque.com\/cd\/index.php?rest_route=\/wp\/v2\/types\/post"}],"author":[{"embeddable":true,"href":"https:\/\/noticiasemdestaque.com\/cd\/index.php?rest_route=\/wp\/v2\/users\/2"}],"replies":[{"embeddable":true,"href":"https:\/\/noticiasemdestaque.com\/cd\/index.php?rest_route=%2Fwp%2Fv2%2Fcomments&post=25035"}],"version-history":[{"count":1,"href":"https:\/\/noticiasemdestaque.com\/cd\/index.php?rest_route=\/wp\/v2\/posts\/25035\/revisions"}],"predecessor-version":[{"id":25037,"href":"https:\/\/noticiasemdestaque.com\/cd\/index.php?rest_route=\/wp\/v2\/posts\/25035\/revisions\/25037"}],"wp:featuredmedia":[{"embeddable":true,"href":"https:\/\/noticiasemdestaque.com\/cd\/index.php?rest_route=\/wp\/v2\/media\/25036"}],"wp:attachment":[{"href":"https:\/\/noticiasemdestaque.com\/cd\/index.php?rest_route=%2Fwp%2Fv2%2Fmedia&parent=25035"}],"wp:term":[{"taxonomy":"category","embeddable":true,"href":"https:\/\/noticiasemdestaque.com\/cd\/index.php?rest_route=%2Fwp%2Fv2%2Fcategories&post=25035"},{"taxonomy":"post_tag","embeddable":true,"href":"https:\/\/noticiasemdestaque.com\/cd\/index.php?rest_route=%2Fwp%2Fv2%2Ftags&post=25035"}],"curies":[{"name":"wp","href":"https:\/\/api.w.org\/{rel}","templated":true}]}}