{"id":25033,"date":"2020-05-22T19:34:34","date_gmt":"2020-05-22T22:34:34","guid":{"rendered":"http:\/\/noticiasemdestaque.com\/cd\/?p=25033"},"modified":"2020-05-22T19:34:34","modified_gmt":"2020-05-22T22:34:34","slug":"sume-registra-mais-dois-casos-de-covid-19-no-municipio","status":"publish","type":"post","link":"https:\/\/noticiasemdestaque.com\/cd\/?p=25033","title":{"rendered":"Sum\u00e9 registra mais dois casos de Covid-19 no munic\u00edpio"},"content":{"rendered":"<p><a href=\"https:\/\/noticiasemdestaque.com\/cd\/wp-content\/uploads\/2020\/02\/coronavirus.jpg\"><img fetchpriority=\"high\" decoding=\"async\" class=\"alignnone size-full wp-image-23038\" src=\"https:\/\/noticiasemdestaque.com\/cd\/wp-content\/uploads\/2020\/02\/coronavirus.jpg\" alt=\"\" width=\"720\" height=\"405\" srcset=\"https:\/\/noticiasemdestaque.com\/cd\/wp-content\/uploads\/2020\/02\/coronavirus.jpg 720w, https:\/\/noticiasemdestaque.com\/cd\/wp-content\/uploads\/2020\/02\/coronavirus-300x169.jpg 300w\" sizes=\"(max-width: 720px) 100vw, 720px\" \/><\/a><\/p>\n<p>A Secretaria de Sa\u00fade de Sum\u00e9, por meio da Vigil\u00e2ncia Epidemiol\u00f3gica, confirmou no in\u00edcio da noite desta sexta-feira (22), mais dois casos positivos de coronav\u00edrus (Covid-19) no munic\u00edpio.<\/p>\n<p>O primeiro caso, trata-se de uma mulher de 79 anos de idade com hist\u00f3rico de diabetes e hipertens\u00e3o. Ela deu entrada ainda nessa sexta-feira no Hospital e Maternidade Alice de Almeida, apresentando sintomas de gripe, febre e v\u00f4mito. Foi notificada pela equipe do Hospital para a realiza\u00e7\u00e3o de teste r\u00e1pido que deu positivo para coronavirus. A paciente est\u00e1 sendo transferida nesse momento para o Hospital Pedro I, em Campina Grande.<\/p>\n<p>O outro caso positivo refere-se tamb\u00e9m a uma mulher, 49 anos de idade, que n\u00e3o apresenta sintomas, estando totalmente assintom\u00e1tica. Ela ficar\u00e1 em isolamento domiciliar.<\/p>\n<p>Com isso, Sum\u00e9 j\u00e1 totaliza 5 (cinco) casos de Covid-19.<\/p>\n<p>A Prefeitura de Sum\u00e9 refor\u00e7a cada vez mais que as pessoas fiquem em casa, que ao receber qualquer servi\u00e7o de delivery tomem todas as precau\u00e7\u00f5es de higieniza\u00e7\u00e3o dos produtos, que saiam somente para necessidades urgentes, e, ao sair, usem m\u00e1scaras e mantenham o distanciamento social.<\/p>\n","protected":false},"excerpt":{"rendered":"<p>A Secretaria de Sa\u00fade de Sum\u00e9, por meio da Vigil\u00e2ncia Epidemiol\u00f3gica, confirmou no in\u00edcio da noite desta sexta-feira (22), mais dois casos positivos de coronav\u00edrus (Covid-19) no munic\u00edpio. O primeiro caso, trata-se de uma mulher de 79 anos de idade com hist\u00f3rico de diabetes e hipertens\u00e3o. Ela deu entrada ainda nessa sexta-feira no Hospital e Maternidade Alice de Almeida, apresentando sintomas de gripe, febre e v\u00f4mito. Foi notificada pela equipe do Hospital para a realiza\u00e7\u00e3o de teste r\u00e1pido que deu positivo para coronavirus. A paciente est\u00e1 sendo transferida nesse momento para o Hospital Pedro I, em Campina Grande. O outro caso positivo refere-se tamb\u00e9m a uma mulher, 49 anos de idade, que n\u00e3o apresenta sintomas, estando totalmente assintom\u00e1tica. Ela ficar\u00e1 em isolamento domiciliar. Com isso, Sum\u00e9 j\u00e1 totaliza 5 (cinco) casos de Covid-19. A Prefeitura de Sum\u00e9 refor\u00e7a cada vez mais que as pessoas fiquem em casa, que ao receber qualquer servi\u00e7o de delivery tomem todas as precau\u00e7\u00f5es de higieniza\u00e7\u00e3o dos produtos, que saiam somente para necessidades urgentes, e, ao sair, usem m\u00e1scaras e mantenham o distanciamento social.<\/p>\n","protected":false},"author":2,"featured_media":23038,"comment_status":"closed","ping_status":"open","sticky":false,"template":"","format":"standard","meta":{"_eb_attr":"","_jetpack_memberships_contains_paid_content":false,"footnotes":""},"categories":[3],"tags":[],"class_list":["post-25033","post","type-post","status-publish","format-standard","has-post-thumbnail","hentry","category-cidades"],"yoast_head":"<!-- This site is optimized with the Yoast SEO plugin v26.5 - https:\/\/yoast.com\/wordpress\/plugins\/seo\/ -->\n<title>Sum\u00e9 registra mais dois casos de Covid-19 no munic\u00edpio - Not&iacute;cias em Destaque<\/title>\n<meta name=\"robots\" content=\"index, follow, max-snippet:-1, max-image-preview:large, max-video-preview:-1\" \/>\n<link rel=\"canonical\" href=\"https:\/\/noticiasemdestaque.com\/cd\/?p=25033\" \/>\n<meta property=\"og:locale\" content=\"pt_BR\" \/>\n<meta property=\"og:type\" content=\"article\" \/>\n<meta property=\"og:title\" content=\"Sum\u00e9 registra mais dois casos de Covid-19 no munic\u00edpio - Not&iacute;cias em Destaque\" \/>\n<meta property=\"og:description\" content=\"A Secretaria de Sa\u00fade de Sum\u00e9, por meio da Vigil\u00e2ncia Epidemiol\u00f3gica, confirmou no in\u00edcio da noite desta sexta-feira (22), mais dois casos positivos de coronav\u00edrus (Covid-19) no munic\u00edpio. O primeiro caso, trata-se de uma mulher de 79 anos de idade com hist\u00f3rico de diabetes e hipertens\u00e3o. Ela deu entrada ainda nessa sexta-feira no Hospital e Maternidade Alice de Almeida, apresentando sintomas de gripe, febre e v\u00f4mito. Foi notificada pela equipe do Hospital para a realiza\u00e7\u00e3o de teste r\u00e1pido que deu positivo para coronavirus. A paciente est\u00e1 sendo transferida nesse momento para o Hospital Pedro I, em Campina Grande. O outro caso positivo refere-se tamb\u00e9m a uma mulher, 49 anos de idade, que n\u00e3o apresenta sintomas, estando totalmente assintom\u00e1tica. Ela ficar\u00e1 em isolamento domiciliar. Com isso, Sum\u00e9 j\u00e1 totaliza 5 (cinco) casos de Covid-19. A Prefeitura de Sum\u00e9 refor\u00e7a cada vez mais que as pessoas fiquem em casa, que ao receber qualquer servi\u00e7o de delivery tomem todas as precau\u00e7\u00f5es de higieniza\u00e7\u00e3o dos produtos, que saiam somente para necessidades urgentes, e, ao sair, usem m\u00e1scaras e mantenham o distanciamento social.\" \/>\n<meta property=\"og:url\" content=\"https:\/\/noticiasemdestaque.com\/cd\/?p=25033\" \/>\n<meta property=\"og:site_name\" content=\"Not&iacute;cias em Destaque\" \/>\n<meta property=\"article:published_time\" content=\"2020-05-22T22:34:34+00:00\" \/>\n<meta property=\"og:image\" content=\"https:\/\/noticiasemdestaque.com\/cd\/wp-content\/uploads\/2020\/02\/coronavirus.jpg\" \/>\n\t<meta property=\"og:image:width\" content=\"720\" \/>\n\t<meta property=\"og:image:height\" content=\"405\" \/>\n\t<meta property=\"og:image:type\" content=\"image\/jpeg\" \/>\n<meta name=\"author\" content=\"Not\u00edcias em Destaque\" \/>\n<meta name=\"twitter:card\" content=\"summary_large_image\" \/>\n<meta name=\"twitter:label1\" content=\"Escrito por\" \/>\n\t<meta name=\"twitter:data1\" content=\"Not\u00edcias em Destaque\" \/>\n\t<meta name=\"twitter:label2\" content=\"Est. tempo de leitura\" \/>\n\t<meta name=\"twitter:data2\" content=\"1 minuto\" \/>\n<script type=\"application\/ld+json\" class=\"yoast-schema-graph\">{\"@context\":\"https:\/\/schema.org\",\"@graph\":[{\"@type\":\"Article\",\"@id\":\"https:\/\/noticiasemdestaque.com\/cd\/?p=25033#article\",\"isPartOf\":{\"@id\":\"https:\/\/noticiasemdestaque.com\/cd\/?p=25033\"},\"author\":{\"name\":\"Not\u00edcias em Destaque\",\"@id\":\"https:\/\/noticiasemdestaque.com\/cd\/#\/schema\/person\/21320b03a7e8bb90128938dafc9b908a\"},\"headline\":\"Sum\u00e9 registra mais dois casos de Covid-19 no munic\u00edpio\",\"datePublished\":\"2020-05-22T22:34:34+00:00\",\"mainEntityOfPage\":{\"@id\":\"https:\/\/noticiasemdestaque.com\/cd\/?p=25033\"},\"wordCount\":203,\"publisher\":{\"@id\":\"https:\/\/noticiasemdestaque.com\/cd\/#organization\"},\"image\":{\"@id\":\"https:\/\/noticiasemdestaque.com\/cd\/?p=25033#primaryimage\"},\"thumbnailUrl\":\"https:\/\/noticiasemdestaque.com\/cd\/wp-content\/uploads\/2020\/02\/coronavirus.jpg\",\"articleSection\":[\"Cidades\"],\"inLanguage\":\"pt-BR\"},{\"@type\":\"WebPage\",\"@id\":\"https:\/\/noticiasemdestaque.com\/cd\/?p=25033\",\"url\":\"https:\/\/noticiasemdestaque.com\/cd\/?p=25033\",\"name\":\"Sum\u00e9 registra mais dois casos de Covid-19 no munic\u00edpio - Not&iacute;cias em Destaque\",\"isPartOf\":{\"@id\":\"https:\/\/noticiasemdestaque.com\/cd\/#website\"},\"primaryImageOfPage\":{\"@id\":\"https:\/\/noticiasemdestaque.com\/cd\/?p=25033#primaryimage\"},\"image\":{\"@id\":\"https:\/\/noticiasemdestaque.com\/cd\/?p=25033#primaryimage\"},\"thumbnailUrl\":\"https:\/\/noticiasemdestaque.com\/cd\/wp-content\/uploads\/2020\/02\/coronavirus.jpg\",\"datePublished\":\"2020-05-22T22:34:34+00:00\",\"breadcrumb\":{\"@id\":\"https:\/\/noticiasemdestaque.com\/cd\/?p=25033#breadcrumb\"},\"inLanguage\":\"pt-BR\",\"potentialAction\":[{\"@type\":\"ReadAction\",\"target\":[\"https:\/\/noticiasemdestaque.com\/cd\/?p=25033\"]}]},{\"@type\":\"ImageObject\",\"inLanguage\":\"pt-BR\",\"@id\":\"https:\/\/noticiasemdestaque.com\/cd\/?p=25033#primaryimage\",\"url\":\"https:\/\/noticiasemdestaque.com\/cd\/wp-content\/uploads\/2020\/02\/coronavirus.jpg\",\"contentUrl\":\"https:\/\/noticiasemdestaque.com\/cd\/wp-content\/uploads\/2020\/02\/coronavirus.jpg\",\"width\":720,\"height\":405},{\"@type\":\"BreadcrumbList\",\"@id\":\"https:\/\/noticiasemdestaque.com\/cd\/?p=25033#breadcrumb\",\"itemListElement\":[{\"@type\":\"ListItem\",\"position\":1,\"name\":\"In\u00edcio\",\"item\":\"https:\/\/noticiasemdestaque.com\/cd\/\"},{\"@type\":\"ListItem\",\"position\":2,\"name\":\"Sum\u00e9 registra mais dois casos de Covid-19 no munic\u00edpio\"}]},{\"@type\":\"WebSite\",\"@id\":\"https:\/\/noticiasemdestaque.com\/cd\/#website\",\"url\":\"https:\/\/noticiasemdestaque.com\/cd\/\",\"name\":\"Not&iacute;cias em Destaque\",\"description\":\"\",\"publisher\":{\"@id\":\"https:\/\/noticiasemdestaque.com\/cd\/#organization\"},\"potentialAction\":[{\"@type\":\"SearchAction\",\"target\":{\"@type\":\"EntryPoint\",\"urlTemplate\":\"https:\/\/noticiasemdestaque.com\/cd\/?s={search_term_string}\"},\"query-input\":{\"@type\":\"PropertyValueSpecification\",\"valueRequired\":true,\"valueName\":\"search_term_string\"}}],\"inLanguage\":\"pt-BR\"},{\"@type\":\"Organization\",\"@id\":\"https:\/\/noticiasemdestaque.com\/cd\/#organization\",\"name\":\"Not\u00edcias em Destaque\",\"url\":\"https:\/\/noticiasemdestaque.com\/cd\/\",\"logo\":{\"@type\":\"ImageObject\",\"inLanguage\":\"pt-BR\",\"@id\":\"https:\/\/noticiasemdestaque.com\/cd\/#\/schema\/logo\/image\/\",\"url\":\"https:\/\/noticiasemdestaque.com\/cd\/wp-content\/uploads\/2022\/05\/imagem-base-noticiasemdestaque.png\",\"contentUrl\":\"https:\/\/noticiasemdestaque.com\/cd\/wp-content\/uploads\/2022\/05\/imagem-base-noticiasemdestaque.png\",\"width\":1200,\"height\":630,\"caption\":\"Not\u00edcias em Destaque\"},\"image\":{\"@id\":\"https:\/\/noticiasemdestaque.com\/cd\/#\/schema\/logo\/image\/\"}},{\"@type\":\"Person\",\"@id\":\"https:\/\/noticiasemdestaque.com\/cd\/#\/schema\/person\/21320b03a7e8bb90128938dafc9b908a\",\"name\":\"Not\u00edcias em Destaque\",\"url\":\"https:\/\/noticiasemdestaque.com\/cd\/?author=2\"}]}<\/script>\n<!-- \/ Yoast SEO plugin. -->","yoast_head_json":{"title":"Sum\u00e9 registra mais dois casos de Covid-19 no munic\u00edpio - Not&iacute;cias em Destaque","robots":{"index":"index","follow":"follow","max-snippet":"max-snippet:-1","max-image-preview":"max-image-preview:large","max-video-preview":"max-video-preview:-1"},"canonical":"https:\/\/noticiasemdestaque.com\/cd\/?p=25033","og_locale":"pt_BR","og_type":"article","og_title":"Sum\u00e9 registra mais dois casos de Covid-19 no munic\u00edpio - Not&iacute;cias em Destaque","og_description":"A Secretaria de Sa\u00fade de Sum\u00e9, por meio da Vigil\u00e2ncia Epidemiol\u00f3gica, confirmou no in\u00edcio da noite desta sexta-feira (22), mais dois casos positivos de coronav\u00edrus (Covid-19) no munic\u00edpio. O primeiro caso, trata-se de uma mulher de 79 anos de idade com hist\u00f3rico de diabetes e hipertens\u00e3o. Ela deu entrada ainda nessa sexta-feira no Hospital e Maternidade Alice de Almeida, apresentando sintomas de gripe, febre e v\u00f4mito. Foi notificada pela equipe do Hospital para a realiza\u00e7\u00e3o de teste r\u00e1pido que deu positivo para coronavirus. A paciente est\u00e1 sendo transferida nesse momento para o Hospital Pedro I, em Campina Grande. O outro caso positivo refere-se tamb\u00e9m a uma mulher, 49 anos de idade, que n\u00e3o apresenta sintomas, estando totalmente assintom\u00e1tica. Ela ficar\u00e1 em isolamento domiciliar. Com isso, Sum\u00e9 j\u00e1 totaliza 5 (cinco) casos de Covid-19. A Prefeitura de Sum\u00e9 refor\u00e7a cada vez mais que as pessoas fiquem em casa, que ao receber qualquer servi\u00e7o de delivery tomem todas as precau\u00e7\u00f5es de higieniza\u00e7\u00e3o dos produtos, que saiam somente para necessidades urgentes, e, ao sair, usem m\u00e1scaras e mantenham o distanciamento social.","og_url":"https:\/\/noticiasemdestaque.com\/cd\/?p=25033","og_site_name":"Not&iacute;cias em Destaque","article_published_time":"2020-05-22T22:34:34+00:00","og_image":[{"width":720,"height":405,"url":"https:\/\/noticiasemdestaque.com\/cd\/wp-content\/uploads\/2020\/02\/coronavirus.jpg","type":"image\/jpeg"}],"author":"Not\u00edcias em Destaque","twitter_card":"summary_large_image","twitter_misc":{"Escrito por":"Not\u00edcias em Destaque","Est. tempo de leitura":"1 minuto"},"schema":{"@context":"https:\/\/schema.org","@graph":[{"@type":"Article","@id":"https:\/\/noticiasemdestaque.com\/cd\/?p=25033#article","isPartOf":{"@id":"https:\/\/noticiasemdestaque.com\/cd\/?p=25033"},"author":{"name":"Not\u00edcias em Destaque","@id":"https:\/\/noticiasemdestaque.com\/cd\/#\/schema\/person\/21320b03a7e8bb90128938dafc9b908a"},"headline":"Sum\u00e9 registra mais dois casos de Covid-19 no munic\u00edpio","datePublished":"2020-05-22T22:34:34+00:00","mainEntityOfPage":{"@id":"https:\/\/noticiasemdestaque.com\/cd\/?p=25033"},"wordCount":203,"publisher":{"@id":"https:\/\/noticiasemdestaque.com\/cd\/#organization"},"image":{"@id":"https:\/\/noticiasemdestaque.com\/cd\/?p=25033#primaryimage"},"thumbnailUrl":"https:\/\/noticiasemdestaque.com\/cd\/wp-content\/uploads\/2020\/02\/coronavirus.jpg","articleSection":["Cidades"],"inLanguage":"pt-BR"},{"@type":"WebPage","@id":"https:\/\/noticiasemdestaque.com\/cd\/?p=25033","url":"https:\/\/noticiasemdestaque.com\/cd\/?p=25033","name":"Sum\u00e9 registra mais dois casos de Covid-19 no munic\u00edpio - Not&iacute;cias em Destaque","isPartOf":{"@id":"https:\/\/noticiasemdestaque.com\/cd\/#website"},"primaryImageOfPage":{"@id":"https:\/\/noticiasemdestaque.com\/cd\/?p=25033#primaryimage"},"image":{"@id":"https:\/\/noticiasemdestaque.com\/cd\/?p=25033#primaryimage"},"thumbnailUrl":"https:\/\/noticiasemdestaque.com\/cd\/wp-content\/uploads\/2020\/02\/coronavirus.jpg","datePublished":"2020-05-22T22:34:34+00:00","breadcrumb":{"@id":"https:\/\/noticiasemdestaque.com\/cd\/?p=25033#breadcrumb"},"inLanguage":"pt-BR","potentialAction":[{"@type":"ReadAction","target":["https:\/\/noticiasemdestaque.com\/cd\/?p=25033"]}]},{"@type":"ImageObject","inLanguage":"pt-BR","@id":"https:\/\/noticiasemdestaque.com\/cd\/?p=25033#primaryimage","url":"https:\/\/noticiasemdestaque.com\/cd\/wp-content\/uploads\/2020\/02\/coronavirus.jpg","contentUrl":"https:\/\/noticiasemdestaque.com\/cd\/wp-content\/uploads\/2020\/02\/coronavirus.jpg","width":720,"height":405},{"@type":"BreadcrumbList","@id":"https:\/\/noticiasemdestaque.com\/cd\/?p=25033#breadcrumb","itemListElement":[{"@type":"ListItem","position":1,"name":"In\u00edcio","item":"https:\/\/noticiasemdestaque.com\/cd\/"},{"@type":"ListItem","position":2,"name":"Sum\u00e9 registra mais dois casos de Covid-19 no munic\u00edpio"}]},{"@type":"WebSite","@id":"https:\/\/noticiasemdestaque.com\/cd\/#website","url":"https:\/\/noticiasemdestaque.com\/cd\/","name":"Not&iacute;cias em Destaque","description":"","publisher":{"@id":"https:\/\/noticiasemdestaque.com\/cd\/#organization"},"potentialAction":[{"@type":"SearchAction","target":{"@type":"EntryPoint","urlTemplate":"https:\/\/noticiasemdestaque.com\/cd\/?s={search_term_string}"},"query-input":{"@type":"PropertyValueSpecification","valueRequired":true,"valueName":"search_term_string"}}],"inLanguage":"pt-BR"},{"@type":"Organization","@id":"https:\/\/noticiasemdestaque.com\/cd\/#organization","name":"Not\u00edcias em Destaque","url":"https:\/\/noticiasemdestaque.com\/cd\/","logo":{"@type":"ImageObject","inLanguage":"pt-BR","@id":"https:\/\/noticiasemdestaque.com\/cd\/#\/schema\/logo\/image\/","url":"https:\/\/noticiasemdestaque.com\/cd\/wp-content\/uploads\/2022\/05\/imagem-base-noticiasemdestaque.png","contentUrl":"https:\/\/noticiasemdestaque.com\/cd\/wp-content\/uploads\/2022\/05\/imagem-base-noticiasemdestaque.png","width":1200,"height":630,"caption":"Not\u00edcias em Destaque"},"image":{"@id":"https:\/\/noticiasemdestaque.com\/cd\/#\/schema\/logo\/image\/"}},{"@type":"Person","@id":"https:\/\/noticiasemdestaque.com\/cd\/#\/schema\/person\/21320b03a7e8bb90128938dafc9b908a","name":"Not\u00edcias em Destaque","url":"https:\/\/noticiasemdestaque.com\/cd\/?author=2"}]}},"jetpack_featured_media_url":"https:\/\/noticiasemdestaque.com\/cd\/wp-content\/uploads\/2020\/02\/coronavirus.jpg","jetpack_sharing_enabled":true,"_links":{"self":[{"href":"https:\/\/noticiasemdestaque.com\/cd\/index.php?rest_route=\/wp\/v2\/posts\/25033","targetHints":{"allow":["GET"]}}],"collection":[{"href":"https:\/\/noticiasemdestaque.com\/cd\/index.php?rest_route=\/wp\/v2\/posts"}],"about":[{"href":"https:\/\/noticiasemdestaque.com\/cd\/index.php?rest_route=\/wp\/v2\/types\/post"}],"author":[{"embeddable":true,"href":"https:\/\/noticiasemdestaque.com\/cd\/index.php?rest_route=\/wp\/v2\/users\/2"}],"replies":[{"embeddable":true,"href":"https:\/\/noticiasemdestaque.com\/cd\/index.php?rest_route=%2Fwp%2Fv2%2Fcomments&post=25033"}],"version-history":[{"count":1,"href":"https:\/\/noticiasemdestaque.com\/cd\/index.php?rest_route=\/wp\/v2\/posts\/25033\/revisions"}],"predecessor-version":[{"id":25034,"href":"https:\/\/noticiasemdestaque.com\/cd\/index.php?rest_route=\/wp\/v2\/posts\/25033\/revisions\/25034"}],"wp:featuredmedia":[{"embeddable":true,"href":"https:\/\/noticiasemdestaque.com\/cd\/index.php?rest_route=\/wp\/v2\/media\/23038"}],"wp:attachment":[{"href":"https:\/\/noticiasemdestaque.com\/cd\/index.php?rest_route=%2Fwp%2Fv2%2Fmedia&parent=25033"}],"wp:term":[{"taxonomy":"category","embeddable":true,"href":"https:\/\/noticiasemdestaque.com\/cd\/index.php?rest_route=%2Fwp%2Fv2%2Fcategories&post=25033"},{"taxonomy":"post_tag","embeddable":true,"href":"https:\/\/noticiasemdestaque.com\/cd\/index.php?rest_route=%2Fwp%2Fv2%2Ftags&post=25033"}],"curies":[{"name":"wp","href":"https:\/\/api.w.org\/{rel}","templated":true}]}}