{"id":25025,"date":"2020-05-21T22:17:06","date_gmt":"2020-05-22T01:17:06","guid":{"rendered":"http:\/\/noticiasemdestaque.com\/cd\/?p=25025"},"modified":"2020-05-21T22:29:23","modified_gmt":"2020-05-22T01:29:23","slug":"sao-joao-do-cariri-confirma-seu-primeiro-caso-de-covid-19","status":"publish","type":"post","link":"https:\/\/noticiasemdestaque.com\/cd\/?p=25025","title":{"rendered":"S\u00e3o Jo\u00e3o do Cariri confirma seu primeiro caso de Covid-19"},"content":{"rendered":"<p><a href=\"https:\/\/noticiasemdestaque.com\/cd\/wp-content\/uploads\/2020\/05\/99299324_2631579887098789_3859935972758126592_n.jpg\"><img fetchpriority=\"high\" decoding=\"async\" class=\"wp-image-25026 aligncenter\" src=\"https:\/\/noticiasemdestaque.com\/cd\/wp-content\/uploads\/2020\/05\/99299324_2631579887098789_3859935972758126592_n.jpg\" alt=\"\" width=\"444\" height=\"444\" srcset=\"https:\/\/noticiasemdestaque.com\/cd\/wp-content\/uploads\/2020\/05\/99299324_2631579887098789_3859935972758126592_n.jpg 960w, https:\/\/noticiasemdestaque.com\/cd\/wp-content\/uploads\/2020\/05\/99299324_2631579887098789_3859935972758126592_n-150x150.jpg 150w, https:\/\/noticiasemdestaque.com\/cd\/wp-content\/uploads\/2020\/05\/99299324_2631579887098789_3859935972758126592_n-300x300.jpg 300w, https:\/\/noticiasemdestaque.com\/cd\/wp-content\/uploads\/2020\/05\/99299324_2631579887098789_3859935972758126592_n-768x768.jpg 768w\" sizes=\"(max-width: 444px) 100vw, 444px\" \/><\/a><\/p>\n<p>A Secretaria Municipal de Sa\u00fade de S\u00e3o Jo\u00e3o do Cariri\/PB atualiza informa\u00e7\u00f5es relacionadas ao COVID 19; O munic\u00edpio se encontra com 01 caso confirmado no sistema e-SUS-VE ( Esclarecendo que este paciente n\u00e3o reside, como tamb\u00e9m n\u00e3o esteve no munic\u00edpio nos \u00faltimos meses, mas seu cart\u00e3o SUS permanece com endere\u00e7o deste munic\u00edpio, sendo assim, automaticamente os dados s\u00e3o contabilizados para este endere\u00e7o.<\/p>\n<p>Suspeito: 10<br \/>\nMonitorado: 10<br \/>\nDescartado: 15<br \/>\nConfirmado: 01<br \/>\nViajantes em isolamento domiciliar: 15<\/p>\n<p>Ao decorrer da semana foram testados 04 pacientes com resultados NEGATIVOS.<\/p>\n","protected":false},"excerpt":{"rendered":"<p>A Secretaria Municipal de Sa\u00fade de S\u00e3o Jo\u00e3o do Cariri\/PB atualiza informa\u00e7\u00f5es relacionadas ao COVID 19; O munic\u00edpio se encontra com 01 caso confirmado no sistema e-SUS-VE ( Esclarecendo que este paciente n\u00e3o reside, como tamb\u00e9m n\u00e3o esteve no munic\u00edpio nos \u00faltimos meses, mas seu cart\u00e3o SUS permanece com endere\u00e7o deste munic\u00edpio, sendo assim, automaticamente os dados s\u00e3o contabilizados para este endere\u00e7o. Suspeito: 10 Monitorado: 10 Descartado: 15 Confirmado: 01 Viajantes em isolamento domiciliar: 15 Ao decorrer da semana foram testados 04 pacientes com resultados NEGATIVOS.<\/p>\n","protected":false},"author":2,"featured_media":25026,"comment_status":"closed","ping_status":"open","sticky":false,"template":"","format":"standard","meta":{"_eb_attr":"","_jetpack_memberships_contains_paid_content":false,"footnotes":""},"categories":[8],"tags":[],"class_list":["post-25025","post","type-post","status-publish","format-standard","has-post-thumbnail","hentry","category-saude"],"yoast_head":"<!-- This site is optimized with the Yoast SEO plugin v26.5 - https:\/\/yoast.com\/wordpress\/plugins\/seo\/ -->\n<title>S\u00e3o Jo\u00e3o do Cariri confirma seu primeiro caso de Covid-19 - Not&iacute;cias em Destaque<\/title>\n<meta name=\"robots\" content=\"index, follow, max-snippet:-1, max-image-preview:large, max-video-preview:-1\" \/>\n<link rel=\"canonical\" href=\"https:\/\/noticiasemdestaque.com\/cd\/?p=25025\" \/>\n<meta property=\"og:locale\" content=\"pt_BR\" \/>\n<meta property=\"og:type\" content=\"article\" \/>\n<meta property=\"og:title\" content=\"S\u00e3o Jo\u00e3o do Cariri confirma seu primeiro caso de Covid-19 - Not&iacute;cias em Destaque\" \/>\n<meta property=\"og:description\" content=\"A Secretaria Municipal de Sa\u00fade de S\u00e3o Jo\u00e3o do Cariri\/PB atualiza informa\u00e7\u00f5es relacionadas ao COVID 19; O munic\u00edpio se encontra com 01 caso confirmado no sistema e-SUS-VE ( Esclarecendo que este paciente n\u00e3o reside, como tamb\u00e9m n\u00e3o esteve no munic\u00edpio nos \u00faltimos meses, mas seu cart\u00e3o SUS permanece com endere\u00e7o deste munic\u00edpio, sendo assim, automaticamente os dados s\u00e3o contabilizados para este endere\u00e7o. Suspeito: 10 Monitorado: 10 Descartado: 15 Confirmado: 01 Viajantes em isolamento domiciliar: 15 Ao decorrer da semana foram testados 04 pacientes com resultados NEGATIVOS.\" \/>\n<meta property=\"og:url\" content=\"https:\/\/noticiasemdestaque.com\/cd\/?p=25025\" \/>\n<meta property=\"og:site_name\" content=\"Not&iacute;cias em Destaque\" \/>\n<meta property=\"article:published_time\" content=\"2020-05-22T01:17:06+00:00\" \/>\n<meta property=\"article:modified_time\" content=\"2020-05-22T01:29:23+00:00\" \/>\n<meta property=\"og:image\" content=\"https:\/\/noticiasemdestaque.com\/cd\/wp-content\/uploads\/2020\/05\/99299324_2631579887098789_3859935972758126592_n.jpg\" \/>\n\t<meta property=\"og:image:width\" content=\"960\" \/>\n\t<meta property=\"og:image:height\" content=\"960\" \/>\n\t<meta property=\"og:image:type\" content=\"image\/jpeg\" \/>\n<meta name=\"author\" content=\"Not\u00edcias em Destaque\" \/>\n<meta name=\"twitter:card\" content=\"summary_large_image\" \/>\n<meta name=\"twitter:label1\" content=\"Escrito por\" \/>\n\t<meta name=\"twitter:data1\" content=\"Not\u00edcias em Destaque\" \/>\n<script type=\"application\/ld+json\" class=\"yoast-schema-graph\">{\"@context\":\"https:\/\/schema.org\",\"@graph\":[{\"@type\":\"Article\",\"@id\":\"https:\/\/noticiasemdestaque.com\/cd\/?p=25025#article\",\"isPartOf\":{\"@id\":\"https:\/\/noticiasemdestaque.com\/cd\/?p=25025\"},\"author\":{\"name\":\"Not\u00edcias em Destaque\",\"@id\":\"https:\/\/noticiasemdestaque.com\/cd\/#\/schema\/person\/21320b03a7e8bb90128938dafc9b908a\"},\"headline\":\"S\u00e3o Jo\u00e3o do Cariri confirma seu primeiro caso de Covid-19\",\"datePublished\":\"2020-05-22T01:17:06+00:00\",\"dateModified\":\"2020-05-22T01:29:23+00:00\",\"mainEntityOfPage\":{\"@id\":\"https:\/\/noticiasemdestaque.com\/cd\/?p=25025\"},\"wordCount\":104,\"publisher\":{\"@id\":\"https:\/\/noticiasemdestaque.com\/cd\/#organization\"},\"image\":{\"@id\":\"https:\/\/noticiasemdestaque.com\/cd\/?p=25025#primaryimage\"},\"thumbnailUrl\":\"https:\/\/noticiasemdestaque.com\/cd\/wp-content\/uploads\/2020\/05\/99299324_2631579887098789_3859935972758126592_n.jpg\",\"articleSection\":[\"Sa\u00fade\"],\"inLanguage\":\"pt-BR\"},{\"@type\":\"WebPage\",\"@id\":\"https:\/\/noticiasemdestaque.com\/cd\/?p=25025\",\"url\":\"https:\/\/noticiasemdestaque.com\/cd\/?p=25025\",\"name\":\"S\u00e3o Jo\u00e3o do Cariri confirma seu primeiro caso de Covid-19 - Not&iacute;cias em Destaque\",\"isPartOf\":{\"@id\":\"https:\/\/noticiasemdestaque.com\/cd\/#website\"},\"primaryImageOfPage\":{\"@id\":\"https:\/\/noticiasemdestaque.com\/cd\/?p=25025#primaryimage\"},\"image\":{\"@id\":\"https:\/\/noticiasemdestaque.com\/cd\/?p=25025#primaryimage\"},\"thumbnailUrl\":\"https:\/\/noticiasemdestaque.com\/cd\/wp-content\/uploads\/2020\/05\/99299324_2631579887098789_3859935972758126592_n.jpg\",\"datePublished\":\"2020-05-22T01:17:06+00:00\",\"dateModified\":\"2020-05-22T01:29:23+00:00\",\"breadcrumb\":{\"@id\":\"https:\/\/noticiasemdestaque.com\/cd\/?p=25025#breadcrumb\"},\"inLanguage\":\"pt-BR\",\"potentialAction\":[{\"@type\":\"ReadAction\",\"target\":[\"https:\/\/noticiasemdestaque.com\/cd\/?p=25025\"]}]},{\"@type\":\"ImageObject\",\"inLanguage\":\"pt-BR\",\"@id\":\"https:\/\/noticiasemdestaque.com\/cd\/?p=25025#primaryimage\",\"url\":\"https:\/\/noticiasemdestaque.com\/cd\/wp-content\/uploads\/2020\/05\/99299324_2631579887098789_3859935972758126592_n.jpg\",\"contentUrl\":\"https:\/\/noticiasemdestaque.com\/cd\/wp-content\/uploads\/2020\/05\/99299324_2631579887098789_3859935972758126592_n.jpg\",\"width\":960,\"height\":960},{\"@type\":\"BreadcrumbList\",\"@id\":\"https:\/\/noticiasemdestaque.com\/cd\/?p=25025#breadcrumb\",\"itemListElement\":[{\"@type\":\"ListItem\",\"position\":1,\"name\":\"In\u00edcio\",\"item\":\"https:\/\/noticiasemdestaque.com\/cd\/\"},{\"@type\":\"ListItem\",\"position\":2,\"name\":\"S\u00e3o Jo\u00e3o do Cariri confirma seu primeiro caso de Covid-19\"}]},{\"@type\":\"WebSite\",\"@id\":\"https:\/\/noticiasemdestaque.com\/cd\/#website\",\"url\":\"https:\/\/noticiasemdestaque.com\/cd\/\",\"name\":\"Not&iacute;cias em Destaque\",\"description\":\"\",\"publisher\":{\"@id\":\"https:\/\/noticiasemdestaque.com\/cd\/#organization\"},\"potentialAction\":[{\"@type\":\"SearchAction\",\"target\":{\"@type\":\"EntryPoint\",\"urlTemplate\":\"https:\/\/noticiasemdestaque.com\/cd\/?s={search_term_string}\"},\"query-input\":{\"@type\":\"PropertyValueSpecification\",\"valueRequired\":true,\"valueName\":\"search_term_string\"}}],\"inLanguage\":\"pt-BR\"},{\"@type\":\"Organization\",\"@id\":\"https:\/\/noticiasemdestaque.com\/cd\/#organization\",\"name\":\"Not\u00edcias em Destaque\",\"url\":\"https:\/\/noticiasemdestaque.com\/cd\/\",\"logo\":{\"@type\":\"ImageObject\",\"inLanguage\":\"pt-BR\",\"@id\":\"https:\/\/noticiasemdestaque.com\/cd\/#\/schema\/logo\/image\/\",\"url\":\"https:\/\/noticiasemdestaque.com\/cd\/wp-content\/uploads\/2022\/05\/imagem-base-noticiasemdestaque.png\",\"contentUrl\":\"https:\/\/noticiasemdestaque.com\/cd\/wp-content\/uploads\/2022\/05\/imagem-base-noticiasemdestaque.png\",\"width\":1200,\"height\":630,\"caption\":\"Not\u00edcias em Destaque\"},\"image\":{\"@id\":\"https:\/\/noticiasemdestaque.com\/cd\/#\/schema\/logo\/image\/\"}},{\"@type\":\"Person\",\"@id\":\"https:\/\/noticiasemdestaque.com\/cd\/#\/schema\/person\/21320b03a7e8bb90128938dafc9b908a\",\"name\":\"Not\u00edcias em Destaque\",\"url\":\"https:\/\/noticiasemdestaque.com\/cd\/?author=2\"}]}<\/script>\n<!-- \/ Yoast SEO plugin. -->","yoast_head_json":{"title":"S\u00e3o Jo\u00e3o do Cariri confirma seu primeiro caso de Covid-19 - Not&iacute;cias em Destaque","robots":{"index":"index","follow":"follow","max-snippet":"max-snippet:-1","max-image-preview":"max-image-preview:large","max-video-preview":"max-video-preview:-1"},"canonical":"https:\/\/noticiasemdestaque.com\/cd\/?p=25025","og_locale":"pt_BR","og_type":"article","og_title":"S\u00e3o Jo\u00e3o do Cariri confirma seu primeiro caso de Covid-19 - Not&iacute;cias em Destaque","og_description":"A Secretaria Municipal de Sa\u00fade de S\u00e3o Jo\u00e3o do Cariri\/PB atualiza informa\u00e7\u00f5es relacionadas ao COVID 19; O munic\u00edpio se encontra com 01 caso confirmado no sistema e-SUS-VE ( Esclarecendo que este paciente n\u00e3o reside, como tamb\u00e9m n\u00e3o esteve no munic\u00edpio nos \u00faltimos meses, mas seu cart\u00e3o SUS permanece com endere\u00e7o deste munic\u00edpio, sendo assim, automaticamente os dados s\u00e3o contabilizados para este endere\u00e7o. Suspeito: 10 Monitorado: 10 Descartado: 15 Confirmado: 01 Viajantes em isolamento domiciliar: 15 Ao decorrer da semana foram testados 04 pacientes com resultados NEGATIVOS.","og_url":"https:\/\/noticiasemdestaque.com\/cd\/?p=25025","og_site_name":"Not&iacute;cias em Destaque","article_published_time":"2020-05-22T01:17:06+00:00","article_modified_time":"2020-05-22T01:29:23+00:00","og_image":[{"width":960,"height":960,"url":"https:\/\/noticiasemdestaque.com\/cd\/wp-content\/uploads\/2020\/05\/99299324_2631579887098789_3859935972758126592_n.jpg","type":"image\/jpeg"}],"author":"Not\u00edcias em Destaque","twitter_card":"summary_large_image","twitter_misc":{"Escrito por":"Not\u00edcias em Destaque"},"schema":{"@context":"https:\/\/schema.org","@graph":[{"@type":"Article","@id":"https:\/\/noticiasemdestaque.com\/cd\/?p=25025#article","isPartOf":{"@id":"https:\/\/noticiasemdestaque.com\/cd\/?p=25025"},"author":{"name":"Not\u00edcias em Destaque","@id":"https:\/\/noticiasemdestaque.com\/cd\/#\/schema\/person\/21320b03a7e8bb90128938dafc9b908a"},"headline":"S\u00e3o Jo\u00e3o do Cariri confirma seu primeiro caso de Covid-19","datePublished":"2020-05-22T01:17:06+00:00","dateModified":"2020-05-22T01:29:23+00:00","mainEntityOfPage":{"@id":"https:\/\/noticiasemdestaque.com\/cd\/?p=25025"},"wordCount":104,"publisher":{"@id":"https:\/\/noticiasemdestaque.com\/cd\/#organization"},"image":{"@id":"https:\/\/noticiasemdestaque.com\/cd\/?p=25025#primaryimage"},"thumbnailUrl":"https:\/\/noticiasemdestaque.com\/cd\/wp-content\/uploads\/2020\/05\/99299324_2631579887098789_3859935972758126592_n.jpg","articleSection":["Sa\u00fade"],"inLanguage":"pt-BR"},{"@type":"WebPage","@id":"https:\/\/noticiasemdestaque.com\/cd\/?p=25025","url":"https:\/\/noticiasemdestaque.com\/cd\/?p=25025","name":"S\u00e3o Jo\u00e3o do Cariri confirma seu primeiro caso de Covid-19 - Not&iacute;cias em Destaque","isPartOf":{"@id":"https:\/\/noticiasemdestaque.com\/cd\/#website"},"primaryImageOfPage":{"@id":"https:\/\/noticiasemdestaque.com\/cd\/?p=25025#primaryimage"},"image":{"@id":"https:\/\/noticiasemdestaque.com\/cd\/?p=25025#primaryimage"},"thumbnailUrl":"https:\/\/noticiasemdestaque.com\/cd\/wp-content\/uploads\/2020\/05\/99299324_2631579887098789_3859935972758126592_n.jpg","datePublished":"2020-05-22T01:17:06+00:00","dateModified":"2020-05-22T01:29:23+00:00","breadcrumb":{"@id":"https:\/\/noticiasemdestaque.com\/cd\/?p=25025#breadcrumb"},"inLanguage":"pt-BR","potentialAction":[{"@type":"ReadAction","target":["https:\/\/noticiasemdestaque.com\/cd\/?p=25025"]}]},{"@type":"ImageObject","inLanguage":"pt-BR","@id":"https:\/\/noticiasemdestaque.com\/cd\/?p=25025#primaryimage","url":"https:\/\/noticiasemdestaque.com\/cd\/wp-content\/uploads\/2020\/05\/99299324_2631579887098789_3859935972758126592_n.jpg","contentUrl":"https:\/\/noticiasemdestaque.com\/cd\/wp-content\/uploads\/2020\/05\/99299324_2631579887098789_3859935972758126592_n.jpg","width":960,"height":960},{"@type":"BreadcrumbList","@id":"https:\/\/noticiasemdestaque.com\/cd\/?p=25025#breadcrumb","itemListElement":[{"@type":"ListItem","position":1,"name":"In\u00edcio","item":"https:\/\/noticiasemdestaque.com\/cd\/"},{"@type":"ListItem","position":2,"name":"S\u00e3o Jo\u00e3o do Cariri confirma seu primeiro caso de Covid-19"}]},{"@type":"WebSite","@id":"https:\/\/noticiasemdestaque.com\/cd\/#website","url":"https:\/\/noticiasemdestaque.com\/cd\/","name":"Not&iacute;cias em Destaque","description":"","publisher":{"@id":"https:\/\/noticiasemdestaque.com\/cd\/#organization"},"potentialAction":[{"@type":"SearchAction","target":{"@type":"EntryPoint","urlTemplate":"https:\/\/noticiasemdestaque.com\/cd\/?s={search_term_string}"},"query-input":{"@type":"PropertyValueSpecification","valueRequired":true,"valueName":"search_term_string"}}],"inLanguage":"pt-BR"},{"@type":"Organization","@id":"https:\/\/noticiasemdestaque.com\/cd\/#organization","name":"Not\u00edcias em Destaque","url":"https:\/\/noticiasemdestaque.com\/cd\/","logo":{"@type":"ImageObject","inLanguage":"pt-BR","@id":"https:\/\/noticiasemdestaque.com\/cd\/#\/schema\/logo\/image\/","url":"https:\/\/noticiasemdestaque.com\/cd\/wp-content\/uploads\/2022\/05\/imagem-base-noticiasemdestaque.png","contentUrl":"https:\/\/noticiasemdestaque.com\/cd\/wp-content\/uploads\/2022\/05\/imagem-base-noticiasemdestaque.png","width":1200,"height":630,"caption":"Not\u00edcias em Destaque"},"image":{"@id":"https:\/\/noticiasemdestaque.com\/cd\/#\/schema\/logo\/image\/"}},{"@type":"Person","@id":"https:\/\/noticiasemdestaque.com\/cd\/#\/schema\/person\/21320b03a7e8bb90128938dafc9b908a","name":"Not\u00edcias em Destaque","url":"https:\/\/noticiasemdestaque.com\/cd\/?author=2"}]}},"jetpack_featured_media_url":"https:\/\/noticiasemdestaque.com\/cd\/wp-content\/uploads\/2020\/05\/99299324_2631579887098789_3859935972758126592_n.jpg","jetpack_sharing_enabled":true,"_links":{"self":[{"href":"https:\/\/noticiasemdestaque.com\/cd\/index.php?rest_route=\/wp\/v2\/posts\/25025","targetHints":{"allow":["GET"]}}],"collection":[{"href":"https:\/\/noticiasemdestaque.com\/cd\/index.php?rest_route=\/wp\/v2\/posts"}],"about":[{"href":"https:\/\/noticiasemdestaque.com\/cd\/index.php?rest_route=\/wp\/v2\/types\/post"}],"author":[{"embeddable":true,"href":"https:\/\/noticiasemdestaque.com\/cd\/index.php?rest_route=\/wp\/v2\/users\/2"}],"replies":[{"embeddable":true,"href":"https:\/\/noticiasemdestaque.com\/cd\/index.php?rest_route=%2Fwp%2Fv2%2Fcomments&post=25025"}],"version-history":[{"count":2,"href":"https:\/\/noticiasemdestaque.com\/cd\/index.php?rest_route=\/wp\/v2\/posts\/25025\/revisions"}],"predecessor-version":[{"id":25028,"href":"https:\/\/noticiasemdestaque.com\/cd\/index.php?rest_route=\/wp\/v2\/posts\/25025\/revisions\/25028"}],"wp:featuredmedia":[{"embeddable":true,"href":"https:\/\/noticiasemdestaque.com\/cd\/index.php?rest_route=\/wp\/v2\/media\/25026"}],"wp:attachment":[{"href":"https:\/\/noticiasemdestaque.com\/cd\/index.php?rest_route=%2Fwp%2Fv2%2Fmedia&parent=25025"}],"wp:term":[{"taxonomy":"category","embeddable":true,"href":"https:\/\/noticiasemdestaque.com\/cd\/index.php?rest_route=%2Fwp%2Fv2%2Fcategories&post=25025"},{"taxonomy":"post_tag","embeddable":true,"href":"https:\/\/noticiasemdestaque.com\/cd\/index.php?rest_route=%2Fwp%2Fv2%2Ftags&post=25025"}],"curies":[{"name":"wp","href":"https:\/\/api.w.org\/{rel}","templated":true}]}}