{"id":25020,"date":"2020-05-21T20:41:58","date_gmt":"2020-05-21T23:41:58","guid":{"rendered":"http:\/\/noticiasemdestaque.com\/cd\/?p=25020"},"modified":"2020-05-21T20:41:58","modified_gmt":"2020-05-21T23:41:58","slug":"governo-federal-suspende-temporariamente-alteracoes-cadastrais-de-beneficiarios-do-bolsa-familia","status":"publish","type":"post","link":"https:\/\/noticiasemdestaque.com\/cd\/?p=25020","title":{"rendered":"Governo Federal suspende temporariamente altera\u00e7\u00f5es cadastrais de benefici\u00e1rios do Bolsa Fam\u00edlia"},"content":{"rendered":"<p><a href=\"https:\/\/noticiasemdestaque.com\/cd\/wp-content\/uploads\/2020\/03\/bolsa-familia-550x352.jpg\"><img fetchpriority=\"high\" decoding=\"async\" class=\"size-full wp-image-23555 aligncenter\" src=\"https:\/\/noticiasemdestaque.com\/cd\/wp-content\/uploads\/2020\/03\/bolsa-familia-550x352.jpg\" alt=\"\" width=\"550\" height=\"352\" srcset=\"https:\/\/noticiasemdestaque.com\/cd\/wp-content\/uploads\/2020\/03\/bolsa-familia-550x352.jpg 550w, https:\/\/noticiasemdestaque.com\/cd\/wp-content\/uploads\/2020\/03\/bolsa-familia-550x352-300x192.jpg 300w\" sizes=\"(max-width: 550px) 100vw, 550px\" \/><\/a><\/p>\n<p>O governo federal determinou a suspens\u00e3o\u00a0<strong>das atualiza\u00e7\u00f5es cadastrais de benefici\u00e1rios do Bolsa Fam\u00edlia<\/strong>\u00a0enquanto o aux\u00edlio emergencial de R$ 600 estiver sendo pago. Tamb\u00e9m est\u00e3o paralisadas \u201ca\u00e7\u00f5es de administra\u00e7\u00e3o de benef\u00edcios\u201d, como o bloqueio ou suspens\u00e3o do pagamento. A medida consta na \u00a0Portaria \u00a0n\u00b0 387, de 15 de maio de 2020, do Minist\u00e9rio da Cidadania, publicada no Di\u00e1rio Oficial da Uni\u00e3o (DOU) de segunda-feira, 18.<\/p>\n<p>Ao determinar as suspens\u00f5es, o Minist\u00e9rio da Cidadania afirma considerar a necessidade de evitar aglomera\u00e7\u00f5es de pessoas que poderiam expor ao coronav\u00edrus os integrantes de fam\u00edlias benefici\u00e1rias do Bolsa Fam\u00edlia e os cidad\u00e3os que trabalham em unidades de cadastramento.<\/p>\n<p>O governo destaca ainda que as opera\u00e7\u00f5es do Bolsa Fam\u00edlia e do Cadastro \u00danico est\u00e3o prejudicadas por situa\u00e7\u00f5es como suspens\u00e3o de aulas, direcionamento de unidades de sa\u00fade para atender aos infectados pela covid-19, e pelo fechamento dos Centros de Refer\u00eancia de Assist\u00eancia Social (CRAS) e demais postos de cadastramento para recebimento do benef\u00edcio.<\/p>\n<p>Na portaria, o governo n\u00e3o fixa uma data para o fim da suspens\u00e3o. O texto diz apenas que as mudan\u00e7as valer\u00e3o enquanto o aux\u00edlio emergencial for pago. A medida vale para todos os munic\u00edpios.<\/p>\n<p><em>\u00a0<\/em><em>Com informa\u00e7\u00f5es do Minist\u00e9rio da Cidadania<\/em><\/p>\n","protected":false},"excerpt":{"rendered":"<p>O governo federal determinou a suspens\u00e3o\u00a0das atualiza\u00e7\u00f5es cadastrais de benefici\u00e1rios do Bolsa Fam\u00edlia\u00a0enquanto o aux\u00edlio emergencial de R$ 600 estiver sendo pago. Tamb\u00e9m est\u00e3o paralisadas \u201ca\u00e7\u00f5es de administra\u00e7\u00e3o de benef\u00edcios\u201d, como o bloqueio ou suspens\u00e3o do pagamento. A medida consta na \u00a0Portaria \u00a0n\u00b0 387, de 15 de maio de 2020, do Minist\u00e9rio da Cidadania, publicada no Di\u00e1rio Oficial da Uni\u00e3o (DOU) de segunda-feira, 18. Ao determinar as suspens\u00f5es, o Minist\u00e9rio da Cidadania afirma considerar a necessidade de evitar aglomera\u00e7\u00f5es de pessoas que poderiam expor ao coronav\u00edrus os integrantes de fam\u00edlias benefici\u00e1rias do Bolsa Fam\u00edlia e os cidad\u00e3os que trabalham em unidades de cadastramento. O governo destaca ainda que as opera\u00e7\u00f5es do Bolsa Fam\u00edlia e do Cadastro \u00danico est\u00e3o prejudicadas por situa\u00e7\u00f5es como suspens\u00e3o de aulas, direcionamento de unidades de sa\u00fade para atender aos infectados pela covid-19, e pelo fechamento dos Centros de Refer\u00eancia de Assist\u00eancia Social (CRAS) e demais postos de cadastramento para recebimento do benef\u00edcio. Na portaria, o governo n\u00e3o fixa uma data para o fim da suspens\u00e3o. O texto diz apenas que as mudan\u00e7as valer\u00e3o enquanto o aux\u00edlio emergencial for pago. A medida vale para todos os munic\u00edpios. \u00a0Com informa\u00e7\u00f5es do Minist\u00e9rio da Cidadania<\/p>\n","protected":false},"author":2,"featured_media":4627,"comment_status":"closed","ping_status":"open","sticky":false,"template":"","format":"standard","meta":{"_eb_attr":"","_jetpack_memberships_contains_paid_content":false,"footnotes":""},"categories":[12],"tags":[],"class_list":["post-25020","post","type-post","status-publish","format-standard","has-post-thumbnail","hentry","category-geral"],"yoast_head":"<!-- This site is optimized with the Yoast SEO plugin v26.5 - https:\/\/yoast.com\/wordpress\/plugins\/seo\/ -->\n<title>Governo Federal suspende temporariamente altera\u00e7\u00f5es cadastrais de benefici\u00e1rios do Bolsa Fam\u00edlia - Not&iacute;cias em Destaque<\/title>\n<meta name=\"robots\" content=\"index, follow, max-snippet:-1, max-image-preview:large, max-video-preview:-1\" \/>\n<link rel=\"canonical\" href=\"https:\/\/noticiasemdestaque.com\/cd\/?p=25020\" \/>\n<meta property=\"og:locale\" content=\"pt_BR\" \/>\n<meta property=\"og:type\" content=\"article\" \/>\n<meta property=\"og:title\" content=\"Governo Federal suspende temporariamente altera\u00e7\u00f5es cadastrais de benefici\u00e1rios do Bolsa Fam\u00edlia - Not&iacute;cias em Destaque\" \/>\n<meta property=\"og:description\" content=\"O governo federal determinou a suspens\u00e3o\u00a0das atualiza\u00e7\u00f5es cadastrais de benefici\u00e1rios do Bolsa Fam\u00edlia\u00a0enquanto o aux\u00edlio emergencial de R$ 600 estiver sendo pago. Tamb\u00e9m est\u00e3o paralisadas \u201ca\u00e7\u00f5es de administra\u00e7\u00e3o de benef\u00edcios\u201d, como o bloqueio ou suspens\u00e3o do pagamento. A medida consta na \u00a0Portaria \u00a0n\u00b0 387, de 15 de maio de 2020, do Minist\u00e9rio da Cidadania, publicada no Di\u00e1rio Oficial da Uni\u00e3o (DOU) de segunda-feira, 18. Ao determinar as suspens\u00f5es, o Minist\u00e9rio da Cidadania afirma considerar a necessidade de evitar aglomera\u00e7\u00f5es de pessoas que poderiam expor ao coronav\u00edrus os integrantes de fam\u00edlias benefici\u00e1rias do Bolsa Fam\u00edlia e os cidad\u00e3os que trabalham em unidades de cadastramento. O governo destaca ainda que as opera\u00e7\u00f5es do Bolsa Fam\u00edlia e do Cadastro \u00danico est\u00e3o prejudicadas por situa\u00e7\u00f5es como suspens\u00e3o de aulas, direcionamento de unidades de sa\u00fade para atender aos infectados pela covid-19, e pelo fechamento dos Centros de Refer\u00eancia de Assist\u00eancia Social (CRAS) e demais postos de cadastramento para recebimento do benef\u00edcio. Na portaria, o governo n\u00e3o fixa uma data para o fim da suspens\u00e3o. O texto diz apenas que as mudan\u00e7as valer\u00e3o enquanto o aux\u00edlio emergencial for pago. A medida vale para todos os munic\u00edpios. \u00a0Com informa\u00e7\u00f5es do Minist\u00e9rio da Cidadania\" \/>\n<meta property=\"og:url\" content=\"https:\/\/noticiasemdestaque.com\/cd\/?p=25020\" \/>\n<meta property=\"og:site_name\" content=\"Not&iacute;cias em Destaque\" \/>\n<meta property=\"article:published_time\" content=\"2020-05-21T23:41:58+00:00\" \/>\n<meta property=\"og:image\" content=\"https:\/\/noticiasemdestaque.com\/cd\/wp-content\/uploads\/2017\/09\/bolsa_familia.jpg\" \/>\n\t<meta property=\"og:image:width\" content=\"876\" \/>\n\t<meta property=\"og:image:height\" content=\"585\" \/>\n\t<meta property=\"og:image:type\" content=\"image\/jpeg\" \/>\n<meta name=\"author\" content=\"Not\u00edcias em Destaque\" \/>\n<meta name=\"twitter:card\" content=\"summary_large_image\" \/>\n<meta name=\"twitter:label1\" content=\"Escrito por\" \/>\n\t<meta name=\"twitter:data1\" content=\"Not\u00edcias em Destaque\" \/>\n\t<meta name=\"twitter:label2\" content=\"Est. tempo de leitura\" \/>\n\t<meta name=\"twitter:data2\" content=\"1 minuto\" \/>\n<script type=\"application\/ld+json\" class=\"yoast-schema-graph\">{\"@context\":\"https:\/\/schema.org\",\"@graph\":[{\"@type\":\"Article\",\"@id\":\"https:\/\/noticiasemdestaque.com\/cd\/?p=25020#article\",\"isPartOf\":{\"@id\":\"https:\/\/noticiasemdestaque.com\/cd\/?p=25020\"},\"author\":{\"name\":\"Not\u00edcias em Destaque\",\"@id\":\"https:\/\/noticiasemdestaque.com\/cd\/#\/schema\/person\/21320b03a7e8bb90128938dafc9b908a\"},\"headline\":\"Governo Federal suspende temporariamente altera\u00e7\u00f5es cadastrais de benefici\u00e1rios do Bolsa Fam\u00edlia\",\"datePublished\":\"2020-05-21T23:41:58+00:00\",\"mainEntityOfPage\":{\"@id\":\"https:\/\/noticiasemdestaque.com\/cd\/?p=25020\"},\"wordCount\":246,\"publisher\":{\"@id\":\"https:\/\/noticiasemdestaque.com\/cd\/#organization\"},\"image\":{\"@id\":\"https:\/\/noticiasemdestaque.com\/cd\/?p=25020#primaryimage\"},\"thumbnailUrl\":\"https:\/\/noticiasemdestaque.com\/cd\/wp-content\/uploads\/2017\/09\/bolsa_familia.jpg\",\"articleSection\":[\"Geral\"],\"inLanguage\":\"pt-BR\"},{\"@type\":\"WebPage\",\"@id\":\"https:\/\/noticiasemdestaque.com\/cd\/?p=25020\",\"url\":\"https:\/\/noticiasemdestaque.com\/cd\/?p=25020\",\"name\":\"Governo Federal suspende temporariamente altera\u00e7\u00f5es cadastrais de benefici\u00e1rios do Bolsa Fam\u00edlia - Not&iacute;cias em Destaque\",\"isPartOf\":{\"@id\":\"https:\/\/noticiasemdestaque.com\/cd\/#website\"},\"primaryImageOfPage\":{\"@id\":\"https:\/\/noticiasemdestaque.com\/cd\/?p=25020#primaryimage\"},\"image\":{\"@id\":\"https:\/\/noticiasemdestaque.com\/cd\/?p=25020#primaryimage\"},\"thumbnailUrl\":\"https:\/\/noticiasemdestaque.com\/cd\/wp-content\/uploads\/2017\/09\/bolsa_familia.jpg\",\"datePublished\":\"2020-05-21T23:41:58+00:00\",\"breadcrumb\":{\"@id\":\"https:\/\/noticiasemdestaque.com\/cd\/?p=25020#breadcrumb\"},\"inLanguage\":\"pt-BR\",\"potentialAction\":[{\"@type\":\"ReadAction\",\"target\":[\"https:\/\/noticiasemdestaque.com\/cd\/?p=25020\"]}]},{\"@type\":\"ImageObject\",\"inLanguage\":\"pt-BR\",\"@id\":\"https:\/\/noticiasemdestaque.com\/cd\/?p=25020#primaryimage\",\"url\":\"https:\/\/noticiasemdestaque.com\/cd\/wp-content\/uploads\/2017\/09\/bolsa_familia.jpg\",\"contentUrl\":\"https:\/\/noticiasemdestaque.com\/cd\/wp-content\/uploads\/2017\/09\/bolsa_familia.jpg\",\"width\":876,\"height\":585},{\"@type\":\"BreadcrumbList\",\"@id\":\"https:\/\/noticiasemdestaque.com\/cd\/?p=25020#breadcrumb\",\"itemListElement\":[{\"@type\":\"ListItem\",\"position\":1,\"name\":\"In\u00edcio\",\"item\":\"https:\/\/noticiasemdestaque.com\/cd\/\"},{\"@type\":\"ListItem\",\"position\":2,\"name\":\"Governo Federal suspende temporariamente altera\u00e7\u00f5es cadastrais de benefici\u00e1rios do Bolsa Fam\u00edlia\"}]},{\"@type\":\"WebSite\",\"@id\":\"https:\/\/noticiasemdestaque.com\/cd\/#website\",\"url\":\"https:\/\/noticiasemdestaque.com\/cd\/\",\"name\":\"Not&iacute;cias em Destaque\",\"description\":\"\",\"publisher\":{\"@id\":\"https:\/\/noticiasemdestaque.com\/cd\/#organization\"},\"potentialAction\":[{\"@type\":\"SearchAction\",\"target\":{\"@type\":\"EntryPoint\",\"urlTemplate\":\"https:\/\/noticiasemdestaque.com\/cd\/?s={search_term_string}\"},\"query-input\":{\"@type\":\"PropertyValueSpecification\",\"valueRequired\":true,\"valueName\":\"search_term_string\"}}],\"inLanguage\":\"pt-BR\"},{\"@type\":\"Organization\",\"@id\":\"https:\/\/noticiasemdestaque.com\/cd\/#organization\",\"name\":\"Not\u00edcias em Destaque\",\"url\":\"https:\/\/noticiasemdestaque.com\/cd\/\",\"logo\":{\"@type\":\"ImageObject\",\"inLanguage\":\"pt-BR\",\"@id\":\"https:\/\/noticiasemdestaque.com\/cd\/#\/schema\/logo\/image\/\",\"url\":\"https:\/\/noticiasemdestaque.com\/cd\/wp-content\/uploads\/2022\/05\/imagem-base-noticiasemdestaque.png\",\"contentUrl\":\"https:\/\/noticiasemdestaque.com\/cd\/wp-content\/uploads\/2022\/05\/imagem-base-noticiasemdestaque.png\",\"width\":1200,\"height\":630,\"caption\":\"Not\u00edcias em Destaque\"},\"image\":{\"@id\":\"https:\/\/noticiasemdestaque.com\/cd\/#\/schema\/logo\/image\/\"}},{\"@type\":\"Person\",\"@id\":\"https:\/\/noticiasemdestaque.com\/cd\/#\/schema\/person\/21320b03a7e8bb90128938dafc9b908a\",\"name\":\"Not\u00edcias em Destaque\",\"url\":\"https:\/\/noticiasemdestaque.com\/cd\/?author=2\"}]}<\/script>\n<!-- \/ Yoast SEO plugin. -->","yoast_head_json":{"title":"Governo Federal suspende temporariamente altera\u00e7\u00f5es cadastrais de benefici\u00e1rios do Bolsa Fam\u00edlia - Not&iacute;cias em Destaque","robots":{"index":"index","follow":"follow","max-snippet":"max-snippet:-1","max-image-preview":"max-image-preview:large","max-video-preview":"max-video-preview:-1"},"canonical":"https:\/\/noticiasemdestaque.com\/cd\/?p=25020","og_locale":"pt_BR","og_type":"article","og_title":"Governo Federal suspende temporariamente altera\u00e7\u00f5es cadastrais de benefici\u00e1rios do Bolsa Fam\u00edlia - Not&iacute;cias em Destaque","og_description":"O governo federal determinou a suspens\u00e3o\u00a0das atualiza\u00e7\u00f5es cadastrais de benefici\u00e1rios do Bolsa Fam\u00edlia\u00a0enquanto o aux\u00edlio emergencial de R$ 600 estiver sendo pago. Tamb\u00e9m est\u00e3o paralisadas \u201ca\u00e7\u00f5es de administra\u00e7\u00e3o de benef\u00edcios\u201d, como o bloqueio ou suspens\u00e3o do pagamento. A medida consta na \u00a0Portaria \u00a0n\u00b0 387, de 15 de maio de 2020, do Minist\u00e9rio da Cidadania, publicada no Di\u00e1rio Oficial da Uni\u00e3o (DOU) de segunda-feira, 18. Ao determinar as suspens\u00f5es, o Minist\u00e9rio da Cidadania afirma considerar a necessidade de evitar aglomera\u00e7\u00f5es de pessoas que poderiam expor ao coronav\u00edrus os integrantes de fam\u00edlias benefici\u00e1rias do Bolsa Fam\u00edlia e os cidad\u00e3os que trabalham em unidades de cadastramento. O governo destaca ainda que as opera\u00e7\u00f5es do Bolsa Fam\u00edlia e do Cadastro \u00danico est\u00e3o prejudicadas por situa\u00e7\u00f5es como suspens\u00e3o de aulas, direcionamento de unidades de sa\u00fade para atender aos infectados pela covid-19, e pelo fechamento dos Centros de Refer\u00eancia de Assist\u00eancia Social (CRAS) e demais postos de cadastramento para recebimento do benef\u00edcio. Na portaria, o governo n\u00e3o fixa uma data para o fim da suspens\u00e3o. O texto diz apenas que as mudan\u00e7as valer\u00e3o enquanto o aux\u00edlio emergencial for pago. A medida vale para todos os munic\u00edpios. \u00a0Com informa\u00e7\u00f5es do Minist\u00e9rio da Cidadania","og_url":"https:\/\/noticiasemdestaque.com\/cd\/?p=25020","og_site_name":"Not&iacute;cias em Destaque","article_published_time":"2020-05-21T23:41:58+00:00","og_image":[{"width":876,"height":585,"url":"https:\/\/noticiasemdestaque.com\/cd\/wp-content\/uploads\/2017\/09\/bolsa_familia.jpg","type":"image\/jpeg"}],"author":"Not\u00edcias em Destaque","twitter_card":"summary_large_image","twitter_misc":{"Escrito por":"Not\u00edcias em Destaque","Est. tempo de leitura":"1 minuto"},"schema":{"@context":"https:\/\/schema.org","@graph":[{"@type":"Article","@id":"https:\/\/noticiasemdestaque.com\/cd\/?p=25020#article","isPartOf":{"@id":"https:\/\/noticiasemdestaque.com\/cd\/?p=25020"},"author":{"name":"Not\u00edcias em Destaque","@id":"https:\/\/noticiasemdestaque.com\/cd\/#\/schema\/person\/21320b03a7e8bb90128938dafc9b908a"},"headline":"Governo Federal suspende temporariamente altera\u00e7\u00f5es cadastrais de benefici\u00e1rios do Bolsa Fam\u00edlia","datePublished":"2020-05-21T23:41:58+00:00","mainEntityOfPage":{"@id":"https:\/\/noticiasemdestaque.com\/cd\/?p=25020"},"wordCount":246,"publisher":{"@id":"https:\/\/noticiasemdestaque.com\/cd\/#organization"},"image":{"@id":"https:\/\/noticiasemdestaque.com\/cd\/?p=25020#primaryimage"},"thumbnailUrl":"https:\/\/noticiasemdestaque.com\/cd\/wp-content\/uploads\/2017\/09\/bolsa_familia.jpg","articleSection":["Geral"],"inLanguage":"pt-BR"},{"@type":"WebPage","@id":"https:\/\/noticiasemdestaque.com\/cd\/?p=25020","url":"https:\/\/noticiasemdestaque.com\/cd\/?p=25020","name":"Governo Federal suspende temporariamente altera\u00e7\u00f5es cadastrais de benefici\u00e1rios do Bolsa Fam\u00edlia - Not&iacute;cias em Destaque","isPartOf":{"@id":"https:\/\/noticiasemdestaque.com\/cd\/#website"},"primaryImageOfPage":{"@id":"https:\/\/noticiasemdestaque.com\/cd\/?p=25020#primaryimage"},"image":{"@id":"https:\/\/noticiasemdestaque.com\/cd\/?p=25020#primaryimage"},"thumbnailUrl":"https:\/\/noticiasemdestaque.com\/cd\/wp-content\/uploads\/2017\/09\/bolsa_familia.jpg","datePublished":"2020-05-21T23:41:58+00:00","breadcrumb":{"@id":"https:\/\/noticiasemdestaque.com\/cd\/?p=25020#breadcrumb"},"inLanguage":"pt-BR","potentialAction":[{"@type":"ReadAction","target":["https:\/\/noticiasemdestaque.com\/cd\/?p=25020"]}]},{"@type":"ImageObject","inLanguage":"pt-BR","@id":"https:\/\/noticiasemdestaque.com\/cd\/?p=25020#primaryimage","url":"https:\/\/noticiasemdestaque.com\/cd\/wp-content\/uploads\/2017\/09\/bolsa_familia.jpg","contentUrl":"https:\/\/noticiasemdestaque.com\/cd\/wp-content\/uploads\/2017\/09\/bolsa_familia.jpg","width":876,"height":585},{"@type":"BreadcrumbList","@id":"https:\/\/noticiasemdestaque.com\/cd\/?p=25020#breadcrumb","itemListElement":[{"@type":"ListItem","position":1,"name":"In\u00edcio","item":"https:\/\/noticiasemdestaque.com\/cd\/"},{"@type":"ListItem","position":2,"name":"Governo Federal suspende temporariamente altera\u00e7\u00f5es cadastrais de benefici\u00e1rios do Bolsa Fam\u00edlia"}]},{"@type":"WebSite","@id":"https:\/\/noticiasemdestaque.com\/cd\/#website","url":"https:\/\/noticiasemdestaque.com\/cd\/","name":"Not&iacute;cias em Destaque","description":"","publisher":{"@id":"https:\/\/noticiasemdestaque.com\/cd\/#organization"},"potentialAction":[{"@type":"SearchAction","target":{"@type":"EntryPoint","urlTemplate":"https:\/\/noticiasemdestaque.com\/cd\/?s={search_term_string}"},"query-input":{"@type":"PropertyValueSpecification","valueRequired":true,"valueName":"search_term_string"}}],"inLanguage":"pt-BR"},{"@type":"Organization","@id":"https:\/\/noticiasemdestaque.com\/cd\/#organization","name":"Not\u00edcias em Destaque","url":"https:\/\/noticiasemdestaque.com\/cd\/","logo":{"@type":"ImageObject","inLanguage":"pt-BR","@id":"https:\/\/noticiasemdestaque.com\/cd\/#\/schema\/logo\/image\/","url":"https:\/\/noticiasemdestaque.com\/cd\/wp-content\/uploads\/2022\/05\/imagem-base-noticiasemdestaque.png","contentUrl":"https:\/\/noticiasemdestaque.com\/cd\/wp-content\/uploads\/2022\/05\/imagem-base-noticiasemdestaque.png","width":1200,"height":630,"caption":"Not\u00edcias em Destaque"},"image":{"@id":"https:\/\/noticiasemdestaque.com\/cd\/#\/schema\/logo\/image\/"}},{"@type":"Person","@id":"https:\/\/noticiasemdestaque.com\/cd\/#\/schema\/person\/21320b03a7e8bb90128938dafc9b908a","name":"Not\u00edcias em Destaque","url":"https:\/\/noticiasemdestaque.com\/cd\/?author=2"}]}},"jetpack_featured_media_url":"https:\/\/noticiasemdestaque.com\/cd\/wp-content\/uploads\/2017\/09\/bolsa_familia.jpg","jetpack_sharing_enabled":true,"_links":{"self":[{"href":"https:\/\/noticiasemdestaque.com\/cd\/index.php?rest_route=\/wp\/v2\/posts\/25020","targetHints":{"allow":["GET"]}}],"collection":[{"href":"https:\/\/noticiasemdestaque.com\/cd\/index.php?rest_route=\/wp\/v2\/posts"}],"about":[{"href":"https:\/\/noticiasemdestaque.com\/cd\/index.php?rest_route=\/wp\/v2\/types\/post"}],"author":[{"embeddable":true,"href":"https:\/\/noticiasemdestaque.com\/cd\/index.php?rest_route=\/wp\/v2\/users\/2"}],"replies":[{"embeddable":true,"href":"https:\/\/noticiasemdestaque.com\/cd\/index.php?rest_route=%2Fwp%2Fv2%2Fcomments&post=25020"}],"version-history":[{"count":1,"href":"https:\/\/noticiasemdestaque.com\/cd\/index.php?rest_route=\/wp\/v2\/posts\/25020\/revisions"}],"predecessor-version":[{"id":25021,"href":"https:\/\/noticiasemdestaque.com\/cd\/index.php?rest_route=\/wp\/v2\/posts\/25020\/revisions\/25021"}],"wp:featuredmedia":[{"embeddable":true,"href":"https:\/\/noticiasemdestaque.com\/cd\/index.php?rest_route=\/wp\/v2\/media\/4627"}],"wp:attachment":[{"href":"https:\/\/noticiasemdestaque.com\/cd\/index.php?rest_route=%2Fwp%2Fv2%2Fmedia&parent=25020"}],"wp:term":[{"taxonomy":"category","embeddable":true,"href":"https:\/\/noticiasemdestaque.com\/cd\/index.php?rest_route=%2Fwp%2Fv2%2Fcategories&post=25020"},{"taxonomy":"post_tag","embeddable":true,"href":"https:\/\/noticiasemdestaque.com\/cd\/index.php?rest_route=%2Fwp%2Fv2%2Ftags&post=25020"}],"curies":[{"name":"wp","href":"https:\/\/api.w.org\/{rel}","templated":true}]}}