{"id":25017,"date":"2020-05-21T20:32:51","date_gmt":"2020-05-21T23:32:51","guid":{"rendered":"http:\/\/noticiasemdestaque.com\/cd\/?p=25017"},"modified":"2020-05-21T20:32:51","modified_gmt":"2020-05-21T23:32:51","slug":"prefeitura-de-amparo-contrata-empresa-para-fazer-desinfeccao-das-ruas-devido-ao-covid-19","status":"publish","type":"post","link":"https:\/\/noticiasemdestaque.com\/cd\/?p=25017","title":{"rendered":"Prefeitura de Amparo contrata empresa para fazer desinfec\u00e7\u00e3o das ruas devido ao Covid-19"},"content":{"rendered":"<p><a href=\"https:\/\/noticiasemdestaque.com\/cd\/wp-content\/uploads\/2020\/05\/DESINFEC\u00c7\u00c3O-DAS-RUAS-30.jpg\"><img fetchpriority=\"high\" decoding=\"async\" class=\"size-full wp-image-25018 aligncenter\" src=\"https:\/\/noticiasemdestaque.com\/cd\/wp-content\/uploads\/2020\/05\/DESINFEC\u00c7\u00c3O-DAS-RUAS-30.jpg\" alt=\"\" width=\"640\" height=\"424\" srcset=\"https:\/\/noticiasemdestaque.com\/cd\/wp-content\/uploads\/2020\/05\/DESINFEC\u00c7\u00c3O-DAS-RUAS-30.jpg 640w, https:\/\/noticiasemdestaque.com\/cd\/wp-content\/uploads\/2020\/05\/DESINFEC\u00c7\u00c3O-DAS-RUAS-30-300x199.jpg 300w\" sizes=\"(max-width: 640px) 100vw, 640px\" \/><\/a><\/p>\n<p>A Prefeitura de Amparo vem se mostrando cada vez mais preocupada com a sa\u00fade da popula\u00e7\u00e3o, e tendo em vista o aumento nos casos do Covid-19, a gest\u00e3o do Prefeito In\u00e1cio N\u00f3brega contratou uma empresa especializada para fazer a desinfec\u00e7\u00e3o das ruas da cidade.<\/p>\n<p style=\"font-weight: 400;\">Todas as cal\u00e7adas e ruas da cidade foram desinfetadas, a empresa utilizou um Carro Pipa para fazer a lavagem principal, al\u00e9m de v\u00e1rios funcion\u00e1rios.<\/p>\n<p style=\"font-weight: 400;\">A empresa esteve fazendo a desinfec\u00e7\u00e3o durante toda a tarde desta quarta-feira (20) e continuar\u00e1 na quinta-feira (21).<\/p>\n<p>Com Amparo Ligado<\/p>\n","protected":false},"excerpt":{"rendered":"<p>A Prefeitura de Amparo vem se mostrando cada vez mais preocupada com a sa\u00fade da popula\u00e7\u00e3o, e tendo em vista o aumento nos casos do Covid-19, a gest\u00e3o do Prefeito In\u00e1cio N\u00f3brega contratou uma empresa especializada para fazer a desinfec\u00e7\u00e3o das ruas da cidade. Todas as cal\u00e7adas e ruas da cidade foram desinfetadas, a empresa utilizou um Carro Pipa para fazer a lavagem principal, al\u00e9m de v\u00e1rios funcion\u00e1rios. A empresa esteve fazendo a desinfec\u00e7\u00e3o durante toda a tarde desta quarta-feira (20) e continuar\u00e1 na quinta-feira (21). Com Amparo Ligado<\/p>\n","protected":false},"author":2,"featured_media":25018,"comment_status":"closed","ping_status":"open","sticky":false,"template":"","format":"standard","meta":{"_eb_attr":"","_jetpack_memberships_contains_paid_content":false,"footnotes":""},"categories":[12],"tags":[],"class_list":["post-25017","post","type-post","status-publish","format-standard","has-post-thumbnail","hentry","category-geral"],"yoast_head":"<!-- This site is optimized with the Yoast SEO plugin v26.5 - https:\/\/yoast.com\/wordpress\/plugins\/seo\/ -->\n<title>Prefeitura de Amparo contrata empresa para fazer desinfec\u00e7\u00e3o das ruas devido ao Covid-19 - Not&iacute;cias em Destaque<\/title>\n<meta name=\"robots\" content=\"index, follow, max-snippet:-1, max-image-preview:large, max-video-preview:-1\" \/>\n<link rel=\"canonical\" href=\"https:\/\/noticiasemdestaque.com\/cd\/?p=25017\" \/>\n<meta property=\"og:locale\" content=\"pt_BR\" \/>\n<meta property=\"og:type\" content=\"article\" \/>\n<meta property=\"og:title\" content=\"Prefeitura de Amparo contrata empresa para fazer desinfec\u00e7\u00e3o das ruas devido ao Covid-19 - Not&iacute;cias em Destaque\" \/>\n<meta property=\"og:description\" content=\"A Prefeitura de Amparo vem se mostrando cada vez mais preocupada com a sa\u00fade da popula\u00e7\u00e3o, e tendo em vista o aumento nos casos do Covid-19, a gest\u00e3o do Prefeito In\u00e1cio N\u00f3brega contratou uma empresa especializada para fazer a desinfec\u00e7\u00e3o das ruas da cidade. Todas as cal\u00e7adas e ruas da cidade foram desinfetadas, a empresa utilizou um Carro Pipa para fazer a lavagem principal, al\u00e9m de v\u00e1rios funcion\u00e1rios. A empresa esteve fazendo a desinfec\u00e7\u00e3o durante toda a tarde desta quarta-feira (20) e continuar\u00e1 na quinta-feira (21). Com Amparo Ligado\" \/>\n<meta property=\"og:url\" content=\"https:\/\/noticiasemdestaque.com\/cd\/?p=25017\" \/>\n<meta property=\"og:site_name\" content=\"Not&iacute;cias em Destaque\" \/>\n<meta property=\"article:published_time\" content=\"2020-05-21T23:32:51+00:00\" \/>\n<meta property=\"og:image\" content=\"https:\/\/noticiasemdestaque.com\/cd\/wp-content\/uploads\/2020\/05\/DESINFEC\u00c7\u00c3O-DAS-RUAS-30.jpg\" \/>\n\t<meta property=\"og:image:width\" content=\"640\" \/>\n\t<meta property=\"og:image:height\" content=\"424\" \/>\n\t<meta property=\"og:image:type\" content=\"image\/jpeg\" \/>\n<meta name=\"author\" content=\"Not\u00edcias em Destaque\" \/>\n<meta name=\"twitter:card\" content=\"summary_large_image\" \/>\n<meta name=\"twitter:label1\" content=\"Escrito por\" \/>\n\t<meta name=\"twitter:data1\" content=\"Not\u00edcias em Destaque\" \/>\n<script type=\"application\/ld+json\" class=\"yoast-schema-graph\">{\"@context\":\"https:\/\/schema.org\",\"@graph\":[{\"@type\":\"Article\",\"@id\":\"https:\/\/noticiasemdestaque.com\/cd\/?p=25017#article\",\"isPartOf\":{\"@id\":\"https:\/\/noticiasemdestaque.com\/cd\/?p=25017\"},\"author\":{\"name\":\"Not\u00edcias em Destaque\",\"@id\":\"https:\/\/noticiasemdestaque.com\/cd\/#\/schema\/person\/21320b03a7e8bb90128938dafc9b908a\"},\"headline\":\"Prefeitura de Amparo contrata empresa para fazer desinfec\u00e7\u00e3o das ruas devido ao Covid-19\",\"datePublished\":\"2020-05-21T23:32:51+00:00\",\"mainEntityOfPage\":{\"@id\":\"https:\/\/noticiasemdestaque.com\/cd\/?p=25017\"},\"wordCount\":112,\"publisher\":{\"@id\":\"https:\/\/noticiasemdestaque.com\/cd\/#organization\"},\"image\":{\"@id\":\"https:\/\/noticiasemdestaque.com\/cd\/?p=25017#primaryimage\"},\"thumbnailUrl\":\"https:\/\/noticiasemdestaque.com\/cd\/wp-content\/uploads\/2020\/05\/DESINFEC\u00c7\u00c3O-DAS-RUAS-30.jpg\",\"articleSection\":[\"Geral\"],\"inLanguage\":\"pt-BR\"},{\"@type\":\"WebPage\",\"@id\":\"https:\/\/noticiasemdestaque.com\/cd\/?p=25017\",\"url\":\"https:\/\/noticiasemdestaque.com\/cd\/?p=25017\",\"name\":\"Prefeitura de Amparo contrata empresa para fazer desinfec\u00e7\u00e3o das ruas devido ao Covid-19 - Not&iacute;cias em Destaque\",\"isPartOf\":{\"@id\":\"https:\/\/noticiasemdestaque.com\/cd\/#website\"},\"primaryImageOfPage\":{\"@id\":\"https:\/\/noticiasemdestaque.com\/cd\/?p=25017#primaryimage\"},\"image\":{\"@id\":\"https:\/\/noticiasemdestaque.com\/cd\/?p=25017#primaryimage\"},\"thumbnailUrl\":\"https:\/\/noticiasemdestaque.com\/cd\/wp-content\/uploads\/2020\/05\/DESINFEC\u00c7\u00c3O-DAS-RUAS-30.jpg\",\"datePublished\":\"2020-05-21T23:32:51+00:00\",\"breadcrumb\":{\"@id\":\"https:\/\/noticiasemdestaque.com\/cd\/?p=25017#breadcrumb\"},\"inLanguage\":\"pt-BR\",\"potentialAction\":[{\"@type\":\"ReadAction\",\"target\":[\"https:\/\/noticiasemdestaque.com\/cd\/?p=25017\"]}]},{\"@type\":\"ImageObject\",\"inLanguage\":\"pt-BR\",\"@id\":\"https:\/\/noticiasemdestaque.com\/cd\/?p=25017#primaryimage\",\"url\":\"https:\/\/noticiasemdestaque.com\/cd\/wp-content\/uploads\/2020\/05\/DESINFEC\u00c7\u00c3O-DAS-RUAS-30.jpg\",\"contentUrl\":\"https:\/\/noticiasemdestaque.com\/cd\/wp-content\/uploads\/2020\/05\/DESINFEC\u00c7\u00c3O-DAS-RUAS-30.jpg\",\"width\":640,\"height\":424},{\"@type\":\"BreadcrumbList\",\"@id\":\"https:\/\/noticiasemdestaque.com\/cd\/?p=25017#breadcrumb\",\"itemListElement\":[{\"@type\":\"ListItem\",\"position\":1,\"name\":\"In\u00edcio\",\"item\":\"https:\/\/noticiasemdestaque.com\/cd\/\"},{\"@type\":\"ListItem\",\"position\":2,\"name\":\"Prefeitura de Amparo contrata empresa para fazer desinfec\u00e7\u00e3o das ruas devido ao Covid-19\"}]},{\"@type\":\"WebSite\",\"@id\":\"https:\/\/noticiasemdestaque.com\/cd\/#website\",\"url\":\"https:\/\/noticiasemdestaque.com\/cd\/\",\"name\":\"Not&iacute;cias em Destaque\",\"description\":\"\",\"publisher\":{\"@id\":\"https:\/\/noticiasemdestaque.com\/cd\/#organization\"},\"potentialAction\":[{\"@type\":\"SearchAction\",\"target\":{\"@type\":\"EntryPoint\",\"urlTemplate\":\"https:\/\/noticiasemdestaque.com\/cd\/?s={search_term_string}\"},\"query-input\":{\"@type\":\"PropertyValueSpecification\",\"valueRequired\":true,\"valueName\":\"search_term_string\"}}],\"inLanguage\":\"pt-BR\"},{\"@type\":\"Organization\",\"@id\":\"https:\/\/noticiasemdestaque.com\/cd\/#organization\",\"name\":\"Not\u00edcias em Destaque\",\"url\":\"https:\/\/noticiasemdestaque.com\/cd\/\",\"logo\":{\"@type\":\"ImageObject\",\"inLanguage\":\"pt-BR\",\"@id\":\"https:\/\/noticiasemdestaque.com\/cd\/#\/schema\/logo\/image\/\",\"url\":\"https:\/\/noticiasemdestaque.com\/cd\/wp-content\/uploads\/2022\/05\/imagem-base-noticiasemdestaque.png\",\"contentUrl\":\"https:\/\/noticiasemdestaque.com\/cd\/wp-content\/uploads\/2022\/05\/imagem-base-noticiasemdestaque.png\",\"width\":1200,\"height\":630,\"caption\":\"Not\u00edcias em Destaque\"},\"image\":{\"@id\":\"https:\/\/noticiasemdestaque.com\/cd\/#\/schema\/logo\/image\/\"}},{\"@type\":\"Person\",\"@id\":\"https:\/\/noticiasemdestaque.com\/cd\/#\/schema\/person\/21320b03a7e8bb90128938dafc9b908a\",\"name\":\"Not\u00edcias em Destaque\",\"url\":\"https:\/\/noticiasemdestaque.com\/cd\/?author=2\"}]}<\/script>\n<!-- \/ Yoast SEO plugin. -->","yoast_head_json":{"title":"Prefeitura de Amparo contrata empresa para fazer desinfec\u00e7\u00e3o das ruas devido ao Covid-19 - Not&iacute;cias em Destaque","robots":{"index":"index","follow":"follow","max-snippet":"max-snippet:-1","max-image-preview":"max-image-preview:large","max-video-preview":"max-video-preview:-1"},"canonical":"https:\/\/noticiasemdestaque.com\/cd\/?p=25017","og_locale":"pt_BR","og_type":"article","og_title":"Prefeitura de Amparo contrata empresa para fazer desinfec\u00e7\u00e3o das ruas devido ao Covid-19 - Not&iacute;cias em Destaque","og_description":"A Prefeitura de Amparo vem se mostrando cada vez mais preocupada com a sa\u00fade da popula\u00e7\u00e3o, e tendo em vista o aumento nos casos do Covid-19, a gest\u00e3o do Prefeito In\u00e1cio N\u00f3brega contratou uma empresa especializada para fazer a desinfec\u00e7\u00e3o das ruas da cidade. Todas as cal\u00e7adas e ruas da cidade foram desinfetadas, a empresa utilizou um Carro Pipa para fazer a lavagem principal, al\u00e9m de v\u00e1rios funcion\u00e1rios. A empresa esteve fazendo a desinfec\u00e7\u00e3o durante toda a tarde desta quarta-feira (20) e continuar\u00e1 na quinta-feira (21). Com Amparo Ligado","og_url":"https:\/\/noticiasemdestaque.com\/cd\/?p=25017","og_site_name":"Not&iacute;cias em Destaque","article_published_time":"2020-05-21T23:32:51+00:00","og_image":[{"width":640,"height":424,"url":"https:\/\/noticiasemdestaque.com\/cd\/wp-content\/uploads\/2020\/05\/DESINFEC\u00c7\u00c3O-DAS-RUAS-30.jpg","type":"image\/jpeg"}],"author":"Not\u00edcias em Destaque","twitter_card":"summary_large_image","twitter_misc":{"Escrito por":"Not\u00edcias em Destaque"},"schema":{"@context":"https:\/\/schema.org","@graph":[{"@type":"Article","@id":"https:\/\/noticiasemdestaque.com\/cd\/?p=25017#article","isPartOf":{"@id":"https:\/\/noticiasemdestaque.com\/cd\/?p=25017"},"author":{"name":"Not\u00edcias em Destaque","@id":"https:\/\/noticiasemdestaque.com\/cd\/#\/schema\/person\/21320b03a7e8bb90128938dafc9b908a"},"headline":"Prefeitura de Amparo contrata empresa para fazer desinfec\u00e7\u00e3o das ruas devido ao Covid-19","datePublished":"2020-05-21T23:32:51+00:00","mainEntityOfPage":{"@id":"https:\/\/noticiasemdestaque.com\/cd\/?p=25017"},"wordCount":112,"publisher":{"@id":"https:\/\/noticiasemdestaque.com\/cd\/#organization"},"image":{"@id":"https:\/\/noticiasemdestaque.com\/cd\/?p=25017#primaryimage"},"thumbnailUrl":"https:\/\/noticiasemdestaque.com\/cd\/wp-content\/uploads\/2020\/05\/DESINFEC\u00c7\u00c3O-DAS-RUAS-30.jpg","articleSection":["Geral"],"inLanguage":"pt-BR"},{"@type":"WebPage","@id":"https:\/\/noticiasemdestaque.com\/cd\/?p=25017","url":"https:\/\/noticiasemdestaque.com\/cd\/?p=25017","name":"Prefeitura de Amparo contrata empresa para fazer desinfec\u00e7\u00e3o das ruas devido ao Covid-19 - Not&iacute;cias em Destaque","isPartOf":{"@id":"https:\/\/noticiasemdestaque.com\/cd\/#website"},"primaryImageOfPage":{"@id":"https:\/\/noticiasemdestaque.com\/cd\/?p=25017#primaryimage"},"image":{"@id":"https:\/\/noticiasemdestaque.com\/cd\/?p=25017#primaryimage"},"thumbnailUrl":"https:\/\/noticiasemdestaque.com\/cd\/wp-content\/uploads\/2020\/05\/DESINFEC\u00c7\u00c3O-DAS-RUAS-30.jpg","datePublished":"2020-05-21T23:32:51+00:00","breadcrumb":{"@id":"https:\/\/noticiasemdestaque.com\/cd\/?p=25017#breadcrumb"},"inLanguage":"pt-BR","potentialAction":[{"@type":"ReadAction","target":["https:\/\/noticiasemdestaque.com\/cd\/?p=25017"]}]},{"@type":"ImageObject","inLanguage":"pt-BR","@id":"https:\/\/noticiasemdestaque.com\/cd\/?p=25017#primaryimage","url":"https:\/\/noticiasemdestaque.com\/cd\/wp-content\/uploads\/2020\/05\/DESINFEC\u00c7\u00c3O-DAS-RUAS-30.jpg","contentUrl":"https:\/\/noticiasemdestaque.com\/cd\/wp-content\/uploads\/2020\/05\/DESINFEC\u00c7\u00c3O-DAS-RUAS-30.jpg","width":640,"height":424},{"@type":"BreadcrumbList","@id":"https:\/\/noticiasemdestaque.com\/cd\/?p=25017#breadcrumb","itemListElement":[{"@type":"ListItem","position":1,"name":"In\u00edcio","item":"https:\/\/noticiasemdestaque.com\/cd\/"},{"@type":"ListItem","position":2,"name":"Prefeitura de Amparo contrata empresa para fazer desinfec\u00e7\u00e3o das ruas devido ao Covid-19"}]},{"@type":"WebSite","@id":"https:\/\/noticiasemdestaque.com\/cd\/#website","url":"https:\/\/noticiasemdestaque.com\/cd\/","name":"Not&iacute;cias em Destaque","description":"","publisher":{"@id":"https:\/\/noticiasemdestaque.com\/cd\/#organization"},"potentialAction":[{"@type":"SearchAction","target":{"@type":"EntryPoint","urlTemplate":"https:\/\/noticiasemdestaque.com\/cd\/?s={search_term_string}"},"query-input":{"@type":"PropertyValueSpecification","valueRequired":true,"valueName":"search_term_string"}}],"inLanguage":"pt-BR"},{"@type":"Organization","@id":"https:\/\/noticiasemdestaque.com\/cd\/#organization","name":"Not\u00edcias em Destaque","url":"https:\/\/noticiasemdestaque.com\/cd\/","logo":{"@type":"ImageObject","inLanguage":"pt-BR","@id":"https:\/\/noticiasemdestaque.com\/cd\/#\/schema\/logo\/image\/","url":"https:\/\/noticiasemdestaque.com\/cd\/wp-content\/uploads\/2022\/05\/imagem-base-noticiasemdestaque.png","contentUrl":"https:\/\/noticiasemdestaque.com\/cd\/wp-content\/uploads\/2022\/05\/imagem-base-noticiasemdestaque.png","width":1200,"height":630,"caption":"Not\u00edcias em Destaque"},"image":{"@id":"https:\/\/noticiasemdestaque.com\/cd\/#\/schema\/logo\/image\/"}},{"@type":"Person","@id":"https:\/\/noticiasemdestaque.com\/cd\/#\/schema\/person\/21320b03a7e8bb90128938dafc9b908a","name":"Not\u00edcias em Destaque","url":"https:\/\/noticiasemdestaque.com\/cd\/?author=2"}]}},"jetpack_featured_media_url":"https:\/\/noticiasemdestaque.com\/cd\/wp-content\/uploads\/2020\/05\/DESINFEC\u00c7\u00c3O-DAS-RUAS-30.jpg","jetpack_sharing_enabled":true,"_links":{"self":[{"href":"https:\/\/noticiasemdestaque.com\/cd\/index.php?rest_route=\/wp\/v2\/posts\/25017","targetHints":{"allow":["GET"]}}],"collection":[{"href":"https:\/\/noticiasemdestaque.com\/cd\/index.php?rest_route=\/wp\/v2\/posts"}],"about":[{"href":"https:\/\/noticiasemdestaque.com\/cd\/index.php?rest_route=\/wp\/v2\/types\/post"}],"author":[{"embeddable":true,"href":"https:\/\/noticiasemdestaque.com\/cd\/index.php?rest_route=\/wp\/v2\/users\/2"}],"replies":[{"embeddable":true,"href":"https:\/\/noticiasemdestaque.com\/cd\/index.php?rest_route=%2Fwp%2Fv2%2Fcomments&post=25017"}],"version-history":[{"count":1,"href":"https:\/\/noticiasemdestaque.com\/cd\/index.php?rest_route=\/wp\/v2\/posts\/25017\/revisions"}],"predecessor-version":[{"id":25019,"href":"https:\/\/noticiasemdestaque.com\/cd\/index.php?rest_route=\/wp\/v2\/posts\/25017\/revisions\/25019"}],"wp:featuredmedia":[{"embeddable":true,"href":"https:\/\/noticiasemdestaque.com\/cd\/index.php?rest_route=\/wp\/v2\/media\/25018"}],"wp:attachment":[{"href":"https:\/\/noticiasemdestaque.com\/cd\/index.php?rest_route=%2Fwp%2Fv2%2Fmedia&parent=25017"}],"wp:term":[{"taxonomy":"category","embeddable":true,"href":"https:\/\/noticiasemdestaque.com\/cd\/index.php?rest_route=%2Fwp%2Fv2%2Fcategories&post=25017"},{"taxonomy":"post_tag","embeddable":true,"href":"https:\/\/noticiasemdestaque.com\/cd\/index.php?rest_route=%2Fwp%2Fv2%2Ftags&post=25017"}],"curies":[{"name":"wp","href":"https:\/\/api.w.org\/{rel}","templated":true}]}}