{"id":25012,"date":"2020-05-21T20:29:09","date_gmt":"2020-05-21T23:29:09","guid":{"rendered":"http:\/\/noticiasemdestaque.com\/cd\/?p=25012"},"modified":"2020-05-21T20:29:09","modified_gmt":"2020-05-21T23:29:09","slug":"prefeito-eden-duarte-entrega-calcamentos-no-bairro-renascer-e-anuncia-recursos-para-novas-pavimentacoes","status":"publish","type":"post","link":"https:\/\/noticiasemdestaque.com\/cd\/?p=25012","title":{"rendered":"Prefeito \u00c9den Duarte entrega cal\u00e7amentos no bairro Renascer e anuncia recursos para novas pavimenta\u00e7\u00f5es"},"content":{"rendered":"<p><a href=\"https:\/\/noticiasemdestaque.com\/cd\/wp-content\/uploads\/2020\/05\/eden-1.png\"><img fetchpriority=\"high\" decoding=\"async\" class=\"wp-image-25014 aligncenter\" src=\"https:\/\/noticiasemdestaque.com\/cd\/wp-content\/uploads\/2020\/05\/eden-1-1024x576.png\" alt=\"\" width=\"532\" height=\"299\" srcset=\"https:\/\/noticiasemdestaque.com\/cd\/wp-content\/uploads\/2020\/05\/eden-1-1024x576.png 1024w, https:\/\/noticiasemdestaque.com\/cd\/wp-content\/uploads\/2020\/05\/eden-1-300x169.png 300w, https:\/\/noticiasemdestaque.com\/cd\/wp-content\/uploads\/2020\/05\/eden-1-768x432.png 768w, https:\/\/noticiasemdestaque.com\/cd\/wp-content\/uploads\/2020\/05\/eden-1.png 1217w\" sizes=\"(max-width: 532px) 100vw, 532px\" \/><\/a><\/p>\n<p>O prefeito \u00c9den Duarte fez a entrega esta semana da pavimenta\u00e7\u00e3o de seis ruas do bairro Renascer. O prefeito esteve com o secret\u00e1rio de Obras do munic\u00edpio, Isca Viana, verificando a conclus\u00e3o das obras, no bairro. A entrega foi simb\u00f3lica no intuito de evitar aglomera\u00e7\u00e3o de pessoas.<\/p>\n<p>Foram pavimentadas as ruas Ant\u00f4nio Batista Gouveia, Adalberto Vilar, Miguel Trezena, Rua Ant\u00f4nia Severina de Lima, trecho da Rua Major Bruno de Freitas e a Rua Manoel Alexandre de Ara\u00fajo.<\/p>\n<p><a href=\"https:\/\/noticiasemdestaque.com\/cd\/wp-content\/uploads\/2020\/05\/eden-7.jpg\"><img decoding=\"async\" class=\"wp-image-25015 aligncenter\" src=\"https:\/\/noticiasemdestaque.com\/cd\/wp-content\/uploads\/2020\/05\/eden-7-1024x768.jpg\" alt=\"\" width=\"477\" height=\"358\" srcset=\"https:\/\/noticiasemdestaque.com\/cd\/wp-content\/uploads\/2020\/05\/eden-7.jpg 1024w, https:\/\/noticiasemdestaque.com\/cd\/wp-content\/uploads\/2020\/05\/eden-7-300x225.jpg 300w, https:\/\/noticiasemdestaque.com\/cd\/wp-content\/uploads\/2020\/05\/eden-7-768x576.jpg 768w, https:\/\/noticiasemdestaque.com\/cd\/wp-content\/uploads\/2020\/05\/eden-7-640x480.jpg 640w\" sizes=\"(max-width: 477px) 100vw, 477px\" \/><\/a><\/p>\n<p>Obras de pavimenta\u00e7\u00e3o tem sido um forte investimento da gest\u00e3o do prefeito \u00c9den Duarte. De 2017 at\u00e9 o momento j\u00e1 s\u00e3o 30 ruas cal\u00e7adas, e a Prefeitura est\u00e1 finalizando o cal\u00e7amento de mais tr\u00eas ruas nos conjuntos Pedro Ferreira e Sebastiao Vitorino. Totalizando 33 ruas pavimentadas.<\/p>\n<p>O prefeito informou que j\u00e1 tem garantido recursos por meio de emenda do deputado federal, Wellington Roberto, para a pavimenta\u00e7\u00e3o de mais 18 ruas. De acordo com \u00c9den, pavimenta\u00e7\u00e3o \u00e9 sempre uma reivindica\u00e7\u00e3o presente da popula\u00e7\u00e3o, do Or\u00e7amento Democr\u00e1tico Municipal e da C\u00e2mara de Vereadores. \u201cMorar em uma rua pavimentada \u00e9 muito diferente, em per\u00edodo de chuvas tem lama, quando est\u00e1 seco \u00e9 poeira, a popula\u00e7\u00e3o merece um local melhor para viver, por isso, no final de quatro anos de governo passaremos de 50 ruas cal\u00e7adas\u201d, disse \u00c9den.<\/p>\n<p><a href=\"https:\/\/noticiasemdestaque.com\/cd\/wp-content\/uploads\/2020\/05\/eden-2.png\"><img decoding=\"async\" class=\"wp-image-25013 aligncenter\" src=\"https:\/\/noticiasemdestaque.com\/cd\/wp-content\/uploads\/2020\/05\/eden-2-1024x539.png\" alt=\"\" width=\"477\" height=\"251\" srcset=\"https:\/\/noticiasemdestaque.com\/cd\/wp-content\/uploads\/2020\/05\/eden-2-1024x539.png 1024w, https:\/\/noticiasemdestaque.com\/cd\/wp-content\/uploads\/2020\/05\/eden-2-300x158.png 300w, https:\/\/noticiasemdestaque.com\/cd\/wp-content\/uploads\/2020\/05\/eden-2-768x404.png 768w, https:\/\/noticiasemdestaque.com\/cd\/wp-content\/uploads\/2020\/05\/eden-2.png 1215w\" sizes=\"(max-width: 477px) 100vw, 477px\" \/><\/a><\/p>\n<p>O prefeito disse ainda que mesmo durante a crise da pandemia do coronav\u00edrus as a\u00e7\u00f5es da administra\u00e7\u00e3o est\u00e3o sendo tocadas. \u201cN\u00e3o podemos parar, as dificuldades s\u00e3o muitas, as receitas do dia 10, somando com o per\u00edodo de janeiro a maio, teve uma queda de mais de 20% , isso dificulta nosso trabalho, mas n\u00f3s continuamos firmes, fazendo servi\u00e7os e entregando resultados para a popula\u00e7\u00e3o de Sum\u00e9, al\u00e9m das diversas a\u00e7\u00f5es que estamos fazendo no combate ao coronav\u00edrus\u201d, ressaltou.<\/p>\n<p>Ascom\/PMS<\/p>\n","protected":false},"excerpt":{"rendered":"<p>O prefeito \u00c9den Duarte fez a entrega esta semana da pavimenta\u00e7\u00e3o de seis ruas do bairro Renascer. O prefeito esteve com o secret\u00e1rio de Obras do munic\u00edpio, Isca Viana, verificando a conclus\u00e3o das obras, no bairro. A entrega foi simb\u00f3lica no intuito de evitar aglomera\u00e7\u00e3o de pessoas. Foram pavimentadas as ruas Ant\u00f4nio Batista Gouveia, Adalberto Vilar, Miguel Trezena, Rua Ant\u00f4nia Severina de Lima, trecho da Rua Major Bruno de Freitas e a Rua Manoel Alexandre de Ara\u00fajo. Obras de pavimenta\u00e7\u00e3o tem sido um forte investimento da gest\u00e3o do prefeito \u00c9den Duarte. De 2017 at\u00e9 o momento j\u00e1 s\u00e3o 30 ruas cal\u00e7adas, e a Prefeitura est\u00e1 finalizando o cal\u00e7amento de mais tr\u00eas ruas nos conjuntos Pedro Ferreira e Sebastiao Vitorino. Totalizando 33 ruas pavimentadas. O prefeito informou que j\u00e1 tem garantido recursos por meio de emenda do deputado federal, Wellington Roberto, para a pavimenta\u00e7\u00e3o de mais 18 ruas. De acordo com \u00c9den, pavimenta\u00e7\u00e3o \u00e9 sempre uma reivindica\u00e7\u00e3o presente da popula\u00e7\u00e3o, do Or\u00e7amento Democr\u00e1tico Municipal e da C\u00e2mara de Vereadores. \u201cMorar em uma rua pavimentada \u00e9 muito diferente, em per\u00edodo de chuvas tem lama, quando est\u00e1 seco \u00e9 poeira, a popula\u00e7\u00e3o merece um local melhor para viver, por isso, no final de quatro anos de governo passaremos de 50 ruas cal\u00e7adas\u201d, disse \u00c9den. O prefeito disse ainda que mesmo durante a crise da pandemia do coronav\u00edrus as a\u00e7\u00f5es da administra\u00e7\u00e3o est\u00e3o sendo tocadas. \u201cN\u00e3o podemos parar, as dificuldades s\u00e3o muitas, as receitas do dia 10, somando com o per\u00edodo de janeiro a maio, teve uma queda de mais de 20% , isso dificulta nosso trabalho, mas n\u00f3s continuamos firmes, fazendo servi\u00e7os e entregando resultados para a popula\u00e7\u00e3o de Sum\u00e9, al\u00e9m das diversas a\u00e7\u00f5es que estamos fazendo no combate ao coronav\u00edrus\u201d, ressaltou. Ascom\/PMS<\/p>\n","protected":false},"author":2,"featured_media":25014,"comment_status":"closed","ping_status":"open","sticky":false,"template":"","format":"standard","meta":{"_eb_attr":"","_jetpack_memberships_contains_paid_content":false,"footnotes":""},"categories":[4],"tags":[],"class_list":["post-25012","post","type-post","status-publish","format-standard","has-post-thumbnail","hentry","category-politica"],"yoast_head":"<!-- This site is optimized with the Yoast SEO plugin v26.5 - https:\/\/yoast.com\/wordpress\/plugins\/seo\/ -->\n<title>Prefeito \u00c9den Duarte entrega cal\u00e7amentos no bairro Renascer e anuncia recursos para novas pavimenta\u00e7\u00f5es - Not&iacute;cias em Destaque<\/title>\n<meta name=\"robots\" content=\"index, follow, max-snippet:-1, max-image-preview:large, max-video-preview:-1\" \/>\n<link rel=\"canonical\" href=\"https:\/\/noticiasemdestaque.com\/cd\/?p=25012\" \/>\n<meta property=\"og:locale\" content=\"pt_BR\" \/>\n<meta property=\"og:type\" content=\"article\" \/>\n<meta property=\"og:title\" content=\"Prefeito \u00c9den Duarte entrega cal\u00e7amentos no bairro Renascer e anuncia recursos para novas pavimenta\u00e7\u00f5es - Not&iacute;cias em Destaque\" \/>\n<meta property=\"og:description\" content=\"O prefeito \u00c9den Duarte fez a entrega esta semana da pavimenta\u00e7\u00e3o de seis ruas do bairro Renascer. O prefeito esteve com o secret\u00e1rio de Obras do munic\u00edpio, Isca Viana, verificando a conclus\u00e3o das obras, no bairro. A entrega foi simb\u00f3lica no intuito de evitar aglomera\u00e7\u00e3o de pessoas. Foram pavimentadas as ruas Ant\u00f4nio Batista Gouveia, Adalberto Vilar, Miguel Trezena, Rua Ant\u00f4nia Severina de Lima, trecho da Rua Major Bruno de Freitas e a Rua Manoel Alexandre de Ara\u00fajo. Obras de pavimenta\u00e7\u00e3o tem sido um forte investimento da gest\u00e3o do prefeito \u00c9den Duarte. De 2017 at\u00e9 o momento j\u00e1 s\u00e3o 30 ruas cal\u00e7adas, e a Prefeitura est\u00e1 finalizando o cal\u00e7amento de mais tr\u00eas ruas nos conjuntos Pedro Ferreira e Sebastiao Vitorino. Totalizando 33 ruas pavimentadas. O prefeito informou que j\u00e1 tem garantido recursos por meio de emenda do deputado federal, Wellington Roberto, para a pavimenta\u00e7\u00e3o de mais 18 ruas. De acordo com \u00c9den, pavimenta\u00e7\u00e3o \u00e9 sempre uma reivindica\u00e7\u00e3o presente da popula\u00e7\u00e3o, do Or\u00e7amento Democr\u00e1tico Municipal e da C\u00e2mara de Vereadores. \u201cMorar em uma rua pavimentada \u00e9 muito diferente, em per\u00edodo de chuvas tem lama, quando est\u00e1 seco \u00e9 poeira, a popula\u00e7\u00e3o merece um local melhor para viver, por isso, no final de quatro anos de governo passaremos de 50 ruas cal\u00e7adas\u201d, disse \u00c9den. O prefeito disse ainda que mesmo durante a crise da pandemia do coronav\u00edrus as a\u00e7\u00f5es da administra\u00e7\u00e3o est\u00e3o sendo tocadas. \u201cN\u00e3o podemos parar, as dificuldades s\u00e3o muitas, as receitas do dia 10, somando com o per\u00edodo de janeiro a maio, teve uma queda de mais de 20% , isso dificulta nosso trabalho, mas n\u00f3s continuamos firmes, fazendo servi\u00e7os e entregando resultados para a popula\u00e7\u00e3o de Sum\u00e9, al\u00e9m das diversas a\u00e7\u00f5es que estamos fazendo no combate ao coronav\u00edrus\u201d, ressaltou. Ascom\/PMS\" \/>\n<meta property=\"og:url\" content=\"https:\/\/noticiasemdestaque.com\/cd\/?p=25012\" \/>\n<meta property=\"og:site_name\" content=\"Not&iacute;cias em Destaque\" \/>\n<meta property=\"article:published_time\" content=\"2020-05-21T23:29:09+00:00\" \/>\n<meta property=\"og:image\" content=\"https:\/\/noticiasemdestaque.com\/cd\/wp-content\/uploads\/2020\/05\/eden-1.png\" \/>\n\t<meta property=\"og:image:width\" content=\"1217\" \/>\n\t<meta property=\"og:image:height\" content=\"685\" \/>\n\t<meta property=\"og:image:type\" content=\"image\/png\" \/>\n<meta name=\"author\" content=\"Not\u00edcias em Destaque\" \/>\n<meta name=\"twitter:card\" content=\"summary_large_image\" \/>\n<meta name=\"twitter:label1\" content=\"Escrito por\" \/>\n\t<meta name=\"twitter:data1\" content=\"Not\u00edcias em Destaque\" \/>\n\t<meta name=\"twitter:label2\" content=\"Est. tempo de leitura\" \/>\n\t<meta name=\"twitter:data2\" content=\"2 minutos\" \/>\n<script type=\"application\/ld+json\" class=\"yoast-schema-graph\">{\"@context\":\"https:\/\/schema.org\",\"@graph\":[{\"@type\":\"Article\",\"@id\":\"https:\/\/noticiasemdestaque.com\/cd\/?p=25012#article\",\"isPartOf\":{\"@id\":\"https:\/\/noticiasemdestaque.com\/cd\/?p=25012\"},\"author\":{\"name\":\"Not\u00edcias em Destaque\",\"@id\":\"https:\/\/noticiasemdestaque.com\/cd\/#\/schema\/person\/21320b03a7e8bb90128938dafc9b908a\"},\"headline\":\"Prefeito \u00c9den Duarte entrega cal\u00e7amentos no bairro Renascer e anuncia recursos para novas pavimenta\u00e7\u00f5es\",\"datePublished\":\"2020-05-21T23:29:09+00:00\",\"mainEntityOfPage\":{\"@id\":\"https:\/\/noticiasemdestaque.com\/cd\/?p=25012\"},\"wordCount\":334,\"publisher\":{\"@id\":\"https:\/\/noticiasemdestaque.com\/cd\/#organization\"},\"image\":{\"@id\":\"https:\/\/noticiasemdestaque.com\/cd\/?p=25012#primaryimage\"},\"thumbnailUrl\":\"https:\/\/noticiasemdestaque.com\/cd\/wp-content\/uploads\/2020\/05\/eden-1.png\",\"articleSection\":[\"Pol\u00edtica\"],\"inLanguage\":\"pt-BR\"},{\"@type\":\"WebPage\",\"@id\":\"https:\/\/noticiasemdestaque.com\/cd\/?p=25012\",\"url\":\"https:\/\/noticiasemdestaque.com\/cd\/?p=25012\",\"name\":\"Prefeito \u00c9den Duarte entrega cal\u00e7amentos no bairro Renascer e anuncia recursos para novas pavimenta\u00e7\u00f5es - Not&iacute;cias em Destaque\",\"isPartOf\":{\"@id\":\"https:\/\/noticiasemdestaque.com\/cd\/#website\"},\"primaryImageOfPage\":{\"@id\":\"https:\/\/noticiasemdestaque.com\/cd\/?p=25012#primaryimage\"},\"image\":{\"@id\":\"https:\/\/noticiasemdestaque.com\/cd\/?p=25012#primaryimage\"},\"thumbnailUrl\":\"https:\/\/noticiasemdestaque.com\/cd\/wp-content\/uploads\/2020\/05\/eden-1.png\",\"datePublished\":\"2020-05-21T23:29:09+00:00\",\"breadcrumb\":{\"@id\":\"https:\/\/noticiasemdestaque.com\/cd\/?p=25012#breadcrumb\"},\"inLanguage\":\"pt-BR\",\"potentialAction\":[{\"@type\":\"ReadAction\",\"target\":[\"https:\/\/noticiasemdestaque.com\/cd\/?p=25012\"]}]},{\"@type\":\"ImageObject\",\"inLanguage\":\"pt-BR\",\"@id\":\"https:\/\/noticiasemdestaque.com\/cd\/?p=25012#primaryimage\",\"url\":\"https:\/\/noticiasemdestaque.com\/cd\/wp-content\/uploads\/2020\/05\/eden-1.png\",\"contentUrl\":\"https:\/\/noticiasemdestaque.com\/cd\/wp-content\/uploads\/2020\/05\/eden-1.png\",\"width\":1217,\"height\":685},{\"@type\":\"BreadcrumbList\",\"@id\":\"https:\/\/noticiasemdestaque.com\/cd\/?p=25012#breadcrumb\",\"itemListElement\":[{\"@type\":\"ListItem\",\"position\":1,\"name\":\"In\u00edcio\",\"item\":\"https:\/\/noticiasemdestaque.com\/cd\/\"},{\"@type\":\"ListItem\",\"position\":2,\"name\":\"Prefeito \u00c9den Duarte entrega cal\u00e7amentos no bairro Renascer e anuncia recursos para novas pavimenta\u00e7\u00f5es\"}]},{\"@type\":\"WebSite\",\"@id\":\"https:\/\/noticiasemdestaque.com\/cd\/#website\",\"url\":\"https:\/\/noticiasemdestaque.com\/cd\/\",\"name\":\"Not&iacute;cias em Destaque\",\"description\":\"\",\"publisher\":{\"@id\":\"https:\/\/noticiasemdestaque.com\/cd\/#organization\"},\"potentialAction\":[{\"@type\":\"SearchAction\",\"target\":{\"@type\":\"EntryPoint\",\"urlTemplate\":\"https:\/\/noticiasemdestaque.com\/cd\/?s={search_term_string}\"},\"query-input\":{\"@type\":\"PropertyValueSpecification\",\"valueRequired\":true,\"valueName\":\"search_term_string\"}}],\"inLanguage\":\"pt-BR\"},{\"@type\":\"Organization\",\"@id\":\"https:\/\/noticiasemdestaque.com\/cd\/#organization\",\"name\":\"Not\u00edcias em Destaque\",\"url\":\"https:\/\/noticiasemdestaque.com\/cd\/\",\"logo\":{\"@type\":\"ImageObject\",\"inLanguage\":\"pt-BR\",\"@id\":\"https:\/\/noticiasemdestaque.com\/cd\/#\/schema\/logo\/image\/\",\"url\":\"https:\/\/noticiasemdestaque.com\/cd\/wp-content\/uploads\/2022\/05\/imagem-base-noticiasemdestaque.png\",\"contentUrl\":\"https:\/\/noticiasemdestaque.com\/cd\/wp-content\/uploads\/2022\/05\/imagem-base-noticiasemdestaque.png\",\"width\":1200,\"height\":630,\"caption\":\"Not\u00edcias em Destaque\"},\"image\":{\"@id\":\"https:\/\/noticiasemdestaque.com\/cd\/#\/schema\/logo\/image\/\"}},{\"@type\":\"Person\",\"@id\":\"https:\/\/noticiasemdestaque.com\/cd\/#\/schema\/person\/21320b03a7e8bb90128938dafc9b908a\",\"name\":\"Not\u00edcias em Destaque\",\"url\":\"https:\/\/noticiasemdestaque.com\/cd\/?author=2\"}]}<\/script>\n<!-- \/ Yoast SEO plugin. -->","yoast_head_json":{"title":"Prefeito \u00c9den Duarte entrega cal\u00e7amentos no bairro Renascer e anuncia recursos para novas pavimenta\u00e7\u00f5es - Not&iacute;cias em Destaque","robots":{"index":"index","follow":"follow","max-snippet":"max-snippet:-1","max-image-preview":"max-image-preview:large","max-video-preview":"max-video-preview:-1"},"canonical":"https:\/\/noticiasemdestaque.com\/cd\/?p=25012","og_locale":"pt_BR","og_type":"article","og_title":"Prefeito \u00c9den Duarte entrega cal\u00e7amentos no bairro Renascer e anuncia recursos para novas pavimenta\u00e7\u00f5es - Not&iacute;cias em Destaque","og_description":"O prefeito \u00c9den Duarte fez a entrega esta semana da pavimenta\u00e7\u00e3o de seis ruas do bairro Renascer. O prefeito esteve com o secret\u00e1rio de Obras do munic\u00edpio, Isca Viana, verificando a conclus\u00e3o das obras, no bairro. A entrega foi simb\u00f3lica no intuito de evitar aglomera\u00e7\u00e3o de pessoas. Foram pavimentadas as ruas Ant\u00f4nio Batista Gouveia, Adalberto Vilar, Miguel Trezena, Rua Ant\u00f4nia Severina de Lima, trecho da Rua Major Bruno de Freitas e a Rua Manoel Alexandre de Ara\u00fajo. Obras de pavimenta\u00e7\u00e3o tem sido um forte investimento da gest\u00e3o do prefeito \u00c9den Duarte. De 2017 at\u00e9 o momento j\u00e1 s\u00e3o 30 ruas cal\u00e7adas, e a Prefeitura est\u00e1 finalizando o cal\u00e7amento de mais tr\u00eas ruas nos conjuntos Pedro Ferreira e Sebastiao Vitorino. Totalizando 33 ruas pavimentadas. O prefeito informou que j\u00e1 tem garantido recursos por meio de emenda do deputado federal, Wellington Roberto, para a pavimenta\u00e7\u00e3o de mais 18 ruas. De acordo com \u00c9den, pavimenta\u00e7\u00e3o \u00e9 sempre uma reivindica\u00e7\u00e3o presente da popula\u00e7\u00e3o, do Or\u00e7amento Democr\u00e1tico Municipal e da C\u00e2mara de Vereadores. \u201cMorar em uma rua pavimentada \u00e9 muito diferente, em per\u00edodo de chuvas tem lama, quando est\u00e1 seco \u00e9 poeira, a popula\u00e7\u00e3o merece um local melhor para viver, por isso, no final de quatro anos de governo passaremos de 50 ruas cal\u00e7adas\u201d, disse \u00c9den. O prefeito disse ainda que mesmo durante a crise da pandemia do coronav\u00edrus as a\u00e7\u00f5es da administra\u00e7\u00e3o est\u00e3o sendo tocadas. \u201cN\u00e3o podemos parar, as dificuldades s\u00e3o muitas, as receitas do dia 10, somando com o per\u00edodo de janeiro a maio, teve uma queda de mais de 20% , isso dificulta nosso trabalho, mas n\u00f3s continuamos firmes, fazendo servi\u00e7os e entregando resultados para a popula\u00e7\u00e3o de Sum\u00e9, al\u00e9m das diversas a\u00e7\u00f5es que estamos fazendo no combate ao coronav\u00edrus\u201d, ressaltou. Ascom\/PMS","og_url":"https:\/\/noticiasemdestaque.com\/cd\/?p=25012","og_site_name":"Not&iacute;cias em Destaque","article_published_time":"2020-05-21T23:29:09+00:00","og_image":[{"width":1217,"height":685,"url":"https:\/\/noticiasemdestaque.com\/cd\/wp-content\/uploads\/2020\/05\/eden-1.png","type":"image\/png"}],"author":"Not\u00edcias em Destaque","twitter_card":"summary_large_image","twitter_misc":{"Escrito por":"Not\u00edcias em Destaque","Est. tempo de leitura":"2 minutos"},"schema":{"@context":"https:\/\/schema.org","@graph":[{"@type":"Article","@id":"https:\/\/noticiasemdestaque.com\/cd\/?p=25012#article","isPartOf":{"@id":"https:\/\/noticiasemdestaque.com\/cd\/?p=25012"},"author":{"name":"Not\u00edcias em Destaque","@id":"https:\/\/noticiasemdestaque.com\/cd\/#\/schema\/person\/21320b03a7e8bb90128938dafc9b908a"},"headline":"Prefeito \u00c9den Duarte entrega cal\u00e7amentos no bairro Renascer e anuncia recursos para novas pavimenta\u00e7\u00f5es","datePublished":"2020-05-21T23:29:09+00:00","mainEntityOfPage":{"@id":"https:\/\/noticiasemdestaque.com\/cd\/?p=25012"},"wordCount":334,"publisher":{"@id":"https:\/\/noticiasemdestaque.com\/cd\/#organization"},"image":{"@id":"https:\/\/noticiasemdestaque.com\/cd\/?p=25012#primaryimage"},"thumbnailUrl":"https:\/\/noticiasemdestaque.com\/cd\/wp-content\/uploads\/2020\/05\/eden-1.png","articleSection":["Pol\u00edtica"],"inLanguage":"pt-BR"},{"@type":"WebPage","@id":"https:\/\/noticiasemdestaque.com\/cd\/?p=25012","url":"https:\/\/noticiasemdestaque.com\/cd\/?p=25012","name":"Prefeito \u00c9den Duarte entrega cal\u00e7amentos no bairro Renascer e anuncia recursos para novas pavimenta\u00e7\u00f5es - Not&iacute;cias em Destaque","isPartOf":{"@id":"https:\/\/noticiasemdestaque.com\/cd\/#website"},"primaryImageOfPage":{"@id":"https:\/\/noticiasemdestaque.com\/cd\/?p=25012#primaryimage"},"image":{"@id":"https:\/\/noticiasemdestaque.com\/cd\/?p=25012#primaryimage"},"thumbnailUrl":"https:\/\/noticiasemdestaque.com\/cd\/wp-content\/uploads\/2020\/05\/eden-1.png","datePublished":"2020-05-21T23:29:09+00:00","breadcrumb":{"@id":"https:\/\/noticiasemdestaque.com\/cd\/?p=25012#breadcrumb"},"inLanguage":"pt-BR","potentialAction":[{"@type":"ReadAction","target":["https:\/\/noticiasemdestaque.com\/cd\/?p=25012"]}]},{"@type":"ImageObject","inLanguage":"pt-BR","@id":"https:\/\/noticiasemdestaque.com\/cd\/?p=25012#primaryimage","url":"https:\/\/noticiasemdestaque.com\/cd\/wp-content\/uploads\/2020\/05\/eden-1.png","contentUrl":"https:\/\/noticiasemdestaque.com\/cd\/wp-content\/uploads\/2020\/05\/eden-1.png","width":1217,"height":685},{"@type":"BreadcrumbList","@id":"https:\/\/noticiasemdestaque.com\/cd\/?p=25012#breadcrumb","itemListElement":[{"@type":"ListItem","position":1,"name":"In\u00edcio","item":"https:\/\/noticiasemdestaque.com\/cd\/"},{"@type":"ListItem","position":2,"name":"Prefeito \u00c9den Duarte entrega cal\u00e7amentos no bairro Renascer e anuncia recursos para novas pavimenta\u00e7\u00f5es"}]},{"@type":"WebSite","@id":"https:\/\/noticiasemdestaque.com\/cd\/#website","url":"https:\/\/noticiasemdestaque.com\/cd\/","name":"Not&iacute;cias em Destaque","description":"","publisher":{"@id":"https:\/\/noticiasemdestaque.com\/cd\/#organization"},"potentialAction":[{"@type":"SearchAction","target":{"@type":"EntryPoint","urlTemplate":"https:\/\/noticiasemdestaque.com\/cd\/?s={search_term_string}"},"query-input":{"@type":"PropertyValueSpecification","valueRequired":true,"valueName":"search_term_string"}}],"inLanguage":"pt-BR"},{"@type":"Organization","@id":"https:\/\/noticiasemdestaque.com\/cd\/#organization","name":"Not\u00edcias em Destaque","url":"https:\/\/noticiasemdestaque.com\/cd\/","logo":{"@type":"ImageObject","inLanguage":"pt-BR","@id":"https:\/\/noticiasemdestaque.com\/cd\/#\/schema\/logo\/image\/","url":"https:\/\/noticiasemdestaque.com\/cd\/wp-content\/uploads\/2022\/05\/imagem-base-noticiasemdestaque.png","contentUrl":"https:\/\/noticiasemdestaque.com\/cd\/wp-content\/uploads\/2022\/05\/imagem-base-noticiasemdestaque.png","width":1200,"height":630,"caption":"Not\u00edcias em Destaque"},"image":{"@id":"https:\/\/noticiasemdestaque.com\/cd\/#\/schema\/logo\/image\/"}},{"@type":"Person","@id":"https:\/\/noticiasemdestaque.com\/cd\/#\/schema\/person\/21320b03a7e8bb90128938dafc9b908a","name":"Not\u00edcias em Destaque","url":"https:\/\/noticiasemdestaque.com\/cd\/?author=2"}]}},"jetpack_featured_media_url":"https:\/\/noticiasemdestaque.com\/cd\/wp-content\/uploads\/2020\/05\/eden-1.png","jetpack_sharing_enabled":true,"_links":{"self":[{"href":"https:\/\/noticiasemdestaque.com\/cd\/index.php?rest_route=\/wp\/v2\/posts\/25012","targetHints":{"allow":["GET"]}}],"collection":[{"href":"https:\/\/noticiasemdestaque.com\/cd\/index.php?rest_route=\/wp\/v2\/posts"}],"about":[{"href":"https:\/\/noticiasemdestaque.com\/cd\/index.php?rest_route=\/wp\/v2\/types\/post"}],"author":[{"embeddable":true,"href":"https:\/\/noticiasemdestaque.com\/cd\/index.php?rest_route=\/wp\/v2\/users\/2"}],"replies":[{"embeddable":true,"href":"https:\/\/noticiasemdestaque.com\/cd\/index.php?rest_route=%2Fwp%2Fv2%2Fcomments&post=25012"}],"version-history":[{"count":1,"href":"https:\/\/noticiasemdestaque.com\/cd\/index.php?rest_route=\/wp\/v2\/posts\/25012\/revisions"}],"predecessor-version":[{"id":25016,"href":"https:\/\/noticiasemdestaque.com\/cd\/index.php?rest_route=\/wp\/v2\/posts\/25012\/revisions\/25016"}],"wp:featuredmedia":[{"embeddable":true,"href":"https:\/\/noticiasemdestaque.com\/cd\/index.php?rest_route=\/wp\/v2\/media\/25014"}],"wp:attachment":[{"href":"https:\/\/noticiasemdestaque.com\/cd\/index.php?rest_route=%2Fwp%2Fv2%2Fmedia&parent=25012"}],"wp:term":[{"taxonomy":"category","embeddable":true,"href":"https:\/\/noticiasemdestaque.com\/cd\/index.php?rest_route=%2Fwp%2Fv2%2Fcategories&post=25012"},{"taxonomy":"post_tag","embeddable":true,"href":"https:\/\/noticiasemdestaque.com\/cd\/index.php?rest_route=%2Fwp%2Fv2%2Ftags&post=25012"}],"curies":[{"name":"wp","href":"https:\/\/api.w.org\/{rel}","templated":true}]}}