{"id":25009,"date":"2020-05-21T20:19:47","date_gmt":"2020-05-21T23:19:47","guid":{"rendered":"http:\/\/noticiasemdestaque.com\/cd\/?p=25009"},"modified":"2020-05-21T20:19:47","modified_gmt":"2020-05-21T23:19:47","slug":"brasil-chega-a-mais-de-20-mil-mortes-por-covid-19","status":"publish","type":"post","link":"https:\/\/noticiasemdestaque.com\/cd\/?p=25009","title":{"rendered":"Brasil chega a mais de 20 mil mortes por covid-19"},"content":{"rendered":"<figure id=\"attachment_25010\" aria-describedby=\"caption-attachment-25010\" style=\"width: 509px\" class=\"wp-caption aligncenter\"><a href=\"https:\/\/noticiasemdestaque.com\/cd\/wp-content\/uploads\/2020\/05\/laboratorio1305200316.jpg\"><img fetchpriority=\"high\" decoding=\"async\" class=\" wp-image-25010\" src=\"https:\/\/noticiasemdestaque.com\/cd\/wp-content\/uploads\/2020\/05\/laboratorio1305200316-1024x613.jpg\" alt=\"\" width=\"509\" height=\"305\" srcset=\"https:\/\/noticiasemdestaque.com\/cd\/wp-content\/uploads\/2020\/05\/laboratorio1305200316-1024x613.jpg 1024w, https:\/\/noticiasemdestaque.com\/cd\/wp-content\/uploads\/2020\/05\/laboratorio1305200316-300x179.jpg 300w, https:\/\/noticiasemdestaque.com\/cd\/wp-content\/uploads\/2020\/05\/laboratorio1305200316-768x459.jpg 768w, https:\/\/noticiasemdestaque.com\/cd\/wp-content\/uploads\/2020\/05\/laboratorio1305200316.jpg 1170w\" sizes=\"(max-width: 509px) 100vw, 509px\" \/><\/a><figcaption id=\"caption-attachment-25010\" class=\"wp-caption-text\">Laborat\u00f3rio<\/figcaption><\/figure>\n<p>O Brasil supera mais uma vez o n\u00famero de mortes registradas em um dia, atingiu 1.188. Com este acr\u00e9scimo, o total chegou a 20.047. O resultado representou um aumento de 6,2% em rela\u00e7\u00e3o a\u00a0ontem(20), quando foram contabilizados 18.859 mil falecimentos por covid-19.<\/p>\n<p>O pa\u00eds\u00a0passou da casa dos 300 mil casos confirmados do novo coronav\u00edrus,\u00a0de acordo com o balan\u00e7o do Minist\u00e9rio da Sa\u00fade divulgado\u00a0hoje\u00a0(21). Foram registrados 18.508 novas pessoas infectadas por covid-19, totalizando 310.087. O resultado marcou um acr\u00e9scimo de 6,3% em rela\u00e7\u00e3o a\u00a0ontem, quando o n\u00famero de pessoas infectadas estava em 291.579.<\/p>\n<p>Do total de casos confirmados, 164.080 (53%) est\u00e3o em acompanhamento e\u00a0125.960 (40,6%) foram recuperados. H\u00e1 ainda 3.534 \u00f3bitos em investiga\u00e7\u00e3o.<\/p>\n<p>S\u00e3o Paulo se mant\u00e9m como epicentro da pandemia no pa\u00eds, concentrando o maior n\u00famero de falecimentos (5.558). O estado \u00e9 seguido pelo Rio\u00a0de Janeiro\u00a0(3.412), Cear\u00e1 (2.161), Pernambuco (1.925) e Par\u00e1 (1.852).<\/p>\n<p>Al\u00e9m disso, foram registradas mortes no Amazonas (1.620), Maranh\u00e3o (663), Bahia (376), Esp\u00edrito Santo (363), Alagoas (262), Para\u00edba (245), Minas Gerais (191), Rio Grande do Norte (178), Rio Grande do Sul (166), Amap\u00e1 (151), Paran\u00e1 (141),\u00a0Rond\u00f4nia (101),\u00a0Santa Catarina (98), Piau\u00ed (91), Goi\u00e1s (85), Acre (78), Distrito Federal (84), Sergipe (76), Roraima (72), Tocantins (47), Mato Grosso (34) e Mato Grosso do Sul (17).<\/p>\n<p>J\u00e1 em n\u00famero de casos confirmados, o\u00a0<em>ranking\u00a0<\/em>tem S\u00e3o Paulo (73.739), Rio\u00a0de Janeiro\u00a0(32.089), Cear\u00e1 (31.413), Amazonas (25.367) e Pernambuco (23.911). Entre as unidades da federa\u00e7\u00e3o com mais pessoas infectadas est\u00e3o ainda Par\u00e1 (19.756), Maranh\u00e3o (16.058), Bahia (11.941), Esp\u00edrito Santo (8.878) e\u00a0Para\u00edba\u00a0(6.238).<\/p>\n<p><em><strong>Not\u00edcias em Destaque<\/strong><\/em><\/p>\n<p>Com EBC<\/p>\n","protected":false},"excerpt":{"rendered":"<p>O Brasil supera mais uma vez o n\u00famero de mortes registradas em um dia, atingiu 1.188. Com este acr\u00e9scimo, o total chegou a 20.047. O resultado representou um aumento de 6,2% em rela\u00e7\u00e3o a\u00a0ontem(20), quando foram contabilizados 18.859 mil falecimentos por covid-19. O pa\u00eds\u00a0passou da casa dos 300 mil casos confirmados do novo coronav\u00edrus,\u00a0de acordo com o balan\u00e7o do Minist\u00e9rio da Sa\u00fade divulgado\u00a0hoje\u00a0(21). Foram registrados 18.508 novas pessoas infectadas por covid-19, totalizando 310.087. O resultado marcou um acr\u00e9scimo de 6,3% em rela\u00e7\u00e3o a\u00a0ontem, quando o n\u00famero de pessoas infectadas estava em 291.579. Do total de casos confirmados, 164.080 (53%) est\u00e3o em acompanhamento e\u00a0125.960 (40,6%) foram recuperados. H\u00e1 ainda 3.534 \u00f3bitos em investiga\u00e7\u00e3o. S\u00e3o Paulo se mant\u00e9m como epicentro da pandemia no pa\u00eds, concentrando o maior n\u00famero de falecimentos (5.558). O estado \u00e9 seguido pelo Rio\u00a0de Janeiro\u00a0(3.412), Cear\u00e1 (2.161), Pernambuco (1.925) e Par\u00e1 (1.852). Al\u00e9m disso, foram registradas mortes no Amazonas (1.620), Maranh\u00e3o (663), Bahia (376), Esp\u00edrito Santo (363), Alagoas (262), Para\u00edba (245), Minas Gerais (191), Rio Grande do Norte (178), Rio Grande do Sul (166), Amap\u00e1 (151), Paran\u00e1 (141),\u00a0Rond\u00f4nia (101),\u00a0Santa Catarina (98), Piau\u00ed (91), Goi\u00e1s (85), Acre (78), Distrito Federal (84), Sergipe (76), Roraima (72), Tocantins (47), Mato Grosso (34) e Mato Grosso do Sul (17). J\u00e1 em n\u00famero de casos confirmados, o\u00a0ranking\u00a0tem S\u00e3o Paulo (73.739), Rio\u00a0de Janeiro\u00a0(32.089), Cear\u00e1 (31.413), Amazonas (25.367) e Pernambuco (23.911). Entre as unidades da federa\u00e7\u00e3o com mais pessoas infectadas est\u00e3o ainda Par\u00e1 (19.756), Maranh\u00e3o (16.058), Bahia (11.941), Esp\u00edrito Santo (8.878) e\u00a0Para\u00edba\u00a0(6.238). Not\u00edcias em Destaque Com EBC<\/p>\n","protected":false},"author":2,"featured_media":25010,"comment_status":"closed","ping_status":"open","sticky":false,"template":"","format":"standard","meta":{"_eb_attr":"","_jetpack_memberships_contains_paid_content":false,"footnotes":""},"categories":[8],"tags":[],"class_list":["post-25009","post","type-post","status-publish","format-standard","has-post-thumbnail","hentry","category-saude"],"yoast_head":"<!-- This site is optimized with the Yoast SEO plugin v26.5 - https:\/\/yoast.com\/wordpress\/plugins\/seo\/ -->\n<title>Brasil chega a mais de 20 mil mortes por covid-19 - Not&iacute;cias em Destaque<\/title>\n<meta name=\"robots\" content=\"index, follow, max-snippet:-1, max-image-preview:large, max-video-preview:-1\" \/>\n<link rel=\"canonical\" href=\"https:\/\/noticiasemdestaque.com\/cd\/?p=25009\" \/>\n<meta property=\"og:locale\" content=\"pt_BR\" \/>\n<meta property=\"og:type\" content=\"article\" \/>\n<meta property=\"og:title\" content=\"Brasil chega a mais de 20 mil mortes por covid-19 - Not&iacute;cias em Destaque\" \/>\n<meta property=\"og:description\" content=\"O Brasil supera mais uma vez o n\u00famero de mortes registradas em um dia, atingiu 1.188. Com este acr\u00e9scimo, o total chegou a 20.047. O resultado representou um aumento de 6,2% em rela\u00e7\u00e3o a\u00a0ontem(20), quando foram contabilizados 18.859 mil falecimentos por covid-19. O pa\u00eds\u00a0passou da casa dos 300 mil casos confirmados do novo coronav\u00edrus,\u00a0de acordo com o balan\u00e7o do Minist\u00e9rio da Sa\u00fade divulgado\u00a0hoje\u00a0(21). Foram registrados 18.508 novas pessoas infectadas por covid-19, totalizando 310.087. O resultado marcou um acr\u00e9scimo de 6,3% em rela\u00e7\u00e3o a\u00a0ontem, quando o n\u00famero de pessoas infectadas estava em 291.579. Do total de casos confirmados, 164.080 (53%) est\u00e3o em acompanhamento e\u00a0125.960 (40,6%) foram recuperados. H\u00e1 ainda 3.534 \u00f3bitos em investiga\u00e7\u00e3o. S\u00e3o Paulo se mant\u00e9m como epicentro da pandemia no pa\u00eds, concentrando o maior n\u00famero de falecimentos (5.558). O estado \u00e9 seguido pelo Rio\u00a0de Janeiro\u00a0(3.412), Cear\u00e1 (2.161), Pernambuco (1.925) e Par\u00e1 (1.852). Al\u00e9m disso, foram registradas mortes no Amazonas (1.620), Maranh\u00e3o (663), Bahia (376), Esp\u00edrito Santo (363), Alagoas (262), Para\u00edba (245), Minas Gerais (191), Rio Grande do Norte (178), Rio Grande do Sul (166), Amap\u00e1 (151), Paran\u00e1 (141),\u00a0Rond\u00f4nia (101),\u00a0Santa Catarina (98), Piau\u00ed (91), Goi\u00e1s (85), Acre (78), Distrito Federal (84), Sergipe (76), Roraima (72), Tocantins (47), Mato Grosso (34) e Mato Grosso do Sul (17). J\u00e1 em n\u00famero de casos confirmados, o\u00a0ranking\u00a0tem S\u00e3o Paulo (73.739), Rio\u00a0de Janeiro\u00a0(32.089), Cear\u00e1 (31.413), Amazonas (25.367) e Pernambuco (23.911). Entre as unidades da federa\u00e7\u00e3o com mais pessoas infectadas est\u00e3o ainda Par\u00e1 (19.756), Maranh\u00e3o (16.058), Bahia (11.941), Esp\u00edrito Santo (8.878) e\u00a0Para\u00edba\u00a0(6.238). Not\u00edcias em Destaque Com EBC\" \/>\n<meta property=\"og:url\" content=\"https:\/\/noticiasemdestaque.com\/cd\/?p=25009\" \/>\n<meta property=\"og:site_name\" content=\"Not&iacute;cias em Destaque\" \/>\n<meta property=\"article:published_time\" content=\"2020-05-21T23:19:47+00:00\" \/>\n<meta property=\"og:image\" content=\"https:\/\/noticiasemdestaque.com\/cd\/wp-content\/uploads\/2020\/05\/laboratorio1305200316.jpg\" \/>\n\t<meta property=\"og:image:width\" content=\"1170\" \/>\n\t<meta property=\"og:image:height\" content=\"700\" \/>\n\t<meta property=\"og:image:type\" content=\"image\/jpeg\" \/>\n<meta name=\"author\" content=\"Not\u00edcias em Destaque\" \/>\n<meta name=\"twitter:card\" content=\"summary_large_image\" \/>\n<meta name=\"twitter:label1\" content=\"Escrito por\" \/>\n\t<meta name=\"twitter:data1\" content=\"Not\u00edcias em Destaque\" \/>\n\t<meta name=\"twitter:label2\" content=\"Est. tempo de leitura\" \/>\n\t<meta name=\"twitter:data2\" content=\"1 minuto\" \/>\n<script type=\"application\/ld+json\" class=\"yoast-schema-graph\">{\"@context\":\"https:\/\/schema.org\",\"@graph\":[{\"@type\":\"Article\",\"@id\":\"https:\/\/noticiasemdestaque.com\/cd\/?p=25009#article\",\"isPartOf\":{\"@id\":\"https:\/\/noticiasemdestaque.com\/cd\/?p=25009\"},\"author\":{\"name\":\"Not\u00edcias em Destaque\",\"@id\":\"https:\/\/noticiasemdestaque.com\/cd\/#\/schema\/person\/21320b03a7e8bb90128938dafc9b908a\"},\"headline\":\"Brasil chega a mais de 20 mil mortes por covid-19\",\"datePublished\":\"2020-05-21T23:19:47+00:00\",\"mainEntityOfPage\":{\"@id\":\"https:\/\/noticiasemdestaque.com\/cd\/?p=25009\"},\"wordCount\":264,\"publisher\":{\"@id\":\"https:\/\/noticiasemdestaque.com\/cd\/#organization\"},\"image\":{\"@id\":\"https:\/\/noticiasemdestaque.com\/cd\/?p=25009#primaryimage\"},\"thumbnailUrl\":\"https:\/\/noticiasemdestaque.com\/cd\/wp-content\/uploads\/2020\/05\/laboratorio1305200316.jpg\",\"articleSection\":[\"Sa\u00fade\"],\"inLanguage\":\"pt-BR\"},{\"@type\":\"WebPage\",\"@id\":\"https:\/\/noticiasemdestaque.com\/cd\/?p=25009\",\"url\":\"https:\/\/noticiasemdestaque.com\/cd\/?p=25009\",\"name\":\"Brasil chega a mais de 20 mil mortes por covid-19 - Not&iacute;cias em Destaque\",\"isPartOf\":{\"@id\":\"https:\/\/noticiasemdestaque.com\/cd\/#website\"},\"primaryImageOfPage\":{\"@id\":\"https:\/\/noticiasemdestaque.com\/cd\/?p=25009#primaryimage\"},\"image\":{\"@id\":\"https:\/\/noticiasemdestaque.com\/cd\/?p=25009#primaryimage\"},\"thumbnailUrl\":\"https:\/\/noticiasemdestaque.com\/cd\/wp-content\/uploads\/2020\/05\/laboratorio1305200316.jpg\",\"datePublished\":\"2020-05-21T23:19:47+00:00\",\"breadcrumb\":{\"@id\":\"https:\/\/noticiasemdestaque.com\/cd\/?p=25009#breadcrumb\"},\"inLanguage\":\"pt-BR\",\"potentialAction\":[{\"@type\":\"ReadAction\",\"target\":[\"https:\/\/noticiasemdestaque.com\/cd\/?p=25009\"]}]},{\"@type\":\"ImageObject\",\"inLanguage\":\"pt-BR\",\"@id\":\"https:\/\/noticiasemdestaque.com\/cd\/?p=25009#primaryimage\",\"url\":\"https:\/\/noticiasemdestaque.com\/cd\/wp-content\/uploads\/2020\/05\/laboratorio1305200316.jpg\",\"contentUrl\":\"https:\/\/noticiasemdestaque.com\/cd\/wp-content\/uploads\/2020\/05\/laboratorio1305200316.jpg\",\"width\":1170,\"height\":700,\"caption\":\"Laborat\u00f3rio\"},{\"@type\":\"BreadcrumbList\",\"@id\":\"https:\/\/noticiasemdestaque.com\/cd\/?p=25009#breadcrumb\",\"itemListElement\":[{\"@type\":\"ListItem\",\"position\":1,\"name\":\"In\u00edcio\",\"item\":\"https:\/\/noticiasemdestaque.com\/cd\/\"},{\"@type\":\"ListItem\",\"position\":2,\"name\":\"Brasil chega a mais de 20 mil mortes por covid-19\"}]},{\"@type\":\"WebSite\",\"@id\":\"https:\/\/noticiasemdestaque.com\/cd\/#website\",\"url\":\"https:\/\/noticiasemdestaque.com\/cd\/\",\"name\":\"Not&iacute;cias em Destaque\",\"description\":\"\",\"publisher\":{\"@id\":\"https:\/\/noticiasemdestaque.com\/cd\/#organization\"},\"potentialAction\":[{\"@type\":\"SearchAction\",\"target\":{\"@type\":\"EntryPoint\",\"urlTemplate\":\"https:\/\/noticiasemdestaque.com\/cd\/?s={search_term_string}\"},\"query-input\":{\"@type\":\"PropertyValueSpecification\",\"valueRequired\":true,\"valueName\":\"search_term_string\"}}],\"inLanguage\":\"pt-BR\"},{\"@type\":\"Organization\",\"@id\":\"https:\/\/noticiasemdestaque.com\/cd\/#organization\",\"name\":\"Not\u00edcias em Destaque\",\"url\":\"https:\/\/noticiasemdestaque.com\/cd\/\",\"logo\":{\"@type\":\"ImageObject\",\"inLanguage\":\"pt-BR\",\"@id\":\"https:\/\/noticiasemdestaque.com\/cd\/#\/schema\/logo\/image\/\",\"url\":\"https:\/\/noticiasemdestaque.com\/cd\/wp-content\/uploads\/2022\/05\/imagem-base-noticiasemdestaque.png\",\"contentUrl\":\"https:\/\/noticiasemdestaque.com\/cd\/wp-content\/uploads\/2022\/05\/imagem-base-noticiasemdestaque.png\",\"width\":1200,\"height\":630,\"caption\":\"Not\u00edcias em Destaque\"},\"image\":{\"@id\":\"https:\/\/noticiasemdestaque.com\/cd\/#\/schema\/logo\/image\/\"}},{\"@type\":\"Person\",\"@id\":\"https:\/\/noticiasemdestaque.com\/cd\/#\/schema\/person\/21320b03a7e8bb90128938dafc9b908a\",\"name\":\"Not\u00edcias em Destaque\",\"url\":\"https:\/\/noticiasemdestaque.com\/cd\/?author=2\"}]}<\/script>\n<!-- \/ Yoast SEO plugin. -->","yoast_head_json":{"title":"Brasil chega a mais de 20 mil mortes por covid-19 - Not&iacute;cias em Destaque","robots":{"index":"index","follow":"follow","max-snippet":"max-snippet:-1","max-image-preview":"max-image-preview:large","max-video-preview":"max-video-preview:-1"},"canonical":"https:\/\/noticiasemdestaque.com\/cd\/?p=25009","og_locale":"pt_BR","og_type":"article","og_title":"Brasil chega a mais de 20 mil mortes por covid-19 - Not&iacute;cias em Destaque","og_description":"O Brasil supera mais uma vez o n\u00famero de mortes registradas em um dia, atingiu 1.188. Com este acr\u00e9scimo, o total chegou a 20.047. O resultado representou um aumento de 6,2% em rela\u00e7\u00e3o a\u00a0ontem(20), quando foram contabilizados 18.859 mil falecimentos por covid-19. O pa\u00eds\u00a0passou da casa dos 300 mil casos confirmados do novo coronav\u00edrus,\u00a0de acordo com o balan\u00e7o do Minist\u00e9rio da Sa\u00fade divulgado\u00a0hoje\u00a0(21). Foram registrados 18.508 novas pessoas infectadas por covid-19, totalizando 310.087. O resultado marcou um acr\u00e9scimo de 6,3% em rela\u00e7\u00e3o a\u00a0ontem, quando o n\u00famero de pessoas infectadas estava em 291.579. Do total de casos confirmados, 164.080 (53%) est\u00e3o em acompanhamento e\u00a0125.960 (40,6%) foram recuperados. H\u00e1 ainda 3.534 \u00f3bitos em investiga\u00e7\u00e3o. S\u00e3o Paulo se mant\u00e9m como epicentro da pandemia no pa\u00eds, concentrando o maior n\u00famero de falecimentos (5.558). O estado \u00e9 seguido pelo Rio\u00a0de Janeiro\u00a0(3.412), Cear\u00e1 (2.161), Pernambuco (1.925) e Par\u00e1 (1.852). Al\u00e9m disso, foram registradas mortes no Amazonas (1.620), Maranh\u00e3o (663), Bahia (376), Esp\u00edrito Santo (363), Alagoas (262), Para\u00edba (245), Minas Gerais (191), Rio Grande do Norte (178), Rio Grande do Sul (166), Amap\u00e1 (151), Paran\u00e1 (141),\u00a0Rond\u00f4nia (101),\u00a0Santa Catarina (98), Piau\u00ed (91), Goi\u00e1s (85), Acre (78), Distrito Federal (84), Sergipe (76), Roraima (72), Tocantins (47), Mato Grosso (34) e Mato Grosso do Sul (17). J\u00e1 em n\u00famero de casos confirmados, o\u00a0ranking\u00a0tem S\u00e3o Paulo (73.739), Rio\u00a0de Janeiro\u00a0(32.089), Cear\u00e1 (31.413), Amazonas (25.367) e Pernambuco (23.911). Entre as unidades da federa\u00e7\u00e3o com mais pessoas infectadas est\u00e3o ainda Par\u00e1 (19.756), Maranh\u00e3o (16.058), Bahia (11.941), Esp\u00edrito Santo (8.878) e\u00a0Para\u00edba\u00a0(6.238). Not\u00edcias em Destaque Com EBC","og_url":"https:\/\/noticiasemdestaque.com\/cd\/?p=25009","og_site_name":"Not&iacute;cias em Destaque","article_published_time":"2020-05-21T23:19:47+00:00","og_image":[{"width":1170,"height":700,"url":"https:\/\/noticiasemdestaque.com\/cd\/wp-content\/uploads\/2020\/05\/laboratorio1305200316.jpg","type":"image\/jpeg"}],"author":"Not\u00edcias em Destaque","twitter_card":"summary_large_image","twitter_misc":{"Escrito por":"Not\u00edcias em Destaque","Est. tempo de leitura":"1 minuto"},"schema":{"@context":"https:\/\/schema.org","@graph":[{"@type":"Article","@id":"https:\/\/noticiasemdestaque.com\/cd\/?p=25009#article","isPartOf":{"@id":"https:\/\/noticiasemdestaque.com\/cd\/?p=25009"},"author":{"name":"Not\u00edcias em Destaque","@id":"https:\/\/noticiasemdestaque.com\/cd\/#\/schema\/person\/21320b03a7e8bb90128938dafc9b908a"},"headline":"Brasil chega a mais de 20 mil mortes por covid-19","datePublished":"2020-05-21T23:19:47+00:00","mainEntityOfPage":{"@id":"https:\/\/noticiasemdestaque.com\/cd\/?p=25009"},"wordCount":264,"publisher":{"@id":"https:\/\/noticiasemdestaque.com\/cd\/#organization"},"image":{"@id":"https:\/\/noticiasemdestaque.com\/cd\/?p=25009#primaryimage"},"thumbnailUrl":"https:\/\/noticiasemdestaque.com\/cd\/wp-content\/uploads\/2020\/05\/laboratorio1305200316.jpg","articleSection":["Sa\u00fade"],"inLanguage":"pt-BR"},{"@type":"WebPage","@id":"https:\/\/noticiasemdestaque.com\/cd\/?p=25009","url":"https:\/\/noticiasemdestaque.com\/cd\/?p=25009","name":"Brasil chega a mais de 20 mil mortes por covid-19 - Not&iacute;cias em Destaque","isPartOf":{"@id":"https:\/\/noticiasemdestaque.com\/cd\/#website"},"primaryImageOfPage":{"@id":"https:\/\/noticiasemdestaque.com\/cd\/?p=25009#primaryimage"},"image":{"@id":"https:\/\/noticiasemdestaque.com\/cd\/?p=25009#primaryimage"},"thumbnailUrl":"https:\/\/noticiasemdestaque.com\/cd\/wp-content\/uploads\/2020\/05\/laboratorio1305200316.jpg","datePublished":"2020-05-21T23:19:47+00:00","breadcrumb":{"@id":"https:\/\/noticiasemdestaque.com\/cd\/?p=25009#breadcrumb"},"inLanguage":"pt-BR","potentialAction":[{"@type":"ReadAction","target":["https:\/\/noticiasemdestaque.com\/cd\/?p=25009"]}]},{"@type":"ImageObject","inLanguage":"pt-BR","@id":"https:\/\/noticiasemdestaque.com\/cd\/?p=25009#primaryimage","url":"https:\/\/noticiasemdestaque.com\/cd\/wp-content\/uploads\/2020\/05\/laboratorio1305200316.jpg","contentUrl":"https:\/\/noticiasemdestaque.com\/cd\/wp-content\/uploads\/2020\/05\/laboratorio1305200316.jpg","width":1170,"height":700,"caption":"Laborat\u00f3rio"},{"@type":"BreadcrumbList","@id":"https:\/\/noticiasemdestaque.com\/cd\/?p=25009#breadcrumb","itemListElement":[{"@type":"ListItem","position":1,"name":"In\u00edcio","item":"https:\/\/noticiasemdestaque.com\/cd\/"},{"@type":"ListItem","position":2,"name":"Brasil chega a mais de 20 mil mortes por covid-19"}]},{"@type":"WebSite","@id":"https:\/\/noticiasemdestaque.com\/cd\/#website","url":"https:\/\/noticiasemdestaque.com\/cd\/","name":"Not&iacute;cias em Destaque","description":"","publisher":{"@id":"https:\/\/noticiasemdestaque.com\/cd\/#organization"},"potentialAction":[{"@type":"SearchAction","target":{"@type":"EntryPoint","urlTemplate":"https:\/\/noticiasemdestaque.com\/cd\/?s={search_term_string}"},"query-input":{"@type":"PropertyValueSpecification","valueRequired":true,"valueName":"search_term_string"}}],"inLanguage":"pt-BR"},{"@type":"Organization","@id":"https:\/\/noticiasemdestaque.com\/cd\/#organization","name":"Not\u00edcias em Destaque","url":"https:\/\/noticiasemdestaque.com\/cd\/","logo":{"@type":"ImageObject","inLanguage":"pt-BR","@id":"https:\/\/noticiasemdestaque.com\/cd\/#\/schema\/logo\/image\/","url":"https:\/\/noticiasemdestaque.com\/cd\/wp-content\/uploads\/2022\/05\/imagem-base-noticiasemdestaque.png","contentUrl":"https:\/\/noticiasemdestaque.com\/cd\/wp-content\/uploads\/2022\/05\/imagem-base-noticiasemdestaque.png","width":1200,"height":630,"caption":"Not\u00edcias em Destaque"},"image":{"@id":"https:\/\/noticiasemdestaque.com\/cd\/#\/schema\/logo\/image\/"}},{"@type":"Person","@id":"https:\/\/noticiasemdestaque.com\/cd\/#\/schema\/person\/21320b03a7e8bb90128938dafc9b908a","name":"Not\u00edcias em Destaque","url":"https:\/\/noticiasemdestaque.com\/cd\/?author=2"}]}},"jetpack_featured_media_url":"https:\/\/noticiasemdestaque.com\/cd\/wp-content\/uploads\/2020\/05\/laboratorio1305200316.jpg","jetpack_sharing_enabled":true,"_links":{"self":[{"href":"https:\/\/noticiasemdestaque.com\/cd\/index.php?rest_route=\/wp\/v2\/posts\/25009","targetHints":{"allow":["GET"]}}],"collection":[{"href":"https:\/\/noticiasemdestaque.com\/cd\/index.php?rest_route=\/wp\/v2\/posts"}],"about":[{"href":"https:\/\/noticiasemdestaque.com\/cd\/index.php?rest_route=\/wp\/v2\/types\/post"}],"author":[{"embeddable":true,"href":"https:\/\/noticiasemdestaque.com\/cd\/index.php?rest_route=\/wp\/v2\/users\/2"}],"replies":[{"embeddable":true,"href":"https:\/\/noticiasemdestaque.com\/cd\/index.php?rest_route=%2Fwp%2Fv2%2Fcomments&post=25009"}],"version-history":[{"count":1,"href":"https:\/\/noticiasemdestaque.com\/cd\/index.php?rest_route=\/wp\/v2\/posts\/25009\/revisions"}],"predecessor-version":[{"id":25011,"href":"https:\/\/noticiasemdestaque.com\/cd\/index.php?rest_route=\/wp\/v2\/posts\/25009\/revisions\/25011"}],"wp:featuredmedia":[{"embeddable":true,"href":"https:\/\/noticiasemdestaque.com\/cd\/index.php?rest_route=\/wp\/v2\/media\/25010"}],"wp:attachment":[{"href":"https:\/\/noticiasemdestaque.com\/cd\/index.php?rest_route=%2Fwp%2Fv2%2Fmedia&parent=25009"}],"wp:term":[{"taxonomy":"category","embeddable":true,"href":"https:\/\/noticiasemdestaque.com\/cd\/index.php?rest_route=%2Fwp%2Fv2%2Fcategories&post=25009"},{"taxonomy":"post_tag","embeddable":true,"href":"https:\/\/noticiasemdestaque.com\/cd\/index.php?rest_route=%2Fwp%2Fv2%2Ftags&post=25009"}],"curies":[{"name":"wp","href":"https:\/\/api.w.org\/{rel}","templated":true}]}}