{"id":25006,"date":"2020-05-21T20:12:46","date_gmt":"2020-05-21T23:12:46","guid":{"rendered":"http:\/\/noticiasemdestaque.com\/cd\/?p=25006"},"modified":"2020-05-21T20:12:46","modified_gmt":"2020-05-21T23:12:46","slug":"maia-estuda-1o-turno-da-eleicao-para-15-de-novembro-ou-6-de-dezembro","status":"publish","type":"post","link":"https:\/\/noticiasemdestaque.com\/cd\/?p=25006","title":{"rendered":"Maia estuda 1\u00ba turno da elei\u00e7\u00e3o para 15 de novembro ou 6 de dezembro"},"content":{"rendered":"<p><a href=\"https:\/\/noticiasemdestaque.com\/cd\/wp-content\/uploads\/2020\/05\/img20200521143552606.jpg\"><img fetchpriority=\"high\" decoding=\"async\" class=\"wp-image-25007 aligncenter\" src=\"https:\/\/noticiasemdestaque.com\/cd\/wp-content\/uploads\/2020\/05\/img20200521143552606-1024x613.jpg\" alt=\"\" width=\"486\" height=\"291\" srcset=\"https:\/\/noticiasemdestaque.com\/cd\/wp-content\/uploads\/2020\/05\/img20200521143552606-1024x613.jpg 1024w, https:\/\/noticiasemdestaque.com\/cd\/wp-content\/uploads\/2020\/05\/img20200521143552606-300x179.jpg 300w, https:\/\/noticiasemdestaque.com\/cd\/wp-content\/uploads\/2020\/05\/img20200521143552606-768x459.jpg 768w, https:\/\/noticiasemdestaque.com\/cd\/wp-content\/uploads\/2020\/05\/img20200521143552606.jpg 1170w\" sizes=\"(max-width: 486px) 100vw, 486px\" \/><\/a><\/p>\n<p>O presidente da C\u00e2mara, deputado Rodrigo Maia (DEM-RJ), disse hoje (21) que o primeiro turno das elei\u00e7\u00f5es municipais deste ano poder\u00e1 ser realizado no dia 15 de novembro ou 6 de dezembro. A proposta ser\u00e1 analisada pelo Congresso Nacional, em comiss\u00e3o mista formada por deputados e senadores.<\/p>\n<p>\u201cTalvez o melhor modelo seja uma reuni\u00e3o do col\u00e9gio de l\u00edderes das duas Casas para que se construa uma maioria em rela\u00e7\u00e3o a adiar e para qual per\u00edodo. Voc\u00ea tem dois per\u00edodos discutidos, 15 de novembro ou primeiro domingo de dezembro, para o primeiro turno, e um [intervalo] para o segundo turno um pouco menos para dar tempo para a transi\u00e7\u00e3o. Essas s\u00e3o as ideias\u201d, afirmou Maia. \u201cMas temos que saber se vai ter voto para adiar ou n\u00e3o. A partir do momento que tiver voto para adiar, se discute uma data, tudo com sintonia com o TSE\u201d, acrescentou.<\/p>\n<p>Apesar do adiamento das elei\u00e7\u00f5es, o congressista tem se posicionado contra a prorroga\u00e7\u00e3o dos mandatos. A comiss\u00e3o mista est\u00e1 prevista para ser criada na pr\u00f3xima semana, logo ap\u00f3s a posse do ministro Lu\u00eds Roberto Barroso na presid\u00eancia do Tribunal Superior Eleitoral (TSE).<\/p>\n<p>\u201cSou radicalmente contra prorroga\u00e7\u00e3o de mandato\u201d, disse. \u201cN\u00e3o vejo na Constitui\u00e7\u00e3o Federal um prazo para prorrogar mandato, porque no futuro algu\u00e9m pode se sentir forte, ter apoio no Parlamento, criar uma crise e prorrogar seu pr\u00f3prio mandato. A quest\u00e3o de prorroga\u00e7\u00e3o do mandato acho que \u00e9 muito sens\u00edvel para a nossa democracia\u201d, argumentou Rodrigo Maia.<\/p>\n<p><strong>Prorroga\u00e7\u00e3o do aux\u00edlio<\/strong><\/p>\n<p>O parlamentar afirmou ainda que poder\u00e1 ser prorrogado o aux\u00edlio emergencial pago a trabalhadores informais de baixa renda e a benefici\u00e1rios do Bolsa Fam\u00edlia em virtude da pandemia de covid-19. O valor do aux\u00edlio \u00e9 de R$ 600 ou de R$ 1,2 mil para m\u00e3es solteiras, que dever\u00e1 ser pago em tr\u00eas parcelas.<\/p>\n<p>\u201cA impress\u00e3o \u00e9 que sim [prorrogar]. Em que condi\u00e7\u00f5es? N\u00e3o podemos esquecer que o aux\u00edlio emergencial \u00e9 fundamental. Se a crise continuar, ele ser\u00e1 t\u00e3o importante como est\u00e1 sendo agora. Mas de onde vamos conseguir tirar dinheiro? Esse \u00e9 o nosso desafio. J\u00e1 coloquei alguns parlamentares para estudar isso, para ter uma proposta que possamos fazer ao governo que possa, se necess\u00e1rio, continuar com o programa\u201d, explicou.<\/p>\n<p>Segundo Maia, uma das alternativas para a manuten\u00e7\u00e3o do aux\u00edlio emergencial \u00e9 realocar recursos da Uni\u00e3o que atualmente estejam sendo aplicados em \u00e1reas n\u00e3o priorit\u00e1rias para o momento de crise em sa\u00fade p\u00fablica provocada pela pandemia do novo coronav\u00edrus.<\/p>\n<p>\u201cQue a gente encontre parte desses recursos na parte de gastos dos governo que est\u00e1 mal alocada. Agora, temos que tomar o cuidar de n\u00e3o seguir criando despesas sem realocar recursos de outras despesas que nesse momento n\u00e3o s\u00e3o priorit\u00e1rias\u201d, afirmou.<\/p>\n<p>Maia ressaltou ainda que tem \u201cmuito otimismo\u201d na possibilidade de serem votadas ainda este ano as reformas tribut\u00e1ria e administrativa.<\/p>\n<p>&#8220;Como n\u00f3s j\u00e1 temos a [reforma da] Previd\u00eancia aprovada, agora n\u00f3s precisamos, sem nenhuma d\u00favida, da reforma administrativa, n\u00e3o apenas para congelar ou cortar sal\u00e1rios, mas melhorar a qualidade do gasto p\u00fablico&#8221;, avaliou.<\/p>\n<p><em><strong>Not\u00edcias em Destaque<\/strong><\/em><\/p>\n<p>Com EBC<\/p>\n","protected":false},"excerpt":{"rendered":"<p>O presidente da C\u00e2mara, deputado Rodrigo Maia (DEM-RJ), disse hoje (21) que o primeiro turno das elei\u00e7\u00f5es municipais deste ano poder\u00e1 ser realizado no dia 15 de novembro ou 6 de dezembro. A proposta ser\u00e1 analisada pelo Congresso Nacional, em comiss\u00e3o mista formada por deputados e senadores. \u201cTalvez o melhor modelo seja uma reuni\u00e3o do col\u00e9gio de l\u00edderes das duas Casas para que se construa uma maioria em rela\u00e7\u00e3o a adiar e para qual per\u00edodo. Voc\u00ea tem dois per\u00edodos discutidos, 15 de novembro ou primeiro domingo de dezembro, para o primeiro turno, e um [intervalo] para o segundo turno um pouco menos para dar tempo para a transi\u00e7\u00e3o. Essas s\u00e3o as ideias\u201d, afirmou Maia. \u201cMas temos que saber se vai ter voto para adiar ou n\u00e3o. A partir do momento que tiver voto para adiar, se discute uma data, tudo com sintonia com o TSE\u201d, acrescentou. Apesar do adiamento das elei\u00e7\u00f5es, o congressista tem se posicionado contra a prorroga\u00e7\u00e3o dos mandatos. A comiss\u00e3o mista est\u00e1 prevista para ser criada na pr\u00f3xima semana, logo ap\u00f3s a posse do ministro Lu\u00eds Roberto Barroso na presid\u00eancia do Tribunal Superior Eleitoral (TSE). \u201cSou radicalmente contra prorroga\u00e7\u00e3o de mandato\u201d, disse. \u201cN\u00e3o vejo na Constitui\u00e7\u00e3o Federal um prazo para prorrogar mandato, porque no futuro algu\u00e9m pode se sentir forte, ter apoio no Parlamento, criar uma crise e prorrogar seu pr\u00f3prio mandato. A quest\u00e3o de prorroga\u00e7\u00e3o do mandato acho que \u00e9 muito sens\u00edvel para a nossa democracia\u201d, argumentou Rodrigo Maia. Prorroga\u00e7\u00e3o do aux\u00edlio O parlamentar afirmou ainda que poder\u00e1 ser prorrogado o aux\u00edlio emergencial pago a trabalhadores informais de baixa renda e a benefici\u00e1rios do Bolsa Fam\u00edlia em virtude da pandemia de covid-19. O valor do aux\u00edlio \u00e9 de R$ 600 ou de R$ 1,2 mil para m\u00e3es solteiras, que dever\u00e1 ser pago em tr\u00eas parcelas. \u201cA impress\u00e3o \u00e9 que sim [prorrogar]. Em que condi\u00e7\u00f5es? N\u00e3o podemos esquecer que o aux\u00edlio emergencial \u00e9 fundamental. Se a crise continuar, ele ser\u00e1 t\u00e3o importante como est\u00e1 sendo agora. Mas de onde vamos conseguir tirar dinheiro? Esse \u00e9 o nosso desafio. J\u00e1 coloquei alguns parlamentares para estudar isso, para ter uma proposta que possamos fazer ao governo que possa, se necess\u00e1rio, continuar com o programa\u201d, explicou. Segundo Maia, uma das alternativas para a manuten\u00e7\u00e3o do aux\u00edlio emergencial \u00e9 realocar recursos da Uni\u00e3o que atualmente estejam sendo aplicados em \u00e1reas n\u00e3o priorit\u00e1rias para o momento de crise em sa\u00fade p\u00fablica provocada pela pandemia do novo coronav\u00edrus. \u201cQue a gente encontre parte desses recursos na parte de gastos dos governo que est\u00e1 mal alocada. Agora, temos que tomar o cuidar de n\u00e3o seguir criando despesas sem realocar recursos de outras despesas que nesse momento n\u00e3o s\u00e3o priorit\u00e1rias\u201d, afirmou. Maia ressaltou ainda que tem \u201cmuito otimismo\u201d na possibilidade de serem votadas ainda este ano as reformas tribut\u00e1ria e administrativa. &#8220;Como n\u00f3s j\u00e1 temos a [reforma da] Previd\u00eancia aprovada, agora n\u00f3s precisamos, sem nenhuma d\u00favida, da reforma administrativa, n\u00e3o apenas para congelar ou cortar sal\u00e1rios, mas melhorar a qualidade do gasto p\u00fablico&#8221;, avaliou. Not\u00edcias em Destaque Com EBC<\/p>\n","protected":false},"author":2,"featured_media":25007,"comment_status":"closed","ping_status":"open","sticky":false,"template":"","format":"standard","meta":{"_eb_attr":"","_jetpack_memberships_contains_paid_content":false,"footnotes":""},"categories":[4],"tags":[],"class_list":["post-25006","post","type-post","status-publish","format-standard","has-post-thumbnail","hentry","category-politica"],"yoast_head":"<!-- This site is optimized with the Yoast SEO plugin v26.5 - https:\/\/yoast.com\/wordpress\/plugins\/seo\/ -->\n<title>Maia estuda 1\u00ba turno da elei\u00e7\u00e3o para 15 de novembro ou 6 de dezembro - Not&iacute;cias em Destaque<\/title>\n<meta name=\"robots\" content=\"index, follow, max-snippet:-1, max-image-preview:large, max-video-preview:-1\" \/>\n<link rel=\"canonical\" href=\"https:\/\/noticiasemdestaque.com\/cd\/?p=25006\" \/>\n<meta property=\"og:locale\" content=\"pt_BR\" \/>\n<meta property=\"og:type\" content=\"article\" \/>\n<meta property=\"og:title\" content=\"Maia estuda 1\u00ba turno da elei\u00e7\u00e3o para 15 de novembro ou 6 de dezembro - Not&iacute;cias em Destaque\" \/>\n<meta property=\"og:description\" content=\"O presidente da C\u00e2mara, deputado Rodrigo Maia (DEM-RJ), disse hoje (21) que o primeiro turno das elei\u00e7\u00f5es municipais deste ano poder\u00e1 ser realizado no dia 15 de novembro ou 6 de dezembro. A proposta ser\u00e1 analisada pelo Congresso Nacional, em comiss\u00e3o mista formada por deputados e senadores. \u201cTalvez o melhor modelo seja uma reuni\u00e3o do col\u00e9gio de l\u00edderes das duas Casas para que se construa uma maioria em rela\u00e7\u00e3o a adiar e para qual per\u00edodo. Voc\u00ea tem dois per\u00edodos discutidos, 15 de novembro ou primeiro domingo de dezembro, para o primeiro turno, e um [intervalo] para o segundo turno um pouco menos para dar tempo para a transi\u00e7\u00e3o. Essas s\u00e3o as ideias\u201d, afirmou Maia. \u201cMas temos que saber se vai ter voto para adiar ou n\u00e3o. A partir do momento que tiver voto para adiar, se discute uma data, tudo com sintonia com o TSE\u201d, acrescentou. Apesar do adiamento das elei\u00e7\u00f5es, o congressista tem se posicionado contra a prorroga\u00e7\u00e3o dos mandatos. A comiss\u00e3o mista est\u00e1 prevista para ser criada na pr\u00f3xima semana, logo ap\u00f3s a posse do ministro Lu\u00eds Roberto Barroso na presid\u00eancia do Tribunal Superior Eleitoral (TSE). \u201cSou radicalmente contra prorroga\u00e7\u00e3o de mandato\u201d, disse. \u201cN\u00e3o vejo na Constitui\u00e7\u00e3o Federal um prazo para prorrogar mandato, porque no futuro algu\u00e9m pode se sentir forte, ter apoio no Parlamento, criar uma crise e prorrogar seu pr\u00f3prio mandato. A quest\u00e3o de prorroga\u00e7\u00e3o do mandato acho que \u00e9 muito sens\u00edvel para a nossa democracia\u201d, argumentou Rodrigo Maia. Prorroga\u00e7\u00e3o do aux\u00edlio O parlamentar afirmou ainda que poder\u00e1 ser prorrogado o aux\u00edlio emergencial pago a trabalhadores informais de baixa renda e a benefici\u00e1rios do Bolsa Fam\u00edlia em virtude da pandemia de covid-19. O valor do aux\u00edlio \u00e9 de R$ 600 ou de R$ 1,2 mil para m\u00e3es solteiras, que dever\u00e1 ser pago em tr\u00eas parcelas. \u201cA impress\u00e3o \u00e9 que sim [prorrogar]. Em que condi\u00e7\u00f5es? N\u00e3o podemos esquecer que o aux\u00edlio emergencial \u00e9 fundamental. Se a crise continuar, ele ser\u00e1 t\u00e3o importante como est\u00e1 sendo agora. Mas de onde vamos conseguir tirar dinheiro? Esse \u00e9 o nosso desafio. J\u00e1 coloquei alguns parlamentares para estudar isso, para ter uma proposta que possamos fazer ao governo que possa, se necess\u00e1rio, continuar com o programa\u201d, explicou. Segundo Maia, uma das alternativas para a manuten\u00e7\u00e3o do aux\u00edlio emergencial \u00e9 realocar recursos da Uni\u00e3o que atualmente estejam sendo aplicados em \u00e1reas n\u00e3o priorit\u00e1rias para o momento de crise em sa\u00fade p\u00fablica provocada pela pandemia do novo coronav\u00edrus. \u201cQue a gente encontre parte desses recursos na parte de gastos dos governo que est\u00e1 mal alocada. Agora, temos que tomar o cuidar de n\u00e3o seguir criando despesas sem realocar recursos de outras despesas que nesse momento n\u00e3o s\u00e3o priorit\u00e1rias\u201d, afirmou. Maia ressaltou ainda que tem \u201cmuito otimismo\u201d na possibilidade de serem votadas ainda este ano as reformas tribut\u00e1ria e administrativa. &#8220;Como n\u00f3s j\u00e1 temos a [reforma da] Previd\u00eancia aprovada, agora n\u00f3s precisamos, sem nenhuma d\u00favida, da reforma administrativa, n\u00e3o apenas para congelar ou cortar sal\u00e1rios, mas melhorar a qualidade do gasto p\u00fablico&#8221;, avaliou. Not\u00edcias em Destaque Com EBC\" \/>\n<meta property=\"og:url\" content=\"https:\/\/noticiasemdestaque.com\/cd\/?p=25006\" \/>\n<meta property=\"og:site_name\" content=\"Not&iacute;cias em Destaque\" \/>\n<meta property=\"article:published_time\" content=\"2020-05-21T23:12:46+00:00\" \/>\n<meta property=\"og:image\" content=\"https:\/\/noticiasemdestaque.com\/cd\/wp-content\/uploads\/2020\/05\/img20200521143552606.jpg\" \/>\n\t<meta property=\"og:image:width\" content=\"1170\" \/>\n\t<meta property=\"og:image:height\" content=\"700\" \/>\n\t<meta property=\"og:image:type\" content=\"image\/jpeg\" \/>\n<meta name=\"author\" content=\"Not\u00edcias em Destaque\" \/>\n<meta name=\"twitter:card\" content=\"summary_large_image\" \/>\n<meta name=\"twitter:label1\" content=\"Escrito por\" \/>\n\t<meta name=\"twitter:data1\" content=\"Not\u00edcias em Destaque\" \/>\n\t<meta name=\"twitter:label2\" content=\"Est. tempo de leitura\" \/>\n\t<meta name=\"twitter:data2\" content=\"3 minutos\" \/>\n<script type=\"application\/ld+json\" class=\"yoast-schema-graph\">{\"@context\":\"https:\/\/schema.org\",\"@graph\":[{\"@type\":\"Article\",\"@id\":\"https:\/\/noticiasemdestaque.com\/cd\/?p=25006#article\",\"isPartOf\":{\"@id\":\"https:\/\/noticiasemdestaque.com\/cd\/?p=25006\"},\"author\":{\"name\":\"Not\u00edcias em Destaque\",\"@id\":\"https:\/\/noticiasemdestaque.com\/cd\/#\/schema\/person\/21320b03a7e8bb90128938dafc9b908a\"},\"headline\":\"Maia estuda 1\u00ba turno da elei\u00e7\u00e3o para 15 de novembro ou 6 de dezembro\",\"datePublished\":\"2020-05-21T23:12:46+00:00\",\"mainEntityOfPage\":{\"@id\":\"https:\/\/noticiasemdestaque.com\/cd\/?p=25006\"},\"wordCount\":566,\"publisher\":{\"@id\":\"https:\/\/noticiasemdestaque.com\/cd\/#organization\"},\"image\":{\"@id\":\"https:\/\/noticiasemdestaque.com\/cd\/?p=25006#primaryimage\"},\"thumbnailUrl\":\"https:\/\/noticiasemdestaque.com\/cd\/wp-content\/uploads\/2020\/05\/img20200521143552606.jpg\",\"articleSection\":[\"Pol\u00edtica\"],\"inLanguage\":\"pt-BR\"},{\"@type\":\"WebPage\",\"@id\":\"https:\/\/noticiasemdestaque.com\/cd\/?p=25006\",\"url\":\"https:\/\/noticiasemdestaque.com\/cd\/?p=25006\",\"name\":\"Maia estuda 1\u00ba turno da elei\u00e7\u00e3o para 15 de novembro ou 6 de dezembro - Not&iacute;cias em Destaque\",\"isPartOf\":{\"@id\":\"https:\/\/noticiasemdestaque.com\/cd\/#website\"},\"primaryImageOfPage\":{\"@id\":\"https:\/\/noticiasemdestaque.com\/cd\/?p=25006#primaryimage\"},\"image\":{\"@id\":\"https:\/\/noticiasemdestaque.com\/cd\/?p=25006#primaryimage\"},\"thumbnailUrl\":\"https:\/\/noticiasemdestaque.com\/cd\/wp-content\/uploads\/2020\/05\/img20200521143552606.jpg\",\"datePublished\":\"2020-05-21T23:12:46+00:00\",\"breadcrumb\":{\"@id\":\"https:\/\/noticiasemdestaque.com\/cd\/?p=25006#breadcrumb\"},\"inLanguage\":\"pt-BR\",\"potentialAction\":[{\"@type\":\"ReadAction\",\"target\":[\"https:\/\/noticiasemdestaque.com\/cd\/?p=25006\"]}]},{\"@type\":\"ImageObject\",\"inLanguage\":\"pt-BR\",\"@id\":\"https:\/\/noticiasemdestaque.com\/cd\/?p=25006#primaryimage\",\"url\":\"https:\/\/noticiasemdestaque.com\/cd\/wp-content\/uploads\/2020\/05\/img20200521143552606.jpg\",\"contentUrl\":\"https:\/\/noticiasemdestaque.com\/cd\/wp-content\/uploads\/2020\/05\/img20200521143552606.jpg\",\"width\":1170,\"height\":700},{\"@type\":\"BreadcrumbList\",\"@id\":\"https:\/\/noticiasemdestaque.com\/cd\/?p=25006#breadcrumb\",\"itemListElement\":[{\"@type\":\"ListItem\",\"position\":1,\"name\":\"In\u00edcio\",\"item\":\"https:\/\/noticiasemdestaque.com\/cd\/\"},{\"@type\":\"ListItem\",\"position\":2,\"name\":\"Maia estuda 1\u00ba turno da elei\u00e7\u00e3o para 15 de novembro ou 6 de dezembro\"}]},{\"@type\":\"WebSite\",\"@id\":\"https:\/\/noticiasemdestaque.com\/cd\/#website\",\"url\":\"https:\/\/noticiasemdestaque.com\/cd\/\",\"name\":\"Not&iacute;cias em Destaque\",\"description\":\"\",\"publisher\":{\"@id\":\"https:\/\/noticiasemdestaque.com\/cd\/#organization\"},\"potentialAction\":[{\"@type\":\"SearchAction\",\"target\":{\"@type\":\"EntryPoint\",\"urlTemplate\":\"https:\/\/noticiasemdestaque.com\/cd\/?s={search_term_string}\"},\"query-input\":{\"@type\":\"PropertyValueSpecification\",\"valueRequired\":true,\"valueName\":\"search_term_string\"}}],\"inLanguage\":\"pt-BR\"},{\"@type\":\"Organization\",\"@id\":\"https:\/\/noticiasemdestaque.com\/cd\/#organization\",\"name\":\"Not\u00edcias em Destaque\",\"url\":\"https:\/\/noticiasemdestaque.com\/cd\/\",\"logo\":{\"@type\":\"ImageObject\",\"inLanguage\":\"pt-BR\",\"@id\":\"https:\/\/noticiasemdestaque.com\/cd\/#\/schema\/logo\/image\/\",\"url\":\"https:\/\/noticiasemdestaque.com\/cd\/wp-content\/uploads\/2022\/05\/imagem-base-noticiasemdestaque.png\",\"contentUrl\":\"https:\/\/noticiasemdestaque.com\/cd\/wp-content\/uploads\/2022\/05\/imagem-base-noticiasemdestaque.png\",\"width\":1200,\"height\":630,\"caption\":\"Not\u00edcias em Destaque\"},\"image\":{\"@id\":\"https:\/\/noticiasemdestaque.com\/cd\/#\/schema\/logo\/image\/\"}},{\"@type\":\"Person\",\"@id\":\"https:\/\/noticiasemdestaque.com\/cd\/#\/schema\/person\/21320b03a7e8bb90128938dafc9b908a\",\"name\":\"Not\u00edcias em Destaque\",\"url\":\"https:\/\/noticiasemdestaque.com\/cd\/?author=2\"}]}<\/script>\n<!-- \/ Yoast SEO plugin. -->","yoast_head_json":{"title":"Maia estuda 1\u00ba turno da elei\u00e7\u00e3o para 15 de novembro ou 6 de dezembro - Not&iacute;cias em Destaque","robots":{"index":"index","follow":"follow","max-snippet":"max-snippet:-1","max-image-preview":"max-image-preview:large","max-video-preview":"max-video-preview:-1"},"canonical":"https:\/\/noticiasemdestaque.com\/cd\/?p=25006","og_locale":"pt_BR","og_type":"article","og_title":"Maia estuda 1\u00ba turno da elei\u00e7\u00e3o para 15 de novembro ou 6 de dezembro - Not&iacute;cias em Destaque","og_description":"O presidente da C\u00e2mara, deputado Rodrigo Maia (DEM-RJ), disse hoje (21) que o primeiro turno das elei\u00e7\u00f5es municipais deste ano poder\u00e1 ser realizado no dia 15 de novembro ou 6 de dezembro. A proposta ser\u00e1 analisada pelo Congresso Nacional, em comiss\u00e3o mista formada por deputados e senadores. \u201cTalvez o melhor modelo seja uma reuni\u00e3o do col\u00e9gio de l\u00edderes das duas Casas para que se construa uma maioria em rela\u00e7\u00e3o a adiar e para qual per\u00edodo. Voc\u00ea tem dois per\u00edodos discutidos, 15 de novembro ou primeiro domingo de dezembro, para o primeiro turno, e um [intervalo] para o segundo turno um pouco menos para dar tempo para a transi\u00e7\u00e3o. Essas s\u00e3o as ideias\u201d, afirmou Maia. \u201cMas temos que saber se vai ter voto para adiar ou n\u00e3o. A partir do momento que tiver voto para adiar, se discute uma data, tudo com sintonia com o TSE\u201d, acrescentou. Apesar do adiamento das elei\u00e7\u00f5es, o congressista tem se posicionado contra a prorroga\u00e7\u00e3o dos mandatos. A comiss\u00e3o mista est\u00e1 prevista para ser criada na pr\u00f3xima semana, logo ap\u00f3s a posse do ministro Lu\u00eds Roberto Barroso na presid\u00eancia do Tribunal Superior Eleitoral (TSE). \u201cSou radicalmente contra prorroga\u00e7\u00e3o de mandato\u201d, disse. \u201cN\u00e3o vejo na Constitui\u00e7\u00e3o Federal um prazo para prorrogar mandato, porque no futuro algu\u00e9m pode se sentir forte, ter apoio no Parlamento, criar uma crise e prorrogar seu pr\u00f3prio mandato. A quest\u00e3o de prorroga\u00e7\u00e3o do mandato acho que \u00e9 muito sens\u00edvel para a nossa democracia\u201d, argumentou Rodrigo Maia. Prorroga\u00e7\u00e3o do aux\u00edlio O parlamentar afirmou ainda que poder\u00e1 ser prorrogado o aux\u00edlio emergencial pago a trabalhadores informais de baixa renda e a benefici\u00e1rios do Bolsa Fam\u00edlia em virtude da pandemia de covid-19. O valor do aux\u00edlio \u00e9 de R$ 600 ou de R$ 1,2 mil para m\u00e3es solteiras, que dever\u00e1 ser pago em tr\u00eas parcelas. \u201cA impress\u00e3o \u00e9 que sim [prorrogar]. Em que condi\u00e7\u00f5es? N\u00e3o podemos esquecer que o aux\u00edlio emergencial \u00e9 fundamental. Se a crise continuar, ele ser\u00e1 t\u00e3o importante como est\u00e1 sendo agora. Mas de onde vamos conseguir tirar dinheiro? Esse \u00e9 o nosso desafio. J\u00e1 coloquei alguns parlamentares para estudar isso, para ter uma proposta que possamos fazer ao governo que possa, se necess\u00e1rio, continuar com o programa\u201d, explicou. Segundo Maia, uma das alternativas para a manuten\u00e7\u00e3o do aux\u00edlio emergencial \u00e9 realocar recursos da Uni\u00e3o que atualmente estejam sendo aplicados em \u00e1reas n\u00e3o priorit\u00e1rias para o momento de crise em sa\u00fade p\u00fablica provocada pela pandemia do novo coronav\u00edrus. \u201cQue a gente encontre parte desses recursos na parte de gastos dos governo que est\u00e1 mal alocada. Agora, temos que tomar o cuidar de n\u00e3o seguir criando despesas sem realocar recursos de outras despesas que nesse momento n\u00e3o s\u00e3o priorit\u00e1rias\u201d, afirmou. Maia ressaltou ainda que tem \u201cmuito otimismo\u201d na possibilidade de serem votadas ainda este ano as reformas tribut\u00e1ria e administrativa. &#8220;Como n\u00f3s j\u00e1 temos a [reforma da] Previd\u00eancia aprovada, agora n\u00f3s precisamos, sem nenhuma d\u00favida, da reforma administrativa, n\u00e3o apenas para congelar ou cortar sal\u00e1rios, mas melhorar a qualidade do gasto p\u00fablico&#8221;, avaliou. Not\u00edcias em Destaque Com EBC","og_url":"https:\/\/noticiasemdestaque.com\/cd\/?p=25006","og_site_name":"Not&iacute;cias em Destaque","article_published_time":"2020-05-21T23:12:46+00:00","og_image":[{"width":1170,"height":700,"url":"https:\/\/noticiasemdestaque.com\/cd\/wp-content\/uploads\/2020\/05\/img20200521143552606.jpg","type":"image\/jpeg"}],"author":"Not\u00edcias em Destaque","twitter_card":"summary_large_image","twitter_misc":{"Escrito por":"Not\u00edcias em Destaque","Est. tempo de leitura":"3 minutos"},"schema":{"@context":"https:\/\/schema.org","@graph":[{"@type":"Article","@id":"https:\/\/noticiasemdestaque.com\/cd\/?p=25006#article","isPartOf":{"@id":"https:\/\/noticiasemdestaque.com\/cd\/?p=25006"},"author":{"name":"Not\u00edcias em Destaque","@id":"https:\/\/noticiasemdestaque.com\/cd\/#\/schema\/person\/21320b03a7e8bb90128938dafc9b908a"},"headline":"Maia estuda 1\u00ba turno da elei\u00e7\u00e3o para 15 de novembro ou 6 de dezembro","datePublished":"2020-05-21T23:12:46+00:00","mainEntityOfPage":{"@id":"https:\/\/noticiasemdestaque.com\/cd\/?p=25006"},"wordCount":566,"publisher":{"@id":"https:\/\/noticiasemdestaque.com\/cd\/#organization"},"image":{"@id":"https:\/\/noticiasemdestaque.com\/cd\/?p=25006#primaryimage"},"thumbnailUrl":"https:\/\/noticiasemdestaque.com\/cd\/wp-content\/uploads\/2020\/05\/img20200521143552606.jpg","articleSection":["Pol\u00edtica"],"inLanguage":"pt-BR"},{"@type":"WebPage","@id":"https:\/\/noticiasemdestaque.com\/cd\/?p=25006","url":"https:\/\/noticiasemdestaque.com\/cd\/?p=25006","name":"Maia estuda 1\u00ba turno da elei\u00e7\u00e3o para 15 de novembro ou 6 de dezembro - Not&iacute;cias em Destaque","isPartOf":{"@id":"https:\/\/noticiasemdestaque.com\/cd\/#website"},"primaryImageOfPage":{"@id":"https:\/\/noticiasemdestaque.com\/cd\/?p=25006#primaryimage"},"image":{"@id":"https:\/\/noticiasemdestaque.com\/cd\/?p=25006#primaryimage"},"thumbnailUrl":"https:\/\/noticiasemdestaque.com\/cd\/wp-content\/uploads\/2020\/05\/img20200521143552606.jpg","datePublished":"2020-05-21T23:12:46+00:00","breadcrumb":{"@id":"https:\/\/noticiasemdestaque.com\/cd\/?p=25006#breadcrumb"},"inLanguage":"pt-BR","potentialAction":[{"@type":"ReadAction","target":["https:\/\/noticiasemdestaque.com\/cd\/?p=25006"]}]},{"@type":"ImageObject","inLanguage":"pt-BR","@id":"https:\/\/noticiasemdestaque.com\/cd\/?p=25006#primaryimage","url":"https:\/\/noticiasemdestaque.com\/cd\/wp-content\/uploads\/2020\/05\/img20200521143552606.jpg","contentUrl":"https:\/\/noticiasemdestaque.com\/cd\/wp-content\/uploads\/2020\/05\/img20200521143552606.jpg","width":1170,"height":700},{"@type":"BreadcrumbList","@id":"https:\/\/noticiasemdestaque.com\/cd\/?p=25006#breadcrumb","itemListElement":[{"@type":"ListItem","position":1,"name":"In\u00edcio","item":"https:\/\/noticiasemdestaque.com\/cd\/"},{"@type":"ListItem","position":2,"name":"Maia estuda 1\u00ba turno da elei\u00e7\u00e3o para 15 de novembro ou 6 de dezembro"}]},{"@type":"WebSite","@id":"https:\/\/noticiasemdestaque.com\/cd\/#website","url":"https:\/\/noticiasemdestaque.com\/cd\/","name":"Not&iacute;cias em Destaque","description":"","publisher":{"@id":"https:\/\/noticiasemdestaque.com\/cd\/#organization"},"potentialAction":[{"@type":"SearchAction","target":{"@type":"EntryPoint","urlTemplate":"https:\/\/noticiasemdestaque.com\/cd\/?s={search_term_string}"},"query-input":{"@type":"PropertyValueSpecification","valueRequired":true,"valueName":"search_term_string"}}],"inLanguage":"pt-BR"},{"@type":"Organization","@id":"https:\/\/noticiasemdestaque.com\/cd\/#organization","name":"Not\u00edcias em Destaque","url":"https:\/\/noticiasemdestaque.com\/cd\/","logo":{"@type":"ImageObject","inLanguage":"pt-BR","@id":"https:\/\/noticiasemdestaque.com\/cd\/#\/schema\/logo\/image\/","url":"https:\/\/noticiasemdestaque.com\/cd\/wp-content\/uploads\/2022\/05\/imagem-base-noticiasemdestaque.png","contentUrl":"https:\/\/noticiasemdestaque.com\/cd\/wp-content\/uploads\/2022\/05\/imagem-base-noticiasemdestaque.png","width":1200,"height":630,"caption":"Not\u00edcias em Destaque"},"image":{"@id":"https:\/\/noticiasemdestaque.com\/cd\/#\/schema\/logo\/image\/"}},{"@type":"Person","@id":"https:\/\/noticiasemdestaque.com\/cd\/#\/schema\/person\/21320b03a7e8bb90128938dafc9b908a","name":"Not\u00edcias em Destaque","url":"https:\/\/noticiasemdestaque.com\/cd\/?author=2"}]}},"jetpack_featured_media_url":"https:\/\/noticiasemdestaque.com\/cd\/wp-content\/uploads\/2020\/05\/img20200521143552606.jpg","jetpack_sharing_enabled":true,"_links":{"self":[{"href":"https:\/\/noticiasemdestaque.com\/cd\/index.php?rest_route=\/wp\/v2\/posts\/25006","targetHints":{"allow":["GET"]}}],"collection":[{"href":"https:\/\/noticiasemdestaque.com\/cd\/index.php?rest_route=\/wp\/v2\/posts"}],"about":[{"href":"https:\/\/noticiasemdestaque.com\/cd\/index.php?rest_route=\/wp\/v2\/types\/post"}],"author":[{"embeddable":true,"href":"https:\/\/noticiasemdestaque.com\/cd\/index.php?rest_route=\/wp\/v2\/users\/2"}],"replies":[{"embeddable":true,"href":"https:\/\/noticiasemdestaque.com\/cd\/index.php?rest_route=%2Fwp%2Fv2%2Fcomments&post=25006"}],"version-history":[{"count":1,"href":"https:\/\/noticiasemdestaque.com\/cd\/index.php?rest_route=\/wp\/v2\/posts\/25006\/revisions"}],"predecessor-version":[{"id":25008,"href":"https:\/\/noticiasemdestaque.com\/cd\/index.php?rest_route=\/wp\/v2\/posts\/25006\/revisions\/25008"}],"wp:featuredmedia":[{"embeddable":true,"href":"https:\/\/noticiasemdestaque.com\/cd\/index.php?rest_route=\/wp\/v2\/media\/25007"}],"wp:attachment":[{"href":"https:\/\/noticiasemdestaque.com\/cd\/index.php?rest_route=%2Fwp%2Fv2%2Fmedia&parent=25006"}],"wp:term":[{"taxonomy":"category","embeddable":true,"href":"https:\/\/noticiasemdestaque.com\/cd\/index.php?rest_route=%2Fwp%2Fv2%2Fcategories&post=25006"},{"taxonomy":"post_tag","embeddable":true,"href":"https:\/\/noticiasemdestaque.com\/cd\/index.php?rest_route=%2Fwp%2Fv2%2Ftags&post=25006"}],"curies":[{"name":"wp","href":"https:\/\/api.w.org\/{rel}","templated":true}]}}