{"id":24998,"date":"2020-05-21T18:03:44","date_gmt":"2020-05-21T21:03:44","guid":{"rendered":"http:\/\/noticiasemdestaque.com\/cd\/?p=24998"},"modified":"2020-05-21T18:06:25","modified_gmt":"2020-05-21T21:06:25","slug":"adolescente-de-15-anos-e-o-terceiro-caso-confirmado-do-coronavirus-em-sume","status":"publish","type":"post","link":"https:\/\/noticiasemdestaque.com\/cd\/?p=24998","title":{"rendered":"Adolescente de 15 anos \u00e9 o terceiro caso confirmado do coronav\u00edrus em Sum\u00e9"},"content":{"rendered":"<p><a href=\"https:\/\/noticiasemdestaque.com\/cd\/wp-content\/uploads\/2020\/05\/98363271_1927136960753158_529779847979859968_n.jpg\"><img fetchpriority=\"high\" decoding=\"async\" class=\"wp-image-24999 aligncenter\" src=\"https:\/\/noticiasemdestaque.com\/cd\/wp-content\/uploads\/2020\/05\/98363271_1927136960753158_529779847979859968_n.jpg\" alt=\"\" width=\"427\" height=\"473\" srcset=\"https:\/\/noticiasemdestaque.com\/cd\/wp-content\/uploads\/2020\/05\/98363271_1927136960753158_529779847979859968_n.jpg 720w, https:\/\/noticiasemdestaque.com\/cd\/wp-content\/uploads\/2020\/05\/98363271_1927136960753158_529779847979859968_n-271x300.jpg 271w\" sizes=\"(max-width: 427px) 100vw, 427px\" \/><\/a><\/p>\n<p>A Secretaria de Sa\u00fade de Sum\u00e9, por meio da Vigilancia Epidemiol\u00f3gica, confirmou, no in\u00edcio da tarde desta quinta-feira (21)mais um caso positivo de coronav\u00edrus (Covid-19) no munic\u00edpio. Trata-se de um adolescente de 15 anos, com hist\u00f3rico de viagens para o munic\u00edpio do Congo.<\/p>\n<p>O paciente procurou a unidade b\u00e1sica de Sa\u00fade no dia 14 de maio, apresentando alguns sintomas, e foi notificado pela equipe, que seguiu rigorosamente todos os protocolos, j\u00e1 saiu da unidade com agendamento marcado para realiza\u00e7\u00e3o de teste r\u00e1pido, o mesmo realizado na tarde desta quinta-feira.Todos os testes r\u00e1pidos s\u00e3o realizados na sala que foi montada.<br \/>\nA Prefeitura de Sum\u00e9 refor\u00e7a cada vez mais que as pessoas fiquem em casa, ao receber qualquer servi\u00e7o de delivery tomar todas as precau\u00e7\u00f5es com a higieniza\u00e7\u00e3o.Saiam somente para necessidades urgentes, e se sair, usem m\u00e1scaras e mantenham o distanciamento social.<\/p>\n<p>Ascom\/PMS<\/p>\n","protected":false},"excerpt":{"rendered":"<p>A Secretaria de Sa\u00fade de Sum\u00e9, por meio da Vigilancia Epidemiol\u00f3gica, confirmou, no in\u00edcio da tarde desta quinta-feira (21)mais um caso positivo de coronav\u00edrus (Covid-19) no munic\u00edpio. Trata-se de um adolescente de 15 anos, com hist\u00f3rico de viagens para o munic\u00edpio do Congo. O paciente procurou a unidade b\u00e1sica de Sa\u00fade no dia 14 de maio, apresentando alguns sintomas, e foi notificado pela equipe, que seguiu rigorosamente todos os protocolos, j\u00e1 saiu da unidade com agendamento marcado para realiza\u00e7\u00e3o de teste r\u00e1pido, o mesmo realizado na tarde desta quinta-feira.Todos os testes r\u00e1pidos s\u00e3o realizados na sala que foi montada. A Prefeitura de Sum\u00e9 refor\u00e7a cada vez mais que as pessoas fiquem em casa, ao receber qualquer servi\u00e7o de delivery tomar todas as precau\u00e7\u00f5es com a higieniza\u00e7\u00e3o.Saiam somente para necessidades urgentes, e se sair, usem m\u00e1scaras e mantenham o distanciamento social. Ascom\/PMS<\/p>\n","protected":false},"author":2,"featured_media":24999,"comment_status":"closed","ping_status":"open","sticky":false,"template":"","format":"standard","meta":{"_eb_attr":"","_jetpack_memberships_contains_paid_content":false,"footnotes":""},"categories":[3],"tags":[],"class_list":["post-24998","post","type-post","status-publish","format-standard","has-post-thumbnail","hentry","category-cidades"],"yoast_head":"<!-- This site is optimized with the Yoast SEO plugin v26.5 - https:\/\/yoast.com\/wordpress\/plugins\/seo\/ -->\n<title>Adolescente de 15 anos \u00e9 o terceiro caso confirmado do coronav\u00edrus em Sum\u00e9 - Not&iacute;cias em Destaque<\/title>\n<meta name=\"robots\" content=\"index, follow, max-snippet:-1, max-image-preview:large, max-video-preview:-1\" \/>\n<link rel=\"canonical\" href=\"https:\/\/noticiasemdestaque.com\/cd\/?p=24998\" \/>\n<meta property=\"og:locale\" content=\"pt_BR\" \/>\n<meta property=\"og:type\" content=\"article\" \/>\n<meta property=\"og:title\" content=\"Adolescente de 15 anos \u00e9 o terceiro caso confirmado do coronav\u00edrus em Sum\u00e9 - Not&iacute;cias em Destaque\" \/>\n<meta property=\"og:description\" content=\"A Secretaria de Sa\u00fade de Sum\u00e9, por meio da Vigilancia Epidemiol\u00f3gica, confirmou, no in\u00edcio da tarde desta quinta-feira (21)mais um caso positivo de coronav\u00edrus (Covid-19) no munic\u00edpio. Trata-se de um adolescente de 15 anos, com hist\u00f3rico de viagens para o munic\u00edpio do Congo. O paciente procurou a unidade b\u00e1sica de Sa\u00fade no dia 14 de maio, apresentando alguns sintomas, e foi notificado pela equipe, que seguiu rigorosamente todos os protocolos, j\u00e1 saiu da unidade com agendamento marcado para realiza\u00e7\u00e3o de teste r\u00e1pido, o mesmo realizado na tarde desta quinta-feira.Todos os testes r\u00e1pidos s\u00e3o realizados na sala que foi montada. A Prefeitura de Sum\u00e9 refor\u00e7a cada vez mais que as pessoas fiquem em casa, ao receber qualquer servi\u00e7o de delivery tomar todas as precau\u00e7\u00f5es com a higieniza\u00e7\u00e3o.Saiam somente para necessidades urgentes, e se sair, usem m\u00e1scaras e mantenham o distanciamento social. Ascom\/PMS\" \/>\n<meta property=\"og:url\" content=\"https:\/\/noticiasemdestaque.com\/cd\/?p=24998\" \/>\n<meta property=\"og:site_name\" content=\"Not&iacute;cias em Destaque\" \/>\n<meta property=\"article:published_time\" content=\"2020-05-21T21:03:44+00:00\" \/>\n<meta property=\"article:modified_time\" content=\"2020-05-21T21:06:25+00:00\" \/>\n<meta property=\"og:image\" content=\"https:\/\/noticiasemdestaque.com\/cd\/wp-content\/uploads\/2020\/05\/98363271_1927136960753158_529779847979859968_n.jpg\" \/>\n\t<meta property=\"og:image:width\" content=\"720\" \/>\n\t<meta property=\"og:image:height\" content=\"798\" \/>\n\t<meta property=\"og:image:type\" content=\"image\/jpeg\" \/>\n<meta name=\"author\" content=\"Not\u00edcias em Destaque\" \/>\n<meta name=\"twitter:card\" content=\"summary_large_image\" \/>\n<meta name=\"twitter:label1\" content=\"Escrito por\" \/>\n\t<meta name=\"twitter:data1\" content=\"Not\u00edcias em Destaque\" \/>\n\t<meta name=\"twitter:label2\" content=\"Est. tempo de leitura\" \/>\n\t<meta name=\"twitter:data2\" content=\"1 minuto\" \/>\n<script type=\"application\/ld+json\" class=\"yoast-schema-graph\">{\"@context\":\"https:\/\/schema.org\",\"@graph\":[{\"@type\":\"Article\",\"@id\":\"https:\/\/noticiasemdestaque.com\/cd\/?p=24998#article\",\"isPartOf\":{\"@id\":\"https:\/\/noticiasemdestaque.com\/cd\/?p=24998\"},\"author\":{\"name\":\"Not\u00edcias em Destaque\",\"@id\":\"https:\/\/noticiasemdestaque.com\/cd\/#\/schema\/person\/21320b03a7e8bb90128938dafc9b908a\"},\"headline\":\"Adolescente de 15 anos \u00e9 o terceiro caso confirmado do coronav\u00edrus em Sum\u00e9\",\"datePublished\":\"2020-05-21T21:03:44+00:00\",\"dateModified\":\"2020-05-21T21:06:25+00:00\",\"mainEntityOfPage\":{\"@id\":\"https:\/\/noticiasemdestaque.com\/cd\/?p=24998\"},\"wordCount\":172,\"publisher\":{\"@id\":\"https:\/\/noticiasemdestaque.com\/cd\/#organization\"},\"image\":{\"@id\":\"https:\/\/noticiasemdestaque.com\/cd\/?p=24998#primaryimage\"},\"thumbnailUrl\":\"https:\/\/noticiasemdestaque.com\/cd\/wp-content\/uploads\/2020\/05\/98363271_1927136960753158_529779847979859968_n.jpg\",\"articleSection\":[\"Cidades\"],\"inLanguage\":\"pt-BR\"},{\"@type\":\"WebPage\",\"@id\":\"https:\/\/noticiasemdestaque.com\/cd\/?p=24998\",\"url\":\"https:\/\/noticiasemdestaque.com\/cd\/?p=24998\",\"name\":\"Adolescente de 15 anos \u00e9 o terceiro caso confirmado do coronav\u00edrus em Sum\u00e9 - Not&iacute;cias em Destaque\",\"isPartOf\":{\"@id\":\"https:\/\/noticiasemdestaque.com\/cd\/#website\"},\"primaryImageOfPage\":{\"@id\":\"https:\/\/noticiasemdestaque.com\/cd\/?p=24998#primaryimage\"},\"image\":{\"@id\":\"https:\/\/noticiasemdestaque.com\/cd\/?p=24998#primaryimage\"},\"thumbnailUrl\":\"https:\/\/noticiasemdestaque.com\/cd\/wp-content\/uploads\/2020\/05\/98363271_1927136960753158_529779847979859968_n.jpg\",\"datePublished\":\"2020-05-21T21:03:44+00:00\",\"dateModified\":\"2020-05-21T21:06:25+00:00\",\"breadcrumb\":{\"@id\":\"https:\/\/noticiasemdestaque.com\/cd\/?p=24998#breadcrumb\"},\"inLanguage\":\"pt-BR\",\"potentialAction\":[{\"@type\":\"ReadAction\",\"target\":[\"https:\/\/noticiasemdestaque.com\/cd\/?p=24998\"]}]},{\"@type\":\"ImageObject\",\"inLanguage\":\"pt-BR\",\"@id\":\"https:\/\/noticiasemdestaque.com\/cd\/?p=24998#primaryimage\",\"url\":\"https:\/\/noticiasemdestaque.com\/cd\/wp-content\/uploads\/2020\/05\/98363271_1927136960753158_529779847979859968_n.jpg\",\"contentUrl\":\"https:\/\/noticiasemdestaque.com\/cd\/wp-content\/uploads\/2020\/05\/98363271_1927136960753158_529779847979859968_n.jpg\",\"width\":720,\"height\":798},{\"@type\":\"BreadcrumbList\",\"@id\":\"https:\/\/noticiasemdestaque.com\/cd\/?p=24998#breadcrumb\",\"itemListElement\":[{\"@type\":\"ListItem\",\"position\":1,\"name\":\"In\u00edcio\",\"item\":\"https:\/\/noticiasemdestaque.com\/cd\/\"},{\"@type\":\"ListItem\",\"position\":2,\"name\":\"Adolescente de 15 anos \u00e9 o terceiro caso confirmado do coronav\u00edrus em Sum\u00e9\"}]},{\"@type\":\"WebSite\",\"@id\":\"https:\/\/noticiasemdestaque.com\/cd\/#website\",\"url\":\"https:\/\/noticiasemdestaque.com\/cd\/\",\"name\":\"Not&iacute;cias em Destaque\",\"description\":\"\",\"publisher\":{\"@id\":\"https:\/\/noticiasemdestaque.com\/cd\/#organization\"},\"potentialAction\":[{\"@type\":\"SearchAction\",\"target\":{\"@type\":\"EntryPoint\",\"urlTemplate\":\"https:\/\/noticiasemdestaque.com\/cd\/?s={search_term_string}\"},\"query-input\":{\"@type\":\"PropertyValueSpecification\",\"valueRequired\":true,\"valueName\":\"search_term_string\"}}],\"inLanguage\":\"pt-BR\"},{\"@type\":\"Organization\",\"@id\":\"https:\/\/noticiasemdestaque.com\/cd\/#organization\",\"name\":\"Not\u00edcias em Destaque\",\"url\":\"https:\/\/noticiasemdestaque.com\/cd\/\",\"logo\":{\"@type\":\"ImageObject\",\"inLanguage\":\"pt-BR\",\"@id\":\"https:\/\/noticiasemdestaque.com\/cd\/#\/schema\/logo\/image\/\",\"url\":\"https:\/\/noticiasemdestaque.com\/cd\/wp-content\/uploads\/2022\/05\/imagem-base-noticiasemdestaque.png\",\"contentUrl\":\"https:\/\/noticiasemdestaque.com\/cd\/wp-content\/uploads\/2022\/05\/imagem-base-noticiasemdestaque.png\",\"width\":1200,\"height\":630,\"caption\":\"Not\u00edcias em Destaque\"},\"image\":{\"@id\":\"https:\/\/noticiasemdestaque.com\/cd\/#\/schema\/logo\/image\/\"}},{\"@type\":\"Person\",\"@id\":\"https:\/\/noticiasemdestaque.com\/cd\/#\/schema\/person\/21320b03a7e8bb90128938dafc9b908a\",\"name\":\"Not\u00edcias em Destaque\",\"url\":\"https:\/\/noticiasemdestaque.com\/cd\/?author=2\"}]}<\/script>\n<!-- \/ Yoast SEO plugin. -->","yoast_head_json":{"title":"Adolescente de 15 anos \u00e9 o terceiro caso confirmado do coronav\u00edrus em Sum\u00e9 - Not&iacute;cias em Destaque","robots":{"index":"index","follow":"follow","max-snippet":"max-snippet:-1","max-image-preview":"max-image-preview:large","max-video-preview":"max-video-preview:-1"},"canonical":"https:\/\/noticiasemdestaque.com\/cd\/?p=24998","og_locale":"pt_BR","og_type":"article","og_title":"Adolescente de 15 anos \u00e9 o terceiro caso confirmado do coronav\u00edrus em Sum\u00e9 - Not&iacute;cias em Destaque","og_description":"A Secretaria de Sa\u00fade de Sum\u00e9, por meio da Vigilancia Epidemiol\u00f3gica, confirmou, no in\u00edcio da tarde desta quinta-feira (21)mais um caso positivo de coronav\u00edrus (Covid-19) no munic\u00edpio. Trata-se de um adolescente de 15 anos, com hist\u00f3rico de viagens para o munic\u00edpio do Congo. O paciente procurou a unidade b\u00e1sica de Sa\u00fade no dia 14 de maio, apresentando alguns sintomas, e foi notificado pela equipe, que seguiu rigorosamente todos os protocolos, j\u00e1 saiu da unidade com agendamento marcado para realiza\u00e7\u00e3o de teste r\u00e1pido, o mesmo realizado na tarde desta quinta-feira.Todos os testes r\u00e1pidos s\u00e3o realizados na sala que foi montada. A Prefeitura de Sum\u00e9 refor\u00e7a cada vez mais que as pessoas fiquem em casa, ao receber qualquer servi\u00e7o de delivery tomar todas as precau\u00e7\u00f5es com a higieniza\u00e7\u00e3o.Saiam somente para necessidades urgentes, e se sair, usem m\u00e1scaras e mantenham o distanciamento social. Ascom\/PMS","og_url":"https:\/\/noticiasemdestaque.com\/cd\/?p=24998","og_site_name":"Not&iacute;cias em Destaque","article_published_time":"2020-05-21T21:03:44+00:00","article_modified_time":"2020-05-21T21:06:25+00:00","og_image":[{"width":720,"height":798,"url":"https:\/\/noticiasemdestaque.com\/cd\/wp-content\/uploads\/2020\/05\/98363271_1927136960753158_529779847979859968_n.jpg","type":"image\/jpeg"}],"author":"Not\u00edcias em Destaque","twitter_card":"summary_large_image","twitter_misc":{"Escrito por":"Not\u00edcias em Destaque","Est. tempo de leitura":"1 minuto"},"schema":{"@context":"https:\/\/schema.org","@graph":[{"@type":"Article","@id":"https:\/\/noticiasemdestaque.com\/cd\/?p=24998#article","isPartOf":{"@id":"https:\/\/noticiasemdestaque.com\/cd\/?p=24998"},"author":{"name":"Not\u00edcias em Destaque","@id":"https:\/\/noticiasemdestaque.com\/cd\/#\/schema\/person\/21320b03a7e8bb90128938dafc9b908a"},"headline":"Adolescente de 15 anos \u00e9 o terceiro caso confirmado do coronav\u00edrus em Sum\u00e9","datePublished":"2020-05-21T21:03:44+00:00","dateModified":"2020-05-21T21:06:25+00:00","mainEntityOfPage":{"@id":"https:\/\/noticiasemdestaque.com\/cd\/?p=24998"},"wordCount":172,"publisher":{"@id":"https:\/\/noticiasemdestaque.com\/cd\/#organization"},"image":{"@id":"https:\/\/noticiasemdestaque.com\/cd\/?p=24998#primaryimage"},"thumbnailUrl":"https:\/\/noticiasemdestaque.com\/cd\/wp-content\/uploads\/2020\/05\/98363271_1927136960753158_529779847979859968_n.jpg","articleSection":["Cidades"],"inLanguage":"pt-BR"},{"@type":"WebPage","@id":"https:\/\/noticiasemdestaque.com\/cd\/?p=24998","url":"https:\/\/noticiasemdestaque.com\/cd\/?p=24998","name":"Adolescente de 15 anos \u00e9 o terceiro caso confirmado do coronav\u00edrus em Sum\u00e9 - Not&iacute;cias em Destaque","isPartOf":{"@id":"https:\/\/noticiasemdestaque.com\/cd\/#website"},"primaryImageOfPage":{"@id":"https:\/\/noticiasemdestaque.com\/cd\/?p=24998#primaryimage"},"image":{"@id":"https:\/\/noticiasemdestaque.com\/cd\/?p=24998#primaryimage"},"thumbnailUrl":"https:\/\/noticiasemdestaque.com\/cd\/wp-content\/uploads\/2020\/05\/98363271_1927136960753158_529779847979859968_n.jpg","datePublished":"2020-05-21T21:03:44+00:00","dateModified":"2020-05-21T21:06:25+00:00","breadcrumb":{"@id":"https:\/\/noticiasemdestaque.com\/cd\/?p=24998#breadcrumb"},"inLanguage":"pt-BR","potentialAction":[{"@type":"ReadAction","target":["https:\/\/noticiasemdestaque.com\/cd\/?p=24998"]}]},{"@type":"ImageObject","inLanguage":"pt-BR","@id":"https:\/\/noticiasemdestaque.com\/cd\/?p=24998#primaryimage","url":"https:\/\/noticiasemdestaque.com\/cd\/wp-content\/uploads\/2020\/05\/98363271_1927136960753158_529779847979859968_n.jpg","contentUrl":"https:\/\/noticiasemdestaque.com\/cd\/wp-content\/uploads\/2020\/05\/98363271_1927136960753158_529779847979859968_n.jpg","width":720,"height":798},{"@type":"BreadcrumbList","@id":"https:\/\/noticiasemdestaque.com\/cd\/?p=24998#breadcrumb","itemListElement":[{"@type":"ListItem","position":1,"name":"In\u00edcio","item":"https:\/\/noticiasemdestaque.com\/cd\/"},{"@type":"ListItem","position":2,"name":"Adolescente de 15 anos \u00e9 o terceiro caso confirmado do coronav\u00edrus em Sum\u00e9"}]},{"@type":"WebSite","@id":"https:\/\/noticiasemdestaque.com\/cd\/#website","url":"https:\/\/noticiasemdestaque.com\/cd\/","name":"Not&iacute;cias em Destaque","description":"","publisher":{"@id":"https:\/\/noticiasemdestaque.com\/cd\/#organization"},"potentialAction":[{"@type":"SearchAction","target":{"@type":"EntryPoint","urlTemplate":"https:\/\/noticiasemdestaque.com\/cd\/?s={search_term_string}"},"query-input":{"@type":"PropertyValueSpecification","valueRequired":true,"valueName":"search_term_string"}}],"inLanguage":"pt-BR"},{"@type":"Organization","@id":"https:\/\/noticiasemdestaque.com\/cd\/#organization","name":"Not\u00edcias em Destaque","url":"https:\/\/noticiasemdestaque.com\/cd\/","logo":{"@type":"ImageObject","inLanguage":"pt-BR","@id":"https:\/\/noticiasemdestaque.com\/cd\/#\/schema\/logo\/image\/","url":"https:\/\/noticiasemdestaque.com\/cd\/wp-content\/uploads\/2022\/05\/imagem-base-noticiasemdestaque.png","contentUrl":"https:\/\/noticiasemdestaque.com\/cd\/wp-content\/uploads\/2022\/05\/imagem-base-noticiasemdestaque.png","width":1200,"height":630,"caption":"Not\u00edcias em Destaque"},"image":{"@id":"https:\/\/noticiasemdestaque.com\/cd\/#\/schema\/logo\/image\/"}},{"@type":"Person","@id":"https:\/\/noticiasemdestaque.com\/cd\/#\/schema\/person\/21320b03a7e8bb90128938dafc9b908a","name":"Not\u00edcias em Destaque","url":"https:\/\/noticiasemdestaque.com\/cd\/?author=2"}]}},"jetpack_featured_media_url":"https:\/\/noticiasemdestaque.com\/cd\/wp-content\/uploads\/2020\/05\/98363271_1927136960753158_529779847979859968_n.jpg","jetpack_sharing_enabled":true,"_links":{"self":[{"href":"https:\/\/noticiasemdestaque.com\/cd\/index.php?rest_route=\/wp\/v2\/posts\/24998","targetHints":{"allow":["GET"]}}],"collection":[{"href":"https:\/\/noticiasemdestaque.com\/cd\/index.php?rest_route=\/wp\/v2\/posts"}],"about":[{"href":"https:\/\/noticiasemdestaque.com\/cd\/index.php?rest_route=\/wp\/v2\/types\/post"}],"author":[{"embeddable":true,"href":"https:\/\/noticiasemdestaque.com\/cd\/index.php?rest_route=\/wp\/v2\/users\/2"}],"replies":[{"embeddable":true,"href":"https:\/\/noticiasemdestaque.com\/cd\/index.php?rest_route=%2Fwp%2Fv2%2Fcomments&post=24998"}],"version-history":[{"count":1,"href":"https:\/\/noticiasemdestaque.com\/cd\/index.php?rest_route=\/wp\/v2\/posts\/24998\/revisions"}],"predecessor-version":[{"id":25000,"href":"https:\/\/noticiasemdestaque.com\/cd\/index.php?rest_route=\/wp\/v2\/posts\/24998\/revisions\/25000"}],"wp:featuredmedia":[{"embeddable":true,"href":"https:\/\/noticiasemdestaque.com\/cd\/index.php?rest_route=\/wp\/v2\/media\/24999"}],"wp:attachment":[{"href":"https:\/\/noticiasemdestaque.com\/cd\/index.php?rest_route=%2Fwp%2Fv2%2Fmedia&parent=24998"}],"wp:term":[{"taxonomy":"category","embeddable":true,"href":"https:\/\/noticiasemdestaque.com\/cd\/index.php?rest_route=%2Fwp%2Fv2%2Fcategories&post=24998"},{"taxonomy":"post_tag","embeddable":true,"href":"https:\/\/noticiasemdestaque.com\/cd\/index.php?rest_route=%2Fwp%2Fv2%2Ftags&post=24998"}],"curies":[{"name":"wp","href":"https:\/\/api.w.org\/{rel}","templated":true}]}}