{"id":24995,"date":"2020-05-20T18:46:25","date_gmt":"2020-05-20T21:46:25","guid":{"rendered":"http:\/\/noticiasemdestaque.com\/cd\/?p=24995"},"modified":"2020-05-20T18:46:25","modified_gmt":"2020-05-20T21:46:25","slug":"ministerio-da-educacao-adia-o-enem-2020","status":"publish","type":"post","link":"https:\/\/noticiasemdestaque.com\/cd\/?p=24995","title":{"rendered":"Minist\u00e9rio da Educa\u00e7\u00e3o adia o Enem 2020"},"content":{"rendered":"<p><a href=\"https:\/\/noticiasemdestaque.com\/cd\/wp-content\/uploads\/2020\/04\/enem-2020.jpg\"><img fetchpriority=\"high\" decoding=\"async\" class=\"wp-image-24358 alignleft\" src=\"https:\/\/noticiasemdestaque.com\/cd\/wp-content\/uploads\/2020\/04\/enem-2020-1024x683.jpg\" alt=\"\" width=\"368\" height=\"245\" srcset=\"https:\/\/noticiasemdestaque.com\/cd\/wp-content\/uploads\/2020\/04\/enem-2020-1024x683.jpg 1024w, https:\/\/noticiasemdestaque.com\/cd\/wp-content\/uploads\/2020\/04\/enem-2020-300x200.jpg 300w, https:\/\/noticiasemdestaque.com\/cd\/wp-content\/uploads\/2020\/04\/enem-2020-768x512.jpg 768w, https:\/\/noticiasemdestaque.com\/cd\/wp-content\/uploads\/2020\/04\/enem-2020-480x320.jpg 480w, https:\/\/noticiasemdestaque.com\/cd\/wp-content\/uploads\/2020\/04\/enem-2020.jpg 1200w\" sizes=\"(max-width: 368px) 100vw, 368px\" \/><\/a><\/p>\n<p>O Minist\u00e9rio da Educa\u00e7\u00e3o (MEC) decidiu adiar o Exame Nacional do Ensino M\u00e9dio (Enem) 2020 em fun\u00e7\u00e3o dos impactos da pandemia do novo coronav\u00edrus. \u201cAs datas ser\u00e3o adiadas de 30 a 60 dias em rela\u00e7\u00e3o ao que foi previsto nos editais\u201c, diz nota conjunta do MEC\u00a0e do Instituto Nacional de Estudos e Pesquisas Educacionais An\u00edsio Teixeira (Inep).<\/p>\n<p>O\u00a0<a href=\"https:\/\/agenciabrasil.ebc.com.br\/educacao\/noticia\/2020-03\/inep-publica-editais-do-enem-2020\" target=\"_blank\" rel=\"noopener noreferrer\">cronograma inicial previa<\/a>\u00a0a aplica\u00e7\u00e3o do Enem 2020 impresso nos dias 1\u00ba e 8 de novembro. J\u00e1 os participantes da vers\u00e3o digital, fariam a prova nos dias 11 e 18 de outubro. mais de 3,5 milh\u00f5es de candidatos se inscraveram para o exame.<\/p>\n<p>Para definir a nova data,\u00a0<a href=\"https:\/\/agenciabrasil.ebc.com.br\/educacao\/noticia\/2020-05\/mec-vai-abrir-consulta-sobre-data-do-enem\" target=\"_blank\" rel=\"noopener noreferrer\">o Inep promover\u00e1 uma enquete direcionada<\/a>\u00a0aos inscritos do Enem 2020, a ser realizada em junho, por meio da\u00a0<a href=\"https:\/\/enem.inep.gov.br\/participante\/#!\/\" target=\"_blank\" rel=\"noopener noreferrer\">P\u00e1gina do Participante<\/a>. As inscri\u00e7\u00f5es para o exame seguem abertas at\u00e9 as 23h59 desta sexta-feira, 22 de maio.<\/p>\n<p>Mais cedo, o ministro da Educa\u00e7\u00e3o, Abraham Weintraub, mencionou um poss\u00edvel adiamento do Enem,\u00a0<a href=\"https:\/\/agenciabrasil.ebc.com.br\/educacao\/noticia\/2020-05\/weintraub-sugere-adiamento-do-enem-por-ate-60-dias\" target=\"_blank\" rel=\"noopener noreferrer\">pelas redes sociais<\/a>. Em sua conta no Twitter, ele informou que a decis\u00e3o ocorre \u201cdiante dos recentes acontecimentos no Congresso\u201d e ap\u00f3s conversas com l\u00edderes do centr\u00e3o.<\/p>\n<p>A C\u00e2mara dos Deputados est\u00e1 pautada para votar hoje\u00a0requerimento de urg\u00eancia para a vota\u00e7\u00e3o do projeto de lei (PL) 2623\/2020, que adia o Enem enquanto durarem as medidas sanit\u00e1rias emergenciais decorrentes da pandemia do novo coronav\u00edrus, mas com o adiamento anunciado pelo pr\u00f3prio MEC, h\u00e1 a possibilidade de a pauta ser derrubada.<\/p>\n<p><em><strong>Not\u00edcias em Destaque<\/strong><\/em><\/p>\n<p>Com EBC<\/p>\n","protected":false},"excerpt":{"rendered":"<p>O Minist\u00e9rio da Educa\u00e7\u00e3o (MEC) decidiu adiar o Exame Nacional do Ensino M\u00e9dio (Enem) 2020 em fun\u00e7\u00e3o dos impactos da pandemia do novo coronav\u00edrus. \u201cAs datas ser\u00e3o adiadas de 30 a 60 dias em rela\u00e7\u00e3o ao que foi previsto nos editais\u201c, diz nota conjunta do MEC\u00a0e do Instituto Nacional de Estudos e Pesquisas Educacionais An\u00edsio Teixeira (Inep). O\u00a0cronograma inicial previa\u00a0a aplica\u00e7\u00e3o do Enem 2020 impresso nos dias 1\u00ba e 8 de novembro. J\u00e1 os participantes da vers\u00e3o digital, fariam a prova nos dias 11 e 18 de outubro. mais de 3,5 milh\u00f5es de candidatos se inscraveram para o exame. Para definir a nova data,\u00a0o Inep promover\u00e1 uma enquete direcionada\u00a0aos inscritos do Enem 2020, a ser realizada em junho, por meio da\u00a0P\u00e1gina do Participante. As inscri\u00e7\u00f5es para o exame seguem abertas at\u00e9 as 23h59 desta sexta-feira, 22 de maio. Mais cedo, o ministro da Educa\u00e7\u00e3o, Abraham Weintraub, mencionou um poss\u00edvel adiamento do Enem,\u00a0pelas redes sociais. Em sua conta no Twitter, ele informou que a decis\u00e3o ocorre \u201cdiante dos recentes acontecimentos no Congresso\u201d e ap\u00f3s conversas com l\u00edderes do centr\u00e3o. A C\u00e2mara dos Deputados est\u00e1 pautada para votar hoje\u00a0requerimento de urg\u00eancia para a vota\u00e7\u00e3o do projeto de lei (PL) 2623\/2020, que adia o Enem enquanto durarem as medidas sanit\u00e1rias emergenciais decorrentes da pandemia do novo coronav\u00edrus, mas com o adiamento anunciado pelo pr\u00f3prio MEC, h\u00e1 a possibilidade de a pauta ser derrubada. Not\u00edcias em Destaque Com EBC<\/p>\n","protected":false},"author":2,"featured_media":13321,"comment_status":"closed","ping_status":"open","sticky":false,"template":"","format":"standard","meta":{"_eb_attr":"","_jetpack_memberships_contains_paid_content":false,"footnotes":""},"categories":[6],"tags":[],"class_list":["post-24995","post","type-post","status-publish","format-standard","has-post-thumbnail","hentry","category-educacao"],"yoast_head":"<!-- This site is optimized with the Yoast SEO plugin v26.5 - https:\/\/yoast.com\/wordpress\/plugins\/seo\/ -->\n<title>Minist\u00e9rio da Educa\u00e7\u00e3o adia o Enem 2020 - Not&iacute;cias em Destaque<\/title>\n<meta name=\"robots\" content=\"index, follow, max-snippet:-1, max-image-preview:large, max-video-preview:-1\" \/>\n<link rel=\"canonical\" href=\"https:\/\/noticiasemdestaque.com\/cd\/?p=24995\" \/>\n<meta property=\"og:locale\" content=\"pt_BR\" \/>\n<meta property=\"og:type\" content=\"article\" \/>\n<meta property=\"og:title\" content=\"Minist\u00e9rio da Educa\u00e7\u00e3o adia o Enem 2020 - Not&iacute;cias em Destaque\" \/>\n<meta property=\"og:description\" content=\"O Minist\u00e9rio da Educa\u00e7\u00e3o (MEC) decidiu adiar o Exame Nacional do Ensino M\u00e9dio (Enem) 2020 em fun\u00e7\u00e3o dos impactos da pandemia do novo coronav\u00edrus. \u201cAs datas ser\u00e3o adiadas de 30 a 60 dias em rela\u00e7\u00e3o ao que foi previsto nos editais\u201c, diz nota conjunta do MEC\u00a0e do Instituto Nacional de Estudos e Pesquisas Educacionais An\u00edsio Teixeira (Inep). O\u00a0cronograma inicial previa\u00a0a aplica\u00e7\u00e3o do Enem 2020 impresso nos dias 1\u00ba e 8 de novembro. J\u00e1 os participantes da vers\u00e3o digital, fariam a prova nos dias 11 e 18 de outubro. mais de 3,5 milh\u00f5es de candidatos se inscraveram para o exame. Para definir a nova data,\u00a0o Inep promover\u00e1 uma enquete direcionada\u00a0aos inscritos do Enem 2020, a ser realizada em junho, por meio da\u00a0P\u00e1gina do Participante. As inscri\u00e7\u00f5es para o exame seguem abertas at\u00e9 as 23h59 desta sexta-feira, 22 de maio. Mais cedo, o ministro da Educa\u00e7\u00e3o, Abraham Weintraub, mencionou um poss\u00edvel adiamento do Enem,\u00a0pelas redes sociais. Em sua conta no Twitter, ele informou que a decis\u00e3o ocorre \u201cdiante dos recentes acontecimentos no Congresso\u201d e ap\u00f3s conversas com l\u00edderes do centr\u00e3o. A C\u00e2mara dos Deputados est\u00e1 pautada para votar hoje\u00a0requerimento de urg\u00eancia para a vota\u00e7\u00e3o do projeto de lei (PL) 2623\/2020, que adia o Enem enquanto durarem as medidas sanit\u00e1rias emergenciais decorrentes da pandemia do novo coronav\u00edrus, mas com o adiamento anunciado pelo pr\u00f3prio MEC, h\u00e1 a possibilidade de a pauta ser derrubada. Not\u00edcias em Destaque Com EBC\" \/>\n<meta property=\"og:url\" content=\"https:\/\/noticiasemdestaque.com\/cd\/?p=24995\" \/>\n<meta property=\"og:site_name\" content=\"Not&iacute;cias em Destaque\" \/>\n<meta property=\"article:published_time\" content=\"2020-05-20T21:46:25+00:00\" \/>\n<meta property=\"og:image\" content=\"https:\/\/noticiasemdestaque.com\/cd\/wp-content\/uploads\/2018\/10\/enem2210.jpg\" \/>\n\t<meta property=\"og:image:width\" content=\"754\" \/>\n\t<meta property=\"og:image:height\" content=\"537\" \/>\n\t<meta property=\"og:image:type\" content=\"image\/jpeg\" \/>\n<meta name=\"author\" content=\"Not\u00edcias em Destaque\" \/>\n<meta name=\"twitter:card\" content=\"summary_large_image\" \/>\n<meta name=\"twitter:label1\" content=\"Escrito por\" \/>\n\t<meta name=\"twitter:data1\" content=\"Not\u00edcias em Destaque\" \/>\n\t<meta name=\"twitter:label2\" content=\"Est. tempo de leitura\" \/>\n\t<meta name=\"twitter:data2\" content=\"1 minuto\" \/>\n<script type=\"application\/ld+json\" class=\"yoast-schema-graph\">{\"@context\":\"https:\/\/schema.org\",\"@graph\":[{\"@type\":\"Article\",\"@id\":\"https:\/\/noticiasemdestaque.com\/cd\/?p=24995#article\",\"isPartOf\":{\"@id\":\"https:\/\/noticiasemdestaque.com\/cd\/?p=24995\"},\"author\":{\"name\":\"Not\u00edcias em Destaque\",\"@id\":\"https:\/\/noticiasemdestaque.com\/cd\/#\/schema\/person\/21320b03a7e8bb90128938dafc9b908a\"},\"headline\":\"Minist\u00e9rio da Educa\u00e7\u00e3o adia o Enem 2020\",\"datePublished\":\"2020-05-20T21:46:25+00:00\",\"mainEntityOfPage\":{\"@id\":\"https:\/\/noticiasemdestaque.com\/cd\/?p=24995\"},\"wordCount\":265,\"publisher\":{\"@id\":\"https:\/\/noticiasemdestaque.com\/cd\/#organization\"},\"image\":{\"@id\":\"https:\/\/noticiasemdestaque.com\/cd\/?p=24995#primaryimage\"},\"thumbnailUrl\":\"https:\/\/noticiasemdestaque.com\/cd\/wp-content\/uploads\/2018\/10\/enem2210.jpg\",\"articleSection\":[\"Educa\u00e7\u00e3o\"],\"inLanguage\":\"pt-BR\"},{\"@type\":\"WebPage\",\"@id\":\"https:\/\/noticiasemdestaque.com\/cd\/?p=24995\",\"url\":\"https:\/\/noticiasemdestaque.com\/cd\/?p=24995\",\"name\":\"Minist\u00e9rio da Educa\u00e7\u00e3o adia o Enem 2020 - Not&iacute;cias em Destaque\",\"isPartOf\":{\"@id\":\"https:\/\/noticiasemdestaque.com\/cd\/#website\"},\"primaryImageOfPage\":{\"@id\":\"https:\/\/noticiasemdestaque.com\/cd\/?p=24995#primaryimage\"},\"image\":{\"@id\":\"https:\/\/noticiasemdestaque.com\/cd\/?p=24995#primaryimage\"},\"thumbnailUrl\":\"https:\/\/noticiasemdestaque.com\/cd\/wp-content\/uploads\/2018\/10\/enem2210.jpg\",\"datePublished\":\"2020-05-20T21:46:25+00:00\",\"breadcrumb\":{\"@id\":\"https:\/\/noticiasemdestaque.com\/cd\/?p=24995#breadcrumb\"},\"inLanguage\":\"pt-BR\",\"potentialAction\":[{\"@type\":\"ReadAction\",\"target\":[\"https:\/\/noticiasemdestaque.com\/cd\/?p=24995\"]}]},{\"@type\":\"ImageObject\",\"inLanguage\":\"pt-BR\",\"@id\":\"https:\/\/noticiasemdestaque.com\/cd\/?p=24995#primaryimage\",\"url\":\"https:\/\/noticiasemdestaque.com\/cd\/wp-content\/uploads\/2018\/10\/enem2210.jpg\",\"contentUrl\":\"https:\/\/noticiasemdestaque.com\/cd\/wp-content\/uploads\/2018\/10\/enem2210.jpg\",\"width\":754,\"height\":537},{\"@type\":\"BreadcrumbList\",\"@id\":\"https:\/\/noticiasemdestaque.com\/cd\/?p=24995#breadcrumb\",\"itemListElement\":[{\"@type\":\"ListItem\",\"position\":1,\"name\":\"In\u00edcio\",\"item\":\"https:\/\/noticiasemdestaque.com\/cd\/\"},{\"@type\":\"ListItem\",\"position\":2,\"name\":\"Minist\u00e9rio da Educa\u00e7\u00e3o adia o Enem 2020\"}]},{\"@type\":\"WebSite\",\"@id\":\"https:\/\/noticiasemdestaque.com\/cd\/#website\",\"url\":\"https:\/\/noticiasemdestaque.com\/cd\/\",\"name\":\"Not&iacute;cias em Destaque\",\"description\":\"\",\"publisher\":{\"@id\":\"https:\/\/noticiasemdestaque.com\/cd\/#organization\"},\"potentialAction\":[{\"@type\":\"SearchAction\",\"target\":{\"@type\":\"EntryPoint\",\"urlTemplate\":\"https:\/\/noticiasemdestaque.com\/cd\/?s={search_term_string}\"},\"query-input\":{\"@type\":\"PropertyValueSpecification\",\"valueRequired\":true,\"valueName\":\"search_term_string\"}}],\"inLanguage\":\"pt-BR\"},{\"@type\":\"Organization\",\"@id\":\"https:\/\/noticiasemdestaque.com\/cd\/#organization\",\"name\":\"Not\u00edcias em Destaque\",\"url\":\"https:\/\/noticiasemdestaque.com\/cd\/\",\"logo\":{\"@type\":\"ImageObject\",\"inLanguage\":\"pt-BR\",\"@id\":\"https:\/\/noticiasemdestaque.com\/cd\/#\/schema\/logo\/image\/\",\"url\":\"https:\/\/noticiasemdestaque.com\/cd\/wp-content\/uploads\/2022\/05\/imagem-base-noticiasemdestaque.png\",\"contentUrl\":\"https:\/\/noticiasemdestaque.com\/cd\/wp-content\/uploads\/2022\/05\/imagem-base-noticiasemdestaque.png\",\"width\":1200,\"height\":630,\"caption\":\"Not\u00edcias em Destaque\"},\"image\":{\"@id\":\"https:\/\/noticiasemdestaque.com\/cd\/#\/schema\/logo\/image\/\"}},{\"@type\":\"Person\",\"@id\":\"https:\/\/noticiasemdestaque.com\/cd\/#\/schema\/person\/21320b03a7e8bb90128938dafc9b908a\",\"name\":\"Not\u00edcias em Destaque\",\"url\":\"https:\/\/noticiasemdestaque.com\/cd\/?author=2\"}]}<\/script>\n<!-- \/ Yoast SEO plugin. -->","yoast_head_json":{"title":"Minist\u00e9rio da Educa\u00e7\u00e3o adia o Enem 2020 - Not&iacute;cias em Destaque","robots":{"index":"index","follow":"follow","max-snippet":"max-snippet:-1","max-image-preview":"max-image-preview:large","max-video-preview":"max-video-preview:-1"},"canonical":"https:\/\/noticiasemdestaque.com\/cd\/?p=24995","og_locale":"pt_BR","og_type":"article","og_title":"Minist\u00e9rio da Educa\u00e7\u00e3o adia o Enem 2020 - Not&iacute;cias em Destaque","og_description":"O Minist\u00e9rio da Educa\u00e7\u00e3o (MEC) decidiu adiar o Exame Nacional do Ensino M\u00e9dio (Enem) 2020 em fun\u00e7\u00e3o dos impactos da pandemia do novo coronav\u00edrus. \u201cAs datas ser\u00e3o adiadas de 30 a 60 dias em rela\u00e7\u00e3o ao que foi previsto nos editais\u201c, diz nota conjunta do MEC\u00a0e do Instituto Nacional de Estudos e Pesquisas Educacionais An\u00edsio Teixeira (Inep). O\u00a0cronograma inicial previa\u00a0a aplica\u00e7\u00e3o do Enem 2020 impresso nos dias 1\u00ba e 8 de novembro. J\u00e1 os participantes da vers\u00e3o digital, fariam a prova nos dias 11 e 18 de outubro. mais de 3,5 milh\u00f5es de candidatos se inscraveram para o exame. Para definir a nova data,\u00a0o Inep promover\u00e1 uma enquete direcionada\u00a0aos inscritos do Enem 2020, a ser realizada em junho, por meio da\u00a0P\u00e1gina do Participante. As inscri\u00e7\u00f5es para o exame seguem abertas at\u00e9 as 23h59 desta sexta-feira, 22 de maio. Mais cedo, o ministro da Educa\u00e7\u00e3o, Abraham Weintraub, mencionou um poss\u00edvel adiamento do Enem,\u00a0pelas redes sociais. Em sua conta no Twitter, ele informou que a decis\u00e3o ocorre \u201cdiante dos recentes acontecimentos no Congresso\u201d e ap\u00f3s conversas com l\u00edderes do centr\u00e3o. A C\u00e2mara dos Deputados est\u00e1 pautada para votar hoje\u00a0requerimento de urg\u00eancia para a vota\u00e7\u00e3o do projeto de lei (PL) 2623\/2020, que adia o Enem enquanto durarem as medidas sanit\u00e1rias emergenciais decorrentes da pandemia do novo coronav\u00edrus, mas com o adiamento anunciado pelo pr\u00f3prio MEC, h\u00e1 a possibilidade de a pauta ser derrubada. Not\u00edcias em Destaque Com EBC","og_url":"https:\/\/noticiasemdestaque.com\/cd\/?p=24995","og_site_name":"Not&iacute;cias em Destaque","article_published_time":"2020-05-20T21:46:25+00:00","og_image":[{"width":754,"height":537,"url":"https:\/\/noticiasemdestaque.com\/cd\/wp-content\/uploads\/2018\/10\/enem2210.jpg","type":"image\/jpeg"}],"author":"Not\u00edcias em Destaque","twitter_card":"summary_large_image","twitter_misc":{"Escrito por":"Not\u00edcias em Destaque","Est. tempo de leitura":"1 minuto"},"schema":{"@context":"https:\/\/schema.org","@graph":[{"@type":"Article","@id":"https:\/\/noticiasemdestaque.com\/cd\/?p=24995#article","isPartOf":{"@id":"https:\/\/noticiasemdestaque.com\/cd\/?p=24995"},"author":{"name":"Not\u00edcias em Destaque","@id":"https:\/\/noticiasemdestaque.com\/cd\/#\/schema\/person\/21320b03a7e8bb90128938dafc9b908a"},"headline":"Minist\u00e9rio da Educa\u00e7\u00e3o adia o Enem 2020","datePublished":"2020-05-20T21:46:25+00:00","mainEntityOfPage":{"@id":"https:\/\/noticiasemdestaque.com\/cd\/?p=24995"},"wordCount":265,"publisher":{"@id":"https:\/\/noticiasemdestaque.com\/cd\/#organization"},"image":{"@id":"https:\/\/noticiasemdestaque.com\/cd\/?p=24995#primaryimage"},"thumbnailUrl":"https:\/\/noticiasemdestaque.com\/cd\/wp-content\/uploads\/2018\/10\/enem2210.jpg","articleSection":["Educa\u00e7\u00e3o"],"inLanguage":"pt-BR"},{"@type":"WebPage","@id":"https:\/\/noticiasemdestaque.com\/cd\/?p=24995","url":"https:\/\/noticiasemdestaque.com\/cd\/?p=24995","name":"Minist\u00e9rio da Educa\u00e7\u00e3o adia o Enem 2020 - Not&iacute;cias em Destaque","isPartOf":{"@id":"https:\/\/noticiasemdestaque.com\/cd\/#website"},"primaryImageOfPage":{"@id":"https:\/\/noticiasemdestaque.com\/cd\/?p=24995#primaryimage"},"image":{"@id":"https:\/\/noticiasemdestaque.com\/cd\/?p=24995#primaryimage"},"thumbnailUrl":"https:\/\/noticiasemdestaque.com\/cd\/wp-content\/uploads\/2018\/10\/enem2210.jpg","datePublished":"2020-05-20T21:46:25+00:00","breadcrumb":{"@id":"https:\/\/noticiasemdestaque.com\/cd\/?p=24995#breadcrumb"},"inLanguage":"pt-BR","potentialAction":[{"@type":"ReadAction","target":["https:\/\/noticiasemdestaque.com\/cd\/?p=24995"]}]},{"@type":"ImageObject","inLanguage":"pt-BR","@id":"https:\/\/noticiasemdestaque.com\/cd\/?p=24995#primaryimage","url":"https:\/\/noticiasemdestaque.com\/cd\/wp-content\/uploads\/2018\/10\/enem2210.jpg","contentUrl":"https:\/\/noticiasemdestaque.com\/cd\/wp-content\/uploads\/2018\/10\/enem2210.jpg","width":754,"height":537},{"@type":"BreadcrumbList","@id":"https:\/\/noticiasemdestaque.com\/cd\/?p=24995#breadcrumb","itemListElement":[{"@type":"ListItem","position":1,"name":"In\u00edcio","item":"https:\/\/noticiasemdestaque.com\/cd\/"},{"@type":"ListItem","position":2,"name":"Minist\u00e9rio da Educa\u00e7\u00e3o adia o Enem 2020"}]},{"@type":"WebSite","@id":"https:\/\/noticiasemdestaque.com\/cd\/#website","url":"https:\/\/noticiasemdestaque.com\/cd\/","name":"Not&iacute;cias em Destaque","description":"","publisher":{"@id":"https:\/\/noticiasemdestaque.com\/cd\/#organization"},"potentialAction":[{"@type":"SearchAction","target":{"@type":"EntryPoint","urlTemplate":"https:\/\/noticiasemdestaque.com\/cd\/?s={search_term_string}"},"query-input":{"@type":"PropertyValueSpecification","valueRequired":true,"valueName":"search_term_string"}}],"inLanguage":"pt-BR"},{"@type":"Organization","@id":"https:\/\/noticiasemdestaque.com\/cd\/#organization","name":"Not\u00edcias em Destaque","url":"https:\/\/noticiasemdestaque.com\/cd\/","logo":{"@type":"ImageObject","inLanguage":"pt-BR","@id":"https:\/\/noticiasemdestaque.com\/cd\/#\/schema\/logo\/image\/","url":"https:\/\/noticiasemdestaque.com\/cd\/wp-content\/uploads\/2022\/05\/imagem-base-noticiasemdestaque.png","contentUrl":"https:\/\/noticiasemdestaque.com\/cd\/wp-content\/uploads\/2022\/05\/imagem-base-noticiasemdestaque.png","width":1200,"height":630,"caption":"Not\u00edcias em Destaque"},"image":{"@id":"https:\/\/noticiasemdestaque.com\/cd\/#\/schema\/logo\/image\/"}},{"@type":"Person","@id":"https:\/\/noticiasemdestaque.com\/cd\/#\/schema\/person\/21320b03a7e8bb90128938dafc9b908a","name":"Not\u00edcias em Destaque","url":"https:\/\/noticiasemdestaque.com\/cd\/?author=2"}]}},"jetpack_featured_media_url":"https:\/\/noticiasemdestaque.com\/cd\/wp-content\/uploads\/2018\/10\/enem2210.jpg","jetpack_sharing_enabled":true,"_links":{"self":[{"href":"https:\/\/noticiasemdestaque.com\/cd\/index.php?rest_route=\/wp\/v2\/posts\/24995","targetHints":{"allow":["GET"]}}],"collection":[{"href":"https:\/\/noticiasemdestaque.com\/cd\/index.php?rest_route=\/wp\/v2\/posts"}],"about":[{"href":"https:\/\/noticiasemdestaque.com\/cd\/index.php?rest_route=\/wp\/v2\/types\/post"}],"author":[{"embeddable":true,"href":"https:\/\/noticiasemdestaque.com\/cd\/index.php?rest_route=\/wp\/v2\/users\/2"}],"replies":[{"embeddable":true,"href":"https:\/\/noticiasemdestaque.com\/cd\/index.php?rest_route=%2Fwp%2Fv2%2Fcomments&post=24995"}],"version-history":[{"count":1,"href":"https:\/\/noticiasemdestaque.com\/cd\/index.php?rest_route=\/wp\/v2\/posts\/24995\/revisions"}],"predecessor-version":[{"id":24996,"href":"https:\/\/noticiasemdestaque.com\/cd\/index.php?rest_route=\/wp\/v2\/posts\/24995\/revisions\/24996"}],"wp:featuredmedia":[{"embeddable":true,"href":"https:\/\/noticiasemdestaque.com\/cd\/index.php?rest_route=\/wp\/v2\/media\/13321"}],"wp:attachment":[{"href":"https:\/\/noticiasemdestaque.com\/cd\/index.php?rest_route=%2Fwp%2Fv2%2Fmedia&parent=24995"}],"wp:term":[{"taxonomy":"category","embeddable":true,"href":"https:\/\/noticiasemdestaque.com\/cd\/index.php?rest_route=%2Fwp%2Fv2%2Fcategories&post=24995"},{"taxonomy":"post_tag","embeddable":true,"href":"https:\/\/noticiasemdestaque.com\/cd\/index.php?rest_route=%2Fwp%2Fv2%2Ftags&post=24995"}],"curies":[{"name":"wp","href":"https:\/\/api.w.org\/{rel}","templated":true}]}}