{"id":24966,"date":"2020-05-18T20:54:14","date_gmt":"2020-05-18T23:54:14","guid":{"rendered":"http:\/\/noticiasemdestaque.com\/cd\/?p=24966"},"modified":"2020-05-18T20:54:14","modified_gmt":"2020-05-18T23:54:14","slug":"secretaria-de-saude-de-amparo-confirma-novos-5-casos-de-covid-19-no-municipio","status":"publish","type":"post","link":"https:\/\/noticiasemdestaque.com\/cd\/?p=24966","title":{"rendered":"Secretaria de Sa\u00fade de Amparo confirma novos 5 casos de COVID-19 no munic\u00edpio"},"content":{"rendered":"<p style=\"text-align: justify; background: white; margin: 4.5pt 0cm 4.5pt 0cm;\">\n<p><a href=\"https:\/\/noticiasemdestaque.com\/cd\/wp-content\/uploads\/2020\/05\/97327027_923002041549809_5631899136736362496_o.jpg\"><img fetchpriority=\"high\" decoding=\"async\" class=\"wp-image-24967 aligncenter\" src=\"https:\/\/noticiasemdestaque.com\/cd\/wp-content\/uploads\/2020\/05\/97327027_923002041549809_5631899136736362496_o.jpg\" alt=\"\" width=\"392\" height=\"504\" srcset=\"https:\/\/noticiasemdestaque.com\/cd\/wp-content\/uploads\/2020\/05\/97327027_923002041549809_5631899136736362496_o.jpg 746w, https:\/\/noticiasemdestaque.com\/cd\/wp-content\/uploads\/2020\/05\/97327027_923002041549809_5631899136736362496_o-233x300.jpg 233w\" sizes=\"(max-width: 392px) 100vw, 392px\" \/><\/a><\/p>\n<p style=\"text-align: justify; background: white; margin: 0cm 0cm 4.5pt 0cm;\"><span style=\"font-size: 14.0pt; font-family: 'Arial Narrow','sans-serif'; color: #1c1e21;\">Dados dos pacientes positivados:<\/span><\/p>\n<p style=\"margin: 0cm; margin-bottom: .0001pt; text-align: justify; background: white;\"><span class=\"6qdm\"><span style=\"background-size: contain; color: transparent; display: inline-block;\"><span style=\"font-size: 14.0pt; font-family: 'Arial Narrow','sans-serif'; color: #1c1e21;\">\u00a0<\/span><\/span><\/span><\/p>\n<p style=\"margin: 0cm; margin-bottom: .0001pt; text-align: justify; background: white;\"><span style=\"font-size: 14.0pt; font-family: 'Arial Narrow','sans-serif'; color: #1c1e21;\">Sexo Feminino, 41 anos, residente no munic\u00edpio, apresentou sintomas gripais no final do m\u00eas de Abril, testou positivo atrav\u00e9s da testagem r\u00e1pida. A paciente encontra-se em isolamento domiciliar e monitorado pela secretaria de sa\u00fade.<\/span><\/p>\n<p style=\"margin: 0cm; margin-bottom: .0001pt; text-align: justify; background: white;\"><span class=\"6qdm\"><span style=\"background-size: contain; color: transparent; display: inline-block;\"><span style=\"font-size: 14.0pt; font-family: 'Arial Narrow','sans-serif'; color: #1c1e21;\">\u00a0<\/span><\/span><\/span><\/p>\n<p style=\"margin: 0cm; margin-bottom: .0001pt; text-align: justify; background: white;\"><span style=\"font-size: 14.0pt; font-family: 'Arial Narrow','sans-serif'; color: #1c1e21;\">Sexo Feminino, 34 anos, residente no munic\u00edpio, apresentou sintomas gripais no final do m\u00eas de Abril, testou positivo atrav\u00e9s da testagem r\u00e1pida. A paciente encontra-se em isolamento domiciliar e monitorado pela secretaria de sa\u00fade.<\/span><\/p>\n<p style=\"margin: 0cm; margin-bottom: .0001pt; text-align: justify; background: white;\"><span class=\"6qdm\"><span style=\"background-size: contain; color: transparent; display: inline-block;\"><span style=\"font-size: 14.0pt; font-family: 'Arial Narrow','sans-serif'; color: #1c1e21;\">\u00a0<\/span><\/span><\/span><\/p>\n<p style=\"margin: 0cm; margin-bottom: .0001pt; text-align: justify; background: white;\"><span style=\"font-size: 14.0pt; font-family: 'Arial Narrow','sans-serif'; color: #1c1e21;\">Sexo Feminino, 54 anos, residente no munic\u00edpio, apresentou sintomas gripais nos primeiros dias de maio, testou positivo atrav\u00e9s da testagem r\u00e1pida. A paciente encontra-se em isolamento domiciliar e monitorado pela secretaria de sa\u00fade.<\/span><\/p>\n<p style=\"margin: 0cm; margin-bottom: .0001pt; text-align: justify; background: white;\"><span class=\"6qdm\"><span style=\"background-size: contain; color: transparent; display: inline-block;\"><span style=\"font-size: 14.0pt; font-family: 'Arial Narrow','sans-serif'; color: #1c1e21;\">\u00a0<\/span><\/span><\/span><\/p>\n<p style=\"margin: 0cm; margin-bottom: .0001pt; text-align: justify; background: white;\"><span style=\"font-size: 14.0pt; font-family: 'Arial Narrow','sans-serif'; color: #1c1e21;\">Sexo Feminino, 29 anos, residente no munic\u00edpio, apresentou sintomas gripais nos primeiros dias de Maio, e testou positivo atrav\u00e9s da testagem r\u00e1pida. A paciente encontra-se em isolamento domiciliar e monitorado pela secretaria de sa\u00fade.<\/span><\/p>\n<p style=\"margin: 0cm; margin-bottom: .0001pt; text-align: justify; background: white;\"><span class=\"6qdm\"><span style=\"background-size: contain; color: transparent; display: inline-block;\"><span style=\"font-size: 14.0pt; font-family: 'Arial Narrow','sans-serif'; color: #1c1e21;\">\u00a0<\/span><\/span><\/span><\/p>\n<p style=\"margin: 0cm; margin-bottom: .0001pt; text-align: justify; background: white;\"><span style=\"font-size: 14.0pt; font-family: 'Arial Narrow','sans-serif'; color: #1c1e21;\">Sexo Masculino, 58 anos, residente no munic\u00edpio, apresentou sintomas gripais nos primeiros dias de Maio, testou positivo atrav\u00e9s da testagem r\u00e1pida. O paciente encontra-se em isolamento domiciliar e monitorado pela secretaria de sa\u00fade.<\/span><\/p>\n<p style=\"margin: 0cm; margin-bottom: .0001pt; text-align: justify; background: white;\"><span class=\"6qdm\"><span style=\"background-size: contain; color: transparent; display: inline-block;\"><span style=\"font-size: 14.0pt; font-family: 'Arial Narrow','sans-serif'; color: #1c1e21;\">\u00a0<\/span><\/span><\/span><\/p>\n<p style=\"margin: 0cm; margin-bottom: .0001pt; text-align: justify; background: white;\"><span style=\"font-size: 14.0pt; font-family: 'Arial Narrow','sans-serif'; color: #1c1e21;\">Mais dois pacientes est\u00e3o recuperados, Segundo o Minist\u00e9rio da Sa\u00fade, perante diretrizes da Organiza\u00e7\u00e3o Mundial de Sa\u00fade (OMS) e conforme experi\u00eancia e evid\u00eancias provenientes de outros pa\u00edses. Apresentaram em todo o percurso da doen\u00e7a a sintomatologia leve, n\u00e3o necessitando de leito de enfermagem ou tratamento em UTI.<\/span><\/p>\n<p style=\"margin: 0cm; margin-bottom: .0001pt; text-align: justify; background: white;\"><span class=\"6qdm\"><span style=\"background-size: contain; color: transparent; display: inline-block;\"><span style=\"font-size: 14.0pt; font-family: 'Arial Narrow','sans-serif'; color: #1c1e21;\">\u00a0<\/span><\/span><\/span><\/p>\n<p style=\"margin: 0cm; margin-bottom: .0001pt; text-align: justify; background: white;\"><span style=\"font-size: 14.0pt; font-family: 'Arial Narrow','sans-serif'; color: #1c1e21;\">A Secretaria de sa\u00fade refor\u00e7a a import\u00e2ncia do Isolamento Social, manter distanciamento, al\u00e9m de medidas gerais de preven\u00e7\u00e3o, como tamb\u00e9m uso obrigat\u00f3rio de m\u00e1scaras de acordo com Decreto Estadual e municipal.<\/span><\/p>\n","protected":false},"excerpt":{"rendered":"<p>Dados dos pacientes positivados: \u00a0 Sexo Feminino, 41 anos, residente no munic\u00edpio, apresentou sintomas gripais no final do m\u00eas de Abril, testou positivo atrav\u00e9s da testagem r\u00e1pida. A paciente encontra-se em isolamento domiciliar e monitorado pela secretaria de sa\u00fade. \u00a0 Sexo Feminino, 34 anos, residente no munic\u00edpio, apresentou sintomas gripais no final do m\u00eas de Abril, testou positivo atrav\u00e9s da testagem r\u00e1pida. A paciente encontra-se em isolamento domiciliar e monitorado pela secretaria de sa\u00fade. \u00a0 Sexo Feminino, 54 anos, residente no munic\u00edpio, apresentou sintomas gripais nos primeiros dias de maio, testou positivo atrav\u00e9s da testagem r\u00e1pida. A paciente encontra-se em isolamento domiciliar e monitorado pela secretaria de sa\u00fade. \u00a0 Sexo Feminino, 29 anos, residente no munic\u00edpio, apresentou sintomas gripais nos primeiros dias de Maio, e testou positivo atrav\u00e9s da testagem r\u00e1pida. A paciente encontra-se em isolamento domiciliar e monitorado pela secretaria de sa\u00fade. \u00a0 Sexo Masculino, 58 anos, residente no munic\u00edpio, apresentou sintomas gripais nos primeiros dias de Maio, testou positivo atrav\u00e9s da testagem r\u00e1pida. O paciente encontra-se em isolamento domiciliar e monitorado pela secretaria de sa\u00fade. \u00a0 Mais dois pacientes est\u00e3o recuperados, Segundo o Minist\u00e9rio da Sa\u00fade, perante diretrizes da Organiza\u00e7\u00e3o Mundial de Sa\u00fade (OMS) e conforme experi\u00eancia e evid\u00eancias provenientes de outros pa\u00edses. Apresentaram em todo o percurso da doen\u00e7a a sintomatologia leve, n\u00e3o necessitando de leito de enfermagem ou tratamento em UTI. \u00a0 A Secretaria de sa\u00fade refor\u00e7a a import\u00e2ncia do Isolamento Social, manter distanciamento, al\u00e9m de medidas gerais de preven\u00e7\u00e3o, como tamb\u00e9m uso obrigat\u00f3rio de m\u00e1scaras de acordo com Decreto Estadual e municipal.<\/p>\n","protected":false},"author":2,"featured_media":24967,"comment_status":"closed","ping_status":"open","sticky":false,"template":"","format":"standard","meta":{"_eb_attr":"","_jetpack_memberships_contains_paid_content":false,"footnotes":""},"categories":[3],"tags":[],"class_list":["post-24966","post","type-post","status-publish","format-standard","has-post-thumbnail","hentry","category-cidades"],"yoast_head":"<!-- This site is optimized with the Yoast SEO plugin v26.5 - https:\/\/yoast.com\/wordpress\/plugins\/seo\/ -->\n<title>Secretaria de Sa\u00fade de Amparo confirma novos 5 casos de COVID-19 no munic\u00edpio - Not&iacute;cias em Destaque<\/title>\n<meta name=\"robots\" content=\"index, follow, max-snippet:-1, max-image-preview:large, max-video-preview:-1\" \/>\n<link rel=\"canonical\" href=\"https:\/\/noticiasemdestaque.com\/cd\/?p=24966\" \/>\n<meta property=\"og:locale\" content=\"pt_BR\" \/>\n<meta property=\"og:type\" content=\"article\" \/>\n<meta property=\"og:title\" content=\"Secretaria de Sa\u00fade de Amparo confirma novos 5 casos de COVID-19 no munic\u00edpio - Not&iacute;cias em Destaque\" \/>\n<meta property=\"og:description\" content=\"Dados dos pacientes positivados: \u00a0 Sexo Feminino, 41 anos, residente no munic\u00edpio, apresentou sintomas gripais no final do m\u00eas de Abril, testou positivo atrav\u00e9s da testagem r\u00e1pida. A paciente encontra-se em isolamento domiciliar e monitorado pela secretaria de sa\u00fade. \u00a0 Sexo Feminino, 34 anos, residente no munic\u00edpio, apresentou sintomas gripais no final do m\u00eas de Abril, testou positivo atrav\u00e9s da testagem r\u00e1pida. A paciente encontra-se em isolamento domiciliar e monitorado pela secretaria de sa\u00fade. \u00a0 Sexo Feminino, 54 anos, residente no munic\u00edpio, apresentou sintomas gripais nos primeiros dias de maio, testou positivo atrav\u00e9s da testagem r\u00e1pida. A paciente encontra-se em isolamento domiciliar e monitorado pela secretaria de sa\u00fade. \u00a0 Sexo Feminino, 29 anos, residente no munic\u00edpio, apresentou sintomas gripais nos primeiros dias de Maio, e testou positivo atrav\u00e9s da testagem r\u00e1pida. A paciente encontra-se em isolamento domiciliar e monitorado pela secretaria de sa\u00fade. \u00a0 Sexo Masculino, 58 anos, residente no munic\u00edpio, apresentou sintomas gripais nos primeiros dias de Maio, testou positivo atrav\u00e9s da testagem r\u00e1pida. O paciente encontra-se em isolamento domiciliar e monitorado pela secretaria de sa\u00fade. \u00a0 Mais dois pacientes est\u00e3o recuperados, Segundo o Minist\u00e9rio da Sa\u00fade, perante diretrizes da Organiza\u00e7\u00e3o Mundial de Sa\u00fade (OMS) e conforme experi\u00eancia e evid\u00eancias provenientes de outros pa\u00edses. Apresentaram em todo o percurso da doen\u00e7a a sintomatologia leve, n\u00e3o necessitando de leito de enfermagem ou tratamento em UTI. \u00a0 A Secretaria de sa\u00fade refor\u00e7a a import\u00e2ncia do Isolamento Social, manter distanciamento, al\u00e9m de medidas gerais de preven\u00e7\u00e3o, como tamb\u00e9m uso obrigat\u00f3rio de m\u00e1scaras de acordo com Decreto Estadual e municipal.\" \/>\n<meta property=\"og:url\" content=\"https:\/\/noticiasemdestaque.com\/cd\/?p=24966\" \/>\n<meta property=\"og:site_name\" content=\"Not&iacute;cias em Destaque\" \/>\n<meta property=\"article:published_time\" content=\"2020-05-18T23:54:14+00:00\" \/>\n<meta property=\"og:image\" content=\"https:\/\/noticiasemdestaque.com\/cd\/wp-content\/uploads\/2020\/05\/97327027_923002041549809_5631899136736362496_o.jpg\" \/>\n\t<meta property=\"og:image:width\" content=\"746\" \/>\n\t<meta property=\"og:image:height\" content=\"960\" \/>\n\t<meta property=\"og:image:type\" content=\"image\/jpeg\" \/>\n<meta name=\"author\" content=\"Not\u00edcias em Destaque\" \/>\n<meta name=\"twitter:card\" content=\"summary_large_image\" \/>\n<meta name=\"twitter:label1\" content=\"Escrito por\" \/>\n\t<meta name=\"twitter:data1\" content=\"Not\u00edcias em Destaque\" \/>\n\t<meta name=\"twitter:label2\" content=\"Est. tempo de leitura\" \/>\n\t<meta name=\"twitter:data2\" content=\"1 minuto\" \/>\n<script type=\"application\/ld+json\" class=\"yoast-schema-graph\">{\"@context\":\"https:\/\/schema.org\",\"@graph\":[{\"@type\":\"Article\",\"@id\":\"https:\/\/noticiasemdestaque.com\/cd\/?p=24966#article\",\"isPartOf\":{\"@id\":\"https:\/\/noticiasemdestaque.com\/cd\/?p=24966\"},\"author\":{\"name\":\"Not\u00edcias em Destaque\",\"@id\":\"https:\/\/noticiasemdestaque.com\/cd\/#\/schema\/person\/4a81fb71f77579d059c3045891fa1786\"},\"headline\":\"Secretaria de Sa\u00fade de Amparo confirma novos 5 casos de COVID-19 no munic\u00edpio\",\"datePublished\":\"2020-05-18T23:54:14+00:00\",\"mainEntityOfPage\":{\"@id\":\"https:\/\/noticiasemdestaque.com\/cd\/?p=24966\"},\"wordCount\":299,\"publisher\":{\"@id\":\"https:\/\/noticiasemdestaque.com\/cd\/#organization\"},\"image\":{\"@id\":\"https:\/\/noticiasemdestaque.com\/cd\/?p=24966#primaryimage\"},\"thumbnailUrl\":\"https:\/\/noticiasemdestaque.com\/cd\/wp-content\/uploads\/2020\/05\/97327027_923002041549809_5631899136736362496_o.jpg\",\"articleSection\":[\"Cidades\"],\"inLanguage\":\"pt-BR\"},{\"@type\":\"WebPage\",\"@id\":\"https:\/\/noticiasemdestaque.com\/cd\/?p=24966\",\"url\":\"https:\/\/noticiasemdestaque.com\/cd\/?p=24966\",\"name\":\"Secretaria de Sa\u00fade de Amparo confirma novos 5 casos de COVID-19 no munic\u00edpio - Not&iacute;cias em Destaque\",\"isPartOf\":{\"@id\":\"https:\/\/noticiasemdestaque.com\/cd\/#website\"},\"primaryImageOfPage\":{\"@id\":\"https:\/\/noticiasemdestaque.com\/cd\/?p=24966#primaryimage\"},\"image\":{\"@id\":\"https:\/\/noticiasemdestaque.com\/cd\/?p=24966#primaryimage\"},\"thumbnailUrl\":\"https:\/\/noticiasemdestaque.com\/cd\/wp-content\/uploads\/2020\/05\/97327027_923002041549809_5631899136736362496_o.jpg\",\"datePublished\":\"2020-05-18T23:54:14+00:00\",\"breadcrumb\":{\"@id\":\"https:\/\/noticiasemdestaque.com\/cd\/?p=24966#breadcrumb\"},\"inLanguage\":\"pt-BR\",\"potentialAction\":[{\"@type\":\"ReadAction\",\"target\":[\"https:\/\/noticiasemdestaque.com\/cd\/?p=24966\"]}]},{\"@type\":\"ImageObject\",\"inLanguage\":\"pt-BR\",\"@id\":\"https:\/\/noticiasemdestaque.com\/cd\/?p=24966#primaryimage\",\"url\":\"https:\/\/noticiasemdestaque.com\/cd\/wp-content\/uploads\/2020\/05\/97327027_923002041549809_5631899136736362496_o.jpg\",\"contentUrl\":\"https:\/\/noticiasemdestaque.com\/cd\/wp-content\/uploads\/2020\/05\/97327027_923002041549809_5631899136736362496_o.jpg\",\"width\":746,\"height\":960},{\"@type\":\"BreadcrumbList\",\"@id\":\"https:\/\/noticiasemdestaque.com\/cd\/?p=24966#breadcrumb\",\"itemListElement\":[{\"@type\":\"ListItem\",\"position\":1,\"name\":\"In\u00edcio\",\"item\":\"https:\/\/noticiasemdestaque.com\/cd\/\"},{\"@type\":\"ListItem\",\"position\":2,\"name\":\"Secretaria de Sa\u00fade de Amparo confirma novos 5 casos de COVID-19 no munic\u00edpio\"}]},{\"@type\":\"WebSite\",\"@id\":\"https:\/\/noticiasemdestaque.com\/cd\/#website\",\"url\":\"https:\/\/noticiasemdestaque.com\/cd\/\",\"name\":\"Not&iacute;cias em Destaque\",\"description\":\"\",\"publisher\":{\"@id\":\"https:\/\/noticiasemdestaque.com\/cd\/#organization\"},\"potentialAction\":[{\"@type\":\"SearchAction\",\"target\":{\"@type\":\"EntryPoint\",\"urlTemplate\":\"https:\/\/noticiasemdestaque.com\/cd\/?s={search_term_string}\"},\"query-input\":{\"@type\":\"PropertyValueSpecification\",\"valueRequired\":true,\"valueName\":\"search_term_string\"}}],\"inLanguage\":\"pt-BR\"},{\"@type\":\"Organization\",\"@id\":\"https:\/\/noticiasemdestaque.com\/cd\/#organization\",\"name\":\"Not\u00edcias em Destaque\",\"url\":\"https:\/\/noticiasemdestaque.com\/cd\/\",\"logo\":{\"@type\":\"ImageObject\",\"inLanguage\":\"pt-BR\",\"@id\":\"https:\/\/noticiasemdestaque.com\/cd\/#\/schema\/logo\/image\/\",\"url\":\"https:\/\/noticiasemdestaque.com\/cd\/wp-content\/uploads\/2022\/05\/imagem-base-noticiasemdestaque.png\",\"contentUrl\":\"https:\/\/noticiasemdestaque.com\/cd\/wp-content\/uploads\/2022\/05\/imagem-base-noticiasemdestaque.png\",\"width\":1200,\"height\":630,\"caption\":\"Not\u00edcias em Destaque\"},\"image\":{\"@id\":\"https:\/\/noticiasemdestaque.com\/cd\/#\/schema\/logo\/image\/\"}},{\"@type\":\"Person\",\"@id\":\"https:\/\/noticiasemdestaque.com\/cd\/#\/schema\/person\/4a81fb71f77579d059c3045891fa1786\",\"name\":\"Not\u00edcias em Destaque\",\"url\":\"https:\/\/noticiasemdestaque.com\/cd\/?author=2\"}]}<\/script>\n<!-- \/ Yoast SEO plugin. -->","yoast_head_json":{"title":"Secretaria de Sa\u00fade de Amparo confirma novos 5 casos de COVID-19 no munic\u00edpio - Not&iacute;cias em Destaque","robots":{"index":"index","follow":"follow","max-snippet":"max-snippet:-1","max-image-preview":"max-image-preview:large","max-video-preview":"max-video-preview:-1"},"canonical":"https:\/\/noticiasemdestaque.com\/cd\/?p=24966","og_locale":"pt_BR","og_type":"article","og_title":"Secretaria de Sa\u00fade de Amparo confirma novos 5 casos de COVID-19 no munic\u00edpio - Not&iacute;cias em Destaque","og_description":"Dados dos pacientes positivados: \u00a0 Sexo Feminino, 41 anos, residente no munic\u00edpio, apresentou sintomas gripais no final do m\u00eas de Abril, testou positivo atrav\u00e9s da testagem r\u00e1pida. A paciente encontra-se em isolamento domiciliar e monitorado pela secretaria de sa\u00fade. \u00a0 Sexo Feminino, 34 anos, residente no munic\u00edpio, apresentou sintomas gripais no final do m\u00eas de Abril, testou positivo atrav\u00e9s da testagem r\u00e1pida. A paciente encontra-se em isolamento domiciliar e monitorado pela secretaria de sa\u00fade. \u00a0 Sexo Feminino, 54 anos, residente no munic\u00edpio, apresentou sintomas gripais nos primeiros dias de maio, testou positivo atrav\u00e9s da testagem r\u00e1pida. A paciente encontra-se em isolamento domiciliar e monitorado pela secretaria de sa\u00fade. \u00a0 Sexo Feminino, 29 anos, residente no munic\u00edpio, apresentou sintomas gripais nos primeiros dias de Maio, e testou positivo atrav\u00e9s da testagem r\u00e1pida. A paciente encontra-se em isolamento domiciliar e monitorado pela secretaria de sa\u00fade. \u00a0 Sexo Masculino, 58 anos, residente no munic\u00edpio, apresentou sintomas gripais nos primeiros dias de Maio, testou positivo atrav\u00e9s da testagem r\u00e1pida. O paciente encontra-se em isolamento domiciliar e monitorado pela secretaria de sa\u00fade. \u00a0 Mais dois pacientes est\u00e3o recuperados, Segundo o Minist\u00e9rio da Sa\u00fade, perante diretrizes da Organiza\u00e7\u00e3o Mundial de Sa\u00fade (OMS) e conforme experi\u00eancia e evid\u00eancias provenientes de outros pa\u00edses. Apresentaram em todo o percurso da doen\u00e7a a sintomatologia leve, n\u00e3o necessitando de leito de enfermagem ou tratamento em UTI. \u00a0 A Secretaria de sa\u00fade refor\u00e7a a import\u00e2ncia do Isolamento Social, manter distanciamento, al\u00e9m de medidas gerais de preven\u00e7\u00e3o, como tamb\u00e9m uso obrigat\u00f3rio de m\u00e1scaras de acordo com Decreto Estadual e municipal.","og_url":"https:\/\/noticiasemdestaque.com\/cd\/?p=24966","og_site_name":"Not&iacute;cias em Destaque","article_published_time":"2020-05-18T23:54:14+00:00","og_image":[{"width":746,"height":960,"url":"https:\/\/noticiasemdestaque.com\/cd\/wp-content\/uploads\/2020\/05\/97327027_923002041549809_5631899136736362496_o.jpg","type":"image\/jpeg"}],"author":"Not\u00edcias em Destaque","twitter_card":"summary_large_image","twitter_misc":{"Escrito por":"Not\u00edcias em Destaque","Est. tempo de leitura":"1 minuto"},"schema":{"@context":"https:\/\/schema.org","@graph":[{"@type":"Article","@id":"https:\/\/noticiasemdestaque.com\/cd\/?p=24966#article","isPartOf":{"@id":"https:\/\/noticiasemdestaque.com\/cd\/?p=24966"},"author":{"name":"Not\u00edcias em Destaque","@id":"https:\/\/noticiasemdestaque.com\/cd\/#\/schema\/person\/4a81fb71f77579d059c3045891fa1786"},"headline":"Secretaria de Sa\u00fade de Amparo confirma novos 5 casos de COVID-19 no munic\u00edpio","datePublished":"2020-05-18T23:54:14+00:00","mainEntityOfPage":{"@id":"https:\/\/noticiasemdestaque.com\/cd\/?p=24966"},"wordCount":299,"publisher":{"@id":"https:\/\/noticiasemdestaque.com\/cd\/#organization"},"image":{"@id":"https:\/\/noticiasemdestaque.com\/cd\/?p=24966#primaryimage"},"thumbnailUrl":"https:\/\/noticiasemdestaque.com\/cd\/wp-content\/uploads\/2020\/05\/97327027_923002041549809_5631899136736362496_o.jpg","articleSection":["Cidades"],"inLanguage":"pt-BR"},{"@type":"WebPage","@id":"https:\/\/noticiasemdestaque.com\/cd\/?p=24966","url":"https:\/\/noticiasemdestaque.com\/cd\/?p=24966","name":"Secretaria de Sa\u00fade de Amparo confirma novos 5 casos de COVID-19 no munic\u00edpio - Not&iacute;cias em Destaque","isPartOf":{"@id":"https:\/\/noticiasemdestaque.com\/cd\/#website"},"primaryImageOfPage":{"@id":"https:\/\/noticiasemdestaque.com\/cd\/?p=24966#primaryimage"},"image":{"@id":"https:\/\/noticiasemdestaque.com\/cd\/?p=24966#primaryimage"},"thumbnailUrl":"https:\/\/noticiasemdestaque.com\/cd\/wp-content\/uploads\/2020\/05\/97327027_923002041549809_5631899136736362496_o.jpg","datePublished":"2020-05-18T23:54:14+00:00","breadcrumb":{"@id":"https:\/\/noticiasemdestaque.com\/cd\/?p=24966#breadcrumb"},"inLanguage":"pt-BR","potentialAction":[{"@type":"ReadAction","target":["https:\/\/noticiasemdestaque.com\/cd\/?p=24966"]}]},{"@type":"ImageObject","inLanguage":"pt-BR","@id":"https:\/\/noticiasemdestaque.com\/cd\/?p=24966#primaryimage","url":"https:\/\/noticiasemdestaque.com\/cd\/wp-content\/uploads\/2020\/05\/97327027_923002041549809_5631899136736362496_o.jpg","contentUrl":"https:\/\/noticiasemdestaque.com\/cd\/wp-content\/uploads\/2020\/05\/97327027_923002041549809_5631899136736362496_o.jpg","width":746,"height":960},{"@type":"BreadcrumbList","@id":"https:\/\/noticiasemdestaque.com\/cd\/?p=24966#breadcrumb","itemListElement":[{"@type":"ListItem","position":1,"name":"In\u00edcio","item":"https:\/\/noticiasemdestaque.com\/cd\/"},{"@type":"ListItem","position":2,"name":"Secretaria de Sa\u00fade de Amparo confirma novos 5 casos de COVID-19 no munic\u00edpio"}]},{"@type":"WebSite","@id":"https:\/\/noticiasemdestaque.com\/cd\/#website","url":"https:\/\/noticiasemdestaque.com\/cd\/","name":"Not&iacute;cias em Destaque","description":"","publisher":{"@id":"https:\/\/noticiasemdestaque.com\/cd\/#organization"},"potentialAction":[{"@type":"SearchAction","target":{"@type":"EntryPoint","urlTemplate":"https:\/\/noticiasemdestaque.com\/cd\/?s={search_term_string}"},"query-input":{"@type":"PropertyValueSpecification","valueRequired":true,"valueName":"search_term_string"}}],"inLanguage":"pt-BR"},{"@type":"Organization","@id":"https:\/\/noticiasemdestaque.com\/cd\/#organization","name":"Not\u00edcias em Destaque","url":"https:\/\/noticiasemdestaque.com\/cd\/","logo":{"@type":"ImageObject","inLanguage":"pt-BR","@id":"https:\/\/noticiasemdestaque.com\/cd\/#\/schema\/logo\/image\/","url":"https:\/\/noticiasemdestaque.com\/cd\/wp-content\/uploads\/2022\/05\/imagem-base-noticiasemdestaque.png","contentUrl":"https:\/\/noticiasemdestaque.com\/cd\/wp-content\/uploads\/2022\/05\/imagem-base-noticiasemdestaque.png","width":1200,"height":630,"caption":"Not\u00edcias em Destaque"},"image":{"@id":"https:\/\/noticiasemdestaque.com\/cd\/#\/schema\/logo\/image\/"}},{"@type":"Person","@id":"https:\/\/noticiasemdestaque.com\/cd\/#\/schema\/person\/4a81fb71f77579d059c3045891fa1786","name":"Not\u00edcias em Destaque","url":"https:\/\/noticiasemdestaque.com\/cd\/?author=2"}]}},"jetpack_featured_media_url":"https:\/\/noticiasemdestaque.com\/cd\/wp-content\/uploads\/2020\/05\/97327027_923002041549809_5631899136736362496_o.jpg","jetpack_sharing_enabled":true,"_links":{"self":[{"href":"https:\/\/noticiasemdestaque.com\/cd\/index.php?rest_route=\/wp\/v2\/posts\/24966","targetHints":{"allow":["GET"]}}],"collection":[{"href":"https:\/\/noticiasemdestaque.com\/cd\/index.php?rest_route=\/wp\/v2\/posts"}],"about":[{"href":"https:\/\/noticiasemdestaque.com\/cd\/index.php?rest_route=\/wp\/v2\/types\/post"}],"author":[{"embeddable":true,"href":"https:\/\/noticiasemdestaque.com\/cd\/index.php?rest_route=\/wp\/v2\/users\/2"}],"replies":[{"embeddable":true,"href":"https:\/\/noticiasemdestaque.com\/cd\/index.php?rest_route=%2Fwp%2Fv2%2Fcomments&post=24966"}],"version-history":[{"count":1,"href":"https:\/\/noticiasemdestaque.com\/cd\/index.php?rest_route=\/wp\/v2\/posts\/24966\/revisions"}],"predecessor-version":[{"id":24968,"href":"https:\/\/noticiasemdestaque.com\/cd\/index.php?rest_route=\/wp\/v2\/posts\/24966\/revisions\/24968"}],"wp:featuredmedia":[{"embeddable":true,"href":"https:\/\/noticiasemdestaque.com\/cd\/index.php?rest_route=\/wp\/v2\/media\/24967"}],"wp:attachment":[{"href":"https:\/\/noticiasemdestaque.com\/cd\/index.php?rest_route=%2Fwp%2Fv2%2Fmedia&parent=24966"}],"wp:term":[{"taxonomy":"category","embeddable":true,"href":"https:\/\/noticiasemdestaque.com\/cd\/index.php?rest_route=%2Fwp%2Fv2%2Fcategories&post=24966"},{"taxonomy":"post_tag","embeddable":true,"href":"https:\/\/noticiasemdestaque.com\/cd\/index.php?rest_route=%2Fwp%2Fv2%2Ftags&post=24966"}],"curies":[{"name":"wp","href":"https:\/\/api.w.org\/{rel}","templated":true}]}}