{"id":24963,"date":"2020-05-18T20:49:31","date_gmt":"2020-05-18T23:49:31","guid":{"rendered":"http:\/\/noticiasemdestaque.com\/cd\/?p=24963"},"modified":"2020-05-18T20:49:31","modified_gmt":"2020-05-18T23:49:31","slug":"secretaria-de-saude-de-monteiro-confirma-mais-dois-casos-de-covid-19","status":"publish","type":"post","link":"https:\/\/noticiasemdestaque.com\/cd\/?p=24963","title":{"rendered":"Secretaria de Sa\u00fade de Monteiro confirma mais dois casos de covid-19"},"content":{"rendered":"<p><a href=\"https:\/\/noticiasemdestaque.com\/cd\/wp-content\/uploads\/2020\/05\/97026709_2935040966610950_3535981733675532288_o.png\"><img fetchpriority=\"high\" decoding=\"async\" class=\"wp-image-24964 aligncenter\" src=\"https:\/\/noticiasemdestaque.com\/cd\/wp-content\/uploads\/2020\/05\/97026709_2935040966610950_3535981733675532288_o.png\" alt=\"\" width=\"350\" height=\"350\" srcset=\"https:\/\/noticiasemdestaque.com\/cd\/wp-content\/uploads\/2020\/05\/97026709_2935040966610950_3535981733675532288_o.png 960w, https:\/\/noticiasemdestaque.com\/cd\/wp-content\/uploads\/2020\/05\/97026709_2935040966610950_3535981733675532288_o-150x150.png 150w, https:\/\/noticiasemdestaque.com\/cd\/wp-content\/uploads\/2020\/05\/97026709_2935040966610950_3535981733675532288_o-300x300.png 300w, https:\/\/noticiasemdestaque.com\/cd\/wp-content\/uploads\/2020\/05\/97026709_2935040966610950_3535981733675532288_o-768x768.png 768w\" sizes=\"(max-width: 350px) 100vw, 350px\" \/><\/a><\/p>\n<p>A Secretaria Municipal de Sa\u00fade de Monteiro confirmou hoje mais dois novos casos de Covid-19.<\/p>\n<p>Trata-se de um paciente, sexo masculino, 30 anos e uma paciente, sexo feminino, 50 anos. Foram notificados e submetidos a testagem r\u00e1pida, com resultado POSITIVO. Ambos est\u00e3o em isolamento domiciliar.<\/p>\n<p><span class=\"text_exposed_show\">A Secretaria Municipal de Sa\u00fade chama aten\u00e7\u00e3o da popula\u00e7\u00e3o por se tratarem de casos de transmiss\u00e3o comunit\u00e1ria, ou seja, o v\u00edrus circula dentro da cidade. Isso torna cada vez mais importante seguir as orienta\u00e7\u00f5es do distanciamento social e demais medidas apresentadas pela Vigil\u00e2ncia em Sa\u00fade.<\/span><\/p>\n<p><em><strong>Not\u00edcias em Destaque<\/strong><\/em><\/p>\n","protected":false},"excerpt":{"rendered":"<p>A Secretaria Municipal de Sa\u00fade de Monteiro confirmou hoje mais dois novos casos de Covid-19. Trata-se de um paciente, sexo masculino, 30 anos e uma paciente, sexo feminino, 50 anos. Foram notificados e submetidos a testagem r\u00e1pida, com resultado POSITIVO. Ambos est\u00e3o em isolamento domiciliar. A Secretaria Municipal de Sa\u00fade chama aten\u00e7\u00e3o da popula\u00e7\u00e3o por se tratarem de casos de transmiss\u00e3o comunit\u00e1ria, ou seja, o v\u00edrus circula dentro da cidade. Isso torna cada vez mais importante seguir as orienta\u00e7\u00f5es do distanciamento social e demais medidas apresentadas pela Vigil\u00e2ncia em Sa\u00fade. Not\u00edcias em Destaque<\/p>\n","protected":false},"author":2,"featured_media":24964,"comment_status":"closed","ping_status":"open","sticky":false,"template":"","format":"standard","meta":{"_eb_attr":"","_jetpack_memberships_contains_paid_content":false,"footnotes":""},"categories":[3],"tags":[],"class_list":["post-24963","post","type-post","status-publish","format-standard","has-post-thumbnail","hentry","category-cidades"],"yoast_head":"<!-- This site is optimized with the Yoast SEO plugin v26.5 - https:\/\/yoast.com\/wordpress\/plugins\/seo\/ -->\n<title>Secretaria de Sa\u00fade de Monteiro confirma mais dois casos de covid-19 - Not&iacute;cias em Destaque<\/title>\n<meta name=\"robots\" content=\"index, follow, max-snippet:-1, max-image-preview:large, max-video-preview:-1\" \/>\n<link rel=\"canonical\" href=\"https:\/\/noticiasemdestaque.com\/cd\/?p=24963\" \/>\n<meta property=\"og:locale\" content=\"pt_BR\" \/>\n<meta property=\"og:type\" content=\"article\" \/>\n<meta property=\"og:title\" content=\"Secretaria de Sa\u00fade de Monteiro confirma mais dois casos de covid-19 - Not&iacute;cias em Destaque\" \/>\n<meta property=\"og:description\" content=\"A Secretaria Municipal de Sa\u00fade de Monteiro confirmou hoje mais dois novos casos de Covid-19. Trata-se de um paciente, sexo masculino, 30 anos e uma paciente, sexo feminino, 50 anos. Foram notificados e submetidos a testagem r\u00e1pida, com resultado POSITIVO. Ambos est\u00e3o em isolamento domiciliar. A Secretaria Municipal de Sa\u00fade chama aten\u00e7\u00e3o da popula\u00e7\u00e3o por se tratarem de casos de transmiss\u00e3o comunit\u00e1ria, ou seja, o v\u00edrus circula dentro da cidade. Isso torna cada vez mais importante seguir as orienta\u00e7\u00f5es do distanciamento social e demais medidas apresentadas pela Vigil\u00e2ncia em Sa\u00fade. Not\u00edcias em Destaque\" \/>\n<meta property=\"og:url\" content=\"https:\/\/noticiasemdestaque.com\/cd\/?p=24963\" \/>\n<meta property=\"og:site_name\" content=\"Not&iacute;cias em Destaque\" \/>\n<meta property=\"article:published_time\" content=\"2020-05-18T23:49:31+00:00\" \/>\n<meta property=\"og:image\" content=\"https:\/\/noticiasemdestaque.com\/cd\/wp-content\/uploads\/2020\/05\/97026709_2935040966610950_3535981733675532288_o.png\" \/>\n\t<meta property=\"og:image:width\" content=\"960\" \/>\n\t<meta property=\"og:image:height\" content=\"960\" \/>\n\t<meta property=\"og:image:type\" content=\"image\/png\" \/>\n<meta name=\"author\" content=\"Not\u00edcias em Destaque\" \/>\n<meta name=\"twitter:card\" content=\"summary_large_image\" \/>\n<meta name=\"twitter:label1\" content=\"Escrito por\" \/>\n\t<meta name=\"twitter:data1\" content=\"Not\u00edcias em Destaque\" \/>\n\t<meta name=\"twitter:label2\" content=\"Est. tempo de leitura\" \/>\n\t<meta name=\"twitter:data2\" content=\"1 minuto\" \/>\n<script type=\"application\/ld+json\" class=\"yoast-schema-graph\">{\"@context\":\"https:\/\/schema.org\",\"@graph\":[{\"@type\":\"Article\",\"@id\":\"https:\/\/noticiasemdestaque.com\/cd\/?p=24963#article\",\"isPartOf\":{\"@id\":\"https:\/\/noticiasemdestaque.com\/cd\/?p=24963\"},\"author\":{\"name\":\"Not\u00edcias em Destaque\",\"@id\":\"https:\/\/noticiasemdestaque.com\/cd\/#\/schema\/person\/4a81fb71f77579d059c3045891fa1786\"},\"headline\":\"Secretaria de Sa\u00fade de Monteiro confirma mais dois casos de covid-19\",\"datePublished\":\"2020-05-18T23:49:31+00:00\",\"mainEntityOfPage\":{\"@id\":\"https:\/\/noticiasemdestaque.com\/cd\/?p=24963\"},\"wordCount\":116,\"publisher\":{\"@id\":\"https:\/\/noticiasemdestaque.com\/cd\/#organization\"},\"image\":{\"@id\":\"https:\/\/noticiasemdestaque.com\/cd\/?p=24963#primaryimage\"},\"thumbnailUrl\":\"https:\/\/noticiasemdestaque.com\/cd\/wp-content\/uploads\/2020\/05\/97026709_2935040966610950_3535981733675532288_o.png\",\"articleSection\":[\"Cidades\"],\"inLanguage\":\"pt-BR\"},{\"@type\":\"WebPage\",\"@id\":\"https:\/\/noticiasemdestaque.com\/cd\/?p=24963\",\"url\":\"https:\/\/noticiasemdestaque.com\/cd\/?p=24963\",\"name\":\"Secretaria de Sa\u00fade de Monteiro confirma mais dois casos de covid-19 - Not&iacute;cias em Destaque\",\"isPartOf\":{\"@id\":\"https:\/\/noticiasemdestaque.com\/cd\/#website\"},\"primaryImageOfPage\":{\"@id\":\"https:\/\/noticiasemdestaque.com\/cd\/?p=24963#primaryimage\"},\"image\":{\"@id\":\"https:\/\/noticiasemdestaque.com\/cd\/?p=24963#primaryimage\"},\"thumbnailUrl\":\"https:\/\/noticiasemdestaque.com\/cd\/wp-content\/uploads\/2020\/05\/97026709_2935040966610950_3535981733675532288_o.png\",\"datePublished\":\"2020-05-18T23:49:31+00:00\",\"breadcrumb\":{\"@id\":\"https:\/\/noticiasemdestaque.com\/cd\/?p=24963#breadcrumb\"},\"inLanguage\":\"pt-BR\",\"potentialAction\":[{\"@type\":\"ReadAction\",\"target\":[\"https:\/\/noticiasemdestaque.com\/cd\/?p=24963\"]}]},{\"@type\":\"ImageObject\",\"inLanguage\":\"pt-BR\",\"@id\":\"https:\/\/noticiasemdestaque.com\/cd\/?p=24963#primaryimage\",\"url\":\"https:\/\/noticiasemdestaque.com\/cd\/wp-content\/uploads\/2020\/05\/97026709_2935040966610950_3535981733675532288_o.png\",\"contentUrl\":\"https:\/\/noticiasemdestaque.com\/cd\/wp-content\/uploads\/2020\/05\/97026709_2935040966610950_3535981733675532288_o.png\",\"width\":960,\"height\":960},{\"@type\":\"BreadcrumbList\",\"@id\":\"https:\/\/noticiasemdestaque.com\/cd\/?p=24963#breadcrumb\",\"itemListElement\":[{\"@type\":\"ListItem\",\"position\":1,\"name\":\"In\u00edcio\",\"item\":\"https:\/\/noticiasemdestaque.com\/cd\/\"},{\"@type\":\"ListItem\",\"position\":2,\"name\":\"Secretaria de Sa\u00fade de Monteiro confirma mais dois casos de covid-19\"}]},{\"@type\":\"WebSite\",\"@id\":\"https:\/\/noticiasemdestaque.com\/cd\/#website\",\"url\":\"https:\/\/noticiasemdestaque.com\/cd\/\",\"name\":\"Not&iacute;cias em Destaque\",\"description\":\"\",\"publisher\":{\"@id\":\"https:\/\/noticiasemdestaque.com\/cd\/#organization\"},\"potentialAction\":[{\"@type\":\"SearchAction\",\"target\":{\"@type\":\"EntryPoint\",\"urlTemplate\":\"https:\/\/noticiasemdestaque.com\/cd\/?s={search_term_string}\"},\"query-input\":{\"@type\":\"PropertyValueSpecification\",\"valueRequired\":true,\"valueName\":\"search_term_string\"}}],\"inLanguage\":\"pt-BR\"},{\"@type\":\"Organization\",\"@id\":\"https:\/\/noticiasemdestaque.com\/cd\/#organization\",\"name\":\"Not\u00edcias em Destaque\",\"url\":\"https:\/\/noticiasemdestaque.com\/cd\/\",\"logo\":{\"@type\":\"ImageObject\",\"inLanguage\":\"pt-BR\",\"@id\":\"https:\/\/noticiasemdestaque.com\/cd\/#\/schema\/logo\/image\/\",\"url\":\"https:\/\/noticiasemdestaque.com\/cd\/wp-content\/uploads\/2022\/05\/imagem-base-noticiasemdestaque.png\",\"contentUrl\":\"https:\/\/noticiasemdestaque.com\/cd\/wp-content\/uploads\/2022\/05\/imagem-base-noticiasemdestaque.png\",\"width\":1200,\"height\":630,\"caption\":\"Not\u00edcias em Destaque\"},\"image\":{\"@id\":\"https:\/\/noticiasemdestaque.com\/cd\/#\/schema\/logo\/image\/\"}},{\"@type\":\"Person\",\"@id\":\"https:\/\/noticiasemdestaque.com\/cd\/#\/schema\/person\/4a81fb71f77579d059c3045891fa1786\",\"name\":\"Not\u00edcias em Destaque\",\"url\":\"https:\/\/noticiasemdestaque.com\/cd\/?author=2\"}]}<\/script>\n<!-- \/ Yoast SEO plugin. -->","yoast_head_json":{"title":"Secretaria de Sa\u00fade de Monteiro confirma mais dois casos de covid-19 - Not&iacute;cias em Destaque","robots":{"index":"index","follow":"follow","max-snippet":"max-snippet:-1","max-image-preview":"max-image-preview:large","max-video-preview":"max-video-preview:-1"},"canonical":"https:\/\/noticiasemdestaque.com\/cd\/?p=24963","og_locale":"pt_BR","og_type":"article","og_title":"Secretaria de Sa\u00fade de Monteiro confirma mais dois casos de covid-19 - Not&iacute;cias em Destaque","og_description":"A Secretaria Municipal de Sa\u00fade de Monteiro confirmou hoje mais dois novos casos de Covid-19. Trata-se de um paciente, sexo masculino, 30 anos e uma paciente, sexo feminino, 50 anos. Foram notificados e submetidos a testagem r\u00e1pida, com resultado POSITIVO. Ambos est\u00e3o em isolamento domiciliar. A Secretaria Municipal de Sa\u00fade chama aten\u00e7\u00e3o da popula\u00e7\u00e3o por se tratarem de casos de transmiss\u00e3o comunit\u00e1ria, ou seja, o v\u00edrus circula dentro da cidade. Isso torna cada vez mais importante seguir as orienta\u00e7\u00f5es do distanciamento social e demais medidas apresentadas pela Vigil\u00e2ncia em Sa\u00fade. Not\u00edcias em Destaque","og_url":"https:\/\/noticiasemdestaque.com\/cd\/?p=24963","og_site_name":"Not&iacute;cias em Destaque","article_published_time":"2020-05-18T23:49:31+00:00","og_image":[{"width":960,"height":960,"url":"https:\/\/noticiasemdestaque.com\/cd\/wp-content\/uploads\/2020\/05\/97026709_2935040966610950_3535981733675532288_o.png","type":"image\/png"}],"author":"Not\u00edcias em Destaque","twitter_card":"summary_large_image","twitter_misc":{"Escrito por":"Not\u00edcias em Destaque","Est. tempo de leitura":"1 minuto"},"schema":{"@context":"https:\/\/schema.org","@graph":[{"@type":"Article","@id":"https:\/\/noticiasemdestaque.com\/cd\/?p=24963#article","isPartOf":{"@id":"https:\/\/noticiasemdestaque.com\/cd\/?p=24963"},"author":{"name":"Not\u00edcias em Destaque","@id":"https:\/\/noticiasemdestaque.com\/cd\/#\/schema\/person\/4a81fb71f77579d059c3045891fa1786"},"headline":"Secretaria de Sa\u00fade de Monteiro confirma mais dois casos de covid-19","datePublished":"2020-05-18T23:49:31+00:00","mainEntityOfPage":{"@id":"https:\/\/noticiasemdestaque.com\/cd\/?p=24963"},"wordCount":116,"publisher":{"@id":"https:\/\/noticiasemdestaque.com\/cd\/#organization"},"image":{"@id":"https:\/\/noticiasemdestaque.com\/cd\/?p=24963#primaryimage"},"thumbnailUrl":"https:\/\/noticiasemdestaque.com\/cd\/wp-content\/uploads\/2020\/05\/97026709_2935040966610950_3535981733675532288_o.png","articleSection":["Cidades"],"inLanguage":"pt-BR"},{"@type":"WebPage","@id":"https:\/\/noticiasemdestaque.com\/cd\/?p=24963","url":"https:\/\/noticiasemdestaque.com\/cd\/?p=24963","name":"Secretaria de Sa\u00fade de Monteiro confirma mais dois casos de covid-19 - Not&iacute;cias em Destaque","isPartOf":{"@id":"https:\/\/noticiasemdestaque.com\/cd\/#website"},"primaryImageOfPage":{"@id":"https:\/\/noticiasemdestaque.com\/cd\/?p=24963#primaryimage"},"image":{"@id":"https:\/\/noticiasemdestaque.com\/cd\/?p=24963#primaryimage"},"thumbnailUrl":"https:\/\/noticiasemdestaque.com\/cd\/wp-content\/uploads\/2020\/05\/97026709_2935040966610950_3535981733675532288_o.png","datePublished":"2020-05-18T23:49:31+00:00","breadcrumb":{"@id":"https:\/\/noticiasemdestaque.com\/cd\/?p=24963#breadcrumb"},"inLanguage":"pt-BR","potentialAction":[{"@type":"ReadAction","target":["https:\/\/noticiasemdestaque.com\/cd\/?p=24963"]}]},{"@type":"ImageObject","inLanguage":"pt-BR","@id":"https:\/\/noticiasemdestaque.com\/cd\/?p=24963#primaryimage","url":"https:\/\/noticiasemdestaque.com\/cd\/wp-content\/uploads\/2020\/05\/97026709_2935040966610950_3535981733675532288_o.png","contentUrl":"https:\/\/noticiasemdestaque.com\/cd\/wp-content\/uploads\/2020\/05\/97026709_2935040966610950_3535981733675532288_o.png","width":960,"height":960},{"@type":"BreadcrumbList","@id":"https:\/\/noticiasemdestaque.com\/cd\/?p=24963#breadcrumb","itemListElement":[{"@type":"ListItem","position":1,"name":"In\u00edcio","item":"https:\/\/noticiasemdestaque.com\/cd\/"},{"@type":"ListItem","position":2,"name":"Secretaria de Sa\u00fade de Monteiro confirma mais dois casos de covid-19"}]},{"@type":"WebSite","@id":"https:\/\/noticiasemdestaque.com\/cd\/#website","url":"https:\/\/noticiasemdestaque.com\/cd\/","name":"Not&iacute;cias em Destaque","description":"","publisher":{"@id":"https:\/\/noticiasemdestaque.com\/cd\/#organization"},"potentialAction":[{"@type":"SearchAction","target":{"@type":"EntryPoint","urlTemplate":"https:\/\/noticiasemdestaque.com\/cd\/?s={search_term_string}"},"query-input":{"@type":"PropertyValueSpecification","valueRequired":true,"valueName":"search_term_string"}}],"inLanguage":"pt-BR"},{"@type":"Organization","@id":"https:\/\/noticiasemdestaque.com\/cd\/#organization","name":"Not\u00edcias em Destaque","url":"https:\/\/noticiasemdestaque.com\/cd\/","logo":{"@type":"ImageObject","inLanguage":"pt-BR","@id":"https:\/\/noticiasemdestaque.com\/cd\/#\/schema\/logo\/image\/","url":"https:\/\/noticiasemdestaque.com\/cd\/wp-content\/uploads\/2022\/05\/imagem-base-noticiasemdestaque.png","contentUrl":"https:\/\/noticiasemdestaque.com\/cd\/wp-content\/uploads\/2022\/05\/imagem-base-noticiasemdestaque.png","width":1200,"height":630,"caption":"Not\u00edcias em Destaque"},"image":{"@id":"https:\/\/noticiasemdestaque.com\/cd\/#\/schema\/logo\/image\/"}},{"@type":"Person","@id":"https:\/\/noticiasemdestaque.com\/cd\/#\/schema\/person\/4a81fb71f77579d059c3045891fa1786","name":"Not\u00edcias em Destaque","url":"https:\/\/noticiasemdestaque.com\/cd\/?author=2"}]}},"jetpack_featured_media_url":"https:\/\/noticiasemdestaque.com\/cd\/wp-content\/uploads\/2020\/05\/97026709_2935040966610950_3535981733675532288_o.png","jetpack_sharing_enabled":true,"_links":{"self":[{"href":"https:\/\/noticiasemdestaque.com\/cd\/index.php?rest_route=\/wp\/v2\/posts\/24963","targetHints":{"allow":["GET"]}}],"collection":[{"href":"https:\/\/noticiasemdestaque.com\/cd\/index.php?rest_route=\/wp\/v2\/posts"}],"about":[{"href":"https:\/\/noticiasemdestaque.com\/cd\/index.php?rest_route=\/wp\/v2\/types\/post"}],"author":[{"embeddable":true,"href":"https:\/\/noticiasemdestaque.com\/cd\/index.php?rest_route=\/wp\/v2\/users\/2"}],"replies":[{"embeddable":true,"href":"https:\/\/noticiasemdestaque.com\/cd\/index.php?rest_route=%2Fwp%2Fv2%2Fcomments&post=24963"}],"version-history":[{"count":1,"href":"https:\/\/noticiasemdestaque.com\/cd\/index.php?rest_route=\/wp\/v2\/posts\/24963\/revisions"}],"predecessor-version":[{"id":24965,"href":"https:\/\/noticiasemdestaque.com\/cd\/index.php?rest_route=\/wp\/v2\/posts\/24963\/revisions\/24965"}],"wp:featuredmedia":[{"embeddable":true,"href":"https:\/\/noticiasemdestaque.com\/cd\/index.php?rest_route=\/wp\/v2\/media\/24964"}],"wp:attachment":[{"href":"https:\/\/noticiasemdestaque.com\/cd\/index.php?rest_route=%2Fwp%2Fv2%2Fmedia&parent=24963"}],"wp:term":[{"taxonomy":"category","embeddable":true,"href":"https:\/\/noticiasemdestaque.com\/cd\/index.php?rest_route=%2Fwp%2Fv2%2Fcategories&post=24963"},{"taxonomy":"post_tag","embeddable":true,"href":"https:\/\/noticiasemdestaque.com\/cd\/index.php?rest_route=%2Fwp%2Fv2%2Ftags&post=24963"}],"curies":[{"name":"wp","href":"https:\/\/api.w.org\/{rel}","templated":true}]}}