{"id":24960,"date":"2020-05-18T20:46:17","date_gmt":"2020-05-18T23:46:17","guid":{"rendered":"http:\/\/noticiasemdestaque.com\/cd\/?p=24960"},"modified":"2020-05-18T20:46:17","modified_gmt":"2020-05-18T23:46:17","slug":"prefeitura-de-sume-monta-pontos-de-apoio-para-ajudar-populacao-na-prevencao-ao-coronavirus","status":"publish","type":"post","link":"https:\/\/noticiasemdestaque.com\/cd\/?p=24960","title":{"rendered":"Prefeitura de Sum\u00e9 monta pontos de apoio para ajudar popula\u00e7\u00e3o na preven\u00e7\u00e3o ao coronav\u00edrus"},"content":{"rendered":"<p><a href=\"https:\/\/noticiasemdestaque.com\/cd\/wp-content\/uploads\/2020\/05\/2e9d0eb0-b30c-47c8-84ae-873c578f69a9.jpg\"><img fetchpriority=\"high\" decoding=\"async\" class=\"wp-image-24961 aligncenter\" src=\"https:\/\/noticiasemdestaque.com\/cd\/wp-content\/uploads\/2020\/05\/2e9d0eb0-b30c-47c8-84ae-873c578f69a9-1024x768.jpg\" alt=\"\" width=\"401\" height=\"301\" srcset=\"https:\/\/noticiasemdestaque.com\/cd\/wp-content\/uploads\/2020\/05\/2e9d0eb0-b30c-47c8-84ae-873c578f69a9-1024x768.jpg 1024w, https:\/\/noticiasemdestaque.com\/cd\/wp-content\/uploads\/2020\/05\/2e9d0eb0-b30c-47c8-84ae-873c578f69a9-300x225.jpg 300w, https:\/\/noticiasemdestaque.com\/cd\/wp-content\/uploads\/2020\/05\/2e9d0eb0-b30c-47c8-84ae-873c578f69a9-768x576.jpg 768w, https:\/\/noticiasemdestaque.com\/cd\/wp-content\/uploads\/2020\/05\/2e9d0eb0-b30c-47c8-84ae-873c578f69a9-640x480.jpg 640w, https:\/\/noticiasemdestaque.com\/cd\/wp-content\/uploads\/2020\/05\/2e9d0eb0-b30c-47c8-84ae-873c578f69a9.jpg 1280w\" sizes=\"(max-width: 401px) 100vw, 401px\" \/><\/a><\/p>\n<p>Nesta segunda-feira (18), a Secretaria de Sa\u00fade de Sum\u00e9 montou pontos estrat\u00e9gicos de apoio, no Centro da cidade, com o objetivo de orientar a popula\u00e7\u00e3o sobre os cuidados relacionados ao coronav\u00edrus.<\/p>\n<p>As equipes da Vigil\u00e2ncia Epidemiol\u00f3gica e os agentes de combate \u00e0s endemias disponibilizaram \u00e1lcool em gel 70% para a popula\u00e7\u00e3o higienizar as m\u00e3os e ainda distribu\u00edram m\u00e1scaras.<\/p>\n<p>Tamb\u00e9m foram demarcados pisos nas cal\u00e7adas de bancos e correspondentes banc\u00e1rios para delimitar o distanciamento entre cada pessoa que estiver na fila destes estabelecimentos.<\/p>\n<p>Durante a a\u00e7\u00e3o, as equipes realizaram ainda o trabalho educativo, explicando \u00e0 popula\u00e7\u00e3o a import\u00e2ncia do uso dos equipamentos de seguran\u00e7a e do distanciamento social.<\/p>\n<p>A Prefeitura de Sum\u00e9 est\u00e1 intensificando as a\u00e7\u00f5es em v\u00e1rias frentes, a exemplo da instala\u00e7\u00e3o de lavat\u00f3rios de m\u00e3os em pontos p\u00fablicos, organiza\u00e7\u00e3o de filas em bancos e correspondentes banc\u00e1rios, distribui\u00e7\u00e3o de m\u00e1scaras junto \u00e0 popula\u00e7\u00e3o, campanhas educativas, fiscaliza\u00e7\u00e3o em diversos estabelecimentos, orienta\u00e7\u00e3o para seguir a quarentena a quem chega de viagem, recomenda\u00e7\u00f5es para vel\u00f3rios e sepultamentos, entre outras a\u00e7\u00f5es.<\/p>\n<p>Ascom\/PMS<\/p>\n","protected":false},"excerpt":{"rendered":"<p>Nesta segunda-feira (18), a Secretaria de Sa\u00fade de Sum\u00e9 montou pontos estrat\u00e9gicos de apoio, no Centro da cidade, com o objetivo de orientar a popula\u00e7\u00e3o sobre os cuidados relacionados ao coronav\u00edrus. As equipes da Vigil\u00e2ncia Epidemiol\u00f3gica e os agentes de combate \u00e0s endemias disponibilizaram \u00e1lcool em gel 70% para a popula\u00e7\u00e3o higienizar as m\u00e3os e ainda distribu\u00edram m\u00e1scaras. Tamb\u00e9m foram demarcados pisos nas cal\u00e7adas de bancos e correspondentes banc\u00e1rios para delimitar o distanciamento entre cada pessoa que estiver na fila destes estabelecimentos. Durante a a\u00e7\u00e3o, as equipes realizaram ainda o trabalho educativo, explicando \u00e0 popula\u00e7\u00e3o a import\u00e2ncia do uso dos equipamentos de seguran\u00e7a e do distanciamento social. A Prefeitura de Sum\u00e9 est\u00e1 intensificando as a\u00e7\u00f5es em v\u00e1rias frentes, a exemplo da instala\u00e7\u00e3o de lavat\u00f3rios de m\u00e3os em pontos p\u00fablicos, organiza\u00e7\u00e3o de filas em bancos e correspondentes banc\u00e1rios, distribui\u00e7\u00e3o de m\u00e1scaras junto \u00e0 popula\u00e7\u00e3o, campanhas educativas, fiscaliza\u00e7\u00e3o em diversos estabelecimentos, orienta\u00e7\u00e3o para seguir a quarentena a quem chega de viagem, recomenda\u00e7\u00f5es para vel\u00f3rios e sepultamentos, entre outras a\u00e7\u00f5es. Ascom\/PMS<\/p>\n","protected":false},"author":2,"featured_media":24961,"comment_status":"closed","ping_status":"open","sticky":false,"template":"","format":"standard","meta":{"_eb_attr":"","_jetpack_memberships_contains_paid_content":false,"footnotes":""},"categories":[12],"tags":[],"class_list":["post-24960","post","type-post","status-publish","format-standard","has-post-thumbnail","hentry","category-geral"],"yoast_head":"<!-- This site is optimized with the Yoast SEO plugin v26.5 - https:\/\/yoast.com\/wordpress\/plugins\/seo\/ -->\n<title>Prefeitura de Sum\u00e9 monta pontos de apoio para ajudar popula\u00e7\u00e3o na preven\u00e7\u00e3o ao coronav\u00edrus - Not&iacute;cias em Destaque<\/title>\n<meta name=\"robots\" content=\"index, follow, max-snippet:-1, max-image-preview:large, max-video-preview:-1\" \/>\n<link rel=\"canonical\" href=\"https:\/\/noticiasemdestaque.com\/cd\/?p=24960\" \/>\n<meta property=\"og:locale\" content=\"pt_BR\" \/>\n<meta property=\"og:type\" content=\"article\" \/>\n<meta property=\"og:title\" content=\"Prefeitura de Sum\u00e9 monta pontos de apoio para ajudar popula\u00e7\u00e3o na preven\u00e7\u00e3o ao coronav\u00edrus - Not&iacute;cias em Destaque\" \/>\n<meta property=\"og:description\" content=\"Nesta segunda-feira (18), a Secretaria de Sa\u00fade de Sum\u00e9 montou pontos estrat\u00e9gicos de apoio, no Centro da cidade, com o objetivo de orientar a popula\u00e7\u00e3o sobre os cuidados relacionados ao coronav\u00edrus. As equipes da Vigil\u00e2ncia Epidemiol\u00f3gica e os agentes de combate \u00e0s endemias disponibilizaram \u00e1lcool em gel 70% para a popula\u00e7\u00e3o higienizar as m\u00e3os e ainda distribu\u00edram m\u00e1scaras. Tamb\u00e9m foram demarcados pisos nas cal\u00e7adas de bancos e correspondentes banc\u00e1rios para delimitar o distanciamento entre cada pessoa que estiver na fila destes estabelecimentos. Durante a a\u00e7\u00e3o, as equipes realizaram ainda o trabalho educativo, explicando \u00e0 popula\u00e7\u00e3o a import\u00e2ncia do uso dos equipamentos de seguran\u00e7a e do distanciamento social. A Prefeitura de Sum\u00e9 est\u00e1 intensificando as a\u00e7\u00f5es em v\u00e1rias frentes, a exemplo da instala\u00e7\u00e3o de lavat\u00f3rios de m\u00e3os em pontos p\u00fablicos, organiza\u00e7\u00e3o de filas em bancos e correspondentes banc\u00e1rios, distribui\u00e7\u00e3o de m\u00e1scaras junto \u00e0 popula\u00e7\u00e3o, campanhas educativas, fiscaliza\u00e7\u00e3o em diversos estabelecimentos, orienta\u00e7\u00e3o para seguir a quarentena a quem chega de viagem, recomenda\u00e7\u00f5es para vel\u00f3rios e sepultamentos, entre outras a\u00e7\u00f5es. Ascom\/PMS\" \/>\n<meta property=\"og:url\" content=\"https:\/\/noticiasemdestaque.com\/cd\/?p=24960\" \/>\n<meta property=\"og:site_name\" content=\"Not&iacute;cias em Destaque\" \/>\n<meta property=\"article:published_time\" content=\"2020-05-18T23:46:17+00:00\" \/>\n<meta property=\"og:image\" content=\"https:\/\/noticiasemdestaque.com\/cd\/wp-content\/uploads\/2020\/05\/2e9d0eb0-b30c-47c8-84ae-873c578f69a9.jpg\" \/>\n\t<meta property=\"og:image:width\" content=\"1280\" \/>\n\t<meta property=\"og:image:height\" content=\"960\" \/>\n\t<meta property=\"og:image:type\" content=\"image\/jpeg\" \/>\n<meta name=\"author\" content=\"Not\u00edcias em Destaque\" \/>\n<meta name=\"twitter:card\" content=\"summary_large_image\" \/>\n<meta name=\"twitter:label1\" content=\"Escrito por\" \/>\n\t<meta name=\"twitter:data1\" content=\"Not\u00edcias em Destaque\" \/>\n\t<meta name=\"twitter:label2\" content=\"Est. tempo de leitura\" \/>\n\t<meta name=\"twitter:data2\" content=\"1 minuto\" \/>\n<script type=\"application\/ld+json\" class=\"yoast-schema-graph\">{\"@context\":\"https:\/\/schema.org\",\"@graph\":[{\"@type\":\"Article\",\"@id\":\"https:\/\/noticiasemdestaque.com\/cd\/?p=24960#article\",\"isPartOf\":{\"@id\":\"https:\/\/noticiasemdestaque.com\/cd\/?p=24960\"},\"author\":{\"name\":\"Not\u00edcias em Destaque\",\"@id\":\"https:\/\/noticiasemdestaque.com\/cd\/#\/schema\/person\/4a81fb71f77579d059c3045891fa1786\"},\"headline\":\"Prefeitura de Sum\u00e9 monta pontos de apoio para ajudar popula\u00e7\u00e3o na preven\u00e7\u00e3o ao coronav\u00edrus\",\"datePublished\":\"2020-05-18T23:46:17+00:00\",\"mainEntityOfPage\":{\"@id\":\"https:\/\/noticiasemdestaque.com\/cd\/?p=24960\"},\"wordCount\":215,\"publisher\":{\"@id\":\"https:\/\/noticiasemdestaque.com\/cd\/#organization\"},\"image\":{\"@id\":\"https:\/\/noticiasemdestaque.com\/cd\/?p=24960#primaryimage\"},\"thumbnailUrl\":\"https:\/\/noticiasemdestaque.com\/cd\/wp-content\/uploads\/2020\/05\/2e9d0eb0-b30c-47c8-84ae-873c578f69a9.jpg\",\"articleSection\":[\"Geral\"],\"inLanguage\":\"pt-BR\"},{\"@type\":\"WebPage\",\"@id\":\"https:\/\/noticiasemdestaque.com\/cd\/?p=24960\",\"url\":\"https:\/\/noticiasemdestaque.com\/cd\/?p=24960\",\"name\":\"Prefeitura de Sum\u00e9 monta pontos de apoio para ajudar popula\u00e7\u00e3o na preven\u00e7\u00e3o ao coronav\u00edrus - Not&iacute;cias em Destaque\",\"isPartOf\":{\"@id\":\"https:\/\/noticiasemdestaque.com\/cd\/#website\"},\"primaryImageOfPage\":{\"@id\":\"https:\/\/noticiasemdestaque.com\/cd\/?p=24960#primaryimage\"},\"image\":{\"@id\":\"https:\/\/noticiasemdestaque.com\/cd\/?p=24960#primaryimage\"},\"thumbnailUrl\":\"https:\/\/noticiasemdestaque.com\/cd\/wp-content\/uploads\/2020\/05\/2e9d0eb0-b30c-47c8-84ae-873c578f69a9.jpg\",\"datePublished\":\"2020-05-18T23:46:17+00:00\",\"breadcrumb\":{\"@id\":\"https:\/\/noticiasemdestaque.com\/cd\/?p=24960#breadcrumb\"},\"inLanguage\":\"pt-BR\",\"potentialAction\":[{\"@type\":\"ReadAction\",\"target\":[\"https:\/\/noticiasemdestaque.com\/cd\/?p=24960\"]}]},{\"@type\":\"ImageObject\",\"inLanguage\":\"pt-BR\",\"@id\":\"https:\/\/noticiasemdestaque.com\/cd\/?p=24960#primaryimage\",\"url\":\"https:\/\/noticiasemdestaque.com\/cd\/wp-content\/uploads\/2020\/05\/2e9d0eb0-b30c-47c8-84ae-873c578f69a9.jpg\",\"contentUrl\":\"https:\/\/noticiasemdestaque.com\/cd\/wp-content\/uploads\/2020\/05\/2e9d0eb0-b30c-47c8-84ae-873c578f69a9.jpg\",\"width\":1280,\"height\":960},{\"@type\":\"BreadcrumbList\",\"@id\":\"https:\/\/noticiasemdestaque.com\/cd\/?p=24960#breadcrumb\",\"itemListElement\":[{\"@type\":\"ListItem\",\"position\":1,\"name\":\"In\u00edcio\",\"item\":\"https:\/\/noticiasemdestaque.com\/cd\/\"},{\"@type\":\"ListItem\",\"position\":2,\"name\":\"Prefeitura de Sum\u00e9 monta pontos de apoio para ajudar popula\u00e7\u00e3o na preven\u00e7\u00e3o ao coronav\u00edrus\"}]},{\"@type\":\"WebSite\",\"@id\":\"https:\/\/noticiasemdestaque.com\/cd\/#website\",\"url\":\"https:\/\/noticiasemdestaque.com\/cd\/\",\"name\":\"Not&iacute;cias em Destaque\",\"description\":\"\",\"publisher\":{\"@id\":\"https:\/\/noticiasemdestaque.com\/cd\/#organization\"},\"potentialAction\":[{\"@type\":\"SearchAction\",\"target\":{\"@type\":\"EntryPoint\",\"urlTemplate\":\"https:\/\/noticiasemdestaque.com\/cd\/?s={search_term_string}\"},\"query-input\":{\"@type\":\"PropertyValueSpecification\",\"valueRequired\":true,\"valueName\":\"search_term_string\"}}],\"inLanguage\":\"pt-BR\"},{\"@type\":\"Organization\",\"@id\":\"https:\/\/noticiasemdestaque.com\/cd\/#organization\",\"name\":\"Not\u00edcias em Destaque\",\"url\":\"https:\/\/noticiasemdestaque.com\/cd\/\",\"logo\":{\"@type\":\"ImageObject\",\"inLanguage\":\"pt-BR\",\"@id\":\"https:\/\/noticiasemdestaque.com\/cd\/#\/schema\/logo\/image\/\",\"url\":\"https:\/\/noticiasemdestaque.com\/cd\/wp-content\/uploads\/2022\/05\/imagem-base-noticiasemdestaque.png\",\"contentUrl\":\"https:\/\/noticiasemdestaque.com\/cd\/wp-content\/uploads\/2022\/05\/imagem-base-noticiasemdestaque.png\",\"width\":1200,\"height\":630,\"caption\":\"Not\u00edcias em Destaque\"},\"image\":{\"@id\":\"https:\/\/noticiasemdestaque.com\/cd\/#\/schema\/logo\/image\/\"}},{\"@type\":\"Person\",\"@id\":\"https:\/\/noticiasemdestaque.com\/cd\/#\/schema\/person\/4a81fb71f77579d059c3045891fa1786\",\"name\":\"Not\u00edcias em Destaque\",\"url\":\"https:\/\/noticiasemdestaque.com\/cd\/?author=2\"}]}<\/script>\n<!-- \/ Yoast SEO plugin. -->","yoast_head_json":{"title":"Prefeitura de Sum\u00e9 monta pontos de apoio para ajudar popula\u00e7\u00e3o na preven\u00e7\u00e3o ao coronav\u00edrus - Not&iacute;cias em Destaque","robots":{"index":"index","follow":"follow","max-snippet":"max-snippet:-1","max-image-preview":"max-image-preview:large","max-video-preview":"max-video-preview:-1"},"canonical":"https:\/\/noticiasemdestaque.com\/cd\/?p=24960","og_locale":"pt_BR","og_type":"article","og_title":"Prefeitura de Sum\u00e9 monta pontos de apoio para ajudar popula\u00e7\u00e3o na preven\u00e7\u00e3o ao coronav\u00edrus - Not&iacute;cias em Destaque","og_description":"Nesta segunda-feira (18), a Secretaria de Sa\u00fade de Sum\u00e9 montou pontos estrat\u00e9gicos de apoio, no Centro da cidade, com o objetivo de orientar a popula\u00e7\u00e3o sobre os cuidados relacionados ao coronav\u00edrus. As equipes da Vigil\u00e2ncia Epidemiol\u00f3gica e os agentes de combate \u00e0s endemias disponibilizaram \u00e1lcool em gel 70% para a popula\u00e7\u00e3o higienizar as m\u00e3os e ainda distribu\u00edram m\u00e1scaras. Tamb\u00e9m foram demarcados pisos nas cal\u00e7adas de bancos e correspondentes banc\u00e1rios para delimitar o distanciamento entre cada pessoa que estiver na fila destes estabelecimentos. Durante a a\u00e7\u00e3o, as equipes realizaram ainda o trabalho educativo, explicando \u00e0 popula\u00e7\u00e3o a import\u00e2ncia do uso dos equipamentos de seguran\u00e7a e do distanciamento social. A Prefeitura de Sum\u00e9 est\u00e1 intensificando as a\u00e7\u00f5es em v\u00e1rias frentes, a exemplo da instala\u00e7\u00e3o de lavat\u00f3rios de m\u00e3os em pontos p\u00fablicos, organiza\u00e7\u00e3o de filas em bancos e correspondentes banc\u00e1rios, distribui\u00e7\u00e3o de m\u00e1scaras junto \u00e0 popula\u00e7\u00e3o, campanhas educativas, fiscaliza\u00e7\u00e3o em diversos estabelecimentos, orienta\u00e7\u00e3o para seguir a quarentena a quem chega de viagem, recomenda\u00e7\u00f5es para vel\u00f3rios e sepultamentos, entre outras a\u00e7\u00f5es. Ascom\/PMS","og_url":"https:\/\/noticiasemdestaque.com\/cd\/?p=24960","og_site_name":"Not&iacute;cias em Destaque","article_published_time":"2020-05-18T23:46:17+00:00","og_image":[{"width":1280,"height":960,"url":"https:\/\/noticiasemdestaque.com\/cd\/wp-content\/uploads\/2020\/05\/2e9d0eb0-b30c-47c8-84ae-873c578f69a9.jpg","type":"image\/jpeg"}],"author":"Not\u00edcias em Destaque","twitter_card":"summary_large_image","twitter_misc":{"Escrito por":"Not\u00edcias em Destaque","Est. tempo de leitura":"1 minuto"},"schema":{"@context":"https:\/\/schema.org","@graph":[{"@type":"Article","@id":"https:\/\/noticiasemdestaque.com\/cd\/?p=24960#article","isPartOf":{"@id":"https:\/\/noticiasemdestaque.com\/cd\/?p=24960"},"author":{"name":"Not\u00edcias em Destaque","@id":"https:\/\/noticiasemdestaque.com\/cd\/#\/schema\/person\/4a81fb71f77579d059c3045891fa1786"},"headline":"Prefeitura de Sum\u00e9 monta pontos de apoio para ajudar popula\u00e7\u00e3o na preven\u00e7\u00e3o ao coronav\u00edrus","datePublished":"2020-05-18T23:46:17+00:00","mainEntityOfPage":{"@id":"https:\/\/noticiasemdestaque.com\/cd\/?p=24960"},"wordCount":215,"publisher":{"@id":"https:\/\/noticiasemdestaque.com\/cd\/#organization"},"image":{"@id":"https:\/\/noticiasemdestaque.com\/cd\/?p=24960#primaryimage"},"thumbnailUrl":"https:\/\/noticiasemdestaque.com\/cd\/wp-content\/uploads\/2020\/05\/2e9d0eb0-b30c-47c8-84ae-873c578f69a9.jpg","articleSection":["Geral"],"inLanguage":"pt-BR"},{"@type":"WebPage","@id":"https:\/\/noticiasemdestaque.com\/cd\/?p=24960","url":"https:\/\/noticiasemdestaque.com\/cd\/?p=24960","name":"Prefeitura de Sum\u00e9 monta pontos de apoio para ajudar popula\u00e7\u00e3o na preven\u00e7\u00e3o ao coronav\u00edrus - Not&iacute;cias em Destaque","isPartOf":{"@id":"https:\/\/noticiasemdestaque.com\/cd\/#website"},"primaryImageOfPage":{"@id":"https:\/\/noticiasemdestaque.com\/cd\/?p=24960#primaryimage"},"image":{"@id":"https:\/\/noticiasemdestaque.com\/cd\/?p=24960#primaryimage"},"thumbnailUrl":"https:\/\/noticiasemdestaque.com\/cd\/wp-content\/uploads\/2020\/05\/2e9d0eb0-b30c-47c8-84ae-873c578f69a9.jpg","datePublished":"2020-05-18T23:46:17+00:00","breadcrumb":{"@id":"https:\/\/noticiasemdestaque.com\/cd\/?p=24960#breadcrumb"},"inLanguage":"pt-BR","potentialAction":[{"@type":"ReadAction","target":["https:\/\/noticiasemdestaque.com\/cd\/?p=24960"]}]},{"@type":"ImageObject","inLanguage":"pt-BR","@id":"https:\/\/noticiasemdestaque.com\/cd\/?p=24960#primaryimage","url":"https:\/\/noticiasemdestaque.com\/cd\/wp-content\/uploads\/2020\/05\/2e9d0eb0-b30c-47c8-84ae-873c578f69a9.jpg","contentUrl":"https:\/\/noticiasemdestaque.com\/cd\/wp-content\/uploads\/2020\/05\/2e9d0eb0-b30c-47c8-84ae-873c578f69a9.jpg","width":1280,"height":960},{"@type":"BreadcrumbList","@id":"https:\/\/noticiasemdestaque.com\/cd\/?p=24960#breadcrumb","itemListElement":[{"@type":"ListItem","position":1,"name":"In\u00edcio","item":"https:\/\/noticiasemdestaque.com\/cd\/"},{"@type":"ListItem","position":2,"name":"Prefeitura de Sum\u00e9 monta pontos de apoio para ajudar popula\u00e7\u00e3o na preven\u00e7\u00e3o ao coronav\u00edrus"}]},{"@type":"WebSite","@id":"https:\/\/noticiasemdestaque.com\/cd\/#website","url":"https:\/\/noticiasemdestaque.com\/cd\/","name":"Not&iacute;cias em Destaque","description":"","publisher":{"@id":"https:\/\/noticiasemdestaque.com\/cd\/#organization"},"potentialAction":[{"@type":"SearchAction","target":{"@type":"EntryPoint","urlTemplate":"https:\/\/noticiasemdestaque.com\/cd\/?s={search_term_string}"},"query-input":{"@type":"PropertyValueSpecification","valueRequired":true,"valueName":"search_term_string"}}],"inLanguage":"pt-BR"},{"@type":"Organization","@id":"https:\/\/noticiasemdestaque.com\/cd\/#organization","name":"Not\u00edcias em Destaque","url":"https:\/\/noticiasemdestaque.com\/cd\/","logo":{"@type":"ImageObject","inLanguage":"pt-BR","@id":"https:\/\/noticiasemdestaque.com\/cd\/#\/schema\/logo\/image\/","url":"https:\/\/noticiasemdestaque.com\/cd\/wp-content\/uploads\/2022\/05\/imagem-base-noticiasemdestaque.png","contentUrl":"https:\/\/noticiasemdestaque.com\/cd\/wp-content\/uploads\/2022\/05\/imagem-base-noticiasemdestaque.png","width":1200,"height":630,"caption":"Not\u00edcias em Destaque"},"image":{"@id":"https:\/\/noticiasemdestaque.com\/cd\/#\/schema\/logo\/image\/"}},{"@type":"Person","@id":"https:\/\/noticiasemdestaque.com\/cd\/#\/schema\/person\/4a81fb71f77579d059c3045891fa1786","name":"Not\u00edcias em Destaque","url":"https:\/\/noticiasemdestaque.com\/cd\/?author=2"}]}},"jetpack_featured_media_url":"https:\/\/noticiasemdestaque.com\/cd\/wp-content\/uploads\/2020\/05\/2e9d0eb0-b30c-47c8-84ae-873c578f69a9.jpg","jetpack_sharing_enabled":true,"_links":{"self":[{"href":"https:\/\/noticiasemdestaque.com\/cd\/index.php?rest_route=\/wp\/v2\/posts\/24960","targetHints":{"allow":["GET"]}}],"collection":[{"href":"https:\/\/noticiasemdestaque.com\/cd\/index.php?rest_route=\/wp\/v2\/posts"}],"about":[{"href":"https:\/\/noticiasemdestaque.com\/cd\/index.php?rest_route=\/wp\/v2\/types\/post"}],"author":[{"embeddable":true,"href":"https:\/\/noticiasemdestaque.com\/cd\/index.php?rest_route=\/wp\/v2\/users\/2"}],"replies":[{"embeddable":true,"href":"https:\/\/noticiasemdestaque.com\/cd\/index.php?rest_route=%2Fwp%2Fv2%2Fcomments&post=24960"}],"version-history":[{"count":1,"href":"https:\/\/noticiasemdestaque.com\/cd\/index.php?rest_route=\/wp\/v2\/posts\/24960\/revisions"}],"predecessor-version":[{"id":24962,"href":"https:\/\/noticiasemdestaque.com\/cd\/index.php?rest_route=\/wp\/v2\/posts\/24960\/revisions\/24962"}],"wp:featuredmedia":[{"embeddable":true,"href":"https:\/\/noticiasemdestaque.com\/cd\/index.php?rest_route=\/wp\/v2\/media\/24961"}],"wp:attachment":[{"href":"https:\/\/noticiasemdestaque.com\/cd\/index.php?rest_route=%2Fwp%2Fv2%2Fmedia&parent=24960"}],"wp:term":[{"taxonomy":"category","embeddable":true,"href":"https:\/\/noticiasemdestaque.com\/cd\/index.php?rest_route=%2Fwp%2Fv2%2Fcategories&post=24960"},{"taxonomy":"post_tag","embeddable":true,"href":"https:\/\/noticiasemdestaque.com\/cd\/index.php?rest_route=%2Fwp%2Fv2%2Ftags&post=24960"}],"curies":[{"name":"wp","href":"https:\/\/api.w.org\/{rel}","templated":true}]}}