{"id":24952,"date":"2020-05-18T20:28:01","date_gmt":"2020-05-18T23:28:01","guid":{"rendered":"http:\/\/noticiasemdestaque.com\/cd\/?p=24952"},"modified":"2020-05-18T20:28:01","modified_gmt":"2020-05-18T23:28:01","slug":"joao-azevedo-anuncia-distribuicao-de-mais-60-mil-cestas-basicas-para-paraibanos-em-situacao-de-vulnerabilidade-social","status":"publish","type":"post","link":"https:\/\/noticiasemdestaque.com\/cd\/?p=24952","title":{"rendered":"Jo\u00e3o Azev\u00eado anuncia distribui\u00e7\u00e3o de mais 60 mil cestas b\u00e1sicas para paraibanos em situa\u00e7\u00e3o de vulnerabilidade social"},"content":{"rendered":"<p><a href=\"https:\/\/noticiasemdestaque.com\/cd\/wp-content\/uploads\/2018\/10\/joao-azevedo.jpg\"><img fetchpriority=\"high\" decoding=\"async\" class=\"wp-image-13147 aligncenter\" src=\"https:\/\/noticiasemdestaque.com\/cd\/wp-content\/uploads\/2018\/10\/joao-azevedo.jpg\" alt=\"\" width=\"326\" height=\"183\" srcset=\"https:\/\/noticiasemdestaque.com\/cd\/wp-content\/uploads\/2018\/10\/joao-azevedo.jpg 984w, https:\/\/noticiasemdestaque.com\/cd\/wp-content\/uploads\/2018\/10\/joao-azevedo-300x169.jpg 300w, https:\/\/noticiasemdestaque.com\/cd\/wp-content\/uploads\/2018\/10\/joao-azevedo-768x432.jpg 768w\" sizes=\"(max-width: 326px) 100vw, 326px\" \/><\/a><\/p>\n<p>O governador Jo\u00e3o Azev\u00eado autorizou, nesta segunda-feira (18), a distribui\u00e7\u00e3o de mais 60 mil cestas b\u00e1sicas \u00e0 popula\u00e7\u00e3o em situa\u00e7\u00e3o de vulnerabilidade social na Para\u00edba, devido \u00e0 pandemia do coronav\u00edrus. As novas a\u00e7\u00f5es na \u00e1rea social tamb\u00e9m autorizam investimentos de R$ 1 milh\u00e3o para a aquisi\u00e7\u00e3o de alimentos da agricultura familiar e asseguram recursos na ordem de R$ 1 milh\u00e3o para atender as Institui\u00e7\u00f5es de Longa Perman\u00eancia para Idosos (ILPIs), por meio do projeto Acolher. O decreto com as novas medidas sociais ser\u00e1 publicado nesta ter\u00e7a-feira (19) no Di\u00e1rio Oficial do Estado (DOE).<\/p>\n<p>Durante o programa semanal \u2018Fala, governador\u2019, transmitido em cadeia estadual pela R\u00e1dio Tabajara, o chefe do Executivo estadual ainda anunciou a distribui\u00e7\u00e3o de 253 mil cestas b\u00e1sicas a alunos da rede estadual de ensino. Os alimentos ser\u00e3o distribu\u00eddos de forma regionalizada e a log\u00edstica de entrega ser\u00e1 definida pela Secretaria de Estado da Educa\u00e7\u00e3o, Ci\u00eancia e Tecnologia com cada escola.<\/p>\n<p>\u201cN\u00f3s j\u00e1 fizemos, no primeiro m\u00eas, a distribui\u00e7\u00e3o de 52 mil cestas e vamos continuar dando assist\u00eancia \u00e0s entidades e \u00e0s pessoas que mais precisam, incluindo novos grupos, como taxistas e motoristas de transporte coletivo da Regi\u00e3o Metropolitana de Jo\u00e3o Pessoa. Estamos identificando os segmentos e chegando com a ajuda necess\u00e1ria\u201d, destacou.<\/p>\n<p><b>Transmiss\u00e3o ao vivo de cerim\u00f4nias religiosas<\/b>\u00a0&#8211; O governador Jo\u00e3o Azev\u00eado esclareceu, na ocasi\u00e3o, que o decreto publicado no \u00faltimo s\u00e1bado (16), que prorroga as medidas de isolamento social, n\u00e3o pro\u00edbe as transmiss\u00f5es pela internet ou ve\u00edculos de comunica\u00e7\u00e3o de cultos, missas e demais cerim\u00f4nias religiosas e lamentou a dissemina\u00e7\u00e3o de mais uma fake news.<\/p>\n<p>\u201cNo decreto que iremos publicar amanh\u00e3, n\u00f3s vamos incluir esclarecimentos de que a veda\u00e7\u00e3o de missas e cultos n\u00e3o se aplica \u00e0s transmiss\u00f5es na internet ou ve\u00edculos de Comunica\u00e7\u00e3o. N\u00e3o h\u00e1 de nossa parte a inten\u00e7\u00e3o de proibir que se fa\u00e7am cultos, missas ou outras cerimonias religiosas porque sabemos da import\u00e2ncia da f\u00e9 e da religi\u00e3o na vida das pessoas. As atividades continuar\u00e3o sendo realizadas da mesma maneira que estavam ocorrendo anteriormente, com a presen\u00e7a de ministros, oficiais religiosos e m\u00fasicos, adotando todos os cuidados de prote\u00e7\u00e3o com as pessoas que est\u00e3o nesses ambientes\u201d, disse.<\/p>\n<p><b>Constru\u00e7\u00e3o civil<\/b>\u00a0\u2013 Jo\u00e3o Azev\u00eado ainda explicou que a suspens\u00e3o, pelo per\u00edodo de dez dias corridos, das atividades da constru\u00e7\u00e3o civil na Regi\u00e3o Metropolitana de Jo\u00e3o Pessoa e em Campina Grande se deu devido \u00e0 constata\u00e7\u00e3o do aumento da contamina\u00e7\u00e3o pelo novo coronav\u00edrus nos trabalhadores desse segmento.<\/p>\n<p>\u201cN\u00f3s identificamos problemas muito s\u00e9rios nos canteiros, a exemplo de empresas que forneceram apenas duas m\u00e1scaras por m\u00eas ao trabalhador, quando o certo seria trocar a cada tr\u00eas horas. Tamb\u00e9m percebemos a aus\u00eancia de \u00e1lcool nos locais de trabalho e de pontos de lavagem de m\u00e3os, o uso de bebedouros coletivos nas obras e alojamentos com quatro ou seis pessoas sem ventila\u00e7\u00e3o natural, ou seja, estamos colocando em risco os trabalhadores da constru\u00e7\u00e3o civil e pe\u00e7o a compreens\u00e3o do segmento durante esse per\u00edodo de sete dias \u00fateis de obras paralisadas. A nossa inten\u00e7\u00e3o \u00e9 diminuir o n\u00famero de contamina\u00e7\u00e3o e, consequentemente, de mortes\u201d, observou.<\/p>\n","protected":false},"excerpt":{"rendered":"<p>O governador Jo\u00e3o Azev\u00eado autorizou, nesta segunda-feira (18), a distribui\u00e7\u00e3o de mais 60 mil cestas b\u00e1sicas \u00e0 popula\u00e7\u00e3o em situa\u00e7\u00e3o de vulnerabilidade social na Para\u00edba, devido \u00e0 pandemia do coronav\u00edrus. As novas a\u00e7\u00f5es na \u00e1rea social tamb\u00e9m autorizam investimentos de R$ 1 milh\u00e3o para a aquisi\u00e7\u00e3o de alimentos da agricultura familiar e asseguram recursos na ordem de R$ 1 milh\u00e3o para atender as Institui\u00e7\u00f5es de Longa Perman\u00eancia para Idosos (ILPIs), por meio do projeto Acolher. O decreto com as novas medidas sociais ser\u00e1 publicado nesta ter\u00e7a-feira (19) no Di\u00e1rio Oficial do Estado (DOE). Durante o programa semanal \u2018Fala, governador\u2019, transmitido em cadeia estadual pela R\u00e1dio Tabajara, o chefe do Executivo estadual ainda anunciou a distribui\u00e7\u00e3o de 253 mil cestas b\u00e1sicas a alunos da rede estadual de ensino. Os alimentos ser\u00e3o distribu\u00eddos de forma regionalizada e a log\u00edstica de entrega ser\u00e1 definida pela Secretaria de Estado da Educa\u00e7\u00e3o, Ci\u00eancia e Tecnologia com cada escola. \u201cN\u00f3s j\u00e1 fizemos, no primeiro m\u00eas, a distribui\u00e7\u00e3o de 52 mil cestas e vamos continuar dando assist\u00eancia \u00e0s entidades e \u00e0s pessoas que mais precisam, incluindo novos grupos, como taxistas e motoristas de transporte coletivo da Regi\u00e3o Metropolitana de Jo\u00e3o Pessoa. Estamos identificando os segmentos e chegando com a ajuda necess\u00e1ria\u201d, destacou. Transmiss\u00e3o ao vivo de cerim\u00f4nias religiosas\u00a0&#8211; O governador Jo\u00e3o Azev\u00eado esclareceu, na ocasi\u00e3o, que o decreto publicado no \u00faltimo s\u00e1bado (16), que prorroga as medidas de isolamento social, n\u00e3o pro\u00edbe as transmiss\u00f5es pela internet ou ve\u00edculos de comunica\u00e7\u00e3o de cultos, missas e demais cerim\u00f4nias religiosas e lamentou a dissemina\u00e7\u00e3o de mais uma fake news. \u201cNo decreto que iremos publicar amanh\u00e3, n\u00f3s vamos incluir esclarecimentos de que a veda\u00e7\u00e3o de missas e cultos n\u00e3o se aplica \u00e0s transmiss\u00f5es na internet ou ve\u00edculos de Comunica\u00e7\u00e3o. N\u00e3o h\u00e1 de nossa parte a inten\u00e7\u00e3o de proibir que se fa\u00e7am cultos, missas ou outras cerimonias religiosas porque sabemos da import\u00e2ncia da f\u00e9 e da religi\u00e3o na vida das pessoas. As atividades continuar\u00e3o sendo realizadas da mesma maneira que estavam ocorrendo anteriormente, com a presen\u00e7a de ministros, oficiais religiosos e m\u00fasicos, adotando todos os cuidados de prote\u00e7\u00e3o com as pessoas que est\u00e3o nesses ambientes\u201d, disse. Constru\u00e7\u00e3o civil\u00a0\u2013 Jo\u00e3o Azev\u00eado ainda explicou que a suspens\u00e3o, pelo per\u00edodo de dez dias corridos, das atividades da constru\u00e7\u00e3o civil na Regi\u00e3o Metropolitana de Jo\u00e3o Pessoa e em Campina Grande se deu devido \u00e0 constata\u00e7\u00e3o do aumento da contamina\u00e7\u00e3o pelo novo coronav\u00edrus nos trabalhadores desse segmento. \u201cN\u00f3s identificamos problemas muito s\u00e9rios nos canteiros, a exemplo de empresas que forneceram apenas duas m\u00e1scaras por m\u00eas ao trabalhador, quando o certo seria trocar a cada tr\u00eas horas. Tamb\u00e9m percebemos a aus\u00eancia de \u00e1lcool nos locais de trabalho e de pontos de lavagem de m\u00e3os, o uso de bebedouros coletivos nas obras e alojamentos com quatro ou seis pessoas sem ventila\u00e7\u00e3o natural, ou seja, estamos colocando em risco os trabalhadores da constru\u00e7\u00e3o civil e pe\u00e7o a compreens\u00e3o do segmento durante esse per\u00edodo de sete dias \u00fateis de obras paralisadas. A nossa inten\u00e7\u00e3o \u00e9 diminuir o n\u00famero de contamina\u00e7\u00e3o e, consequentemente, de mortes\u201d, observou.<\/p>\n","protected":false},"author":2,"featured_media":13147,"comment_status":"closed","ping_status":"open","sticky":false,"template":"","format":"standard","meta":{"_eb_attr":"","_jetpack_memberships_contains_paid_content":false,"footnotes":""},"categories":[4],"tags":[],"class_list":["post-24952","post","type-post","status-publish","format-standard","has-post-thumbnail","hentry","category-politica"],"yoast_head":"<!-- This site is optimized with the Yoast SEO plugin v26.5 - https:\/\/yoast.com\/wordpress\/plugins\/seo\/ -->\n<title>Jo\u00e3o Azev\u00eado anuncia distribui\u00e7\u00e3o de mais 60 mil cestas b\u00e1sicas para paraibanos em situa\u00e7\u00e3o de vulnerabilidade social - Not&iacute;cias em Destaque<\/title>\n<meta name=\"robots\" content=\"index, follow, max-snippet:-1, max-image-preview:large, max-video-preview:-1\" \/>\n<link rel=\"canonical\" href=\"https:\/\/noticiasemdestaque.com\/cd\/?p=24952\" \/>\n<meta property=\"og:locale\" content=\"pt_BR\" \/>\n<meta property=\"og:type\" content=\"article\" \/>\n<meta property=\"og:title\" content=\"Jo\u00e3o Azev\u00eado anuncia distribui\u00e7\u00e3o de mais 60 mil cestas b\u00e1sicas para paraibanos em situa\u00e7\u00e3o de vulnerabilidade social - Not&iacute;cias em Destaque\" \/>\n<meta property=\"og:description\" content=\"O governador Jo\u00e3o Azev\u00eado autorizou, nesta segunda-feira (18), a distribui\u00e7\u00e3o de mais 60 mil cestas b\u00e1sicas \u00e0 popula\u00e7\u00e3o em situa\u00e7\u00e3o de vulnerabilidade social na Para\u00edba, devido \u00e0 pandemia do coronav\u00edrus. As novas a\u00e7\u00f5es na \u00e1rea social tamb\u00e9m autorizam investimentos de R$ 1 milh\u00e3o para a aquisi\u00e7\u00e3o de alimentos da agricultura familiar e asseguram recursos na ordem de R$ 1 milh\u00e3o para atender as Institui\u00e7\u00f5es de Longa Perman\u00eancia para Idosos (ILPIs), por meio do projeto Acolher. O decreto com as novas medidas sociais ser\u00e1 publicado nesta ter\u00e7a-feira (19) no Di\u00e1rio Oficial do Estado (DOE). Durante o programa semanal \u2018Fala, governador\u2019, transmitido em cadeia estadual pela R\u00e1dio Tabajara, o chefe do Executivo estadual ainda anunciou a distribui\u00e7\u00e3o de 253 mil cestas b\u00e1sicas a alunos da rede estadual de ensino. Os alimentos ser\u00e3o distribu\u00eddos de forma regionalizada e a log\u00edstica de entrega ser\u00e1 definida pela Secretaria de Estado da Educa\u00e7\u00e3o, Ci\u00eancia e Tecnologia com cada escola. \u201cN\u00f3s j\u00e1 fizemos, no primeiro m\u00eas, a distribui\u00e7\u00e3o de 52 mil cestas e vamos continuar dando assist\u00eancia \u00e0s entidades e \u00e0s pessoas que mais precisam, incluindo novos grupos, como taxistas e motoristas de transporte coletivo da Regi\u00e3o Metropolitana de Jo\u00e3o Pessoa. Estamos identificando os segmentos e chegando com a ajuda necess\u00e1ria\u201d, destacou. Transmiss\u00e3o ao vivo de cerim\u00f4nias religiosas\u00a0&#8211; O governador Jo\u00e3o Azev\u00eado esclareceu, na ocasi\u00e3o, que o decreto publicado no \u00faltimo s\u00e1bado (16), que prorroga as medidas de isolamento social, n\u00e3o pro\u00edbe as transmiss\u00f5es pela internet ou ve\u00edculos de comunica\u00e7\u00e3o de cultos, missas e demais cerim\u00f4nias religiosas e lamentou a dissemina\u00e7\u00e3o de mais uma fake news. \u201cNo decreto que iremos publicar amanh\u00e3, n\u00f3s vamos incluir esclarecimentos de que a veda\u00e7\u00e3o de missas e cultos n\u00e3o se aplica \u00e0s transmiss\u00f5es na internet ou ve\u00edculos de Comunica\u00e7\u00e3o. N\u00e3o h\u00e1 de nossa parte a inten\u00e7\u00e3o de proibir que se fa\u00e7am cultos, missas ou outras cerimonias religiosas porque sabemos da import\u00e2ncia da f\u00e9 e da religi\u00e3o na vida das pessoas. As atividades continuar\u00e3o sendo realizadas da mesma maneira que estavam ocorrendo anteriormente, com a presen\u00e7a de ministros, oficiais religiosos e m\u00fasicos, adotando todos os cuidados de prote\u00e7\u00e3o com as pessoas que est\u00e3o nesses ambientes\u201d, disse. Constru\u00e7\u00e3o civil\u00a0\u2013 Jo\u00e3o Azev\u00eado ainda explicou que a suspens\u00e3o, pelo per\u00edodo de dez dias corridos, das atividades da constru\u00e7\u00e3o civil na Regi\u00e3o Metropolitana de Jo\u00e3o Pessoa e em Campina Grande se deu devido \u00e0 constata\u00e7\u00e3o do aumento da contamina\u00e7\u00e3o pelo novo coronav\u00edrus nos trabalhadores desse segmento. \u201cN\u00f3s identificamos problemas muito s\u00e9rios nos canteiros, a exemplo de empresas que forneceram apenas duas m\u00e1scaras por m\u00eas ao trabalhador, quando o certo seria trocar a cada tr\u00eas horas. Tamb\u00e9m percebemos a aus\u00eancia de \u00e1lcool nos locais de trabalho e de pontos de lavagem de m\u00e3os, o uso de bebedouros coletivos nas obras e alojamentos com quatro ou seis pessoas sem ventila\u00e7\u00e3o natural, ou seja, estamos colocando em risco os trabalhadores da constru\u00e7\u00e3o civil e pe\u00e7o a compreens\u00e3o do segmento durante esse per\u00edodo de sete dias \u00fateis de obras paralisadas. A nossa inten\u00e7\u00e3o \u00e9 diminuir o n\u00famero de contamina\u00e7\u00e3o e, consequentemente, de mortes\u201d, observou.\" \/>\n<meta property=\"og:url\" content=\"https:\/\/noticiasemdestaque.com\/cd\/?p=24952\" \/>\n<meta property=\"og:site_name\" content=\"Not&iacute;cias em Destaque\" \/>\n<meta property=\"article:published_time\" content=\"2020-05-18T23:28:01+00:00\" \/>\n<meta property=\"og:image\" content=\"https:\/\/noticiasemdestaque.com\/cd\/wp-content\/uploads\/2018\/10\/joao-azevedo.jpg\" \/>\n\t<meta property=\"og:image:width\" content=\"984\" \/>\n\t<meta property=\"og:image:height\" content=\"553\" \/>\n\t<meta property=\"og:image:type\" content=\"image\/jpeg\" \/>\n<meta name=\"author\" content=\"Not\u00edcias em Destaque\" \/>\n<meta name=\"twitter:card\" content=\"summary_large_image\" \/>\n<meta name=\"twitter:label1\" content=\"Escrito por\" \/>\n\t<meta name=\"twitter:data1\" content=\"Not\u00edcias em Destaque\" \/>\n\t<meta name=\"twitter:label2\" content=\"Est. tempo de leitura\" \/>\n\t<meta name=\"twitter:data2\" content=\"3 minutos\" \/>\n<script type=\"application\/ld+json\" class=\"yoast-schema-graph\">{\"@context\":\"https:\/\/schema.org\",\"@graph\":[{\"@type\":\"Article\",\"@id\":\"https:\/\/noticiasemdestaque.com\/cd\/?p=24952#article\",\"isPartOf\":{\"@id\":\"https:\/\/noticiasemdestaque.com\/cd\/?p=24952\"},\"author\":{\"name\":\"Not\u00edcias em Destaque\",\"@id\":\"https:\/\/noticiasemdestaque.com\/cd\/#\/schema\/person\/4a81fb71f77579d059c3045891fa1786\"},\"headline\":\"Jo\u00e3o Azev\u00eado anuncia distribui\u00e7\u00e3o de mais 60 mil cestas b\u00e1sicas para paraibanos em situa\u00e7\u00e3o de vulnerabilidade social\",\"datePublished\":\"2020-05-18T23:28:01+00:00\",\"mainEntityOfPage\":{\"@id\":\"https:\/\/noticiasemdestaque.com\/cd\/?p=24952\"},\"wordCount\":602,\"publisher\":{\"@id\":\"https:\/\/noticiasemdestaque.com\/cd\/#organization\"},\"image\":{\"@id\":\"https:\/\/noticiasemdestaque.com\/cd\/?p=24952#primaryimage\"},\"thumbnailUrl\":\"https:\/\/noticiasemdestaque.com\/cd\/wp-content\/uploads\/2018\/10\/joao-azevedo.jpg\",\"articleSection\":[\"Pol\u00edtica\"],\"inLanguage\":\"pt-BR\"},{\"@type\":\"WebPage\",\"@id\":\"https:\/\/noticiasemdestaque.com\/cd\/?p=24952\",\"url\":\"https:\/\/noticiasemdestaque.com\/cd\/?p=24952\",\"name\":\"Jo\u00e3o Azev\u00eado anuncia distribui\u00e7\u00e3o de mais 60 mil cestas b\u00e1sicas para paraibanos em situa\u00e7\u00e3o de vulnerabilidade social - Not&iacute;cias em Destaque\",\"isPartOf\":{\"@id\":\"https:\/\/noticiasemdestaque.com\/cd\/#website\"},\"primaryImageOfPage\":{\"@id\":\"https:\/\/noticiasemdestaque.com\/cd\/?p=24952#primaryimage\"},\"image\":{\"@id\":\"https:\/\/noticiasemdestaque.com\/cd\/?p=24952#primaryimage\"},\"thumbnailUrl\":\"https:\/\/noticiasemdestaque.com\/cd\/wp-content\/uploads\/2018\/10\/joao-azevedo.jpg\",\"datePublished\":\"2020-05-18T23:28:01+00:00\",\"breadcrumb\":{\"@id\":\"https:\/\/noticiasemdestaque.com\/cd\/?p=24952#breadcrumb\"},\"inLanguage\":\"pt-BR\",\"potentialAction\":[{\"@type\":\"ReadAction\",\"target\":[\"https:\/\/noticiasemdestaque.com\/cd\/?p=24952\"]}]},{\"@type\":\"ImageObject\",\"inLanguage\":\"pt-BR\",\"@id\":\"https:\/\/noticiasemdestaque.com\/cd\/?p=24952#primaryimage\",\"url\":\"https:\/\/noticiasemdestaque.com\/cd\/wp-content\/uploads\/2018\/10\/joao-azevedo.jpg\",\"contentUrl\":\"https:\/\/noticiasemdestaque.com\/cd\/wp-content\/uploads\/2018\/10\/joao-azevedo.jpg\",\"width\":984,\"height\":553},{\"@type\":\"BreadcrumbList\",\"@id\":\"https:\/\/noticiasemdestaque.com\/cd\/?p=24952#breadcrumb\",\"itemListElement\":[{\"@type\":\"ListItem\",\"position\":1,\"name\":\"In\u00edcio\",\"item\":\"https:\/\/noticiasemdestaque.com\/cd\/\"},{\"@type\":\"ListItem\",\"position\":2,\"name\":\"Jo\u00e3o Azev\u00eado anuncia distribui\u00e7\u00e3o de mais 60 mil cestas b\u00e1sicas para paraibanos em situa\u00e7\u00e3o de vulnerabilidade social\"}]},{\"@type\":\"WebSite\",\"@id\":\"https:\/\/noticiasemdestaque.com\/cd\/#website\",\"url\":\"https:\/\/noticiasemdestaque.com\/cd\/\",\"name\":\"Not&iacute;cias em Destaque\",\"description\":\"\",\"publisher\":{\"@id\":\"https:\/\/noticiasemdestaque.com\/cd\/#organization\"},\"potentialAction\":[{\"@type\":\"SearchAction\",\"target\":{\"@type\":\"EntryPoint\",\"urlTemplate\":\"https:\/\/noticiasemdestaque.com\/cd\/?s={search_term_string}\"},\"query-input\":{\"@type\":\"PropertyValueSpecification\",\"valueRequired\":true,\"valueName\":\"search_term_string\"}}],\"inLanguage\":\"pt-BR\"},{\"@type\":\"Organization\",\"@id\":\"https:\/\/noticiasemdestaque.com\/cd\/#organization\",\"name\":\"Not\u00edcias em Destaque\",\"url\":\"https:\/\/noticiasemdestaque.com\/cd\/\",\"logo\":{\"@type\":\"ImageObject\",\"inLanguage\":\"pt-BR\",\"@id\":\"https:\/\/noticiasemdestaque.com\/cd\/#\/schema\/logo\/image\/\",\"url\":\"https:\/\/noticiasemdestaque.com\/cd\/wp-content\/uploads\/2022\/05\/imagem-base-noticiasemdestaque.png\",\"contentUrl\":\"https:\/\/noticiasemdestaque.com\/cd\/wp-content\/uploads\/2022\/05\/imagem-base-noticiasemdestaque.png\",\"width\":1200,\"height\":630,\"caption\":\"Not\u00edcias em Destaque\"},\"image\":{\"@id\":\"https:\/\/noticiasemdestaque.com\/cd\/#\/schema\/logo\/image\/\"}},{\"@type\":\"Person\",\"@id\":\"https:\/\/noticiasemdestaque.com\/cd\/#\/schema\/person\/4a81fb71f77579d059c3045891fa1786\",\"name\":\"Not\u00edcias em Destaque\",\"url\":\"https:\/\/noticiasemdestaque.com\/cd\/?author=2\"}]}<\/script>\n<!-- \/ Yoast SEO plugin. -->","yoast_head_json":{"title":"Jo\u00e3o Azev\u00eado anuncia distribui\u00e7\u00e3o de mais 60 mil cestas b\u00e1sicas para paraibanos em situa\u00e7\u00e3o de vulnerabilidade social - Not&iacute;cias em Destaque","robots":{"index":"index","follow":"follow","max-snippet":"max-snippet:-1","max-image-preview":"max-image-preview:large","max-video-preview":"max-video-preview:-1"},"canonical":"https:\/\/noticiasemdestaque.com\/cd\/?p=24952","og_locale":"pt_BR","og_type":"article","og_title":"Jo\u00e3o Azev\u00eado anuncia distribui\u00e7\u00e3o de mais 60 mil cestas b\u00e1sicas para paraibanos em situa\u00e7\u00e3o de vulnerabilidade social - Not&iacute;cias em Destaque","og_description":"O governador Jo\u00e3o Azev\u00eado autorizou, nesta segunda-feira (18), a distribui\u00e7\u00e3o de mais 60 mil cestas b\u00e1sicas \u00e0 popula\u00e7\u00e3o em situa\u00e7\u00e3o de vulnerabilidade social na Para\u00edba, devido \u00e0 pandemia do coronav\u00edrus. As novas a\u00e7\u00f5es na \u00e1rea social tamb\u00e9m autorizam investimentos de R$ 1 milh\u00e3o para a aquisi\u00e7\u00e3o de alimentos da agricultura familiar e asseguram recursos na ordem de R$ 1 milh\u00e3o para atender as Institui\u00e7\u00f5es de Longa Perman\u00eancia para Idosos (ILPIs), por meio do projeto Acolher. O decreto com as novas medidas sociais ser\u00e1 publicado nesta ter\u00e7a-feira (19) no Di\u00e1rio Oficial do Estado (DOE). Durante o programa semanal \u2018Fala, governador\u2019, transmitido em cadeia estadual pela R\u00e1dio Tabajara, o chefe do Executivo estadual ainda anunciou a distribui\u00e7\u00e3o de 253 mil cestas b\u00e1sicas a alunos da rede estadual de ensino. Os alimentos ser\u00e3o distribu\u00eddos de forma regionalizada e a log\u00edstica de entrega ser\u00e1 definida pela Secretaria de Estado da Educa\u00e7\u00e3o, Ci\u00eancia e Tecnologia com cada escola. \u201cN\u00f3s j\u00e1 fizemos, no primeiro m\u00eas, a distribui\u00e7\u00e3o de 52 mil cestas e vamos continuar dando assist\u00eancia \u00e0s entidades e \u00e0s pessoas que mais precisam, incluindo novos grupos, como taxistas e motoristas de transporte coletivo da Regi\u00e3o Metropolitana de Jo\u00e3o Pessoa. Estamos identificando os segmentos e chegando com a ajuda necess\u00e1ria\u201d, destacou. Transmiss\u00e3o ao vivo de cerim\u00f4nias religiosas\u00a0&#8211; O governador Jo\u00e3o Azev\u00eado esclareceu, na ocasi\u00e3o, que o decreto publicado no \u00faltimo s\u00e1bado (16), que prorroga as medidas de isolamento social, n\u00e3o pro\u00edbe as transmiss\u00f5es pela internet ou ve\u00edculos de comunica\u00e7\u00e3o de cultos, missas e demais cerim\u00f4nias religiosas e lamentou a dissemina\u00e7\u00e3o de mais uma fake news. \u201cNo decreto que iremos publicar amanh\u00e3, n\u00f3s vamos incluir esclarecimentos de que a veda\u00e7\u00e3o de missas e cultos n\u00e3o se aplica \u00e0s transmiss\u00f5es na internet ou ve\u00edculos de Comunica\u00e7\u00e3o. N\u00e3o h\u00e1 de nossa parte a inten\u00e7\u00e3o de proibir que se fa\u00e7am cultos, missas ou outras cerimonias religiosas porque sabemos da import\u00e2ncia da f\u00e9 e da religi\u00e3o na vida das pessoas. As atividades continuar\u00e3o sendo realizadas da mesma maneira que estavam ocorrendo anteriormente, com a presen\u00e7a de ministros, oficiais religiosos e m\u00fasicos, adotando todos os cuidados de prote\u00e7\u00e3o com as pessoas que est\u00e3o nesses ambientes\u201d, disse. Constru\u00e7\u00e3o civil\u00a0\u2013 Jo\u00e3o Azev\u00eado ainda explicou que a suspens\u00e3o, pelo per\u00edodo de dez dias corridos, das atividades da constru\u00e7\u00e3o civil na Regi\u00e3o Metropolitana de Jo\u00e3o Pessoa e em Campina Grande se deu devido \u00e0 constata\u00e7\u00e3o do aumento da contamina\u00e7\u00e3o pelo novo coronav\u00edrus nos trabalhadores desse segmento. \u201cN\u00f3s identificamos problemas muito s\u00e9rios nos canteiros, a exemplo de empresas que forneceram apenas duas m\u00e1scaras por m\u00eas ao trabalhador, quando o certo seria trocar a cada tr\u00eas horas. Tamb\u00e9m percebemos a aus\u00eancia de \u00e1lcool nos locais de trabalho e de pontos de lavagem de m\u00e3os, o uso de bebedouros coletivos nas obras e alojamentos com quatro ou seis pessoas sem ventila\u00e7\u00e3o natural, ou seja, estamos colocando em risco os trabalhadores da constru\u00e7\u00e3o civil e pe\u00e7o a compreens\u00e3o do segmento durante esse per\u00edodo de sete dias \u00fateis de obras paralisadas. A nossa inten\u00e7\u00e3o \u00e9 diminuir o n\u00famero de contamina\u00e7\u00e3o e, consequentemente, de mortes\u201d, observou.","og_url":"https:\/\/noticiasemdestaque.com\/cd\/?p=24952","og_site_name":"Not&iacute;cias em Destaque","article_published_time":"2020-05-18T23:28:01+00:00","og_image":[{"width":984,"height":553,"url":"https:\/\/noticiasemdestaque.com\/cd\/wp-content\/uploads\/2018\/10\/joao-azevedo.jpg","type":"image\/jpeg"}],"author":"Not\u00edcias em Destaque","twitter_card":"summary_large_image","twitter_misc":{"Escrito por":"Not\u00edcias em Destaque","Est. tempo de leitura":"3 minutos"},"schema":{"@context":"https:\/\/schema.org","@graph":[{"@type":"Article","@id":"https:\/\/noticiasemdestaque.com\/cd\/?p=24952#article","isPartOf":{"@id":"https:\/\/noticiasemdestaque.com\/cd\/?p=24952"},"author":{"name":"Not\u00edcias em Destaque","@id":"https:\/\/noticiasemdestaque.com\/cd\/#\/schema\/person\/4a81fb71f77579d059c3045891fa1786"},"headline":"Jo\u00e3o Azev\u00eado anuncia distribui\u00e7\u00e3o de mais 60 mil cestas b\u00e1sicas para paraibanos em situa\u00e7\u00e3o de vulnerabilidade social","datePublished":"2020-05-18T23:28:01+00:00","mainEntityOfPage":{"@id":"https:\/\/noticiasemdestaque.com\/cd\/?p=24952"},"wordCount":602,"publisher":{"@id":"https:\/\/noticiasemdestaque.com\/cd\/#organization"},"image":{"@id":"https:\/\/noticiasemdestaque.com\/cd\/?p=24952#primaryimage"},"thumbnailUrl":"https:\/\/noticiasemdestaque.com\/cd\/wp-content\/uploads\/2018\/10\/joao-azevedo.jpg","articleSection":["Pol\u00edtica"],"inLanguage":"pt-BR"},{"@type":"WebPage","@id":"https:\/\/noticiasemdestaque.com\/cd\/?p=24952","url":"https:\/\/noticiasemdestaque.com\/cd\/?p=24952","name":"Jo\u00e3o Azev\u00eado anuncia distribui\u00e7\u00e3o de mais 60 mil cestas b\u00e1sicas para paraibanos em situa\u00e7\u00e3o de vulnerabilidade social - Not&iacute;cias em Destaque","isPartOf":{"@id":"https:\/\/noticiasemdestaque.com\/cd\/#website"},"primaryImageOfPage":{"@id":"https:\/\/noticiasemdestaque.com\/cd\/?p=24952#primaryimage"},"image":{"@id":"https:\/\/noticiasemdestaque.com\/cd\/?p=24952#primaryimage"},"thumbnailUrl":"https:\/\/noticiasemdestaque.com\/cd\/wp-content\/uploads\/2018\/10\/joao-azevedo.jpg","datePublished":"2020-05-18T23:28:01+00:00","breadcrumb":{"@id":"https:\/\/noticiasemdestaque.com\/cd\/?p=24952#breadcrumb"},"inLanguage":"pt-BR","potentialAction":[{"@type":"ReadAction","target":["https:\/\/noticiasemdestaque.com\/cd\/?p=24952"]}]},{"@type":"ImageObject","inLanguage":"pt-BR","@id":"https:\/\/noticiasemdestaque.com\/cd\/?p=24952#primaryimage","url":"https:\/\/noticiasemdestaque.com\/cd\/wp-content\/uploads\/2018\/10\/joao-azevedo.jpg","contentUrl":"https:\/\/noticiasemdestaque.com\/cd\/wp-content\/uploads\/2018\/10\/joao-azevedo.jpg","width":984,"height":553},{"@type":"BreadcrumbList","@id":"https:\/\/noticiasemdestaque.com\/cd\/?p=24952#breadcrumb","itemListElement":[{"@type":"ListItem","position":1,"name":"In\u00edcio","item":"https:\/\/noticiasemdestaque.com\/cd\/"},{"@type":"ListItem","position":2,"name":"Jo\u00e3o Azev\u00eado anuncia distribui\u00e7\u00e3o de mais 60 mil cestas b\u00e1sicas para paraibanos em situa\u00e7\u00e3o de vulnerabilidade social"}]},{"@type":"WebSite","@id":"https:\/\/noticiasemdestaque.com\/cd\/#website","url":"https:\/\/noticiasemdestaque.com\/cd\/","name":"Not&iacute;cias em Destaque","description":"","publisher":{"@id":"https:\/\/noticiasemdestaque.com\/cd\/#organization"},"potentialAction":[{"@type":"SearchAction","target":{"@type":"EntryPoint","urlTemplate":"https:\/\/noticiasemdestaque.com\/cd\/?s={search_term_string}"},"query-input":{"@type":"PropertyValueSpecification","valueRequired":true,"valueName":"search_term_string"}}],"inLanguage":"pt-BR"},{"@type":"Organization","@id":"https:\/\/noticiasemdestaque.com\/cd\/#organization","name":"Not\u00edcias em Destaque","url":"https:\/\/noticiasemdestaque.com\/cd\/","logo":{"@type":"ImageObject","inLanguage":"pt-BR","@id":"https:\/\/noticiasemdestaque.com\/cd\/#\/schema\/logo\/image\/","url":"https:\/\/noticiasemdestaque.com\/cd\/wp-content\/uploads\/2022\/05\/imagem-base-noticiasemdestaque.png","contentUrl":"https:\/\/noticiasemdestaque.com\/cd\/wp-content\/uploads\/2022\/05\/imagem-base-noticiasemdestaque.png","width":1200,"height":630,"caption":"Not\u00edcias em Destaque"},"image":{"@id":"https:\/\/noticiasemdestaque.com\/cd\/#\/schema\/logo\/image\/"}},{"@type":"Person","@id":"https:\/\/noticiasemdestaque.com\/cd\/#\/schema\/person\/4a81fb71f77579d059c3045891fa1786","name":"Not\u00edcias em Destaque","url":"https:\/\/noticiasemdestaque.com\/cd\/?author=2"}]}},"jetpack_featured_media_url":"https:\/\/noticiasemdestaque.com\/cd\/wp-content\/uploads\/2018\/10\/joao-azevedo.jpg","jetpack_sharing_enabled":true,"_links":{"self":[{"href":"https:\/\/noticiasemdestaque.com\/cd\/index.php?rest_route=\/wp\/v2\/posts\/24952","targetHints":{"allow":["GET"]}}],"collection":[{"href":"https:\/\/noticiasemdestaque.com\/cd\/index.php?rest_route=\/wp\/v2\/posts"}],"about":[{"href":"https:\/\/noticiasemdestaque.com\/cd\/index.php?rest_route=\/wp\/v2\/types\/post"}],"author":[{"embeddable":true,"href":"https:\/\/noticiasemdestaque.com\/cd\/index.php?rest_route=\/wp\/v2\/users\/2"}],"replies":[{"embeddable":true,"href":"https:\/\/noticiasemdestaque.com\/cd\/index.php?rest_route=%2Fwp%2Fv2%2Fcomments&post=24952"}],"version-history":[{"count":1,"href":"https:\/\/noticiasemdestaque.com\/cd\/index.php?rest_route=\/wp\/v2\/posts\/24952\/revisions"}],"predecessor-version":[{"id":24953,"href":"https:\/\/noticiasemdestaque.com\/cd\/index.php?rest_route=\/wp\/v2\/posts\/24952\/revisions\/24953"}],"wp:featuredmedia":[{"embeddable":true,"href":"https:\/\/noticiasemdestaque.com\/cd\/index.php?rest_route=\/wp\/v2\/media\/13147"}],"wp:attachment":[{"href":"https:\/\/noticiasemdestaque.com\/cd\/index.php?rest_route=%2Fwp%2Fv2%2Fmedia&parent=24952"}],"wp:term":[{"taxonomy":"category","embeddable":true,"href":"https:\/\/noticiasemdestaque.com\/cd\/index.php?rest_route=%2Fwp%2Fv2%2Fcategories&post=24952"},{"taxonomy":"post_tag","embeddable":true,"href":"https:\/\/noticiasemdestaque.com\/cd\/index.php?rest_route=%2Fwp%2Fv2%2Ftags&post=24952"}],"curies":[{"name":"wp","href":"https:\/\/api.w.org\/{rel}","templated":true}]}}