{"id":24950,"date":"2020-05-18T20:25:32","date_gmt":"2020-05-18T23:25:32","guid":{"rendered":"http:\/\/noticiasemdestaque.com\/cd\/?p=24950"},"modified":"2020-05-18T20:25:32","modified_gmt":"2020-05-18T23:25:32","slug":"senado-federal-deve-votar-adiamento-do-enem-nesta-terca","status":"publish","type":"post","link":"https:\/\/noticiasemdestaque.com\/cd\/?p=24950","title":{"rendered":"Senado Federal deve votar adiamento do Enem nesta ter\u00e7a"},"content":{"rendered":"<p><a href=\"https:\/\/noticiasemdestaque.com\/cd\/wp-content\/uploads\/2017\/09\/educacao2bbcbrasil-300x169.jpg\"><img fetchpriority=\"high\" decoding=\"async\" class=\"size-full wp-image-4133 aligncenter\" src=\"https:\/\/noticiasemdestaque.com\/cd\/wp-content\/uploads\/2017\/09\/educacao2bbcbrasil-300x169.jpg\" alt=\"\" width=\"300\" height=\"169\" \/><\/a><\/p>\n<p>O Senado Federal pode votar nesta ter\u00e7a-feira (19) o adiamento do Enem (Exame Nacional do Ensino M\u00e9dio) em decorr\u00eancia da pandemia do\u00a0<a href=\"https:\/\/www.r7.com\/\" target=\"_blank\" rel=\"noopener noreferrer\"><strong>novo coronav\u00edrus.<\/strong><\/a><\/p>\n<p>Os parlamentares elaboraram um novo calend\u00e1rio das sess\u00f5es deliberativas remotas em reuni\u00e3o virtual nesta segunda-feira (18). Est\u00e1 prevista a an\u00e1lise para esta ter\u00e7a de quatro temas, entre eles, o adiamento do Enem.<\/p>\n<p>De autoria da senadora Daniela Ribeiro (PP-PB), o projeto prev\u00ea a prorroga\u00e7\u00e3o autom\u00e1tica de prazo para provas, exames e demais atividades de acesso ao ensino superior em caso de reconhecimento de estado de calamidade.<\/p>\n<p>\u201cA realiza\u00e7\u00e3o do Enem 2020 digital confronta irremediavelmente a igualdade de oportunidades e concorr\u00eancia entre os candidatos, principalmente se voltarmos nossas aten\u00e7\u00f5es \u00e0s condi\u00e7\u00f5es operacionais t\u00e3o d\u00edspares entre alunos das institui\u00e7\u00f5es de ensino da rede p\u00fablica em rela\u00e7\u00e3o \u00e0s oferecidas pela iniciativa privada\u201d, justifica Ribeiro.<\/p>\n<p>Inicialmente, est\u00e1 prevista\u00a0para os\u00a0<a href=\"https:\/\/noticias.r7.com\/educacao\/enem-2020-data-nao-e-imutavel-diz-inep-em-comunicado-18052020\" target=\"_blank\" rel=\"noopener noreferrer\"><strong>dias 1\u00ba e 8 de novembro<\/strong><\/a>\u00a0a vers\u00e3o impressa. J\u00e1 a aplica\u00e7\u00e3o das provas digitais foi alterada para os dias para os dias 22 e 29 do mesmo m\u00eas.<\/p>\n<p><em><strong>Not\u00edcias em Destaque<\/strong><\/em><\/p>\n<p>Com R7<\/p>\n","protected":false},"excerpt":{"rendered":"<p>O Senado Federal pode votar nesta ter\u00e7a-feira (19) o adiamento do Enem (Exame Nacional do Ensino M\u00e9dio) em decorr\u00eancia da pandemia do\u00a0novo coronav\u00edrus. Os parlamentares elaboraram um novo calend\u00e1rio das sess\u00f5es deliberativas remotas em reuni\u00e3o virtual nesta segunda-feira (18). Est\u00e1 prevista a an\u00e1lise para esta ter\u00e7a de quatro temas, entre eles, o adiamento do Enem. De autoria da senadora Daniela Ribeiro (PP-PB), o projeto prev\u00ea a prorroga\u00e7\u00e3o autom\u00e1tica de prazo para provas, exames e demais atividades de acesso ao ensino superior em caso de reconhecimento de estado de calamidade. \u201cA realiza\u00e7\u00e3o do Enem 2020 digital confronta irremediavelmente a igualdade de oportunidades e concorr\u00eancia entre os candidatos, principalmente se voltarmos nossas aten\u00e7\u00f5es \u00e0s condi\u00e7\u00f5es operacionais t\u00e3o d\u00edspares entre alunos das institui\u00e7\u00f5es de ensino da rede p\u00fablica em rela\u00e7\u00e3o \u00e0s oferecidas pela iniciativa privada\u201d, justifica Ribeiro. Inicialmente, est\u00e1 prevista\u00a0para os\u00a0dias 1\u00ba e 8 de novembro\u00a0a vers\u00e3o impressa. J\u00e1 a aplica\u00e7\u00e3o das provas digitais foi alterada para os dias para os dias 22 e 29 do mesmo m\u00eas. Not\u00edcias em Destaque Com R7<\/p>\n","protected":false},"author":2,"featured_media":4133,"comment_status":"closed","ping_status":"open","sticky":false,"template":"","format":"standard","meta":{"_eb_attr":"","_jetpack_memberships_contains_paid_content":false,"footnotes":""},"categories":[6],"tags":[],"class_list":["post-24950","post","type-post","status-publish","format-standard","has-post-thumbnail","hentry","category-educacao"],"yoast_head":"<!-- This site is optimized with the Yoast SEO plugin v26.5 - https:\/\/yoast.com\/wordpress\/plugins\/seo\/ -->\n<title>Senado Federal deve votar adiamento do Enem nesta ter\u00e7a - Not&iacute;cias em Destaque<\/title>\n<meta name=\"robots\" content=\"index, follow, max-snippet:-1, max-image-preview:large, max-video-preview:-1\" \/>\n<link rel=\"canonical\" href=\"https:\/\/noticiasemdestaque.com\/cd\/?p=24950\" \/>\n<meta property=\"og:locale\" content=\"pt_BR\" \/>\n<meta property=\"og:type\" content=\"article\" \/>\n<meta property=\"og:title\" content=\"Senado Federal deve votar adiamento do Enem nesta ter\u00e7a - Not&iacute;cias em Destaque\" \/>\n<meta property=\"og:description\" content=\"O Senado Federal pode votar nesta ter\u00e7a-feira (19) o adiamento do Enem (Exame Nacional do Ensino M\u00e9dio) em decorr\u00eancia da pandemia do\u00a0novo coronav\u00edrus. Os parlamentares elaboraram um novo calend\u00e1rio das sess\u00f5es deliberativas remotas em reuni\u00e3o virtual nesta segunda-feira (18). Est\u00e1 prevista a an\u00e1lise para esta ter\u00e7a de quatro temas, entre eles, o adiamento do Enem. De autoria da senadora Daniela Ribeiro (PP-PB), o projeto prev\u00ea a prorroga\u00e7\u00e3o autom\u00e1tica de prazo para provas, exames e demais atividades de acesso ao ensino superior em caso de reconhecimento de estado de calamidade. \u201cA realiza\u00e7\u00e3o do Enem 2020 digital confronta irremediavelmente a igualdade de oportunidades e concorr\u00eancia entre os candidatos, principalmente se voltarmos nossas aten\u00e7\u00f5es \u00e0s condi\u00e7\u00f5es operacionais t\u00e3o d\u00edspares entre alunos das institui\u00e7\u00f5es de ensino da rede p\u00fablica em rela\u00e7\u00e3o \u00e0s oferecidas pela iniciativa privada\u201d, justifica Ribeiro. Inicialmente, est\u00e1 prevista\u00a0para os\u00a0dias 1\u00ba e 8 de novembro\u00a0a vers\u00e3o impressa. J\u00e1 a aplica\u00e7\u00e3o das provas digitais foi alterada para os dias para os dias 22 e 29 do mesmo m\u00eas. Not\u00edcias em Destaque Com R7\" \/>\n<meta property=\"og:url\" content=\"https:\/\/noticiasemdestaque.com\/cd\/?p=24950\" \/>\n<meta property=\"og:site_name\" content=\"Not&iacute;cias em Destaque\" \/>\n<meta property=\"article:published_time\" content=\"2020-05-18T23:25:32+00:00\" \/>\n<meta property=\"og:image\" content=\"https:\/\/noticiasemdestaque.com\/cd\/wp-content\/uploads\/2017\/09\/educacao2bbcbrasil-300x169.jpg\" \/>\n\t<meta property=\"og:image:width\" content=\"300\" \/>\n\t<meta property=\"og:image:height\" content=\"169\" \/>\n\t<meta property=\"og:image:type\" content=\"image\/jpeg\" \/>\n<meta name=\"author\" content=\"Not\u00edcias em Destaque\" \/>\n<meta name=\"twitter:card\" content=\"summary_large_image\" \/>\n<meta name=\"twitter:label1\" content=\"Escrito por\" \/>\n\t<meta name=\"twitter:data1\" content=\"Not\u00edcias em Destaque\" \/>\n\t<meta name=\"twitter:label2\" content=\"Est. tempo de leitura\" \/>\n\t<meta name=\"twitter:data2\" content=\"1 minuto\" \/>\n<script type=\"application\/ld+json\" class=\"yoast-schema-graph\">{\"@context\":\"https:\/\/schema.org\",\"@graph\":[{\"@type\":\"Article\",\"@id\":\"https:\/\/noticiasemdestaque.com\/cd\/?p=24950#article\",\"isPartOf\":{\"@id\":\"https:\/\/noticiasemdestaque.com\/cd\/?p=24950\"},\"author\":{\"name\":\"Not\u00edcias em Destaque\",\"@id\":\"https:\/\/noticiasemdestaque.com\/cd\/#\/schema\/person\/4a81fb71f77579d059c3045891fa1786\"},\"headline\":\"Senado Federal deve votar adiamento do Enem nesta ter\u00e7a\",\"datePublished\":\"2020-05-18T23:25:32+00:00\",\"mainEntityOfPage\":{\"@id\":\"https:\/\/noticiasemdestaque.com\/cd\/?p=24950\"},\"wordCount\":201,\"publisher\":{\"@id\":\"https:\/\/noticiasemdestaque.com\/cd\/#organization\"},\"image\":{\"@id\":\"https:\/\/noticiasemdestaque.com\/cd\/?p=24950#primaryimage\"},\"thumbnailUrl\":\"https:\/\/noticiasemdestaque.com\/cd\/wp-content\/uploads\/2017\/09\/educacao2bbcbrasil-300x169.jpg\",\"articleSection\":[\"Educa\u00e7\u00e3o\"],\"inLanguage\":\"pt-BR\"},{\"@type\":\"WebPage\",\"@id\":\"https:\/\/noticiasemdestaque.com\/cd\/?p=24950\",\"url\":\"https:\/\/noticiasemdestaque.com\/cd\/?p=24950\",\"name\":\"Senado Federal deve votar adiamento do Enem nesta ter\u00e7a - Not&iacute;cias em Destaque\",\"isPartOf\":{\"@id\":\"https:\/\/noticiasemdestaque.com\/cd\/#website\"},\"primaryImageOfPage\":{\"@id\":\"https:\/\/noticiasemdestaque.com\/cd\/?p=24950#primaryimage\"},\"image\":{\"@id\":\"https:\/\/noticiasemdestaque.com\/cd\/?p=24950#primaryimage\"},\"thumbnailUrl\":\"https:\/\/noticiasemdestaque.com\/cd\/wp-content\/uploads\/2017\/09\/educacao2bbcbrasil-300x169.jpg\",\"datePublished\":\"2020-05-18T23:25:32+00:00\",\"breadcrumb\":{\"@id\":\"https:\/\/noticiasemdestaque.com\/cd\/?p=24950#breadcrumb\"},\"inLanguage\":\"pt-BR\",\"potentialAction\":[{\"@type\":\"ReadAction\",\"target\":[\"https:\/\/noticiasemdestaque.com\/cd\/?p=24950\"]}]},{\"@type\":\"ImageObject\",\"inLanguage\":\"pt-BR\",\"@id\":\"https:\/\/noticiasemdestaque.com\/cd\/?p=24950#primaryimage\",\"url\":\"https:\/\/noticiasemdestaque.com\/cd\/wp-content\/uploads\/2017\/09\/educacao2bbcbrasil-300x169.jpg\",\"contentUrl\":\"https:\/\/noticiasemdestaque.com\/cd\/wp-content\/uploads\/2017\/09\/educacao2bbcbrasil-300x169.jpg\",\"width\":300,\"height\":169},{\"@type\":\"BreadcrumbList\",\"@id\":\"https:\/\/noticiasemdestaque.com\/cd\/?p=24950#breadcrumb\",\"itemListElement\":[{\"@type\":\"ListItem\",\"position\":1,\"name\":\"In\u00edcio\",\"item\":\"https:\/\/noticiasemdestaque.com\/cd\/\"},{\"@type\":\"ListItem\",\"position\":2,\"name\":\"Senado Federal deve votar adiamento do Enem nesta ter\u00e7a\"}]},{\"@type\":\"WebSite\",\"@id\":\"https:\/\/noticiasemdestaque.com\/cd\/#website\",\"url\":\"https:\/\/noticiasemdestaque.com\/cd\/\",\"name\":\"Not&iacute;cias em Destaque\",\"description\":\"\",\"publisher\":{\"@id\":\"https:\/\/noticiasemdestaque.com\/cd\/#organization\"},\"potentialAction\":[{\"@type\":\"SearchAction\",\"target\":{\"@type\":\"EntryPoint\",\"urlTemplate\":\"https:\/\/noticiasemdestaque.com\/cd\/?s={search_term_string}\"},\"query-input\":{\"@type\":\"PropertyValueSpecification\",\"valueRequired\":true,\"valueName\":\"search_term_string\"}}],\"inLanguage\":\"pt-BR\"},{\"@type\":\"Organization\",\"@id\":\"https:\/\/noticiasemdestaque.com\/cd\/#organization\",\"name\":\"Not\u00edcias em Destaque\",\"url\":\"https:\/\/noticiasemdestaque.com\/cd\/\",\"logo\":{\"@type\":\"ImageObject\",\"inLanguage\":\"pt-BR\",\"@id\":\"https:\/\/noticiasemdestaque.com\/cd\/#\/schema\/logo\/image\/\",\"url\":\"https:\/\/noticiasemdestaque.com\/cd\/wp-content\/uploads\/2022\/05\/imagem-base-noticiasemdestaque.png\",\"contentUrl\":\"https:\/\/noticiasemdestaque.com\/cd\/wp-content\/uploads\/2022\/05\/imagem-base-noticiasemdestaque.png\",\"width\":1200,\"height\":630,\"caption\":\"Not\u00edcias em Destaque\"},\"image\":{\"@id\":\"https:\/\/noticiasemdestaque.com\/cd\/#\/schema\/logo\/image\/\"}},{\"@type\":\"Person\",\"@id\":\"https:\/\/noticiasemdestaque.com\/cd\/#\/schema\/person\/4a81fb71f77579d059c3045891fa1786\",\"name\":\"Not\u00edcias em Destaque\",\"url\":\"https:\/\/noticiasemdestaque.com\/cd\/?author=2\"}]}<\/script>\n<!-- \/ Yoast SEO plugin. -->","yoast_head_json":{"title":"Senado Federal deve votar adiamento do Enem nesta ter\u00e7a - Not&iacute;cias em Destaque","robots":{"index":"index","follow":"follow","max-snippet":"max-snippet:-1","max-image-preview":"max-image-preview:large","max-video-preview":"max-video-preview:-1"},"canonical":"https:\/\/noticiasemdestaque.com\/cd\/?p=24950","og_locale":"pt_BR","og_type":"article","og_title":"Senado Federal deve votar adiamento do Enem nesta ter\u00e7a - Not&iacute;cias em Destaque","og_description":"O Senado Federal pode votar nesta ter\u00e7a-feira (19) o adiamento do Enem (Exame Nacional do Ensino M\u00e9dio) em decorr\u00eancia da pandemia do\u00a0novo coronav\u00edrus. Os parlamentares elaboraram um novo calend\u00e1rio das sess\u00f5es deliberativas remotas em reuni\u00e3o virtual nesta segunda-feira (18). Est\u00e1 prevista a an\u00e1lise para esta ter\u00e7a de quatro temas, entre eles, o adiamento do Enem. De autoria da senadora Daniela Ribeiro (PP-PB), o projeto prev\u00ea a prorroga\u00e7\u00e3o autom\u00e1tica de prazo para provas, exames e demais atividades de acesso ao ensino superior em caso de reconhecimento de estado de calamidade. \u201cA realiza\u00e7\u00e3o do Enem 2020 digital confronta irremediavelmente a igualdade de oportunidades e concorr\u00eancia entre os candidatos, principalmente se voltarmos nossas aten\u00e7\u00f5es \u00e0s condi\u00e7\u00f5es operacionais t\u00e3o d\u00edspares entre alunos das institui\u00e7\u00f5es de ensino da rede p\u00fablica em rela\u00e7\u00e3o \u00e0s oferecidas pela iniciativa privada\u201d, justifica Ribeiro. Inicialmente, est\u00e1 prevista\u00a0para os\u00a0dias 1\u00ba e 8 de novembro\u00a0a vers\u00e3o impressa. J\u00e1 a aplica\u00e7\u00e3o das provas digitais foi alterada para os dias para os dias 22 e 29 do mesmo m\u00eas. Not\u00edcias em Destaque Com R7","og_url":"https:\/\/noticiasemdestaque.com\/cd\/?p=24950","og_site_name":"Not&iacute;cias em Destaque","article_published_time":"2020-05-18T23:25:32+00:00","og_image":[{"width":300,"height":169,"url":"https:\/\/noticiasemdestaque.com\/cd\/wp-content\/uploads\/2017\/09\/educacao2bbcbrasil-300x169.jpg","type":"image\/jpeg"}],"author":"Not\u00edcias em Destaque","twitter_card":"summary_large_image","twitter_misc":{"Escrito por":"Not\u00edcias em Destaque","Est. tempo de leitura":"1 minuto"},"schema":{"@context":"https:\/\/schema.org","@graph":[{"@type":"Article","@id":"https:\/\/noticiasemdestaque.com\/cd\/?p=24950#article","isPartOf":{"@id":"https:\/\/noticiasemdestaque.com\/cd\/?p=24950"},"author":{"name":"Not\u00edcias em Destaque","@id":"https:\/\/noticiasemdestaque.com\/cd\/#\/schema\/person\/4a81fb71f77579d059c3045891fa1786"},"headline":"Senado Federal deve votar adiamento do Enem nesta ter\u00e7a","datePublished":"2020-05-18T23:25:32+00:00","mainEntityOfPage":{"@id":"https:\/\/noticiasemdestaque.com\/cd\/?p=24950"},"wordCount":201,"publisher":{"@id":"https:\/\/noticiasemdestaque.com\/cd\/#organization"},"image":{"@id":"https:\/\/noticiasemdestaque.com\/cd\/?p=24950#primaryimage"},"thumbnailUrl":"https:\/\/noticiasemdestaque.com\/cd\/wp-content\/uploads\/2017\/09\/educacao2bbcbrasil-300x169.jpg","articleSection":["Educa\u00e7\u00e3o"],"inLanguage":"pt-BR"},{"@type":"WebPage","@id":"https:\/\/noticiasemdestaque.com\/cd\/?p=24950","url":"https:\/\/noticiasemdestaque.com\/cd\/?p=24950","name":"Senado Federal deve votar adiamento do Enem nesta ter\u00e7a - Not&iacute;cias em Destaque","isPartOf":{"@id":"https:\/\/noticiasemdestaque.com\/cd\/#website"},"primaryImageOfPage":{"@id":"https:\/\/noticiasemdestaque.com\/cd\/?p=24950#primaryimage"},"image":{"@id":"https:\/\/noticiasemdestaque.com\/cd\/?p=24950#primaryimage"},"thumbnailUrl":"https:\/\/noticiasemdestaque.com\/cd\/wp-content\/uploads\/2017\/09\/educacao2bbcbrasil-300x169.jpg","datePublished":"2020-05-18T23:25:32+00:00","breadcrumb":{"@id":"https:\/\/noticiasemdestaque.com\/cd\/?p=24950#breadcrumb"},"inLanguage":"pt-BR","potentialAction":[{"@type":"ReadAction","target":["https:\/\/noticiasemdestaque.com\/cd\/?p=24950"]}]},{"@type":"ImageObject","inLanguage":"pt-BR","@id":"https:\/\/noticiasemdestaque.com\/cd\/?p=24950#primaryimage","url":"https:\/\/noticiasemdestaque.com\/cd\/wp-content\/uploads\/2017\/09\/educacao2bbcbrasil-300x169.jpg","contentUrl":"https:\/\/noticiasemdestaque.com\/cd\/wp-content\/uploads\/2017\/09\/educacao2bbcbrasil-300x169.jpg","width":300,"height":169},{"@type":"BreadcrumbList","@id":"https:\/\/noticiasemdestaque.com\/cd\/?p=24950#breadcrumb","itemListElement":[{"@type":"ListItem","position":1,"name":"In\u00edcio","item":"https:\/\/noticiasemdestaque.com\/cd\/"},{"@type":"ListItem","position":2,"name":"Senado Federal deve votar adiamento do Enem nesta ter\u00e7a"}]},{"@type":"WebSite","@id":"https:\/\/noticiasemdestaque.com\/cd\/#website","url":"https:\/\/noticiasemdestaque.com\/cd\/","name":"Not&iacute;cias em Destaque","description":"","publisher":{"@id":"https:\/\/noticiasemdestaque.com\/cd\/#organization"},"potentialAction":[{"@type":"SearchAction","target":{"@type":"EntryPoint","urlTemplate":"https:\/\/noticiasemdestaque.com\/cd\/?s={search_term_string}"},"query-input":{"@type":"PropertyValueSpecification","valueRequired":true,"valueName":"search_term_string"}}],"inLanguage":"pt-BR"},{"@type":"Organization","@id":"https:\/\/noticiasemdestaque.com\/cd\/#organization","name":"Not\u00edcias em Destaque","url":"https:\/\/noticiasemdestaque.com\/cd\/","logo":{"@type":"ImageObject","inLanguage":"pt-BR","@id":"https:\/\/noticiasemdestaque.com\/cd\/#\/schema\/logo\/image\/","url":"https:\/\/noticiasemdestaque.com\/cd\/wp-content\/uploads\/2022\/05\/imagem-base-noticiasemdestaque.png","contentUrl":"https:\/\/noticiasemdestaque.com\/cd\/wp-content\/uploads\/2022\/05\/imagem-base-noticiasemdestaque.png","width":1200,"height":630,"caption":"Not\u00edcias em Destaque"},"image":{"@id":"https:\/\/noticiasemdestaque.com\/cd\/#\/schema\/logo\/image\/"}},{"@type":"Person","@id":"https:\/\/noticiasemdestaque.com\/cd\/#\/schema\/person\/4a81fb71f77579d059c3045891fa1786","name":"Not\u00edcias em Destaque","url":"https:\/\/noticiasemdestaque.com\/cd\/?author=2"}]}},"jetpack_featured_media_url":"https:\/\/noticiasemdestaque.com\/cd\/wp-content\/uploads\/2017\/09\/educacao2bbcbrasil-300x169.jpg","jetpack_sharing_enabled":true,"_links":{"self":[{"href":"https:\/\/noticiasemdestaque.com\/cd\/index.php?rest_route=\/wp\/v2\/posts\/24950","targetHints":{"allow":["GET"]}}],"collection":[{"href":"https:\/\/noticiasemdestaque.com\/cd\/index.php?rest_route=\/wp\/v2\/posts"}],"about":[{"href":"https:\/\/noticiasemdestaque.com\/cd\/index.php?rest_route=\/wp\/v2\/types\/post"}],"author":[{"embeddable":true,"href":"https:\/\/noticiasemdestaque.com\/cd\/index.php?rest_route=\/wp\/v2\/users\/2"}],"replies":[{"embeddable":true,"href":"https:\/\/noticiasemdestaque.com\/cd\/index.php?rest_route=%2Fwp%2Fv2%2Fcomments&post=24950"}],"version-history":[{"count":1,"href":"https:\/\/noticiasemdestaque.com\/cd\/index.php?rest_route=\/wp\/v2\/posts\/24950\/revisions"}],"predecessor-version":[{"id":24951,"href":"https:\/\/noticiasemdestaque.com\/cd\/index.php?rest_route=\/wp\/v2\/posts\/24950\/revisions\/24951"}],"wp:featuredmedia":[{"embeddable":true,"href":"https:\/\/noticiasemdestaque.com\/cd\/index.php?rest_route=\/wp\/v2\/media\/4133"}],"wp:attachment":[{"href":"https:\/\/noticiasemdestaque.com\/cd\/index.php?rest_route=%2Fwp%2Fv2%2Fmedia&parent=24950"}],"wp:term":[{"taxonomy":"category","embeddable":true,"href":"https:\/\/noticiasemdestaque.com\/cd\/index.php?rest_route=%2Fwp%2Fv2%2Fcategories&post=24950"},{"taxonomy":"post_tag","embeddable":true,"href":"https:\/\/noticiasemdestaque.com\/cd\/index.php?rest_route=%2Fwp%2Fv2%2Ftags&post=24950"}],"curies":[{"name":"wp","href":"https:\/\/api.w.org\/{rel}","templated":true}]}}