{"id":24928,"date":"2020-05-17T19:54:27","date_gmt":"2020-05-17T22:54:27","guid":{"rendered":"http:\/\/noticiasemdestaque.com\/cd\/?p=24928"},"modified":"2020-05-17T19:54:27","modified_gmt":"2020-05-17T22:54:27","slug":"universidades-federais-de-sp-pedem-adiamento-do-enem-em-manifesto","status":"publish","type":"post","link":"https:\/\/noticiasemdestaque.com\/cd\/?p=24928","title":{"rendered":"Universidades federais de SP pedem adiamento do Enem em manifesto"},"content":{"rendered":"<p><a href=\"https:\/\/noticiasemdestaque.com\/cd\/wp-content\/uploads\/2020\/04\/enem-2020.jpg\"><img fetchpriority=\"high\" decoding=\"async\" class=\"wp-image-24358 aligncenter\" src=\"https:\/\/noticiasemdestaque.com\/cd\/wp-content\/uploads\/2020\/04\/enem-2020-1024x683.jpg\" alt=\"\" width=\"497\" height=\"331\" srcset=\"https:\/\/noticiasemdestaque.com\/cd\/wp-content\/uploads\/2020\/04\/enem-2020-1024x683.jpg 1024w, https:\/\/noticiasemdestaque.com\/cd\/wp-content\/uploads\/2020\/04\/enem-2020-300x200.jpg 300w, https:\/\/noticiasemdestaque.com\/cd\/wp-content\/uploads\/2020\/04\/enem-2020-768x512.jpg 768w, https:\/\/noticiasemdestaque.com\/cd\/wp-content\/uploads\/2020\/04\/enem-2020-480x320.jpg 480w, https:\/\/noticiasemdestaque.com\/cd\/wp-content\/uploads\/2020\/04\/enem-2020.jpg 1200w\" sizes=\"(max-width: 497px) 100vw, 497px\" \/><\/a><\/p>\n<p>As universidades federais de S\u00e3o Paulo e o Instituto Federal do Estado lan\u00e7aram um manifesto pelo adiamento do Exame Nacional do Ensino M\u00e9dio (<a href=\"https:\/\/veja.abril.com.br\/noticias-sobre\/enem\"><strong>Enem<\/strong><\/a>) deste ano devido \u00e0 pandemia do\u00a0<a href=\"https:\/\/veja.abril.com.br\/noticias-sobre\/coronavirus\/\"><strong>novo coronav\u00edrus<\/strong><\/a>. No documento, as entidades pedem realiza\u00e7\u00e3o de provas apenas no in\u00edcio de 2021.<\/p>\n<p>As universidades afirmam no texto que \u00e9 \u201cnot\u00f3rio que a pandemia tem comprometido sobremaneira as condi\u00e7\u00f5es de continuidade e conclus\u00e3o dos estudos das alunas e alunos do ensino m\u00e9dio, potenciais candidatos ao exame e que sonham com a oportunidade de acesso ao ensino superior\u201d.<\/p>\n<p>As inscri\u00e7\u00f5es para o Enem come\u00e7aram na segunda-feira 11 e seguem at\u00e9 o dia 22 de maio. De acordo com as datas divulgadas pelo Minist\u00e9rio da Educa\u00e7\u00e3o (<a href=\"https:\/\/veja.abril.com.br\/noticias-sobre\/ministerio-da-educacao\"><strong>MEC<\/strong><\/a>), haver\u00e1 duas edi\u00e7\u00f5es na prova. Entre os dias 1\u00ba e 8 de novembro na vers\u00e3o presencial, e entre 22 e 29 de novembro na vers\u00e3o digital.<\/p>\n<p><em><strong>Not\u00edcias em Destaque<\/strong><\/em><\/p>\n<p>Com Veja<\/p>\n<div class=\"teads-inread sm-screen\">\n<div>\n<div class=\"teads-ui-components-adchoices\"><\/div>\n<\/div>\n<\/div>\n","protected":false},"excerpt":{"rendered":"<p>As universidades federais de S\u00e3o Paulo e o Instituto Federal do Estado lan\u00e7aram um manifesto pelo adiamento do Exame Nacional do Ensino M\u00e9dio (Enem) deste ano devido \u00e0 pandemia do\u00a0novo coronav\u00edrus. No documento, as entidades pedem realiza\u00e7\u00e3o de provas apenas no in\u00edcio de 2021. As universidades afirmam no texto que \u00e9 \u201cnot\u00f3rio que a pandemia tem comprometido sobremaneira as condi\u00e7\u00f5es de continuidade e conclus\u00e3o dos estudos das alunas e alunos do ensino m\u00e9dio, potenciais candidatos ao exame e que sonham com a oportunidade de acesso ao ensino superior\u201d. As inscri\u00e7\u00f5es para o Enem come\u00e7aram na segunda-feira 11 e seguem at\u00e9 o dia 22 de maio. De acordo com as datas divulgadas pelo Minist\u00e9rio da Educa\u00e7\u00e3o (MEC), haver\u00e1 duas edi\u00e7\u00f5es na prova. Entre os dias 1\u00ba e 8 de novembro na vers\u00e3o presencial, e entre 22 e 29 de novembro na vers\u00e3o digital. Not\u00edcias em Destaque Com Veja<\/p>\n","protected":false},"author":2,"featured_media":24358,"comment_status":"closed","ping_status":"open","sticky":false,"template":"","format":"standard","meta":{"_eb_attr":"","_jetpack_memberships_contains_paid_content":false,"footnotes":""},"categories":[6],"tags":[],"class_list":["post-24928","post","type-post","status-publish","format-standard","has-post-thumbnail","hentry","category-educacao"],"yoast_head":"<!-- This site is optimized with the Yoast SEO plugin v26.5 - https:\/\/yoast.com\/wordpress\/plugins\/seo\/ -->\n<title>Universidades federais de SP pedem adiamento do Enem em manifesto - Not&iacute;cias em Destaque<\/title>\n<meta name=\"robots\" content=\"index, follow, max-snippet:-1, max-image-preview:large, max-video-preview:-1\" \/>\n<link rel=\"canonical\" href=\"https:\/\/noticiasemdestaque.com\/cd\/?p=24928\" \/>\n<meta property=\"og:locale\" content=\"pt_BR\" \/>\n<meta property=\"og:type\" content=\"article\" \/>\n<meta property=\"og:title\" content=\"Universidades federais de SP pedem adiamento do Enem em manifesto - Not&iacute;cias em Destaque\" \/>\n<meta property=\"og:description\" content=\"As universidades federais de S\u00e3o Paulo e o Instituto Federal do Estado lan\u00e7aram um manifesto pelo adiamento do Exame Nacional do Ensino M\u00e9dio (Enem) deste ano devido \u00e0 pandemia do\u00a0novo coronav\u00edrus. No documento, as entidades pedem realiza\u00e7\u00e3o de provas apenas no in\u00edcio de 2021. As universidades afirmam no texto que \u00e9 \u201cnot\u00f3rio que a pandemia tem comprometido sobremaneira as condi\u00e7\u00f5es de continuidade e conclus\u00e3o dos estudos das alunas e alunos do ensino m\u00e9dio, potenciais candidatos ao exame e que sonham com a oportunidade de acesso ao ensino superior\u201d. As inscri\u00e7\u00f5es para o Enem come\u00e7aram na segunda-feira 11 e seguem at\u00e9 o dia 22 de maio. De acordo com as datas divulgadas pelo Minist\u00e9rio da Educa\u00e7\u00e3o (MEC), haver\u00e1 duas edi\u00e7\u00f5es na prova. Entre os dias 1\u00ba e 8 de novembro na vers\u00e3o presencial, e entre 22 e 29 de novembro na vers\u00e3o digital. Not\u00edcias em Destaque Com Veja\" \/>\n<meta property=\"og:url\" content=\"https:\/\/noticiasemdestaque.com\/cd\/?p=24928\" \/>\n<meta property=\"og:site_name\" content=\"Not&iacute;cias em Destaque\" \/>\n<meta property=\"article:published_time\" content=\"2020-05-17T22:54:27+00:00\" \/>\n<meta property=\"og:image\" content=\"https:\/\/noticiasemdestaque.com\/cd\/wp-content\/uploads\/2020\/04\/enem-2020.jpg\" \/>\n\t<meta property=\"og:image:width\" content=\"1200\" \/>\n\t<meta property=\"og:image:height\" content=\"800\" \/>\n\t<meta property=\"og:image:type\" content=\"image\/jpeg\" \/>\n<meta name=\"author\" content=\"Not\u00edcias em Destaque\" \/>\n<meta name=\"twitter:card\" content=\"summary_large_image\" \/>\n<meta name=\"twitter:label1\" content=\"Escrito por\" \/>\n\t<meta name=\"twitter:data1\" content=\"Not\u00edcias em Destaque\" \/>\n\t<meta name=\"twitter:label2\" content=\"Est. tempo de leitura\" \/>\n\t<meta name=\"twitter:data2\" content=\"1 minuto\" \/>\n<script type=\"application\/ld+json\" class=\"yoast-schema-graph\">{\"@context\":\"https:\/\/schema.org\",\"@graph\":[{\"@type\":\"Article\",\"@id\":\"https:\/\/noticiasemdestaque.com\/cd\/?p=24928#article\",\"isPartOf\":{\"@id\":\"https:\/\/noticiasemdestaque.com\/cd\/?p=24928\"},\"author\":{\"name\":\"Not\u00edcias em Destaque\",\"@id\":\"https:\/\/noticiasemdestaque.com\/cd\/#\/schema\/person\/21320b03a7e8bb90128938dafc9b908a\"},\"headline\":\"Universidades federais de SP pedem adiamento do Enem em manifesto\",\"datePublished\":\"2020-05-17T22:54:27+00:00\",\"mainEntityOfPage\":{\"@id\":\"https:\/\/noticiasemdestaque.com\/cd\/?p=24928\"},\"wordCount\":167,\"publisher\":{\"@id\":\"https:\/\/noticiasemdestaque.com\/cd\/#organization\"},\"image\":{\"@id\":\"https:\/\/noticiasemdestaque.com\/cd\/?p=24928#primaryimage\"},\"thumbnailUrl\":\"https:\/\/noticiasemdestaque.com\/cd\/wp-content\/uploads\/2020\/04\/enem-2020.jpg\",\"articleSection\":[\"Educa\u00e7\u00e3o\"],\"inLanguage\":\"pt-BR\"},{\"@type\":\"WebPage\",\"@id\":\"https:\/\/noticiasemdestaque.com\/cd\/?p=24928\",\"url\":\"https:\/\/noticiasemdestaque.com\/cd\/?p=24928\",\"name\":\"Universidades federais de SP pedem adiamento do Enem em manifesto - Not&iacute;cias em Destaque\",\"isPartOf\":{\"@id\":\"https:\/\/noticiasemdestaque.com\/cd\/#website\"},\"primaryImageOfPage\":{\"@id\":\"https:\/\/noticiasemdestaque.com\/cd\/?p=24928#primaryimage\"},\"image\":{\"@id\":\"https:\/\/noticiasemdestaque.com\/cd\/?p=24928#primaryimage\"},\"thumbnailUrl\":\"https:\/\/noticiasemdestaque.com\/cd\/wp-content\/uploads\/2020\/04\/enem-2020.jpg\",\"datePublished\":\"2020-05-17T22:54:27+00:00\",\"breadcrumb\":{\"@id\":\"https:\/\/noticiasemdestaque.com\/cd\/?p=24928#breadcrumb\"},\"inLanguage\":\"pt-BR\",\"potentialAction\":[{\"@type\":\"ReadAction\",\"target\":[\"https:\/\/noticiasemdestaque.com\/cd\/?p=24928\"]}]},{\"@type\":\"ImageObject\",\"inLanguage\":\"pt-BR\",\"@id\":\"https:\/\/noticiasemdestaque.com\/cd\/?p=24928#primaryimage\",\"url\":\"https:\/\/noticiasemdestaque.com\/cd\/wp-content\/uploads\/2020\/04\/enem-2020.jpg\",\"contentUrl\":\"https:\/\/noticiasemdestaque.com\/cd\/wp-content\/uploads\/2020\/04\/enem-2020.jpg\",\"width\":1200,\"height\":800},{\"@type\":\"BreadcrumbList\",\"@id\":\"https:\/\/noticiasemdestaque.com\/cd\/?p=24928#breadcrumb\",\"itemListElement\":[{\"@type\":\"ListItem\",\"position\":1,\"name\":\"In\u00edcio\",\"item\":\"https:\/\/noticiasemdestaque.com\/cd\/\"},{\"@type\":\"ListItem\",\"position\":2,\"name\":\"Universidades federais de SP pedem adiamento do Enem em manifesto\"}]},{\"@type\":\"WebSite\",\"@id\":\"https:\/\/noticiasemdestaque.com\/cd\/#website\",\"url\":\"https:\/\/noticiasemdestaque.com\/cd\/\",\"name\":\"Not&iacute;cias em Destaque\",\"description\":\"\",\"publisher\":{\"@id\":\"https:\/\/noticiasemdestaque.com\/cd\/#organization\"},\"potentialAction\":[{\"@type\":\"SearchAction\",\"target\":{\"@type\":\"EntryPoint\",\"urlTemplate\":\"https:\/\/noticiasemdestaque.com\/cd\/?s={search_term_string}\"},\"query-input\":{\"@type\":\"PropertyValueSpecification\",\"valueRequired\":true,\"valueName\":\"search_term_string\"}}],\"inLanguage\":\"pt-BR\"},{\"@type\":\"Organization\",\"@id\":\"https:\/\/noticiasemdestaque.com\/cd\/#organization\",\"name\":\"Not\u00edcias em Destaque\",\"url\":\"https:\/\/noticiasemdestaque.com\/cd\/\",\"logo\":{\"@type\":\"ImageObject\",\"inLanguage\":\"pt-BR\",\"@id\":\"https:\/\/noticiasemdestaque.com\/cd\/#\/schema\/logo\/image\/\",\"url\":\"https:\/\/noticiasemdestaque.com\/cd\/wp-content\/uploads\/2022\/05\/imagem-base-noticiasemdestaque.png\",\"contentUrl\":\"https:\/\/noticiasemdestaque.com\/cd\/wp-content\/uploads\/2022\/05\/imagem-base-noticiasemdestaque.png\",\"width\":1200,\"height\":630,\"caption\":\"Not\u00edcias em Destaque\"},\"image\":{\"@id\":\"https:\/\/noticiasemdestaque.com\/cd\/#\/schema\/logo\/image\/\"}},{\"@type\":\"Person\",\"@id\":\"https:\/\/noticiasemdestaque.com\/cd\/#\/schema\/person\/21320b03a7e8bb90128938dafc9b908a\",\"name\":\"Not\u00edcias em Destaque\",\"url\":\"https:\/\/noticiasemdestaque.com\/cd\/?author=2\"}]}<\/script>\n<!-- \/ Yoast SEO plugin. -->","yoast_head_json":{"title":"Universidades federais de SP pedem adiamento do Enem em manifesto - Not&iacute;cias em Destaque","robots":{"index":"index","follow":"follow","max-snippet":"max-snippet:-1","max-image-preview":"max-image-preview:large","max-video-preview":"max-video-preview:-1"},"canonical":"https:\/\/noticiasemdestaque.com\/cd\/?p=24928","og_locale":"pt_BR","og_type":"article","og_title":"Universidades federais de SP pedem adiamento do Enem em manifesto - Not&iacute;cias em Destaque","og_description":"As universidades federais de S\u00e3o Paulo e o Instituto Federal do Estado lan\u00e7aram um manifesto pelo adiamento do Exame Nacional do Ensino M\u00e9dio (Enem) deste ano devido \u00e0 pandemia do\u00a0novo coronav\u00edrus. No documento, as entidades pedem realiza\u00e7\u00e3o de provas apenas no in\u00edcio de 2021. As universidades afirmam no texto que \u00e9 \u201cnot\u00f3rio que a pandemia tem comprometido sobremaneira as condi\u00e7\u00f5es de continuidade e conclus\u00e3o dos estudos das alunas e alunos do ensino m\u00e9dio, potenciais candidatos ao exame e que sonham com a oportunidade de acesso ao ensino superior\u201d. As inscri\u00e7\u00f5es para o Enem come\u00e7aram na segunda-feira 11 e seguem at\u00e9 o dia 22 de maio. De acordo com as datas divulgadas pelo Minist\u00e9rio da Educa\u00e7\u00e3o (MEC), haver\u00e1 duas edi\u00e7\u00f5es na prova. Entre os dias 1\u00ba e 8 de novembro na vers\u00e3o presencial, e entre 22 e 29 de novembro na vers\u00e3o digital. Not\u00edcias em Destaque Com Veja","og_url":"https:\/\/noticiasemdestaque.com\/cd\/?p=24928","og_site_name":"Not&iacute;cias em Destaque","article_published_time":"2020-05-17T22:54:27+00:00","og_image":[{"width":1200,"height":800,"url":"https:\/\/noticiasemdestaque.com\/cd\/wp-content\/uploads\/2020\/04\/enem-2020.jpg","type":"image\/jpeg"}],"author":"Not\u00edcias em Destaque","twitter_card":"summary_large_image","twitter_misc":{"Escrito por":"Not\u00edcias em Destaque","Est. tempo de leitura":"1 minuto"},"schema":{"@context":"https:\/\/schema.org","@graph":[{"@type":"Article","@id":"https:\/\/noticiasemdestaque.com\/cd\/?p=24928#article","isPartOf":{"@id":"https:\/\/noticiasemdestaque.com\/cd\/?p=24928"},"author":{"name":"Not\u00edcias em Destaque","@id":"https:\/\/noticiasemdestaque.com\/cd\/#\/schema\/person\/21320b03a7e8bb90128938dafc9b908a"},"headline":"Universidades federais de SP pedem adiamento do Enem em manifesto","datePublished":"2020-05-17T22:54:27+00:00","mainEntityOfPage":{"@id":"https:\/\/noticiasemdestaque.com\/cd\/?p=24928"},"wordCount":167,"publisher":{"@id":"https:\/\/noticiasemdestaque.com\/cd\/#organization"},"image":{"@id":"https:\/\/noticiasemdestaque.com\/cd\/?p=24928#primaryimage"},"thumbnailUrl":"https:\/\/noticiasemdestaque.com\/cd\/wp-content\/uploads\/2020\/04\/enem-2020.jpg","articleSection":["Educa\u00e7\u00e3o"],"inLanguage":"pt-BR"},{"@type":"WebPage","@id":"https:\/\/noticiasemdestaque.com\/cd\/?p=24928","url":"https:\/\/noticiasemdestaque.com\/cd\/?p=24928","name":"Universidades federais de SP pedem adiamento do Enem em manifesto - Not&iacute;cias em Destaque","isPartOf":{"@id":"https:\/\/noticiasemdestaque.com\/cd\/#website"},"primaryImageOfPage":{"@id":"https:\/\/noticiasemdestaque.com\/cd\/?p=24928#primaryimage"},"image":{"@id":"https:\/\/noticiasemdestaque.com\/cd\/?p=24928#primaryimage"},"thumbnailUrl":"https:\/\/noticiasemdestaque.com\/cd\/wp-content\/uploads\/2020\/04\/enem-2020.jpg","datePublished":"2020-05-17T22:54:27+00:00","breadcrumb":{"@id":"https:\/\/noticiasemdestaque.com\/cd\/?p=24928#breadcrumb"},"inLanguage":"pt-BR","potentialAction":[{"@type":"ReadAction","target":["https:\/\/noticiasemdestaque.com\/cd\/?p=24928"]}]},{"@type":"ImageObject","inLanguage":"pt-BR","@id":"https:\/\/noticiasemdestaque.com\/cd\/?p=24928#primaryimage","url":"https:\/\/noticiasemdestaque.com\/cd\/wp-content\/uploads\/2020\/04\/enem-2020.jpg","contentUrl":"https:\/\/noticiasemdestaque.com\/cd\/wp-content\/uploads\/2020\/04\/enem-2020.jpg","width":1200,"height":800},{"@type":"BreadcrumbList","@id":"https:\/\/noticiasemdestaque.com\/cd\/?p=24928#breadcrumb","itemListElement":[{"@type":"ListItem","position":1,"name":"In\u00edcio","item":"https:\/\/noticiasemdestaque.com\/cd\/"},{"@type":"ListItem","position":2,"name":"Universidades federais de SP pedem adiamento do Enem em manifesto"}]},{"@type":"WebSite","@id":"https:\/\/noticiasemdestaque.com\/cd\/#website","url":"https:\/\/noticiasemdestaque.com\/cd\/","name":"Not&iacute;cias em Destaque","description":"","publisher":{"@id":"https:\/\/noticiasemdestaque.com\/cd\/#organization"},"potentialAction":[{"@type":"SearchAction","target":{"@type":"EntryPoint","urlTemplate":"https:\/\/noticiasemdestaque.com\/cd\/?s={search_term_string}"},"query-input":{"@type":"PropertyValueSpecification","valueRequired":true,"valueName":"search_term_string"}}],"inLanguage":"pt-BR"},{"@type":"Organization","@id":"https:\/\/noticiasemdestaque.com\/cd\/#organization","name":"Not\u00edcias em Destaque","url":"https:\/\/noticiasemdestaque.com\/cd\/","logo":{"@type":"ImageObject","inLanguage":"pt-BR","@id":"https:\/\/noticiasemdestaque.com\/cd\/#\/schema\/logo\/image\/","url":"https:\/\/noticiasemdestaque.com\/cd\/wp-content\/uploads\/2022\/05\/imagem-base-noticiasemdestaque.png","contentUrl":"https:\/\/noticiasemdestaque.com\/cd\/wp-content\/uploads\/2022\/05\/imagem-base-noticiasemdestaque.png","width":1200,"height":630,"caption":"Not\u00edcias em Destaque"},"image":{"@id":"https:\/\/noticiasemdestaque.com\/cd\/#\/schema\/logo\/image\/"}},{"@type":"Person","@id":"https:\/\/noticiasemdestaque.com\/cd\/#\/schema\/person\/21320b03a7e8bb90128938dafc9b908a","name":"Not\u00edcias em Destaque","url":"https:\/\/noticiasemdestaque.com\/cd\/?author=2"}]}},"jetpack_featured_media_url":"https:\/\/noticiasemdestaque.com\/cd\/wp-content\/uploads\/2020\/04\/enem-2020.jpg","jetpack_sharing_enabled":true,"_links":{"self":[{"href":"https:\/\/noticiasemdestaque.com\/cd\/index.php?rest_route=\/wp\/v2\/posts\/24928","targetHints":{"allow":["GET"]}}],"collection":[{"href":"https:\/\/noticiasemdestaque.com\/cd\/index.php?rest_route=\/wp\/v2\/posts"}],"about":[{"href":"https:\/\/noticiasemdestaque.com\/cd\/index.php?rest_route=\/wp\/v2\/types\/post"}],"author":[{"embeddable":true,"href":"https:\/\/noticiasemdestaque.com\/cd\/index.php?rest_route=\/wp\/v2\/users\/2"}],"replies":[{"embeddable":true,"href":"https:\/\/noticiasemdestaque.com\/cd\/index.php?rest_route=%2Fwp%2Fv2%2Fcomments&post=24928"}],"version-history":[{"count":1,"href":"https:\/\/noticiasemdestaque.com\/cd\/index.php?rest_route=\/wp\/v2\/posts\/24928\/revisions"}],"predecessor-version":[{"id":24929,"href":"https:\/\/noticiasemdestaque.com\/cd\/index.php?rest_route=\/wp\/v2\/posts\/24928\/revisions\/24929"}],"wp:featuredmedia":[{"embeddable":true,"href":"https:\/\/noticiasemdestaque.com\/cd\/index.php?rest_route=\/wp\/v2\/media\/24358"}],"wp:attachment":[{"href":"https:\/\/noticiasemdestaque.com\/cd\/index.php?rest_route=%2Fwp%2Fv2%2Fmedia&parent=24928"}],"wp:term":[{"taxonomy":"category","embeddable":true,"href":"https:\/\/noticiasemdestaque.com\/cd\/index.php?rest_route=%2Fwp%2Fv2%2Fcategories&post=24928"},{"taxonomy":"post_tag","embeddable":true,"href":"https:\/\/noticiasemdestaque.com\/cd\/index.php?rest_route=%2Fwp%2Fv2%2Ftags&post=24928"}],"curies":[{"name":"wp","href":"https:\/\/api.w.org\/{rel}","templated":true}]}}