{"id":24925,"date":"2020-05-17T19:51:17","date_gmt":"2020-05-17T22:51:17","guid":{"rendered":"http:\/\/noticiasemdestaque.com\/cd\/?p=24925"},"modified":"2020-05-17T19:52:52","modified_gmt":"2020-05-17T22:52:52","slug":"paraiba-registra-11-mortes-em-decorrencia-do-coronavirus","status":"publish","type":"post","link":"https:\/\/noticiasemdestaque.com\/cd\/?p=24925","title":{"rendered":"Para\u00edba registra 11 mortes em decorr\u00eancia do coronav\u00edrus"},"content":{"rendered":"<p><a href=\"https:\/\/noticiasemdestaque.com\/cd\/wp-content\/uploads\/2020\/04\/Coronavirus-Covid19-Hospital-HRAN-Ambulancia-Enfermeira-Socorrista-Bmbeiros-2-2-868x644-1.jpg\"><img fetchpriority=\"high\" decoding=\"async\" class=\"wp-image-24557 aligncenter\" src=\"https:\/\/noticiasemdestaque.com\/cd\/wp-content\/uploads\/2020\/04\/Coronavirus-Covid19-Hospital-HRAN-Ambulancia-Enfermeira-Socorrista-Bmbeiros-2-2-868x644-1.jpg\" alt=\"\" width=\"493\" height=\"366\" srcset=\"https:\/\/noticiasemdestaque.com\/cd\/wp-content\/uploads\/2020\/04\/Coronavirus-Covid19-Hospital-HRAN-Ambulancia-Enfermeira-Socorrista-Bmbeiros-2-2-868x644-1.jpg 868w, https:\/\/noticiasemdestaque.com\/cd\/wp-content\/uploads\/2020\/04\/Coronavirus-Covid19-Hospital-HRAN-Ambulancia-Enfermeira-Socorrista-Bmbeiros-2-2-868x644-1-300x223.jpg 300w, https:\/\/noticiasemdestaque.com\/cd\/wp-content\/uploads\/2020\/04\/Coronavirus-Covid19-Hospital-HRAN-Ambulancia-Enfermeira-Socorrista-Bmbeiros-2-2-868x644-1-768x570.jpg 768w\" sizes=\"(max-width: 493px) 100vw, 493px\" \/><\/a><\/p>\n<p style=\"font-weight: 400;\">A Para\u00edba tem 4.347 casos confirmados de contamina\u00e7\u00e3o pelo novo coronav\u00edrus, segundo informa\u00e7\u00f5es da Secretaria de Estado da Sa\u00fade (SES) divulgadas neste domingo (17). O n\u00famero de mortes confirmadas por Covid-19 subiu para 194 no estado desde o in\u00edcio da pandemia. Cento e trinta e seis cidades da Para\u00edba j\u00e1 t\u00eam casos registrados.<\/p>\n<p style=\"font-weight: 400;\"><strong>Foram registradas mais 11 mortes em decorr\u00eancia do coronav\u00edrus desde o \u00faltimo boletim<\/strong><\/p>\n<ul style=\"font-weight: 400;\">\n<li>Mulher de 81 anos, diab\u00e9tica, hipertensa, cardiopata, residente em Guarabira.<\/li>\n<li>Homem de 54 anos, hipertenso, residente em Santa Luzia.<\/li>\n<li>Mulher de 28 anos, asm\u00e1tica, residente em Alagoa Nova.<\/li>\n<li>Mulher de 84 anos, sem hist\u00f3rico de doen\u00e7as, residente em Santa Rita.<\/li>\n<li>Mulher de 44 anos, hipertensa, residente em Jo\u00e3o Pessoa.<\/li>\n<li>Homem de 75 anos, hipertenso, residente em Jo\u00e3o Pessoa.<\/li>\n<li>Homem de 78 anos, hipertenso, diab\u00e9tico, residente em Jo\u00e3o Pessoa.<\/li>\n<li>Homem de 68 anos, cardiopata, diab\u00e9tico residente em Caapor\u00e3.<\/li>\n<li>Homem de 41 anos, obeso, residente em Patos.<\/li>\n<li>Homem de 79 anos, com doen\u00e7a renal, residente em Pedras de Fogo.<\/li>\n<li>Homem de 67 anos, diab\u00e9tico, hipertenso, com doen\u00e7a renal aguda, residente em Santa Rita.<\/li>\n<\/ul>\n<p style=\"font-weight: 400;\"><strong>Boletim do coronav\u00edrus na Para\u00edba<\/strong><\/p>\n<ul style=\"font-weight: 400;\">\n<li>4.347 casos confirmados<\/li>\n<li>194 mortes<\/li>\n<li>5.006 casos descartados<\/li>\n<li>1.171 recuperados<\/li>\n<\/ul>\n","protected":false},"excerpt":{"rendered":"<p>A Para\u00edba tem 4.347 casos confirmados de contamina\u00e7\u00e3o pelo novo coronav\u00edrus, segundo informa\u00e7\u00f5es da Secretaria de Estado da Sa\u00fade (SES) divulgadas neste domingo (17). O n\u00famero de mortes confirmadas por Covid-19 subiu para 194 no estado desde o in\u00edcio da pandemia. Cento e trinta e seis cidades da Para\u00edba j\u00e1 t\u00eam casos registrados. Foram registradas mais 11 mortes em decorr\u00eancia do coronav\u00edrus desde o \u00faltimo boletim Mulher de 81 anos, diab\u00e9tica, hipertensa, cardiopata, residente em Guarabira. Homem de 54 anos, hipertenso, residente em Santa Luzia. Mulher de 28 anos, asm\u00e1tica, residente em Alagoa Nova. Mulher de 84 anos, sem hist\u00f3rico de doen\u00e7as, residente em Santa Rita. Mulher de 44 anos, hipertensa, residente em Jo\u00e3o Pessoa. Homem de 75 anos, hipertenso, residente em Jo\u00e3o Pessoa. Homem de 78 anos, hipertenso, diab\u00e9tico, residente em Jo\u00e3o Pessoa. Homem de 68 anos, cardiopata, diab\u00e9tico residente em Caapor\u00e3. Homem de 41 anos, obeso, residente em Patos. Homem de 79 anos, com doen\u00e7a renal, residente em Pedras de Fogo. Homem de 67 anos, diab\u00e9tico, hipertenso, com doen\u00e7a renal aguda, residente em Santa Rita. Boletim do coronav\u00edrus na Para\u00edba 4.347 casos confirmados 194 mortes 5.006 casos descartados 1.171 recuperados<\/p>\n","protected":false},"author":2,"featured_media":24557,"comment_status":"closed","ping_status":"open","sticky":false,"template":"","format":"standard","meta":{"_eb_attr":"","_jetpack_memberships_contains_paid_content":false,"footnotes":""},"categories":[8],"tags":[],"class_list":["post-24925","post","type-post","status-publish","format-standard","has-post-thumbnail","hentry","category-saude"],"yoast_head":"<!-- This site is optimized with the Yoast SEO plugin v26.5 - https:\/\/yoast.com\/wordpress\/plugins\/seo\/ -->\n<title>Para\u00edba registra 11 mortes em decorr\u00eancia do coronav\u00edrus - Not&iacute;cias em Destaque<\/title>\n<meta name=\"robots\" content=\"index, follow, max-snippet:-1, max-image-preview:large, max-video-preview:-1\" \/>\n<link rel=\"canonical\" href=\"https:\/\/noticiasemdestaque.com\/cd\/?p=24925\" \/>\n<meta property=\"og:locale\" content=\"pt_BR\" \/>\n<meta property=\"og:type\" content=\"article\" \/>\n<meta property=\"og:title\" content=\"Para\u00edba registra 11 mortes em decorr\u00eancia do coronav\u00edrus - Not&iacute;cias em Destaque\" \/>\n<meta property=\"og:description\" content=\"A Para\u00edba tem 4.347 casos confirmados de contamina\u00e7\u00e3o pelo novo coronav\u00edrus, segundo informa\u00e7\u00f5es da Secretaria de Estado da Sa\u00fade (SES) divulgadas neste domingo (17). O n\u00famero de mortes confirmadas por Covid-19 subiu para 194 no estado desde o in\u00edcio da pandemia. Cento e trinta e seis cidades da Para\u00edba j\u00e1 t\u00eam casos registrados. Foram registradas mais 11 mortes em decorr\u00eancia do coronav\u00edrus desde o \u00faltimo boletim Mulher de 81 anos, diab\u00e9tica, hipertensa, cardiopata, residente em Guarabira. Homem de 54 anos, hipertenso, residente em Santa Luzia. Mulher de 28 anos, asm\u00e1tica, residente em Alagoa Nova. Mulher de 84 anos, sem hist\u00f3rico de doen\u00e7as, residente em Santa Rita. Mulher de 44 anos, hipertensa, residente em Jo\u00e3o Pessoa. Homem de 75 anos, hipertenso, residente em Jo\u00e3o Pessoa. Homem de 78 anos, hipertenso, diab\u00e9tico, residente em Jo\u00e3o Pessoa. Homem de 68 anos, cardiopata, diab\u00e9tico residente em Caapor\u00e3. Homem de 41 anos, obeso, residente em Patos. Homem de 79 anos, com doen\u00e7a renal, residente em Pedras de Fogo. Homem de 67 anos, diab\u00e9tico, hipertenso, com doen\u00e7a renal aguda, residente em Santa Rita. Boletim do coronav\u00edrus na Para\u00edba 4.347 casos confirmados 194 mortes 5.006 casos descartados 1.171 recuperados\" \/>\n<meta property=\"og:url\" content=\"https:\/\/noticiasemdestaque.com\/cd\/?p=24925\" \/>\n<meta property=\"og:site_name\" content=\"Not&iacute;cias em Destaque\" \/>\n<meta property=\"article:published_time\" content=\"2020-05-17T22:51:17+00:00\" \/>\n<meta property=\"article:modified_time\" content=\"2020-05-17T22:52:52+00:00\" \/>\n<meta property=\"og:image\" content=\"https:\/\/noticiasemdestaque.com\/cd\/wp-content\/uploads\/2020\/04\/Coronavirus-Covid19-Hospital-HRAN-Ambulancia-Enfermeira-Socorrista-Bmbeiros-2-2-868x644-1.jpg\" \/>\n\t<meta property=\"og:image:width\" content=\"868\" \/>\n\t<meta property=\"og:image:height\" content=\"644\" \/>\n\t<meta property=\"og:image:type\" content=\"image\/jpeg\" \/>\n<meta name=\"author\" content=\"Not\u00edcias em Destaque\" \/>\n<meta name=\"twitter:card\" content=\"summary_large_image\" \/>\n<meta name=\"twitter:label1\" content=\"Escrito por\" \/>\n\t<meta name=\"twitter:data1\" content=\"Not\u00edcias em Destaque\" \/>\n\t<meta name=\"twitter:label2\" content=\"Est. tempo de leitura\" \/>\n\t<meta name=\"twitter:data2\" content=\"1 minuto\" \/>\n<script type=\"application\/ld+json\" class=\"yoast-schema-graph\">{\"@context\":\"https:\/\/schema.org\",\"@graph\":[{\"@type\":\"Article\",\"@id\":\"https:\/\/noticiasemdestaque.com\/cd\/?p=24925#article\",\"isPartOf\":{\"@id\":\"https:\/\/noticiasemdestaque.com\/cd\/?p=24925\"},\"author\":{\"name\":\"Not\u00edcias em Destaque\",\"@id\":\"https:\/\/noticiasemdestaque.com\/cd\/#\/schema\/person\/21320b03a7e8bb90128938dafc9b908a\"},\"headline\":\"Para\u00edba registra 11 mortes em decorr\u00eancia do coronav\u00edrus\",\"datePublished\":\"2020-05-17T22:51:17+00:00\",\"dateModified\":\"2020-05-17T22:52:52+00:00\",\"mainEntityOfPage\":{\"@id\":\"https:\/\/noticiasemdestaque.com\/cd\/?p=24925\"},\"wordCount\":208,\"publisher\":{\"@id\":\"https:\/\/noticiasemdestaque.com\/cd\/#organization\"},\"image\":{\"@id\":\"https:\/\/noticiasemdestaque.com\/cd\/?p=24925#primaryimage\"},\"thumbnailUrl\":\"https:\/\/noticiasemdestaque.com\/cd\/wp-content\/uploads\/2020\/04\/Coronavirus-Covid19-Hospital-HRAN-Ambulancia-Enfermeira-Socorrista-Bmbeiros-2-2-868x644-1.jpg\",\"articleSection\":[\"Sa\u00fade\"],\"inLanguage\":\"pt-BR\"},{\"@type\":\"WebPage\",\"@id\":\"https:\/\/noticiasemdestaque.com\/cd\/?p=24925\",\"url\":\"https:\/\/noticiasemdestaque.com\/cd\/?p=24925\",\"name\":\"Para\u00edba registra 11 mortes em decorr\u00eancia do coronav\u00edrus - Not&iacute;cias em Destaque\",\"isPartOf\":{\"@id\":\"https:\/\/noticiasemdestaque.com\/cd\/#website\"},\"primaryImageOfPage\":{\"@id\":\"https:\/\/noticiasemdestaque.com\/cd\/?p=24925#primaryimage\"},\"image\":{\"@id\":\"https:\/\/noticiasemdestaque.com\/cd\/?p=24925#primaryimage\"},\"thumbnailUrl\":\"https:\/\/noticiasemdestaque.com\/cd\/wp-content\/uploads\/2020\/04\/Coronavirus-Covid19-Hospital-HRAN-Ambulancia-Enfermeira-Socorrista-Bmbeiros-2-2-868x644-1.jpg\",\"datePublished\":\"2020-05-17T22:51:17+00:00\",\"dateModified\":\"2020-05-17T22:52:52+00:00\",\"breadcrumb\":{\"@id\":\"https:\/\/noticiasemdestaque.com\/cd\/?p=24925#breadcrumb\"},\"inLanguage\":\"pt-BR\",\"potentialAction\":[{\"@type\":\"ReadAction\",\"target\":[\"https:\/\/noticiasemdestaque.com\/cd\/?p=24925\"]}]},{\"@type\":\"ImageObject\",\"inLanguage\":\"pt-BR\",\"@id\":\"https:\/\/noticiasemdestaque.com\/cd\/?p=24925#primaryimage\",\"url\":\"https:\/\/noticiasemdestaque.com\/cd\/wp-content\/uploads\/2020\/04\/Coronavirus-Covid19-Hospital-HRAN-Ambulancia-Enfermeira-Socorrista-Bmbeiros-2-2-868x644-1.jpg\",\"contentUrl\":\"https:\/\/noticiasemdestaque.com\/cd\/wp-content\/uploads\/2020\/04\/Coronavirus-Covid19-Hospital-HRAN-Ambulancia-Enfermeira-Socorrista-Bmbeiros-2-2-868x644-1.jpg\",\"width\":868,\"height\":644,\"caption\":\"Coronavirus-Covid-19 - Movimenta\u00e7\u00e3o de ambul\u00e2ncias, pacientes, enfermeiros, bombeiros e socorristas no Hospital Regional da Asa Norte, local de refer\u00eancia para paciebtes com a Covid-19. S\u00e9rgio Lima\/Poder360 04.04.2020\"},{\"@type\":\"BreadcrumbList\",\"@id\":\"https:\/\/noticiasemdestaque.com\/cd\/?p=24925#breadcrumb\",\"itemListElement\":[{\"@type\":\"ListItem\",\"position\":1,\"name\":\"In\u00edcio\",\"item\":\"https:\/\/noticiasemdestaque.com\/cd\/\"},{\"@type\":\"ListItem\",\"position\":2,\"name\":\"Para\u00edba registra 11 mortes em decorr\u00eancia do coronav\u00edrus\"}]},{\"@type\":\"WebSite\",\"@id\":\"https:\/\/noticiasemdestaque.com\/cd\/#website\",\"url\":\"https:\/\/noticiasemdestaque.com\/cd\/\",\"name\":\"Not&iacute;cias em Destaque\",\"description\":\"\",\"publisher\":{\"@id\":\"https:\/\/noticiasemdestaque.com\/cd\/#organization\"},\"potentialAction\":[{\"@type\":\"SearchAction\",\"target\":{\"@type\":\"EntryPoint\",\"urlTemplate\":\"https:\/\/noticiasemdestaque.com\/cd\/?s={search_term_string}\"},\"query-input\":{\"@type\":\"PropertyValueSpecification\",\"valueRequired\":true,\"valueName\":\"search_term_string\"}}],\"inLanguage\":\"pt-BR\"},{\"@type\":\"Organization\",\"@id\":\"https:\/\/noticiasemdestaque.com\/cd\/#organization\",\"name\":\"Not\u00edcias em Destaque\",\"url\":\"https:\/\/noticiasemdestaque.com\/cd\/\",\"logo\":{\"@type\":\"ImageObject\",\"inLanguage\":\"pt-BR\",\"@id\":\"https:\/\/noticiasemdestaque.com\/cd\/#\/schema\/logo\/image\/\",\"url\":\"https:\/\/noticiasemdestaque.com\/cd\/wp-content\/uploads\/2022\/05\/imagem-base-noticiasemdestaque.png\",\"contentUrl\":\"https:\/\/noticiasemdestaque.com\/cd\/wp-content\/uploads\/2022\/05\/imagem-base-noticiasemdestaque.png\",\"width\":1200,\"height\":630,\"caption\":\"Not\u00edcias em Destaque\"},\"image\":{\"@id\":\"https:\/\/noticiasemdestaque.com\/cd\/#\/schema\/logo\/image\/\"}},{\"@type\":\"Person\",\"@id\":\"https:\/\/noticiasemdestaque.com\/cd\/#\/schema\/person\/21320b03a7e8bb90128938dafc9b908a\",\"name\":\"Not\u00edcias em Destaque\",\"url\":\"https:\/\/noticiasemdestaque.com\/cd\/?author=2\"}]}<\/script>\n<!-- \/ Yoast SEO plugin. -->","yoast_head_json":{"title":"Para\u00edba registra 11 mortes em decorr\u00eancia do coronav\u00edrus - Not&iacute;cias em Destaque","robots":{"index":"index","follow":"follow","max-snippet":"max-snippet:-1","max-image-preview":"max-image-preview:large","max-video-preview":"max-video-preview:-1"},"canonical":"https:\/\/noticiasemdestaque.com\/cd\/?p=24925","og_locale":"pt_BR","og_type":"article","og_title":"Para\u00edba registra 11 mortes em decorr\u00eancia do coronav\u00edrus - Not&iacute;cias em Destaque","og_description":"A Para\u00edba tem 4.347 casos confirmados de contamina\u00e7\u00e3o pelo novo coronav\u00edrus, segundo informa\u00e7\u00f5es da Secretaria de Estado da Sa\u00fade (SES) divulgadas neste domingo (17). O n\u00famero de mortes confirmadas por Covid-19 subiu para 194 no estado desde o in\u00edcio da pandemia. Cento e trinta e seis cidades da Para\u00edba j\u00e1 t\u00eam casos registrados. Foram registradas mais 11 mortes em decorr\u00eancia do coronav\u00edrus desde o \u00faltimo boletim Mulher de 81 anos, diab\u00e9tica, hipertensa, cardiopata, residente em Guarabira. Homem de 54 anos, hipertenso, residente em Santa Luzia. Mulher de 28 anos, asm\u00e1tica, residente em Alagoa Nova. Mulher de 84 anos, sem hist\u00f3rico de doen\u00e7as, residente em Santa Rita. Mulher de 44 anos, hipertensa, residente em Jo\u00e3o Pessoa. Homem de 75 anos, hipertenso, residente em Jo\u00e3o Pessoa. Homem de 78 anos, hipertenso, diab\u00e9tico, residente em Jo\u00e3o Pessoa. Homem de 68 anos, cardiopata, diab\u00e9tico residente em Caapor\u00e3. Homem de 41 anos, obeso, residente em Patos. Homem de 79 anos, com doen\u00e7a renal, residente em Pedras de Fogo. Homem de 67 anos, diab\u00e9tico, hipertenso, com doen\u00e7a renal aguda, residente em Santa Rita. Boletim do coronav\u00edrus na Para\u00edba 4.347 casos confirmados 194 mortes 5.006 casos descartados 1.171 recuperados","og_url":"https:\/\/noticiasemdestaque.com\/cd\/?p=24925","og_site_name":"Not&iacute;cias em Destaque","article_published_time":"2020-05-17T22:51:17+00:00","article_modified_time":"2020-05-17T22:52:52+00:00","og_image":[{"width":868,"height":644,"url":"https:\/\/noticiasemdestaque.com\/cd\/wp-content\/uploads\/2020\/04\/Coronavirus-Covid19-Hospital-HRAN-Ambulancia-Enfermeira-Socorrista-Bmbeiros-2-2-868x644-1.jpg","type":"image\/jpeg"}],"author":"Not\u00edcias em Destaque","twitter_card":"summary_large_image","twitter_misc":{"Escrito por":"Not\u00edcias em Destaque","Est. tempo de leitura":"1 minuto"},"schema":{"@context":"https:\/\/schema.org","@graph":[{"@type":"Article","@id":"https:\/\/noticiasemdestaque.com\/cd\/?p=24925#article","isPartOf":{"@id":"https:\/\/noticiasemdestaque.com\/cd\/?p=24925"},"author":{"name":"Not\u00edcias em Destaque","@id":"https:\/\/noticiasemdestaque.com\/cd\/#\/schema\/person\/21320b03a7e8bb90128938dafc9b908a"},"headline":"Para\u00edba registra 11 mortes em decorr\u00eancia do coronav\u00edrus","datePublished":"2020-05-17T22:51:17+00:00","dateModified":"2020-05-17T22:52:52+00:00","mainEntityOfPage":{"@id":"https:\/\/noticiasemdestaque.com\/cd\/?p=24925"},"wordCount":208,"publisher":{"@id":"https:\/\/noticiasemdestaque.com\/cd\/#organization"},"image":{"@id":"https:\/\/noticiasemdestaque.com\/cd\/?p=24925#primaryimage"},"thumbnailUrl":"https:\/\/noticiasemdestaque.com\/cd\/wp-content\/uploads\/2020\/04\/Coronavirus-Covid19-Hospital-HRAN-Ambulancia-Enfermeira-Socorrista-Bmbeiros-2-2-868x644-1.jpg","articleSection":["Sa\u00fade"],"inLanguage":"pt-BR"},{"@type":"WebPage","@id":"https:\/\/noticiasemdestaque.com\/cd\/?p=24925","url":"https:\/\/noticiasemdestaque.com\/cd\/?p=24925","name":"Para\u00edba registra 11 mortes em decorr\u00eancia do coronav\u00edrus - Not&iacute;cias em Destaque","isPartOf":{"@id":"https:\/\/noticiasemdestaque.com\/cd\/#website"},"primaryImageOfPage":{"@id":"https:\/\/noticiasemdestaque.com\/cd\/?p=24925#primaryimage"},"image":{"@id":"https:\/\/noticiasemdestaque.com\/cd\/?p=24925#primaryimage"},"thumbnailUrl":"https:\/\/noticiasemdestaque.com\/cd\/wp-content\/uploads\/2020\/04\/Coronavirus-Covid19-Hospital-HRAN-Ambulancia-Enfermeira-Socorrista-Bmbeiros-2-2-868x644-1.jpg","datePublished":"2020-05-17T22:51:17+00:00","dateModified":"2020-05-17T22:52:52+00:00","breadcrumb":{"@id":"https:\/\/noticiasemdestaque.com\/cd\/?p=24925#breadcrumb"},"inLanguage":"pt-BR","potentialAction":[{"@type":"ReadAction","target":["https:\/\/noticiasemdestaque.com\/cd\/?p=24925"]}]},{"@type":"ImageObject","inLanguage":"pt-BR","@id":"https:\/\/noticiasemdestaque.com\/cd\/?p=24925#primaryimage","url":"https:\/\/noticiasemdestaque.com\/cd\/wp-content\/uploads\/2020\/04\/Coronavirus-Covid19-Hospital-HRAN-Ambulancia-Enfermeira-Socorrista-Bmbeiros-2-2-868x644-1.jpg","contentUrl":"https:\/\/noticiasemdestaque.com\/cd\/wp-content\/uploads\/2020\/04\/Coronavirus-Covid19-Hospital-HRAN-Ambulancia-Enfermeira-Socorrista-Bmbeiros-2-2-868x644-1.jpg","width":868,"height":644,"caption":"Coronavirus-Covid-19 - Movimenta\u00e7\u00e3o de ambul\u00e2ncias, pacientes, enfermeiros, bombeiros e socorristas no Hospital Regional da Asa Norte, local de refer\u00eancia para paciebtes com a Covid-19. S\u00e9rgio Lima\/Poder360 04.04.2020"},{"@type":"BreadcrumbList","@id":"https:\/\/noticiasemdestaque.com\/cd\/?p=24925#breadcrumb","itemListElement":[{"@type":"ListItem","position":1,"name":"In\u00edcio","item":"https:\/\/noticiasemdestaque.com\/cd\/"},{"@type":"ListItem","position":2,"name":"Para\u00edba registra 11 mortes em decorr\u00eancia do coronav\u00edrus"}]},{"@type":"WebSite","@id":"https:\/\/noticiasemdestaque.com\/cd\/#website","url":"https:\/\/noticiasemdestaque.com\/cd\/","name":"Not&iacute;cias em Destaque","description":"","publisher":{"@id":"https:\/\/noticiasemdestaque.com\/cd\/#organization"},"potentialAction":[{"@type":"SearchAction","target":{"@type":"EntryPoint","urlTemplate":"https:\/\/noticiasemdestaque.com\/cd\/?s={search_term_string}"},"query-input":{"@type":"PropertyValueSpecification","valueRequired":true,"valueName":"search_term_string"}}],"inLanguage":"pt-BR"},{"@type":"Organization","@id":"https:\/\/noticiasemdestaque.com\/cd\/#organization","name":"Not\u00edcias em Destaque","url":"https:\/\/noticiasemdestaque.com\/cd\/","logo":{"@type":"ImageObject","inLanguage":"pt-BR","@id":"https:\/\/noticiasemdestaque.com\/cd\/#\/schema\/logo\/image\/","url":"https:\/\/noticiasemdestaque.com\/cd\/wp-content\/uploads\/2022\/05\/imagem-base-noticiasemdestaque.png","contentUrl":"https:\/\/noticiasemdestaque.com\/cd\/wp-content\/uploads\/2022\/05\/imagem-base-noticiasemdestaque.png","width":1200,"height":630,"caption":"Not\u00edcias em Destaque"},"image":{"@id":"https:\/\/noticiasemdestaque.com\/cd\/#\/schema\/logo\/image\/"}},{"@type":"Person","@id":"https:\/\/noticiasemdestaque.com\/cd\/#\/schema\/person\/21320b03a7e8bb90128938dafc9b908a","name":"Not\u00edcias em Destaque","url":"https:\/\/noticiasemdestaque.com\/cd\/?author=2"}]}},"jetpack_featured_media_url":"https:\/\/noticiasemdestaque.com\/cd\/wp-content\/uploads\/2020\/04\/Coronavirus-Covid19-Hospital-HRAN-Ambulancia-Enfermeira-Socorrista-Bmbeiros-2-2-868x644-1.jpg","jetpack_sharing_enabled":true,"_links":{"self":[{"href":"https:\/\/noticiasemdestaque.com\/cd\/index.php?rest_route=\/wp\/v2\/posts\/24925","targetHints":{"allow":["GET"]}}],"collection":[{"href":"https:\/\/noticiasemdestaque.com\/cd\/index.php?rest_route=\/wp\/v2\/posts"}],"about":[{"href":"https:\/\/noticiasemdestaque.com\/cd\/index.php?rest_route=\/wp\/v2\/types\/post"}],"author":[{"embeddable":true,"href":"https:\/\/noticiasemdestaque.com\/cd\/index.php?rest_route=\/wp\/v2\/users\/2"}],"replies":[{"embeddable":true,"href":"https:\/\/noticiasemdestaque.com\/cd\/index.php?rest_route=%2Fwp%2Fv2%2Fcomments&post=24925"}],"version-history":[{"count":2,"href":"https:\/\/noticiasemdestaque.com\/cd\/index.php?rest_route=\/wp\/v2\/posts\/24925\/revisions"}],"predecessor-version":[{"id":24927,"href":"https:\/\/noticiasemdestaque.com\/cd\/index.php?rest_route=\/wp\/v2\/posts\/24925\/revisions\/24927"}],"wp:featuredmedia":[{"embeddable":true,"href":"https:\/\/noticiasemdestaque.com\/cd\/index.php?rest_route=\/wp\/v2\/media\/24557"}],"wp:attachment":[{"href":"https:\/\/noticiasemdestaque.com\/cd\/index.php?rest_route=%2Fwp%2Fv2%2Fmedia&parent=24925"}],"wp:term":[{"taxonomy":"category","embeddable":true,"href":"https:\/\/noticiasemdestaque.com\/cd\/index.php?rest_route=%2Fwp%2Fv2%2Fcategories&post=24925"},{"taxonomy":"post_tag","embeddable":true,"href":"https:\/\/noticiasemdestaque.com\/cd\/index.php?rest_route=%2Fwp%2Fv2%2Ftags&post=24925"}],"curies":[{"name":"wp","href":"https:\/\/api.w.org\/{rel}","templated":true}]}}