{"id":24920,"date":"2020-05-17T19:36:53","date_gmt":"2020-05-17T22:36:53","guid":{"rendered":"http:\/\/noticiasemdestaque.com\/cd\/?p=24920"},"modified":"2020-05-17T19:36:53","modified_gmt":"2020-05-17T22:36:53","slug":"joao-azevedo-assina-novo-decreto-ampliando-isolamento-com-abrangencia-para-todos-os-municipios","status":"publish","type":"post","link":"https:\/\/noticiasemdestaque.com\/cd\/?p=24920","title":{"rendered":"Jo\u00e3o Azev\u00eado assina novo decreto ampliando isolamento com abrang\u00eancia para todos os munic\u00edpios"},"content":{"rendered":"<p><a href=\"https:\/\/noticiasemdestaque.com\/cd\/wp-content\/uploads\/2019\/09\/AZEVEDOCARIRI.jpeg\"><img fetchpriority=\"high\" decoding=\"async\" class=\"wp-image-19742 aligncenter\" src=\"https:\/\/noticiasemdestaque.com\/cd\/wp-content\/uploads\/2019\/09\/AZEVEDOCARIRI-1024x682.jpeg\" alt=\"\" width=\"428\" height=\"285\" srcset=\"https:\/\/noticiasemdestaque.com\/cd\/wp-content\/uploads\/2019\/09\/AZEVEDOCARIRI-1024x682.jpeg 1024w, https:\/\/noticiasemdestaque.com\/cd\/wp-content\/uploads\/2019\/09\/AZEVEDOCARIRI-300x200.jpeg 300w, https:\/\/noticiasemdestaque.com\/cd\/wp-content\/uploads\/2019\/09\/AZEVEDOCARIRI-768x512.jpeg 768w, https:\/\/noticiasemdestaque.com\/cd\/wp-content\/uploads\/2019\/09\/AZEVEDOCARIRI-480x320.jpeg 480w, https:\/\/noticiasemdestaque.com\/cd\/wp-content\/uploads\/2019\/09\/AZEVEDOCARIRI.jpeg 1280w\" sizes=\"(max-width: 428px) 100vw, 428px\" \/><\/a><\/p>\n<p>O governador Jo\u00e3o Azev\u00eado assinou o decreto 40.242, neste s\u00e1bado (16), prorrogando o isolamento social at\u00e9 o dia 31 de maio e ampliando as medidas restritivas, que agora passam a vigorar em todos munic\u00edpios paraibanos, independente do registro de casos confirmados da Covid-19. O objetivo \u00e9 conter o avan\u00e7o do coronav\u00edrus no Estado, tendo em vista o aumento di\u00e1rio de casos diagnosticados, principalmente nesta semana. O decreto ser\u00e1 publicado em edi\u00e7\u00e3o eletr\u00f4nica especial do Di\u00e1rio Oficial do Estado ainda hoje.<\/p>\n<p>Al\u00e9m da continuidade da suspens\u00e3o das atividades consideradas n\u00e3o essenciais para este momento, com o novo decreto os estabelecimentos comerciais ou empresas de transportes p\u00fablicos ser\u00e3o multados em R$ 100,00 por cada pessoa que estiver no seu interior sem m\u00e1scara. Esse acess\u00f3rio \u00e9 obrigat\u00f3rio tamb\u00e9m em todos os espa\u00e7os p\u00fablicos do estado. Os recursos provenientes das multas aplicadas ser\u00e3o destinados \u00e0s medidas de combate ao novo coronav\u00edrus.<\/p>\n<p>O decreto ainda determina a interrup\u00e7\u00e3o do transporte intermunicipal em todo territ\u00f3rio paraibano. Assim, todos os terminais rodovi\u00e1rios pertencentes ao estado ficar\u00e3o fechados a partir do pr\u00f3ximo dia 20 at\u00e9 o dia 31 de maio, per\u00edodo em que tamb\u00e9m dever\u00e1 ser paralisada a travessia Costinha\/Cabedelo\/Costinha por meio da balsa.<\/p>\n<p>O documento tamb\u00e9m prev\u00ea a instala\u00e7\u00e3o de barreiras sanit\u00e1rias nas rodovias PB-008 e PB-018 (Conde), PB-025 (Lucena), PB-034 (Alhandra\/Caapor\u00e3), PB-044 (Caapor\u00e3\/Pitimbu) e no terminal hidrovi\u00e1rio de Cabedelo. O acesso a esses munic\u00edpios ficar\u00e1 restrito aos moradores e \u00e0s pessoas que trabalhem nas atividades consideradas essenciais, ou para tratamento de sa\u00fade, devidamente comprovados.<\/p>\n<p>Tamb\u00e9m ser\u00e3o suspensas no per\u00edodo de vigor do decreto as atividades da constru\u00e7\u00e3o civil \u2013 com exce\u00e7\u00e3o das obras relacionadas \u00e0s necessidades da pandemia da Covid-19 e emergenciais \u2013 na Regi\u00e3o da Grande Jo\u00e3o Pessoa, abrangendo os munic\u00edpios de Jo\u00e3o Pessoa, Bayeux, Cabedelo, Conde, Santa Rita, Alhandra, Caapor\u00e3 e Pitimbu, bem como em Campina Grande, Queimadas, Lagoa Seca e Puxinan\u00e3.<\/p>\n<p>Confira\u00a0<a class=\"internal-link\" title=\"\" href=\"https:\/\/paraiba.pb.gov.br\/noticias\/joao-azevedo-assina-novo-decreto-ampliando-isolamento-com-abrangencia-para-todos-os-municipios\/Decreton40.242Prorrogaisolamento15.05.20convertido.pdf\" target=\"_self\" data-tippreview-image=\"\" data-tippreview-title=\"\" data-tippreview-enabled=\"false\" rel=\"noopener noreferrer\">na \u00edntegra o teor do decreto<\/a><\/p>\n","protected":false},"excerpt":{"rendered":"<p>O governador Jo\u00e3o Azev\u00eado assinou o decreto 40.242, neste s\u00e1bado (16), prorrogando o isolamento social at\u00e9 o dia 31 de maio e ampliando as medidas restritivas, que agora passam a vigorar em todos munic\u00edpios paraibanos, independente do registro de casos confirmados da Covid-19. O objetivo \u00e9 conter o avan\u00e7o do coronav\u00edrus no Estado, tendo em vista o aumento di\u00e1rio de casos diagnosticados, principalmente nesta semana. O decreto ser\u00e1 publicado em edi\u00e7\u00e3o eletr\u00f4nica especial do Di\u00e1rio Oficial do Estado ainda hoje. Al\u00e9m da continuidade da suspens\u00e3o das atividades consideradas n\u00e3o essenciais para este momento, com o novo decreto os estabelecimentos comerciais ou empresas de transportes p\u00fablicos ser\u00e3o multados em R$ 100,00 por cada pessoa que estiver no seu interior sem m\u00e1scara. Esse acess\u00f3rio \u00e9 obrigat\u00f3rio tamb\u00e9m em todos os espa\u00e7os p\u00fablicos do estado. Os recursos provenientes das multas aplicadas ser\u00e3o destinados \u00e0s medidas de combate ao novo coronav\u00edrus. O decreto ainda determina a interrup\u00e7\u00e3o do transporte intermunicipal em todo territ\u00f3rio paraibano. Assim, todos os terminais rodovi\u00e1rios pertencentes ao estado ficar\u00e3o fechados a partir do pr\u00f3ximo dia 20 at\u00e9 o dia 31 de maio, per\u00edodo em que tamb\u00e9m dever\u00e1 ser paralisada a travessia Costinha\/Cabedelo\/Costinha por meio da balsa. O documento tamb\u00e9m prev\u00ea a instala\u00e7\u00e3o de barreiras sanit\u00e1rias nas rodovias PB-008 e PB-018 (Conde), PB-025 (Lucena), PB-034 (Alhandra\/Caapor\u00e3), PB-044 (Caapor\u00e3\/Pitimbu) e no terminal hidrovi\u00e1rio de Cabedelo. O acesso a esses munic\u00edpios ficar\u00e1 restrito aos moradores e \u00e0s pessoas que trabalhem nas atividades consideradas essenciais, ou para tratamento de sa\u00fade, devidamente comprovados. Tamb\u00e9m ser\u00e3o suspensas no per\u00edodo de vigor do decreto as atividades da constru\u00e7\u00e3o civil \u2013 com exce\u00e7\u00e3o das obras relacionadas \u00e0s necessidades da pandemia da Covid-19 e emergenciais \u2013 na Regi\u00e3o da Grande Jo\u00e3o Pessoa, abrangendo os munic\u00edpios de Jo\u00e3o Pessoa, Bayeux, Cabedelo, Conde, Santa Rita, Alhandra, Caapor\u00e3 e Pitimbu, bem como em Campina Grande, Queimadas, Lagoa Seca e Puxinan\u00e3. Confira\u00a0na \u00edntegra o teor do decreto<\/p>\n","protected":false},"author":2,"featured_media":19742,"comment_status":"closed","ping_status":"open","sticky":false,"template":"","format":"standard","meta":{"_eb_attr":"","_jetpack_memberships_contains_paid_content":false,"footnotes":""},"categories":[4],"tags":[],"class_list":["post-24920","post","type-post","status-publish","format-standard","has-post-thumbnail","hentry","category-politica"],"yoast_head":"<!-- This site is optimized with the Yoast SEO plugin v26.5 - https:\/\/yoast.com\/wordpress\/plugins\/seo\/ -->\n<title>Jo\u00e3o Azev\u00eado assina novo decreto ampliando isolamento com abrang\u00eancia para todos os munic\u00edpios - Not&iacute;cias em Destaque<\/title>\n<meta name=\"robots\" content=\"index, follow, max-snippet:-1, max-image-preview:large, max-video-preview:-1\" \/>\n<link rel=\"canonical\" href=\"https:\/\/noticiasemdestaque.com\/cd\/?p=24920\" \/>\n<meta property=\"og:locale\" content=\"pt_BR\" \/>\n<meta property=\"og:type\" content=\"article\" \/>\n<meta property=\"og:title\" content=\"Jo\u00e3o Azev\u00eado assina novo decreto ampliando isolamento com abrang\u00eancia para todos os munic\u00edpios - Not&iacute;cias em Destaque\" \/>\n<meta property=\"og:description\" content=\"O governador Jo\u00e3o Azev\u00eado assinou o decreto 40.242, neste s\u00e1bado (16), prorrogando o isolamento social at\u00e9 o dia 31 de maio e ampliando as medidas restritivas, que agora passam a vigorar em todos munic\u00edpios paraibanos, independente do registro de casos confirmados da Covid-19. O objetivo \u00e9 conter o avan\u00e7o do coronav\u00edrus no Estado, tendo em vista o aumento di\u00e1rio de casos diagnosticados, principalmente nesta semana. O decreto ser\u00e1 publicado em edi\u00e7\u00e3o eletr\u00f4nica especial do Di\u00e1rio Oficial do Estado ainda hoje. Al\u00e9m da continuidade da suspens\u00e3o das atividades consideradas n\u00e3o essenciais para este momento, com o novo decreto os estabelecimentos comerciais ou empresas de transportes p\u00fablicos ser\u00e3o multados em R$ 100,00 por cada pessoa que estiver no seu interior sem m\u00e1scara. Esse acess\u00f3rio \u00e9 obrigat\u00f3rio tamb\u00e9m em todos os espa\u00e7os p\u00fablicos do estado. Os recursos provenientes das multas aplicadas ser\u00e3o destinados \u00e0s medidas de combate ao novo coronav\u00edrus. O decreto ainda determina a interrup\u00e7\u00e3o do transporte intermunicipal em todo territ\u00f3rio paraibano. Assim, todos os terminais rodovi\u00e1rios pertencentes ao estado ficar\u00e3o fechados a partir do pr\u00f3ximo dia 20 at\u00e9 o dia 31 de maio, per\u00edodo em que tamb\u00e9m dever\u00e1 ser paralisada a travessia Costinha\/Cabedelo\/Costinha por meio da balsa. O documento tamb\u00e9m prev\u00ea a instala\u00e7\u00e3o de barreiras sanit\u00e1rias nas rodovias PB-008 e PB-018 (Conde), PB-025 (Lucena), PB-034 (Alhandra\/Caapor\u00e3), PB-044 (Caapor\u00e3\/Pitimbu) e no terminal hidrovi\u00e1rio de Cabedelo. O acesso a esses munic\u00edpios ficar\u00e1 restrito aos moradores e \u00e0s pessoas que trabalhem nas atividades consideradas essenciais, ou para tratamento de sa\u00fade, devidamente comprovados. Tamb\u00e9m ser\u00e3o suspensas no per\u00edodo de vigor do decreto as atividades da constru\u00e7\u00e3o civil \u2013 com exce\u00e7\u00e3o das obras relacionadas \u00e0s necessidades da pandemia da Covid-19 e emergenciais \u2013 na Regi\u00e3o da Grande Jo\u00e3o Pessoa, abrangendo os munic\u00edpios de Jo\u00e3o Pessoa, Bayeux, Cabedelo, Conde, Santa Rita, Alhandra, Caapor\u00e3 e Pitimbu, bem como em Campina Grande, Queimadas, Lagoa Seca e Puxinan\u00e3. Confira\u00a0na \u00edntegra o teor do decreto\" \/>\n<meta property=\"og:url\" content=\"https:\/\/noticiasemdestaque.com\/cd\/?p=24920\" \/>\n<meta property=\"og:site_name\" content=\"Not&iacute;cias em Destaque\" \/>\n<meta property=\"article:published_time\" content=\"2020-05-17T22:36:53+00:00\" \/>\n<meta property=\"og:image\" content=\"https:\/\/noticiasemdestaque.com\/cd\/wp-content\/uploads\/2019\/09\/AZEVEDOCARIRI.jpeg\" \/>\n\t<meta property=\"og:image:width\" content=\"1280\" \/>\n\t<meta property=\"og:image:height\" content=\"853\" \/>\n\t<meta property=\"og:image:type\" content=\"image\/jpeg\" \/>\n<meta name=\"author\" content=\"Not\u00edcias em Destaque\" \/>\n<meta name=\"twitter:card\" content=\"summary_large_image\" \/>\n<meta name=\"twitter:label1\" content=\"Escrito por\" \/>\n\t<meta name=\"twitter:data1\" content=\"Not\u00edcias em Destaque\" \/>\n\t<meta name=\"twitter:label2\" content=\"Est. tempo de leitura\" \/>\n\t<meta name=\"twitter:data2\" content=\"2 minutos\" \/>\n<script type=\"application\/ld+json\" class=\"yoast-schema-graph\">{\"@context\":\"https:\/\/schema.org\",\"@graph\":[{\"@type\":\"Article\",\"@id\":\"https:\/\/noticiasemdestaque.com\/cd\/?p=24920#article\",\"isPartOf\":{\"@id\":\"https:\/\/noticiasemdestaque.com\/cd\/?p=24920\"},\"author\":{\"name\":\"Not\u00edcias em Destaque\",\"@id\":\"https:\/\/noticiasemdestaque.com\/cd\/#\/schema\/person\/21320b03a7e8bb90128938dafc9b908a\"},\"headline\":\"Jo\u00e3o Azev\u00eado assina novo decreto ampliando isolamento com abrang\u00eancia para todos os munic\u00edpios\",\"datePublished\":\"2020-05-17T22:36:53+00:00\",\"mainEntityOfPage\":{\"@id\":\"https:\/\/noticiasemdestaque.com\/cd\/?p=24920\"},\"wordCount\":371,\"publisher\":{\"@id\":\"https:\/\/noticiasemdestaque.com\/cd\/#organization\"},\"image\":{\"@id\":\"https:\/\/noticiasemdestaque.com\/cd\/?p=24920#primaryimage\"},\"thumbnailUrl\":\"https:\/\/noticiasemdestaque.com\/cd\/wp-content\/uploads\/2019\/09\/AZEVEDOCARIRI.jpeg\",\"articleSection\":[\"Pol\u00edtica\"],\"inLanguage\":\"pt-BR\"},{\"@type\":\"WebPage\",\"@id\":\"https:\/\/noticiasemdestaque.com\/cd\/?p=24920\",\"url\":\"https:\/\/noticiasemdestaque.com\/cd\/?p=24920\",\"name\":\"Jo\u00e3o Azev\u00eado assina novo decreto ampliando isolamento com abrang\u00eancia para todos os munic\u00edpios - Not&iacute;cias em Destaque\",\"isPartOf\":{\"@id\":\"https:\/\/noticiasemdestaque.com\/cd\/#website\"},\"primaryImageOfPage\":{\"@id\":\"https:\/\/noticiasemdestaque.com\/cd\/?p=24920#primaryimage\"},\"image\":{\"@id\":\"https:\/\/noticiasemdestaque.com\/cd\/?p=24920#primaryimage\"},\"thumbnailUrl\":\"https:\/\/noticiasemdestaque.com\/cd\/wp-content\/uploads\/2019\/09\/AZEVEDOCARIRI.jpeg\",\"datePublished\":\"2020-05-17T22:36:53+00:00\",\"breadcrumb\":{\"@id\":\"https:\/\/noticiasemdestaque.com\/cd\/?p=24920#breadcrumb\"},\"inLanguage\":\"pt-BR\",\"potentialAction\":[{\"@type\":\"ReadAction\",\"target\":[\"https:\/\/noticiasemdestaque.com\/cd\/?p=24920\"]}]},{\"@type\":\"ImageObject\",\"inLanguage\":\"pt-BR\",\"@id\":\"https:\/\/noticiasemdestaque.com\/cd\/?p=24920#primaryimage\",\"url\":\"https:\/\/noticiasemdestaque.com\/cd\/wp-content\/uploads\/2019\/09\/AZEVEDOCARIRI.jpeg\",\"contentUrl\":\"https:\/\/noticiasemdestaque.com\/cd\/wp-content\/uploads\/2019\/09\/AZEVEDOCARIRI.jpeg\",\"width\":1280,\"height\":853},{\"@type\":\"BreadcrumbList\",\"@id\":\"https:\/\/noticiasemdestaque.com\/cd\/?p=24920#breadcrumb\",\"itemListElement\":[{\"@type\":\"ListItem\",\"position\":1,\"name\":\"In\u00edcio\",\"item\":\"https:\/\/noticiasemdestaque.com\/cd\/\"},{\"@type\":\"ListItem\",\"position\":2,\"name\":\"Jo\u00e3o Azev\u00eado assina novo decreto ampliando isolamento com abrang\u00eancia para todos os munic\u00edpios\"}]},{\"@type\":\"WebSite\",\"@id\":\"https:\/\/noticiasemdestaque.com\/cd\/#website\",\"url\":\"https:\/\/noticiasemdestaque.com\/cd\/\",\"name\":\"Not&iacute;cias em Destaque\",\"description\":\"\",\"publisher\":{\"@id\":\"https:\/\/noticiasemdestaque.com\/cd\/#organization\"},\"potentialAction\":[{\"@type\":\"SearchAction\",\"target\":{\"@type\":\"EntryPoint\",\"urlTemplate\":\"https:\/\/noticiasemdestaque.com\/cd\/?s={search_term_string}\"},\"query-input\":{\"@type\":\"PropertyValueSpecification\",\"valueRequired\":true,\"valueName\":\"search_term_string\"}}],\"inLanguage\":\"pt-BR\"},{\"@type\":\"Organization\",\"@id\":\"https:\/\/noticiasemdestaque.com\/cd\/#organization\",\"name\":\"Not\u00edcias em Destaque\",\"url\":\"https:\/\/noticiasemdestaque.com\/cd\/\",\"logo\":{\"@type\":\"ImageObject\",\"inLanguage\":\"pt-BR\",\"@id\":\"https:\/\/noticiasemdestaque.com\/cd\/#\/schema\/logo\/image\/\",\"url\":\"https:\/\/noticiasemdestaque.com\/cd\/wp-content\/uploads\/2022\/05\/imagem-base-noticiasemdestaque.png\",\"contentUrl\":\"https:\/\/noticiasemdestaque.com\/cd\/wp-content\/uploads\/2022\/05\/imagem-base-noticiasemdestaque.png\",\"width\":1200,\"height\":630,\"caption\":\"Not\u00edcias em Destaque\"},\"image\":{\"@id\":\"https:\/\/noticiasemdestaque.com\/cd\/#\/schema\/logo\/image\/\"}},{\"@type\":\"Person\",\"@id\":\"https:\/\/noticiasemdestaque.com\/cd\/#\/schema\/person\/21320b03a7e8bb90128938dafc9b908a\",\"name\":\"Not\u00edcias em Destaque\",\"url\":\"https:\/\/noticiasemdestaque.com\/cd\/?author=2\"}]}<\/script>\n<!-- \/ Yoast SEO plugin. -->","yoast_head_json":{"title":"Jo\u00e3o Azev\u00eado assina novo decreto ampliando isolamento com abrang\u00eancia para todos os munic\u00edpios - Not&iacute;cias em Destaque","robots":{"index":"index","follow":"follow","max-snippet":"max-snippet:-1","max-image-preview":"max-image-preview:large","max-video-preview":"max-video-preview:-1"},"canonical":"https:\/\/noticiasemdestaque.com\/cd\/?p=24920","og_locale":"pt_BR","og_type":"article","og_title":"Jo\u00e3o Azev\u00eado assina novo decreto ampliando isolamento com abrang\u00eancia para todos os munic\u00edpios - Not&iacute;cias em Destaque","og_description":"O governador Jo\u00e3o Azev\u00eado assinou o decreto 40.242, neste s\u00e1bado (16), prorrogando o isolamento social at\u00e9 o dia 31 de maio e ampliando as medidas restritivas, que agora passam a vigorar em todos munic\u00edpios paraibanos, independente do registro de casos confirmados da Covid-19. O objetivo \u00e9 conter o avan\u00e7o do coronav\u00edrus no Estado, tendo em vista o aumento di\u00e1rio de casos diagnosticados, principalmente nesta semana. O decreto ser\u00e1 publicado em edi\u00e7\u00e3o eletr\u00f4nica especial do Di\u00e1rio Oficial do Estado ainda hoje. Al\u00e9m da continuidade da suspens\u00e3o das atividades consideradas n\u00e3o essenciais para este momento, com o novo decreto os estabelecimentos comerciais ou empresas de transportes p\u00fablicos ser\u00e3o multados em R$ 100,00 por cada pessoa que estiver no seu interior sem m\u00e1scara. Esse acess\u00f3rio \u00e9 obrigat\u00f3rio tamb\u00e9m em todos os espa\u00e7os p\u00fablicos do estado. Os recursos provenientes das multas aplicadas ser\u00e3o destinados \u00e0s medidas de combate ao novo coronav\u00edrus. O decreto ainda determina a interrup\u00e7\u00e3o do transporte intermunicipal em todo territ\u00f3rio paraibano. Assim, todos os terminais rodovi\u00e1rios pertencentes ao estado ficar\u00e3o fechados a partir do pr\u00f3ximo dia 20 at\u00e9 o dia 31 de maio, per\u00edodo em que tamb\u00e9m dever\u00e1 ser paralisada a travessia Costinha\/Cabedelo\/Costinha por meio da balsa. O documento tamb\u00e9m prev\u00ea a instala\u00e7\u00e3o de barreiras sanit\u00e1rias nas rodovias PB-008 e PB-018 (Conde), PB-025 (Lucena), PB-034 (Alhandra\/Caapor\u00e3), PB-044 (Caapor\u00e3\/Pitimbu) e no terminal hidrovi\u00e1rio de Cabedelo. O acesso a esses munic\u00edpios ficar\u00e1 restrito aos moradores e \u00e0s pessoas que trabalhem nas atividades consideradas essenciais, ou para tratamento de sa\u00fade, devidamente comprovados. Tamb\u00e9m ser\u00e3o suspensas no per\u00edodo de vigor do decreto as atividades da constru\u00e7\u00e3o civil \u2013 com exce\u00e7\u00e3o das obras relacionadas \u00e0s necessidades da pandemia da Covid-19 e emergenciais \u2013 na Regi\u00e3o da Grande Jo\u00e3o Pessoa, abrangendo os munic\u00edpios de Jo\u00e3o Pessoa, Bayeux, Cabedelo, Conde, Santa Rita, Alhandra, Caapor\u00e3 e Pitimbu, bem como em Campina Grande, Queimadas, Lagoa Seca e Puxinan\u00e3. Confira\u00a0na \u00edntegra o teor do decreto","og_url":"https:\/\/noticiasemdestaque.com\/cd\/?p=24920","og_site_name":"Not&iacute;cias em Destaque","article_published_time":"2020-05-17T22:36:53+00:00","og_image":[{"width":1280,"height":853,"url":"https:\/\/noticiasemdestaque.com\/cd\/wp-content\/uploads\/2019\/09\/AZEVEDOCARIRI.jpeg","type":"image\/jpeg"}],"author":"Not\u00edcias em Destaque","twitter_card":"summary_large_image","twitter_misc":{"Escrito por":"Not\u00edcias em Destaque","Est. tempo de leitura":"2 minutos"},"schema":{"@context":"https:\/\/schema.org","@graph":[{"@type":"Article","@id":"https:\/\/noticiasemdestaque.com\/cd\/?p=24920#article","isPartOf":{"@id":"https:\/\/noticiasemdestaque.com\/cd\/?p=24920"},"author":{"name":"Not\u00edcias em Destaque","@id":"https:\/\/noticiasemdestaque.com\/cd\/#\/schema\/person\/21320b03a7e8bb90128938dafc9b908a"},"headline":"Jo\u00e3o Azev\u00eado assina novo decreto ampliando isolamento com abrang\u00eancia para todos os munic\u00edpios","datePublished":"2020-05-17T22:36:53+00:00","mainEntityOfPage":{"@id":"https:\/\/noticiasemdestaque.com\/cd\/?p=24920"},"wordCount":371,"publisher":{"@id":"https:\/\/noticiasemdestaque.com\/cd\/#organization"},"image":{"@id":"https:\/\/noticiasemdestaque.com\/cd\/?p=24920#primaryimage"},"thumbnailUrl":"https:\/\/noticiasemdestaque.com\/cd\/wp-content\/uploads\/2019\/09\/AZEVEDOCARIRI.jpeg","articleSection":["Pol\u00edtica"],"inLanguage":"pt-BR"},{"@type":"WebPage","@id":"https:\/\/noticiasemdestaque.com\/cd\/?p=24920","url":"https:\/\/noticiasemdestaque.com\/cd\/?p=24920","name":"Jo\u00e3o Azev\u00eado assina novo decreto ampliando isolamento com abrang\u00eancia para todos os munic\u00edpios - Not&iacute;cias em Destaque","isPartOf":{"@id":"https:\/\/noticiasemdestaque.com\/cd\/#website"},"primaryImageOfPage":{"@id":"https:\/\/noticiasemdestaque.com\/cd\/?p=24920#primaryimage"},"image":{"@id":"https:\/\/noticiasemdestaque.com\/cd\/?p=24920#primaryimage"},"thumbnailUrl":"https:\/\/noticiasemdestaque.com\/cd\/wp-content\/uploads\/2019\/09\/AZEVEDOCARIRI.jpeg","datePublished":"2020-05-17T22:36:53+00:00","breadcrumb":{"@id":"https:\/\/noticiasemdestaque.com\/cd\/?p=24920#breadcrumb"},"inLanguage":"pt-BR","potentialAction":[{"@type":"ReadAction","target":["https:\/\/noticiasemdestaque.com\/cd\/?p=24920"]}]},{"@type":"ImageObject","inLanguage":"pt-BR","@id":"https:\/\/noticiasemdestaque.com\/cd\/?p=24920#primaryimage","url":"https:\/\/noticiasemdestaque.com\/cd\/wp-content\/uploads\/2019\/09\/AZEVEDOCARIRI.jpeg","contentUrl":"https:\/\/noticiasemdestaque.com\/cd\/wp-content\/uploads\/2019\/09\/AZEVEDOCARIRI.jpeg","width":1280,"height":853},{"@type":"BreadcrumbList","@id":"https:\/\/noticiasemdestaque.com\/cd\/?p=24920#breadcrumb","itemListElement":[{"@type":"ListItem","position":1,"name":"In\u00edcio","item":"https:\/\/noticiasemdestaque.com\/cd\/"},{"@type":"ListItem","position":2,"name":"Jo\u00e3o Azev\u00eado assina novo decreto ampliando isolamento com abrang\u00eancia para todos os munic\u00edpios"}]},{"@type":"WebSite","@id":"https:\/\/noticiasemdestaque.com\/cd\/#website","url":"https:\/\/noticiasemdestaque.com\/cd\/","name":"Not&iacute;cias em Destaque","description":"","publisher":{"@id":"https:\/\/noticiasemdestaque.com\/cd\/#organization"},"potentialAction":[{"@type":"SearchAction","target":{"@type":"EntryPoint","urlTemplate":"https:\/\/noticiasemdestaque.com\/cd\/?s={search_term_string}"},"query-input":{"@type":"PropertyValueSpecification","valueRequired":true,"valueName":"search_term_string"}}],"inLanguage":"pt-BR"},{"@type":"Organization","@id":"https:\/\/noticiasemdestaque.com\/cd\/#organization","name":"Not\u00edcias em Destaque","url":"https:\/\/noticiasemdestaque.com\/cd\/","logo":{"@type":"ImageObject","inLanguage":"pt-BR","@id":"https:\/\/noticiasemdestaque.com\/cd\/#\/schema\/logo\/image\/","url":"https:\/\/noticiasemdestaque.com\/cd\/wp-content\/uploads\/2022\/05\/imagem-base-noticiasemdestaque.png","contentUrl":"https:\/\/noticiasemdestaque.com\/cd\/wp-content\/uploads\/2022\/05\/imagem-base-noticiasemdestaque.png","width":1200,"height":630,"caption":"Not\u00edcias em Destaque"},"image":{"@id":"https:\/\/noticiasemdestaque.com\/cd\/#\/schema\/logo\/image\/"}},{"@type":"Person","@id":"https:\/\/noticiasemdestaque.com\/cd\/#\/schema\/person\/21320b03a7e8bb90128938dafc9b908a","name":"Not\u00edcias em Destaque","url":"https:\/\/noticiasemdestaque.com\/cd\/?author=2"}]}},"jetpack_featured_media_url":"https:\/\/noticiasemdestaque.com\/cd\/wp-content\/uploads\/2019\/09\/AZEVEDOCARIRI.jpeg","jetpack_sharing_enabled":true,"_links":{"self":[{"href":"https:\/\/noticiasemdestaque.com\/cd\/index.php?rest_route=\/wp\/v2\/posts\/24920","targetHints":{"allow":["GET"]}}],"collection":[{"href":"https:\/\/noticiasemdestaque.com\/cd\/index.php?rest_route=\/wp\/v2\/posts"}],"about":[{"href":"https:\/\/noticiasemdestaque.com\/cd\/index.php?rest_route=\/wp\/v2\/types\/post"}],"author":[{"embeddable":true,"href":"https:\/\/noticiasemdestaque.com\/cd\/index.php?rest_route=\/wp\/v2\/users\/2"}],"replies":[{"embeddable":true,"href":"https:\/\/noticiasemdestaque.com\/cd\/index.php?rest_route=%2Fwp%2Fv2%2Fcomments&post=24920"}],"version-history":[{"count":1,"href":"https:\/\/noticiasemdestaque.com\/cd\/index.php?rest_route=\/wp\/v2\/posts\/24920\/revisions"}],"predecessor-version":[{"id":24921,"href":"https:\/\/noticiasemdestaque.com\/cd\/index.php?rest_route=\/wp\/v2\/posts\/24920\/revisions\/24921"}],"wp:featuredmedia":[{"embeddable":true,"href":"https:\/\/noticiasemdestaque.com\/cd\/index.php?rest_route=\/wp\/v2\/media\/19742"}],"wp:attachment":[{"href":"https:\/\/noticiasemdestaque.com\/cd\/index.php?rest_route=%2Fwp%2Fv2%2Fmedia&parent=24920"}],"wp:term":[{"taxonomy":"category","embeddable":true,"href":"https:\/\/noticiasemdestaque.com\/cd\/index.php?rest_route=%2Fwp%2Fv2%2Fcategories&post=24920"},{"taxonomy":"post_tag","embeddable":true,"href":"https:\/\/noticiasemdestaque.com\/cd\/index.php?rest_route=%2Fwp%2Fv2%2Ftags&post=24920"}],"curies":[{"name":"wp","href":"https:\/\/api.w.org\/{rel}","templated":true}]}}