{"id":24909,"date":"2020-05-15T12:17:26","date_gmt":"2020-05-15T15:17:26","guid":{"rendered":"http:\/\/noticiasemdestaque.com\/cd\/?p=24909"},"modified":"2020-05-15T12:17:26","modified_gmt":"2020-05-15T15:17:26","slug":"teich-deixa-o-ministerio-da-saude-antes-de-completar-um-mes-no-cargo","status":"publish","type":"post","link":"https:\/\/noticiasemdestaque.com\/cd\/?p=24909","title":{"rendered":"Teich deixa o Minist\u00e9rio da Sa\u00fade antes de completar um m\u00eas no cargo"},"content":{"rendered":"<div class=\"mc-column content-text active-extra-styles \" data-block-type=\"unstyled\" data-block-weight=\"31\" data-block-id=\"2\">\n<p data-track-category=\"Link no Texto\" data-track-links=\"\"><a href=\"https:\/\/noticiasemdestaque.com\/cd\/wp-content\/uploads\/2020\/05\/11052020-o-ministro-da-saude-nelson-teich-em-entrevista-coletiva-concedida-no-palacio-do-planalto-1589488746112_v2_900x506.jpg\"><img fetchpriority=\"high\" decoding=\"async\" class=\"wp-image-24910 aligncenter\" src=\"https:\/\/noticiasemdestaque.com\/cd\/wp-content\/uploads\/2020\/05\/11052020-o-ministro-da-saude-nelson-teich-em-entrevista-coletiva-concedida-no-palacio-do-planalto-1589488746112_v2_900x506.jpg\" alt=\"\" width=\"474\" height=\"267\" srcset=\"https:\/\/noticiasemdestaque.com\/cd\/wp-content\/uploads\/2020\/05\/11052020-o-ministro-da-saude-nelson-teich-em-entrevista-coletiva-concedida-no-palacio-do-planalto-1589488746112_v2_900x506.jpg 620w, https:\/\/noticiasemdestaque.com\/cd\/wp-content\/uploads\/2020\/05\/11052020-o-ministro-da-saude-nelson-teich-em-entrevista-coletiva-concedida-no-palacio-do-planalto-1589488746112_v2_900x506-300x169.jpg 300w\" sizes=\"(max-width: 474px) 100vw, 474px\" \/><\/a><\/p>\n<p class=\"content-text__container \" data-track-category=\"Link no Texto\" data-track-links=\"\">O ministro da Sa\u00fade, Nelson Teich, deixou o cargo nesta sexta-feira (15), antes de completar um m\u00eas \u00e0 frente da pasta. Em nota, a pasta informou que ele pediu demiss\u00e3o.<\/p>\n<\/div>\n<div class=\"wall protected-content\">\n<div class=\"mc-column content-text active-extra-styles \" data-block-type=\"unstyled\" data-block-weight=\"29\" data-block-id=\"3\">\n<p class=\"content-text__container \" data-track-category=\"Link no Texto\" data-track-links=\"\">Teich tomou posse em 17 de abril. Essa \u00e9 a segunda sa\u00edda de um ministro da Sa\u00fade em meio \u00e0 pandemia do coronav\u00edrus. Teich havia substitu\u00eddo Luiz Henrique Mandetta.<\/p>\n<\/div>\n<div class=\"mc-column content-text active-extra-styles \" data-block-type=\"unstyled\" data-block-weight=\"20\" data-block-id=\"4\">\n<p class=\"content-text__container \" data-track-category=\"Link no Texto\" data-track-links=\"\">Assim como Mandetta, Teich tamb\u00e9m apresentou discord\u00e2ncias com o presidente Jair Bolsonaro sobre as medidas para combate ao coronav\u00edrus.<\/p>\n<p data-track-category=\"Link no Texto\" data-track-links=\"\"><em><strong>Not\u00edcias em Destaque<\/strong><\/em><\/p>\n<p data-track-category=\"Link no Texto\" data-track-links=\"\">Com G1<\/p>\n<\/div>\n<\/div>\n","protected":false},"excerpt":{"rendered":"<p>O ministro da Sa\u00fade, Nelson Teich, deixou o cargo nesta sexta-feira (15), antes de completar um m\u00eas \u00e0 frente da pasta. Em nota, a pasta informou que ele pediu demiss\u00e3o. Teich tomou posse em 17 de abril. Essa \u00e9 a segunda sa\u00edda de um ministro da Sa\u00fade em meio \u00e0 pandemia do coronav\u00edrus. Teich havia substitu\u00eddo Luiz Henrique Mandetta. Assim como Mandetta, Teich tamb\u00e9m apresentou discord\u00e2ncias com o presidente Jair Bolsonaro sobre as medidas para combate ao coronav\u00edrus. Not\u00edcias em Destaque Com G1<\/p>\n","protected":false},"author":2,"featured_media":24910,"comment_status":"closed","ping_status":"open","sticky":false,"template":"","format":"standard","meta":{"_eb_attr":"","_jetpack_memberships_contains_paid_content":false,"footnotes":""},"categories":[8],"tags":[],"class_list":["post-24909","post","type-post","status-publish","format-standard","has-post-thumbnail","hentry","category-saude"],"yoast_head":"<!-- This site is optimized with the Yoast SEO plugin v26.5 - https:\/\/yoast.com\/wordpress\/plugins\/seo\/ -->\n<title>Teich deixa o Minist\u00e9rio da Sa\u00fade antes de completar um m\u00eas no cargo - Not&iacute;cias em Destaque<\/title>\n<meta name=\"robots\" content=\"index, follow, max-snippet:-1, max-image-preview:large, max-video-preview:-1\" \/>\n<link rel=\"canonical\" href=\"https:\/\/noticiasemdestaque.com\/cd\/?p=24909\" \/>\n<meta property=\"og:locale\" content=\"pt_BR\" \/>\n<meta property=\"og:type\" content=\"article\" \/>\n<meta property=\"og:title\" content=\"Teich deixa o Minist\u00e9rio da Sa\u00fade antes de completar um m\u00eas no cargo - Not&iacute;cias em Destaque\" \/>\n<meta property=\"og:description\" content=\"O ministro da Sa\u00fade, Nelson Teich, deixou o cargo nesta sexta-feira (15), antes de completar um m\u00eas \u00e0 frente da pasta. Em nota, a pasta informou que ele pediu demiss\u00e3o. Teich tomou posse em 17 de abril. Essa \u00e9 a segunda sa\u00edda de um ministro da Sa\u00fade em meio \u00e0 pandemia do coronav\u00edrus. Teich havia substitu\u00eddo Luiz Henrique Mandetta. Assim como Mandetta, Teich tamb\u00e9m apresentou discord\u00e2ncias com o presidente Jair Bolsonaro sobre as medidas para combate ao coronav\u00edrus. Not\u00edcias em Destaque Com G1\" \/>\n<meta property=\"og:url\" content=\"https:\/\/noticiasemdestaque.com\/cd\/?p=24909\" \/>\n<meta property=\"og:site_name\" content=\"Not&iacute;cias em Destaque\" \/>\n<meta property=\"article:published_time\" content=\"2020-05-15T15:17:26+00:00\" \/>\n<meta property=\"og:image\" content=\"https:\/\/noticiasemdestaque.com\/cd\/wp-content\/uploads\/2020\/05\/11052020-o-ministro-da-saude-nelson-teich-em-entrevista-coletiva-concedida-no-palacio-do-planalto-1589488746112_v2_900x506.jpg\" \/>\n\t<meta property=\"og:image:width\" content=\"620\" \/>\n\t<meta property=\"og:image:height\" content=\"349\" \/>\n\t<meta property=\"og:image:type\" content=\"image\/jpeg\" \/>\n<meta name=\"author\" content=\"Not\u00edcias em Destaque\" \/>\n<meta name=\"twitter:card\" content=\"summary_large_image\" \/>\n<meta name=\"twitter:label1\" content=\"Escrito por\" \/>\n\t<meta name=\"twitter:data1\" content=\"Not\u00edcias em Destaque\" \/>\n<script type=\"application\/ld+json\" class=\"yoast-schema-graph\">{\"@context\":\"https:\/\/schema.org\",\"@graph\":[{\"@type\":\"Article\",\"@id\":\"https:\/\/noticiasemdestaque.com\/cd\/?p=24909#article\",\"isPartOf\":{\"@id\":\"https:\/\/noticiasemdestaque.com\/cd\/?p=24909\"},\"author\":{\"name\":\"Not\u00edcias em Destaque\",\"@id\":\"https:\/\/noticiasemdestaque.com\/cd\/#\/schema\/person\/21320b03a7e8bb90128938dafc9b908a\"},\"headline\":\"Teich deixa o Minist\u00e9rio da Sa\u00fade antes de completar um m\u00eas no cargo\",\"datePublished\":\"2020-05-15T15:17:26+00:00\",\"mainEntityOfPage\":{\"@id\":\"https:\/\/noticiasemdestaque.com\/cd\/?p=24909\"},\"wordCount\":105,\"publisher\":{\"@id\":\"https:\/\/noticiasemdestaque.com\/cd\/#organization\"},\"image\":{\"@id\":\"https:\/\/noticiasemdestaque.com\/cd\/?p=24909#primaryimage\"},\"thumbnailUrl\":\"https:\/\/noticiasemdestaque.com\/cd\/wp-content\/uploads\/2020\/05\/11052020-o-ministro-da-saude-nelson-teich-em-entrevista-coletiva-concedida-no-palacio-do-planalto-1589488746112_v2_900x506.jpg\",\"articleSection\":[\"Sa\u00fade\"],\"inLanguage\":\"pt-BR\"},{\"@type\":\"WebPage\",\"@id\":\"https:\/\/noticiasemdestaque.com\/cd\/?p=24909\",\"url\":\"https:\/\/noticiasemdestaque.com\/cd\/?p=24909\",\"name\":\"Teich deixa o Minist\u00e9rio da Sa\u00fade antes de completar um m\u00eas no cargo - Not&iacute;cias em Destaque\",\"isPartOf\":{\"@id\":\"https:\/\/noticiasemdestaque.com\/cd\/#website\"},\"primaryImageOfPage\":{\"@id\":\"https:\/\/noticiasemdestaque.com\/cd\/?p=24909#primaryimage\"},\"image\":{\"@id\":\"https:\/\/noticiasemdestaque.com\/cd\/?p=24909#primaryimage\"},\"thumbnailUrl\":\"https:\/\/noticiasemdestaque.com\/cd\/wp-content\/uploads\/2020\/05\/11052020-o-ministro-da-saude-nelson-teich-em-entrevista-coletiva-concedida-no-palacio-do-planalto-1589488746112_v2_900x506.jpg\",\"datePublished\":\"2020-05-15T15:17:26+00:00\",\"breadcrumb\":{\"@id\":\"https:\/\/noticiasemdestaque.com\/cd\/?p=24909#breadcrumb\"},\"inLanguage\":\"pt-BR\",\"potentialAction\":[{\"@type\":\"ReadAction\",\"target\":[\"https:\/\/noticiasemdestaque.com\/cd\/?p=24909\"]}]},{\"@type\":\"ImageObject\",\"inLanguage\":\"pt-BR\",\"@id\":\"https:\/\/noticiasemdestaque.com\/cd\/?p=24909#primaryimage\",\"url\":\"https:\/\/noticiasemdestaque.com\/cd\/wp-content\/uploads\/2020\/05\/11052020-o-ministro-da-saude-nelson-teich-em-entrevista-coletiva-concedida-no-palacio-do-planalto-1589488746112_v2_900x506.jpg\",\"contentUrl\":\"https:\/\/noticiasemdestaque.com\/cd\/wp-content\/uploads\/2020\/05\/11052020-o-ministro-da-saude-nelson-teich-em-entrevista-coletiva-concedida-no-palacio-do-planalto-1589488746112_v2_900x506.jpg\",\"width\":620,\"height\":349},{\"@type\":\"BreadcrumbList\",\"@id\":\"https:\/\/noticiasemdestaque.com\/cd\/?p=24909#breadcrumb\",\"itemListElement\":[{\"@type\":\"ListItem\",\"position\":1,\"name\":\"In\u00edcio\",\"item\":\"https:\/\/noticiasemdestaque.com\/cd\/\"},{\"@type\":\"ListItem\",\"position\":2,\"name\":\"Teich deixa o Minist\u00e9rio da Sa\u00fade antes de completar um m\u00eas no cargo\"}]},{\"@type\":\"WebSite\",\"@id\":\"https:\/\/noticiasemdestaque.com\/cd\/#website\",\"url\":\"https:\/\/noticiasemdestaque.com\/cd\/\",\"name\":\"Not&iacute;cias em Destaque\",\"description\":\"\",\"publisher\":{\"@id\":\"https:\/\/noticiasemdestaque.com\/cd\/#organization\"},\"potentialAction\":[{\"@type\":\"SearchAction\",\"target\":{\"@type\":\"EntryPoint\",\"urlTemplate\":\"https:\/\/noticiasemdestaque.com\/cd\/?s={search_term_string}\"},\"query-input\":{\"@type\":\"PropertyValueSpecification\",\"valueRequired\":true,\"valueName\":\"search_term_string\"}}],\"inLanguage\":\"pt-BR\"},{\"@type\":\"Organization\",\"@id\":\"https:\/\/noticiasemdestaque.com\/cd\/#organization\",\"name\":\"Not\u00edcias em Destaque\",\"url\":\"https:\/\/noticiasemdestaque.com\/cd\/\",\"logo\":{\"@type\":\"ImageObject\",\"inLanguage\":\"pt-BR\",\"@id\":\"https:\/\/noticiasemdestaque.com\/cd\/#\/schema\/logo\/image\/\",\"url\":\"https:\/\/noticiasemdestaque.com\/cd\/wp-content\/uploads\/2022\/05\/imagem-base-noticiasemdestaque.png\",\"contentUrl\":\"https:\/\/noticiasemdestaque.com\/cd\/wp-content\/uploads\/2022\/05\/imagem-base-noticiasemdestaque.png\",\"width\":1200,\"height\":630,\"caption\":\"Not\u00edcias em Destaque\"},\"image\":{\"@id\":\"https:\/\/noticiasemdestaque.com\/cd\/#\/schema\/logo\/image\/\"}},{\"@type\":\"Person\",\"@id\":\"https:\/\/noticiasemdestaque.com\/cd\/#\/schema\/person\/21320b03a7e8bb90128938dafc9b908a\",\"name\":\"Not\u00edcias em Destaque\",\"url\":\"https:\/\/noticiasemdestaque.com\/cd\/?author=2\"}]}<\/script>\n<!-- \/ Yoast SEO plugin. -->","yoast_head_json":{"title":"Teich deixa o Minist\u00e9rio da Sa\u00fade antes de completar um m\u00eas no cargo - Not&iacute;cias em Destaque","robots":{"index":"index","follow":"follow","max-snippet":"max-snippet:-1","max-image-preview":"max-image-preview:large","max-video-preview":"max-video-preview:-1"},"canonical":"https:\/\/noticiasemdestaque.com\/cd\/?p=24909","og_locale":"pt_BR","og_type":"article","og_title":"Teich deixa o Minist\u00e9rio da Sa\u00fade antes de completar um m\u00eas no cargo - Not&iacute;cias em Destaque","og_description":"O ministro da Sa\u00fade, Nelson Teich, deixou o cargo nesta sexta-feira (15), antes de completar um m\u00eas \u00e0 frente da pasta. Em nota, a pasta informou que ele pediu demiss\u00e3o. Teich tomou posse em 17 de abril. Essa \u00e9 a segunda sa\u00edda de um ministro da Sa\u00fade em meio \u00e0 pandemia do coronav\u00edrus. Teich havia substitu\u00eddo Luiz Henrique Mandetta. Assim como Mandetta, Teich tamb\u00e9m apresentou discord\u00e2ncias com o presidente Jair Bolsonaro sobre as medidas para combate ao coronav\u00edrus. Not\u00edcias em Destaque Com G1","og_url":"https:\/\/noticiasemdestaque.com\/cd\/?p=24909","og_site_name":"Not&iacute;cias em Destaque","article_published_time":"2020-05-15T15:17:26+00:00","og_image":[{"width":620,"height":349,"url":"https:\/\/noticiasemdestaque.com\/cd\/wp-content\/uploads\/2020\/05\/11052020-o-ministro-da-saude-nelson-teich-em-entrevista-coletiva-concedida-no-palacio-do-planalto-1589488746112_v2_900x506.jpg","type":"image\/jpeg"}],"author":"Not\u00edcias em Destaque","twitter_card":"summary_large_image","twitter_misc":{"Escrito por":"Not\u00edcias em Destaque"},"schema":{"@context":"https:\/\/schema.org","@graph":[{"@type":"Article","@id":"https:\/\/noticiasemdestaque.com\/cd\/?p=24909#article","isPartOf":{"@id":"https:\/\/noticiasemdestaque.com\/cd\/?p=24909"},"author":{"name":"Not\u00edcias em Destaque","@id":"https:\/\/noticiasemdestaque.com\/cd\/#\/schema\/person\/21320b03a7e8bb90128938dafc9b908a"},"headline":"Teich deixa o Minist\u00e9rio da Sa\u00fade antes de completar um m\u00eas no cargo","datePublished":"2020-05-15T15:17:26+00:00","mainEntityOfPage":{"@id":"https:\/\/noticiasemdestaque.com\/cd\/?p=24909"},"wordCount":105,"publisher":{"@id":"https:\/\/noticiasemdestaque.com\/cd\/#organization"},"image":{"@id":"https:\/\/noticiasemdestaque.com\/cd\/?p=24909#primaryimage"},"thumbnailUrl":"https:\/\/noticiasemdestaque.com\/cd\/wp-content\/uploads\/2020\/05\/11052020-o-ministro-da-saude-nelson-teich-em-entrevista-coletiva-concedida-no-palacio-do-planalto-1589488746112_v2_900x506.jpg","articleSection":["Sa\u00fade"],"inLanguage":"pt-BR"},{"@type":"WebPage","@id":"https:\/\/noticiasemdestaque.com\/cd\/?p=24909","url":"https:\/\/noticiasemdestaque.com\/cd\/?p=24909","name":"Teich deixa o Minist\u00e9rio da Sa\u00fade antes de completar um m\u00eas no cargo - Not&iacute;cias em Destaque","isPartOf":{"@id":"https:\/\/noticiasemdestaque.com\/cd\/#website"},"primaryImageOfPage":{"@id":"https:\/\/noticiasemdestaque.com\/cd\/?p=24909#primaryimage"},"image":{"@id":"https:\/\/noticiasemdestaque.com\/cd\/?p=24909#primaryimage"},"thumbnailUrl":"https:\/\/noticiasemdestaque.com\/cd\/wp-content\/uploads\/2020\/05\/11052020-o-ministro-da-saude-nelson-teich-em-entrevista-coletiva-concedida-no-palacio-do-planalto-1589488746112_v2_900x506.jpg","datePublished":"2020-05-15T15:17:26+00:00","breadcrumb":{"@id":"https:\/\/noticiasemdestaque.com\/cd\/?p=24909#breadcrumb"},"inLanguage":"pt-BR","potentialAction":[{"@type":"ReadAction","target":["https:\/\/noticiasemdestaque.com\/cd\/?p=24909"]}]},{"@type":"ImageObject","inLanguage":"pt-BR","@id":"https:\/\/noticiasemdestaque.com\/cd\/?p=24909#primaryimage","url":"https:\/\/noticiasemdestaque.com\/cd\/wp-content\/uploads\/2020\/05\/11052020-o-ministro-da-saude-nelson-teich-em-entrevista-coletiva-concedida-no-palacio-do-planalto-1589488746112_v2_900x506.jpg","contentUrl":"https:\/\/noticiasemdestaque.com\/cd\/wp-content\/uploads\/2020\/05\/11052020-o-ministro-da-saude-nelson-teich-em-entrevista-coletiva-concedida-no-palacio-do-planalto-1589488746112_v2_900x506.jpg","width":620,"height":349},{"@type":"BreadcrumbList","@id":"https:\/\/noticiasemdestaque.com\/cd\/?p=24909#breadcrumb","itemListElement":[{"@type":"ListItem","position":1,"name":"In\u00edcio","item":"https:\/\/noticiasemdestaque.com\/cd\/"},{"@type":"ListItem","position":2,"name":"Teich deixa o Minist\u00e9rio da Sa\u00fade antes de completar um m\u00eas no cargo"}]},{"@type":"WebSite","@id":"https:\/\/noticiasemdestaque.com\/cd\/#website","url":"https:\/\/noticiasemdestaque.com\/cd\/","name":"Not&iacute;cias em Destaque","description":"","publisher":{"@id":"https:\/\/noticiasemdestaque.com\/cd\/#organization"},"potentialAction":[{"@type":"SearchAction","target":{"@type":"EntryPoint","urlTemplate":"https:\/\/noticiasemdestaque.com\/cd\/?s={search_term_string}"},"query-input":{"@type":"PropertyValueSpecification","valueRequired":true,"valueName":"search_term_string"}}],"inLanguage":"pt-BR"},{"@type":"Organization","@id":"https:\/\/noticiasemdestaque.com\/cd\/#organization","name":"Not\u00edcias em Destaque","url":"https:\/\/noticiasemdestaque.com\/cd\/","logo":{"@type":"ImageObject","inLanguage":"pt-BR","@id":"https:\/\/noticiasemdestaque.com\/cd\/#\/schema\/logo\/image\/","url":"https:\/\/noticiasemdestaque.com\/cd\/wp-content\/uploads\/2022\/05\/imagem-base-noticiasemdestaque.png","contentUrl":"https:\/\/noticiasemdestaque.com\/cd\/wp-content\/uploads\/2022\/05\/imagem-base-noticiasemdestaque.png","width":1200,"height":630,"caption":"Not\u00edcias em Destaque"},"image":{"@id":"https:\/\/noticiasemdestaque.com\/cd\/#\/schema\/logo\/image\/"}},{"@type":"Person","@id":"https:\/\/noticiasemdestaque.com\/cd\/#\/schema\/person\/21320b03a7e8bb90128938dafc9b908a","name":"Not\u00edcias em Destaque","url":"https:\/\/noticiasemdestaque.com\/cd\/?author=2"}]}},"jetpack_featured_media_url":"https:\/\/noticiasemdestaque.com\/cd\/wp-content\/uploads\/2020\/05\/11052020-o-ministro-da-saude-nelson-teich-em-entrevista-coletiva-concedida-no-palacio-do-planalto-1589488746112_v2_900x506.jpg","jetpack_sharing_enabled":true,"_links":{"self":[{"href":"https:\/\/noticiasemdestaque.com\/cd\/index.php?rest_route=\/wp\/v2\/posts\/24909","targetHints":{"allow":["GET"]}}],"collection":[{"href":"https:\/\/noticiasemdestaque.com\/cd\/index.php?rest_route=\/wp\/v2\/posts"}],"about":[{"href":"https:\/\/noticiasemdestaque.com\/cd\/index.php?rest_route=\/wp\/v2\/types\/post"}],"author":[{"embeddable":true,"href":"https:\/\/noticiasemdestaque.com\/cd\/index.php?rest_route=\/wp\/v2\/users\/2"}],"replies":[{"embeddable":true,"href":"https:\/\/noticiasemdestaque.com\/cd\/index.php?rest_route=%2Fwp%2Fv2%2Fcomments&post=24909"}],"version-history":[{"count":1,"href":"https:\/\/noticiasemdestaque.com\/cd\/index.php?rest_route=\/wp\/v2\/posts\/24909\/revisions"}],"predecessor-version":[{"id":24911,"href":"https:\/\/noticiasemdestaque.com\/cd\/index.php?rest_route=\/wp\/v2\/posts\/24909\/revisions\/24911"}],"wp:featuredmedia":[{"embeddable":true,"href":"https:\/\/noticiasemdestaque.com\/cd\/index.php?rest_route=\/wp\/v2\/media\/24910"}],"wp:attachment":[{"href":"https:\/\/noticiasemdestaque.com\/cd\/index.php?rest_route=%2Fwp%2Fv2%2Fmedia&parent=24909"}],"wp:term":[{"taxonomy":"category","embeddable":true,"href":"https:\/\/noticiasemdestaque.com\/cd\/index.php?rest_route=%2Fwp%2Fv2%2Fcategories&post=24909"},{"taxonomy":"post_tag","embeddable":true,"href":"https:\/\/noticiasemdestaque.com\/cd\/index.php?rest_route=%2Fwp%2Fv2%2Ftags&post=24909"}],"curies":[{"name":"wp","href":"https:\/\/api.w.org\/{rel}","templated":true}]}}