{"id":24902,"date":"2020-05-14T19:33:54","date_gmt":"2020-05-14T22:33:54","guid":{"rendered":"http:\/\/noticiasemdestaque.com\/cd\/?p=24902"},"modified":"2020-05-14T19:33:54","modified_gmt":"2020-05-14T22:33:54","slug":"secretaria-de-saude-de-amparo-realizou-mais-uma-barreira-sanitaria","status":"publish","type":"post","link":"https:\/\/noticiasemdestaque.com\/cd\/?p=24902","title":{"rendered":"Secretaria de Sa\u00fade de Amparo realizou mais uma Barreira Sanit\u00e1ria"},"content":{"rendered":"<p><a href=\"https:\/\/noticiasemdestaque.com\/cd\/wp-content\/uploads\/2020\/05\/BARREIRA-SANIT\u00c1RIA-4.jpg\"><img fetchpriority=\"high\" decoding=\"async\" class=\"size-full wp-image-24903 aligncenter\" src=\"https:\/\/noticiasemdestaque.com\/cd\/wp-content\/uploads\/2020\/05\/BARREIRA-SANIT\u00c1RIA-4.jpg\" alt=\"\" width=\"477\" height=\"340\" srcset=\"https:\/\/noticiasemdestaque.com\/cd\/wp-content\/uploads\/2020\/05\/BARREIRA-SANIT\u00c1RIA-4.jpg 477w, https:\/\/noticiasemdestaque.com\/cd\/wp-content\/uploads\/2020\/05\/BARREIRA-SANIT\u00c1RIA-4-300x214.jpg 300w\" sizes=\"(max-width: 477px) 100vw, 477px\" \/><\/a><\/p>\n<p style=\"font-weight: 400;\">A Prefeitura de Amparo, por meio da Secretaria de Sa\u00fade e Vigil\u00e2ncia Sanit\u00e1ria Municipal realizou mais uma Barreira Sanit\u00e1ria na manh\u00e3 desta quinta-feira (14) na entrada da cidade sentido PB-248.<\/p>\n<p style=\"font-weight: 400;\">A barreira ficou montada das 07h \u00e0s 15h devido ao fluxo intenso de pessoas vindas de outras cidades para realiza\u00e7\u00e3o de Processos Licitat\u00f3rios durante todo o dia.<\/p>\n<p style=\"font-weight: 400;\">Duas equipes foram montadas com profissionais da sa\u00fade, uma das 07h \u00e0s 11h e outra das 11h \u00e0s 15h, onde realizaram abordagem aos ve\u00edculos, trazendo orienta\u00e7\u00f5es sobre as formas de preven\u00e7\u00e3o ao Coronav\u00edrus, fazendo a desinfec\u00e7\u00e3o dos pneus, distribui\u00e7\u00e3o de m\u00e1scaras e realizando aferi\u00e7\u00e3o de temperatura corporal.<\/p>\n<p>Vale ressaltar que nosso munic\u00edpio n\u00e3o existe um fluxo constante de ve\u00edculos vindos de outras cidades, por isso as barreira s\u00e3o montadas apenas quando se tem um fluxo maior. Destacamos tamb\u00e9m, que a secretaria de sa\u00fade junto com a prefeitura n\u00e3o tem medido esfor\u00e7os para manter a cidade de Amparo longe da contamina\u00e7\u00e3o do Covid-19.<\/p>\n<p><em><strong>Not\u00edcias em Destaque<\/strong><\/em><\/p>\n<p>Com Amparo Ligado<\/p>\n","protected":false},"excerpt":{"rendered":"<p>A Prefeitura de Amparo, por meio da Secretaria de Sa\u00fade e Vigil\u00e2ncia Sanit\u00e1ria Municipal realizou mais uma Barreira Sanit\u00e1ria na manh\u00e3 desta quinta-feira (14) na entrada da cidade sentido PB-248. A barreira ficou montada das 07h \u00e0s 15h devido ao fluxo intenso de pessoas vindas de outras cidades para realiza\u00e7\u00e3o de Processos Licitat\u00f3rios durante todo o dia. Duas equipes foram montadas com profissionais da sa\u00fade, uma das 07h \u00e0s 11h e outra das 11h \u00e0s 15h, onde realizaram abordagem aos ve\u00edculos, trazendo orienta\u00e7\u00f5es sobre as formas de preven\u00e7\u00e3o ao Coronav\u00edrus, fazendo a desinfec\u00e7\u00e3o dos pneus, distribui\u00e7\u00e3o de m\u00e1scaras e realizando aferi\u00e7\u00e3o de temperatura corporal. Vale ressaltar que nosso munic\u00edpio n\u00e3o existe um fluxo constante de ve\u00edculos vindos de outras cidades, por isso as barreira s\u00e3o montadas apenas quando se tem um fluxo maior. Destacamos tamb\u00e9m, que a secretaria de sa\u00fade junto com a prefeitura n\u00e3o tem medido esfor\u00e7os para manter a cidade de Amparo longe da contamina\u00e7\u00e3o do Covid-19. Not\u00edcias em Destaque Com Amparo Ligado<\/p>\n","protected":false},"author":2,"featured_media":24903,"comment_status":"closed","ping_status":"open","sticky":false,"template":"","format":"standard","meta":{"_eb_attr":"","_jetpack_memberships_contains_paid_content":false,"footnotes":""},"categories":[12],"tags":[],"class_list":["post-24902","post","type-post","status-publish","format-standard","has-post-thumbnail","hentry","category-geral"],"yoast_head":"<!-- This site is optimized with the Yoast SEO plugin v26.5 - https:\/\/yoast.com\/wordpress\/plugins\/seo\/ -->\n<title>Secretaria de Sa\u00fade de Amparo realizou mais uma Barreira Sanit\u00e1ria - Not&iacute;cias em Destaque<\/title>\n<meta name=\"robots\" content=\"index, follow, max-snippet:-1, max-image-preview:large, max-video-preview:-1\" \/>\n<link rel=\"canonical\" href=\"https:\/\/noticiasemdestaque.com\/cd\/?p=24902\" \/>\n<meta property=\"og:locale\" content=\"pt_BR\" \/>\n<meta property=\"og:type\" content=\"article\" \/>\n<meta property=\"og:title\" content=\"Secretaria de Sa\u00fade de Amparo realizou mais uma Barreira Sanit\u00e1ria - Not&iacute;cias em Destaque\" \/>\n<meta property=\"og:description\" content=\"A Prefeitura de Amparo, por meio da Secretaria de Sa\u00fade e Vigil\u00e2ncia Sanit\u00e1ria Municipal realizou mais uma Barreira Sanit\u00e1ria na manh\u00e3 desta quinta-feira (14) na entrada da cidade sentido PB-248. A barreira ficou montada das 07h \u00e0s 15h devido ao fluxo intenso de pessoas vindas de outras cidades para realiza\u00e7\u00e3o de Processos Licitat\u00f3rios durante todo o dia. Duas equipes foram montadas com profissionais da sa\u00fade, uma das 07h \u00e0s 11h e outra das 11h \u00e0s 15h, onde realizaram abordagem aos ve\u00edculos, trazendo orienta\u00e7\u00f5es sobre as formas de preven\u00e7\u00e3o ao Coronav\u00edrus, fazendo a desinfec\u00e7\u00e3o dos pneus, distribui\u00e7\u00e3o de m\u00e1scaras e realizando aferi\u00e7\u00e3o de temperatura corporal. Vale ressaltar que nosso munic\u00edpio n\u00e3o existe um fluxo constante de ve\u00edculos vindos de outras cidades, por isso as barreira s\u00e3o montadas apenas quando se tem um fluxo maior. Destacamos tamb\u00e9m, que a secretaria de sa\u00fade junto com a prefeitura n\u00e3o tem medido esfor\u00e7os para manter a cidade de Amparo longe da contamina\u00e7\u00e3o do Covid-19. Not\u00edcias em Destaque Com Amparo Ligado\" \/>\n<meta property=\"og:url\" content=\"https:\/\/noticiasemdestaque.com\/cd\/?p=24902\" \/>\n<meta property=\"og:site_name\" content=\"Not&iacute;cias em Destaque\" \/>\n<meta property=\"article:published_time\" content=\"2020-05-14T22:33:54+00:00\" \/>\n<meta property=\"og:image\" content=\"https:\/\/noticiasemdestaque.com\/cd\/wp-content\/uploads\/2020\/05\/BARREIRA-SANIT\u00c1RIA-4.jpg\" \/>\n\t<meta property=\"og:image:width\" content=\"477\" \/>\n\t<meta property=\"og:image:height\" content=\"340\" \/>\n\t<meta property=\"og:image:type\" content=\"image\/jpeg\" \/>\n<meta name=\"author\" content=\"Not\u00edcias em Destaque\" \/>\n<meta name=\"twitter:card\" content=\"summary_large_image\" \/>\n<meta name=\"twitter:label1\" content=\"Escrito por\" \/>\n\t<meta name=\"twitter:data1\" content=\"Not\u00edcias em Destaque\" \/>\n\t<meta name=\"twitter:label2\" content=\"Est. tempo de leitura\" \/>\n\t<meta name=\"twitter:data2\" content=\"1 minuto\" \/>\n<script type=\"application\/ld+json\" class=\"yoast-schema-graph\">{\"@context\":\"https:\/\/schema.org\",\"@graph\":[{\"@type\":\"Article\",\"@id\":\"https:\/\/noticiasemdestaque.com\/cd\/?p=24902#article\",\"isPartOf\":{\"@id\":\"https:\/\/noticiasemdestaque.com\/cd\/?p=24902\"},\"author\":{\"name\":\"Not\u00edcias em Destaque\",\"@id\":\"https:\/\/noticiasemdestaque.com\/cd\/#\/schema\/person\/21320b03a7e8bb90128938dafc9b908a\"},\"headline\":\"Secretaria de Sa\u00fade de Amparo realizou mais uma Barreira Sanit\u00e1ria\",\"datePublished\":\"2020-05-14T22:33:54+00:00\",\"mainEntityOfPage\":{\"@id\":\"https:\/\/noticiasemdestaque.com\/cd\/?p=24902\"},\"wordCount\":201,\"publisher\":{\"@id\":\"https:\/\/noticiasemdestaque.com\/cd\/#organization\"},\"image\":{\"@id\":\"https:\/\/noticiasemdestaque.com\/cd\/?p=24902#primaryimage\"},\"thumbnailUrl\":\"https:\/\/noticiasemdestaque.com\/cd\/wp-content\/uploads\/2020\/05\/BARREIRA-SANIT\u00c1RIA-4.jpg\",\"articleSection\":[\"Geral\"],\"inLanguage\":\"pt-BR\"},{\"@type\":\"WebPage\",\"@id\":\"https:\/\/noticiasemdestaque.com\/cd\/?p=24902\",\"url\":\"https:\/\/noticiasemdestaque.com\/cd\/?p=24902\",\"name\":\"Secretaria de Sa\u00fade de Amparo realizou mais uma Barreira Sanit\u00e1ria - Not&iacute;cias em Destaque\",\"isPartOf\":{\"@id\":\"https:\/\/noticiasemdestaque.com\/cd\/#website\"},\"primaryImageOfPage\":{\"@id\":\"https:\/\/noticiasemdestaque.com\/cd\/?p=24902#primaryimage\"},\"image\":{\"@id\":\"https:\/\/noticiasemdestaque.com\/cd\/?p=24902#primaryimage\"},\"thumbnailUrl\":\"https:\/\/noticiasemdestaque.com\/cd\/wp-content\/uploads\/2020\/05\/BARREIRA-SANIT\u00c1RIA-4.jpg\",\"datePublished\":\"2020-05-14T22:33:54+00:00\",\"breadcrumb\":{\"@id\":\"https:\/\/noticiasemdestaque.com\/cd\/?p=24902#breadcrumb\"},\"inLanguage\":\"pt-BR\",\"potentialAction\":[{\"@type\":\"ReadAction\",\"target\":[\"https:\/\/noticiasemdestaque.com\/cd\/?p=24902\"]}]},{\"@type\":\"ImageObject\",\"inLanguage\":\"pt-BR\",\"@id\":\"https:\/\/noticiasemdestaque.com\/cd\/?p=24902#primaryimage\",\"url\":\"https:\/\/noticiasemdestaque.com\/cd\/wp-content\/uploads\/2020\/05\/BARREIRA-SANIT\u00c1RIA-4.jpg\",\"contentUrl\":\"https:\/\/noticiasemdestaque.com\/cd\/wp-content\/uploads\/2020\/05\/BARREIRA-SANIT\u00c1RIA-4.jpg\",\"width\":477,\"height\":340},{\"@type\":\"BreadcrumbList\",\"@id\":\"https:\/\/noticiasemdestaque.com\/cd\/?p=24902#breadcrumb\",\"itemListElement\":[{\"@type\":\"ListItem\",\"position\":1,\"name\":\"In\u00edcio\",\"item\":\"https:\/\/noticiasemdestaque.com\/cd\/\"},{\"@type\":\"ListItem\",\"position\":2,\"name\":\"Secretaria de Sa\u00fade de Amparo realizou mais uma Barreira Sanit\u00e1ria\"}]},{\"@type\":\"WebSite\",\"@id\":\"https:\/\/noticiasemdestaque.com\/cd\/#website\",\"url\":\"https:\/\/noticiasemdestaque.com\/cd\/\",\"name\":\"Not&iacute;cias em Destaque\",\"description\":\"\",\"publisher\":{\"@id\":\"https:\/\/noticiasemdestaque.com\/cd\/#organization\"},\"potentialAction\":[{\"@type\":\"SearchAction\",\"target\":{\"@type\":\"EntryPoint\",\"urlTemplate\":\"https:\/\/noticiasemdestaque.com\/cd\/?s={search_term_string}\"},\"query-input\":{\"@type\":\"PropertyValueSpecification\",\"valueRequired\":true,\"valueName\":\"search_term_string\"}}],\"inLanguage\":\"pt-BR\"},{\"@type\":\"Organization\",\"@id\":\"https:\/\/noticiasemdestaque.com\/cd\/#organization\",\"name\":\"Not\u00edcias em Destaque\",\"url\":\"https:\/\/noticiasemdestaque.com\/cd\/\",\"logo\":{\"@type\":\"ImageObject\",\"inLanguage\":\"pt-BR\",\"@id\":\"https:\/\/noticiasemdestaque.com\/cd\/#\/schema\/logo\/image\/\",\"url\":\"https:\/\/noticiasemdestaque.com\/cd\/wp-content\/uploads\/2022\/05\/imagem-base-noticiasemdestaque.png\",\"contentUrl\":\"https:\/\/noticiasemdestaque.com\/cd\/wp-content\/uploads\/2022\/05\/imagem-base-noticiasemdestaque.png\",\"width\":1200,\"height\":630,\"caption\":\"Not\u00edcias em Destaque\"},\"image\":{\"@id\":\"https:\/\/noticiasemdestaque.com\/cd\/#\/schema\/logo\/image\/\"}},{\"@type\":\"Person\",\"@id\":\"https:\/\/noticiasemdestaque.com\/cd\/#\/schema\/person\/21320b03a7e8bb90128938dafc9b908a\",\"name\":\"Not\u00edcias em Destaque\",\"url\":\"https:\/\/noticiasemdestaque.com\/cd\/?author=2\"}]}<\/script>\n<!-- \/ Yoast SEO plugin. -->","yoast_head_json":{"title":"Secretaria de Sa\u00fade de Amparo realizou mais uma Barreira Sanit\u00e1ria - Not&iacute;cias em Destaque","robots":{"index":"index","follow":"follow","max-snippet":"max-snippet:-1","max-image-preview":"max-image-preview:large","max-video-preview":"max-video-preview:-1"},"canonical":"https:\/\/noticiasemdestaque.com\/cd\/?p=24902","og_locale":"pt_BR","og_type":"article","og_title":"Secretaria de Sa\u00fade de Amparo realizou mais uma Barreira Sanit\u00e1ria - Not&iacute;cias em Destaque","og_description":"A Prefeitura de Amparo, por meio da Secretaria de Sa\u00fade e Vigil\u00e2ncia Sanit\u00e1ria Municipal realizou mais uma Barreira Sanit\u00e1ria na manh\u00e3 desta quinta-feira (14) na entrada da cidade sentido PB-248. A barreira ficou montada das 07h \u00e0s 15h devido ao fluxo intenso de pessoas vindas de outras cidades para realiza\u00e7\u00e3o de Processos Licitat\u00f3rios durante todo o dia. Duas equipes foram montadas com profissionais da sa\u00fade, uma das 07h \u00e0s 11h e outra das 11h \u00e0s 15h, onde realizaram abordagem aos ve\u00edculos, trazendo orienta\u00e7\u00f5es sobre as formas de preven\u00e7\u00e3o ao Coronav\u00edrus, fazendo a desinfec\u00e7\u00e3o dos pneus, distribui\u00e7\u00e3o de m\u00e1scaras e realizando aferi\u00e7\u00e3o de temperatura corporal. Vale ressaltar que nosso munic\u00edpio n\u00e3o existe um fluxo constante de ve\u00edculos vindos de outras cidades, por isso as barreira s\u00e3o montadas apenas quando se tem um fluxo maior. Destacamos tamb\u00e9m, que a secretaria de sa\u00fade junto com a prefeitura n\u00e3o tem medido esfor\u00e7os para manter a cidade de Amparo longe da contamina\u00e7\u00e3o do Covid-19. Not\u00edcias em Destaque Com Amparo Ligado","og_url":"https:\/\/noticiasemdestaque.com\/cd\/?p=24902","og_site_name":"Not&iacute;cias em Destaque","article_published_time":"2020-05-14T22:33:54+00:00","og_image":[{"width":477,"height":340,"url":"https:\/\/noticiasemdestaque.com\/cd\/wp-content\/uploads\/2020\/05\/BARREIRA-SANIT\u00c1RIA-4.jpg","type":"image\/jpeg"}],"author":"Not\u00edcias em Destaque","twitter_card":"summary_large_image","twitter_misc":{"Escrito por":"Not\u00edcias em Destaque","Est. tempo de leitura":"1 minuto"},"schema":{"@context":"https:\/\/schema.org","@graph":[{"@type":"Article","@id":"https:\/\/noticiasemdestaque.com\/cd\/?p=24902#article","isPartOf":{"@id":"https:\/\/noticiasemdestaque.com\/cd\/?p=24902"},"author":{"name":"Not\u00edcias em Destaque","@id":"https:\/\/noticiasemdestaque.com\/cd\/#\/schema\/person\/21320b03a7e8bb90128938dafc9b908a"},"headline":"Secretaria de Sa\u00fade de Amparo realizou mais uma Barreira Sanit\u00e1ria","datePublished":"2020-05-14T22:33:54+00:00","mainEntityOfPage":{"@id":"https:\/\/noticiasemdestaque.com\/cd\/?p=24902"},"wordCount":201,"publisher":{"@id":"https:\/\/noticiasemdestaque.com\/cd\/#organization"},"image":{"@id":"https:\/\/noticiasemdestaque.com\/cd\/?p=24902#primaryimage"},"thumbnailUrl":"https:\/\/noticiasemdestaque.com\/cd\/wp-content\/uploads\/2020\/05\/BARREIRA-SANIT\u00c1RIA-4.jpg","articleSection":["Geral"],"inLanguage":"pt-BR"},{"@type":"WebPage","@id":"https:\/\/noticiasemdestaque.com\/cd\/?p=24902","url":"https:\/\/noticiasemdestaque.com\/cd\/?p=24902","name":"Secretaria de Sa\u00fade de Amparo realizou mais uma Barreira Sanit\u00e1ria - Not&iacute;cias em Destaque","isPartOf":{"@id":"https:\/\/noticiasemdestaque.com\/cd\/#website"},"primaryImageOfPage":{"@id":"https:\/\/noticiasemdestaque.com\/cd\/?p=24902#primaryimage"},"image":{"@id":"https:\/\/noticiasemdestaque.com\/cd\/?p=24902#primaryimage"},"thumbnailUrl":"https:\/\/noticiasemdestaque.com\/cd\/wp-content\/uploads\/2020\/05\/BARREIRA-SANIT\u00c1RIA-4.jpg","datePublished":"2020-05-14T22:33:54+00:00","breadcrumb":{"@id":"https:\/\/noticiasemdestaque.com\/cd\/?p=24902#breadcrumb"},"inLanguage":"pt-BR","potentialAction":[{"@type":"ReadAction","target":["https:\/\/noticiasemdestaque.com\/cd\/?p=24902"]}]},{"@type":"ImageObject","inLanguage":"pt-BR","@id":"https:\/\/noticiasemdestaque.com\/cd\/?p=24902#primaryimage","url":"https:\/\/noticiasemdestaque.com\/cd\/wp-content\/uploads\/2020\/05\/BARREIRA-SANIT\u00c1RIA-4.jpg","contentUrl":"https:\/\/noticiasemdestaque.com\/cd\/wp-content\/uploads\/2020\/05\/BARREIRA-SANIT\u00c1RIA-4.jpg","width":477,"height":340},{"@type":"BreadcrumbList","@id":"https:\/\/noticiasemdestaque.com\/cd\/?p=24902#breadcrumb","itemListElement":[{"@type":"ListItem","position":1,"name":"In\u00edcio","item":"https:\/\/noticiasemdestaque.com\/cd\/"},{"@type":"ListItem","position":2,"name":"Secretaria de Sa\u00fade de Amparo realizou mais uma Barreira Sanit\u00e1ria"}]},{"@type":"WebSite","@id":"https:\/\/noticiasemdestaque.com\/cd\/#website","url":"https:\/\/noticiasemdestaque.com\/cd\/","name":"Not&iacute;cias em Destaque","description":"","publisher":{"@id":"https:\/\/noticiasemdestaque.com\/cd\/#organization"},"potentialAction":[{"@type":"SearchAction","target":{"@type":"EntryPoint","urlTemplate":"https:\/\/noticiasemdestaque.com\/cd\/?s={search_term_string}"},"query-input":{"@type":"PropertyValueSpecification","valueRequired":true,"valueName":"search_term_string"}}],"inLanguage":"pt-BR"},{"@type":"Organization","@id":"https:\/\/noticiasemdestaque.com\/cd\/#organization","name":"Not\u00edcias em Destaque","url":"https:\/\/noticiasemdestaque.com\/cd\/","logo":{"@type":"ImageObject","inLanguage":"pt-BR","@id":"https:\/\/noticiasemdestaque.com\/cd\/#\/schema\/logo\/image\/","url":"https:\/\/noticiasemdestaque.com\/cd\/wp-content\/uploads\/2022\/05\/imagem-base-noticiasemdestaque.png","contentUrl":"https:\/\/noticiasemdestaque.com\/cd\/wp-content\/uploads\/2022\/05\/imagem-base-noticiasemdestaque.png","width":1200,"height":630,"caption":"Not\u00edcias em Destaque"},"image":{"@id":"https:\/\/noticiasemdestaque.com\/cd\/#\/schema\/logo\/image\/"}},{"@type":"Person","@id":"https:\/\/noticiasemdestaque.com\/cd\/#\/schema\/person\/21320b03a7e8bb90128938dafc9b908a","name":"Not\u00edcias em Destaque","url":"https:\/\/noticiasemdestaque.com\/cd\/?author=2"}]}},"jetpack_featured_media_url":"https:\/\/noticiasemdestaque.com\/cd\/wp-content\/uploads\/2020\/05\/BARREIRA-SANIT\u00c1RIA-4.jpg","jetpack_sharing_enabled":true,"_links":{"self":[{"href":"https:\/\/noticiasemdestaque.com\/cd\/index.php?rest_route=\/wp\/v2\/posts\/24902","targetHints":{"allow":["GET"]}}],"collection":[{"href":"https:\/\/noticiasemdestaque.com\/cd\/index.php?rest_route=\/wp\/v2\/posts"}],"about":[{"href":"https:\/\/noticiasemdestaque.com\/cd\/index.php?rest_route=\/wp\/v2\/types\/post"}],"author":[{"embeddable":true,"href":"https:\/\/noticiasemdestaque.com\/cd\/index.php?rest_route=\/wp\/v2\/users\/2"}],"replies":[{"embeddable":true,"href":"https:\/\/noticiasemdestaque.com\/cd\/index.php?rest_route=%2Fwp%2Fv2%2Fcomments&post=24902"}],"version-history":[{"count":1,"href":"https:\/\/noticiasemdestaque.com\/cd\/index.php?rest_route=\/wp\/v2\/posts\/24902\/revisions"}],"predecessor-version":[{"id":24904,"href":"https:\/\/noticiasemdestaque.com\/cd\/index.php?rest_route=\/wp\/v2\/posts\/24902\/revisions\/24904"}],"wp:featuredmedia":[{"embeddable":true,"href":"https:\/\/noticiasemdestaque.com\/cd\/index.php?rest_route=\/wp\/v2\/media\/24903"}],"wp:attachment":[{"href":"https:\/\/noticiasemdestaque.com\/cd\/index.php?rest_route=%2Fwp%2Fv2%2Fmedia&parent=24902"}],"wp:term":[{"taxonomy":"category","embeddable":true,"href":"https:\/\/noticiasemdestaque.com\/cd\/index.php?rest_route=%2Fwp%2Fv2%2Fcategories&post=24902"},{"taxonomy":"post_tag","embeddable":true,"href":"https:\/\/noticiasemdestaque.com\/cd\/index.php?rest_route=%2Fwp%2Fv2%2Ftags&post=24902"}],"curies":[{"name":"wp","href":"https:\/\/api.w.org\/{rel}","templated":true}]}}