{"id":24879,"date":"2020-05-14T18:13:09","date_gmt":"2020-05-14T21:13:09","guid":{"rendered":"http:\/\/noticiasemdestaque.com\/cd\/?p=24879"},"modified":"2020-05-14T18:13:09","modified_gmt":"2020-05-14T21:13:09","slug":"coronavirus-prefeitura-de-sume-determina-medidas-de-prevencao-para-velorios-e-sepultamentos","status":"publish","type":"post","link":"https:\/\/noticiasemdestaque.com\/cd\/?p=24879","title":{"rendered":"Coronav\u00edrus: Prefeitura de Sum\u00e9 determina medidas de preven\u00e7\u00e3o para vel\u00f3rios e sepultamentos"},"content":{"rendered":"<p><a href=\"https:\/\/noticiasemdestaque.com\/cd\/wp-content\/uploads\/2020\/05\/IMG-20191101-WA0010-1-735x450.jpg\"><img fetchpriority=\"high\" decoding=\"async\" class=\"wp-image-24880 aligncenter\" src=\"https:\/\/noticiasemdestaque.com\/cd\/wp-content\/uploads\/2020\/05\/IMG-20191101-WA0010-1-735x450.jpg\" alt=\"\" width=\"604\" height=\"370\" srcset=\"https:\/\/noticiasemdestaque.com\/cd\/wp-content\/uploads\/2020\/05\/IMG-20191101-WA0010-1-735x450.jpg 735w, https:\/\/noticiasemdestaque.com\/cd\/wp-content\/uploads\/2020\/05\/IMG-20191101-WA0010-1-735x450-300x184.jpg 300w\" sizes=\"(max-width: 604px) 100vw, 604px\" \/><\/a><\/p>\n<p>O prefeito \u00c9den Duarte, adotou mais uma medida de preven\u00e7\u00e3o para evitar o cont\u00e1gio da Covid-19, no munic\u00edpio de Sum\u00e9.<\/p>\n<p>Nesta quinta-feira (14) foi expedido o decreto 1.328\/2020, que estabelece recomenda\u00e7\u00f5es para a realiza\u00e7\u00e3o de\u00a0<strong>vel\u00f3rios<\/strong>,\u00a0<strong>funerais e sepultamentos<\/strong>, sejam p\u00fablicos ou privados, de acordo com as medidas de preven\u00e7\u00e3o ao novo coronav\u00edrus.<\/p>\n<p>O decreto passa a valer a partir desta quinta-feira (14) e os servi\u00e7os dever\u00e3o seguir as seguintes recomenda\u00e7\u00f5es:<\/p>\n<p>1 \u2013 disponibilizar \u00e1gua, sab\u00e3o, papel toalha e \u00e1lcool gel a 70% para higieniza\u00e7\u00e3o das m\u00e3os durante todo o vel\u00f3rio;<\/p>\n<p>2 \u2013 disponibilizar a urna (caix\u00e3o) em local aberto ou ventilado;<\/p>\n<p>3 \u2013 evitar, especialmente, a presen\u00e7a de pessoas que perten\u00e7am ao grupo de risco para agravamento da COVID-19: idade igual ou superior a 60 anos, gestantes, lactantes, portadores de doen\u00e7as cr\u00f4nicas e imunodeprimidos;<\/p>\n<p>4 \u2013 n\u00e3o permitir a presen\u00e7a de pessoas com sintomas respirat\u00f3rios. Caso seja imprescind\u00edvel, elas devem usar m\u00e1scara cir\u00fargica comum, permanecendo o m\u00ednimo poss\u00edvel no local e evitar o contato f\u00edsico com os demais;<\/p>\n<p>5 \u2013 n\u00e3o permitir a disponibiliza\u00e7\u00e3o de alimentos. Para bebidas, devem-se observar as medidas de n\u00e3o compartilhamento de copos;<\/p>\n<p>6 \u2013 A cerim\u00f4nia de sepultamento n\u00e3o deve contar com aglomerado de pessoas, respeitando a dist\u00e2ncia m\u00ednima de, pelo menos, 2 (dois) metros entre elas, bem como outras medidas de distanciamento social e de etiqueta respirat\u00f3ria.<\/p>\n<p>7 \u2013 Recomenda-se que o enterro ocorra com no m\u00e1ximo 10 (dez) pessoas, em especial familiares, n\u00e3o pelo risco biol\u00f3gico do corpo, mas sim pela contraindica\u00e7\u00e3o de aglomera\u00e7\u00f5es.<\/p>\n<p>8 \u2013 N\u00e3o ser\u00e3o recomendados, durante o per\u00edodo da pandemia, vel\u00f3rios e funerais de pacientes confirmados ou suspeitos da COVID-19.<\/p>\n<p>Clique e confira:\u00a0<a href=\"https:\/\/www.sume.pb.gov.br\/wp-content\/uploads\/2020\/05\/Decreto-1.327-Estabelece-recomenda%C3%A7%C3%B5es-para-a-realiza%C3%A7%C3%A3o-de-servi%C3%A7os-p%C3%BAblicos-e-privados-de-vel%C3%B3rios-funerais-e-sepultamentos-de-acordo-com-as-medidas-de-preven%C3%A7%C3%A3o-ao-Coronavirus.pdf\">Decreto 1.327 \u2013 Estabelece recomenda\u00e7\u00f5es para a realiza\u00e7\u00e3o de servi\u00e7os p\u00fablicos e privados de vel\u00f3rios, funerais e sepultamentos, de acordo com as medidas de preven\u00e7\u00e3o ao Coronavirus<\/a><\/p>\n<p>Ascom PMS<\/p>\n","protected":false},"excerpt":{"rendered":"<p>O prefeito \u00c9den Duarte, adotou mais uma medida de preven\u00e7\u00e3o para evitar o cont\u00e1gio da Covid-19, no munic\u00edpio de Sum\u00e9. Nesta quinta-feira (14) foi expedido o decreto 1.328\/2020, que estabelece recomenda\u00e7\u00f5es para a realiza\u00e7\u00e3o de\u00a0vel\u00f3rios,\u00a0funerais e sepultamentos, sejam p\u00fablicos ou privados, de acordo com as medidas de preven\u00e7\u00e3o ao novo coronav\u00edrus. O decreto passa a valer a partir desta quinta-feira (14) e os servi\u00e7os dever\u00e3o seguir as seguintes recomenda\u00e7\u00f5es: 1 \u2013 disponibilizar \u00e1gua, sab\u00e3o, papel toalha e \u00e1lcool gel a 70% para higieniza\u00e7\u00e3o das m\u00e3os durante todo o vel\u00f3rio; 2 \u2013 disponibilizar a urna (caix\u00e3o) em local aberto ou ventilado; 3 \u2013 evitar, especialmente, a presen\u00e7a de pessoas que perten\u00e7am ao grupo de risco para agravamento da COVID-19: idade igual ou superior a 60 anos, gestantes, lactantes, portadores de doen\u00e7as cr\u00f4nicas e imunodeprimidos; 4 \u2013 n\u00e3o permitir a presen\u00e7a de pessoas com sintomas respirat\u00f3rios. Caso seja imprescind\u00edvel, elas devem usar m\u00e1scara cir\u00fargica comum, permanecendo o m\u00ednimo poss\u00edvel no local e evitar o contato f\u00edsico com os demais; 5 \u2013 n\u00e3o permitir a disponibiliza\u00e7\u00e3o de alimentos. Para bebidas, devem-se observar as medidas de n\u00e3o compartilhamento de copos; 6 \u2013 A cerim\u00f4nia de sepultamento n\u00e3o deve contar com aglomerado de pessoas, respeitando a dist\u00e2ncia m\u00ednima de, pelo menos, 2 (dois) metros entre elas, bem como outras medidas de distanciamento social e de etiqueta respirat\u00f3ria. 7 \u2013 Recomenda-se que o enterro ocorra com no m\u00e1ximo 10 (dez) pessoas, em especial familiares, n\u00e3o pelo risco biol\u00f3gico do corpo, mas sim pela contraindica\u00e7\u00e3o de aglomera\u00e7\u00f5es. 8 \u2013 N\u00e3o ser\u00e3o recomendados, durante o per\u00edodo da pandemia, vel\u00f3rios e funerais de pacientes confirmados ou suspeitos da COVID-19. Clique e confira:\u00a0Decreto 1.327 \u2013 Estabelece recomenda\u00e7\u00f5es para a realiza\u00e7\u00e3o de servi\u00e7os p\u00fablicos e privados de vel\u00f3rios, funerais e sepultamentos, de acordo com as medidas de preven\u00e7\u00e3o ao Coronavirus Ascom PMS<\/p>\n","protected":false},"author":2,"featured_media":24880,"comment_status":"closed","ping_status":"open","sticky":false,"template":"","format":"standard","meta":{"_eb_attr":"","_jetpack_memberships_contains_paid_content":false,"footnotes":""},"categories":[12],"tags":[],"class_list":["post-24879","post","type-post","status-publish","format-standard","has-post-thumbnail","hentry","category-geral"],"yoast_head":"<!-- This site is optimized with the Yoast SEO plugin v26.5 - https:\/\/yoast.com\/wordpress\/plugins\/seo\/ -->\n<title>Coronav\u00edrus: Prefeitura de Sum\u00e9 determina medidas de preven\u00e7\u00e3o para vel\u00f3rios e sepultamentos - Not&iacute;cias em Destaque<\/title>\n<meta name=\"robots\" content=\"index, follow, max-snippet:-1, max-image-preview:large, max-video-preview:-1\" \/>\n<link rel=\"canonical\" href=\"https:\/\/noticiasemdestaque.com\/cd\/?p=24879\" \/>\n<meta property=\"og:locale\" content=\"pt_BR\" \/>\n<meta property=\"og:type\" content=\"article\" \/>\n<meta property=\"og:title\" content=\"Coronav\u00edrus: Prefeitura de Sum\u00e9 determina medidas de preven\u00e7\u00e3o para vel\u00f3rios e sepultamentos - Not&iacute;cias em Destaque\" \/>\n<meta property=\"og:description\" content=\"O prefeito \u00c9den Duarte, adotou mais uma medida de preven\u00e7\u00e3o para evitar o cont\u00e1gio da Covid-19, no munic\u00edpio de Sum\u00e9. Nesta quinta-feira (14) foi expedido o decreto 1.328\/2020, que estabelece recomenda\u00e7\u00f5es para a realiza\u00e7\u00e3o de\u00a0vel\u00f3rios,\u00a0funerais e sepultamentos, sejam p\u00fablicos ou privados, de acordo com as medidas de preven\u00e7\u00e3o ao novo coronav\u00edrus. O decreto passa a valer a partir desta quinta-feira (14) e os servi\u00e7os dever\u00e3o seguir as seguintes recomenda\u00e7\u00f5es: 1 \u2013 disponibilizar \u00e1gua, sab\u00e3o, papel toalha e \u00e1lcool gel a 70% para higieniza\u00e7\u00e3o das m\u00e3os durante todo o vel\u00f3rio; 2 \u2013 disponibilizar a urna (caix\u00e3o) em local aberto ou ventilado; 3 \u2013 evitar, especialmente, a presen\u00e7a de pessoas que perten\u00e7am ao grupo de risco para agravamento da COVID-19: idade igual ou superior a 60 anos, gestantes, lactantes, portadores de doen\u00e7as cr\u00f4nicas e imunodeprimidos; 4 \u2013 n\u00e3o permitir a presen\u00e7a de pessoas com sintomas respirat\u00f3rios. Caso seja imprescind\u00edvel, elas devem usar m\u00e1scara cir\u00fargica comum, permanecendo o m\u00ednimo poss\u00edvel no local e evitar o contato f\u00edsico com os demais; 5 \u2013 n\u00e3o permitir a disponibiliza\u00e7\u00e3o de alimentos. Para bebidas, devem-se observar as medidas de n\u00e3o compartilhamento de copos; 6 \u2013 A cerim\u00f4nia de sepultamento n\u00e3o deve contar com aglomerado de pessoas, respeitando a dist\u00e2ncia m\u00ednima de, pelo menos, 2 (dois) metros entre elas, bem como outras medidas de distanciamento social e de etiqueta respirat\u00f3ria. 7 \u2013 Recomenda-se que o enterro ocorra com no m\u00e1ximo 10 (dez) pessoas, em especial familiares, n\u00e3o pelo risco biol\u00f3gico do corpo, mas sim pela contraindica\u00e7\u00e3o de aglomera\u00e7\u00f5es. 8 \u2013 N\u00e3o ser\u00e3o recomendados, durante o per\u00edodo da pandemia, vel\u00f3rios e funerais de pacientes confirmados ou suspeitos da COVID-19. Clique e confira:\u00a0Decreto 1.327 \u2013 Estabelece recomenda\u00e7\u00f5es para a realiza\u00e7\u00e3o de servi\u00e7os p\u00fablicos e privados de vel\u00f3rios, funerais e sepultamentos, de acordo com as medidas de preven\u00e7\u00e3o ao Coronavirus Ascom PMS\" \/>\n<meta property=\"og:url\" content=\"https:\/\/noticiasemdestaque.com\/cd\/?p=24879\" \/>\n<meta property=\"og:site_name\" content=\"Not&iacute;cias em Destaque\" \/>\n<meta property=\"article:published_time\" content=\"2020-05-14T21:13:09+00:00\" \/>\n<meta property=\"og:image\" content=\"https:\/\/noticiasemdestaque.com\/cd\/wp-content\/uploads\/2020\/05\/IMG-20191101-WA0010-1-735x450.jpg\" \/>\n\t<meta property=\"og:image:width\" content=\"735\" \/>\n\t<meta property=\"og:image:height\" content=\"450\" \/>\n\t<meta property=\"og:image:type\" content=\"image\/jpeg\" \/>\n<meta name=\"author\" content=\"Not\u00edcias em Destaque\" \/>\n<meta name=\"twitter:card\" content=\"summary_large_image\" \/>\n<meta name=\"twitter:label1\" content=\"Escrito por\" \/>\n\t<meta name=\"twitter:data1\" content=\"Not\u00edcias em Destaque\" \/>\n\t<meta name=\"twitter:label2\" content=\"Est. tempo de leitura\" \/>\n\t<meta name=\"twitter:data2\" content=\"2 minutos\" \/>\n<script type=\"application\/ld+json\" class=\"yoast-schema-graph\">{\"@context\":\"https:\/\/schema.org\",\"@graph\":[{\"@type\":\"Article\",\"@id\":\"https:\/\/noticiasemdestaque.com\/cd\/?p=24879#article\",\"isPartOf\":{\"@id\":\"https:\/\/noticiasemdestaque.com\/cd\/?p=24879\"},\"author\":{\"name\":\"Not\u00edcias em Destaque\",\"@id\":\"https:\/\/noticiasemdestaque.com\/cd\/#\/schema\/person\/967a459378479d4fa07976fedd8a7b5e\"},\"headline\":\"Coronav\u00edrus: Prefeitura de Sum\u00e9 determina medidas de preven\u00e7\u00e3o para vel\u00f3rios e sepultamentos\",\"datePublished\":\"2020-05-14T21:13:09+00:00\",\"mainEntityOfPage\":{\"@id\":\"https:\/\/noticiasemdestaque.com\/cd\/?p=24879\"},\"wordCount\":347,\"publisher\":{\"@id\":\"https:\/\/noticiasemdestaque.com\/cd\/#organization\"},\"image\":{\"@id\":\"https:\/\/noticiasemdestaque.com\/cd\/?p=24879#primaryimage\"},\"thumbnailUrl\":\"https:\/\/noticiasemdestaque.com\/cd\/wp-content\/uploads\/2020\/05\/IMG-20191101-WA0010-1-735x450.jpg\",\"articleSection\":[\"Geral\"],\"inLanguage\":\"pt-BR\"},{\"@type\":\"WebPage\",\"@id\":\"https:\/\/noticiasemdestaque.com\/cd\/?p=24879\",\"url\":\"https:\/\/noticiasemdestaque.com\/cd\/?p=24879\",\"name\":\"Coronav\u00edrus: Prefeitura de Sum\u00e9 determina medidas de preven\u00e7\u00e3o para vel\u00f3rios e sepultamentos - Not&iacute;cias em Destaque\",\"isPartOf\":{\"@id\":\"https:\/\/noticiasemdestaque.com\/cd\/#website\"},\"primaryImageOfPage\":{\"@id\":\"https:\/\/noticiasemdestaque.com\/cd\/?p=24879#primaryimage\"},\"image\":{\"@id\":\"https:\/\/noticiasemdestaque.com\/cd\/?p=24879#primaryimage\"},\"thumbnailUrl\":\"https:\/\/noticiasemdestaque.com\/cd\/wp-content\/uploads\/2020\/05\/IMG-20191101-WA0010-1-735x450.jpg\",\"datePublished\":\"2020-05-14T21:13:09+00:00\",\"breadcrumb\":{\"@id\":\"https:\/\/noticiasemdestaque.com\/cd\/?p=24879#breadcrumb\"},\"inLanguage\":\"pt-BR\",\"potentialAction\":[{\"@type\":\"ReadAction\",\"target\":[\"https:\/\/noticiasemdestaque.com\/cd\/?p=24879\"]}]},{\"@type\":\"ImageObject\",\"inLanguage\":\"pt-BR\",\"@id\":\"https:\/\/noticiasemdestaque.com\/cd\/?p=24879#primaryimage\",\"url\":\"https:\/\/noticiasemdestaque.com\/cd\/wp-content\/uploads\/2020\/05\/IMG-20191101-WA0010-1-735x450.jpg\",\"contentUrl\":\"https:\/\/noticiasemdestaque.com\/cd\/wp-content\/uploads\/2020\/05\/IMG-20191101-WA0010-1-735x450.jpg\",\"width\":735,\"height\":450},{\"@type\":\"BreadcrumbList\",\"@id\":\"https:\/\/noticiasemdestaque.com\/cd\/?p=24879#breadcrumb\",\"itemListElement\":[{\"@type\":\"ListItem\",\"position\":1,\"name\":\"In\u00edcio\",\"item\":\"https:\/\/noticiasemdestaque.com\/cd\/\"},{\"@type\":\"ListItem\",\"position\":2,\"name\":\"Coronav\u00edrus: Prefeitura de Sum\u00e9 determina medidas de preven\u00e7\u00e3o para vel\u00f3rios e sepultamentos\"}]},{\"@type\":\"WebSite\",\"@id\":\"https:\/\/noticiasemdestaque.com\/cd\/#website\",\"url\":\"https:\/\/noticiasemdestaque.com\/cd\/\",\"name\":\"Not&iacute;cias em Destaque\",\"description\":\"\",\"publisher\":{\"@id\":\"https:\/\/noticiasemdestaque.com\/cd\/#organization\"},\"potentialAction\":[{\"@type\":\"SearchAction\",\"target\":{\"@type\":\"EntryPoint\",\"urlTemplate\":\"https:\/\/noticiasemdestaque.com\/cd\/?s={search_term_string}\"},\"query-input\":{\"@type\":\"PropertyValueSpecification\",\"valueRequired\":true,\"valueName\":\"search_term_string\"}}],\"inLanguage\":\"pt-BR\"},{\"@type\":\"Organization\",\"@id\":\"https:\/\/noticiasemdestaque.com\/cd\/#organization\",\"name\":\"Not\u00edcias em Destaque\",\"url\":\"https:\/\/noticiasemdestaque.com\/cd\/\",\"logo\":{\"@type\":\"ImageObject\",\"inLanguage\":\"pt-BR\",\"@id\":\"https:\/\/noticiasemdestaque.com\/cd\/#\/schema\/logo\/image\/\",\"url\":\"https:\/\/noticiasemdestaque.com\/cd\/wp-content\/uploads\/2022\/05\/imagem-base-noticiasemdestaque.png\",\"contentUrl\":\"https:\/\/noticiasemdestaque.com\/cd\/wp-content\/uploads\/2022\/05\/imagem-base-noticiasemdestaque.png\",\"width\":1200,\"height\":630,\"caption\":\"Not\u00edcias em Destaque\"},\"image\":{\"@id\":\"https:\/\/noticiasemdestaque.com\/cd\/#\/schema\/logo\/image\/\"}},{\"@type\":\"Person\",\"@id\":\"https:\/\/noticiasemdestaque.com\/cd\/#\/schema\/person\/967a459378479d4fa07976fedd8a7b5e\",\"name\":\"Not\u00edcias em Destaque\",\"url\":\"https:\/\/noticiasemdestaque.com\/cd\/?author=2\"}]}<\/script>\n<!-- \/ Yoast SEO plugin. -->","yoast_head_json":{"title":"Coronav\u00edrus: Prefeitura de Sum\u00e9 determina medidas de preven\u00e7\u00e3o para vel\u00f3rios e sepultamentos - Not&iacute;cias em Destaque","robots":{"index":"index","follow":"follow","max-snippet":"max-snippet:-1","max-image-preview":"max-image-preview:large","max-video-preview":"max-video-preview:-1"},"canonical":"https:\/\/noticiasemdestaque.com\/cd\/?p=24879","og_locale":"pt_BR","og_type":"article","og_title":"Coronav\u00edrus: Prefeitura de Sum\u00e9 determina medidas de preven\u00e7\u00e3o para vel\u00f3rios e sepultamentos - Not&iacute;cias em Destaque","og_description":"O prefeito \u00c9den Duarte, adotou mais uma medida de preven\u00e7\u00e3o para evitar o cont\u00e1gio da Covid-19, no munic\u00edpio de Sum\u00e9. Nesta quinta-feira (14) foi expedido o decreto 1.328\/2020, que estabelece recomenda\u00e7\u00f5es para a realiza\u00e7\u00e3o de\u00a0vel\u00f3rios,\u00a0funerais e sepultamentos, sejam p\u00fablicos ou privados, de acordo com as medidas de preven\u00e7\u00e3o ao novo coronav\u00edrus. O decreto passa a valer a partir desta quinta-feira (14) e os servi\u00e7os dever\u00e3o seguir as seguintes recomenda\u00e7\u00f5es: 1 \u2013 disponibilizar \u00e1gua, sab\u00e3o, papel toalha e \u00e1lcool gel a 70% para higieniza\u00e7\u00e3o das m\u00e3os durante todo o vel\u00f3rio; 2 \u2013 disponibilizar a urna (caix\u00e3o) em local aberto ou ventilado; 3 \u2013 evitar, especialmente, a presen\u00e7a de pessoas que perten\u00e7am ao grupo de risco para agravamento da COVID-19: idade igual ou superior a 60 anos, gestantes, lactantes, portadores de doen\u00e7as cr\u00f4nicas e imunodeprimidos; 4 \u2013 n\u00e3o permitir a presen\u00e7a de pessoas com sintomas respirat\u00f3rios. Caso seja imprescind\u00edvel, elas devem usar m\u00e1scara cir\u00fargica comum, permanecendo o m\u00ednimo poss\u00edvel no local e evitar o contato f\u00edsico com os demais; 5 \u2013 n\u00e3o permitir a disponibiliza\u00e7\u00e3o de alimentos. Para bebidas, devem-se observar as medidas de n\u00e3o compartilhamento de copos; 6 \u2013 A cerim\u00f4nia de sepultamento n\u00e3o deve contar com aglomerado de pessoas, respeitando a dist\u00e2ncia m\u00ednima de, pelo menos, 2 (dois) metros entre elas, bem como outras medidas de distanciamento social e de etiqueta respirat\u00f3ria. 7 \u2013 Recomenda-se que o enterro ocorra com no m\u00e1ximo 10 (dez) pessoas, em especial familiares, n\u00e3o pelo risco biol\u00f3gico do corpo, mas sim pela contraindica\u00e7\u00e3o de aglomera\u00e7\u00f5es. 8 \u2013 N\u00e3o ser\u00e3o recomendados, durante o per\u00edodo da pandemia, vel\u00f3rios e funerais de pacientes confirmados ou suspeitos da COVID-19. Clique e confira:\u00a0Decreto 1.327 \u2013 Estabelece recomenda\u00e7\u00f5es para a realiza\u00e7\u00e3o de servi\u00e7os p\u00fablicos e privados de vel\u00f3rios, funerais e sepultamentos, de acordo com as medidas de preven\u00e7\u00e3o ao Coronavirus Ascom PMS","og_url":"https:\/\/noticiasemdestaque.com\/cd\/?p=24879","og_site_name":"Not&iacute;cias em Destaque","article_published_time":"2020-05-14T21:13:09+00:00","og_image":[{"width":735,"height":450,"url":"https:\/\/noticiasemdestaque.com\/cd\/wp-content\/uploads\/2020\/05\/IMG-20191101-WA0010-1-735x450.jpg","type":"image\/jpeg"}],"author":"Not\u00edcias em Destaque","twitter_card":"summary_large_image","twitter_misc":{"Escrito por":"Not\u00edcias em Destaque","Est. tempo de leitura":"2 minutos"},"schema":{"@context":"https:\/\/schema.org","@graph":[{"@type":"Article","@id":"https:\/\/noticiasemdestaque.com\/cd\/?p=24879#article","isPartOf":{"@id":"https:\/\/noticiasemdestaque.com\/cd\/?p=24879"},"author":{"name":"Not\u00edcias em Destaque","@id":"https:\/\/noticiasemdestaque.com\/cd\/#\/schema\/person\/967a459378479d4fa07976fedd8a7b5e"},"headline":"Coronav\u00edrus: Prefeitura de Sum\u00e9 determina medidas de preven\u00e7\u00e3o para vel\u00f3rios e sepultamentos","datePublished":"2020-05-14T21:13:09+00:00","mainEntityOfPage":{"@id":"https:\/\/noticiasemdestaque.com\/cd\/?p=24879"},"wordCount":347,"publisher":{"@id":"https:\/\/noticiasemdestaque.com\/cd\/#organization"},"image":{"@id":"https:\/\/noticiasemdestaque.com\/cd\/?p=24879#primaryimage"},"thumbnailUrl":"https:\/\/noticiasemdestaque.com\/cd\/wp-content\/uploads\/2020\/05\/IMG-20191101-WA0010-1-735x450.jpg","articleSection":["Geral"],"inLanguage":"pt-BR"},{"@type":"WebPage","@id":"https:\/\/noticiasemdestaque.com\/cd\/?p=24879","url":"https:\/\/noticiasemdestaque.com\/cd\/?p=24879","name":"Coronav\u00edrus: Prefeitura de Sum\u00e9 determina medidas de preven\u00e7\u00e3o para vel\u00f3rios e sepultamentos - Not&iacute;cias em Destaque","isPartOf":{"@id":"https:\/\/noticiasemdestaque.com\/cd\/#website"},"primaryImageOfPage":{"@id":"https:\/\/noticiasemdestaque.com\/cd\/?p=24879#primaryimage"},"image":{"@id":"https:\/\/noticiasemdestaque.com\/cd\/?p=24879#primaryimage"},"thumbnailUrl":"https:\/\/noticiasemdestaque.com\/cd\/wp-content\/uploads\/2020\/05\/IMG-20191101-WA0010-1-735x450.jpg","datePublished":"2020-05-14T21:13:09+00:00","breadcrumb":{"@id":"https:\/\/noticiasemdestaque.com\/cd\/?p=24879#breadcrumb"},"inLanguage":"pt-BR","potentialAction":[{"@type":"ReadAction","target":["https:\/\/noticiasemdestaque.com\/cd\/?p=24879"]}]},{"@type":"ImageObject","inLanguage":"pt-BR","@id":"https:\/\/noticiasemdestaque.com\/cd\/?p=24879#primaryimage","url":"https:\/\/noticiasemdestaque.com\/cd\/wp-content\/uploads\/2020\/05\/IMG-20191101-WA0010-1-735x450.jpg","contentUrl":"https:\/\/noticiasemdestaque.com\/cd\/wp-content\/uploads\/2020\/05\/IMG-20191101-WA0010-1-735x450.jpg","width":735,"height":450},{"@type":"BreadcrumbList","@id":"https:\/\/noticiasemdestaque.com\/cd\/?p=24879#breadcrumb","itemListElement":[{"@type":"ListItem","position":1,"name":"In\u00edcio","item":"https:\/\/noticiasemdestaque.com\/cd\/"},{"@type":"ListItem","position":2,"name":"Coronav\u00edrus: Prefeitura de Sum\u00e9 determina medidas de preven\u00e7\u00e3o para vel\u00f3rios e sepultamentos"}]},{"@type":"WebSite","@id":"https:\/\/noticiasemdestaque.com\/cd\/#website","url":"https:\/\/noticiasemdestaque.com\/cd\/","name":"Not&iacute;cias em Destaque","description":"","publisher":{"@id":"https:\/\/noticiasemdestaque.com\/cd\/#organization"},"potentialAction":[{"@type":"SearchAction","target":{"@type":"EntryPoint","urlTemplate":"https:\/\/noticiasemdestaque.com\/cd\/?s={search_term_string}"},"query-input":{"@type":"PropertyValueSpecification","valueRequired":true,"valueName":"search_term_string"}}],"inLanguage":"pt-BR"},{"@type":"Organization","@id":"https:\/\/noticiasemdestaque.com\/cd\/#organization","name":"Not\u00edcias em Destaque","url":"https:\/\/noticiasemdestaque.com\/cd\/","logo":{"@type":"ImageObject","inLanguage":"pt-BR","@id":"https:\/\/noticiasemdestaque.com\/cd\/#\/schema\/logo\/image\/","url":"https:\/\/noticiasemdestaque.com\/cd\/wp-content\/uploads\/2022\/05\/imagem-base-noticiasemdestaque.png","contentUrl":"https:\/\/noticiasemdestaque.com\/cd\/wp-content\/uploads\/2022\/05\/imagem-base-noticiasemdestaque.png","width":1200,"height":630,"caption":"Not\u00edcias em Destaque"},"image":{"@id":"https:\/\/noticiasemdestaque.com\/cd\/#\/schema\/logo\/image\/"}},{"@type":"Person","@id":"https:\/\/noticiasemdestaque.com\/cd\/#\/schema\/person\/967a459378479d4fa07976fedd8a7b5e","name":"Not\u00edcias em Destaque","url":"https:\/\/noticiasemdestaque.com\/cd\/?author=2"}]}},"jetpack_featured_media_url":"https:\/\/noticiasemdestaque.com\/cd\/wp-content\/uploads\/2020\/05\/IMG-20191101-WA0010-1-735x450.jpg","jetpack_sharing_enabled":true,"_links":{"self":[{"href":"https:\/\/noticiasemdestaque.com\/cd\/index.php?rest_route=\/wp\/v2\/posts\/24879","targetHints":{"allow":["GET"]}}],"collection":[{"href":"https:\/\/noticiasemdestaque.com\/cd\/index.php?rest_route=\/wp\/v2\/posts"}],"about":[{"href":"https:\/\/noticiasemdestaque.com\/cd\/index.php?rest_route=\/wp\/v2\/types\/post"}],"author":[{"embeddable":true,"href":"https:\/\/noticiasemdestaque.com\/cd\/index.php?rest_route=\/wp\/v2\/users\/2"}],"replies":[{"embeddable":true,"href":"https:\/\/noticiasemdestaque.com\/cd\/index.php?rest_route=%2Fwp%2Fv2%2Fcomments&post=24879"}],"version-history":[{"count":1,"href":"https:\/\/noticiasemdestaque.com\/cd\/index.php?rest_route=\/wp\/v2\/posts\/24879\/revisions"}],"predecessor-version":[{"id":24881,"href":"https:\/\/noticiasemdestaque.com\/cd\/index.php?rest_route=\/wp\/v2\/posts\/24879\/revisions\/24881"}],"wp:featuredmedia":[{"embeddable":true,"href":"https:\/\/noticiasemdestaque.com\/cd\/index.php?rest_route=\/wp\/v2\/media\/24880"}],"wp:attachment":[{"href":"https:\/\/noticiasemdestaque.com\/cd\/index.php?rest_route=%2Fwp%2Fv2%2Fmedia&parent=24879"}],"wp:term":[{"taxonomy":"category","embeddable":true,"href":"https:\/\/noticiasemdestaque.com\/cd\/index.php?rest_route=%2Fwp%2Fv2%2Fcategories&post=24879"},{"taxonomy":"post_tag","embeddable":true,"href":"https:\/\/noticiasemdestaque.com\/cd\/index.php?rest_route=%2Fwp%2Fv2%2Ftags&post=24879"}],"curies":[{"name":"wp","href":"https:\/\/api.w.org\/{rel}","templated":true}]}}