{"id":24876,"date":"2020-05-14T18:07:41","date_gmt":"2020-05-14T21:07:41","guid":{"rendered":"http:\/\/noticiasemdestaque.com\/cd\/?p=24876"},"modified":"2020-05-14T18:07:41","modified_gmt":"2020-05-14T21:07:41","slug":"prefeitura-de-sume-e-ong-afink-estao-distribuindo-mudas-de-plantas-frutiferas-e-ornamentais","status":"publish","type":"post","link":"https:\/\/noticiasemdestaque.com\/cd\/?p=24876","title":{"rendered":"Prefeitura de Sum\u00e9 e Ong AFINK est\u00e3o distribuindo mudas de plantas frut\u00edferas e ornamentais"},"content":{"rendered":"<p><a href=\"https:\/\/noticiasemdestaque.com\/cd\/wp-content\/uploads\/2020\/05\/WhatsApp-Image-2020-05-08-at-11.01.46.jpeg\"><img fetchpriority=\"high\" decoding=\"async\" class=\"wp-image-24877 aligncenter\" src=\"https:\/\/noticiasemdestaque.com\/cd\/wp-content\/uploads\/2020\/05\/WhatsApp-Image-2020-05-08-at-11.01.46-1024x768.jpeg\" alt=\"\" width=\"525\" height=\"394\" srcset=\"https:\/\/noticiasemdestaque.com\/cd\/wp-content\/uploads\/2020\/05\/WhatsApp-Image-2020-05-08-at-11.01.46-1024x768.jpeg 1024w, https:\/\/noticiasemdestaque.com\/cd\/wp-content\/uploads\/2020\/05\/WhatsApp-Image-2020-05-08-at-11.01.46-300x225.jpeg 300w, https:\/\/noticiasemdestaque.com\/cd\/wp-content\/uploads\/2020\/05\/WhatsApp-Image-2020-05-08-at-11.01.46-768x576.jpeg 768w, https:\/\/noticiasemdestaque.com\/cd\/wp-content\/uploads\/2020\/05\/WhatsApp-Image-2020-05-08-at-11.01.46-640x480.jpeg 640w, https:\/\/noticiasemdestaque.com\/cd\/wp-content\/uploads\/2020\/05\/WhatsApp-Image-2020-05-08-at-11.01.46.jpeg 1280w\" sizes=\"(max-width: 525px) 100vw, 525px\" \/><\/a><\/p>\n<p class=\"Standard\">Mudas de plantas frut\u00edferas e ornamentais nativas est\u00e3o sendo distribu\u00eddas no munic\u00edpio de Sum\u00e9, atrav\u00e9s de uma parceria firmada entre a Prefeitura de Sum\u00e9 e a ONG AFINK (Associa\u00e7\u00e3o de Forma\u00e7\u00e3o e Incentivo para o Nordeste Karente).<\/p>\n<p>Atrav\u00e9s do Projeto: \u201cMuda: Mude de Vida, Plante uma \u00c1rvore\u201d, a ONG AFINK, localizada no munic\u00edpio de Araruna \u2013 PB, tem distribu\u00eddo mudas de diversas plantas por todo Estado da Para\u00edba, contribuindo com a conserva\u00e7\u00e3o e preserva\u00e7\u00e3o do meio ambiente equilibrado no Bioma Caatinga, al\u00e9m de contribuir com a produ\u00e7\u00e3o agropecu\u00e1ria por meio de mudas de plantas que contribuem com a seguran\u00e7a e soberania alimentar de humanos e animais.<\/p>\n<p>Neste sentido, a Prefeitura de Sum\u00e9 firmou parceria com a ONG AFINK para distribui\u00e7\u00e3o de mudas\u00a0 de plantas e outras a\u00e7\u00f5es socioambientais que tamb\u00e9m ser\u00e3o desenvolvidas no munic\u00edpio de Sum\u00e9.<\/p>\n<p>Os agricultores, produtores rurais e demais interessados em receber as mudas de plantas devem se dirigir \u00e0 Secretaria de Agricultura de Sum\u00e9 e procurar os servidores respons\u00e1veis pela distribui\u00e7\u00e3o das mudas, ou podem entrar em contato com os presidentes das Associa\u00e7\u00f5es Comunit\u00e1rias Rurais do Munic\u00edpio.<\/p>\n<p>\u201cA forma\u00e7\u00e3o e manuten\u00e7\u00e3o de parcerias \u00e9 de fundamental import\u00e2ncia para as nossas a\u00e7\u00f5es, uma vez que os recursos s\u00e3o limitados e as necessidades da popula\u00e7\u00e3o ilimitadas, sem o apoio de Institui\u00e7\u00f5es como a AFINK, e outras, n\u00e3o ter\u00edamos realizado a grande quantidade de a\u00e7\u00f5es que temos feito pela popula\u00e7\u00e3o de Sum\u00e9\u201d, declarou o prefeito \u00c9den Duarte.<\/p>\n<p>Ascom PMS<\/p>\n","protected":false},"excerpt":{"rendered":"<p>Mudas de plantas frut\u00edferas e ornamentais nativas est\u00e3o sendo distribu\u00eddas no munic\u00edpio de Sum\u00e9, atrav\u00e9s de uma parceria firmada entre a Prefeitura de Sum\u00e9 e a ONG AFINK (Associa\u00e7\u00e3o de Forma\u00e7\u00e3o e Incentivo para o Nordeste Karente). Atrav\u00e9s do Projeto: \u201cMuda: Mude de Vida, Plante uma \u00c1rvore\u201d, a ONG AFINK, localizada no munic\u00edpio de Araruna \u2013 PB, tem distribu\u00eddo mudas de diversas plantas por todo Estado da Para\u00edba, contribuindo com a conserva\u00e7\u00e3o e preserva\u00e7\u00e3o do meio ambiente equilibrado no Bioma Caatinga, al\u00e9m de contribuir com a produ\u00e7\u00e3o agropecu\u00e1ria por meio de mudas de plantas que contribuem com a seguran\u00e7a e soberania alimentar de humanos e animais. Neste sentido, a Prefeitura de Sum\u00e9 firmou parceria com a ONG AFINK para distribui\u00e7\u00e3o de mudas\u00a0 de plantas e outras a\u00e7\u00f5es socioambientais que tamb\u00e9m ser\u00e3o desenvolvidas no munic\u00edpio de Sum\u00e9. Os agricultores, produtores rurais e demais interessados em receber as mudas de plantas devem se dirigir \u00e0 Secretaria de Agricultura de Sum\u00e9 e procurar os servidores respons\u00e1veis pela distribui\u00e7\u00e3o das mudas, ou podem entrar em contato com os presidentes das Associa\u00e7\u00f5es Comunit\u00e1rias Rurais do Munic\u00edpio. \u201cA forma\u00e7\u00e3o e manuten\u00e7\u00e3o de parcerias \u00e9 de fundamental import\u00e2ncia para as nossas a\u00e7\u00f5es, uma vez que os recursos s\u00e3o limitados e as necessidades da popula\u00e7\u00e3o ilimitadas, sem o apoio de Institui\u00e7\u00f5es como a AFINK, e outras, n\u00e3o ter\u00edamos realizado a grande quantidade de a\u00e7\u00f5es que temos feito pela popula\u00e7\u00e3o de Sum\u00e9\u201d, declarou o prefeito \u00c9den Duarte. Ascom PMS<\/p>\n","protected":false},"author":2,"featured_media":24877,"comment_status":"closed","ping_status":"open","sticky":false,"template":"","format":"standard","meta":{"_eb_attr":"","_jetpack_memberships_contains_paid_content":false,"footnotes":""},"categories":[3],"tags":[],"class_list":["post-24876","post","type-post","status-publish","format-standard","has-post-thumbnail","hentry","category-cidades"],"yoast_head":"<!-- This site is optimized with the Yoast SEO plugin v26.5 - https:\/\/yoast.com\/wordpress\/plugins\/seo\/ -->\n<title>Prefeitura de Sum\u00e9 e Ong AFINK est\u00e3o distribuindo mudas de plantas frut\u00edferas e ornamentais - Not&iacute;cias em Destaque<\/title>\n<meta name=\"robots\" content=\"index, follow, max-snippet:-1, max-image-preview:large, max-video-preview:-1\" \/>\n<link rel=\"canonical\" href=\"https:\/\/noticiasemdestaque.com\/cd\/?p=24876\" \/>\n<meta property=\"og:locale\" content=\"pt_BR\" \/>\n<meta property=\"og:type\" content=\"article\" \/>\n<meta property=\"og:title\" content=\"Prefeitura de Sum\u00e9 e Ong AFINK est\u00e3o distribuindo mudas de plantas frut\u00edferas e ornamentais - Not&iacute;cias em Destaque\" \/>\n<meta property=\"og:description\" content=\"Mudas de plantas frut\u00edferas e ornamentais nativas est\u00e3o sendo distribu\u00eddas no munic\u00edpio de Sum\u00e9, atrav\u00e9s de uma parceria firmada entre a Prefeitura de Sum\u00e9 e a ONG AFINK (Associa\u00e7\u00e3o de Forma\u00e7\u00e3o e Incentivo para o Nordeste Karente). Atrav\u00e9s do Projeto: \u201cMuda: Mude de Vida, Plante uma \u00c1rvore\u201d, a ONG AFINK, localizada no munic\u00edpio de Araruna \u2013 PB, tem distribu\u00eddo mudas de diversas plantas por todo Estado da Para\u00edba, contribuindo com a conserva\u00e7\u00e3o e preserva\u00e7\u00e3o do meio ambiente equilibrado no Bioma Caatinga, al\u00e9m de contribuir com a produ\u00e7\u00e3o agropecu\u00e1ria por meio de mudas de plantas que contribuem com a seguran\u00e7a e soberania alimentar de humanos e animais. Neste sentido, a Prefeitura de Sum\u00e9 firmou parceria com a ONG AFINK para distribui\u00e7\u00e3o de mudas\u00a0 de plantas e outras a\u00e7\u00f5es socioambientais que tamb\u00e9m ser\u00e3o desenvolvidas no munic\u00edpio de Sum\u00e9. Os agricultores, produtores rurais e demais interessados em receber as mudas de plantas devem se dirigir \u00e0 Secretaria de Agricultura de Sum\u00e9 e procurar os servidores respons\u00e1veis pela distribui\u00e7\u00e3o das mudas, ou podem entrar em contato com os presidentes das Associa\u00e7\u00f5es Comunit\u00e1rias Rurais do Munic\u00edpio. \u201cA forma\u00e7\u00e3o e manuten\u00e7\u00e3o de parcerias \u00e9 de fundamental import\u00e2ncia para as nossas a\u00e7\u00f5es, uma vez que os recursos s\u00e3o limitados e as necessidades da popula\u00e7\u00e3o ilimitadas, sem o apoio de Institui\u00e7\u00f5es como a AFINK, e outras, n\u00e3o ter\u00edamos realizado a grande quantidade de a\u00e7\u00f5es que temos feito pela popula\u00e7\u00e3o de Sum\u00e9\u201d, declarou o prefeito \u00c9den Duarte. Ascom PMS\" \/>\n<meta property=\"og:url\" content=\"https:\/\/noticiasemdestaque.com\/cd\/?p=24876\" \/>\n<meta property=\"og:site_name\" content=\"Not&iacute;cias em Destaque\" \/>\n<meta property=\"article:published_time\" content=\"2020-05-14T21:07:41+00:00\" \/>\n<meta property=\"og:image\" content=\"https:\/\/noticiasemdestaque.com\/cd\/wp-content\/uploads\/2020\/05\/WhatsApp-Image-2020-05-08-at-11.01.46.jpeg\" \/>\n\t<meta property=\"og:image:width\" content=\"1280\" \/>\n\t<meta property=\"og:image:height\" content=\"960\" \/>\n\t<meta property=\"og:image:type\" content=\"image\/jpeg\" \/>\n<meta name=\"author\" content=\"Not\u00edcias em Destaque\" \/>\n<meta name=\"twitter:card\" content=\"summary_large_image\" \/>\n<meta name=\"twitter:label1\" content=\"Escrito por\" \/>\n\t<meta name=\"twitter:data1\" content=\"Not\u00edcias em Destaque\" \/>\n\t<meta name=\"twitter:label2\" content=\"Est. tempo de leitura\" \/>\n\t<meta name=\"twitter:data2\" content=\"1 minuto\" \/>\n<script type=\"application\/ld+json\" class=\"yoast-schema-graph\">{\"@context\":\"https:\/\/schema.org\",\"@graph\":[{\"@type\":\"Article\",\"@id\":\"https:\/\/noticiasemdestaque.com\/cd\/?p=24876#article\",\"isPartOf\":{\"@id\":\"https:\/\/noticiasemdestaque.com\/cd\/?p=24876\"},\"author\":{\"name\":\"Not\u00edcias em Destaque\",\"@id\":\"https:\/\/noticiasemdestaque.com\/cd\/#\/schema\/person\/967a459378479d4fa07976fedd8a7b5e\"},\"headline\":\"Prefeitura de Sum\u00e9 e Ong AFINK est\u00e3o distribuindo mudas de plantas frut\u00edferas e ornamentais\",\"datePublished\":\"2020-05-14T21:07:41+00:00\",\"mainEntityOfPage\":{\"@id\":\"https:\/\/noticiasemdestaque.com\/cd\/?p=24876\"},\"wordCount\":291,\"publisher\":{\"@id\":\"https:\/\/noticiasemdestaque.com\/cd\/#organization\"},\"image\":{\"@id\":\"https:\/\/noticiasemdestaque.com\/cd\/?p=24876#primaryimage\"},\"thumbnailUrl\":\"https:\/\/noticiasemdestaque.com\/cd\/wp-content\/uploads\/2020\/05\/WhatsApp-Image-2020-05-08-at-11.01.46.jpeg\",\"articleSection\":[\"Cidades\"],\"inLanguage\":\"pt-BR\"},{\"@type\":\"WebPage\",\"@id\":\"https:\/\/noticiasemdestaque.com\/cd\/?p=24876\",\"url\":\"https:\/\/noticiasemdestaque.com\/cd\/?p=24876\",\"name\":\"Prefeitura de Sum\u00e9 e Ong AFINK est\u00e3o distribuindo mudas de plantas frut\u00edferas e ornamentais - Not&iacute;cias em Destaque\",\"isPartOf\":{\"@id\":\"https:\/\/noticiasemdestaque.com\/cd\/#website\"},\"primaryImageOfPage\":{\"@id\":\"https:\/\/noticiasemdestaque.com\/cd\/?p=24876#primaryimage\"},\"image\":{\"@id\":\"https:\/\/noticiasemdestaque.com\/cd\/?p=24876#primaryimage\"},\"thumbnailUrl\":\"https:\/\/noticiasemdestaque.com\/cd\/wp-content\/uploads\/2020\/05\/WhatsApp-Image-2020-05-08-at-11.01.46.jpeg\",\"datePublished\":\"2020-05-14T21:07:41+00:00\",\"breadcrumb\":{\"@id\":\"https:\/\/noticiasemdestaque.com\/cd\/?p=24876#breadcrumb\"},\"inLanguage\":\"pt-BR\",\"potentialAction\":[{\"@type\":\"ReadAction\",\"target\":[\"https:\/\/noticiasemdestaque.com\/cd\/?p=24876\"]}]},{\"@type\":\"ImageObject\",\"inLanguage\":\"pt-BR\",\"@id\":\"https:\/\/noticiasemdestaque.com\/cd\/?p=24876#primaryimage\",\"url\":\"https:\/\/noticiasemdestaque.com\/cd\/wp-content\/uploads\/2020\/05\/WhatsApp-Image-2020-05-08-at-11.01.46.jpeg\",\"contentUrl\":\"https:\/\/noticiasemdestaque.com\/cd\/wp-content\/uploads\/2020\/05\/WhatsApp-Image-2020-05-08-at-11.01.46.jpeg\",\"width\":1280,\"height\":960},{\"@type\":\"BreadcrumbList\",\"@id\":\"https:\/\/noticiasemdestaque.com\/cd\/?p=24876#breadcrumb\",\"itemListElement\":[{\"@type\":\"ListItem\",\"position\":1,\"name\":\"In\u00edcio\",\"item\":\"https:\/\/noticiasemdestaque.com\/cd\/\"},{\"@type\":\"ListItem\",\"position\":2,\"name\":\"Prefeitura de Sum\u00e9 e Ong AFINK est\u00e3o distribuindo mudas de plantas frut\u00edferas e ornamentais\"}]},{\"@type\":\"WebSite\",\"@id\":\"https:\/\/noticiasemdestaque.com\/cd\/#website\",\"url\":\"https:\/\/noticiasemdestaque.com\/cd\/\",\"name\":\"Not&iacute;cias em Destaque\",\"description\":\"\",\"publisher\":{\"@id\":\"https:\/\/noticiasemdestaque.com\/cd\/#organization\"},\"potentialAction\":[{\"@type\":\"SearchAction\",\"target\":{\"@type\":\"EntryPoint\",\"urlTemplate\":\"https:\/\/noticiasemdestaque.com\/cd\/?s={search_term_string}\"},\"query-input\":{\"@type\":\"PropertyValueSpecification\",\"valueRequired\":true,\"valueName\":\"search_term_string\"}}],\"inLanguage\":\"pt-BR\"},{\"@type\":\"Organization\",\"@id\":\"https:\/\/noticiasemdestaque.com\/cd\/#organization\",\"name\":\"Not\u00edcias em Destaque\",\"url\":\"https:\/\/noticiasemdestaque.com\/cd\/\",\"logo\":{\"@type\":\"ImageObject\",\"inLanguage\":\"pt-BR\",\"@id\":\"https:\/\/noticiasemdestaque.com\/cd\/#\/schema\/logo\/image\/\",\"url\":\"https:\/\/noticiasemdestaque.com\/cd\/wp-content\/uploads\/2022\/05\/imagem-base-noticiasemdestaque.png\",\"contentUrl\":\"https:\/\/noticiasemdestaque.com\/cd\/wp-content\/uploads\/2022\/05\/imagem-base-noticiasemdestaque.png\",\"width\":1200,\"height\":630,\"caption\":\"Not\u00edcias em Destaque\"},\"image\":{\"@id\":\"https:\/\/noticiasemdestaque.com\/cd\/#\/schema\/logo\/image\/\"}},{\"@type\":\"Person\",\"@id\":\"https:\/\/noticiasemdestaque.com\/cd\/#\/schema\/person\/967a459378479d4fa07976fedd8a7b5e\",\"name\":\"Not\u00edcias em Destaque\",\"url\":\"https:\/\/noticiasemdestaque.com\/cd\/?author=2\"}]}<\/script>\n<!-- \/ Yoast SEO plugin. -->","yoast_head_json":{"title":"Prefeitura de Sum\u00e9 e Ong AFINK est\u00e3o distribuindo mudas de plantas frut\u00edferas e ornamentais - Not&iacute;cias em Destaque","robots":{"index":"index","follow":"follow","max-snippet":"max-snippet:-1","max-image-preview":"max-image-preview:large","max-video-preview":"max-video-preview:-1"},"canonical":"https:\/\/noticiasemdestaque.com\/cd\/?p=24876","og_locale":"pt_BR","og_type":"article","og_title":"Prefeitura de Sum\u00e9 e Ong AFINK est\u00e3o distribuindo mudas de plantas frut\u00edferas e ornamentais - Not&iacute;cias em Destaque","og_description":"Mudas de plantas frut\u00edferas e ornamentais nativas est\u00e3o sendo distribu\u00eddas no munic\u00edpio de Sum\u00e9, atrav\u00e9s de uma parceria firmada entre a Prefeitura de Sum\u00e9 e a ONG AFINK (Associa\u00e7\u00e3o de Forma\u00e7\u00e3o e Incentivo para o Nordeste Karente). Atrav\u00e9s do Projeto: \u201cMuda: Mude de Vida, Plante uma \u00c1rvore\u201d, a ONG AFINK, localizada no munic\u00edpio de Araruna \u2013 PB, tem distribu\u00eddo mudas de diversas plantas por todo Estado da Para\u00edba, contribuindo com a conserva\u00e7\u00e3o e preserva\u00e7\u00e3o do meio ambiente equilibrado no Bioma Caatinga, al\u00e9m de contribuir com a produ\u00e7\u00e3o agropecu\u00e1ria por meio de mudas de plantas que contribuem com a seguran\u00e7a e soberania alimentar de humanos e animais. Neste sentido, a Prefeitura de Sum\u00e9 firmou parceria com a ONG AFINK para distribui\u00e7\u00e3o de mudas\u00a0 de plantas e outras a\u00e7\u00f5es socioambientais que tamb\u00e9m ser\u00e3o desenvolvidas no munic\u00edpio de Sum\u00e9. Os agricultores, produtores rurais e demais interessados em receber as mudas de plantas devem se dirigir \u00e0 Secretaria de Agricultura de Sum\u00e9 e procurar os servidores respons\u00e1veis pela distribui\u00e7\u00e3o das mudas, ou podem entrar em contato com os presidentes das Associa\u00e7\u00f5es Comunit\u00e1rias Rurais do Munic\u00edpio. \u201cA forma\u00e7\u00e3o e manuten\u00e7\u00e3o de parcerias \u00e9 de fundamental import\u00e2ncia para as nossas a\u00e7\u00f5es, uma vez que os recursos s\u00e3o limitados e as necessidades da popula\u00e7\u00e3o ilimitadas, sem o apoio de Institui\u00e7\u00f5es como a AFINK, e outras, n\u00e3o ter\u00edamos realizado a grande quantidade de a\u00e7\u00f5es que temos feito pela popula\u00e7\u00e3o de Sum\u00e9\u201d, declarou o prefeito \u00c9den Duarte. Ascom PMS","og_url":"https:\/\/noticiasemdestaque.com\/cd\/?p=24876","og_site_name":"Not&iacute;cias em Destaque","article_published_time":"2020-05-14T21:07:41+00:00","og_image":[{"width":1280,"height":960,"url":"https:\/\/noticiasemdestaque.com\/cd\/wp-content\/uploads\/2020\/05\/WhatsApp-Image-2020-05-08-at-11.01.46.jpeg","type":"image\/jpeg"}],"author":"Not\u00edcias em Destaque","twitter_card":"summary_large_image","twitter_misc":{"Escrito por":"Not\u00edcias em Destaque","Est. tempo de leitura":"1 minuto"},"schema":{"@context":"https:\/\/schema.org","@graph":[{"@type":"Article","@id":"https:\/\/noticiasemdestaque.com\/cd\/?p=24876#article","isPartOf":{"@id":"https:\/\/noticiasemdestaque.com\/cd\/?p=24876"},"author":{"name":"Not\u00edcias em Destaque","@id":"https:\/\/noticiasemdestaque.com\/cd\/#\/schema\/person\/967a459378479d4fa07976fedd8a7b5e"},"headline":"Prefeitura de Sum\u00e9 e Ong AFINK est\u00e3o distribuindo mudas de plantas frut\u00edferas e ornamentais","datePublished":"2020-05-14T21:07:41+00:00","mainEntityOfPage":{"@id":"https:\/\/noticiasemdestaque.com\/cd\/?p=24876"},"wordCount":291,"publisher":{"@id":"https:\/\/noticiasemdestaque.com\/cd\/#organization"},"image":{"@id":"https:\/\/noticiasemdestaque.com\/cd\/?p=24876#primaryimage"},"thumbnailUrl":"https:\/\/noticiasemdestaque.com\/cd\/wp-content\/uploads\/2020\/05\/WhatsApp-Image-2020-05-08-at-11.01.46.jpeg","articleSection":["Cidades"],"inLanguage":"pt-BR"},{"@type":"WebPage","@id":"https:\/\/noticiasemdestaque.com\/cd\/?p=24876","url":"https:\/\/noticiasemdestaque.com\/cd\/?p=24876","name":"Prefeitura de Sum\u00e9 e Ong AFINK est\u00e3o distribuindo mudas de plantas frut\u00edferas e ornamentais - Not&iacute;cias em Destaque","isPartOf":{"@id":"https:\/\/noticiasemdestaque.com\/cd\/#website"},"primaryImageOfPage":{"@id":"https:\/\/noticiasemdestaque.com\/cd\/?p=24876#primaryimage"},"image":{"@id":"https:\/\/noticiasemdestaque.com\/cd\/?p=24876#primaryimage"},"thumbnailUrl":"https:\/\/noticiasemdestaque.com\/cd\/wp-content\/uploads\/2020\/05\/WhatsApp-Image-2020-05-08-at-11.01.46.jpeg","datePublished":"2020-05-14T21:07:41+00:00","breadcrumb":{"@id":"https:\/\/noticiasemdestaque.com\/cd\/?p=24876#breadcrumb"},"inLanguage":"pt-BR","potentialAction":[{"@type":"ReadAction","target":["https:\/\/noticiasemdestaque.com\/cd\/?p=24876"]}]},{"@type":"ImageObject","inLanguage":"pt-BR","@id":"https:\/\/noticiasemdestaque.com\/cd\/?p=24876#primaryimage","url":"https:\/\/noticiasemdestaque.com\/cd\/wp-content\/uploads\/2020\/05\/WhatsApp-Image-2020-05-08-at-11.01.46.jpeg","contentUrl":"https:\/\/noticiasemdestaque.com\/cd\/wp-content\/uploads\/2020\/05\/WhatsApp-Image-2020-05-08-at-11.01.46.jpeg","width":1280,"height":960},{"@type":"BreadcrumbList","@id":"https:\/\/noticiasemdestaque.com\/cd\/?p=24876#breadcrumb","itemListElement":[{"@type":"ListItem","position":1,"name":"In\u00edcio","item":"https:\/\/noticiasemdestaque.com\/cd\/"},{"@type":"ListItem","position":2,"name":"Prefeitura de Sum\u00e9 e Ong AFINK est\u00e3o distribuindo mudas de plantas frut\u00edferas e ornamentais"}]},{"@type":"WebSite","@id":"https:\/\/noticiasemdestaque.com\/cd\/#website","url":"https:\/\/noticiasemdestaque.com\/cd\/","name":"Not&iacute;cias em Destaque","description":"","publisher":{"@id":"https:\/\/noticiasemdestaque.com\/cd\/#organization"},"potentialAction":[{"@type":"SearchAction","target":{"@type":"EntryPoint","urlTemplate":"https:\/\/noticiasemdestaque.com\/cd\/?s={search_term_string}"},"query-input":{"@type":"PropertyValueSpecification","valueRequired":true,"valueName":"search_term_string"}}],"inLanguage":"pt-BR"},{"@type":"Organization","@id":"https:\/\/noticiasemdestaque.com\/cd\/#organization","name":"Not\u00edcias em Destaque","url":"https:\/\/noticiasemdestaque.com\/cd\/","logo":{"@type":"ImageObject","inLanguage":"pt-BR","@id":"https:\/\/noticiasemdestaque.com\/cd\/#\/schema\/logo\/image\/","url":"https:\/\/noticiasemdestaque.com\/cd\/wp-content\/uploads\/2022\/05\/imagem-base-noticiasemdestaque.png","contentUrl":"https:\/\/noticiasemdestaque.com\/cd\/wp-content\/uploads\/2022\/05\/imagem-base-noticiasemdestaque.png","width":1200,"height":630,"caption":"Not\u00edcias em Destaque"},"image":{"@id":"https:\/\/noticiasemdestaque.com\/cd\/#\/schema\/logo\/image\/"}},{"@type":"Person","@id":"https:\/\/noticiasemdestaque.com\/cd\/#\/schema\/person\/967a459378479d4fa07976fedd8a7b5e","name":"Not\u00edcias em Destaque","url":"https:\/\/noticiasemdestaque.com\/cd\/?author=2"}]}},"jetpack_featured_media_url":"https:\/\/noticiasemdestaque.com\/cd\/wp-content\/uploads\/2020\/05\/WhatsApp-Image-2020-05-08-at-11.01.46.jpeg","jetpack_sharing_enabled":true,"_links":{"self":[{"href":"https:\/\/noticiasemdestaque.com\/cd\/index.php?rest_route=\/wp\/v2\/posts\/24876","targetHints":{"allow":["GET"]}}],"collection":[{"href":"https:\/\/noticiasemdestaque.com\/cd\/index.php?rest_route=\/wp\/v2\/posts"}],"about":[{"href":"https:\/\/noticiasemdestaque.com\/cd\/index.php?rest_route=\/wp\/v2\/types\/post"}],"author":[{"embeddable":true,"href":"https:\/\/noticiasemdestaque.com\/cd\/index.php?rest_route=\/wp\/v2\/users\/2"}],"replies":[{"embeddable":true,"href":"https:\/\/noticiasemdestaque.com\/cd\/index.php?rest_route=%2Fwp%2Fv2%2Fcomments&post=24876"}],"version-history":[{"count":1,"href":"https:\/\/noticiasemdestaque.com\/cd\/index.php?rest_route=\/wp\/v2\/posts\/24876\/revisions"}],"predecessor-version":[{"id":24878,"href":"https:\/\/noticiasemdestaque.com\/cd\/index.php?rest_route=\/wp\/v2\/posts\/24876\/revisions\/24878"}],"wp:featuredmedia":[{"embeddable":true,"href":"https:\/\/noticiasemdestaque.com\/cd\/index.php?rest_route=\/wp\/v2\/media\/24877"}],"wp:attachment":[{"href":"https:\/\/noticiasemdestaque.com\/cd\/index.php?rest_route=%2Fwp%2Fv2%2Fmedia&parent=24876"}],"wp:term":[{"taxonomy":"category","embeddable":true,"href":"https:\/\/noticiasemdestaque.com\/cd\/index.php?rest_route=%2Fwp%2Fv2%2Fcategories&post=24876"},{"taxonomy":"post_tag","embeddable":true,"href":"https:\/\/noticiasemdestaque.com\/cd\/index.php?rest_route=%2Fwp%2Fv2%2Ftags&post=24876"}],"curies":[{"name":"wp","href":"https:\/\/api.w.org\/{rel}","templated":true}]}}