{"id":24849,"date":"2020-05-13T08:44:13","date_gmt":"2020-05-13T11:44:13","guid":{"rendered":"http:\/\/noticiasemdestaque.com\/cd\/?p=24849"},"modified":"2020-05-13T08:44:13","modified_gmt":"2020-05-13T11:44:13","slug":"x-semana-estadual-da-luta-antimanicomial-tera-programacao-virtual-pelo-instagram","status":"publish","type":"post","link":"https:\/\/noticiasemdestaque.com\/cd\/?p=24849","title":{"rendered":"X Semana Estadual da Luta Antimanicomial ter\u00e1 programa\u00e7\u00e3o virtual pelo Instagram"},"content":{"rendered":"<p><a href=\"https:\/\/noticiasemdestaque.com\/cd\/wp-content\/uploads\/2020\/05\/WhatsApp-Image-2020-05-12-at-10.37.45.jpeg\"><img fetchpriority=\"high\" decoding=\"async\" class=\"size-full wp-image-24850 alignleft\" src=\"https:\/\/noticiasemdestaque.com\/cd\/wp-content\/uploads\/2020\/05\/WhatsApp-Image-2020-05-12-at-10.37.45.jpeg\" alt=\"\" width=\"300\" height=\"291\" \/><\/a><\/p>\n<p>A coordena\u00e7\u00e3o do Caps de Sum\u00e9 informa que levando em considera\u00e7\u00e3o o contexto atual da pandemia do novo coronav\u00edrus, n\u00e3o ser\u00e1 poss\u00edvel realizar a programa\u00e7\u00e3o da Luta Antimanicomial de forma presencial.<\/p>\n<p>Assim, o Caps de Sum\u00e9 seguir\u00e1 com a programa\u00e7\u00e3o virtual da coordena\u00e7\u00e3o estadual, que este ano traz como tema \u201cFazer marchar a liberdade quando n\u00e3o se pode ir \u00e0s ruas\u201d.<\/p>\n<p>O movimento virtual tem in\u00edcio nesta ter\u00e7a-feira, 12\/05 \u00e0s 15h, com a Live de Abertura no Instagram @lutaantimanicomial2020, a palestra ser\u00e1: \u201cLuta Antimanicomial: Uma Pol\u00edtica Necess\u00e1ria\u201d, com Iaciara Mendes, Cida Ramos e Tib\u00e9rio Limeira.<\/p>\n<p>No dia 14\/05 \u2013 Live: \u201cQuest\u00f5es sociais e sa\u00fade mental: vis\u00f5es e vivencias de um profissional da sa\u00fade mental, com Junior Eust\u00e1quio. No insta @lutaantimanicomial2020, \u00e0s 14h.<\/p>\n<p>15\/05 \u2013 Live: \u201cLuta antimanicomial e redu\u00e7\u00e3o de danos, com Domiciano Siqueira, no insta @lutaantimanicomial2020, \u00e0s 14h.<\/p>\n<p>18\/05 \u2013 Ato cultural antimanicomial, no insta @lutaantimanicomial2020, manh\u00e3 e tarde. Live: \u201cA reforma psiqui\u00e1trica e as mem\u00f3rias do cotidiano, com Leo Roque e Shirlene Queiroz, \u00e0s 18h.<\/p>\n<p>20\/05 \u2013 Cannabis e Sa\u00fade Mental, com J\u00falio Am\u00e9rico, no insta @lutaantimanicomial2020, \u00e0s 20h.<\/p>\n<p>O Dia Nacional da Luta Antimanicomial \u00e9 celebrado todos os anos em 18 de maio. O Movimento da Luta Antimanicomial se caracteriza pela luta aos direitos das pessoas com sofrimento mental. O Movimento da Luta antimanicomial faz lembrar que como todo cidad\u00e3o estas pessoas t\u00eam o direito fundamental \u00e0 liberdade, o direito a viver em sociedade, al\u00e9m do direto a receber cuidado e tratamento sem que para isto tenham que abrir m\u00e3o de seu lugar de cidad\u00e3os.<\/p>\n<p>\u201cEmbora n\u00e3o possamos estar juntos presencialmente, \u00e9 importante a nossa participa\u00e7\u00e3o para fortalecermos este movimento por uma sociedade sem manic\u00f4mios\u201d, enfatizou a coordenadora do Caps de Sum\u00e9, Lorena Marques.<\/p>\n<p><em><strong>Not\u00edcias em Destaque<\/strong><\/em><\/p>\n<p>Com Ascom\/PMS<\/p>\n","protected":false},"excerpt":{"rendered":"<p>A coordena\u00e7\u00e3o do Caps de Sum\u00e9 informa que levando em considera\u00e7\u00e3o o contexto atual da pandemia do novo coronav\u00edrus, n\u00e3o ser\u00e1 poss\u00edvel realizar a programa\u00e7\u00e3o da Luta Antimanicomial de forma presencial. Assim, o Caps de Sum\u00e9 seguir\u00e1 com a programa\u00e7\u00e3o virtual da coordena\u00e7\u00e3o estadual, que este ano traz como tema \u201cFazer marchar a liberdade quando n\u00e3o se pode ir \u00e0s ruas\u201d. O movimento virtual tem in\u00edcio nesta ter\u00e7a-feira, 12\/05 \u00e0s 15h, com a Live de Abertura no Instagram @lutaantimanicomial2020, a palestra ser\u00e1: \u201cLuta Antimanicomial: Uma Pol\u00edtica Necess\u00e1ria\u201d, com Iaciara Mendes, Cida Ramos e Tib\u00e9rio Limeira. No dia 14\/05 \u2013 Live: \u201cQuest\u00f5es sociais e sa\u00fade mental: vis\u00f5es e vivencias de um profissional da sa\u00fade mental, com Junior Eust\u00e1quio. No insta @lutaantimanicomial2020, \u00e0s 14h. 15\/05 \u2013 Live: \u201cLuta antimanicomial e redu\u00e7\u00e3o de danos, com Domiciano Siqueira, no insta @lutaantimanicomial2020, \u00e0s 14h. 18\/05 \u2013 Ato cultural antimanicomial, no insta @lutaantimanicomial2020, manh\u00e3 e tarde. Live: \u201cA reforma psiqui\u00e1trica e as mem\u00f3rias do cotidiano, com Leo Roque e Shirlene Queiroz, \u00e0s 18h. 20\/05 \u2013 Cannabis e Sa\u00fade Mental, com J\u00falio Am\u00e9rico, no insta @lutaantimanicomial2020, \u00e0s 20h. O Dia Nacional da Luta Antimanicomial \u00e9 celebrado todos os anos em 18 de maio. O Movimento da Luta Antimanicomial se caracteriza pela luta aos direitos das pessoas com sofrimento mental. O Movimento da Luta antimanicomial faz lembrar que como todo cidad\u00e3o estas pessoas t\u00eam o direito fundamental \u00e0 liberdade, o direito a viver em sociedade, al\u00e9m do direto a receber cuidado e tratamento sem que para isto tenham que abrir m\u00e3o de seu lugar de cidad\u00e3os. \u201cEmbora n\u00e3o possamos estar juntos presencialmente, \u00e9 importante a nossa participa\u00e7\u00e3o para fortalecermos este movimento por uma sociedade sem manic\u00f4mios\u201d, enfatizou a coordenadora do Caps de Sum\u00e9, Lorena Marques. Not\u00edcias em Destaque Com Ascom\/PMS<\/p>\n","protected":false},"author":2,"featured_media":24850,"comment_status":"closed","ping_status":"open","sticky":false,"template":"","format":"standard","meta":{"_eb_attr":"","_jetpack_memberships_contains_paid_content":false,"footnotes":""},"categories":[8],"tags":[],"class_list":["post-24849","post","type-post","status-publish","format-standard","has-post-thumbnail","hentry","category-saude"],"yoast_head":"<!-- This site is optimized with the Yoast SEO plugin v26.5 - https:\/\/yoast.com\/wordpress\/plugins\/seo\/ -->\n<title>X Semana Estadual da Luta Antimanicomial ter\u00e1 programa\u00e7\u00e3o virtual pelo Instagram - Not&iacute;cias em Destaque<\/title>\n<meta name=\"robots\" content=\"index, follow, max-snippet:-1, max-image-preview:large, max-video-preview:-1\" \/>\n<link rel=\"canonical\" href=\"https:\/\/noticiasemdestaque.com\/cd\/?p=24849\" \/>\n<meta property=\"og:locale\" content=\"pt_BR\" \/>\n<meta property=\"og:type\" content=\"article\" \/>\n<meta property=\"og:title\" content=\"X Semana Estadual da Luta Antimanicomial ter\u00e1 programa\u00e7\u00e3o virtual pelo Instagram - Not&iacute;cias em Destaque\" \/>\n<meta property=\"og:description\" content=\"A coordena\u00e7\u00e3o do Caps de Sum\u00e9 informa que levando em considera\u00e7\u00e3o o contexto atual da pandemia do novo coronav\u00edrus, n\u00e3o ser\u00e1 poss\u00edvel realizar a programa\u00e7\u00e3o da Luta Antimanicomial de forma presencial. Assim, o Caps de Sum\u00e9 seguir\u00e1 com a programa\u00e7\u00e3o virtual da coordena\u00e7\u00e3o estadual, que este ano traz como tema \u201cFazer marchar a liberdade quando n\u00e3o se pode ir \u00e0s ruas\u201d. O movimento virtual tem in\u00edcio nesta ter\u00e7a-feira, 12\/05 \u00e0s 15h, com a Live de Abertura no Instagram @lutaantimanicomial2020, a palestra ser\u00e1: \u201cLuta Antimanicomial: Uma Pol\u00edtica Necess\u00e1ria\u201d, com Iaciara Mendes, Cida Ramos e Tib\u00e9rio Limeira. No dia 14\/05 \u2013 Live: \u201cQuest\u00f5es sociais e sa\u00fade mental: vis\u00f5es e vivencias de um profissional da sa\u00fade mental, com Junior Eust\u00e1quio. No insta @lutaantimanicomial2020, \u00e0s 14h. 15\/05 \u2013 Live: \u201cLuta antimanicomial e redu\u00e7\u00e3o de danos, com Domiciano Siqueira, no insta @lutaantimanicomial2020, \u00e0s 14h. 18\/05 \u2013 Ato cultural antimanicomial, no insta @lutaantimanicomial2020, manh\u00e3 e tarde. Live: \u201cA reforma psiqui\u00e1trica e as mem\u00f3rias do cotidiano, com Leo Roque e Shirlene Queiroz, \u00e0s 18h. 20\/05 \u2013 Cannabis e Sa\u00fade Mental, com J\u00falio Am\u00e9rico, no insta @lutaantimanicomial2020, \u00e0s 20h. O Dia Nacional da Luta Antimanicomial \u00e9 celebrado todos os anos em 18 de maio. O Movimento da Luta Antimanicomial se caracteriza pela luta aos direitos das pessoas com sofrimento mental. O Movimento da Luta antimanicomial faz lembrar que como todo cidad\u00e3o estas pessoas t\u00eam o direito fundamental \u00e0 liberdade, o direito a viver em sociedade, al\u00e9m do direto a receber cuidado e tratamento sem que para isto tenham que abrir m\u00e3o de seu lugar de cidad\u00e3os. \u201cEmbora n\u00e3o possamos estar juntos presencialmente, \u00e9 importante a nossa participa\u00e7\u00e3o para fortalecermos este movimento por uma sociedade sem manic\u00f4mios\u201d, enfatizou a coordenadora do Caps de Sum\u00e9, Lorena Marques. Not\u00edcias em Destaque Com Ascom\/PMS\" \/>\n<meta property=\"og:url\" content=\"https:\/\/noticiasemdestaque.com\/cd\/?p=24849\" \/>\n<meta property=\"og:site_name\" content=\"Not&iacute;cias em Destaque\" \/>\n<meta property=\"article:published_time\" content=\"2020-05-13T11:44:13+00:00\" \/>\n<meta property=\"og:image\" content=\"https:\/\/noticiasemdestaque.com\/cd\/wp-content\/uploads\/2020\/05\/WhatsApp-Image-2020-05-12-at-10.37.45.jpeg\" \/>\n\t<meta property=\"og:image:width\" content=\"300\" \/>\n\t<meta property=\"og:image:height\" content=\"291\" \/>\n\t<meta property=\"og:image:type\" content=\"image\/jpeg\" \/>\n<meta name=\"author\" content=\"Not\u00edcias em Destaque\" \/>\n<meta name=\"twitter:card\" content=\"summary_large_image\" \/>\n<meta name=\"twitter:label1\" content=\"Escrito por\" \/>\n\t<meta name=\"twitter:data1\" content=\"Not\u00edcias em Destaque\" \/>\n\t<meta name=\"twitter:label2\" content=\"Est. tempo de leitura\" \/>\n\t<meta name=\"twitter:data2\" content=\"2 minutos\" \/>\n<script type=\"application\/ld+json\" class=\"yoast-schema-graph\">{\"@context\":\"https:\/\/schema.org\",\"@graph\":[{\"@type\":\"Article\",\"@id\":\"https:\/\/noticiasemdestaque.com\/cd\/?p=24849#article\",\"isPartOf\":{\"@id\":\"https:\/\/noticiasemdestaque.com\/cd\/?p=24849\"},\"author\":{\"name\":\"Not\u00edcias em Destaque\",\"@id\":\"https:\/\/noticiasemdestaque.com\/cd\/#\/schema\/person\/21320b03a7e8bb90128938dafc9b908a\"},\"headline\":\"X Semana Estadual da Luta Antimanicomial ter\u00e1 programa\u00e7\u00e3o virtual pelo Instagram\",\"datePublished\":\"2020-05-13T11:44:13+00:00\",\"mainEntityOfPage\":{\"@id\":\"https:\/\/noticiasemdestaque.com\/cd\/?p=24849\"},\"wordCount\":326,\"publisher\":{\"@id\":\"https:\/\/noticiasemdestaque.com\/cd\/#organization\"},\"image\":{\"@id\":\"https:\/\/noticiasemdestaque.com\/cd\/?p=24849#primaryimage\"},\"thumbnailUrl\":\"https:\/\/noticiasemdestaque.com\/cd\/wp-content\/uploads\/2020\/05\/WhatsApp-Image-2020-05-12-at-10.37.45.jpeg\",\"articleSection\":[\"Sa\u00fade\"],\"inLanguage\":\"pt-BR\"},{\"@type\":\"WebPage\",\"@id\":\"https:\/\/noticiasemdestaque.com\/cd\/?p=24849\",\"url\":\"https:\/\/noticiasemdestaque.com\/cd\/?p=24849\",\"name\":\"X Semana Estadual da Luta Antimanicomial ter\u00e1 programa\u00e7\u00e3o virtual pelo Instagram - Not&iacute;cias em Destaque\",\"isPartOf\":{\"@id\":\"https:\/\/noticiasemdestaque.com\/cd\/#website\"},\"primaryImageOfPage\":{\"@id\":\"https:\/\/noticiasemdestaque.com\/cd\/?p=24849#primaryimage\"},\"image\":{\"@id\":\"https:\/\/noticiasemdestaque.com\/cd\/?p=24849#primaryimage\"},\"thumbnailUrl\":\"https:\/\/noticiasemdestaque.com\/cd\/wp-content\/uploads\/2020\/05\/WhatsApp-Image-2020-05-12-at-10.37.45.jpeg\",\"datePublished\":\"2020-05-13T11:44:13+00:00\",\"breadcrumb\":{\"@id\":\"https:\/\/noticiasemdestaque.com\/cd\/?p=24849#breadcrumb\"},\"inLanguage\":\"pt-BR\",\"potentialAction\":[{\"@type\":\"ReadAction\",\"target\":[\"https:\/\/noticiasemdestaque.com\/cd\/?p=24849\"]}]},{\"@type\":\"ImageObject\",\"inLanguage\":\"pt-BR\",\"@id\":\"https:\/\/noticiasemdestaque.com\/cd\/?p=24849#primaryimage\",\"url\":\"https:\/\/noticiasemdestaque.com\/cd\/wp-content\/uploads\/2020\/05\/WhatsApp-Image-2020-05-12-at-10.37.45.jpeg\",\"contentUrl\":\"https:\/\/noticiasemdestaque.com\/cd\/wp-content\/uploads\/2020\/05\/WhatsApp-Image-2020-05-12-at-10.37.45.jpeg\",\"width\":300,\"height\":291},{\"@type\":\"BreadcrumbList\",\"@id\":\"https:\/\/noticiasemdestaque.com\/cd\/?p=24849#breadcrumb\",\"itemListElement\":[{\"@type\":\"ListItem\",\"position\":1,\"name\":\"In\u00edcio\",\"item\":\"https:\/\/noticiasemdestaque.com\/cd\/\"},{\"@type\":\"ListItem\",\"position\":2,\"name\":\"X Semana Estadual da Luta Antimanicomial ter\u00e1 programa\u00e7\u00e3o virtual pelo Instagram\"}]},{\"@type\":\"WebSite\",\"@id\":\"https:\/\/noticiasemdestaque.com\/cd\/#website\",\"url\":\"https:\/\/noticiasemdestaque.com\/cd\/\",\"name\":\"Not&iacute;cias em Destaque\",\"description\":\"\",\"publisher\":{\"@id\":\"https:\/\/noticiasemdestaque.com\/cd\/#organization\"},\"potentialAction\":[{\"@type\":\"SearchAction\",\"target\":{\"@type\":\"EntryPoint\",\"urlTemplate\":\"https:\/\/noticiasemdestaque.com\/cd\/?s={search_term_string}\"},\"query-input\":{\"@type\":\"PropertyValueSpecification\",\"valueRequired\":true,\"valueName\":\"search_term_string\"}}],\"inLanguage\":\"pt-BR\"},{\"@type\":\"Organization\",\"@id\":\"https:\/\/noticiasemdestaque.com\/cd\/#organization\",\"name\":\"Not\u00edcias em Destaque\",\"url\":\"https:\/\/noticiasemdestaque.com\/cd\/\",\"logo\":{\"@type\":\"ImageObject\",\"inLanguage\":\"pt-BR\",\"@id\":\"https:\/\/noticiasemdestaque.com\/cd\/#\/schema\/logo\/image\/\",\"url\":\"https:\/\/noticiasemdestaque.com\/cd\/wp-content\/uploads\/2022\/05\/imagem-base-noticiasemdestaque.png\",\"contentUrl\":\"https:\/\/noticiasemdestaque.com\/cd\/wp-content\/uploads\/2022\/05\/imagem-base-noticiasemdestaque.png\",\"width\":1200,\"height\":630,\"caption\":\"Not\u00edcias em Destaque\"},\"image\":{\"@id\":\"https:\/\/noticiasemdestaque.com\/cd\/#\/schema\/logo\/image\/\"}},{\"@type\":\"Person\",\"@id\":\"https:\/\/noticiasemdestaque.com\/cd\/#\/schema\/person\/21320b03a7e8bb90128938dafc9b908a\",\"name\":\"Not\u00edcias em Destaque\",\"url\":\"https:\/\/noticiasemdestaque.com\/cd\/?author=2\"}]}<\/script>\n<!-- \/ Yoast SEO plugin. -->","yoast_head_json":{"title":"X Semana Estadual da Luta Antimanicomial ter\u00e1 programa\u00e7\u00e3o virtual pelo Instagram - Not&iacute;cias em Destaque","robots":{"index":"index","follow":"follow","max-snippet":"max-snippet:-1","max-image-preview":"max-image-preview:large","max-video-preview":"max-video-preview:-1"},"canonical":"https:\/\/noticiasemdestaque.com\/cd\/?p=24849","og_locale":"pt_BR","og_type":"article","og_title":"X Semana Estadual da Luta Antimanicomial ter\u00e1 programa\u00e7\u00e3o virtual pelo Instagram - Not&iacute;cias em Destaque","og_description":"A coordena\u00e7\u00e3o do Caps de Sum\u00e9 informa que levando em considera\u00e7\u00e3o o contexto atual da pandemia do novo coronav\u00edrus, n\u00e3o ser\u00e1 poss\u00edvel realizar a programa\u00e7\u00e3o da Luta Antimanicomial de forma presencial. Assim, o Caps de Sum\u00e9 seguir\u00e1 com a programa\u00e7\u00e3o virtual da coordena\u00e7\u00e3o estadual, que este ano traz como tema \u201cFazer marchar a liberdade quando n\u00e3o se pode ir \u00e0s ruas\u201d. O movimento virtual tem in\u00edcio nesta ter\u00e7a-feira, 12\/05 \u00e0s 15h, com a Live de Abertura no Instagram @lutaantimanicomial2020, a palestra ser\u00e1: \u201cLuta Antimanicomial: Uma Pol\u00edtica Necess\u00e1ria\u201d, com Iaciara Mendes, Cida Ramos e Tib\u00e9rio Limeira. No dia 14\/05 \u2013 Live: \u201cQuest\u00f5es sociais e sa\u00fade mental: vis\u00f5es e vivencias de um profissional da sa\u00fade mental, com Junior Eust\u00e1quio. No insta @lutaantimanicomial2020, \u00e0s 14h. 15\/05 \u2013 Live: \u201cLuta antimanicomial e redu\u00e7\u00e3o de danos, com Domiciano Siqueira, no insta @lutaantimanicomial2020, \u00e0s 14h. 18\/05 \u2013 Ato cultural antimanicomial, no insta @lutaantimanicomial2020, manh\u00e3 e tarde. Live: \u201cA reforma psiqui\u00e1trica e as mem\u00f3rias do cotidiano, com Leo Roque e Shirlene Queiroz, \u00e0s 18h. 20\/05 \u2013 Cannabis e Sa\u00fade Mental, com J\u00falio Am\u00e9rico, no insta @lutaantimanicomial2020, \u00e0s 20h. O Dia Nacional da Luta Antimanicomial \u00e9 celebrado todos os anos em 18 de maio. O Movimento da Luta Antimanicomial se caracteriza pela luta aos direitos das pessoas com sofrimento mental. O Movimento da Luta antimanicomial faz lembrar que como todo cidad\u00e3o estas pessoas t\u00eam o direito fundamental \u00e0 liberdade, o direito a viver em sociedade, al\u00e9m do direto a receber cuidado e tratamento sem que para isto tenham que abrir m\u00e3o de seu lugar de cidad\u00e3os. \u201cEmbora n\u00e3o possamos estar juntos presencialmente, \u00e9 importante a nossa participa\u00e7\u00e3o para fortalecermos este movimento por uma sociedade sem manic\u00f4mios\u201d, enfatizou a coordenadora do Caps de Sum\u00e9, Lorena Marques. Not\u00edcias em Destaque Com Ascom\/PMS","og_url":"https:\/\/noticiasemdestaque.com\/cd\/?p=24849","og_site_name":"Not&iacute;cias em Destaque","article_published_time":"2020-05-13T11:44:13+00:00","og_image":[{"width":300,"height":291,"url":"https:\/\/noticiasemdestaque.com\/cd\/wp-content\/uploads\/2020\/05\/WhatsApp-Image-2020-05-12-at-10.37.45.jpeg","type":"image\/jpeg"}],"author":"Not\u00edcias em Destaque","twitter_card":"summary_large_image","twitter_misc":{"Escrito por":"Not\u00edcias em Destaque","Est. tempo de leitura":"2 minutos"},"schema":{"@context":"https:\/\/schema.org","@graph":[{"@type":"Article","@id":"https:\/\/noticiasemdestaque.com\/cd\/?p=24849#article","isPartOf":{"@id":"https:\/\/noticiasemdestaque.com\/cd\/?p=24849"},"author":{"name":"Not\u00edcias em Destaque","@id":"https:\/\/noticiasemdestaque.com\/cd\/#\/schema\/person\/21320b03a7e8bb90128938dafc9b908a"},"headline":"X Semana Estadual da Luta Antimanicomial ter\u00e1 programa\u00e7\u00e3o virtual pelo Instagram","datePublished":"2020-05-13T11:44:13+00:00","mainEntityOfPage":{"@id":"https:\/\/noticiasemdestaque.com\/cd\/?p=24849"},"wordCount":326,"publisher":{"@id":"https:\/\/noticiasemdestaque.com\/cd\/#organization"},"image":{"@id":"https:\/\/noticiasemdestaque.com\/cd\/?p=24849#primaryimage"},"thumbnailUrl":"https:\/\/noticiasemdestaque.com\/cd\/wp-content\/uploads\/2020\/05\/WhatsApp-Image-2020-05-12-at-10.37.45.jpeg","articleSection":["Sa\u00fade"],"inLanguage":"pt-BR"},{"@type":"WebPage","@id":"https:\/\/noticiasemdestaque.com\/cd\/?p=24849","url":"https:\/\/noticiasemdestaque.com\/cd\/?p=24849","name":"X Semana Estadual da Luta Antimanicomial ter\u00e1 programa\u00e7\u00e3o virtual pelo Instagram - Not&iacute;cias em Destaque","isPartOf":{"@id":"https:\/\/noticiasemdestaque.com\/cd\/#website"},"primaryImageOfPage":{"@id":"https:\/\/noticiasemdestaque.com\/cd\/?p=24849#primaryimage"},"image":{"@id":"https:\/\/noticiasemdestaque.com\/cd\/?p=24849#primaryimage"},"thumbnailUrl":"https:\/\/noticiasemdestaque.com\/cd\/wp-content\/uploads\/2020\/05\/WhatsApp-Image-2020-05-12-at-10.37.45.jpeg","datePublished":"2020-05-13T11:44:13+00:00","breadcrumb":{"@id":"https:\/\/noticiasemdestaque.com\/cd\/?p=24849#breadcrumb"},"inLanguage":"pt-BR","potentialAction":[{"@type":"ReadAction","target":["https:\/\/noticiasemdestaque.com\/cd\/?p=24849"]}]},{"@type":"ImageObject","inLanguage":"pt-BR","@id":"https:\/\/noticiasemdestaque.com\/cd\/?p=24849#primaryimage","url":"https:\/\/noticiasemdestaque.com\/cd\/wp-content\/uploads\/2020\/05\/WhatsApp-Image-2020-05-12-at-10.37.45.jpeg","contentUrl":"https:\/\/noticiasemdestaque.com\/cd\/wp-content\/uploads\/2020\/05\/WhatsApp-Image-2020-05-12-at-10.37.45.jpeg","width":300,"height":291},{"@type":"BreadcrumbList","@id":"https:\/\/noticiasemdestaque.com\/cd\/?p=24849#breadcrumb","itemListElement":[{"@type":"ListItem","position":1,"name":"In\u00edcio","item":"https:\/\/noticiasemdestaque.com\/cd\/"},{"@type":"ListItem","position":2,"name":"X Semana Estadual da Luta Antimanicomial ter\u00e1 programa\u00e7\u00e3o virtual pelo Instagram"}]},{"@type":"WebSite","@id":"https:\/\/noticiasemdestaque.com\/cd\/#website","url":"https:\/\/noticiasemdestaque.com\/cd\/","name":"Not&iacute;cias em Destaque","description":"","publisher":{"@id":"https:\/\/noticiasemdestaque.com\/cd\/#organization"},"potentialAction":[{"@type":"SearchAction","target":{"@type":"EntryPoint","urlTemplate":"https:\/\/noticiasemdestaque.com\/cd\/?s={search_term_string}"},"query-input":{"@type":"PropertyValueSpecification","valueRequired":true,"valueName":"search_term_string"}}],"inLanguage":"pt-BR"},{"@type":"Organization","@id":"https:\/\/noticiasemdestaque.com\/cd\/#organization","name":"Not\u00edcias em Destaque","url":"https:\/\/noticiasemdestaque.com\/cd\/","logo":{"@type":"ImageObject","inLanguage":"pt-BR","@id":"https:\/\/noticiasemdestaque.com\/cd\/#\/schema\/logo\/image\/","url":"https:\/\/noticiasemdestaque.com\/cd\/wp-content\/uploads\/2022\/05\/imagem-base-noticiasemdestaque.png","contentUrl":"https:\/\/noticiasemdestaque.com\/cd\/wp-content\/uploads\/2022\/05\/imagem-base-noticiasemdestaque.png","width":1200,"height":630,"caption":"Not\u00edcias em Destaque"},"image":{"@id":"https:\/\/noticiasemdestaque.com\/cd\/#\/schema\/logo\/image\/"}},{"@type":"Person","@id":"https:\/\/noticiasemdestaque.com\/cd\/#\/schema\/person\/21320b03a7e8bb90128938dafc9b908a","name":"Not\u00edcias em Destaque","url":"https:\/\/noticiasemdestaque.com\/cd\/?author=2"}]}},"jetpack_featured_media_url":"https:\/\/noticiasemdestaque.com\/cd\/wp-content\/uploads\/2020\/05\/WhatsApp-Image-2020-05-12-at-10.37.45.jpeg","jetpack_sharing_enabled":true,"_links":{"self":[{"href":"https:\/\/noticiasemdestaque.com\/cd\/index.php?rest_route=\/wp\/v2\/posts\/24849","targetHints":{"allow":["GET"]}}],"collection":[{"href":"https:\/\/noticiasemdestaque.com\/cd\/index.php?rest_route=\/wp\/v2\/posts"}],"about":[{"href":"https:\/\/noticiasemdestaque.com\/cd\/index.php?rest_route=\/wp\/v2\/types\/post"}],"author":[{"embeddable":true,"href":"https:\/\/noticiasemdestaque.com\/cd\/index.php?rest_route=\/wp\/v2\/users\/2"}],"replies":[{"embeddable":true,"href":"https:\/\/noticiasemdestaque.com\/cd\/index.php?rest_route=%2Fwp%2Fv2%2Fcomments&post=24849"}],"version-history":[{"count":1,"href":"https:\/\/noticiasemdestaque.com\/cd\/index.php?rest_route=\/wp\/v2\/posts\/24849\/revisions"}],"predecessor-version":[{"id":24851,"href":"https:\/\/noticiasemdestaque.com\/cd\/index.php?rest_route=\/wp\/v2\/posts\/24849\/revisions\/24851"}],"wp:featuredmedia":[{"embeddable":true,"href":"https:\/\/noticiasemdestaque.com\/cd\/index.php?rest_route=\/wp\/v2\/media\/24850"}],"wp:attachment":[{"href":"https:\/\/noticiasemdestaque.com\/cd\/index.php?rest_route=%2Fwp%2Fv2%2Fmedia&parent=24849"}],"wp:term":[{"taxonomy":"category","embeddable":true,"href":"https:\/\/noticiasemdestaque.com\/cd\/index.php?rest_route=%2Fwp%2Fv2%2Fcategories&post=24849"},{"taxonomy":"post_tag","embeddable":true,"href":"https:\/\/noticiasemdestaque.com\/cd\/index.php?rest_route=%2Fwp%2Fv2%2Ftags&post=24849"}],"curies":[{"name":"wp","href":"https:\/\/api.w.org\/{rel}","templated":true}]}}