{"id":24846,"date":"2020-05-13T06:43:51","date_gmt":"2020-05-13T09:43:51","guid":{"rendered":"http:\/\/noticiasemdestaque.com\/cd\/?p=24846"},"modified":"2020-05-13T06:44:17","modified_gmt":"2020-05-13T09:44:17","slug":"programa-empreender-paraiba-assina-contratos-em-sume-gurjao-prata-e-sao-jose-dos-cordeiros-nesta-quarta-feira","status":"publish","type":"post","link":"https:\/\/noticiasemdestaque.com\/cd\/?p=24846","title":{"rendered":"Programa Empreender Para\u00edba assina contratos em Sum\u00e9, Gurj\u00e3o, Prata e S\u00e3o Jos\u00e9 dos Cordeiros"},"content":{"rendered":"<p><a href=\"https:\/\/noticiasemdestaque.com\/cd\/wp-content\/uploads\/2018\/02\/empreender-normaliza-pagamentos.jpg\"><img fetchpriority=\"high\" decoding=\"async\" class=\"size-full wp-image-7742 aligncenter\" src=\"https:\/\/noticiasemdestaque.com\/cd\/wp-content\/uploads\/2018\/02\/empreender-normaliza-pagamentos.jpg\" alt=\"\" width=\"640\" height=\"480\" srcset=\"https:\/\/noticiasemdestaque.com\/cd\/wp-content\/uploads\/2018\/02\/empreender-normaliza-pagamentos.jpg 640w, https:\/\/noticiasemdestaque.com\/cd\/wp-content\/uploads\/2018\/02\/empreender-normaliza-pagamentos-300x225.jpg 300w\" sizes=\"(max-width: 640px) 100vw, 640px\" \/><\/a><\/p>\n<p>O Programa Empreender PB realiza, a partir desta quarta-feira (13) at\u00e9 sexta-feira (15), 139 assinaturas de contratos em domic\u00edlio com um investimento de R$ 884,5 mil para empreendedores de 26 munic\u00edpios do estado que desejarem iniciar um neg\u00f3cio ou ampliar um j\u00e1 existente.<\/p>\n<p>A medida foi anunciada pelo governador Jo\u00e3o Azev\u00eado e visa auxiliar os microempreendedores que enfrentam dificuldades pela falta de gera\u00e7\u00e3o de renda devido ao isolamento social provocado pela pandemia do novo coronav\u00edrus.<\/p>\n<p>Todos os empreendedores com o processo em fase de contrata\u00e7\u00e3o no Programa ser\u00e3o contatados por telefone para agendamento da visita em domic\u00edlio, respeitando a ordem de inscri\u00e7\u00e3o. A equipe alerta que todos estejam com seus telefones dispon\u00edveis e permane\u00e7am em suas casas, at\u00e9 a visita do t\u00e9cnico.<\/p>\n<p>Os empreendedores podem verificar se seu processo est\u00e1 apto para a assinatura de contrato por meio do site www.empreenderpb.pb.gov.br.<\/p>\n<p>Lista dos munic\u00edpios que ser\u00e3o atendidos (4\u00aa, 5\u00aa, 6\u00aa, 7\u00aa e 11\u00aa regi\u00f5es):<br \/>\nAguiar<br \/>\nBarra de Santa Rosa<br \/>\nCubati<br \/>\nCuit\u00e9<br \/>\nCurral Velho<br \/>\nDesterro<br \/>\n<strong>Gurj\u00e3o<\/strong><br \/>\nJur\u00fa<br \/>\nMana\u00edra<br \/>\nNova Olinda<br \/>\nNova Palmeira<br \/>\nPicu\u00ed<br \/>\n<strong>Prata<\/strong><br \/>\nSalgadinho<br \/>\nSantana de Mangueira<br \/>\nSantana dos Garrotes<br \/>\nS\u00e3o Jos\u00e9 de Caiana<br \/>\nS\u00e3o Jos\u00e9 do Bonfim<br \/>\n<strong>S\u00e3o Jos\u00e9 dos Cordeiros<\/strong><br \/>\nS\u00e3o Jos\u00e9 do Sabugi<br \/>\nS\u00e3o Mamede<br \/>\nS\u00e3o Vicente do Serid\u00f3<br \/>\nSerra Grande<br \/>\nSoss\u00eago<br \/>\n<strong>Sum\u00e9<\/strong><br \/>\nTeixeira<\/p>\n","protected":false},"excerpt":{"rendered":"<p>O Programa Empreender PB realiza, a partir desta quarta-feira (13) at\u00e9 sexta-feira (15), 139 assinaturas de contratos em domic\u00edlio com um investimento de R$ 884,5 mil para empreendedores de 26 munic\u00edpios do estado que desejarem iniciar um neg\u00f3cio ou ampliar um j\u00e1 existente. A medida foi anunciada pelo governador Jo\u00e3o Azev\u00eado e visa auxiliar os microempreendedores que enfrentam dificuldades pela falta de gera\u00e7\u00e3o de renda devido ao isolamento social provocado pela pandemia do novo coronav\u00edrus. Todos os empreendedores com o processo em fase de contrata\u00e7\u00e3o no Programa ser\u00e3o contatados por telefone para agendamento da visita em domic\u00edlio, respeitando a ordem de inscri\u00e7\u00e3o. A equipe alerta que todos estejam com seus telefones dispon\u00edveis e permane\u00e7am em suas casas, at\u00e9 a visita do t\u00e9cnico. Os empreendedores podem verificar se seu processo est\u00e1 apto para a assinatura de contrato por meio do site www.empreenderpb.pb.gov.br. Lista dos munic\u00edpios que ser\u00e3o atendidos (4\u00aa, 5\u00aa, 6\u00aa, 7\u00aa e 11\u00aa regi\u00f5es): Aguiar Barra de Santa Rosa Cubati Cuit\u00e9 Curral Velho Desterro Gurj\u00e3o Jur\u00fa Mana\u00edra Nova Olinda Nova Palmeira Picu\u00ed Prata Salgadinho Santana de Mangueira Santana dos Garrotes S\u00e3o Jos\u00e9 de Caiana S\u00e3o Jos\u00e9 do Bonfim S\u00e3o Jos\u00e9 dos Cordeiros S\u00e3o Jos\u00e9 do Sabugi S\u00e3o Mamede S\u00e3o Vicente do Serid\u00f3 Serra Grande Soss\u00eago Sum\u00e9 Teixeira<\/p>\n","protected":false},"author":2,"featured_media":7742,"comment_status":"closed","ping_status":"open","sticky":false,"template":"","format":"standard","meta":{"_eb_attr":"","_jetpack_memberships_contains_paid_content":false,"footnotes":""},"categories":[3],"tags":[],"class_list":["post-24846","post","type-post","status-publish","format-standard","has-post-thumbnail","hentry","category-cidades"],"yoast_head":"<!-- This site is optimized with the Yoast SEO plugin v26.5 - https:\/\/yoast.com\/wordpress\/plugins\/seo\/ -->\n<title>Programa Empreender Para\u00edba assina contratos em Sum\u00e9, Gurj\u00e3o, Prata e S\u00e3o Jos\u00e9 dos Cordeiros - Not&iacute;cias em Destaque<\/title>\n<meta name=\"robots\" content=\"index, follow, max-snippet:-1, max-image-preview:large, max-video-preview:-1\" \/>\n<link rel=\"canonical\" href=\"https:\/\/noticiasemdestaque.com\/cd\/?p=24846\" \/>\n<meta property=\"og:locale\" content=\"pt_BR\" \/>\n<meta property=\"og:type\" content=\"article\" \/>\n<meta property=\"og:title\" content=\"Programa Empreender Para\u00edba assina contratos em Sum\u00e9, Gurj\u00e3o, Prata e S\u00e3o Jos\u00e9 dos Cordeiros - Not&iacute;cias em Destaque\" \/>\n<meta property=\"og:description\" content=\"O Programa Empreender PB realiza, a partir desta quarta-feira (13) at\u00e9 sexta-feira (15), 139 assinaturas de contratos em domic\u00edlio com um investimento de R$ 884,5 mil para empreendedores de 26 munic\u00edpios do estado que desejarem iniciar um neg\u00f3cio ou ampliar um j\u00e1 existente. A medida foi anunciada pelo governador Jo\u00e3o Azev\u00eado e visa auxiliar os microempreendedores que enfrentam dificuldades pela falta de gera\u00e7\u00e3o de renda devido ao isolamento social provocado pela pandemia do novo coronav\u00edrus. Todos os empreendedores com o processo em fase de contrata\u00e7\u00e3o no Programa ser\u00e3o contatados por telefone para agendamento da visita em domic\u00edlio, respeitando a ordem de inscri\u00e7\u00e3o. A equipe alerta que todos estejam com seus telefones dispon\u00edveis e permane\u00e7am em suas casas, at\u00e9 a visita do t\u00e9cnico. Os empreendedores podem verificar se seu processo est\u00e1 apto para a assinatura de contrato por meio do site www.empreenderpb.pb.gov.br. Lista dos munic\u00edpios que ser\u00e3o atendidos (4\u00aa, 5\u00aa, 6\u00aa, 7\u00aa e 11\u00aa regi\u00f5es): Aguiar Barra de Santa Rosa Cubati Cuit\u00e9 Curral Velho Desterro Gurj\u00e3o Jur\u00fa Mana\u00edra Nova Olinda Nova Palmeira Picu\u00ed Prata Salgadinho Santana de Mangueira Santana dos Garrotes S\u00e3o Jos\u00e9 de Caiana S\u00e3o Jos\u00e9 do Bonfim S\u00e3o Jos\u00e9 dos Cordeiros S\u00e3o Jos\u00e9 do Sabugi S\u00e3o Mamede S\u00e3o Vicente do Serid\u00f3 Serra Grande Soss\u00eago Sum\u00e9 Teixeira\" \/>\n<meta property=\"og:url\" content=\"https:\/\/noticiasemdestaque.com\/cd\/?p=24846\" \/>\n<meta property=\"og:site_name\" content=\"Not&iacute;cias em Destaque\" \/>\n<meta property=\"article:published_time\" content=\"2020-05-13T09:43:51+00:00\" \/>\n<meta property=\"article:modified_time\" content=\"2020-05-13T09:44:17+00:00\" \/>\n<meta property=\"og:image\" content=\"https:\/\/noticiasemdestaque.com\/cd\/wp-content\/uploads\/2018\/02\/empreender-normaliza-pagamentos.jpg\" \/>\n\t<meta property=\"og:image:width\" content=\"640\" \/>\n\t<meta property=\"og:image:height\" content=\"480\" \/>\n\t<meta property=\"og:image:type\" content=\"image\/jpeg\" \/>\n<meta name=\"author\" content=\"Not\u00edcias em Destaque\" \/>\n<meta name=\"twitter:card\" content=\"summary_large_image\" \/>\n<meta name=\"twitter:label1\" content=\"Escrito por\" \/>\n\t<meta name=\"twitter:data1\" content=\"Not\u00edcias em Destaque\" \/>\n\t<meta name=\"twitter:label2\" content=\"Est. tempo de leitura\" \/>\n\t<meta name=\"twitter:data2\" content=\"1 minuto\" \/>\n<script type=\"application\/ld+json\" class=\"yoast-schema-graph\">{\"@context\":\"https:\/\/schema.org\",\"@graph\":[{\"@type\":\"Article\",\"@id\":\"https:\/\/noticiasemdestaque.com\/cd\/?p=24846#article\",\"isPartOf\":{\"@id\":\"https:\/\/noticiasemdestaque.com\/cd\/?p=24846\"},\"author\":{\"name\":\"Not\u00edcias em Destaque\",\"@id\":\"https:\/\/noticiasemdestaque.com\/cd\/#\/schema\/person\/21320b03a7e8bb90128938dafc9b908a\"},\"headline\":\"Programa Empreender Para\u00edba assina contratos em Sum\u00e9, Gurj\u00e3o, Prata e S\u00e3o Jos\u00e9 dos Cordeiros\",\"datePublished\":\"2020-05-13T09:43:51+00:00\",\"dateModified\":\"2020-05-13T09:44:17+00:00\",\"mainEntityOfPage\":{\"@id\":\"https:\/\/noticiasemdestaque.com\/cd\/?p=24846\"},\"wordCount\":244,\"publisher\":{\"@id\":\"https:\/\/noticiasemdestaque.com\/cd\/#organization\"},\"image\":{\"@id\":\"https:\/\/noticiasemdestaque.com\/cd\/?p=24846#primaryimage\"},\"thumbnailUrl\":\"https:\/\/noticiasemdestaque.com\/cd\/wp-content\/uploads\/2018\/02\/empreender-normaliza-pagamentos.jpg\",\"articleSection\":[\"Cidades\"],\"inLanguage\":\"pt-BR\"},{\"@type\":\"WebPage\",\"@id\":\"https:\/\/noticiasemdestaque.com\/cd\/?p=24846\",\"url\":\"https:\/\/noticiasemdestaque.com\/cd\/?p=24846\",\"name\":\"Programa Empreender Para\u00edba assina contratos em Sum\u00e9, Gurj\u00e3o, Prata e S\u00e3o Jos\u00e9 dos Cordeiros - Not&iacute;cias em Destaque\",\"isPartOf\":{\"@id\":\"https:\/\/noticiasemdestaque.com\/cd\/#website\"},\"primaryImageOfPage\":{\"@id\":\"https:\/\/noticiasemdestaque.com\/cd\/?p=24846#primaryimage\"},\"image\":{\"@id\":\"https:\/\/noticiasemdestaque.com\/cd\/?p=24846#primaryimage\"},\"thumbnailUrl\":\"https:\/\/noticiasemdestaque.com\/cd\/wp-content\/uploads\/2018\/02\/empreender-normaliza-pagamentos.jpg\",\"datePublished\":\"2020-05-13T09:43:51+00:00\",\"dateModified\":\"2020-05-13T09:44:17+00:00\",\"breadcrumb\":{\"@id\":\"https:\/\/noticiasemdestaque.com\/cd\/?p=24846#breadcrumb\"},\"inLanguage\":\"pt-BR\",\"potentialAction\":[{\"@type\":\"ReadAction\",\"target\":[\"https:\/\/noticiasemdestaque.com\/cd\/?p=24846\"]}]},{\"@type\":\"ImageObject\",\"inLanguage\":\"pt-BR\",\"@id\":\"https:\/\/noticiasemdestaque.com\/cd\/?p=24846#primaryimage\",\"url\":\"https:\/\/noticiasemdestaque.com\/cd\/wp-content\/uploads\/2018\/02\/empreender-normaliza-pagamentos.jpg\",\"contentUrl\":\"https:\/\/noticiasemdestaque.com\/cd\/wp-content\/uploads\/2018\/02\/empreender-normaliza-pagamentos.jpg\",\"width\":640,\"height\":480},{\"@type\":\"BreadcrumbList\",\"@id\":\"https:\/\/noticiasemdestaque.com\/cd\/?p=24846#breadcrumb\",\"itemListElement\":[{\"@type\":\"ListItem\",\"position\":1,\"name\":\"In\u00edcio\",\"item\":\"https:\/\/noticiasemdestaque.com\/cd\/\"},{\"@type\":\"ListItem\",\"position\":2,\"name\":\"Programa Empreender Para\u00edba assina contratos em Sum\u00e9, Gurj\u00e3o, Prata e S\u00e3o Jos\u00e9 dos Cordeiros\"}]},{\"@type\":\"WebSite\",\"@id\":\"https:\/\/noticiasemdestaque.com\/cd\/#website\",\"url\":\"https:\/\/noticiasemdestaque.com\/cd\/\",\"name\":\"Not&iacute;cias em Destaque\",\"description\":\"\",\"publisher\":{\"@id\":\"https:\/\/noticiasemdestaque.com\/cd\/#organization\"},\"potentialAction\":[{\"@type\":\"SearchAction\",\"target\":{\"@type\":\"EntryPoint\",\"urlTemplate\":\"https:\/\/noticiasemdestaque.com\/cd\/?s={search_term_string}\"},\"query-input\":{\"@type\":\"PropertyValueSpecification\",\"valueRequired\":true,\"valueName\":\"search_term_string\"}}],\"inLanguage\":\"pt-BR\"},{\"@type\":\"Organization\",\"@id\":\"https:\/\/noticiasemdestaque.com\/cd\/#organization\",\"name\":\"Not\u00edcias em Destaque\",\"url\":\"https:\/\/noticiasemdestaque.com\/cd\/\",\"logo\":{\"@type\":\"ImageObject\",\"inLanguage\":\"pt-BR\",\"@id\":\"https:\/\/noticiasemdestaque.com\/cd\/#\/schema\/logo\/image\/\",\"url\":\"https:\/\/noticiasemdestaque.com\/cd\/wp-content\/uploads\/2022\/05\/imagem-base-noticiasemdestaque.png\",\"contentUrl\":\"https:\/\/noticiasemdestaque.com\/cd\/wp-content\/uploads\/2022\/05\/imagem-base-noticiasemdestaque.png\",\"width\":1200,\"height\":630,\"caption\":\"Not\u00edcias em Destaque\"},\"image\":{\"@id\":\"https:\/\/noticiasemdestaque.com\/cd\/#\/schema\/logo\/image\/\"}},{\"@type\":\"Person\",\"@id\":\"https:\/\/noticiasemdestaque.com\/cd\/#\/schema\/person\/21320b03a7e8bb90128938dafc9b908a\",\"name\":\"Not\u00edcias em Destaque\",\"url\":\"https:\/\/noticiasemdestaque.com\/cd\/?author=2\"}]}<\/script>\n<!-- \/ Yoast SEO plugin. -->","yoast_head_json":{"title":"Programa Empreender Para\u00edba assina contratos em Sum\u00e9, Gurj\u00e3o, Prata e S\u00e3o Jos\u00e9 dos Cordeiros - Not&iacute;cias em Destaque","robots":{"index":"index","follow":"follow","max-snippet":"max-snippet:-1","max-image-preview":"max-image-preview:large","max-video-preview":"max-video-preview:-1"},"canonical":"https:\/\/noticiasemdestaque.com\/cd\/?p=24846","og_locale":"pt_BR","og_type":"article","og_title":"Programa Empreender Para\u00edba assina contratos em Sum\u00e9, Gurj\u00e3o, Prata e S\u00e3o Jos\u00e9 dos Cordeiros - Not&iacute;cias em Destaque","og_description":"O Programa Empreender PB realiza, a partir desta quarta-feira (13) at\u00e9 sexta-feira (15), 139 assinaturas de contratos em domic\u00edlio com um investimento de R$ 884,5 mil para empreendedores de 26 munic\u00edpios do estado que desejarem iniciar um neg\u00f3cio ou ampliar um j\u00e1 existente. A medida foi anunciada pelo governador Jo\u00e3o Azev\u00eado e visa auxiliar os microempreendedores que enfrentam dificuldades pela falta de gera\u00e7\u00e3o de renda devido ao isolamento social provocado pela pandemia do novo coronav\u00edrus. Todos os empreendedores com o processo em fase de contrata\u00e7\u00e3o no Programa ser\u00e3o contatados por telefone para agendamento da visita em domic\u00edlio, respeitando a ordem de inscri\u00e7\u00e3o. A equipe alerta que todos estejam com seus telefones dispon\u00edveis e permane\u00e7am em suas casas, at\u00e9 a visita do t\u00e9cnico. Os empreendedores podem verificar se seu processo est\u00e1 apto para a assinatura de contrato por meio do site www.empreenderpb.pb.gov.br. Lista dos munic\u00edpios que ser\u00e3o atendidos (4\u00aa, 5\u00aa, 6\u00aa, 7\u00aa e 11\u00aa regi\u00f5es): Aguiar Barra de Santa Rosa Cubati Cuit\u00e9 Curral Velho Desterro Gurj\u00e3o Jur\u00fa Mana\u00edra Nova Olinda Nova Palmeira Picu\u00ed Prata Salgadinho Santana de Mangueira Santana dos Garrotes S\u00e3o Jos\u00e9 de Caiana S\u00e3o Jos\u00e9 do Bonfim S\u00e3o Jos\u00e9 dos Cordeiros S\u00e3o Jos\u00e9 do Sabugi S\u00e3o Mamede S\u00e3o Vicente do Serid\u00f3 Serra Grande Soss\u00eago Sum\u00e9 Teixeira","og_url":"https:\/\/noticiasemdestaque.com\/cd\/?p=24846","og_site_name":"Not&iacute;cias em Destaque","article_published_time":"2020-05-13T09:43:51+00:00","article_modified_time":"2020-05-13T09:44:17+00:00","og_image":[{"width":640,"height":480,"url":"https:\/\/noticiasemdestaque.com\/cd\/wp-content\/uploads\/2018\/02\/empreender-normaliza-pagamentos.jpg","type":"image\/jpeg"}],"author":"Not\u00edcias em Destaque","twitter_card":"summary_large_image","twitter_misc":{"Escrito por":"Not\u00edcias em Destaque","Est. tempo de leitura":"1 minuto"},"schema":{"@context":"https:\/\/schema.org","@graph":[{"@type":"Article","@id":"https:\/\/noticiasemdestaque.com\/cd\/?p=24846#article","isPartOf":{"@id":"https:\/\/noticiasemdestaque.com\/cd\/?p=24846"},"author":{"name":"Not\u00edcias em Destaque","@id":"https:\/\/noticiasemdestaque.com\/cd\/#\/schema\/person\/21320b03a7e8bb90128938dafc9b908a"},"headline":"Programa Empreender Para\u00edba assina contratos em Sum\u00e9, Gurj\u00e3o, Prata e S\u00e3o Jos\u00e9 dos Cordeiros","datePublished":"2020-05-13T09:43:51+00:00","dateModified":"2020-05-13T09:44:17+00:00","mainEntityOfPage":{"@id":"https:\/\/noticiasemdestaque.com\/cd\/?p=24846"},"wordCount":244,"publisher":{"@id":"https:\/\/noticiasemdestaque.com\/cd\/#organization"},"image":{"@id":"https:\/\/noticiasemdestaque.com\/cd\/?p=24846#primaryimage"},"thumbnailUrl":"https:\/\/noticiasemdestaque.com\/cd\/wp-content\/uploads\/2018\/02\/empreender-normaliza-pagamentos.jpg","articleSection":["Cidades"],"inLanguage":"pt-BR"},{"@type":"WebPage","@id":"https:\/\/noticiasemdestaque.com\/cd\/?p=24846","url":"https:\/\/noticiasemdestaque.com\/cd\/?p=24846","name":"Programa Empreender Para\u00edba assina contratos em Sum\u00e9, Gurj\u00e3o, Prata e S\u00e3o Jos\u00e9 dos Cordeiros - Not&iacute;cias em Destaque","isPartOf":{"@id":"https:\/\/noticiasemdestaque.com\/cd\/#website"},"primaryImageOfPage":{"@id":"https:\/\/noticiasemdestaque.com\/cd\/?p=24846#primaryimage"},"image":{"@id":"https:\/\/noticiasemdestaque.com\/cd\/?p=24846#primaryimage"},"thumbnailUrl":"https:\/\/noticiasemdestaque.com\/cd\/wp-content\/uploads\/2018\/02\/empreender-normaliza-pagamentos.jpg","datePublished":"2020-05-13T09:43:51+00:00","dateModified":"2020-05-13T09:44:17+00:00","breadcrumb":{"@id":"https:\/\/noticiasemdestaque.com\/cd\/?p=24846#breadcrumb"},"inLanguage":"pt-BR","potentialAction":[{"@type":"ReadAction","target":["https:\/\/noticiasemdestaque.com\/cd\/?p=24846"]}]},{"@type":"ImageObject","inLanguage":"pt-BR","@id":"https:\/\/noticiasemdestaque.com\/cd\/?p=24846#primaryimage","url":"https:\/\/noticiasemdestaque.com\/cd\/wp-content\/uploads\/2018\/02\/empreender-normaliza-pagamentos.jpg","contentUrl":"https:\/\/noticiasemdestaque.com\/cd\/wp-content\/uploads\/2018\/02\/empreender-normaliza-pagamentos.jpg","width":640,"height":480},{"@type":"BreadcrumbList","@id":"https:\/\/noticiasemdestaque.com\/cd\/?p=24846#breadcrumb","itemListElement":[{"@type":"ListItem","position":1,"name":"In\u00edcio","item":"https:\/\/noticiasemdestaque.com\/cd\/"},{"@type":"ListItem","position":2,"name":"Programa Empreender Para\u00edba assina contratos em Sum\u00e9, Gurj\u00e3o, Prata e S\u00e3o Jos\u00e9 dos Cordeiros"}]},{"@type":"WebSite","@id":"https:\/\/noticiasemdestaque.com\/cd\/#website","url":"https:\/\/noticiasemdestaque.com\/cd\/","name":"Not&iacute;cias em Destaque","description":"","publisher":{"@id":"https:\/\/noticiasemdestaque.com\/cd\/#organization"},"potentialAction":[{"@type":"SearchAction","target":{"@type":"EntryPoint","urlTemplate":"https:\/\/noticiasemdestaque.com\/cd\/?s={search_term_string}"},"query-input":{"@type":"PropertyValueSpecification","valueRequired":true,"valueName":"search_term_string"}}],"inLanguage":"pt-BR"},{"@type":"Organization","@id":"https:\/\/noticiasemdestaque.com\/cd\/#organization","name":"Not\u00edcias em Destaque","url":"https:\/\/noticiasemdestaque.com\/cd\/","logo":{"@type":"ImageObject","inLanguage":"pt-BR","@id":"https:\/\/noticiasemdestaque.com\/cd\/#\/schema\/logo\/image\/","url":"https:\/\/noticiasemdestaque.com\/cd\/wp-content\/uploads\/2022\/05\/imagem-base-noticiasemdestaque.png","contentUrl":"https:\/\/noticiasemdestaque.com\/cd\/wp-content\/uploads\/2022\/05\/imagem-base-noticiasemdestaque.png","width":1200,"height":630,"caption":"Not\u00edcias em Destaque"},"image":{"@id":"https:\/\/noticiasemdestaque.com\/cd\/#\/schema\/logo\/image\/"}},{"@type":"Person","@id":"https:\/\/noticiasemdestaque.com\/cd\/#\/schema\/person\/21320b03a7e8bb90128938dafc9b908a","name":"Not\u00edcias em Destaque","url":"https:\/\/noticiasemdestaque.com\/cd\/?author=2"}]}},"jetpack_featured_media_url":"https:\/\/noticiasemdestaque.com\/cd\/wp-content\/uploads\/2018\/02\/empreender-normaliza-pagamentos.jpg","jetpack_sharing_enabled":true,"_links":{"self":[{"href":"https:\/\/noticiasemdestaque.com\/cd\/index.php?rest_route=\/wp\/v2\/posts\/24846","targetHints":{"allow":["GET"]}}],"collection":[{"href":"https:\/\/noticiasemdestaque.com\/cd\/index.php?rest_route=\/wp\/v2\/posts"}],"about":[{"href":"https:\/\/noticiasemdestaque.com\/cd\/index.php?rest_route=\/wp\/v2\/types\/post"}],"author":[{"embeddable":true,"href":"https:\/\/noticiasemdestaque.com\/cd\/index.php?rest_route=\/wp\/v2\/users\/2"}],"replies":[{"embeddable":true,"href":"https:\/\/noticiasemdestaque.com\/cd\/index.php?rest_route=%2Fwp%2Fv2%2Fcomments&post=24846"}],"version-history":[{"count":2,"href":"https:\/\/noticiasemdestaque.com\/cd\/index.php?rest_route=\/wp\/v2\/posts\/24846\/revisions"}],"predecessor-version":[{"id":24848,"href":"https:\/\/noticiasemdestaque.com\/cd\/index.php?rest_route=\/wp\/v2\/posts\/24846\/revisions\/24848"}],"wp:featuredmedia":[{"embeddable":true,"href":"https:\/\/noticiasemdestaque.com\/cd\/index.php?rest_route=\/wp\/v2\/media\/7742"}],"wp:attachment":[{"href":"https:\/\/noticiasemdestaque.com\/cd\/index.php?rest_route=%2Fwp%2Fv2%2Fmedia&parent=24846"}],"wp:term":[{"taxonomy":"category","embeddable":true,"href":"https:\/\/noticiasemdestaque.com\/cd\/index.php?rest_route=%2Fwp%2Fv2%2Fcategories&post=24846"},{"taxonomy":"post_tag","embeddable":true,"href":"https:\/\/noticiasemdestaque.com\/cd\/index.php?rest_route=%2Fwp%2Fv2%2Ftags&post=24846"}],"curies":[{"name":"wp","href":"https:\/\/api.w.org\/{rel}","templated":true}]}}