{"id":24836,"date":"2020-05-12T19:25:10","date_gmt":"2020-05-12T22:25:10","guid":{"rendered":"http:\/\/noticiasemdestaque.com\/cd\/?p=24836"},"modified":"2020-05-12T19:31:22","modified_gmt":"2020-05-12T22:31:22","slug":"secretaria-municipal-de-saude-de-amparo-realiza-operacao-contra-o-aedes-aegypti","status":"publish","type":"post","link":"https:\/\/noticiasemdestaque.com\/cd\/?p=24836","title":{"rendered":"Secretaria Municipal de Sa\u00fade de Amparo realiza opera\u00e7\u00e3o contra o Aedes aegypti"},"content":{"rendered":"<p><a href=\"https:\/\/noticiasemdestaque.com\/cd\/wp-content\/uploads\/2020\/05\/aa9d36a4-03cb-40e7-9fab-fe41d75bcfa5.jpg\"><img fetchpriority=\"high\" decoding=\"async\" class=\"wp-image-24840 aligncenter\" src=\"https:\/\/noticiasemdestaque.com\/cd\/wp-content\/uploads\/2020\/05\/aa9d36a4-03cb-40e7-9fab-fe41d75bcfa5.jpg\" alt=\"\" width=\"442\" height=\"443\" srcset=\"https:\/\/noticiasemdestaque.com\/cd\/wp-content\/uploads\/2020\/05\/aa9d36a4-03cb-40e7-9fab-fe41d75bcfa5.jpg 720w, https:\/\/noticiasemdestaque.com\/cd\/wp-content\/uploads\/2020\/05\/aa9d36a4-03cb-40e7-9fab-fe41d75bcfa5-150x150.jpg 150w, https:\/\/noticiasemdestaque.com\/cd\/wp-content\/uploads\/2020\/05\/aa9d36a4-03cb-40e7-9fab-fe41d75bcfa5-300x300.jpg 300w\" sizes=\"(max-width: 442px) 100vw, 442px\" \/><\/a><\/p>\n<p>Uma mega opera\u00e7\u00e3o foi realizada nesta ter\u00e7a-feira (12), pela secretaria municipal de sa\u00fade em conjunto com as demais secretarias que comp\u00f5em a Gest\u00e3o Inovando Para Crescer.<\/p>\n<p>O foco da opera\u00e7\u00e3o foi a limpeza dos terrenos baldios na \u00e1rea central da cidade e o conjunto habitacional 8 de Mar\u00e7o. Foram realizadas quatro frentes de trabalho desde a entrada do munic\u00edpio pela PB 248, at\u00e9 o conjunto habitacional Francisco de Paula Arruda sa\u00edda do munic\u00edpio em dire\u00e7\u00e3o a Sum\u00e9.<\/p>\n<p>Segundo o prefeito In\u00e1cio N\u00f3brega um dos grandes problemas de ac\u00famulo de res\u00edduos como bolsas pl\u00e1sticas entre outros, s\u00e3o os terrenos pertence \u00e0 particulares. No entanto, sua gest\u00e3o preocupada com a sa\u00fade p\u00fablica, autorizou a limpeza de todos os terrenos atrav\u00e9s da secretaria de obras.<\/p>\n<p>A secret\u00e1ria Ver\u00f4nica Rafael endossou as palavras do prefeito e acrescentou que a preocupa\u00e7\u00e3o da Gest\u00e3o n\u00e3o est\u00e1 voltada apenas para o momento do Covid-19, devemos estar atentos a todos os setores de sa\u00fade p\u00fablica, e a dengue assim como chikungunya e a zika tamb\u00e9m nos preocupa. Mas estamos fazendo aqui um trabalho preventivo.<\/p>\n<p>A preven\u00e7\u00e3o ainda \u00e9 o melhor rem\u00e9dio, afirmou a secret\u00e1ria.<\/p>\n<p><em><strong>Not\u00edcias em Destaque<\/strong><\/em><\/p>\n<p>Com Ascom<\/p>\n","protected":false},"excerpt":{"rendered":"<p>Uma mega opera\u00e7\u00e3o foi realizada nesta ter\u00e7a-feira (12), pela secretaria municipal de sa\u00fade em conjunto com as demais secretarias que comp\u00f5em a Gest\u00e3o Inovando Para Crescer. O foco da opera\u00e7\u00e3o foi a limpeza dos terrenos baldios na \u00e1rea central da cidade e o conjunto habitacional 8 de Mar\u00e7o. Foram realizadas quatro frentes de trabalho desde a entrada do munic\u00edpio pela PB 248, at\u00e9 o conjunto habitacional Francisco de Paula Arruda sa\u00edda do munic\u00edpio em dire\u00e7\u00e3o a Sum\u00e9. Segundo o prefeito In\u00e1cio N\u00f3brega um dos grandes problemas de ac\u00famulo de res\u00edduos como bolsas pl\u00e1sticas entre outros, s\u00e3o os terrenos pertence \u00e0 particulares. No entanto, sua gest\u00e3o preocupada com a sa\u00fade p\u00fablica, autorizou a limpeza de todos os terrenos atrav\u00e9s da secretaria de obras. A secret\u00e1ria Ver\u00f4nica Rafael endossou as palavras do prefeito e acrescentou que a preocupa\u00e7\u00e3o da Gest\u00e3o n\u00e3o est\u00e1 voltada apenas para o momento do Covid-19, devemos estar atentos a todos os setores de sa\u00fade p\u00fablica, e a dengue assim como chikungunya e a zika tamb\u00e9m nos preocupa. Mas estamos fazendo aqui um trabalho preventivo. A preven\u00e7\u00e3o ainda \u00e9 o melhor rem\u00e9dio, afirmou a secret\u00e1ria. Not\u00edcias em Destaque Com Ascom<\/p>\n","protected":false},"author":2,"featured_media":24840,"comment_status":"closed","ping_status":"open","sticky":false,"template":"","format":"standard","meta":{"_eb_attr":"","_jetpack_memberships_contains_paid_content":false,"footnotes":""},"categories":[3],"tags":[],"class_list":["post-24836","post","type-post","status-publish","format-standard","has-post-thumbnail","hentry","category-cidades"],"yoast_head":"<!-- This site is optimized with the Yoast SEO plugin v26.5 - https:\/\/yoast.com\/wordpress\/plugins\/seo\/ -->\n<title>Secretaria Municipal de Sa\u00fade de Amparo realiza opera\u00e7\u00e3o contra o Aedes aegypti - Not&iacute;cias em Destaque<\/title>\n<meta name=\"robots\" content=\"index, follow, max-snippet:-1, max-image-preview:large, max-video-preview:-1\" \/>\n<link rel=\"canonical\" href=\"https:\/\/noticiasemdestaque.com\/cd\/?p=24836\" \/>\n<meta property=\"og:locale\" content=\"pt_BR\" \/>\n<meta property=\"og:type\" content=\"article\" \/>\n<meta property=\"og:title\" content=\"Secretaria Municipal de Sa\u00fade de Amparo realiza opera\u00e7\u00e3o contra o Aedes aegypti - Not&iacute;cias em Destaque\" \/>\n<meta property=\"og:description\" content=\"Uma mega opera\u00e7\u00e3o foi realizada nesta ter\u00e7a-feira (12), pela secretaria municipal de sa\u00fade em conjunto com as demais secretarias que comp\u00f5em a Gest\u00e3o Inovando Para Crescer. O foco da opera\u00e7\u00e3o foi a limpeza dos terrenos baldios na \u00e1rea central da cidade e o conjunto habitacional 8 de Mar\u00e7o. Foram realizadas quatro frentes de trabalho desde a entrada do munic\u00edpio pela PB 248, at\u00e9 o conjunto habitacional Francisco de Paula Arruda sa\u00edda do munic\u00edpio em dire\u00e7\u00e3o a Sum\u00e9. Segundo o prefeito In\u00e1cio N\u00f3brega um dos grandes problemas de ac\u00famulo de res\u00edduos como bolsas pl\u00e1sticas entre outros, s\u00e3o os terrenos pertence \u00e0 particulares. No entanto, sua gest\u00e3o preocupada com a sa\u00fade p\u00fablica, autorizou a limpeza de todos os terrenos atrav\u00e9s da secretaria de obras. A secret\u00e1ria Ver\u00f4nica Rafael endossou as palavras do prefeito e acrescentou que a preocupa\u00e7\u00e3o da Gest\u00e3o n\u00e3o est\u00e1 voltada apenas para o momento do Covid-19, devemos estar atentos a todos os setores de sa\u00fade p\u00fablica, e a dengue assim como chikungunya e a zika tamb\u00e9m nos preocupa. Mas estamos fazendo aqui um trabalho preventivo. A preven\u00e7\u00e3o ainda \u00e9 o melhor rem\u00e9dio, afirmou a secret\u00e1ria. Not\u00edcias em Destaque Com Ascom\" \/>\n<meta property=\"og:url\" content=\"https:\/\/noticiasemdestaque.com\/cd\/?p=24836\" \/>\n<meta property=\"og:site_name\" content=\"Not&iacute;cias em Destaque\" \/>\n<meta property=\"article:published_time\" content=\"2020-05-12T22:25:10+00:00\" \/>\n<meta property=\"article:modified_time\" content=\"2020-05-12T22:31:22+00:00\" \/>\n<meta property=\"og:image\" content=\"https:\/\/noticiasemdestaque.com\/cd\/wp-content\/uploads\/2020\/05\/aa9d36a4-03cb-40e7-9fab-fe41d75bcfa5.jpg\" \/>\n\t<meta property=\"og:image:width\" content=\"720\" \/>\n\t<meta property=\"og:image:height\" content=\"721\" \/>\n\t<meta property=\"og:image:type\" content=\"image\/jpeg\" \/>\n<meta name=\"author\" content=\"Not\u00edcias em Destaque\" \/>\n<meta name=\"twitter:card\" content=\"summary_large_image\" \/>\n<meta name=\"twitter:label1\" content=\"Escrito por\" \/>\n\t<meta name=\"twitter:data1\" content=\"Not\u00edcias em Destaque\" \/>\n\t<meta name=\"twitter:label2\" content=\"Est. tempo de leitura\" \/>\n\t<meta name=\"twitter:data2\" content=\"1 minuto\" \/>\n<script type=\"application\/ld+json\" class=\"yoast-schema-graph\">{\"@context\":\"https:\/\/schema.org\",\"@graph\":[{\"@type\":\"Article\",\"@id\":\"https:\/\/noticiasemdestaque.com\/cd\/?p=24836#article\",\"isPartOf\":{\"@id\":\"https:\/\/noticiasemdestaque.com\/cd\/?p=24836\"},\"author\":{\"name\":\"Not\u00edcias em Destaque\",\"@id\":\"https:\/\/noticiasemdestaque.com\/cd\/#\/schema\/person\/21320b03a7e8bb90128938dafc9b908a\"},\"headline\":\"Secretaria Municipal de Sa\u00fade de Amparo realiza opera\u00e7\u00e3o contra o Aedes aegypti\",\"datePublished\":\"2020-05-12T22:25:10+00:00\",\"dateModified\":\"2020-05-12T22:31:22+00:00\",\"mainEntityOfPage\":{\"@id\":\"https:\/\/noticiasemdestaque.com\/cd\/?p=24836\"},\"wordCount\":233,\"publisher\":{\"@id\":\"https:\/\/noticiasemdestaque.com\/cd\/#organization\"},\"image\":{\"@id\":\"https:\/\/noticiasemdestaque.com\/cd\/?p=24836#primaryimage\"},\"thumbnailUrl\":\"https:\/\/noticiasemdestaque.com\/cd\/wp-content\/uploads\/2020\/05\/aa9d36a4-03cb-40e7-9fab-fe41d75bcfa5.jpg\",\"articleSection\":[\"Cidades\"],\"inLanguage\":\"pt-BR\"},{\"@type\":\"WebPage\",\"@id\":\"https:\/\/noticiasemdestaque.com\/cd\/?p=24836\",\"url\":\"https:\/\/noticiasemdestaque.com\/cd\/?p=24836\",\"name\":\"Secretaria Municipal de Sa\u00fade de Amparo realiza opera\u00e7\u00e3o contra o Aedes aegypti - Not&iacute;cias em Destaque\",\"isPartOf\":{\"@id\":\"https:\/\/noticiasemdestaque.com\/cd\/#website\"},\"primaryImageOfPage\":{\"@id\":\"https:\/\/noticiasemdestaque.com\/cd\/?p=24836#primaryimage\"},\"image\":{\"@id\":\"https:\/\/noticiasemdestaque.com\/cd\/?p=24836#primaryimage\"},\"thumbnailUrl\":\"https:\/\/noticiasemdestaque.com\/cd\/wp-content\/uploads\/2020\/05\/aa9d36a4-03cb-40e7-9fab-fe41d75bcfa5.jpg\",\"datePublished\":\"2020-05-12T22:25:10+00:00\",\"dateModified\":\"2020-05-12T22:31:22+00:00\",\"breadcrumb\":{\"@id\":\"https:\/\/noticiasemdestaque.com\/cd\/?p=24836#breadcrumb\"},\"inLanguage\":\"pt-BR\",\"potentialAction\":[{\"@type\":\"ReadAction\",\"target\":[\"https:\/\/noticiasemdestaque.com\/cd\/?p=24836\"]}]},{\"@type\":\"ImageObject\",\"inLanguage\":\"pt-BR\",\"@id\":\"https:\/\/noticiasemdestaque.com\/cd\/?p=24836#primaryimage\",\"url\":\"https:\/\/noticiasemdestaque.com\/cd\/wp-content\/uploads\/2020\/05\/aa9d36a4-03cb-40e7-9fab-fe41d75bcfa5.jpg\",\"contentUrl\":\"https:\/\/noticiasemdestaque.com\/cd\/wp-content\/uploads\/2020\/05\/aa9d36a4-03cb-40e7-9fab-fe41d75bcfa5.jpg\",\"width\":720,\"height\":721},{\"@type\":\"BreadcrumbList\",\"@id\":\"https:\/\/noticiasemdestaque.com\/cd\/?p=24836#breadcrumb\",\"itemListElement\":[{\"@type\":\"ListItem\",\"position\":1,\"name\":\"In\u00edcio\",\"item\":\"https:\/\/noticiasemdestaque.com\/cd\/\"},{\"@type\":\"ListItem\",\"position\":2,\"name\":\"Secretaria Municipal de Sa\u00fade de Amparo realiza opera\u00e7\u00e3o contra o Aedes aegypti\"}]},{\"@type\":\"WebSite\",\"@id\":\"https:\/\/noticiasemdestaque.com\/cd\/#website\",\"url\":\"https:\/\/noticiasemdestaque.com\/cd\/\",\"name\":\"Not&iacute;cias em Destaque\",\"description\":\"\",\"publisher\":{\"@id\":\"https:\/\/noticiasemdestaque.com\/cd\/#organization\"},\"potentialAction\":[{\"@type\":\"SearchAction\",\"target\":{\"@type\":\"EntryPoint\",\"urlTemplate\":\"https:\/\/noticiasemdestaque.com\/cd\/?s={search_term_string}\"},\"query-input\":{\"@type\":\"PropertyValueSpecification\",\"valueRequired\":true,\"valueName\":\"search_term_string\"}}],\"inLanguage\":\"pt-BR\"},{\"@type\":\"Organization\",\"@id\":\"https:\/\/noticiasemdestaque.com\/cd\/#organization\",\"name\":\"Not\u00edcias em Destaque\",\"url\":\"https:\/\/noticiasemdestaque.com\/cd\/\",\"logo\":{\"@type\":\"ImageObject\",\"inLanguage\":\"pt-BR\",\"@id\":\"https:\/\/noticiasemdestaque.com\/cd\/#\/schema\/logo\/image\/\",\"url\":\"https:\/\/noticiasemdestaque.com\/cd\/wp-content\/uploads\/2022\/05\/imagem-base-noticiasemdestaque.png\",\"contentUrl\":\"https:\/\/noticiasemdestaque.com\/cd\/wp-content\/uploads\/2022\/05\/imagem-base-noticiasemdestaque.png\",\"width\":1200,\"height\":630,\"caption\":\"Not\u00edcias em Destaque\"},\"image\":{\"@id\":\"https:\/\/noticiasemdestaque.com\/cd\/#\/schema\/logo\/image\/\"}},{\"@type\":\"Person\",\"@id\":\"https:\/\/noticiasemdestaque.com\/cd\/#\/schema\/person\/21320b03a7e8bb90128938dafc9b908a\",\"name\":\"Not\u00edcias em Destaque\",\"url\":\"https:\/\/noticiasemdestaque.com\/cd\/?author=2\"}]}<\/script>\n<!-- \/ Yoast SEO plugin. -->","yoast_head_json":{"title":"Secretaria Municipal de Sa\u00fade de Amparo realiza opera\u00e7\u00e3o contra o Aedes aegypti - Not&iacute;cias em Destaque","robots":{"index":"index","follow":"follow","max-snippet":"max-snippet:-1","max-image-preview":"max-image-preview:large","max-video-preview":"max-video-preview:-1"},"canonical":"https:\/\/noticiasemdestaque.com\/cd\/?p=24836","og_locale":"pt_BR","og_type":"article","og_title":"Secretaria Municipal de Sa\u00fade de Amparo realiza opera\u00e7\u00e3o contra o Aedes aegypti - Not&iacute;cias em Destaque","og_description":"Uma mega opera\u00e7\u00e3o foi realizada nesta ter\u00e7a-feira (12), pela secretaria municipal de sa\u00fade em conjunto com as demais secretarias que comp\u00f5em a Gest\u00e3o Inovando Para Crescer. O foco da opera\u00e7\u00e3o foi a limpeza dos terrenos baldios na \u00e1rea central da cidade e o conjunto habitacional 8 de Mar\u00e7o. Foram realizadas quatro frentes de trabalho desde a entrada do munic\u00edpio pela PB 248, at\u00e9 o conjunto habitacional Francisco de Paula Arruda sa\u00edda do munic\u00edpio em dire\u00e7\u00e3o a Sum\u00e9. Segundo o prefeito In\u00e1cio N\u00f3brega um dos grandes problemas de ac\u00famulo de res\u00edduos como bolsas pl\u00e1sticas entre outros, s\u00e3o os terrenos pertence \u00e0 particulares. No entanto, sua gest\u00e3o preocupada com a sa\u00fade p\u00fablica, autorizou a limpeza de todos os terrenos atrav\u00e9s da secretaria de obras. A secret\u00e1ria Ver\u00f4nica Rafael endossou as palavras do prefeito e acrescentou que a preocupa\u00e7\u00e3o da Gest\u00e3o n\u00e3o est\u00e1 voltada apenas para o momento do Covid-19, devemos estar atentos a todos os setores de sa\u00fade p\u00fablica, e a dengue assim como chikungunya e a zika tamb\u00e9m nos preocupa. Mas estamos fazendo aqui um trabalho preventivo. A preven\u00e7\u00e3o ainda \u00e9 o melhor rem\u00e9dio, afirmou a secret\u00e1ria. Not\u00edcias em Destaque Com Ascom","og_url":"https:\/\/noticiasemdestaque.com\/cd\/?p=24836","og_site_name":"Not&iacute;cias em Destaque","article_published_time":"2020-05-12T22:25:10+00:00","article_modified_time":"2020-05-12T22:31:22+00:00","og_image":[{"width":720,"height":721,"url":"https:\/\/noticiasemdestaque.com\/cd\/wp-content\/uploads\/2020\/05\/aa9d36a4-03cb-40e7-9fab-fe41d75bcfa5.jpg","type":"image\/jpeg"}],"author":"Not\u00edcias em Destaque","twitter_card":"summary_large_image","twitter_misc":{"Escrito por":"Not\u00edcias em Destaque","Est. tempo de leitura":"1 minuto"},"schema":{"@context":"https:\/\/schema.org","@graph":[{"@type":"Article","@id":"https:\/\/noticiasemdestaque.com\/cd\/?p=24836#article","isPartOf":{"@id":"https:\/\/noticiasemdestaque.com\/cd\/?p=24836"},"author":{"name":"Not\u00edcias em Destaque","@id":"https:\/\/noticiasemdestaque.com\/cd\/#\/schema\/person\/21320b03a7e8bb90128938dafc9b908a"},"headline":"Secretaria Municipal de Sa\u00fade de Amparo realiza opera\u00e7\u00e3o contra o Aedes aegypti","datePublished":"2020-05-12T22:25:10+00:00","dateModified":"2020-05-12T22:31:22+00:00","mainEntityOfPage":{"@id":"https:\/\/noticiasemdestaque.com\/cd\/?p=24836"},"wordCount":233,"publisher":{"@id":"https:\/\/noticiasemdestaque.com\/cd\/#organization"},"image":{"@id":"https:\/\/noticiasemdestaque.com\/cd\/?p=24836#primaryimage"},"thumbnailUrl":"https:\/\/noticiasemdestaque.com\/cd\/wp-content\/uploads\/2020\/05\/aa9d36a4-03cb-40e7-9fab-fe41d75bcfa5.jpg","articleSection":["Cidades"],"inLanguage":"pt-BR"},{"@type":"WebPage","@id":"https:\/\/noticiasemdestaque.com\/cd\/?p=24836","url":"https:\/\/noticiasemdestaque.com\/cd\/?p=24836","name":"Secretaria Municipal de Sa\u00fade de Amparo realiza opera\u00e7\u00e3o contra o Aedes aegypti - Not&iacute;cias em Destaque","isPartOf":{"@id":"https:\/\/noticiasemdestaque.com\/cd\/#website"},"primaryImageOfPage":{"@id":"https:\/\/noticiasemdestaque.com\/cd\/?p=24836#primaryimage"},"image":{"@id":"https:\/\/noticiasemdestaque.com\/cd\/?p=24836#primaryimage"},"thumbnailUrl":"https:\/\/noticiasemdestaque.com\/cd\/wp-content\/uploads\/2020\/05\/aa9d36a4-03cb-40e7-9fab-fe41d75bcfa5.jpg","datePublished":"2020-05-12T22:25:10+00:00","dateModified":"2020-05-12T22:31:22+00:00","breadcrumb":{"@id":"https:\/\/noticiasemdestaque.com\/cd\/?p=24836#breadcrumb"},"inLanguage":"pt-BR","potentialAction":[{"@type":"ReadAction","target":["https:\/\/noticiasemdestaque.com\/cd\/?p=24836"]}]},{"@type":"ImageObject","inLanguage":"pt-BR","@id":"https:\/\/noticiasemdestaque.com\/cd\/?p=24836#primaryimage","url":"https:\/\/noticiasemdestaque.com\/cd\/wp-content\/uploads\/2020\/05\/aa9d36a4-03cb-40e7-9fab-fe41d75bcfa5.jpg","contentUrl":"https:\/\/noticiasemdestaque.com\/cd\/wp-content\/uploads\/2020\/05\/aa9d36a4-03cb-40e7-9fab-fe41d75bcfa5.jpg","width":720,"height":721},{"@type":"BreadcrumbList","@id":"https:\/\/noticiasemdestaque.com\/cd\/?p=24836#breadcrumb","itemListElement":[{"@type":"ListItem","position":1,"name":"In\u00edcio","item":"https:\/\/noticiasemdestaque.com\/cd\/"},{"@type":"ListItem","position":2,"name":"Secretaria Municipal de Sa\u00fade de Amparo realiza opera\u00e7\u00e3o contra o Aedes aegypti"}]},{"@type":"WebSite","@id":"https:\/\/noticiasemdestaque.com\/cd\/#website","url":"https:\/\/noticiasemdestaque.com\/cd\/","name":"Not&iacute;cias em Destaque","description":"","publisher":{"@id":"https:\/\/noticiasemdestaque.com\/cd\/#organization"},"potentialAction":[{"@type":"SearchAction","target":{"@type":"EntryPoint","urlTemplate":"https:\/\/noticiasemdestaque.com\/cd\/?s={search_term_string}"},"query-input":{"@type":"PropertyValueSpecification","valueRequired":true,"valueName":"search_term_string"}}],"inLanguage":"pt-BR"},{"@type":"Organization","@id":"https:\/\/noticiasemdestaque.com\/cd\/#organization","name":"Not\u00edcias em Destaque","url":"https:\/\/noticiasemdestaque.com\/cd\/","logo":{"@type":"ImageObject","inLanguage":"pt-BR","@id":"https:\/\/noticiasemdestaque.com\/cd\/#\/schema\/logo\/image\/","url":"https:\/\/noticiasemdestaque.com\/cd\/wp-content\/uploads\/2022\/05\/imagem-base-noticiasemdestaque.png","contentUrl":"https:\/\/noticiasemdestaque.com\/cd\/wp-content\/uploads\/2022\/05\/imagem-base-noticiasemdestaque.png","width":1200,"height":630,"caption":"Not\u00edcias em Destaque"},"image":{"@id":"https:\/\/noticiasemdestaque.com\/cd\/#\/schema\/logo\/image\/"}},{"@type":"Person","@id":"https:\/\/noticiasemdestaque.com\/cd\/#\/schema\/person\/21320b03a7e8bb90128938dafc9b908a","name":"Not\u00edcias em Destaque","url":"https:\/\/noticiasemdestaque.com\/cd\/?author=2"}]}},"jetpack_featured_media_url":"https:\/\/noticiasemdestaque.com\/cd\/wp-content\/uploads\/2020\/05\/aa9d36a4-03cb-40e7-9fab-fe41d75bcfa5.jpg","jetpack_sharing_enabled":true,"_links":{"self":[{"href":"https:\/\/noticiasemdestaque.com\/cd\/index.php?rest_route=\/wp\/v2\/posts\/24836","targetHints":{"allow":["GET"]}}],"collection":[{"href":"https:\/\/noticiasemdestaque.com\/cd\/index.php?rest_route=\/wp\/v2\/posts"}],"about":[{"href":"https:\/\/noticiasemdestaque.com\/cd\/index.php?rest_route=\/wp\/v2\/types\/post"}],"author":[{"embeddable":true,"href":"https:\/\/noticiasemdestaque.com\/cd\/index.php?rest_route=\/wp\/v2\/users\/2"}],"replies":[{"embeddable":true,"href":"https:\/\/noticiasemdestaque.com\/cd\/index.php?rest_route=%2Fwp%2Fv2%2Fcomments&post=24836"}],"version-history":[{"count":3,"href":"https:\/\/noticiasemdestaque.com\/cd\/index.php?rest_route=\/wp\/v2\/posts\/24836\/revisions"}],"predecessor-version":[{"id":24841,"href":"https:\/\/noticiasemdestaque.com\/cd\/index.php?rest_route=\/wp\/v2\/posts\/24836\/revisions\/24841"}],"wp:featuredmedia":[{"embeddable":true,"href":"https:\/\/noticiasemdestaque.com\/cd\/index.php?rest_route=\/wp\/v2\/media\/24840"}],"wp:attachment":[{"href":"https:\/\/noticiasemdestaque.com\/cd\/index.php?rest_route=%2Fwp%2Fv2%2Fmedia&parent=24836"}],"wp:term":[{"taxonomy":"category","embeddable":true,"href":"https:\/\/noticiasemdestaque.com\/cd\/index.php?rest_route=%2Fwp%2Fv2%2Fcategories&post=24836"},{"taxonomy":"post_tag","embeddable":true,"href":"https:\/\/noticiasemdestaque.com\/cd\/index.php?rest_route=%2Fwp%2Fv2%2Ftags&post=24836"}],"curies":[{"name":"wp","href":"https:\/\/api.w.org\/{rel}","templated":true}]}}