{"id":24786,"date":"2020-05-10T14:53:29","date_gmt":"2020-05-10T17:53:29","guid":{"rendered":"http:\/\/noticiasemdestaque.com\/cd\/?p=24786"},"modified":"2020-05-10T14:53:29","modified_gmt":"2020-05-10T17:53:29","slug":"anitta-roberto-carlos-ivete-zeca-pagodinho-e-mais-shows-no-dia-das-maes","status":"publish","type":"post","link":"https:\/\/noticiasemdestaque.com\/cd\/?p=24786","title":{"rendered":"Anitta, Roberto Carlos, Ivete, Zeca Pagodinho e mais shows no Dia das M\u00e3es"},"content":{"rendered":"<p><a href=\"https:\/\/noticiasemdestaque.com\/cd\/wp-content\/uploads\/2020\/05\/Zeca-Pagodinho-Roberto-Carlos-Ivete-Sangalo-e-Anitta-est\u00e3o-entre-as-lives-do-domingo-10-de-Dia-Das-M\u00e3es-confira-a-agenda-1.jpeg\"><img fetchpriority=\"high\" decoding=\"async\" class=\"wp-image-24787 aligncenter\" src=\"https:\/\/noticiasemdestaque.com\/cd\/wp-content\/uploads\/2020\/05\/Zeca-Pagodinho-Roberto-Carlos-Ivete-Sangalo-e-Anitta-est\u00e3o-entre-as-lives-do-domingo-10-de-Dia-Das-M\u00e3es-confira-a-agenda-1.jpeg\" alt=\"\" width=\"587\" height=\"414\" srcset=\"https:\/\/noticiasemdestaque.com\/cd\/wp-content\/uploads\/2020\/05\/Zeca-Pagodinho-Roberto-Carlos-Ivete-Sangalo-e-Anitta-est\u00e3o-entre-as-lives-do-domingo-10-de-Dia-Das-M\u00e3es-confira-a-agenda-1.jpeg 964w, https:\/\/noticiasemdestaque.com\/cd\/wp-content\/uploads\/2020\/05\/Zeca-Pagodinho-Roberto-Carlos-Ivete-Sangalo-e-Anitta-est\u00e3o-entre-as-lives-do-domingo-10-de-Dia-Das-M\u00e3es-confira-a-agenda-1-300x212.jpeg 300w, https:\/\/noticiasemdestaque.com\/cd\/wp-content\/uploads\/2020\/05\/Zeca-Pagodinho-Roberto-Carlos-Ivete-Sangalo-e-Anitta-est\u00e3o-entre-as-lives-do-domingo-10-de-Dia-Das-M\u00e3es-confira-a-agenda-1-768x542.jpeg 768w\" sizes=\"(max-width: 587px) 100vw, 587px\" \/><\/a><\/p>\n<p>Anitta, Roberto Carlos, Zeca Pagodinho, Ivete Sangalo est\u00e3o entre as principais lives deste domingo (10).<\/p>\n<p>Maria Rita, Seu Jorge, Daniel tamb\u00e9m fazem transmiss\u00f5es em homenagem ao Dia das M\u00e3es.<\/p>\n<p>Lives de hoje e como assistir:<\/p>\n<p>Roberto Carlos \u2013 15h \u2013 Globo, Globoplay, Multishow<br \/>\nDaniel \u2013 15h45 \u2013 YouTube<br \/>\nDorgival Dantas \u2013 16h \u2013 YouTube<br \/>\nEmicida \u2013 16h \u2013 YouTube<br \/>\nVitor Kley \u2013 16h \u2013 YouTube<\/p>\n<p>Anitta \u2013 16h30 \u2013 YouTube<br \/>\nJorge Vercillo \u2013 17h \u2013 YouTube<br \/>\nLeonardo e Z\u00e9 Felipe na live \u201cPai &amp; Filho\u201d \u2013 17h \u2013 YouTube<br \/>\nJo\u00e3o Neto e Frederico \u2013 18h \u2013 YouTube<br \/>\nIvete Sangalo \u2013 18h \u2013 YouTube<br \/>\nZez\u00e9 Di Camargo e Luciano \u2013 19h \u2013 YouTube<br \/>\nSeu Jorge e Daniel Jobim cantam Tom Jobim \u2013 19h30 \u2013 Instagram<\/p>\n","protected":false},"excerpt":{"rendered":"<p>Anitta, Roberto Carlos, Zeca Pagodinho, Ivete Sangalo est\u00e3o entre as principais lives deste domingo (10). Maria Rita, Seu Jorge, Daniel tamb\u00e9m fazem transmiss\u00f5es em homenagem ao Dia das M\u00e3es. Lives de hoje e como assistir: Roberto Carlos \u2013 15h \u2013 Globo, Globoplay, Multishow Daniel \u2013 15h45 \u2013 YouTube Dorgival Dantas \u2013 16h \u2013 YouTube Emicida \u2013 16h \u2013 YouTube Vitor Kley \u2013 16h \u2013 YouTube Anitta \u2013 16h30 \u2013 YouTube Jorge Vercillo \u2013 17h \u2013 YouTube Leonardo e Z\u00e9 Felipe na live \u201cPai &amp; Filho\u201d \u2013 17h \u2013 YouTube Jo\u00e3o Neto e Frederico \u2013 18h \u2013 YouTube Ivete Sangalo \u2013 18h \u2013 YouTube Zez\u00e9 Di Camargo e Luciano \u2013 19h \u2013 YouTube Seu Jorge e Daniel Jobim cantam Tom Jobim \u2013 19h30 \u2013 Instagram<\/p>\n","protected":false},"author":2,"featured_media":24787,"comment_status":"closed","ping_status":"open","sticky":false,"template":"","format":"standard","meta":{"_eb_attr":"","_jetpack_memberships_contains_paid_content":false,"footnotes":""},"categories":[12],"tags":[],"class_list":["post-24786","post","type-post","status-publish","format-standard","has-post-thumbnail","hentry","category-geral"],"yoast_head":"<!-- This site is optimized with the Yoast SEO plugin v26.5 - https:\/\/yoast.com\/wordpress\/plugins\/seo\/ -->\n<title>Anitta, Roberto Carlos, Ivete, Zeca Pagodinho e mais shows no Dia das M\u00e3es - Not&iacute;cias em Destaque<\/title>\n<meta name=\"robots\" content=\"index, follow, max-snippet:-1, max-image-preview:large, max-video-preview:-1\" \/>\n<link rel=\"canonical\" href=\"https:\/\/noticiasemdestaque.com\/cd\/?p=24786\" \/>\n<meta property=\"og:locale\" content=\"pt_BR\" \/>\n<meta property=\"og:type\" content=\"article\" \/>\n<meta property=\"og:title\" content=\"Anitta, Roberto Carlos, Ivete, Zeca Pagodinho e mais shows no Dia das M\u00e3es - Not&iacute;cias em Destaque\" \/>\n<meta property=\"og:description\" content=\"Anitta, Roberto Carlos, Zeca Pagodinho, Ivete Sangalo est\u00e3o entre as principais lives deste domingo (10). Maria Rita, Seu Jorge, Daniel tamb\u00e9m fazem transmiss\u00f5es em homenagem ao Dia das M\u00e3es. Lives de hoje e como assistir: Roberto Carlos \u2013 15h \u2013 Globo, Globoplay, Multishow Daniel \u2013 15h45 \u2013 YouTube Dorgival Dantas \u2013 16h \u2013 YouTube Emicida \u2013 16h \u2013 YouTube Vitor Kley \u2013 16h \u2013 YouTube Anitta \u2013 16h30 \u2013 YouTube Jorge Vercillo \u2013 17h \u2013 YouTube Leonardo e Z\u00e9 Felipe na live \u201cPai &amp; Filho\u201d \u2013 17h \u2013 YouTube Jo\u00e3o Neto e Frederico \u2013 18h \u2013 YouTube Ivete Sangalo \u2013 18h \u2013 YouTube Zez\u00e9 Di Camargo e Luciano \u2013 19h \u2013 YouTube Seu Jorge e Daniel Jobim cantam Tom Jobim \u2013 19h30 \u2013 Instagram\" \/>\n<meta property=\"og:url\" content=\"https:\/\/noticiasemdestaque.com\/cd\/?p=24786\" \/>\n<meta property=\"og:site_name\" content=\"Not&iacute;cias em Destaque\" \/>\n<meta property=\"article:published_time\" content=\"2020-05-10T17:53:29+00:00\" \/>\n<meta property=\"og:image\" content=\"https:\/\/noticiasemdestaque.com\/cd\/wp-content\/uploads\/2020\/05\/Zeca-Pagodinho-Roberto-Carlos-Ivete-Sangalo-e-Anitta-est\u00e3o-entre-as-lives-do-domingo-10-de-Dia-Das-M\u00e3es-confira-a-agenda-1.jpeg\" \/>\n\t<meta property=\"og:image:width\" content=\"964\" \/>\n\t<meta property=\"og:image:height\" content=\"680\" \/>\n\t<meta property=\"og:image:type\" content=\"image\/jpeg\" \/>\n<meta name=\"author\" content=\"Not\u00edcias em Destaque\" \/>\n<meta name=\"twitter:card\" content=\"summary_large_image\" \/>\n<meta name=\"twitter:label1\" content=\"Escrito por\" \/>\n\t<meta name=\"twitter:data1\" content=\"Not\u00edcias em Destaque\" \/>\n\t<meta name=\"twitter:label2\" content=\"Est. tempo de leitura\" \/>\n\t<meta name=\"twitter:data2\" content=\"1 minuto\" \/>\n<script type=\"application\/ld+json\" class=\"yoast-schema-graph\">{\"@context\":\"https:\/\/schema.org\",\"@graph\":[{\"@type\":\"Article\",\"@id\":\"https:\/\/noticiasemdestaque.com\/cd\/?p=24786#article\",\"isPartOf\":{\"@id\":\"https:\/\/noticiasemdestaque.com\/cd\/?p=24786\"},\"author\":{\"name\":\"Not\u00edcias em Destaque\",\"@id\":\"https:\/\/noticiasemdestaque.com\/cd\/#\/schema\/person\/4a81fb71f77579d059c3045891fa1786\"},\"headline\":\"Anitta, Roberto Carlos, Ivete, Zeca Pagodinho e mais shows no Dia das M\u00e3es\",\"datePublished\":\"2020-05-10T17:53:29+00:00\",\"mainEntityOfPage\":{\"@id\":\"https:\/\/noticiasemdestaque.com\/cd\/?p=24786\"},\"wordCount\":118,\"publisher\":{\"@id\":\"https:\/\/noticiasemdestaque.com\/cd\/#organization\"},\"image\":{\"@id\":\"https:\/\/noticiasemdestaque.com\/cd\/?p=24786#primaryimage\"},\"thumbnailUrl\":\"https:\/\/noticiasemdestaque.com\/cd\/wp-content\/uploads\/2020\/05\/Zeca-Pagodinho-Roberto-Carlos-Ivete-Sangalo-e-Anitta-est\u00e3o-entre-as-lives-do-domingo-10-de-Dia-Das-M\u00e3es-confira-a-agenda-1.jpeg\",\"articleSection\":[\"Geral\"],\"inLanguage\":\"pt-BR\"},{\"@type\":\"WebPage\",\"@id\":\"https:\/\/noticiasemdestaque.com\/cd\/?p=24786\",\"url\":\"https:\/\/noticiasemdestaque.com\/cd\/?p=24786\",\"name\":\"Anitta, Roberto Carlos, Ivete, Zeca Pagodinho e mais shows no Dia das M\u00e3es - Not&iacute;cias em Destaque\",\"isPartOf\":{\"@id\":\"https:\/\/noticiasemdestaque.com\/cd\/#website\"},\"primaryImageOfPage\":{\"@id\":\"https:\/\/noticiasemdestaque.com\/cd\/?p=24786#primaryimage\"},\"image\":{\"@id\":\"https:\/\/noticiasemdestaque.com\/cd\/?p=24786#primaryimage\"},\"thumbnailUrl\":\"https:\/\/noticiasemdestaque.com\/cd\/wp-content\/uploads\/2020\/05\/Zeca-Pagodinho-Roberto-Carlos-Ivete-Sangalo-e-Anitta-est\u00e3o-entre-as-lives-do-domingo-10-de-Dia-Das-M\u00e3es-confira-a-agenda-1.jpeg\",\"datePublished\":\"2020-05-10T17:53:29+00:00\",\"breadcrumb\":{\"@id\":\"https:\/\/noticiasemdestaque.com\/cd\/?p=24786#breadcrumb\"},\"inLanguage\":\"pt-BR\",\"potentialAction\":[{\"@type\":\"ReadAction\",\"target\":[\"https:\/\/noticiasemdestaque.com\/cd\/?p=24786\"]}]},{\"@type\":\"ImageObject\",\"inLanguage\":\"pt-BR\",\"@id\":\"https:\/\/noticiasemdestaque.com\/cd\/?p=24786#primaryimage\",\"url\":\"https:\/\/noticiasemdestaque.com\/cd\/wp-content\/uploads\/2020\/05\/Zeca-Pagodinho-Roberto-Carlos-Ivete-Sangalo-e-Anitta-est\u00e3o-entre-as-lives-do-domingo-10-de-Dia-Das-M\u00e3es-confira-a-agenda-1.jpeg\",\"contentUrl\":\"https:\/\/noticiasemdestaque.com\/cd\/wp-content\/uploads\/2020\/05\/Zeca-Pagodinho-Roberto-Carlos-Ivete-Sangalo-e-Anitta-est\u00e3o-entre-as-lives-do-domingo-10-de-Dia-Das-M\u00e3es-confira-a-agenda-1.jpeg\",\"width\":964,\"height\":680},{\"@type\":\"BreadcrumbList\",\"@id\":\"https:\/\/noticiasemdestaque.com\/cd\/?p=24786#breadcrumb\",\"itemListElement\":[{\"@type\":\"ListItem\",\"position\":1,\"name\":\"In\u00edcio\",\"item\":\"https:\/\/noticiasemdestaque.com\/cd\/\"},{\"@type\":\"ListItem\",\"position\":2,\"name\":\"Anitta, Roberto Carlos, Ivete, Zeca Pagodinho e mais shows no Dia das M\u00e3es\"}]},{\"@type\":\"WebSite\",\"@id\":\"https:\/\/noticiasemdestaque.com\/cd\/#website\",\"url\":\"https:\/\/noticiasemdestaque.com\/cd\/\",\"name\":\"Not&iacute;cias em Destaque\",\"description\":\"\",\"publisher\":{\"@id\":\"https:\/\/noticiasemdestaque.com\/cd\/#organization\"},\"potentialAction\":[{\"@type\":\"SearchAction\",\"target\":{\"@type\":\"EntryPoint\",\"urlTemplate\":\"https:\/\/noticiasemdestaque.com\/cd\/?s={search_term_string}\"},\"query-input\":{\"@type\":\"PropertyValueSpecification\",\"valueRequired\":true,\"valueName\":\"search_term_string\"}}],\"inLanguage\":\"pt-BR\"},{\"@type\":\"Organization\",\"@id\":\"https:\/\/noticiasemdestaque.com\/cd\/#organization\",\"name\":\"Not\u00edcias em Destaque\",\"url\":\"https:\/\/noticiasemdestaque.com\/cd\/\",\"logo\":{\"@type\":\"ImageObject\",\"inLanguage\":\"pt-BR\",\"@id\":\"https:\/\/noticiasemdestaque.com\/cd\/#\/schema\/logo\/image\/\",\"url\":\"https:\/\/noticiasemdestaque.com\/cd\/wp-content\/uploads\/2022\/05\/imagem-base-noticiasemdestaque.png\",\"contentUrl\":\"https:\/\/noticiasemdestaque.com\/cd\/wp-content\/uploads\/2022\/05\/imagem-base-noticiasemdestaque.png\",\"width\":1200,\"height\":630,\"caption\":\"Not\u00edcias em Destaque\"},\"image\":{\"@id\":\"https:\/\/noticiasemdestaque.com\/cd\/#\/schema\/logo\/image\/\"}},{\"@type\":\"Person\",\"@id\":\"https:\/\/noticiasemdestaque.com\/cd\/#\/schema\/person\/4a81fb71f77579d059c3045891fa1786\",\"name\":\"Not\u00edcias em Destaque\",\"url\":\"https:\/\/noticiasemdestaque.com\/cd\/?author=2\"}]}<\/script>\n<!-- \/ Yoast SEO plugin. -->","yoast_head_json":{"title":"Anitta, Roberto Carlos, Ivete, Zeca Pagodinho e mais shows no Dia das M\u00e3es - Not&iacute;cias em Destaque","robots":{"index":"index","follow":"follow","max-snippet":"max-snippet:-1","max-image-preview":"max-image-preview:large","max-video-preview":"max-video-preview:-1"},"canonical":"https:\/\/noticiasemdestaque.com\/cd\/?p=24786","og_locale":"pt_BR","og_type":"article","og_title":"Anitta, Roberto Carlos, Ivete, Zeca Pagodinho e mais shows no Dia das M\u00e3es - Not&iacute;cias em Destaque","og_description":"Anitta, Roberto Carlos, Zeca Pagodinho, Ivete Sangalo est\u00e3o entre as principais lives deste domingo (10). Maria Rita, Seu Jorge, Daniel tamb\u00e9m fazem transmiss\u00f5es em homenagem ao Dia das M\u00e3es. Lives de hoje e como assistir: Roberto Carlos \u2013 15h \u2013 Globo, Globoplay, Multishow Daniel \u2013 15h45 \u2013 YouTube Dorgival Dantas \u2013 16h \u2013 YouTube Emicida \u2013 16h \u2013 YouTube Vitor Kley \u2013 16h \u2013 YouTube Anitta \u2013 16h30 \u2013 YouTube Jorge Vercillo \u2013 17h \u2013 YouTube Leonardo e Z\u00e9 Felipe na live \u201cPai &amp; Filho\u201d \u2013 17h \u2013 YouTube Jo\u00e3o Neto e Frederico \u2013 18h \u2013 YouTube Ivete Sangalo \u2013 18h \u2013 YouTube Zez\u00e9 Di Camargo e Luciano \u2013 19h \u2013 YouTube Seu Jorge e Daniel Jobim cantam Tom Jobim \u2013 19h30 \u2013 Instagram","og_url":"https:\/\/noticiasemdestaque.com\/cd\/?p=24786","og_site_name":"Not&iacute;cias em Destaque","article_published_time":"2020-05-10T17:53:29+00:00","og_image":[{"width":964,"height":680,"url":"https:\/\/noticiasemdestaque.com\/cd\/wp-content\/uploads\/2020\/05\/Zeca-Pagodinho-Roberto-Carlos-Ivete-Sangalo-e-Anitta-est\u00e3o-entre-as-lives-do-domingo-10-de-Dia-Das-M\u00e3es-confira-a-agenda-1.jpeg","type":"image\/jpeg"}],"author":"Not\u00edcias em Destaque","twitter_card":"summary_large_image","twitter_misc":{"Escrito por":"Not\u00edcias em Destaque","Est. tempo de leitura":"1 minuto"},"schema":{"@context":"https:\/\/schema.org","@graph":[{"@type":"Article","@id":"https:\/\/noticiasemdestaque.com\/cd\/?p=24786#article","isPartOf":{"@id":"https:\/\/noticiasemdestaque.com\/cd\/?p=24786"},"author":{"name":"Not\u00edcias em Destaque","@id":"https:\/\/noticiasemdestaque.com\/cd\/#\/schema\/person\/4a81fb71f77579d059c3045891fa1786"},"headline":"Anitta, Roberto Carlos, Ivete, Zeca Pagodinho e mais shows no Dia das M\u00e3es","datePublished":"2020-05-10T17:53:29+00:00","mainEntityOfPage":{"@id":"https:\/\/noticiasemdestaque.com\/cd\/?p=24786"},"wordCount":118,"publisher":{"@id":"https:\/\/noticiasemdestaque.com\/cd\/#organization"},"image":{"@id":"https:\/\/noticiasemdestaque.com\/cd\/?p=24786#primaryimage"},"thumbnailUrl":"https:\/\/noticiasemdestaque.com\/cd\/wp-content\/uploads\/2020\/05\/Zeca-Pagodinho-Roberto-Carlos-Ivete-Sangalo-e-Anitta-est\u00e3o-entre-as-lives-do-domingo-10-de-Dia-Das-M\u00e3es-confira-a-agenda-1.jpeg","articleSection":["Geral"],"inLanguage":"pt-BR"},{"@type":"WebPage","@id":"https:\/\/noticiasemdestaque.com\/cd\/?p=24786","url":"https:\/\/noticiasemdestaque.com\/cd\/?p=24786","name":"Anitta, Roberto Carlos, Ivete, Zeca Pagodinho e mais shows no Dia das M\u00e3es - Not&iacute;cias em Destaque","isPartOf":{"@id":"https:\/\/noticiasemdestaque.com\/cd\/#website"},"primaryImageOfPage":{"@id":"https:\/\/noticiasemdestaque.com\/cd\/?p=24786#primaryimage"},"image":{"@id":"https:\/\/noticiasemdestaque.com\/cd\/?p=24786#primaryimage"},"thumbnailUrl":"https:\/\/noticiasemdestaque.com\/cd\/wp-content\/uploads\/2020\/05\/Zeca-Pagodinho-Roberto-Carlos-Ivete-Sangalo-e-Anitta-est\u00e3o-entre-as-lives-do-domingo-10-de-Dia-Das-M\u00e3es-confira-a-agenda-1.jpeg","datePublished":"2020-05-10T17:53:29+00:00","breadcrumb":{"@id":"https:\/\/noticiasemdestaque.com\/cd\/?p=24786#breadcrumb"},"inLanguage":"pt-BR","potentialAction":[{"@type":"ReadAction","target":["https:\/\/noticiasemdestaque.com\/cd\/?p=24786"]}]},{"@type":"ImageObject","inLanguage":"pt-BR","@id":"https:\/\/noticiasemdestaque.com\/cd\/?p=24786#primaryimage","url":"https:\/\/noticiasemdestaque.com\/cd\/wp-content\/uploads\/2020\/05\/Zeca-Pagodinho-Roberto-Carlos-Ivete-Sangalo-e-Anitta-est\u00e3o-entre-as-lives-do-domingo-10-de-Dia-Das-M\u00e3es-confira-a-agenda-1.jpeg","contentUrl":"https:\/\/noticiasemdestaque.com\/cd\/wp-content\/uploads\/2020\/05\/Zeca-Pagodinho-Roberto-Carlos-Ivete-Sangalo-e-Anitta-est\u00e3o-entre-as-lives-do-domingo-10-de-Dia-Das-M\u00e3es-confira-a-agenda-1.jpeg","width":964,"height":680},{"@type":"BreadcrumbList","@id":"https:\/\/noticiasemdestaque.com\/cd\/?p=24786#breadcrumb","itemListElement":[{"@type":"ListItem","position":1,"name":"In\u00edcio","item":"https:\/\/noticiasemdestaque.com\/cd\/"},{"@type":"ListItem","position":2,"name":"Anitta, Roberto Carlos, Ivete, Zeca Pagodinho e mais shows no Dia das M\u00e3es"}]},{"@type":"WebSite","@id":"https:\/\/noticiasemdestaque.com\/cd\/#website","url":"https:\/\/noticiasemdestaque.com\/cd\/","name":"Not&iacute;cias em Destaque","description":"","publisher":{"@id":"https:\/\/noticiasemdestaque.com\/cd\/#organization"},"potentialAction":[{"@type":"SearchAction","target":{"@type":"EntryPoint","urlTemplate":"https:\/\/noticiasemdestaque.com\/cd\/?s={search_term_string}"},"query-input":{"@type":"PropertyValueSpecification","valueRequired":true,"valueName":"search_term_string"}}],"inLanguage":"pt-BR"},{"@type":"Organization","@id":"https:\/\/noticiasemdestaque.com\/cd\/#organization","name":"Not\u00edcias em Destaque","url":"https:\/\/noticiasemdestaque.com\/cd\/","logo":{"@type":"ImageObject","inLanguage":"pt-BR","@id":"https:\/\/noticiasemdestaque.com\/cd\/#\/schema\/logo\/image\/","url":"https:\/\/noticiasemdestaque.com\/cd\/wp-content\/uploads\/2022\/05\/imagem-base-noticiasemdestaque.png","contentUrl":"https:\/\/noticiasemdestaque.com\/cd\/wp-content\/uploads\/2022\/05\/imagem-base-noticiasemdestaque.png","width":1200,"height":630,"caption":"Not\u00edcias em Destaque"},"image":{"@id":"https:\/\/noticiasemdestaque.com\/cd\/#\/schema\/logo\/image\/"}},{"@type":"Person","@id":"https:\/\/noticiasemdestaque.com\/cd\/#\/schema\/person\/4a81fb71f77579d059c3045891fa1786","name":"Not\u00edcias em Destaque","url":"https:\/\/noticiasemdestaque.com\/cd\/?author=2"}]}},"jetpack_featured_media_url":"https:\/\/noticiasemdestaque.com\/cd\/wp-content\/uploads\/2020\/05\/Zeca-Pagodinho-Roberto-Carlos-Ivete-Sangalo-e-Anitta-est\u00e3o-entre-as-lives-do-domingo-10-de-Dia-Das-M\u00e3es-confira-a-agenda-1.jpeg","jetpack_sharing_enabled":true,"_links":{"self":[{"href":"https:\/\/noticiasemdestaque.com\/cd\/index.php?rest_route=\/wp\/v2\/posts\/24786","targetHints":{"allow":["GET"]}}],"collection":[{"href":"https:\/\/noticiasemdestaque.com\/cd\/index.php?rest_route=\/wp\/v2\/posts"}],"about":[{"href":"https:\/\/noticiasemdestaque.com\/cd\/index.php?rest_route=\/wp\/v2\/types\/post"}],"author":[{"embeddable":true,"href":"https:\/\/noticiasemdestaque.com\/cd\/index.php?rest_route=\/wp\/v2\/users\/2"}],"replies":[{"embeddable":true,"href":"https:\/\/noticiasemdestaque.com\/cd\/index.php?rest_route=%2Fwp%2Fv2%2Fcomments&post=24786"}],"version-history":[{"count":1,"href":"https:\/\/noticiasemdestaque.com\/cd\/index.php?rest_route=\/wp\/v2\/posts\/24786\/revisions"}],"predecessor-version":[{"id":24788,"href":"https:\/\/noticiasemdestaque.com\/cd\/index.php?rest_route=\/wp\/v2\/posts\/24786\/revisions\/24788"}],"wp:featuredmedia":[{"embeddable":true,"href":"https:\/\/noticiasemdestaque.com\/cd\/index.php?rest_route=\/wp\/v2\/media\/24787"}],"wp:attachment":[{"href":"https:\/\/noticiasemdestaque.com\/cd\/index.php?rest_route=%2Fwp%2Fv2%2Fmedia&parent=24786"}],"wp:term":[{"taxonomy":"category","embeddable":true,"href":"https:\/\/noticiasemdestaque.com\/cd\/index.php?rest_route=%2Fwp%2Fv2%2Fcategories&post=24786"},{"taxonomy":"post_tag","embeddable":true,"href":"https:\/\/noticiasemdestaque.com\/cd\/index.php?rest_route=%2Fwp%2Fv2%2Ftags&post=24786"}],"curies":[{"name":"wp","href":"https:\/\/api.w.org\/{rel}","templated":true}]}}