{"id":24783,"date":"2020-05-10T14:42:28","date_gmt":"2020-05-10T17:42:28","guid":{"rendered":"http:\/\/noticiasemdestaque.com\/cd\/?p=24783"},"modified":"2020-05-10T14:42:28","modified_gmt":"2020-05-10T17:42:28","slug":"mensagem-do-prefeito-inacio-nobrega-a-todas-as-maes-amparenses","status":"publish","type":"post","link":"https:\/\/noticiasemdestaque.com\/cd\/?p=24783","title":{"rendered":"Mensagem do Prefeito In\u00e1cio N\u00f3brega a todas as m\u00e3es Amparenses"},"content":{"rendered":"<p><a href=\"https:\/\/noticiasemdestaque.com\/cd\/wp-content\/uploads\/2020\/05\/IN\u00c1CIO-N\u00d3BREGA-PREFEITO-DE-AMPARO-PB.jpg\"><img fetchpriority=\"high\" decoding=\"async\" class=\"wp-image-24784 aligncenter\" src=\"https:\/\/noticiasemdestaque.com\/cd\/wp-content\/uploads\/2020\/05\/IN\u00c1CIO-N\u00d3BREGA-PREFEITO-DE-AMPARO-PB.jpg\" alt=\"\" width=\"515\" height=\"341\" srcset=\"https:\/\/noticiasemdestaque.com\/cd\/wp-content\/uploads\/2020\/05\/IN\u00c1CIO-N\u00d3BREGA-PREFEITO-DE-AMPARO-PB.jpg 640w, https:\/\/noticiasemdestaque.com\/cd\/wp-content\/uploads\/2020\/05\/IN\u00c1CIO-N\u00d3BREGA-PREFEITO-DE-AMPARO-PB-300x199.jpg 300w\" sizes=\"(max-width: 515px) 100vw, 515px\" \/><\/a><\/p>\n<p style=\"font-weight: 400;\">Mensagem do Prefeito In\u00e1cio N\u00f3brega a todas as m\u00e3es Amparenses:<\/p>\n<p style=\"font-weight: 400;\"><em>\u201cSer m\u00e3e \u00e9 uma b\u00ean\u00e7\u00e3o de Deus, mas tamb\u00e9m \u00e9 uma grande responsabilidade. Muitas m\u00e3es esquecem isso, mas certamente voc\u00ea sempre teve essa no\u00e7\u00e3o.<\/em><\/p>\n<p style=\"font-weight: 400;\"><em>Deus me formou dentro da sua barriga, e entregou a minha vida para que voc\u00ea pudesse cuidar dela da melhor maneira poss\u00edvel. Todos os dias, voc\u00ea tem feito isso mesmo. Querida m\u00e3e, voc\u00ea n\u00e3o \u00e9 perfeita, mas mesmo com as suas falhas e defeitos, a tua instru\u00e7\u00e3o e o teu carinho fazem com que hoje eu seja uma pessoa melhor.<\/em><\/p>\n<p style=\"font-weight: 400;\"><em>Feliz dia das m\u00e3es para todas as m\u00e3es Amparenses!\u201d<\/em><\/p>\n<p style=\"font-weight: 400;\">In\u00e1cio N\u00f3brega, Prefeito<\/p>\n","protected":false},"excerpt":{"rendered":"<p>Mensagem do Prefeito In\u00e1cio N\u00f3brega a todas as m\u00e3es Amparenses: \u201cSer m\u00e3e \u00e9 uma b\u00ean\u00e7\u00e3o de Deus, mas tamb\u00e9m \u00e9 uma grande responsabilidade. Muitas m\u00e3es esquecem isso, mas certamente voc\u00ea sempre teve essa no\u00e7\u00e3o. Deus me formou dentro da sua barriga, e entregou a minha vida para que voc\u00ea pudesse cuidar dela da melhor maneira poss\u00edvel. Todos os dias, voc\u00ea tem feito isso mesmo. Querida m\u00e3e, voc\u00ea n\u00e3o \u00e9 perfeita, mas mesmo com as suas falhas e defeitos, a tua instru\u00e7\u00e3o e o teu carinho fazem com que hoje eu seja uma pessoa melhor. Feliz dia das m\u00e3es para todas as m\u00e3es Amparenses!\u201d In\u00e1cio N\u00f3brega, Prefeito<\/p>\n","protected":false},"author":2,"featured_media":24784,"comment_status":"closed","ping_status":"open","sticky":false,"template":"","format":"standard","meta":{"_eb_attr":"","_jetpack_memberships_contains_paid_content":false,"footnotes":""},"categories":[4],"tags":[],"class_list":["post-24783","post","type-post","status-publish","format-standard","has-post-thumbnail","hentry","category-politica"],"yoast_head":"<!-- This site is optimized with the Yoast SEO plugin v26.5 - https:\/\/yoast.com\/wordpress\/plugins\/seo\/ -->\n<title>Mensagem do Prefeito In\u00e1cio N\u00f3brega a todas as m\u00e3es Amparenses - Not&iacute;cias em Destaque<\/title>\n<meta name=\"robots\" content=\"index, follow, max-snippet:-1, max-image-preview:large, max-video-preview:-1\" \/>\n<link rel=\"canonical\" href=\"https:\/\/noticiasemdestaque.com\/cd\/?p=24783\" \/>\n<meta property=\"og:locale\" content=\"pt_BR\" \/>\n<meta property=\"og:type\" content=\"article\" \/>\n<meta property=\"og:title\" content=\"Mensagem do Prefeito In\u00e1cio N\u00f3brega a todas as m\u00e3es Amparenses - Not&iacute;cias em Destaque\" \/>\n<meta property=\"og:description\" content=\"Mensagem do Prefeito In\u00e1cio N\u00f3brega a todas as m\u00e3es Amparenses: \u201cSer m\u00e3e \u00e9 uma b\u00ean\u00e7\u00e3o de Deus, mas tamb\u00e9m \u00e9 uma grande responsabilidade. Muitas m\u00e3es esquecem isso, mas certamente voc\u00ea sempre teve essa no\u00e7\u00e3o. Deus me formou dentro da sua barriga, e entregou a minha vida para que voc\u00ea pudesse cuidar dela da melhor maneira poss\u00edvel. Todos os dias, voc\u00ea tem feito isso mesmo. Querida m\u00e3e, voc\u00ea n\u00e3o \u00e9 perfeita, mas mesmo com as suas falhas e defeitos, a tua instru\u00e7\u00e3o e o teu carinho fazem com que hoje eu seja uma pessoa melhor. Feliz dia das m\u00e3es para todas as m\u00e3es Amparenses!\u201d In\u00e1cio N\u00f3brega, Prefeito\" \/>\n<meta property=\"og:url\" content=\"https:\/\/noticiasemdestaque.com\/cd\/?p=24783\" \/>\n<meta property=\"og:site_name\" content=\"Not&iacute;cias em Destaque\" \/>\n<meta property=\"article:published_time\" content=\"2020-05-10T17:42:28+00:00\" \/>\n<meta property=\"og:image\" content=\"https:\/\/noticiasemdestaque.com\/cd\/wp-content\/uploads\/2020\/05\/IN\u00c1CIO-N\u00d3BREGA-PREFEITO-DE-AMPARO-PB.jpg\" \/>\n\t<meta property=\"og:image:width\" content=\"640\" \/>\n\t<meta property=\"og:image:height\" content=\"424\" \/>\n\t<meta property=\"og:image:type\" content=\"image\/jpeg\" \/>\n<meta name=\"author\" content=\"Not\u00edcias em Destaque\" \/>\n<meta name=\"twitter:card\" content=\"summary_large_image\" \/>\n<meta name=\"twitter:label1\" content=\"Escrito por\" \/>\n\t<meta name=\"twitter:data1\" content=\"Not\u00edcias em Destaque\" \/>\n\t<meta name=\"twitter:label2\" content=\"Est. tempo de leitura\" \/>\n\t<meta name=\"twitter:data2\" content=\"1 minuto\" \/>\n<script type=\"application\/ld+json\" class=\"yoast-schema-graph\">{\"@context\":\"https:\/\/schema.org\",\"@graph\":[{\"@type\":\"Article\",\"@id\":\"https:\/\/noticiasemdestaque.com\/cd\/?p=24783#article\",\"isPartOf\":{\"@id\":\"https:\/\/noticiasemdestaque.com\/cd\/?p=24783\"},\"author\":{\"name\":\"Not\u00edcias em Destaque\",\"@id\":\"https:\/\/noticiasemdestaque.com\/cd\/#\/schema\/person\/4a81fb71f77579d059c3045891fa1786\"},\"headline\":\"Mensagem do Prefeito In\u00e1cio N\u00f3brega a todas as m\u00e3es Amparenses\",\"datePublished\":\"2020-05-10T17:42:28+00:00\",\"mainEntityOfPage\":{\"@id\":\"https:\/\/noticiasemdestaque.com\/cd\/?p=24783\"},\"wordCount\":133,\"publisher\":{\"@id\":\"https:\/\/noticiasemdestaque.com\/cd\/#organization\"},\"image\":{\"@id\":\"https:\/\/noticiasemdestaque.com\/cd\/?p=24783#primaryimage\"},\"thumbnailUrl\":\"https:\/\/noticiasemdestaque.com\/cd\/wp-content\/uploads\/2020\/05\/IN\u00c1CIO-N\u00d3BREGA-PREFEITO-DE-AMPARO-PB.jpg\",\"articleSection\":[\"Pol\u00edtica\"],\"inLanguage\":\"pt-BR\"},{\"@type\":\"WebPage\",\"@id\":\"https:\/\/noticiasemdestaque.com\/cd\/?p=24783\",\"url\":\"https:\/\/noticiasemdestaque.com\/cd\/?p=24783\",\"name\":\"Mensagem do Prefeito In\u00e1cio N\u00f3brega a todas as m\u00e3es Amparenses - Not&iacute;cias em Destaque\",\"isPartOf\":{\"@id\":\"https:\/\/noticiasemdestaque.com\/cd\/#website\"},\"primaryImageOfPage\":{\"@id\":\"https:\/\/noticiasemdestaque.com\/cd\/?p=24783#primaryimage\"},\"image\":{\"@id\":\"https:\/\/noticiasemdestaque.com\/cd\/?p=24783#primaryimage\"},\"thumbnailUrl\":\"https:\/\/noticiasemdestaque.com\/cd\/wp-content\/uploads\/2020\/05\/IN\u00c1CIO-N\u00d3BREGA-PREFEITO-DE-AMPARO-PB.jpg\",\"datePublished\":\"2020-05-10T17:42:28+00:00\",\"breadcrumb\":{\"@id\":\"https:\/\/noticiasemdestaque.com\/cd\/?p=24783#breadcrumb\"},\"inLanguage\":\"pt-BR\",\"potentialAction\":[{\"@type\":\"ReadAction\",\"target\":[\"https:\/\/noticiasemdestaque.com\/cd\/?p=24783\"]}]},{\"@type\":\"ImageObject\",\"inLanguage\":\"pt-BR\",\"@id\":\"https:\/\/noticiasemdestaque.com\/cd\/?p=24783#primaryimage\",\"url\":\"https:\/\/noticiasemdestaque.com\/cd\/wp-content\/uploads\/2020\/05\/IN\u00c1CIO-N\u00d3BREGA-PREFEITO-DE-AMPARO-PB.jpg\",\"contentUrl\":\"https:\/\/noticiasemdestaque.com\/cd\/wp-content\/uploads\/2020\/05\/IN\u00c1CIO-N\u00d3BREGA-PREFEITO-DE-AMPARO-PB.jpg\",\"width\":640,\"height\":424},{\"@type\":\"BreadcrumbList\",\"@id\":\"https:\/\/noticiasemdestaque.com\/cd\/?p=24783#breadcrumb\",\"itemListElement\":[{\"@type\":\"ListItem\",\"position\":1,\"name\":\"In\u00edcio\",\"item\":\"https:\/\/noticiasemdestaque.com\/cd\/\"},{\"@type\":\"ListItem\",\"position\":2,\"name\":\"Mensagem do Prefeito In\u00e1cio N\u00f3brega a todas as m\u00e3es Amparenses\"}]},{\"@type\":\"WebSite\",\"@id\":\"https:\/\/noticiasemdestaque.com\/cd\/#website\",\"url\":\"https:\/\/noticiasemdestaque.com\/cd\/\",\"name\":\"Not&iacute;cias em Destaque\",\"description\":\"\",\"publisher\":{\"@id\":\"https:\/\/noticiasemdestaque.com\/cd\/#organization\"},\"potentialAction\":[{\"@type\":\"SearchAction\",\"target\":{\"@type\":\"EntryPoint\",\"urlTemplate\":\"https:\/\/noticiasemdestaque.com\/cd\/?s={search_term_string}\"},\"query-input\":{\"@type\":\"PropertyValueSpecification\",\"valueRequired\":true,\"valueName\":\"search_term_string\"}}],\"inLanguage\":\"pt-BR\"},{\"@type\":\"Organization\",\"@id\":\"https:\/\/noticiasemdestaque.com\/cd\/#organization\",\"name\":\"Not\u00edcias em Destaque\",\"url\":\"https:\/\/noticiasemdestaque.com\/cd\/\",\"logo\":{\"@type\":\"ImageObject\",\"inLanguage\":\"pt-BR\",\"@id\":\"https:\/\/noticiasemdestaque.com\/cd\/#\/schema\/logo\/image\/\",\"url\":\"https:\/\/noticiasemdestaque.com\/cd\/wp-content\/uploads\/2022\/05\/imagem-base-noticiasemdestaque.png\",\"contentUrl\":\"https:\/\/noticiasemdestaque.com\/cd\/wp-content\/uploads\/2022\/05\/imagem-base-noticiasemdestaque.png\",\"width\":1200,\"height\":630,\"caption\":\"Not\u00edcias em Destaque\"},\"image\":{\"@id\":\"https:\/\/noticiasemdestaque.com\/cd\/#\/schema\/logo\/image\/\"}},{\"@type\":\"Person\",\"@id\":\"https:\/\/noticiasemdestaque.com\/cd\/#\/schema\/person\/4a81fb71f77579d059c3045891fa1786\",\"name\":\"Not\u00edcias em Destaque\",\"url\":\"https:\/\/noticiasemdestaque.com\/cd\/?author=2\"}]}<\/script>\n<!-- \/ Yoast SEO plugin. -->","yoast_head_json":{"title":"Mensagem do Prefeito In\u00e1cio N\u00f3brega a todas as m\u00e3es Amparenses - Not&iacute;cias em Destaque","robots":{"index":"index","follow":"follow","max-snippet":"max-snippet:-1","max-image-preview":"max-image-preview:large","max-video-preview":"max-video-preview:-1"},"canonical":"https:\/\/noticiasemdestaque.com\/cd\/?p=24783","og_locale":"pt_BR","og_type":"article","og_title":"Mensagem do Prefeito In\u00e1cio N\u00f3brega a todas as m\u00e3es Amparenses - Not&iacute;cias em Destaque","og_description":"Mensagem do Prefeito In\u00e1cio N\u00f3brega a todas as m\u00e3es Amparenses: \u201cSer m\u00e3e \u00e9 uma b\u00ean\u00e7\u00e3o de Deus, mas tamb\u00e9m \u00e9 uma grande responsabilidade. Muitas m\u00e3es esquecem isso, mas certamente voc\u00ea sempre teve essa no\u00e7\u00e3o. Deus me formou dentro da sua barriga, e entregou a minha vida para que voc\u00ea pudesse cuidar dela da melhor maneira poss\u00edvel. Todos os dias, voc\u00ea tem feito isso mesmo. Querida m\u00e3e, voc\u00ea n\u00e3o \u00e9 perfeita, mas mesmo com as suas falhas e defeitos, a tua instru\u00e7\u00e3o e o teu carinho fazem com que hoje eu seja uma pessoa melhor. Feliz dia das m\u00e3es para todas as m\u00e3es Amparenses!\u201d In\u00e1cio N\u00f3brega, Prefeito","og_url":"https:\/\/noticiasemdestaque.com\/cd\/?p=24783","og_site_name":"Not&iacute;cias em Destaque","article_published_time":"2020-05-10T17:42:28+00:00","og_image":[{"width":640,"height":424,"url":"https:\/\/noticiasemdestaque.com\/cd\/wp-content\/uploads\/2020\/05\/IN\u00c1CIO-N\u00d3BREGA-PREFEITO-DE-AMPARO-PB.jpg","type":"image\/jpeg"}],"author":"Not\u00edcias em Destaque","twitter_card":"summary_large_image","twitter_misc":{"Escrito por":"Not\u00edcias em Destaque","Est. tempo de leitura":"1 minuto"},"schema":{"@context":"https:\/\/schema.org","@graph":[{"@type":"Article","@id":"https:\/\/noticiasemdestaque.com\/cd\/?p=24783#article","isPartOf":{"@id":"https:\/\/noticiasemdestaque.com\/cd\/?p=24783"},"author":{"name":"Not\u00edcias em Destaque","@id":"https:\/\/noticiasemdestaque.com\/cd\/#\/schema\/person\/4a81fb71f77579d059c3045891fa1786"},"headline":"Mensagem do Prefeito In\u00e1cio N\u00f3brega a todas as m\u00e3es Amparenses","datePublished":"2020-05-10T17:42:28+00:00","mainEntityOfPage":{"@id":"https:\/\/noticiasemdestaque.com\/cd\/?p=24783"},"wordCount":133,"publisher":{"@id":"https:\/\/noticiasemdestaque.com\/cd\/#organization"},"image":{"@id":"https:\/\/noticiasemdestaque.com\/cd\/?p=24783#primaryimage"},"thumbnailUrl":"https:\/\/noticiasemdestaque.com\/cd\/wp-content\/uploads\/2020\/05\/IN\u00c1CIO-N\u00d3BREGA-PREFEITO-DE-AMPARO-PB.jpg","articleSection":["Pol\u00edtica"],"inLanguage":"pt-BR"},{"@type":"WebPage","@id":"https:\/\/noticiasemdestaque.com\/cd\/?p=24783","url":"https:\/\/noticiasemdestaque.com\/cd\/?p=24783","name":"Mensagem do Prefeito In\u00e1cio N\u00f3brega a todas as m\u00e3es Amparenses - Not&iacute;cias em Destaque","isPartOf":{"@id":"https:\/\/noticiasemdestaque.com\/cd\/#website"},"primaryImageOfPage":{"@id":"https:\/\/noticiasemdestaque.com\/cd\/?p=24783#primaryimage"},"image":{"@id":"https:\/\/noticiasemdestaque.com\/cd\/?p=24783#primaryimage"},"thumbnailUrl":"https:\/\/noticiasemdestaque.com\/cd\/wp-content\/uploads\/2020\/05\/IN\u00c1CIO-N\u00d3BREGA-PREFEITO-DE-AMPARO-PB.jpg","datePublished":"2020-05-10T17:42:28+00:00","breadcrumb":{"@id":"https:\/\/noticiasemdestaque.com\/cd\/?p=24783#breadcrumb"},"inLanguage":"pt-BR","potentialAction":[{"@type":"ReadAction","target":["https:\/\/noticiasemdestaque.com\/cd\/?p=24783"]}]},{"@type":"ImageObject","inLanguage":"pt-BR","@id":"https:\/\/noticiasemdestaque.com\/cd\/?p=24783#primaryimage","url":"https:\/\/noticiasemdestaque.com\/cd\/wp-content\/uploads\/2020\/05\/IN\u00c1CIO-N\u00d3BREGA-PREFEITO-DE-AMPARO-PB.jpg","contentUrl":"https:\/\/noticiasemdestaque.com\/cd\/wp-content\/uploads\/2020\/05\/IN\u00c1CIO-N\u00d3BREGA-PREFEITO-DE-AMPARO-PB.jpg","width":640,"height":424},{"@type":"BreadcrumbList","@id":"https:\/\/noticiasemdestaque.com\/cd\/?p=24783#breadcrumb","itemListElement":[{"@type":"ListItem","position":1,"name":"In\u00edcio","item":"https:\/\/noticiasemdestaque.com\/cd\/"},{"@type":"ListItem","position":2,"name":"Mensagem do Prefeito In\u00e1cio N\u00f3brega a todas as m\u00e3es Amparenses"}]},{"@type":"WebSite","@id":"https:\/\/noticiasemdestaque.com\/cd\/#website","url":"https:\/\/noticiasemdestaque.com\/cd\/","name":"Not&iacute;cias em Destaque","description":"","publisher":{"@id":"https:\/\/noticiasemdestaque.com\/cd\/#organization"},"potentialAction":[{"@type":"SearchAction","target":{"@type":"EntryPoint","urlTemplate":"https:\/\/noticiasemdestaque.com\/cd\/?s={search_term_string}"},"query-input":{"@type":"PropertyValueSpecification","valueRequired":true,"valueName":"search_term_string"}}],"inLanguage":"pt-BR"},{"@type":"Organization","@id":"https:\/\/noticiasemdestaque.com\/cd\/#organization","name":"Not\u00edcias em Destaque","url":"https:\/\/noticiasemdestaque.com\/cd\/","logo":{"@type":"ImageObject","inLanguage":"pt-BR","@id":"https:\/\/noticiasemdestaque.com\/cd\/#\/schema\/logo\/image\/","url":"https:\/\/noticiasemdestaque.com\/cd\/wp-content\/uploads\/2022\/05\/imagem-base-noticiasemdestaque.png","contentUrl":"https:\/\/noticiasemdestaque.com\/cd\/wp-content\/uploads\/2022\/05\/imagem-base-noticiasemdestaque.png","width":1200,"height":630,"caption":"Not\u00edcias em Destaque"},"image":{"@id":"https:\/\/noticiasemdestaque.com\/cd\/#\/schema\/logo\/image\/"}},{"@type":"Person","@id":"https:\/\/noticiasemdestaque.com\/cd\/#\/schema\/person\/4a81fb71f77579d059c3045891fa1786","name":"Not\u00edcias em Destaque","url":"https:\/\/noticiasemdestaque.com\/cd\/?author=2"}]}},"jetpack_featured_media_url":"https:\/\/noticiasemdestaque.com\/cd\/wp-content\/uploads\/2020\/05\/IN\u00c1CIO-N\u00d3BREGA-PREFEITO-DE-AMPARO-PB.jpg","jetpack_sharing_enabled":true,"_links":{"self":[{"href":"https:\/\/noticiasemdestaque.com\/cd\/index.php?rest_route=\/wp\/v2\/posts\/24783","targetHints":{"allow":["GET"]}}],"collection":[{"href":"https:\/\/noticiasemdestaque.com\/cd\/index.php?rest_route=\/wp\/v2\/posts"}],"about":[{"href":"https:\/\/noticiasemdestaque.com\/cd\/index.php?rest_route=\/wp\/v2\/types\/post"}],"author":[{"embeddable":true,"href":"https:\/\/noticiasemdestaque.com\/cd\/index.php?rest_route=\/wp\/v2\/users\/2"}],"replies":[{"embeddable":true,"href":"https:\/\/noticiasemdestaque.com\/cd\/index.php?rest_route=%2Fwp%2Fv2%2Fcomments&post=24783"}],"version-history":[{"count":1,"href":"https:\/\/noticiasemdestaque.com\/cd\/index.php?rest_route=\/wp\/v2\/posts\/24783\/revisions"}],"predecessor-version":[{"id":24785,"href":"https:\/\/noticiasemdestaque.com\/cd\/index.php?rest_route=\/wp\/v2\/posts\/24783\/revisions\/24785"}],"wp:featuredmedia":[{"embeddable":true,"href":"https:\/\/noticiasemdestaque.com\/cd\/index.php?rest_route=\/wp\/v2\/media\/24784"}],"wp:attachment":[{"href":"https:\/\/noticiasemdestaque.com\/cd\/index.php?rest_route=%2Fwp%2Fv2%2Fmedia&parent=24783"}],"wp:term":[{"taxonomy":"category","embeddable":true,"href":"https:\/\/noticiasemdestaque.com\/cd\/index.php?rest_route=%2Fwp%2Fv2%2Fcategories&post=24783"},{"taxonomy":"post_tag","embeddable":true,"href":"https:\/\/noticiasemdestaque.com\/cd\/index.php?rest_route=%2Fwp%2Fv2%2Ftags&post=24783"}],"curies":[{"name":"wp","href":"https:\/\/api.w.org\/{rel}","templated":true}]}}